{"id":15807,"date":"2018-08-26T11:42:00","date_gmt":"2018-08-26T14:42:00","guid":{"rendered":"http:\/\/www.eldiariodetucuman.com\/web\/andres-%c2%93cuervo%c2%94-larroque-%c2%93-buscan-quebrar-al-pueblo-y-a-los-dirigentes%c2%94\/"},"modified":"2018-08-26T11:42:02","modified_gmt":"2018-08-26T14:42:02","slug":"andres-%c2%93cuervo%c2%94-larroque-%c2%93-buscan-quebrar-al-pueblo-y-a-los-dirigentes%c2%94","status":"publish","type":"post","link":"https:\/\/www.eldiariodetucuman.com\/web\/andres-%c2%93cuervo%c2%94-larroque-%c2%93-buscan-quebrar-al-pueblo-y-a-los-dirigentes%c2%94\/","title":{"rendered":"Andr\u00e9s \u0093Cuervo\u0094 Larroque: \u0093 Buscan quebrar al pueblo y a los dirigentes\u0094"},"content":{"rendered":"<div>\n<div readability=\"55.186721991701\">\n<p>Andr\u00e9s \u00abCuervo\u00bb Larroque, secretario general de <a href=\"https:\/\/www.elintransigente.com\/noticias\/buscar\/?buscar=la+campora\">La C\u00e1mpora<\/a> y diputado nacional por la Ciudad de Buenos Aires, se refiri\u00f3 esta tarde durante el acto K realizado en el estadio de Ferro, a la investigaci\u00f3n de la justicia en torno a los cuadernos que dan detalles de las coimas pagadas por empresarios durante los gobiernos de N\u00e9stor y <a href=\"https:\/\/www.elintransigente.com\/noticias\/buscar\/?buscar=cristina+Kirchner\">Cristina Kirchner<\/a>.<\/p>\n<p>El dirigente arremeti\u00f3 diciendo que: \u00abVan contra esa dirigente que no se quiebra, que no se dobla, y que defiende al conjunto del pueblo argentino.\u00a0Buscan quebrar al pueblo y a los dirigentes. Buscan arrepentidos por todos lados, pero ac\u00e1 no se arrepiente nadie\u00bb.\u00a0<\/p>\n<aside class=\"htmlinline \"><ins class=\"adsbygoogle\" data-ad-layout=\"in-article\" data-ad-format=\"fluid\" data-ad-client=\"ca-pub-7781556717282971\" data-ad-slot=\"9383133609\"><\/ins><br \/>\n<\/aside>\n<p>Adem\u00e1s Larroque pidi\u00f3 a la militancia \u00aborganizar la esperanza\u00bb y salir a \u00abganar las calles\u00bb. Y sentenci\u00f3: \u00abHay Patria, hay esperanza y hay 2019\u00bb.\u00a0<\/p>\n<p>El acto \u00a0hab\u00eda sido organizado por Alberto Rodr\u00edguez Sa\u00e1 con el objetivo de lanzar la campa\u00f1a electoral del a\u00f1o pr\u00f3ximo, bajo el lema &#8220;Hay 2019&#8221;, y durante esta semana se convirti\u00f3 en una convocatoria del kirchnerismo duro para defender a Cristina en el marco de las investigaciones por\u00a0corrupci\u00f3n.<\/p>\n<p>El evento cont\u00f3 con la presencia de figuras emblem\u00e1ticas del gobierno kirchnerista, \u00a0como el diputado y ex ministro de Econom\u00eda, Axel Kicillof, el ex ministro de Trabajo y actual legislador Carlos Tomada, la diputada nacional Fernanda Vallejos y el sindicalista de la CTA Hugo Yasky.\u00a0<\/p>\n<p>Cabe recordar que Larroque, hace d\u00edas atr\u00e1s, hab\u00eda sido mencionado por Mart\u00edn Larraburu, el ex secretario privado del ex jefe de Gabinete del kirchnerismo, Juan Manuel Abal Medina, en la causa de los cuadernos de las coimas.<\/p>\n<p>En su declaraci\u00f3n ante el juez Bonadio, Larraburu sostuvo que el dinero negro que Abal Medina recibi\u00f3 de los empresarios que financiaban las campa\u00f1as pol\u00edticas del kirchnerismo era manejado por los l\u00edderes de La C\u00e1mpora que integraban \u00a0Andr\u00e9s &#8220;Cuervo&#8221; Larroque, Jos\u00e9 Ottavis, \u00abRodra\u00bb Rodr\u00edguez y Hern\u00e1n Reibel<\/p>\n<\/div>\n<\/div>\n<p>Fuente: https:\/\/www.elintransigente.com\/politica\/2018\/8\/25\/andres-cuervo-larroque-buscan-quebrar-al-pueblo-los-dirigentes-507664.html<\/p>\n","protected":false},"excerpt":{"rendered":"<p>Andr\u00e9s \u00abCuervo\u00bb Larroque, secretario general de La C\u00e1mpora y diputado nacional por la Ciudad de Buenos Aires, se refiri\u00f3 esta tarde durante el acto K realizado en el estadio de Ferro, a la investigaci\u00f3n de la justicia en torno a los cuadernos que dan detalles de las coimas pagadas por empresarios durante los gobiernos de [&hellip;]<\/p>\n","protected":false},"author":1,"featured_media":15808,"comment_status":"open","ping_status":"closed","sticky":false,"template":"","format":"standard","meta":{"footnotes":""},"categories":[1],"tags":[],"class_list":{"0":"post-15807","1":"post","2":"type-post","3":"status-publish","4":"format-standard","5":"has-post-thumbnail","7":"category-portada"},"yoast_head":"<!-- This site is optimized with the Yoast SEO plugin v27.4 - https:\/\/yoast.com\/product\/yoast-seo-wordpress\/ -->\n<title>Andr\u00e9s \u0093Cuervo\u0094 Larroque: \u0093 Buscan quebrar al pueblo y a los dirigentes\u0094 - El Diario de Tucuman<\/title>\n<meta name=\"robots\" content=\"index, follow, max-snippet:-1, max-image-preview:large, max-video-preview:-1\" \/>\n<link rel=\"canonical\" href=\"https:\/\/www.eldiariodetucuman.com\/web\/andres-\u0093cuervo\u0094-larroque-\u0093-buscan-quebrar-al-pueblo-y-a-los-dirigentes\u0094\/\" \/>\n<meta property=\"og:locale\" content=\"es_ES\" \/>\n<meta property=\"og:type\" content=\"article\" \/>\n<meta property=\"og:title\" content=\"Andr\u00e9s \u0093Cuervo\u0094 Larroque: \u0093 Buscan quebrar al pueblo y a los dirigentes\u0094 - El Diario de Tucuman\" \/>\n<meta property=\"og:description\" content=\"Andr\u00e9s \u00abCuervo\u00bb Larroque, secretario general de La C\u00e1mpora y diputado nacional por la Ciudad de Buenos Aires, se refiri\u00f3 esta tarde durante el acto K realizado en el estadio de Ferro, a la investigaci\u00f3n de la justicia en torno a los cuadernos que dan detalles de las coimas pagadas por empresarios durante los gobiernos de [&hellip;]\" \/>\n<meta property=\"og:url\" content=\"https:\/\/www.eldiariodetucuman.com\/web\/andres-\u0093cuervo\u0094-larroque-\u0093-buscan-quebrar-al-pueblo-y-a-los-dirigentes\u0094\/\" \/>\n<meta property=\"og:site_name\" content=\"El Diario de Tucuman\" \/>\n<meta property=\"article:published_time\" content=\"2018-08-26T14:42:00+00:00\" \/>\n<meta property=\"article:modified_time\" content=\"2018-08-26T14:42:02+00:00\" \/>\n<meta property=\"og:image\" content=\"https:\/\/www.eldiariodetucuman.com\/web\/wp-content\/uploads\/2018\/08\/958a70d3c30af5a1b2e40ab794653941.jpeg\" \/>\n\t<meta property=\"og:image:width\" content=\"960\" \/>\n\t<meta property=\"og:image:height\" content=\"613\" \/>\n\t<meta property=\"og:image:type\" content=\"image\/jpeg\" \/>\n<meta name=\"author\" content=\"admin\" \/>\n<meta name=\"twitter:card\" content=\"summary_large_image\" \/>\n<meta name=\"twitter:label1\" content=\"Escrito por\" \/>\n\t<meta name=\"twitter:data1\" content=\"admin\" \/>\n\t<meta name=\"twitter:label2\" content=\"Tiempo de lectura\" \/>\n\t<meta name=\"twitter:data2\" content=\"2 minutos\" \/>\n<script type=\"application\/ld+json\" class=\"yoast-schema-graph\">{\"@context\":\"https:\\\/\\\/schema.org\",\"@graph\":[{\"@type\":\"Article\",\"@id\":\"https:\\\/\\\/www.eldiariodetucuman.com\\\/web\\\/andres-%c2%93cuervo%c2%94-larroque-%c2%93-buscan-quebrar-al-pueblo-y-a-los-dirigentes%c2%94\\\/#article\",\"isPartOf\":{\"@id\":\"https:\\\/\\\/www.eldiariodetucuman.com\\\/web\\\/andres-%c2%93cuervo%c2%94-larroque-%c2%93-buscan-quebrar-al-pueblo-y-a-los-dirigentes%c2%94\\\/\"},\"author\":{\"name\":\"admin\",\"@id\":\"https:\\\/\\\/www.eldiariodetucuman.com\\\/web\\\/#\\\/schema\\\/person\\\/9250197d75ab5483412e19678b121caa\"},\"headline\":\"Andr\u00e9s \u0093Cuervo\u0094 Larroque: \u0093 Buscan quebrar al pueblo y a los dirigentes\u0094\",\"datePublished\":\"2018-08-26T14:42:00+00:00\",\"dateModified\":\"2018-08-26T14:42:02+00:00\",\"mainEntityOfPage\":{\"@id\":\"https:\\\/\\\/www.eldiariodetucuman.com\\\/web\\\/andres-%c2%93cuervo%c2%94-larroque-%c2%93-buscan-quebrar-al-pueblo-y-a-los-dirigentes%c2%94\\\/\"},\"wordCount\":348,\"commentCount\":0,\"publisher\":{\"@id\":\"https:\\\/\\\/www.eldiariodetucuman.com\\\/web\\\/#organization\"},\"image\":{\"@id\":\"https:\\\/\\\/www.eldiariodetucuman.com\\\/web\\\/andres-%c2%93cuervo%c2%94-larroque-%c2%93-buscan-quebrar-al-pueblo-y-a-los-dirigentes%c2%94\\\/#primaryimage\"},\"thumbnailUrl\":\"https:\\\/\\\/www.eldiariodetucuman.com\\\/web\\\/wp-content\\\/uploads\\\/2018\\\/08\\\/958a70d3c30af5a1b2e40ab794653941.jpeg\",\"articleSection\":[\"Portada\"],\"inLanguage\":\"es\",\"potentialAction\":[{\"@type\":\"CommentAction\",\"name\":\"Comment\",\"target\":[\"https:\\\/\\\/www.eldiariodetucuman.com\\\/web\\\/andres-%c2%93cuervo%c2%94-larroque-%c2%93-buscan-quebrar-al-pueblo-y-a-los-dirigentes%c2%94\\\/#respond\"]}]},{\"@type\":\"WebPage\",\"@id\":\"https:\\\/\\\/www.eldiariodetucuman.com\\\/web\\\/andres-%c2%93cuervo%c2%94-larroque-%c2%93-buscan-quebrar-al-pueblo-y-a-los-dirigentes%c2%94\\\/\",\"url\":\"https:\\\/\\\/www.eldiariodetucuman.com\\\/web\\\/andres-%c2%93cuervo%c2%94-larroque-%c2%93-buscan-quebrar-al-pueblo-y-a-los-dirigentes%c2%94\\\/\",\"name\":\"Andr\u00e9s \u0093Cuervo\u0094 Larroque: \u0093 Buscan quebrar al pueblo y a los dirigentes\u0094 - El Diario de Tucuman\",\"isPartOf\":{\"@id\":\"https:\\\/\\\/www.eldiariodetucuman.com\\\/web\\\/#website\"},\"primaryImageOfPage\":{\"@id\":\"https:\\\/\\\/www.eldiariodetucuman.com\\\/web\\\/andres-%c2%93cuervo%c2%94-larroque-%c2%93-buscan-quebrar-al-pueblo-y-a-los-dirigentes%c2%94\\\/#primaryimage\"},\"image\":{\"@id\":\"https:\\\/\\\/www.eldiariodetucuman.com\\\/web\\\/andres-%c2%93cuervo%c2%94-larroque-%c2%93-buscan-quebrar-al-pueblo-y-a-los-dirigentes%c2%94\\\/#primaryimage\"},\"thumbnailUrl\":\"https:\\\/\\\/www.eldiariodetucuman.com\\\/web\\\/wp-content\\\/uploads\\\/2018\\\/08\\\/958a70d3c30af5a1b2e40ab794653941.jpeg\",\"datePublished\":\"2018-08-26T14:42:00+00:00\",\"dateModified\":\"2018-08-26T14:42:02+00:00\",\"breadcrumb\":{\"@id\":\"https:\\\/\\\/www.eldiariodetucuman.com\\\/web\\\/andres-%c2%93cuervo%c2%94-larroque-%c2%93-buscan-quebrar-al-pueblo-y-a-los-dirigentes%c2%94\\\/#breadcrumb\"},\"inLanguage\":\"es\",\"potentialAction\":[{\"@type\":\"ReadAction\",\"target\":[\"https:\\\/\\\/www.eldiariodetucuman.com\\\/web\\\/andres-%c2%93cuervo%c2%94-larroque-%c2%93-buscan-quebrar-al-pueblo-y-a-los-dirigentes%c2%94\\\/\"]}]},{\"@type\":\"ImageObject\",\"inLanguage\":\"es\",\"@id\":\"https:\\\/\\\/www.eldiariodetucuman.com\\\/web\\\/andres-%c2%93cuervo%c2%94-larroque-%c2%93-buscan-quebrar-al-pueblo-y-a-los-dirigentes%c2%94\\\/#primaryimage\",\"url\":\"https:\\\/\\\/www.eldiariodetucuman.com\\\/web\\\/wp-content\\\/uploads\\\/2018\\\/08\\\/958a70d3c30af5a1b2e40ab794653941.jpeg\",\"contentUrl\":\"https:\\\/\\\/www.eldiariodetucuman.com\\\/web\\\/wp-content\\\/uploads\\\/2018\\\/08\\\/958a70d3c30af5a1b2e40ab794653941.jpeg\",\"width\":960,\"height\":613},{\"@type\":\"BreadcrumbList\",\"@id\":\"https:\\\/\\\/www.eldiariodetucuman.com\\\/web\\\/andres-%c2%93cuervo%c2%94-larroque-%c2%93-buscan-quebrar-al-pueblo-y-a-los-dirigentes%c2%94\\\/#breadcrumb\",\"itemListElement\":[{\"@type\":\"ListItem\",\"position\":1,\"name\":\"Portada\",\"item\":\"https:\\\/\\\/www.eldiariodetucuman.com\\\/web\\\/\"},{\"@type\":\"ListItem\",\"position\":2,\"name\":\"Andr\u00e9s \u0093Cuervo\u0094 Larroque: \u0093 Buscan quebrar al pueblo y a los dirigentes\u0094\"}]},{\"@type\":\"WebSite\",\"@id\":\"https:\\\/\\\/www.eldiariodetucuman.com\\\/web\\\/#website\",\"url\":\"https:\\\/\\\/www.eldiariodetucuman.com\\\/web\\\/\",\"name\":\"El Diario de Tucuman\",\"description\":\"Diario Tucuman - Informaci\u00f3n y noticias\",\"publisher\":{\"@id\":\"https:\\\/\\\/www.eldiariodetucuman.com\\\/web\\\/#organization\"},\"potentialAction\":[{\"@type\":\"SearchAction\",\"target\":{\"@type\":\"EntryPoint\",\"urlTemplate\":\"https:\\\/\\\/www.eldiariodetucuman.com\\\/web\\\/?s={search_term_string}\"},\"query-input\":{\"@type\":\"PropertyValueSpecification\",\"valueRequired\":true,\"valueName\":\"search_term_string\"}}],\"inLanguage\":\"es\"},{\"@type\":\"Organization\",\"@id\":\"https:\\\/\\\/www.eldiariodetucuman.com\\\/web\\\/#organization\",\"name\":\"El Diario de Tucuman\",\"url\":\"https:\\\/\\\/www.eldiariodetucuman.com\\\/web\\\/\",\"logo\":{\"@type\":\"ImageObject\",\"inLanguage\":\"es\",\"@id\":\"https:\\\/\\\/www.eldiariodetucuman.com\\\/web\\\/#\\\/schema\\\/logo\\\/image\\\/\",\"url\":\"http:\\\/\\\/www.eldiariodetucuman.com\\\/web\\\/wp-content\\\/uploads\\\/2017\\\/12\\\/el-diario-de-tucuman.jpg\",\"contentUrl\":\"http:\\\/\\\/www.eldiariodetucuman.com\\\/web\\\/wp-content\\\/uploads\\\/2017\\\/12\\\/el-diario-de-tucuman.jpg\",\"width\":272,\"height\":92,\"caption\":\"El Diario de Tucuman\"},\"image\":{\"@id\":\"https:\\\/\\\/www.eldiariodetucuman.com\\\/web\\\/#\\\/schema\\\/logo\\\/image\\\/\"}},{\"@type\":\"Person\",\"@id\":\"https:\\\/\\\/www.eldiariodetucuman.com\\\/web\\\/#\\\/schema\\\/person\\\/9250197d75ab5483412e19678b121caa\",\"name\":\"admin\",\"image\":{\"@type\":\"ImageObject\",\"inLanguage\":\"es\",\"@id\":\"https:\\\/\\\/secure.gravatar.com\\\/avatar\\\/c44d117c2be811212c22cb481f6b8384b6873de103fbc49e7a03cc58d7dea4ac?s=96&d=mm&r=g\",\"url\":\"https:\\\/\\\/secure.gravatar.com\\\/avatar\\\/c44d117c2be811212c22cb481f6b8384b6873de103fbc49e7a03cc58d7dea4ac?s=96&d=mm&r=g\",\"contentUrl\":\"https:\\\/\\\/secure.gravatar.com\\\/avatar\\\/c44d117c2be811212c22cb481f6b8384b6873de103fbc49e7a03cc58d7dea4ac?s=96&d=mm&r=g\",\"caption\":\"admin\"},\"url\":\"https:\\\/\\\/www.eldiariodetucuman.com\\\/web\\\/author\\\/admin\\\/\"}]}<\/script>\n<!-- \/ Yoast SEO plugin. -->","yoast_head_json":{"title":"Andr\u00e9s \u0093Cuervo\u0094 Larroque: \u0093 Buscan quebrar al pueblo y a los dirigentes\u0094 - El Diario de Tucuman","robots":{"index":"index","follow":"follow","max-snippet":"max-snippet:-1","max-image-preview":"max-image-preview:large","max-video-preview":"max-video-preview:-1"},"canonical":"https:\/\/www.eldiariodetucuman.com\/web\/andres-\u0093cuervo\u0094-larroque-\u0093-buscan-quebrar-al-pueblo-y-a-los-dirigentes\u0094\/","og_locale":"es_ES","og_type":"article","og_title":"Andr\u00e9s \u0093Cuervo\u0094 Larroque: \u0093 Buscan quebrar al pueblo y a los dirigentes\u0094 - El Diario de Tucuman","og_description":"Andr\u00e9s \u00abCuervo\u00bb Larroque, secretario general de La C\u00e1mpora y diputado nacional por la Ciudad de Buenos Aires, se refiri\u00f3 esta tarde durante el acto K realizado en el estadio de Ferro, a la investigaci\u00f3n de la justicia en torno a los cuadernos que dan detalles de las coimas pagadas por empresarios durante los gobiernos de [&hellip;]","og_url":"https:\/\/www.eldiariodetucuman.com\/web\/andres-\u0093cuervo\u0094-larroque-\u0093-buscan-quebrar-al-pueblo-y-a-los-dirigentes\u0094\/","og_site_name":"El Diario de Tucuman","article_published_time":"2018-08-26T14:42:00+00:00","article_modified_time":"2018-08-26T14:42:02+00:00","og_image":[{"width":960,"height":613,"url":"https:\/\/www.eldiariodetucuman.com\/web\/wp-content\/uploads\/2018\/08\/958a70d3c30af5a1b2e40ab794653941.jpeg","type":"image\/jpeg"}],"author":"admin","twitter_card":"summary_large_image","twitter_misc":{"Escrito por":"admin","Tiempo de lectura":"2 minutos"},"schema":{"@context":"https:\/\/schema.org","@graph":[{"@type":"Article","@id":"https:\/\/www.eldiariodetucuman.com\/web\/andres-%c2%93cuervo%c2%94-larroque-%c2%93-buscan-quebrar-al-pueblo-y-a-los-dirigentes%c2%94\/#article","isPartOf":{"@id":"https:\/\/www.eldiariodetucuman.com\/web\/andres-%c2%93cuervo%c2%94-larroque-%c2%93-buscan-quebrar-al-pueblo-y-a-los-dirigentes%c2%94\/"},"author":{"name":"admin","@id":"https:\/\/www.eldiariodetucuman.com\/web\/#\/schema\/person\/9250197d75ab5483412e19678b121caa"},"headline":"Andr\u00e9s \u0093Cuervo\u0094 Larroque: \u0093 Buscan quebrar al pueblo y a los dirigentes\u0094","datePublished":"2018-08-26T14:42:00+00:00","dateModified":"2018-08-26T14:42:02+00:00","mainEntityOfPage":{"@id":"https:\/\/www.eldiariodetucuman.com\/web\/andres-%c2%93cuervo%c2%94-larroque-%c2%93-buscan-quebrar-al-pueblo-y-a-los-dirigentes%c2%94\/"},"wordCount":348,"commentCount":0,"publisher":{"@id":"https:\/\/www.eldiariodetucuman.com\/web\/#organization"},"image":{"@id":"https:\/\/www.eldiariodetucuman.com\/web\/andres-%c2%93cuervo%c2%94-larroque-%c2%93-buscan-quebrar-al-pueblo-y-a-los-dirigentes%c2%94\/#primaryimage"},"thumbnailUrl":"https:\/\/www.eldiariodetucuman.com\/web\/wp-content\/uploads\/2018\/08\/958a70d3c30af5a1b2e40ab794653941.jpeg","articleSection":["Portada"],"inLanguage":"es","potentialAction":[{"@type":"CommentAction","name":"Comment","target":["https:\/\/www.eldiariodetucuman.com\/web\/andres-%c2%93cuervo%c2%94-larroque-%c2%93-buscan-quebrar-al-pueblo-y-a-los-dirigentes%c2%94\/#respond"]}]},{"@type":"WebPage","@id":"https:\/\/www.eldiariodetucuman.com\/web\/andres-%c2%93cuervo%c2%94-larroque-%c2%93-buscan-quebrar-al-pueblo-y-a-los-dirigentes%c2%94\/","url":"https:\/\/www.eldiariodetucuman.com\/web\/andres-%c2%93cuervo%c2%94-larroque-%c2%93-buscan-quebrar-al-pueblo-y-a-los-dirigentes%c2%94\/","name":"Andr\u00e9s \u0093Cuervo\u0094 Larroque: \u0093 Buscan quebrar al pueblo y a los dirigentes\u0094 - El Diario de Tucuman","isPartOf":{"@id":"https:\/\/www.eldiariodetucuman.com\/web\/#website"},"primaryImageOfPage":{"@id":"https:\/\/www.eldiariodetucuman.com\/web\/andres-%c2%93cuervo%c2%94-larroque-%c2%93-buscan-quebrar-al-pueblo-y-a-los-dirigentes%c2%94\/#primaryimage"},"image":{"@id":"https:\/\/www.eldiariodetucuman.com\/web\/andres-%c2%93cuervo%c2%94-larroque-%c2%93-buscan-quebrar-al-pueblo-y-a-los-dirigentes%c2%94\/#primaryimage"},"thumbnailUrl":"https:\/\/www.eldiariodetucuman.com\/web\/wp-content\/uploads\/2018\/08\/958a70d3c30af5a1b2e40ab794653941.jpeg","datePublished":"2018-08-26T14:42:00+00:00","dateModified":"2018-08-26T14:42:02+00:00","breadcrumb":{"@id":"https:\/\/www.eldiariodetucuman.com\/web\/andres-%c2%93cuervo%c2%94-larroque-%c2%93-buscan-quebrar-al-pueblo-y-a-los-dirigentes%c2%94\/#breadcrumb"},"inLanguage":"es","potentialAction":[{"@type":"ReadAction","target":["https:\/\/www.eldiariodetucuman.com\/web\/andres-%c2%93cuervo%c2%94-larroque-%c2%93-buscan-quebrar-al-pueblo-y-a-los-dirigentes%c2%94\/"]}]},{"@type":"ImageObject","inLanguage":"es","@id":"https:\/\/www.eldiariodetucuman.com\/web\/andres-%c2%93cuervo%c2%94-larroque-%c2%93-buscan-quebrar-al-pueblo-y-a-los-dirigentes%c2%94\/#primaryimage","url":"https:\/\/www.eldiariodetucuman.com\/web\/wp-content\/uploads\/2018\/08\/958a70d3c30af5a1b2e40ab794653941.jpeg","contentUrl":"https:\/\/www.eldiariodetucuman.com\/web\/wp-content\/uploads\/2018\/08\/958a70d3c30af5a1b2e40ab794653941.jpeg","width":960,"height":613},{"@type":"BreadcrumbList","@id":"https:\/\/www.eldiariodetucuman.com\/web\/andres-%c2%93cuervo%c2%94-larroque-%c2%93-buscan-quebrar-al-pueblo-y-a-los-dirigentes%c2%94\/#breadcrumb","itemListElement":[{"@type":"ListItem","position":1,"name":"Portada","item":"https:\/\/www.eldiariodetucuman.com\/web\/"},{"@type":"ListItem","position":2,"name":"Andr\u00e9s \u0093Cuervo\u0094 Larroque: \u0093 Buscan quebrar al pueblo y a los dirigentes\u0094"}]},{"@type":"WebSite","@id":"https:\/\/www.eldiariodetucuman.com\/web\/#website","url":"https:\/\/www.eldiariodetucuman.com\/web\/","name":"El Diario de Tucuman","description":"Diario Tucuman - Informaci\u00f3n y noticias","publisher":{"@id":"https:\/\/www.eldiariodetucuman.com\/web\/#organization"},"potentialAction":[{"@type":"SearchAction","target":{"@type":"EntryPoint","urlTemplate":"https:\/\/www.eldiariodetucuman.com\/web\/?s={search_term_string}"},"query-input":{"@type":"PropertyValueSpecification","valueRequired":true,"valueName":"search_term_string"}}],"inLanguage":"es"},{"@type":"Organization","@id":"https:\/\/www.eldiariodetucuman.com\/web\/#organization","name":"El Diario de Tucuman","url":"https:\/\/www.eldiariodetucuman.com\/web\/","logo":{"@type":"ImageObject","inLanguage":"es","@id":"https:\/\/www.eldiariodetucuman.com\/web\/#\/schema\/logo\/image\/","url":"http:\/\/www.eldiariodetucuman.com\/web\/wp-content\/uploads\/2017\/12\/el-diario-de-tucuman.jpg","contentUrl":"http:\/\/www.eldiariodetucuman.com\/web\/wp-content\/uploads\/2017\/12\/el-diario-de-tucuman.jpg","width":272,"height":92,"caption":"El Diario de Tucuman"},"image":{"@id":"https:\/\/www.eldiariodetucuman.com\/web\/#\/schema\/logo\/image\/"}},{"@type":"Person","@id":"https:\/\/www.eldiariodetucuman.com\/web\/#\/schema\/person\/9250197d75ab5483412e19678b121caa","name":"admin","image":{"@type":"ImageObject","inLanguage":"es","@id":"https:\/\/secure.gravatar.com\/avatar\/c44d117c2be811212c22cb481f6b8384b6873de103fbc49e7a03cc58d7dea4ac?s=96&d=mm&r=g","url":"https:\/\/secure.gravatar.com\/avatar\/c44d117c2be811212c22cb481f6b8384b6873de103fbc49e7a03cc58d7dea4ac?s=96&d=mm&r=g","contentUrl":"https:\/\/secure.gravatar.com\/avatar\/c44d117c2be811212c22cb481f6b8384b6873de103fbc49e7a03cc58d7dea4ac?s=96&d=mm&r=g","caption":"admin"},"url":"https:\/\/www.eldiariodetucuman.com\/web\/author\/admin\/"}]}},"_links":{"self":[{"href":"https:\/\/www.eldiariodetucuman.com\/web\/wp-json\/wp\/v2\/posts\/15807","targetHints":{"allow":["GET"]}}],"collection":[{"href":"https:\/\/www.eldiariodetucuman.com\/web\/wp-json\/wp\/v2\/posts"}],"about":[{"href":"https:\/\/www.eldiariodetucuman.com\/web\/wp-json\/wp\/v2\/types\/post"}],"author":[{"embeddable":true,"href":"https:\/\/www.eldiariodetucuman.com\/web\/wp-json\/wp\/v2\/users\/1"}],"replies":[{"embeddable":true,"href":"https:\/\/www.eldiariodetucuman.com\/web\/wp-json\/wp\/v2\/comments?post=15807"}],"version-history":[{"count":1,"href":"https:\/\/www.eldiariodetucuman.com\/web\/wp-json\/wp\/v2\/posts\/15807\/revisions"}],"predecessor-version":[{"id":15809,"href":"https:\/\/www.eldiariodetucuman.com\/web\/wp-json\/wp\/v2\/posts\/15807\/revisions\/15809"}],"wp:featuredmedia":[{"embeddable":true,"href":"https:\/\/www.eldiariodetucuman.com\/web\/wp-json\/wp\/v2\/media\/15808"}],"wp:attachment":[{"href":"https:\/\/www.eldiariodetucuman.com\/web\/wp-json\/wp\/v2\/media?parent=15807"}],"wp:term":[{"taxonomy":"category","embeddable":true,"href":"https:\/\/www.eldiariodetucuman.com\/web\/wp-json\/wp\/v2\/categories?post=15807"},{"taxonomy":"post_tag","embeddable":true,"href":"https:\/\/www.eldiariodetucuman.com\/web\/wp-json\/wp\/v2\/tags?post=15807"}],"curies":[{"name":"wp","href":"https:\/\/api.w.org\/{rel}","templated":true}]}}