{"id":15804,"date":"2018-08-26T11:41:52","date_gmt":"2018-08-26T14:41:52","guid":{"rendered":"http:\/\/www.eldiariodetucuman.com\/web\/dalbon-%c2%93ninguno-de-los-arrepentidos-menciona-a-cristina%c2%94\/"},"modified":"2018-08-26T11:41:54","modified_gmt":"2018-08-26T14:41:54","slug":"dalbon-%c2%93ninguno-de-los-arrepentidos-menciona-a-cristina%c2%94","status":"publish","type":"post","link":"https:\/\/www.eldiariodetucuman.com\/web\/dalbon-%c2%93ninguno-de-los-arrepentidos-menciona-a-cristina%c2%94\/","title":{"rendered":"Dalb\u00f3n: \u0093Ninguno de los arrepentidos menciona a Cristina\u0094"},"content":{"rendered":"<div>\n<div readability=\"100.26125714286\">\n<p>Gregorio Dalb\u00f3n, uno de los abogados de la senadora <a href=\"https:\/\/www.elintransigente.com\/noticias\/buscar\/?buscar=cristina+Kirchner\">Cristina Kirchner<\/a>, resalt\u00f3 hoy que \u00abninguno\u00bb de los \u00abarrepentidos\u00bb que declararon en la causa sobre el presunto pago de coimas en la obra p\u00fablica \u00abmenciona\u00bb a la ex presidente\u00a0\u00abdentro de una maniobra delictiva\u00bb, mientras continuaban los allanamientos sobre sus propiedades.<\/p>\n<p>Este s\u00e1bado distintas fuerzas de seguridad y miembros de la AFIP reanudaron el allanamiento ordenado por el juez federal <a href=\"https:\/\/www.elintransigente.com\/noticias\/buscar\/?buscar=claudio+bonadio\">Claudio Bonadio<\/a> en la casa que la senadora tiene en la ciudad santacruce\u00f1a de El Calafate, que hab\u00eda comenzado el viernes al mediod\u00eda y se hab\u00eda suspendido por la noche.<\/p>\n<aside class=\"htmlinline \"><ins class=\"adsbygoogle\" data-ad-layout=\"in-article\" data-ad-format=\"fluid\" data-ad-client=\"ca-pub-7781556717282971\" data-ad-slot=\"9383133609\"><\/ins><br \/>\n<\/aside>\n<p>Mientras los uniformados de la Polic\u00eda Federal, Gendarmer\u00eda y Prefectura retomaban las inspecciones en la propiedad ubicada sobre la calle Padre De Agostini, Dalb\u00f3n volvi\u00f3 a cuestionar al juez, al que acusa de estar \u00abllev\u00e1ndose por delante el Derecho\u00bb y defendi\u00f3 la \u00abinocencia\u00bb de la ex presidente\u00a0en la llamada \u00abcausa de los cuadernos\u00bb.<\/p>\n<p>\u00abQuiz\u00e1 puedan meterle en la cabeza a la gente que aqu\u00ed hubo actos de corrupci\u00f3n, no voy a decir que no los hubo porque no lo s\u00e9. Lo que s\u00ed s\u00e9 es de la inocencia de Cristina. Ninguno de los empresarios y funcionarios menciona a Cristina dentro de una maniobra delictiva, nadie\u00bb, subray\u00f3 el abogado.<\/p>\n<p>En declaraciones al canal C5N, el abogado sostuvo que \u00abes mentira que Cristina Fern\u00e1ndez de Kirchner tenga que ver con la obra p\u00fablica, que hayan habido bolsos y se los haya llevado ella\u00bb.<\/p>\n<p>\u00abNo surge de ninguna declaraci\u00f3n de funcionarios ni de empresarios que vincule a Cristina con la plata\u00bb, agreg\u00f3 el abogado, en referencia a quienes se presentaron ante el juez Bonadio y el fiscal Carlos Stornelli para pedir que se los acepte como imputados colaboradores o \u00abarrepentidos\u00bb.<\/p>\n<p>\u00a0El letrado sostuvo que \u00ablos allanamientos fueron una farsa\u00bb y calific\u00f3 como \u00abuna verg\u00fcenza\u00bb que no se le permitiera al otro abogado de la ex mandataria, Carlos Beraldi, presenciar el procedimiento que tambi\u00e9n se hizo el \u00faltimo jueves en el departamento del barrio porte\u00f1o de Recoleta.<\/p>\n<p>En la segunda jornada del allanamiento en la casa de la ex presidenta en El Calafate,\u00a0los investigadores se abocaron a analizar el subsuelo de la propiedad, luego de las seis horas que hab\u00eda demandado registrar el resto del inmueble en la tarde del pasado viernes.<\/p>\n<p>Adem\u00e1s de los efectivos de las tres fuerzas y los miembros de la Administraci\u00f3n Federal de Ingresos P\u00fablicos (AFIP), tambi\u00e9n hab\u00eda en el operativo perros entrenados para allanamientos y distintos elementos de tecnolog\u00eda para revisar paredes, techos y suelos.<\/p>\n<p>A diferencia de lo sucedido en la primera jornada del procedimiento, en el acceso al predio de la calle Padre De Agostini no hubo este s\u00e1bado militantes kirchneristas.<\/p>\n<p>La casa de El Calafate, en la que falleci\u00f3 el ex presidente N\u00e9stor Kirchner en octubre de 2010, es la tercera propiedad de la l\u00edder de Unidad Ciudadana que es allanada en el marco de la denominada causa de los cuadernos.<\/p>\n<p>\u00a0Mientras tanto, la ex jefa de Estado permanec\u00eda en la Ciudad de Buenos Aires en el departamento de su hija, Florencia Kirchner, en el barrio de Constituci\u00f3n, luego de que su inmueble de Recoleta fuera allanado el pasado jueves durante 13 horas.<\/p>\n<p>Adem\u00e1s del operativo en el edificio de Uruguay y Juncal, la Polic\u00eda Federal y la AFIP hab\u00edan registrado la casa ubicada en Mascarello 443 en la ciudad santacruce\u00f1a de R\u00edo Gallegos.<\/p>\n<p>Todos los allanamientos se dieron en el marco de la causa por el presunto pago de coimas en la obra p\u00fablica durante la gesti\u00f3n del kirchnerismo ordenados por el titular del Juzgado Criminal y Correccional Federal n\u00famero 11, quien el \u00faltimo mi\u00e9rcoles hab\u00eda recibido la autorizaci\u00f3n del Senado para proceder con las medidas de prueba en los domicilios de la l\u00edder de Unidad Ciudadana.<\/p>\n<p>En un informe, Bonadio asegur\u00f3 que los ex presidentes N\u00e9stor y Cristina Kirchner, as\u00ed como el ex ministro de Planificaci\u00f3n Federal Julio De Vido, eran los \u00abbeneficiarios finales\u00bb de la presunta \u00aborganizaci\u00f3n delictiva\u00bb que autorizaba sobreprecios en obras con el objetivo de recibir retornos que eran recaudados por el ex subsecretario de Coordinaci\u00f3n y Control de Gesti\u00f3n Roberto Baratta y su secretario privado Nelson Javier Lazarte; junto con otros funcionarios como Hern\u00e1n Camilo G\u00f3mez, Fabi\u00e1n Ezequiel Garc\u00eda Ram\u00f3n, Rafael Enrique Llorens y Walter Fagyas. .<\/p>\n<\/div>\n<\/div>\n<p>Fuente: https:\/\/www.elintransigente.com\/politica\/2018\/8\/25\/dalbon-ninguno-de-los-arrepentidos-menciona-cristina-507667.html<\/p>\n","protected":false},"excerpt":{"rendered":"<p>Gregorio Dalb\u00f3n, uno de los abogados de la senadora Cristina Kirchner, resalt\u00f3 hoy que \u00abninguno\u00bb de los \u00abarrepentidos\u00bb que declararon en la causa sobre el presunto pago de coimas en la obra p\u00fablica \u00abmenciona\u00bb a la ex presidente\u00a0\u00abdentro de una maniobra delictiva\u00bb, mientras continuaban los allanamientos sobre sus propiedades. Este s\u00e1bado distintas fuerzas de seguridad [&hellip;]<\/p>\n","protected":false},"author":1,"featured_media":15805,"comment_status":"open","ping_status":"closed","sticky":false,"template":"","format":"standard","meta":{"footnotes":""},"categories":[1],"tags":[],"class_list":{"0":"post-15804","1":"post","2":"type-post","3":"status-publish","4":"format-standard","5":"has-post-thumbnail","7":"category-portada"},"yoast_head":"<!-- This site is optimized with the Yoast SEO plugin v27.4 - https:\/\/yoast.com\/product\/yoast-seo-wordpress\/ -->\n<title>Dalb\u00f3n: \u0093Ninguno de los arrepentidos menciona a Cristina\u0094 - El Diario de Tucuman<\/title>\n<meta name=\"robots\" content=\"index, follow, max-snippet:-1, max-image-preview:large, max-video-preview:-1\" \/>\n<link rel=\"canonical\" href=\"https:\/\/www.eldiariodetucuman.com\/web\/dalbon-\u0093ninguno-de-los-arrepentidos-menciona-a-cristina\u0094\/\" \/>\n<meta property=\"og:locale\" content=\"es_ES\" \/>\n<meta property=\"og:type\" content=\"article\" \/>\n<meta property=\"og:title\" content=\"Dalb\u00f3n: \u0093Ninguno de los arrepentidos menciona a Cristina\u0094 - El Diario de Tucuman\" \/>\n<meta property=\"og:description\" content=\"Gregorio Dalb\u00f3n, uno de los abogados de la senadora Cristina Kirchner, resalt\u00f3 hoy que \u00abninguno\u00bb de los \u00abarrepentidos\u00bb que declararon en la causa sobre el presunto pago de coimas en la obra p\u00fablica \u00abmenciona\u00bb a la ex presidente\u00a0\u00abdentro de una maniobra delictiva\u00bb, mientras continuaban los allanamientos sobre sus propiedades. Este s\u00e1bado distintas fuerzas de seguridad [&hellip;]\" \/>\n<meta property=\"og:url\" content=\"https:\/\/www.eldiariodetucuman.com\/web\/dalbon-\u0093ninguno-de-los-arrepentidos-menciona-a-cristina\u0094\/\" \/>\n<meta property=\"og:site_name\" content=\"El Diario de Tucuman\" \/>\n<meta property=\"article:published_time\" content=\"2018-08-26T14:41:52+00:00\" \/>\n<meta property=\"article:modified_time\" content=\"2018-08-26T14:41:54+00:00\" \/>\n<meta property=\"og:image\" content=\"https:\/\/www.eldiariodetucuman.com\/web\/wp-content\/uploads\/2018\/08\/388fe2a0f673323949386bb5db272e7e.jpeg\" \/>\n\t<meta property=\"og:image:width\" content=\"960\" \/>\n\t<meta property=\"og:image:height\" content=\"480\" \/>\n\t<meta property=\"og:image:type\" content=\"image\/jpeg\" \/>\n<meta name=\"author\" content=\"admin\" \/>\n<meta name=\"twitter:card\" content=\"summary_large_image\" \/>\n<meta name=\"twitter:label1\" content=\"Escrito por\" \/>\n\t<meta name=\"twitter:data1\" content=\"admin\" \/>\n\t<meta name=\"twitter:label2\" content=\"Tiempo de lectura\" \/>\n\t<meta name=\"twitter:data2\" content=\"4 minutos\" \/>\n<script type=\"application\/ld+json\" class=\"yoast-schema-graph\">{\"@context\":\"https:\\\/\\\/schema.org\",\"@graph\":[{\"@type\":\"Article\",\"@id\":\"https:\\\/\\\/www.eldiariodetucuman.com\\\/web\\\/dalbon-%c2%93ninguno-de-los-arrepentidos-menciona-a-cristina%c2%94\\\/#article\",\"isPartOf\":{\"@id\":\"https:\\\/\\\/www.eldiariodetucuman.com\\\/web\\\/dalbon-%c2%93ninguno-de-los-arrepentidos-menciona-a-cristina%c2%94\\\/\"},\"author\":{\"name\":\"admin\",\"@id\":\"https:\\\/\\\/www.eldiariodetucuman.com\\\/web\\\/#\\\/schema\\\/person\\\/9250197d75ab5483412e19678b121caa\"},\"headline\":\"Dalb\u00f3n: \u0093Ninguno de los arrepentidos menciona a Cristina\u0094\",\"datePublished\":\"2018-08-26T14:41:52+00:00\",\"dateModified\":\"2018-08-26T14:41:54+00:00\",\"mainEntityOfPage\":{\"@id\":\"https:\\\/\\\/www.eldiariodetucuman.com\\\/web\\\/dalbon-%c2%93ninguno-de-los-arrepentidos-menciona-a-cristina%c2%94\\\/\"},\"wordCount\":774,\"commentCount\":0,\"publisher\":{\"@id\":\"https:\\\/\\\/www.eldiariodetucuman.com\\\/web\\\/#organization\"},\"image\":{\"@id\":\"https:\\\/\\\/www.eldiariodetucuman.com\\\/web\\\/dalbon-%c2%93ninguno-de-los-arrepentidos-menciona-a-cristina%c2%94\\\/#primaryimage\"},\"thumbnailUrl\":\"https:\\\/\\\/www.eldiariodetucuman.com\\\/web\\\/wp-content\\\/uploads\\\/2018\\\/08\\\/388fe2a0f673323949386bb5db272e7e.jpeg\",\"articleSection\":[\"Portada\"],\"inLanguage\":\"es\",\"potentialAction\":[{\"@type\":\"CommentAction\",\"name\":\"Comment\",\"target\":[\"https:\\\/\\\/www.eldiariodetucuman.com\\\/web\\\/dalbon-%c2%93ninguno-de-los-arrepentidos-menciona-a-cristina%c2%94\\\/#respond\"]}]},{\"@type\":\"WebPage\",\"@id\":\"https:\\\/\\\/www.eldiariodetucuman.com\\\/web\\\/dalbon-%c2%93ninguno-de-los-arrepentidos-menciona-a-cristina%c2%94\\\/\",\"url\":\"https:\\\/\\\/www.eldiariodetucuman.com\\\/web\\\/dalbon-%c2%93ninguno-de-los-arrepentidos-menciona-a-cristina%c2%94\\\/\",\"name\":\"Dalb\u00f3n: \u0093Ninguno de los arrepentidos menciona a Cristina\u0094 - El Diario de Tucuman\",\"isPartOf\":{\"@id\":\"https:\\\/\\\/www.eldiariodetucuman.com\\\/web\\\/#website\"},\"primaryImageOfPage\":{\"@id\":\"https:\\\/\\\/www.eldiariodetucuman.com\\\/web\\\/dalbon-%c2%93ninguno-de-los-arrepentidos-menciona-a-cristina%c2%94\\\/#primaryimage\"},\"image\":{\"@id\":\"https:\\\/\\\/www.eldiariodetucuman.com\\\/web\\\/dalbon-%c2%93ninguno-de-los-arrepentidos-menciona-a-cristina%c2%94\\\/#primaryimage\"},\"thumbnailUrl\":\"https:\\\/\\\/www.eldiariodetucuman.com\\\/web\\\/wp-content\\\/uploads\\\/2018\\\/08\\\/388fe2a0f673323949386bb5db272e7e.jpeg\",\"datePublished\":\"2018-08-26T14:41:52+00:00\",\"dateModified\":\"2018-08-26T14:41:54+00:00\",\"breadcrumb\":{\"@id\":\"https:\\\/\\\/www.eldiariodetucuman.com\\\/web\\\/dalbon-%c2%93ninguno-de-los-arrepentidos-menciona-a-cristina%c2%94\\\/#breadcrumb\"},\"inLanguage\":\"es\",\"potentialAction\":[{\"@type\":\"ReadAction\",\"target\":[\"https:\\\/\\\/www.eldiariodetucuman.com\\\/web\\\/dalbon-%c2%93ninguno-de-los-arrepentidos-menciona-a-cristina%c2%94\\\/\"]}]},{\"@type\":\"ImageObject\",\"inLanguage\":\"es\",\"@id\":\"https:\\\/\\\/www.eldiariodetucuman.com\\\/web\\\/dalbon-%c2%93ninguno-de-los-arrepentidos-menciona-a-cristina%c2%94\\\/#primaryimage\",\"url\":\"https:\\\/\\\/www.eldiariodetucuman.com\\\/web\\\/wp-content\\\/uploads\\\/2018\\\/08\\\/388fe2a0f673323949386bb5db272e7e.jpeg\",\"contentUrl\":\"https:\\\/\\\/www.eldiariodetucuman.com\\\/web\\\/wp-content\\\/uploads\\\/2018\\\/08\\\/388fe2a0f673323949386bb5db272e7e.jpeg\",\"width\":960,\"height\":480},{\"@type\":\"BreadcrumbList\",\"@id\":\"https:\\\/\\\/www.eldiariodetucuman.com\\\/web\\\/dalbon-%c2%93ninguno-de-los-arrepentidos-menciona-a-cristina%c2%94\\\/#breadcrumb\",\"itemListElement\":[{\"@type\":\"ListItem\",\"position\":1,\"name\":\"Portada\",\"item\":\"https:\\\/\\\/www.eldiariodetucuman.com\\\/web\\\/\"},{\"@type\":\"ListItem\",\"position\":2,\"name\":\"Dalb\u00f3n: \u0093Ninguno de los arrepentidos menciona a Cristina\u0094\"}]},{\"@type\":\"WebSite\",\"@id\":\"https:\\\/\\\/www.eldiariodetucuman.com\\\/web\\\/#website\",\"url\":\"https:\\\/\\\/www.eldiariodetucuman.com\\\/web\\\/\",\"name\":\"El Diario de Tucuman\",\"description\":\"Diario Tucuman - Informaci\u00f3n y noticias\",\"publisher\":{\"@id\":\"https:\\\/\\\/www.eldiariodetucuman.com\\\/web\\\/#organization\"},\"potentialAction\":[{\"@type\":\"SearchAction\",\"target\":{\"@type\":\"EntryPoint\",\"urlTemplate\":\"https:\\\/\\\/www.eldiariodetucuman.com\\\/web\\\/?s={search_term_string}\"},\"query-input\":{\"@type\":\"PropertyValueSpecification\",\"valueRequired\":true,\"valueName\":\"search_term_string\"}}],\"inLanguage\":\"es\"},{\"@type\":\"Organization\",\"@id\":\"https:\\\/\\\/www.eldiariodetucuman.com\\\/web\\\/#organization\",\"name\":\"El Diario de Tucuman\",\"url\":\"https:\\\/\\\/www.eldiariodetucuman.com\\\/web\\\/\",\"logo\":{\"@type\":\"ImageObject\",\"inLanguage\":\"es\",\"@id\":\"https:\\\/\\\/www.eldiariodetucuman.com\\\/web\\\/#\\\/schema\\\/logo\\\/image\\\/\",\"url\":\"http:\\\/\\\/www.eldiariodetucuman.com\\\/web\\\/wp-content\\\/uploads\\\/2017\\\/12\\\/el-diario-de-tucuman.jpg\",\"contentUrl\":\"http:\\\/\\\/www.eldiariodetucuman.com\\\/web\\\/wp-content\\\/uploads\\\/2017\\\/12\\\/el-diario-de-tucuman.jpg\",\"width\":272,\"height\":92,\"caption\":\"El Diario de Tucuman\"},\"image\":{\"@id\":\"https:\\\/\\\/www.eldiariodetucuman.com\\\/web\\\/#\\\/schema\\\/logo\\\/image\\\/\"}},{\"@type\":\"Person\",\"@id\":\"https:\\\/\\\/www.eldiariodetucuman.com\\\/web\\\/#\\\/schema\\\/person\\\/9250197d75ab5483412e19678b121caa\",\"name\":\"admin\",\"image\":{\"@type\":\"ImageObject\",\"inLanguage\":\"es\",\"@id\":\"https:\\\/\\\/secure.gravatar.com\\\/avatar\\\/c44d117c2be811212c22cb481f6b8384b6873de103fbc49e7a03cc58d7dea4ac?s=96&d=mm&r=g\",\"url\":\"https:\\\/\\\/secure.gravatar.com\\\/avatar\\\/c44d117c2be811212c22cb481f6b8384b6873de103fbc49e7a03cc58d7dea4ac?s=96&d=mm&r=g\",\"contentUrl\":\"https:\\\/\\\/secure.gravatar.com\\\/avatar\\\/c44d117c2be811212c22cb481f6b8384b6873de103fbc49e7a03cc58d7dea4ac?s=96&d=mm&r=g\",\"caption\":\"admin\"},\"url\":\"https:\\\/\\\/www.eldiariodetucuman.com\\\/web\\\/author\\\/admin\\\/\"}]}<\/script>\n<!-- \/ Yoast SEO plugin. -->","yoast_head_json":{"title":"Dalb\u00f3n: \u0093Ninguno de los arrepentidos menciona a Cristina\u0094 - El Diario de Tucuman","robots":{"index":"index","follow":"follow","max-snippet":"max-snippet:-1","max-image-preview":"max-image-preview:large","max-video-preview":"max-video-preview:-1"},"canonical":"https:\/\/www.eldiariodetucuman.com\/web\/dalbon-\u0093ninguno-de-los-arrepentidos-menciona-a-cristina\u0094\/","og_locale":"es_ES","og_type":"article","og_title":"Dalb\u00f3n: \u0093Ninguno de los arrepentidos menciona a Cristina\u0094 - El Diario de Tucuman","og_description":"Gregorio Dalb\u00f3n, uno de los abogados de la senadora Cristina Kirchner, resalt\u00f3 hoy que \u00abninguno\u00bb de los \u00abarrepentidos\u00bb que declararon en la causa sobre el presunto pago de coimas en la obra p\u00fablica \u00abmenciona\u00bb a la ex presidente\u00a0\u00abdentro de una maniobra delictiva\u00bb, mientras continuaban los allanamientos sobre sus propiedades. Este s\u00e1bado distintas fuerzas de seguridad [&hellip;]","og_url":"https:\/\/www.eldiariodetucuman.com\/web\/dalbon-\u0093ninguno-de-los-arrepentidos-menciona-a-cristina\u0094\/","og_site_name":"El Diario de Tucuman","article_published_time":"2018-08-26T14:41:52+00:00","article_modified_time":"2018-08-26T14:41:54+00:00","og_image":[{"width":960,"height":480,"url":"https:\/\/www.eldiariodetucuman.com\/web\/wp-content\/uploads\/2018\/08\/388fe2a0f673323949386bb5db272e7e.jpeg","type":"image\/jpeg"}],"author":"admin","twitter_card":"summary_large_image","twitter_misc":{"Escrito por":"admin","Tiempo de lectura":"4 minutos"},"schema":{"@context":"https:\/\/schema.org","@graph":[{"@type":"Article","@id":"https:\/\/www.eldiariodetucuman.com\/web\/dalbon-%c2%93ninguno-de-los-arrepentidos-menciona-a-cristina%c2%94\/#article","isPartOf":{"@id":"https:\/\/www.eldiariodetucuman.com\/web\/dalbon-%c2%93ninguno-de-los-arrepentidos-menciona-a-cristina%c2%94\/"},"author":{"name":"admin","@id":"https:\/\/www.eldiariodetucuman.com\/web\/#\/schema\/person\/9250197d75ab5483412e19678b121caa"},"headline":"Dalb\u00f3n: \u0093Ninguno de los arrepentidos menciona a Cristina\u0094","datePublished":"2018-08-26T14:41:52+00:00","dateModified":"2018-08-26T14:41:54+00:00","mainEntityOfPage":{"@id":"https:\/\/www.eldiariodetucuman.com\/web\/dalbon-%c2%93ninguno-de-los-arrepentidos-menciona-a-cristina%c2%94\/"},"wordCount":774,"commentCount":0,"publisher":{"@id":"https:\/\/www.eldiariodetucuman.com\/web\/#organization"},"image":{"@id":"https:\/\/www.eldiariodetucuman.com\/web\/dalbon-%c2%93ninguno-de-los-arrepentidos-menciona-a-cristina%c2%94\/#primaryimage"},"thumbnailUrl":"https:\/\/www.eldiariodetucuman.com\/web\/wp-content\/uploads\/2018\/08\/388fe2a0f673323949386bb5db272e7e.jpeg","articleSection":["Portada"],"inLanguage":"es","potentialAction":[{"@type":"CommentAction","name":"Comment","target":["https:\/\/www.eldiariodetucuman.com\/web\/dalbon-%c2%93ninguno-de-los-arrepentidos-menciona-a-cristina%c2%94\/#respond"]}]},{"@type":"WebPage","@id":"https:\/\/www.eldiariodetucuman.com\/web\/dalbon-%c2%93ninguno-de-los-arrepentidos-menciona-a-cristina%c2%94\/","url":"https:\/\/www.eldiariodetucuman.com\/web\/dalbon-%c2%93ninguno-de-los-arrepentidos-menciona-a-cristina%c2%94\/","name":"Dalb\u00f3n: \u0093Ninguno de los arrepentidos menciona a Cristina\u0094 - El Diario de Tucuman","isPartOf":{"@id":"https:\/\/www.eldiariodetucuman.com\/web\/#website"},"primaryImageOfPage":{"@id":"https:\/\/www.eldiariodetucuman.com\/web\/dalbon-%c2%93ninguno-de-los-arrepentidos-menciona-a-cristina%c2%94\/#primaryimage"},"image":{"@id":"https:\/\/www.eldiariodetucuman.com\/web\/dalbon-%c2%93ninguno-de-los-arrepentidos-menciona-a-cristina%c2%94\/#primaryimage"},"thumbnailUrl":"https:\/\/www.eldiariodetucuman.com\/web\/wp-content\/uploads\/2018\/08\/388fe2a0f673323949386bb5db272e7e.jpeg","datePublished":"2018-08-26T14:41:52+00:00","dateModified":"2018-08-26T14:41:54+00:00","breadcrumb":{"@id":"https:\/\/www.eldiariodetucuman.com\/web\/dalbon-%c2%93ninguno-de-los-arrepentidos-menciona-a-cristina%c2%94\/#breadcrumb"},"inLanguage":"es","potentialAction":[{"@type":"ReadAction","target":["https:\/\/www.eldiariodetucuman.com\/web\/dalbon-%c2%93ninguno-de-los-arrepentidos-menciona-a-cristina%c2%94\/"]}]},{"@type":"ImageObject","inLanguage":"es","@id":"https:\/\/www.eldiariodetucuman.com\/web\/dalbon-%c2%93ninguno-de-los-arrepentidos-menciona-a-cristina%c2%94\/#primaryimage","url":"https:\/\/www.eldiariodetucuman.com\/web\/wp-content\/uploads\/2018\/08\/388fe2a0f673323949386bb5db272e7e.jpeg","contentUrl":"https:\/\/www.eldiariodetucuman.com\/web\/wp-content\/uploads\/2018\/08\/388fe2a0f673323949386bb5db272e7e.jpeg","width":960,"height":480},{"@type":"BreadcrumbList","@id":"https:\/\/www.eldiariodetucuman.com\/web\/dalbon-%c2%93ninguno-de-los-arrepentidos-menciona-a-cristina%c2%94\/#breadcrumb","itemListElement":[{"@type":"ListItem","position":1,"name":"Portada","item":"https:\/\/www.eldiariodetucuman.com\/web\/"},{"@type":"ListItem","position":2,"name":"Dalb\u00f3n: \u0093Ninguno de los arrepentidos menciona a Cristina\u0094"}]},{"@type":"WebSite","@id":"https:\/\/www.eldiariodetucuman.com\/web\/#website","url":"https:\/\/www.eldiariodetucuman.com\/web\/","name":"El Diario de Tucuman","description":"Diario Tucuman - Informaci\u00f3n y noticias","publisher":{"@id":"https:\/\/www.eldiariodetucuman.com\/web\/#organization"},"potentialAction":[{"@type":"SearchAction","target":{"@type":"EntryPoint","urlTemplate":"https:\/\/www.eldiariodetucuman.com\/web\/?s={search_term_string}"},"query-input":{"@type":"PropertyValueSpecification","valueRequired":true,"valueName":"search_term_string"}}],"inLanguage":"es"},{"@type":"Organization","@id":"https:\/\/www.eldiariodetucuman.com\/web\/#organization","name":"El Diario de Tucuman","url":"https:\/\/www.eldiariodetucuman.com\/web\/","logo":{"@type":"ImageObject","inLanguage":"es","@id":"https:\/\/www.eldiariodetucuman.com\/web\/#\/schema\/logo\/image\/","url":"http:\/\/www.eldiariodetucuman.com\/web\/wp-content\/uploads\/2017\/12\/el-diario-de-tucuman.jpg","contentUrl":"http:\/\/www.eldiariodetucuman.com\/web\/wp-content\/uploads\/2017\/12\/el-diario-de-tucuman.jpg","width":272,"height":92,"caption":"El Diario de Tucuman"},"image":{"@id":"https:\/\/www.eldiariodetucuman.com\/web\/#\/schema\/logo\/image\/"}},{"@type":"Person","@id":"https:\/\/www.eldiariodetucuman.com\/web\/#\/schema\/person\/9250197d75ab5483412e19678b121caa","name":"admin","image":{"@type":"ImageObject","inLanguage":"es","@id":"https:\/\/secure.gravatar.com\/avatar\/c44d117c2be811212c22cb481f6b8384b6873de103fbc49e7a03cc58d7dea4ac?s=96&d=mm&r=g","url":"https:\/\/secure.gravatar.com\/avatar\/c44d117c2be811212c22cb481f6b8384b6873de103fbc49e7a03cc58d7dea4ac?s=96&d=mm&r=g","contentUrl":"https:\/\/secure.gravatar.com\/avatar\/c44d117c2be811212c22cb481f6b8384b6873de103fbc49e7a03cc58d7dea4ac?s=96&d=mm&r=g","caption":"admin"},"url":"https:\/\/www.eldiariodetucuman.com\/web\/author\/admin\/"}]}},"_links":{"self":[{"href":"https:\/\/www.eldiariodetucuman.com\/web\/wp-json\/wp\/v2\/posts\/15804","targetHints":{"allow":["GET"]}}],"collection":[{"href":"https:\/\/www.eldiariodetucuman.com\/web\/wp-json\/wp\/v2\/posts"}],"about":[{"href":"https:\/\/www.eldiariodetucuman.com\/web\/wp-json\/wp\/v2\/types\/post"}],"author":[{"embeddable":true,"href":"https:\/\/www.eldiariodetucuman.com\/web\/wp-json\/wp\/v2\/users\/1"}],"replies":[{"embeddable":true,"href":"https:\/\/www.eldiariodetucuman.com\/web\/wp-json\/wp\/v2\/comments?post=15804"}],"version-history":[{"count":1,"href":"https:\/\/www.eldiariodetucuman.com\/web\/wp-json\/wp\/v2\/posts\/15804\/revisions"}],"predecessor-version":[{"id":15806,"href":"https:\/\/www.eldiariodetucuman.com\/web\/wp-json\/wp\/v2\/posts\/15804\/revisions\/15806"}],"wp:featuredmedia":[{"embeddable":true,"href":"https:\/\/www.eldiariodetucuman.com\/web\/wp-json\/wp\/v2\/media\/15805"}],"wp:attachment":[{"href":"https:\/\/www.eldiariodetucuman.com\/web\/wp-json\/wp\/v2\/media?parent=15804"}],"wp:term":[{"taxonomy":"category","embeddable":true,"href":"https:\/\/www.eldiariodetucuman.com\/web\/wp-json\/wp\/v2\/categories?post=15804"},{"taxonomy":"post_tag","embeddable":true,"href":"https:\/\/www.eldiariodetucuman.com\/web\/wp-json\/wp\/v2\/tags?post=15804"}],"curies":[{"name":"wp","href":"https:\/\/api.w.org\/{rel}","templated":true}]}}