{"id":15803,"date":"2018-08-25T12:50:10","date_gmt":"2018-08-25T15:50:10","guid":{"rendered":"http:\/\/www.eldiariodetucuman.com\/web\/trump-otra-vez-le-tiro-la-bronca-a-corea-del-norte\/"},"modified":"2018-08-25T12:50:10","modified_gmt":"2018-08-25T15:50:10","slug":"trump-otra-vez-le-tiro-la-bronca-a-corea-del-norte","status":"publish","type":"post","link":"https:\/\/www.eldiariodetucuman.com\/web\/trump-otra-vez-le-tiro-la-bronca-a-corea-del-norte\/","title":{"rendered":"Trump, otra vez \u00able tir\u00f3 la bronca\u00bb a Corea del Norte"},"content":{"rendered":"<div>\n<div itemprop=\"articleBody\" readability=\"56.78856152513\">\n<p>El presidente de   <a href=\"https:\/\/www.cronica.com.ar\/tags\/Estados%20Unidos\">Estados Unidos<\/a>, <strong>  <a href=\"https:\/\/www.cronica.com.ar\/tags\/Donald%20Trump\">Donald Trump<\/a><\/strong>, anunci\u00f3 este\u00a0viernes la cancelaci\u00f3n de la visita de\u00a0<strong>Mike Pompeo<\/strong>, su m\u00e1ximo diplom\u00e1tico a   <a href=\"https:\/\/www.cronica.com.ar\/tags\/Corea%20del%20Norte\">Corea del Norte<\/a>, debido a una falta de progreso en la desnuclearizaci\u00f3n de Pyongyang, por la cual tambi\u00e9n acus\u00f3 a   <a href=\"https:\/\/www.cronica.com.ar\/tags\/China\">China<\/a>.\u00a0<\/p>\n<p><em>\u00abLe he pedido al Secretario de Estado, Mike Pompeo, que no vaya a   <a href=\"https:\/\/www.cronica.com.ar\/tags\/Corea%20del%20Norte\">Corea del Norte<\/a>, en este momento, porque siento que no estamos progresando lo suficiente con respecto a la desnuclearizaci\u00f3n de la Pen\u00ednsula de Corea &#8230;\u00bb<\/em> public\u00f3 en su cuenta de la red social Twitter, Trump.<\/p>\n<p>A continuaci\u00f3n y como <em>hilo<\/em> escribi\u00f3: \u00ab&#8230;Adem\u00e1s, debido a nuestra posici\u00f3n comercial mucho m\u00e1s dura con   <a href=\"https:\/\/www.cronica.com.ar\/tags\/China\">China<\/a>, no creo que est\u00e9n ayudando con el proceso de desnuclearizaci\u00f3n como lo fueron antes (a pesar de las sanciones de la ONU vigentes) &#8230;\u00bb<\/p>\n<p>Y por \u00faltimo, mand\u00f3 un mensaje que habla sobre la relaci\u00f3n con\u00a0<strong>  <a href=\"https:\/\/www.cronica.com.ar\/tags\/Kim%20Jong-un\">Kim Jong-un<\/a><\/strong>: <em>\u00ab&#8230; El Secretario Pompeo espera ir a   <a href=\"https:\/\/www.cronica.com.ar\/tags\/Corea%20del%20Norte\">Corea del Norte<\/a> en un futuro pr\u00f3ximo, muy probablemente despu\u00e9s de que se resuelva nuestra relaci\u00f3n comercial con   <a href=\"https:\/\/www.cronica.com.ar\/tags\/China\">China<\/a>. Mientras tanto, me gustar\u00eda enviar mis m\u00e1s cordiales saludos y respeto al Presidente Kim. \u00a1Espero verlo pronto!\u00bb<\/em><\/p>\n<\/div>\n<\/div>\n","protected":false},"excerpt":{"rendered":"<p>El presidente de Estados Unidos, Donald Trump, anunci\u00f3 este\u00a0viernes la cancelaci\u00f3n de la visita de\u00a0Mike Pompeo, su m\u00e1ximo diplom\u00e1tico a Corea del Norte, debido a una falta de progreso en la desnuclearizaci\u00f3n de Pyongyang, por la cual tambi\u00e9n acus\u00f3 a China.\u00a0 \u00abLe he pedido al Secretario de Estado, Mike Pompeo, que no vaya a Corea [&hellip;]<\/p>\n","protected":false},"author":4,"featured_media":0,"comment_status":"open","ping_status":"closed","sticky":false,"template":"","format":"standard","meta":{"footnotes":""},"categories":[194],"tags":[],"class_list":{"0":"post-15803","1":"post","2":"type-post","3":"status-publish","4":"format-standard","6":"category-internacionales"},"yoast_head":"<!-- This site is optimized with the Yoast SEO plugin v27.4 - https:\/\/yoast.com\/product\/yoast-seo-wordpress\/ -->\n<title>Trump, otra vez &quot;le tir\u00f3 la bronca&quot; a Corea del Norte - El Diario de Tucuman<\/title>\n<meta name=\"robots\" content=\"index, follow, max-snippet:-1, max-image-preview:large, max-video-preview:-1\" \/>\n<link rel=\"canonical\" href=\"https:\/\/www.eldiariodetucuman.com\/web\/trump-otra-vez-le-tiro-la-bronca-a-corea-del-norte\/\" \/>\n<meta property=\"og:locale\" content=\"es_ES\" \/>\n<meta property=\"og:type\" content=\"article\" \/>\n<meta property=\"og:title\" content=\"Trump, otra vez &quot;le tir\u00f3 la bronca&quot; a Corea del Norte - El Diario de Tucuman\" \/>\n<meta property=\"og:description\" content=\"El presidente de Estados Unidos, Donald Trump, anunci\u00f3 este\u00a0viernes la cancelaci\u00f3n de la visita de\u00a0Mike Pompeo, su m\u00e1ximo diplom\u00e1tico a Corea del Norte, debido a una falta de progreso en la desnuclearizaci\u00f3n de Pyongyang, por la cual tambi\u00e9n acus\u00f3 a China.\u00a0 \u00abLe he pedido al Secretario de Estado, Mike Pompeo, que no vaya a Corea [&hellip;]\" \/>\n<meta property=\"og:url\" content=\"https:\/\/www.eldiariodetucuman.com\/web\/trump-otra-vez-le-tiro-la-bronca-a-corea-del-norte\/\" \/>\n<meta property=\"og:site_name\" content=\"El Diario de Tucuman\" \/>\n<meta property=\"article:published_time\" content=\"2018-08-25T15:50:10+00:00\" \/>\n<meta name=\"author\" content=\"eldiario detucuman\" \/>\n<meta name=\"twitter:card\" content=\"summary_large_image\" \/>\n<meta name=\"twitter:label1\" content=\"Escrito por\" \/>\n\t<meta name=\"twitter:data1\" content=\"eldiario detucuman\" \/>\n\t<meta name=\"twitter:label2\" content=\"Tiempo de lectura\" \/>\n\t<meta name=\"twitter:data2\" content=\"1 minuto\" \/>\n<script type=\"application\/ld+json\" class=\"yoast-schema-graph\">{\"@context\":\"https:\\\/\\\/schema.org\",\"@graph\":[{\"@type\":\"Article\",\"@id\":\"https:\\\/\\\/www.eldiariodetucuman.com\\\/web\\\/trump-otra-vez-le-tiro-la-bronca-a-corea-del-norte\\\/#article\",\"isPartOf\":{\"@id\":\"https:\\\/\\\/www.eldiariodetucuman.com\\\/web\\\/trump-otra-vez-le-tiro-la-bronca-a-corea-del-norte\\\/\"},\"author\":{\"name\":\"eldiario detucuman\",\"@id\":\"https:\\\/\\\/www.eldiariodetucuman.com\\\/web\\\/#\\\/schema\\\/person\\\/6f95946e54fde848b878ffa4928071d5\"},\"headline\":\"Trump, otra vez \u00able tir\u00f3 la bronca\u00bb a Corea del Norte\",\"datePublished\":\"2018-08-25T15:50:10+00:00\",\"mainEntityOfPage\":{\"@id\":\"https:\\\/\\\/www.eldiariodetucuman.com\\\/web\\\/trump-otra-vez-le-tiro-la-bronca-a-corea-del-norte\\\/\"},\"wordCount\":216,\"commentCount\":0,\"publisher\":{\"@id\":\"https:\\\/\\\/www.eldiariodetucuman.com\\\/web\\\/#organization\"},\"articleSection\":[\"Internacionales\"],\"inLanguage\":\"es\",\"potentialAction\":[{\"@type\":\"CommentAction\",\"name\":\"Comment\",\"target\":[\"https:\\\/\\\/www.eldiariodetucuman.com\\\/web\\\/trump-otra-vez-le-tiro-la-bronca-a-corea-del-norte\\\/#respond\"]}]},{\"@type\":\"WebPage\",\"@id\":\"https:\\\/\\\/www.eldiariodetucuman.com\\\/web\\\/trump-otra-vez-le-tiro-la-bronca-a-corea-del-norte\\\/\",\"url\":\"https:\\\/\\\/www.eldiariodetucuman.com\\\/web\\\/trump-otra-vez-le-tiro-la-bronca-a-corea-del-norte\\\/\",\"name\":\"Trump, otra vez \\\"le tir\u00f3 la bronca\\\" a Corea del Norte - El Diario de Tucuman\",\"isPartOf\":{\"@id\":\"https:\\\/\\\/www.eldiariodetucuman.com\\\/web\\\/#website\"},\"datePublished\":\"2018-08-25T15:50:10+00:00\",\"breadcrumb\":{\"@id\":\"https:\\\/\\\/www.eldiariodetucuman.com\\\/web\\\/trump-otra-vez-le-tiro-la-bronca-a-corea-del-norte\\\/#breadcrumb\"},\"inLanguage\":\"es\",\"potentialAction\":[{\"@type\":\"ReadAction\",\"target\":[\"https:\\\/\\\/www.eldiariodetucuman.com\\\/web\\\/trump-otra-vez-le-tiro-la-bronca-a-corea-del-norte\\\/\"]}]},{\"@type\":\"BreadcrumbList\",\"@id\":\"https:\\\/\\\/www.eldiariodetucuman.com\\\/web\\\/trump-otra-vez-le-tiro-la-bronca-a-corea-del-norte\\\/#breadcrumb\",\"itemListElement\":[{\"@type\":\"ListItem\",\"position\":1,\"name\":\"Portada\",\"item\":\"https:\\\/\\\/www.eldiariodetucuman.com\\\/web\\\/\"},{\"@type\":\"ListItem\",\"position\":2,\"name\":\"Trump, otra vez \u00able tir\u00f3 la bronca\u00bb a Corea del Norte\"}]},{\"@type\":\"WebSite\",\"@id\":\"https:\\\/\\\/www.eldiariodetucuman.com\\\/web\\\/#website\",\"url\":\"https:\\\/\\\/www.eldiariodetucuman.com\\\/web\\\/\",\"name\":\"El Diario de Tucuman\",\"description\":\"Diario Tucuman - Informaci\u00f3n y noticias\",\"publisher\":{\"@id\":\"https:\\\/\\\/www.eldiariodetucuman.com\\\/web\\\/#organization\"},\"potentialAction\":[{\"@type\":\"SearchAction\",\"target\":{\"@type\":\"EntryPoint\",\"urlTemplate\":\"https:\\\/\\\/www.eldiariodetucuman.com\\\/web\\\/?s={search_term_string}\"},\"query-input\":{\"@type\":\"PropertyValueSpecification\",\"valueRequired\":true,\"valueName\":\"search_term_string\"}}],\"inLanguage\":\"es\"},{\"@type\":\"Organization\",\"@id\":\"https:\\\/\\\/www.eldiariodetucuman.com\\\/web\\\/#organization\",\"name\":\"El Diario de Tucuman\",\"url\":\"https:\\\/\\\/www.eldiariodetucuman.com\\\/web\\\/\",\"logo\":{\"@type\":\"ImageObject\",\"inLanguage\":\"es\",\"@id\":\"https:\\\/\\\/www.eldiariodetucuman.com\\\/web\\\/#\\\/schema\\\/logo\\\/image\\\/\",\"url\":\"http:\\\/\\\/www.eldiariodetucuman.com\\\/web\\\/wp-content\\\/uploads\\\/2017\\\/12\\\/el-diario-de-tucuman.jpg\",\"contentUrl\":\"http:\\\/\\\/www.eldiariodetucuman.com\\\/web\\\/wp-content\\\/uploads\\\/2017\\\/12\\\/el-diario-de-tucuman.jpg\",\"width\":272,\"height\":92,\"caption\":\"El Diario de Tucuman\"},\"image\":{\"@id\":\"https:\\\/\\\/www.eldiariodetucuman.com\\\/web\\\/#\\\/schema\\\/logo\\\/image\\\/\"}},{\"@type\":\"Person\",\"@id\":\"https:\\\/\\\/www.eldiariodetucuman.com\\\/web\\\/#\\\/schema\\\/person\\\/6f95946e54fde848b878ffa4928071d5\",\"name\":\"eldiario detucuman\",\"image\":{\"@type\":\"ImageObject\",\"inLanguage\":\"es\",\"@id\":\"https:\\\/\\\/secure.gravatar.com\\\/avatar\\\/b6e1f89c5c4044c4962c8e6c20b1ca2cc99f549c965908afd4ec5308b3f51bfe?s=96&d=mm&r=g\",\"url\":\"https:\\\/\\\/secure.gravatar.com\\\/avatar\\\/b6e1f89c5c4044c4962c8e6c20b1ca2cc99f549c965908afd4ec5308b3f51bfe?s=96&d=mm&r=g\",\"contentUrl\":\"https:\\\/\\\/secure.gravatar.com\\\/avatar\\\/b6e1f89c5c4044c4962c8e6c20b1ca2cc99f549c965908afd4ec5308b3f51bfe?s=96&d=mm&r=g\",\"caption\":\"eldiario detucuman\"},\"url\":\"https:\\\/\\\/www.eldiariodetucuman.com\\\/web\\\/author\\\/eldiariodetucuman\\\/\"}]}<\/script>\n<!-- \/ Yoast SEO plugin. -->","yoast_head_json":{"title":"Trump, otra vez \"le tir\u00f3 la bronca\" a Corea del Norte - El Diario de Tucuman","robots":{"index":"index","follow":"follow","max-snippet":"max-snippet:-1","max-image-preview":"max-image-preview:large","max-video-preview":"max-video-preview:-1"},"canonical":"https:\/\/www.eldiariodetucuman.com\/web\/trump-otra-vez-le-tiro-la-bronca-a-corea-del-norte\/","og_locale":"es_ES","og_type":"article","og_title":"Trump, otra vez \"le tir\u00f3 la bronca\" a Corea del Norte - El Diario de Tucuman","og_description":"El presidente de Estados Unidos, Donald Trump, anunci\u00f3 este\u00a0viernes la cancelaci\u00f3n de la visita de\u00a0Mike Pompeo, su m\u00e1ximo diplom\u00e1tico a Corea del Norte, debido a una falta de progreso en la desnuclearizaci\u00f3n de Pyongyang, por la cual tambi\u00e9n acus\u00f3 a China.\u00a0 \u00abLe he pedido al Secretario de Estado, Mike Pompeo, que no vaya a Corea [&hellip;]","og_url":"https:\/\/www.eldiariodetucuman.com\/web\/trump-otra-vez-le-tiro-la-bronca-a-corea-del-norte\/","og_site_name":"El Diario de Tucuman","article_published_time":"2018-08-25T15:50:10+00:00","author":"eldiario detucuman","twitter_card":"summary_large_image","twitter_misc":{"Escrito por":"eldiario detucuman","Tiempo de lectura":"1 minuto"},"schema":{"@context":"https:\/\/schema.org","@graph":[{"@type":"Article","@id":"https:\/\/www.eldiariodetucuman.com\/web\/trump-otra-vez-le-tiro-la-bronca-a-corea-del-norte\/#article","isPartOf":{"@id":"https:\/\/www.eldiariodetucuman.com\/web\/trump-otra-vez-le-tiro-la-bronca-a-corea-del-norte\/"},"author":{"name":"eldiario detucuman","@id":"https:\/\/www.eldiariodetucuman.com\/web\/#\/schema\/person\/6f95946e54fde848b878ffa4928071d5"},"headline":"Trump, otra vez \u00able tir\u00f3 la bronca\u00bb a Corea del Norte","datePublished":"2018-08-25T15:50:10+00:00","mainEntityOfPage":{"@id":"https:\/\/www.eldiariodetucuman.com\/web\/trump-otra-vez-le-tiro-la-bronca-a-corea-del-norte\/"},"wordCount":216,"commentCount":0,"publisher":{"@id":"https:\/\/www.eldiariodetucuman.com\/web\/#organization"},"articleSection":["Internacionales"],"inLanguage":"es","potentialAction":[{"@type":"CommentAction","name":"Comment","target":["https:\/\/www.eldiariodetucuman.com\/web\/trump-otra-vez-le-tiro-la-bronca-a-corea-del-norte\/#respond"]}]},{"@type":"WebPage","@id":"https:\/\/www.eldiariodetucuman.com\/web\/trump-otra-vez-le-tiro-la-bronca-a-corea-del-norte\/","url":"https:\/\/www.eldiariodetucuman.com\/web\/trump-otra-vez-le-tiro-la-bronca-a-corea-del-norte\/","name":"Trump, otra vez \"le tir\u00f3 la bronca\" a Corea del Norte - El Diario de Tucuman","isPartOf":{"@id":"https:\/\/www.eldiariodetucuman.com\/web\/#website"},"datePublished":"2018-08-25T15:50:10+00:00","breadcrumb":{"@id":"https:\/\/www.eldiariodetucuman.com\/web\/trump-otra-vez-le-tiro-la-bronca-a-corea-del-norte\/#breadcrumb"},"inLanguage":"es","potentialAction":[{"@type":"ReadAction","target":["https:\/\/www.eldiariodetucuman.com\/web\/trump-otra-vez-le-tiro-la-bronca-a-corea-del-norte\/"]}]},{"@type":"BreadcrumbList","@id":"https:\/\/www.eldiariodetucuman.com\/web\/trump-otra-vez-le-tiro-la-bronca-a-corea-del-norte\/#breadcrumb","itemListElement":[{"@type":"ListItem","position":1,"name":"Portada","item":"https:\/\/www.eldiariodetucuman.com\/web\/"},{"@type":"ListItem","position":2,"name":"Trump, otra vez \u00able tir\u00f3 la bronca\u00bb a Corea del Norte"}]},{"@type":"WebSite","@id":"https:\/\/www.eldiariodetucuman.com\/web\/#website","url":"https:\/\/www.eldiariodetucuman.com\/web\/","name":"El Diario de Tucuman","description":"Diario Tucuman - Informaci\u00f3n y noticias","publisher":{"@id":"https:\/\/www.eldiariodetucuman.com\/web\/#organization"},"potentialAction":[{"@type":"SearchAction","target":{"@type":"EntryPoint","urlTemplate":"https:\/\/www.eldiariodetucuman.com\/web\/?s={search_term_string}"},"query-input":{"@type":"PropertyValueSpecification","valueRequired":true,"valueName":"search_term_string"}}],"inLanguage":"es"},{"@type":"Organization","@id":"https:\/\/www.eldiariodetucuman.com\/web\/#organization","name":"El Diario de Tucuman","url":"https:\/\/www.eldiariodetucuman.com\/web\/","logo":{"@type":"ImageObject","inLanguage":"es","@id":"https:\/\/www.eldiariodetucuman.com\/web\/#\/schema\/logo\/image\/","url":"http:\/\/www.eldiariodetucuman.com\/web\/wp-content\/uploads\/2017\/12\/el-diario-de-tucuman.jpg","contentUrl":"http:\/\/www.eldiariodetucuman.com\/web\/wp-content\/uploads\/2017\/12\/el-diario-de-tucuman.jpg","width":272,"height":92,"caption":"El Diario de Tucuman"},"image":{"@id":"https:\/\/www.eldiariodetucuman.com\/web\/#\/schema\/logo\/image\/"}},{"@type":"Person","@id":"https:\/\/www.eldiariodetucuman.com\/web\/#\/schema\/person\/6f95946e54fde848b878ffa4928071d5","name":"eldiario detucuman","image":{"@type":"ImageObject","inLanguage":"es","@id":"https:\/\/secure.gravatar.com\/avatar\/b6e1f89c5c4044c4962c8e6c20b1ca2cc99f549c965908afd4ec5308b3f51bfe?s=96&d=mm&r=g","url":"https:\/\/secure.gravatar.com\/avatar\/b6e1f89c5c4044c4962c8e6c20b1ca2cc99f549c965908afd4ec5308b3f51bfe?s=96&d=mm&r=g","contentUrl":"https:\/\/secure.gravatar.com\/avatar\/b6e1f89c5c4044c4962c8e6c20b1ca2cc99f549c965908afd4ec5308b3f51bfe?s=96&d=mm&r=g","caption":"eldiario detucuman"},"url":"https:\/\/www.eldiariodetucuman.com\/web\/author\/eldiariodetucuman\/"}]}},"_links":{"self":[{"href":"https:\/\/www.eldiariodetucuman.com\/web\/wp-json\/wp\/v2\/posts\/15803","targetHints":{"allow":["GET"]}}],"collection":[{"href":"https:\/\/www.eldiariodetucuman.com\/web\/wp-json\/wp\/v2\/posts"}],"about":[{"href":"https:\/\/www.eldiariodetucuman.com\/web\/wp-json\/wp\/v2\/types\/post"}],"author":[{"embeddable":true,"href":"https:\/\/www.eldiariodetucuman.com\/web\/wp-json\/wp\/v2\/users\/4"}],"replies":[{"embeddable":true,"href":"https:\/\/www.eldiariodetucuman.com\/web\/wp-json\/wp\/v2\/comments?post=15803"}],"version-history":[{"count":0,"href":"https:\/\/www.eldiariodetucuman.com\/web\/wp-json\/wp\/v2\/posts\/15803\/revisions"}],"wp:attachment":[{"href":"https:\/\/www.eldiariodetucuman.com\/web\/wp-json\/wp\/v2\/media?parent=15803"}],"wp:term":[{"taxonomy":"category","embeddable":true,"href":"https:\/\/www.eldiariodetucuman.com\/web\/wp-json\/wp\/v2\/categories?post=15803"},{"taxonomy":"post_tag","embeddable":true,"href":"https:\/\/www.eldiariodetucuman.com\/web\/wp-json\/wp\/v2\/tags?post=15803"}],"curies":[{"name":"wp","href":"https:\/\/api.w.org\/{rel}","templated":true}]}}