{"id":15802,"date":"2018-08-25T12:50:05","date_gmt":"2018-08-25T15:50:05","guid":{"rendered":"http:\/\/www.eldiariodetucuman.com\/web\/hawaii-sufre-las-consecuencias-del-huracan-lane\/"},"modified":"2018-08-25T12:50:05","modified_gmt":"2018-08-25T15:50:05","slug":"hawaii-sufre-las-consecuencias-del-huracan-lane","status":"publish","type":"post","link":"https:\/\/www.eldiariodetucuman.com\/web\/hawaii-sufre-las-consecuencias-del-huracan-lane\/","title":{"rendered":"Hawaii sufre las consecuencias del hurac\u00e1n Lane"},"content":{"rendered":"<div>\n<div itemprop=\"articleBody\" readability=\"71.538214858365\">\n<p>La amenaza se hizo realidad. Aunque en la noche del pasado jueves el hurac\u00e1n Lane se redujo a categor\u00eda 2 dej\u00f3 su huella en   <a href=\"https:\/\/www.cronica.com.ar\/tags\/Hawaii\">Hawaii<\/a>, que no tiene respiro. Despu\u00e9s del desastre provocado por la erupci\u00f3n del volc\u00e1n Kalieua, este viernes\u00a0lleg\u00f3 el tornado que provoc\u00f3 inundaciones y deslizamientos de tierra. En tanto, se aguardaba que tocara el archipi\u00e9lago con toda su furia, mientras avanzaba con r\u00e1fagas de 195 kil\u00f3metros por hora.<\/p>\n<p>Ante la llegada del peligro, viviendas y negocios se vieron en esta jornada con las ventanas y las puertas tapadas con maderas, para enfrentar el fuerte viento, mientras que sacos de arena fueron colocados para impedir la entrada de agua. Las mismas prevenciones tomaron los hoteles, que instaron a los turistas a permanecer en zonas seguras, aunque muchos desafiaron el viento y se dedicaron a disfrutar de la playa y el mar el mayor tiempo posible.<\/p>\n<p>Todas estas precauciones respondieron al pedido de las autoridades de extremar los cuidados. <em>\u00abEs una situaci\u00f3n muy peligrosa, por lo que se deber\u00edan evitar los traslados innecesarios\u00bb<\/em>, expres\u00f3 el gobernador <strong>David Ige<\/strong>, quien hab\u00eda instado a la poblaci\u00f3n a hacer acopio de comida y alimentos para dos semanas. Sus palabras est\u00e1n relacionadas con las inundaciones que ya se provocaron en algunas partes del archipi\u00e9lago y el deslizamiento de tierra que tap\u00f3 varios caminos.<\/p>\n<p>Mientras tanto, las evacuaciones continuaron ayer en los sectores m\u00e1s afectados de las islas Maui y Molokai y unas 1.500 personas debieron abandonar sus hogares.<\/p>\n<p><strong>Esperan lo peor<\/strong><\/p>\n<p>Seg\u00fan calculan, el ojo del hurac\u00e1n tocara las islas de Oahu, Maui, Lanai y Molokai, con r\u00e1fagas de unos 120 kil\u00f3metros por hora, por lo que fue considerado como m\u00e1s peligroso en llegar a   <a href=\"https:\/\/www.cronica.com.ar\/tags\/Hawaii\">Hawaii<\/a> desde que Iniki golpe\u00f3 al archipi\u00e9lago en 1992, provocando la muerte de seis personas y causando da\u00f1o millonarios.<\/p>\n<p>\n <iframe loading=\"lazy\" allow=\"autoplay; encrypted-media\" allowfullscreen=\"\" frameborder=\"0\" height=\"315\" src=\"https:\/\/www.youtube.com\/embed\/tpz4XcdvvIw\" width=\"560\"><\/iframe><br \/>\n <span class=\"item first\"><\/span><br \/>\n <span class=\"item second\"><\/span><br \/>\n <span class=\"item third\"><\/span>\n<\/p>\n<p>\n <iframe loading=\"lazy\" allow=\"autoplay; encrypted-media\" allowfullscreen=\"\" frameborder=\"0\" height=\"315\" src=\"https:\/\/www.youtube.com\/embed\/PzmKP6JH9Ts\" width=\"560\"><\/iframe><br \/>\n <span class=\"item first\"><\/span><br \/>\n <span class=\"item second\"><\/span><br \/>\n <span class=\"item third\"><\/span>\n<\/p>\n<p>\u00a0<\/p>\n<\/div>\n<\/div>\n","protected":false},"excerpt":{"rendered":"<p>La amenaza se hizo realidad. Aunque en la noche del pasado jueves el hurac\u00e1n Lane se redujo a categor\u00eda 2 dej\u00f3 su huella en Hawaii, que no tiene respiro. Despu\u00e9s del desastre provocado por la erupci\u00f3n del volc\u00e1n Kalieua, este viernes\u00a0lleg\u00f3 el tornado que provoc\u00f3 inundaciones y deslizamientos de tierra. En tanto, se aguardaba que [&hellip;]<\/p>\n","protected":false},"author":4,"featured_media":0,"comment_status":"open","ping_status":"closed","sticky":false,"template":"","format":"standard","meta":{"footnotes":""},"categories":[194],"tags":[],"class_list":{"0":"post-15802","1":"post","2":"type-post","3":"status-publish","4":"format-standard","6":"category-internacionales"},"yoast_head":"<!-- This site is optimized with the Yoast SEO plugin v27.4 - https:\/\/yoast.com\/product\/yoast-seo-wordpress\/ -->\n<title>Hawaii sufre las consecuencias del hurac\u00e1n Lane - El Diario de Tucuman<\/title>\n<meta name=\"robots\" content=\"index, follow, max-snippet:-1, max-image-preview:large, max-video-preview:-1\" \/>\n<link rel=\"canonical\" href=\"https:\/\/www.eldiariodetucuman.com\/web\/hawaii-sufre-las-consecuencias-del-huracan-lane\/\" \/>\n<meta property=\"og:locale\" content=\"es_ES\" \/>\n<meta property=\"og:type\" content=\"article\" \/>\n<meta property=\"og:title\" content=\"Hawaii sufre las consecuencias del hurac\u00e1n Lane - El Diario de Tucuman\" \/>\n<meta property=\"og:description\" content=\"La amenaza se hizo realidad. Aunque en la noche del pasado jueves el hurac\u00e1n Lane se redujo a categor\u00eda 2 dej\u00f3 su huella en Hawaii, que no tiene respiro. Despu\u00e9s del desastre provocado por la erupci\u00f3n del volc\u00e1n Kalieua, este viernes\u00a0lleg\u00f3 el tornado que provoc\u00f3 inundaciones y deslizamientos de tierra. En tanto, se aguardaba que [&hellip;]\" \/>\n<meta property=\"og:url\" content=\"https:\/\/www.eldiariodetucuman.com\/web\/hawaii-sufre-las-consecuencias-del-huracan-lane\/\" \/>\n<meta property=\"og:site_name\" content=\"El Diario de Tucuman\" \/>\n<meta property=\"article:published_time\" content=\"2018-08-25T15:50:05+00:00\" \/>\n<meta name=\"author\" content=\"eldiario detucuman\" \/>\n<meta name=\"twitter:card\" content=\"summary_large_image\" \/>\n<meta name=\"twitter:label1\" content=\"Escrito por\" \/>\n\t<meta name=\"twitter:data1\" content=\"eldiario detucuman\" \/>\n\t<meta name=\"twitter:label2\" content=\"Tiempo de lectura\" \/>\n\t<meta name=\"twitter:data2\" content=\"2 minutos\" \/>\n<script type=\"application\/ld+json\" class=\"yoast-schema-graph\">{\"@context\":\"https:\\\/\\\/schema.org\",\"@graph\":[{\"@type\":\"Article\",\"@id\":\"https:\\\/\\\/www.eldiariodetucuman.com\\\/web\\\/hawaii-sufre-las-consecuencias-del-huracan-lane\\\/#article\",\"isPartOf\":{\"@id\":\"https:\\\/\\\/www.eldiariodetucuman.com\\\/web\\\/hawaii-sufre-las-consecuencias-del-huracan-lane\\\/\"},\"author\":{\"name\":\"eldiario detucuman\",\"@id\":\"https:\\\/\\\/www.eldiariodetucuman.com\\\/web\\\/#\\\/schema\\\/person\\\/6f95946e54fde848b878ffa4928071d5\"},\"headline\":\"Hawaii sufre las consecuencias del hurac\u00e1n Lane\",\"datePublished\":\"2018-08-25T15:50:05+00:00\",\"mainEntityOfPage\":{\"@id\":\"https:\\\/\\\/www.eldiariodetucuman.com\\\/web\\\/hawaii-sufre-las-consecuencias-del-huracan-lane\\\/\"},\"wordCount\":327,\"commentCount\":0,\"publisher\":{\"@id\":\"https:\\\/\\\/www.eldiariodetucuman.com\\\/web\\\/#organization\"},\"articleSection\":[\"Internacionales\"],\"inLanguage\":\"es\",\"potentialAction\":[{\"@type\":\"CommentAction\",\"name\":\"Comment\",\"target\":[\"https:\\\/\\\/www.eldiariodetucuman.com\\\/web\\\/hawaii-sufre-las-consecuencias-del-huracan-lane\\\/#respond\"]}]},{\"@type\":\"WebPage\",\"@id\":\"https:\\\/\\\/www.eldiariodetucuman.com\\\/web\\\/hawaii-sufre-las-consecuencias-del-huracan-lane\\\/\",\"url\":\"https:\\\/\\\/www.eldiariodetucuman.com\\\/web\\\/hawaii-sufre-las-consecuencias-del-huracan-lane\\\/\",\"name\":\"Hawaii sufre las consecuencias del hurac\u00e1n Lane - El Diario de Tucuman\",\"isPartOf\":{\"@id\":\"https:\\\/\\\/www.eldiariodetucuman.com\\\/web\\\/#website\"},\"datePublished\":\"2018-08-25T15:50:05+00:00\",\"breadcrumb\":{\"@id\":\"https:\\\/\\\/www.eldiariodetucuman.com\\\/web\\\/hawaii-sufre-las-consecuencias-del-huracan-lane\\\/#breadcrumb\"},\"inLanguage\":\"es\",\"potentialAction\":[{\"@type\":\"ReadAction\",\"target\":[\"https:\\\/\\\/www.eldiariodetucuman.com\\\/web\\\/hawaii-sufre-las-consecuencias-del-huracan-lane\\\/\"]}]},{\"@type\":\"BreadcrumbList\",\"@id\":\"https:\\\/\\\/www.eldiariodetucuman.com\\\/web\\\/hawaii-sufre-las-consecuencias-del-huracan-lane\\\/#breadcrumb\",\"itemListElement\":[{\"@type\":\"ListItem\",\"position\":1,\"name\":\"Portada\",\"item\":\"https:\\\/\\\/www.eldiariodetucuman.com\\\/web\\\/\"},{\"@type\":\"ListItem\",\"position\":2,\"name\":\"Hawaii sufre las consecuencias del hurac\u00e1n Lane\"}]},{\"@type\":\"WebSite\",\"@id\":\"https:\\\/\\\/www.eldiariodetucuman.com\\\/web\\\/#website\",\"url\":\"https:\\\/\\\/www.eldiariodetucuman.com\\\/web\\\/\",\"name\":\"El Diario de Tucuman\",\"description\":\"Diario Tucuman - Informaci\u00f3n y noticias\",\"publisher\":{\"@id\":\"https:\\\/\\\/www.eldiariodetucuman.com\\\/web\\\/#organization\"},\"potentialAction\":[{\"@type\":\"SearchAction\",\"target\":{\"@type\":\"EntryPoint\",\"urlTemplate\":\"https:\\\/\\\/www.eldiariodetucuman.com\\\/web\\\/?s={search_term_string}\"},\"query-input\":{\"@type\":\"PropertyValueSpecification\",\"valueRequired\":true,\"valueName\":\"search_term_string\"}}],\"inLanguage\":\"es\"},{\"@type\":\"Organization\",\"@id\":\"https:\\\/\\\/www.eldiariodetucuman.com\\\/web\\\/#organization\",\"name\":\"El Diario de Tucuman\",\"url\":\"https:\\\/\\\/www.eldiariodetucuman.com\\\/web\\\/\",\"logo\":{\"@type\":\"ImageObject\",\"inLanguage\":\"es\",\"@id\":\"https:\\\/\\\/www.eldiariodetucuman.com\\\/web\\\/#\\\/schema\\\/logo\\\/image\\\/\",\"url\":\"http:\\\/\\\/www.eldiariodetucuman.com\\\/web\\\/wp-content\\\/uploads\\\/2017\\\/12\\\/el-diario-de-tucuman.jpg\",\"contentUrl\":\"http:\\\/\\\/www.eldiariodetucuman.com\\\/web\\\/wp-content\\\/uploads\\\/2017\\\/12\\\/el-diario-de-tucuman.jpg\",\"width\":272,\"height\":92,\"caption\":\"El Diario de Tucuman\"},\"image\":{\"@id\":\"https:\\\/\\\/www.eldiariodetucuman.com\\\/web\\\/#\\\/schema\\\/logo\\\/image\\\/\"}},{\"@type\":\"Person\",\"@id\":\"https:\\\/\\\/www.eldiariodetucuman.com\\\/web\\\/#\\\/schema\\\/person\\\/6f95946e54fde848b878ffa4928071d5\",\"name\":\"eldiario detucuman\",\"image\":{\"@type\":\"ImageObject\",\"inLanguage\":\"es\",\"@id\":\"https:\\\/\\\/secure.gravatar.com\\\/avatar\\\/b6e1f89c5c4044c4962c8e6c20b1ca2cc99f549c965908afd4ec5308b3f51bfe?s=96&d=mm&r=g\",\"url\":\"https:\\\/\\\/secure.gravatar.com\\\/avatar\\\/b6e1f89c5c4044c4962c8e6c20b1ca2cc99f549c965908afd4ec5308b3f51bfe?s=96&d=mm&r=g\",\"contentUrl\":\"https:\\\/\\\/secure.gravatar.com\\\/avatar\\\/b6e1f89c5c4044c4962c8e6c20b1ca2cc99f549c965908afd4ec5308b3f51bfe?s=96&d=mm&r=g\",\"caption\":\"eldiario detucuman\"},\"url\":\"https:\\\/\\\/www.eldiariodetucuman.com\\\/web\\\/author\\\/eldiariodetucuman\\\/\"}]}<\/script>\n<!-- \/ Yoast SEO plugin. -->","yoast_head_json":{"title":"Hawaii sufre las consecuencias del hurac\u00e1n Lane - El Diario de Tucuman","robots":{"index":"index","follow":"follow","max-snippet":"max-snippet:-1","max-image-preview":"max-image-preview:large","max-video-preview":"max-video-preview:-1"},"canonical":"https:\/\/www.eldiariodetucuman.com\/web\/hawaii-sufre-las-consecuencias-del-huracan-lane\/","og_locale":"es_ES","og_type":"article","og_title":"Hawaii sufre las consecuencias del hurac\u00e1n Lane - El Diario de Tucuman","og_description":"La amenaza se hizo realidad. Aunque en la noche del pasado jueves el hurac\u00e1n Lane se redujo a categor\u00eda 2 dej\u00f3 su huella en Hawaii, que no tiene respiro. Despu\u00e9s del desastre provocado por la erupci\u00f3n del volc\u00e1n Kalieua, este viernes\u00a0lleg\u00f3 el tornado que provoc\u00f3 inundaciones y deslizamientos de tierra. En tanto, se aguardaba que [&hellip;]","og_url":"https:\/\/www.eldiariodetucuman.com\/web\/hawaii-sufre-las-consecuencias-del-huracan-lane\/","og_site_name":"El Diario de Tucuman","article_published_time":"2018-08-25T15:50:05+00:00","author":"eldiario detucuman","twitter_card":"summary_large_image","twitter_misc":{"Escrito por":"eldiario detucuman","Tiempo de lectura":"2 minutos"},"schema":{"@context":"https:\/\/schema.org","@graph":[{"@type":"Article","@id":"https:\/\/www.eldiariodetucuman.com\/web\/hawaii-sufre-las-consecuencias-del-huracan-lane\/#article","isPartOf":{"@id":"https:\/\/www.eldiariodetucuman.com\/web\/hawaii-sufre-las-consecuencias-del-huracan-lane\/"},"author":{"name":"eldiario detucuman","@id":"https:\/\/www.eldiariodetucuman.com\/web\/#\/schema\/person\/6f95946e54fde848b878ffa4928071d5"},"headline":"Hawaii sufre las consecuencias del hurac\u00e1n Lane","datePublished":"2018-08-25T15:50:05+00:00","mainEntityOfPage":{"@id":"https:\/\/www.eldiariodetucuman.com\/web\/hawaii-sufre-las-consecuencias-del-huracan-lane\/"},"wordCount":327,"commentCount":0,"publisher":{"@id":"https:\/\/www.eldiariodetucuman.com\/web\/#organization"},"articleSection":["Internacionales"],"inLanguage":"es","potentialAction":[{"@type":"CommentAction","name":"Comment","target":["https:\/\/www.eldiariodetucuman.com\/web\/hawaii-sufre-las-consecuencias-del-huracan-lane\/#respond"]}]},{"@type":"WebPage","@id":"https:\/\/www.eldiariodetucuman.com\/web\/hawaii-sufre-las-consecuencias-del-huracan-lane\/","url":"https:\/\/www.eldiariodetucuman.com\/web\/hawaii-sufre-las-consecuencias-del-huracan-lane\/","name":"Hawaii sufre las consecuencias del hurac\u00e1n Lane - El Diario de Tucuman","isPartOf":{"@id":"https:\/\/www.eldiariodetucuman.com\/web\/#website"},"datePublished":"2018-08-25T15:50:05+00:00","breadcrumb":{"@id":"https:\/\/www.eldiariodetucuman.com\/web\/hawaii-sufre-las-consecuencias-del-huracan-lane\/#breadcrumb"},"inLanguage":"es","potentialAction":[{"@type":"ReadAction","target":["https:\/\/www.eldiariodetucuman.com\/web\/hawaii-sufre-las-consecuencias-del-huracan-lane\/"]}]},{"@type":"BreadcrumbList","@id":"https:\/\/www.eldiariodetucuman.com\/web\/hawaii-sufre-las-consecuencias-del-huracan-lane\/#breadcrumb","itemListElement":[{"@type":"ListItem","position":1,"name":"Portada","item":"https:\/\/www.eldiariodetucuman.com\/web\/"},{"@type":"ListItem","position":2,"name":"Hawaii sufre las consecuencias del hurac\u00e1n Lane"}]},{"@type":"WebSite","@id":"https:\/\/www.eldiariodetucuman.com\/web\/#website","url":"https:\/\/www.eldiariodetucuman.com\/web\/","name":"El Diario de Tucuman","description":"Diario Tucuman - Informaci\u00f3n y noticias","publisher":{"@id":"https:\/\/www.eldiariodetucuman.com\/web\/#organization"},"potentialAction":[{"@type":"SearchAction","target":{"@type":"EntryPoint","urlTemplate":"https:\/\/www.eldiariodetucuman.com\/web\/?s={search_term_string}"},"query-input":{"@type":"PropertyValueSpecification","valueRequired":true,"valueName":"search_term_string"}}],"inLanguage":"es"},{"@type":"Organization","@id":"https:\/\/www.eldiariodetucuman.com\/web\/#organization","name":"El Diario de Tucuman","url":"https:\/\/www.eldiariodetucuman.com\/web\/","logo":{"@type":"ImageObject","inLanguage":"es","@id":"https:\/\/www.eldiariodetucuman.com\/web\/#\/schema\/logo\/image\/","url":"http:\/\/www.eldiariodetucuman.com\/web\/wp-content\/uploads\/2017\/12\/el-diario-de-tucuman.jpg","contentUrl":"http:\/\/www.eldiariodetucuman.com\/web\/wp-content\/uploads\/2017\/12\/el-diario-de-tucuman.jpg","width":272,"height":92,"caption":"El Diario de Tucuman"},"image":{"@id":"https:\/\/www.eldiariodetucuman.com\/web\/#\/schema\/logo\/image\/"}},{"@type":"Person","@id":"https:\/\/www.eldiariodetucuman.com\/web\/#\/schema\/person\/6f95946e54fde848b878ffa4928071d5","name":"eldiario detucuman","image":{"@type":"ImageObject","inLanguage":"es","@id":"https:\/\/secure.gravatar.com\/avatar\/b6e1f89c5c4044c4962c8e6c20b1ca2cc99f549c965908afd4ec5308b3f51bfe?s=96&d=mm&r=g","url":"https:\/\/secure.gravatar.com\/avatar\/b6e1f89c5c4044c4962c8e6c20b1ca2cc99f549c965908afd4ec5308b3f51bfe?s=96&d=mm&r=g","contentUrl":"https:\/\/secure.gravatar.com\/avatar\/b6e1f89c5c4044c4962c8e6c20b1ca2cc99f549c965908afd4ec5308b3f51bfe?s=96&d=mm&r=g","caption":"eldiario detucuman"},"url":"https:\/\/www.eldiariodetucuman.com\/web\/author\/eldiariodetucuman\/"}]}},"_links":{"self":[{"href":"https:\/\/www.eldiariodetucuman.com\/web\/wp-json\/wp\/v2\/posts\/15802","targetHints":{"allow":["GET"]}}],"collection":[{"href":"https:\/\/www.eldiariodetucuman.com\/web\/wp-json\/wp\/v2\/posts"}],"about":[{"href":"https:\/\/www.eldiariodetucuman.com\/web\/wp-json\/wp\/v2\/types\/post"}],"author":[{"embeddable":true,"href":"https:\/\/www.eldiariodetucuman.com\/web\/wp-json\/wp\/v2\/users\/4"}],"replies":[{"embeddable":true,"href":"https:\/\/www.eldiariodetucuman.com\/web\/wp-json\/wp\/v2\/comments?post=15802"}],"version-history":[{"count":0,"href":"https:\/\/www.eldiariodetucuman.com\/web\/wp-json\/wp\/v2\/posts\/15802\/revisions"}],"wp:attachment":[{"href":"https:\/\/www.eldiariodetucuman.com\/web\/wp-json\/wp\/v2\/media?parent=15802"}],"wp:term":[{"taxonomy":"category","embeddable":true,"href":"https:\/\/www.eldiariodetucuman.com\/web\/wp-json\/wp\/v2\/categories?post=15802"},{"taxonomy":"post_tag","embeddable":true,"href":"https:\/\/www.eldiariodetucuman.com\/web\/wp-json\/wp\/v2\/tags?post=15802"}],"curies":[{"name":"wp","href":"https:\/\/api.w.org\/{rel}","templated":true}]}}