{"id":15801,"date":"2018-08-25T12:49:57","date_gmt":"2018-08-25T15:49:57","guid":{"rendered":"http:\/\/www.eldiariodetucuman.com\/web\/evo-morales-apoyo-a-cristina-buscan-perjudicarla-politicamente\/"},"modified":"2018-08-25T12:49:57","modified_gmt":"2018-08-25T15:49:57","slug":"evo-morales-apoyo-a-cristina-buscan-perjudicarla-politicamente","status":"publish","type":"post","link":"https:\/\/www.eldiariodetucuman.com\/web\/evo-morales-apoyo-a-cristina-buscan-perjudicarla-politicamente\/","title":{"rendered":"Evo Morales apoy\u00f3 a Cristina: \u00abBuscan perjudicarla pol\u00edticamente\u00bb\u00a0"},"content":{"rendered":"<div>\n<div itemprop=\"articleBody\" readability=\"40.53488372093\">\n<p>El presidente de   <a href=\"https:\/\/www.cronica.com.ar\/tags\/Bolivia\">Bolivia<\/a><strong>   <a href=\"https:\/\/www.cronica.com.ar\/tags\/Evo%20Morales\">Evo Morales<\/a><\/strong> se refiri\u00f3 a los allanamientos solicitados por el juez federal <strong>Claudio\u00a0Bonadio<\/strong>\u00a0a los domicilios de la actual senadora <strong>  <a href=\"https:\/\/www.cronica.com.ar\/tags\/Cristina%20Fern%C3%A1ndez%20de%20Kirchner\">Cristina Fern\u00e1ndez de Kirchner<\/a><\/strong> y cuestion\u00f3 la medida a trav\u00e9s de su<em> Twitter<\/em>\u00a0oficial.\u00a0<\/p>\n<p><em>\u00abEl Senado de Argentina ha decidido allanar los domicilios de la Hna.\u00a0Cristina Fern\u00e1ndez, en una medida irracional, impulsada por la derecha, que busca perjudicarle pol\u00edticamente\u00bb,<\/em> expres\u00f3.<\/p>\n<p>Adem\u00e1s, manifest\u00f3 su apoyo a la ex presidenta y consider\u00f3 que est\u00e1 sufriendo una <em>\u00abpersecuci\u00f3n judicial y medi\u00e1tica\u00bb.<\/em><\/p>\n<div>\n<figure class=\"image\"><img decoding=\"async\" alt=\"\" data-height=\"361\" data-size=\"w:464,h:361\" data-width=\"464\" hspace=\"5\" src=\"https:\/\/www.cronica.com.ar\/export\/sites\/cronica\/img\/2018\/08\/24\/evo_1.jpg_1817292061.jpg\" title=\"\" vspace=\"5\"><figcaption><\/figcaption><\/figure>\n<\/div>\n<p>\u00a0<\/p>\n<p>\u00a0<\/p>\n<\/div>\n<\/div>\n","protected":false},"excerpt":{"rendered":"<p>El presidente de Bolivia Evo Morales se refiri\u00f3 a los allanamientos solicitados por el juez federal Claudio\u00a0Bonadio\u00a0a los domicilios de la actual senadora Cristina Fern\u00e1ndez de Kirchner y cuestion\u00f3 la medida a trav\u00e9s de su Twitter\u00a0oficial.\u00a0 \u00abEl Senado de Argentina ha decidido allanar los domicilios de la Hna.\u00a0Cristina Fern\u00e1ndez, en una medida irracional, impulsada por [&hellip;]<\/p>\n","protected":false},"author":4,"featured_media":0,"comment_status":"open","ping_status":"closed","sticky":false,"template":"","format":"standard","meta":{"footnotes":""},"categories":[194],"tags":[],"class_list":{"0":"post-15801","1":"post","2":"type-post","3":"status-publish","4":"format-standard","6":"category-internacionales"},"yoast_head":"<!-- This site is optimized with the Yoast SEO plugin v27.4 - https:\/\/yoast.com\/product\/yoast-seo-wordpress\/ -->\n<title>Evo Morales apoy\u00f3 a Cristina: &quot;Buscan perjudicarla pol\u00edticamente&quot;\u00a0 - El Diario de Tucuman<\/title>\n<meta name=\"robots\" content=\"index, follow, max-snippet:-1, max-image-preview:large, max-video-preview:-1\" \/>\n<link rel=\"canonical\" href=\"https:\/\/www.eldiariodetucuman.com\/web\/evo-morales-apoyo-a-cristina-buscan-perjudicarla-politicamente\/\" \/>\n<meta property=\"og:locale\" content=\"es_ES\" \/>\n<meta property=\"og:type\" content=\"article\" \/>\n<meta property=\"og:title\" content=\"Evo Morales apoy\u00f3 a Cristina: &quot;Buscan perjudicarla pol\u00edticamente&quot;\u00a0 - El Diario de Tucuman\" \/>\n<meta property=\"og:description\" content=\"El presidente de Bolivia Evo Morales se refiri\u00f3 a los allanamientos solicitados por el juez federal Claudio\u00a0Bonadio\u00a0a los domicilios de la actual senadora Cristina Fern\u00e1ndez de Kirchner y cuestion\u00f3 la medida a trav\u00e9s de su Twitter\u00a0oficial.\u00a0 \u00abEl Senado de Argentina ha decidido allanar los domicilios de la Hna.\u00a0Cristina Fern\u00e1ndez, en una medida irracional, impulsada por [&hellip;]\" \/>\n<meta property=\"og:url\" content=\"https:\/\/www.eldiariodetucuman.com\/web\/evo-morales-apoyo-a-cristina-buscan-perjudicarla-politicamente\/\" \/>\n<meta property=\"og:site_name\" content=\"El Diario de Tucuman\" \/>\n<meta property=\"article:published_time\" content=\"2018-08-25T15:49:57+00:00\" \/>\n<meta property=\"og:image\" content=\"https:\/\/www.cronica.com.ar\/export\/sites\/cronica\/img\/2018\/08\/24\/evo_1.jpg_1817292061.jpg\" \/>\n<meta name=\"author\" content=\"eldiario detucuman\" \/>\n<meta name=\"twitter:card\" content=\"summary_large_image\" \/>\n<meta name=\"twitter:label1\" content=\"Escrito por\" \/>\n\t<meta name=\"twitter:data1\" content=\"eldiario detucuman\" \/>\n<script type=\"application\/ld+json\" class=\"yoast-schema-graph\">{\"@context\":\"https:\\\/\\\/schema.org\",\"@graph\":[{\"@type\":\"Article\",\"@id\":\"https:\\\/\\\/www.eldiariodetucuman.com\\\/web\\\/evo-morales-apoyo-a-cristina-buscan-perjudicarla-politicamente\\\/#article\",\"isPartOf\":{\"@id\":\"https:\\\/\\\/www.eldiariodetucuman.com\\\/web\\\/evo-morales-apoyo-a-cristina-buscan-perjudicarla-politicamente\\\/\"},\"author\":{\"name\":\"eldiario detucuman\",\"@id\":\"https:\\\/\\\/www.eldiariodetucuman.com\\\/web\\\/#\\\/schema\\\/person\\\/6f95946e54fde848b878ffa4928071d5\"},\"headline\":\"Evo Morales apoy\u00f3 a Cristina: \u00abBuscan perjudicarla pol\u00edticamente\u00bb\u00a0\",\"datePublished\":\"2018-08-25T15:49:57+00:00\",\"mainEntityOfPage\":{\"@id\":\"https:\\\/\\\/www.eldiariodetucuman.com\\\/web\\\/evo-morales-apoyo-a-cristina-buscan-perjudicarla-politicamente\\\/\"},\"wordCount\":100,\"commentCount\":0,\"publisher\":{\"@id\":\"https:\\\/\\\/www.eldiariodetucuman.com\\\/web\\\/#organization\"},\"image\":{\"@id\":\"https:\\\/\\\/www.eldiariodetucuman.com\\\/web\\\/evo-morales-apoyo-a-cristina-buscan-perjudicarla-politicamente\\\/#primaryimage\"},\"thumbnailUrl\":\"https:\\\/\\\/www.cronica.com.ar\\\/export\\\/sites\\\/cronica\\\/img\\\/2018\\\/08\\\/24\\\/evo_1.jpg_1817292061.jpg\",\"articleSection\":[\"Internacionales\"],\"inLanguage\":\"es\",\"potentialAction\":[{\"@type\":\"CommentAction\",\"name\":\"Comment\",\"target\":[\"https:\\\/\\\/www.eldiariodetucuman.com\\\/web\\\/evo-morales-apoyo-a-cristina-buscan-perjudicarla-politicamente\\\/#respond\"]}]},{\"@type\":\"WebPage\",\"@id\":\"https:\\\/\\\/www.eldiariodetucuman.com\\\/web\\\/evo-morales-apoyo-a-cristina-buscan-perjudicarla-politicamente\\\/\",\"url\":\"https:\\\/\\\/www.eldiariodetucuman.com\\\/web\\\/evo-morales-apoyo-a-cristina-buscan-perjudicarla-politicamente\\\/\",\"name\":\"Evo Morales apoy\u00f3 a Cristina: \\\"Buscan perjudicarla pol\u00edticamente\\\"\u00a0 - El Diario de Tucuman\",\"isPartOf\":{\"@id\":\"https:\\\/\\\/www.eldiariodetucuman.com\\\/web\\\/#website\"},\"primaryImageOfPage\":{\"@id\":\"https:\\\/\\\/www.eldiariodetucuman.com\\\/web\\\/evo-morales-apoyo-a-cristina-buscan-perjudicarla-politicamente\\\/#primaryimage\"},\"image\":{\"@id\":\"https:\\\/\\\/www.eldiariodetucuman.com\\\/web\\\/evo-morales-apoyo-a-cristina-buscan-perjudicarla-politicamente\\\/#primaryimage\"},\"thumbnailUrl\":\"https:\\\/\\\/www.cronica.com.ar\\\/export\\\/sites\\\/cronica\\\/img\\\/2018\\\/08\\\/24\\\/evo_1.jpg_1817292061.jpg\",\"datePublished\":\"2018-08-25T15:49:57+00:00\",\"breadcrumb\":{\"@id\":\"https:\\\/\\\/www.eldiariodetucuman.com\\\/web\\\/evo-morales-apoyo-a-cristina-buscan-perjudicarla-politicamente\\\/#breadcrumb\"},\"inLanguage\":\"es\",\"potentialAction\":[{\"@type\":\"ReadAction\",\"target\":[\"https:\\\/\\\/www.eldiariodetucuman.com\\\/web\\\/evo-morales-apoyo-a-cristina-buscan-perjudicarla-politicamente\\\/\"]}]},{\"@type\":\"ImageObject\",\"inLanguage\":\"es\",\"@id\":\"https:\\\/\\\/www.eldiariodetucuman.com\\\/web\\\/evo-morales-apoyo-a-cristina-buscan-perjudicarla-politicamente\\\/#primaryimage\",\"url\":\"https:\\\/\\\/www.cronica.com.ar\\\/export\\\/sites\\\/cronica\\\/img\\\/2018\\\/08\\\/24\\\/evo_1.jpg_1817292061.jpg\",\"contentUrl\":\"https:\\\/\\\/www.cronica.com.ar\\\/export\\\/sites\\\/cronica\\\/img\\\/2018\\\/08\\\/24\\\/evo_1.jpg_1817292061.jpg\"},{\"@type\":\"BreadcrumbList\",\"@id\":\"https:\\\/\\\/www.eldiariodetucuman.com\\\/web\\\/evo-morales-apoyo-a-cristina-buscan-perjudicarla-politicamente\\\/#breadcrumb\",\"itemListElement\":[{\"@type\":\"ListItem\",\"position\":1,\"name\":\"Portada\",\"item\":\"https:\\\/\\\/www.eldiariodetucuman.com\\\/web\\\/\"},{\"@type\":\"ListItem\",\"position\":2,\"name\":\"Evo Morales apoy\u00f3 a Cristina: \u00abBuscan perjudicarla pol\u00edticamente\u00bb\u00a0\"}]},{\"@type\":\"WebSite\",\"@id\":\"https:\\\/\\\/www.eldiariodetucuman.com\\\/web\\\/#website\",\"url\":\"https:\\\/\\\/www.eldiariodetucuman.com\\\/web\\\/\",\"name\":\"El Diario de Tucuman\",\"description\":\"Diario Tucuman - Informaci\u00f3n y noticias\",\"publisher\":{\"@id\":\"https:\\\/\\\/www.eldiariodetucuman.com\\\/web\\\/#organization\"},\"potentialAction\":[{\"@type\":\"SearchAction\",\"target\":{\"@type\":\"EntryPoint\",\"urlTemplate\":\"https:\\\/\\\/www.eldiariodetucuman.com\\\/web\\\/?s={search_term_string}\"},\"query-input\":{\"@type\":\"PropertyValueSpecification\",\"valueRequired\":true,\"valueName\":\"search_term_string\"}}],\"inLanguage\":\"es\"},{\"@type\":\"Organization\",\"@id\":\"https:\\\/\\\/www.eldiariodetucuman.com\\\/web\\\/#organization\",\"name\":\"El Diario de Tucuman\",\"url\":\"https:\\\/\\\/www.eldiariodetucuman.com\\\/web\\\/\",\"logo\":{\"@type\":\"ImageObject\",\"inLanguage\":\"es\",\"@id\":\"https:\\\/\\\/www.eldiariodetucuman.com\\\/web\\\/#\\\/schema\\\/logo\\\/image\\\/\",\"url\":\"http:\\\/\\\/www.eldiariodetucuman.com\\\/web\\\/wp-content\\\/uploads\\\/2017\\\/12\\\/el-diario-de-tucuman.jpg\",\"contentUrl\":\"http:\\\/\\\/www.eldiariodetucuman.com\\\/web\\\/wp-content\\\/uploads\\\/2017\\\/12\\\/el-diario-de-tucuman.jpg\",\"width\":272,\"height\":92,\"caption\":\"El Diario de Tucuman\"},\"image\":{\"@id\":\"https:\\\/\\\/www.eldiariodetucuman.com\\\/web\\\/#\\\/schema\\\/logo\\\/image\\\/\"}},{\"@type\":\"Person\",\"@id\":\"https:\\\/\\\/www.eldiariodetucuman.com\\\/web\\\/#\\\/schema\\\/person\\\/6f95946e54fde848b878ffa4928071d5\",\"name\":\"eldiario detucuman\",\"image\":{\"@type\":\"ImageObject\",\"inLanguage\":\"es\",\"@id\":\"https:\\\/\\\/secure.gravatar.com\\\/avatar\\\/b6e1f89c5c4044c4962c8e6c20b1ca2cc99f549c965908afd4ec5308b3f51bfe?s=96&d=mm&r=g\",\"url\":\"https:\\\/\\\/secure.gravatar.com\\\/avatar\\\/b6e1f89c5c4044c4962c8e6c20b1ca2cc99f549c965908afd4ec5308b3f51bfe?s=96&d=mm&r=g\",\"contentUrl\":\"https:\\\/\\\/secure.gravatar.com\\\/avatar\\\/b6e1f89c5c4044c4962c8e6c20b1ca2cc99f549c965908afd4ec5308b3f51bfe?s=96&d=mm&r=g\",\"caption\":\"eldiario detucuman\"},\"url\":\"https:\\\/\\\/www.eldiariodetucuman.com\\\/web\\\/author\\\/eldiariodetucuman\\\/\"}]}<\/script>\n<!-- \/ Yoast SEO plugin. -->","yoast_head_json":{"title":"Evo Morales apoy\u00f3 a Cristina: \"Buscan perjudicarla pol\u00edticamente\"\u00a0 - El Diario de Tucuman","robots":{"index":"index","follow":"follow","max-snippet":"max-snippet:-1","max-image-preview":"max-image-preview:large","max-video-preview":"max-video-preview:-1"},"canonical":"https:\/\/www.eldiariodetucuman.com\/web\/evo-morales-apoyo-a-cristina-buscan-perjudicarla-politicamente\/","og_locale":"es_ES","og_type":"article","og_title":"Evo Morales apoy\u00f3 a Cristina: \"Buscan perjudicarla pol\u00edticamente\"\u00a0 - El Diario de Tucuman","og_description":"El presidente de Bolivia Evo Morales se refiri\u00f3 a los allanamientos solicitados por el juez federal Claudio\u00a0Bonadio\u00a0a los domicilios de la actual senadora Cristina Fern\u00e1ndez de Kirchner y cuestion\u00f3 la medida a trav\u00e9s de su Twitter\u00a0oficial.\u00a0 \u00abEl Senado de Argentina ha decidido allanar los domicilios de la Hna.\u00a0Cristina Fern\u00e1ndez, en una medida irracional, impulsada por [&hellip;]","og_url":"https:\/\/www.eldiariodetucuman.com\/web\/evo-morales-apoyo-a-cristina-buscan-perjudicarla-politicamente\/","og_site_name":"El Diario de Tucuman","article_published_time":"2018-08-25T15:49:57+00:00","og_image":[{"url":"https:\/\/www.cronica.com.ar\/export\/sites\/cronica\/img\/2018\/08\/24\/evo_1.jpg_1817292061.jpg","type":"","width":"","height":""}],"author":"eldiario detucuman","twitter_card":"summary_large_image","twitter_misc":{"Escrito por":"eldiario detucuman"},"schema":{"@context":"https:\/\/schema.org","@graph":[{"@type":"Article","@id":"https:\/\/www.eldiariodetucuman.com\/web\/evo-morales-apoyo-a-cristina-buscan-perjudicarla-politicamente\/#article","isPartOf":{"@id":"https:\/\/www.eldiariodetucuman.com\/web\/evo-morales-apoyo-a-cristina-buscan-perjudicarla-politicamente\/"},"author":{"name":"eldiario detucuman","@id":"https:\/\/www.eldiariodetucuman.com\/web\/#\/schema\/person\/6f95946e54fde848b878ffa4928071d5"},"headline":"Evo Morales apoy\u00f3 a Cristina: \u00abBuscan perjudicarla pol\u00edticamente\u00bb\u00a0","datePublished":"2018-08-25T15:49:57+00:00","mainEntityOfPage":{"@id":"https:\/\/www.eldiariodetucuman.com\/web\/evo-morales-apoyo-a-cristina-buscan-perjudicarla-politicamente\/"},"wordCount":100,"commentCount":0,"publisher":{"@id":"https:\/\/www.eldiariodetucuman.com\/web\/#organization"},"image":{"@id":"https:\/\/www.eldiariodetucuman.com\/web\/evo-morales-apoyo-a-cristina-buscan-perjudicarla-politicamente\/#primaryimage"},"thumbnailUrl":"https:\/\/www.cronica.com.ar\/export\/sites\/cronica\/img\/2018\/08\/24\/evo_1.jpg_1817292061.jpg","articleSection":["Internacionales"],"inLanguage":"es","potentialAction":[{"@type":"CommentAction","name":"Comment","target":["https:\/\/www.eldiariodetucuman.com\/web\/evo-morales-apoyo-a-cristina-buscan-perjudicarla-politicamente\/#respond"]}]},{"@type":"WebPage","@id":"https:\/\/www.eldiariodetucuman.com\/web\/evo-morales-apoyo-a-cristina-buscan-perjudicarla-politicamente\/","url":"https:\/\/www.eldiariodetucuman.com\/web\/evo-morales-apoyo-a-cristina-buscan-perjudicarla-politicamente\/","name":"Evo Morales apoy\u00f3 a Cristina: \"Buscan perjudicarla pol\u00edticamente\"\u00a0 - El Diario de Tucuman","isPartOf":{"@id":"https:\/\/www.eldiariodetucuman.com\/web\/#website"},"primaryImageOfPage":{"@id":"https:\/\/www.eldiariodetucuman.com\/web\/evo-morales-apoyo-a-cristina-buscan-perjudicarla-politicamente\/#primaryimage"},"image":{"@id":"https:\/\/www.eldiariodetucuman.com\/web\/evo-morales-apoyo-a-cristina-buscan-perjudicarla-politicamente\/#primaryimage"},"thumbnailUrl":"https:\/\/www.cronica.com.ar\/export\/sites\/cronica\/img\/2018\/08\/24\/evo_1.jpg_1817292061.jpg","datePublished":"2018-08-25T15:49:57+00:00","breadcrumb":{"@id":"https:\/\/www.eldiariodetucuman.com\/web\/evo-morales-apoyo-a-cristina-buscan-perjudicarla-politicamente\/#breadcrumb"},"inLanguage":"es","potentialAction":[{"@type":"ReadAction","target":["https:\/\/www.eldiariodetucuman.com\/web\/evo-morales-apoyo-a-cristina-buscan-perjudicarla-politicamente\/"]}]},{"@type":"ImageObject","inLanguage":"es","@id":"https:\/\/www.eldiariodetucuman.com\/web\/evo-morales-apoyo-a-cristina-buscan-perjudicarla-politicamente\/#primaryimage","url":"https:\/\/www.cronica.com.ar\/export\/sites\/cronica\/img\/2018\/08\/24\/evo_1.jpg_1817292061.jpg","contentUrl":"https:\/\/www.cronica.com.ar\/export\/sites\/cronica\/img\/2018\/08\/24\/evo_1.jpg_1817292061.jpg"},{"@type":"BreadcrumbList","@id":"https:\/\/www.eldiariodetucuman.com\/web\/evo-morales-apoyo-a-cristina-buscan-perjudicarla-politicamente\/#breadcrumb","itemListElement":[{"@type":"ListItem","position":1,"name":"Portada","item":"https:\/\/www.eldiariodetucuman.com\/web\/"},{"@type":"ListItem","position":2,"name":"Evo Morales apoy\u00f3 a Cristina: \u00abBuscan perjudicarla pol\u00edticamente\u00bb\u00a0"}]},{"@type":"WebSite","@id":"https:\/\/www.eldiariodetucuman.com\/web\/#website","url":"https:\/\/www.eldiariodetucuman.com\/web\/","name":"El Diario de Tucuman","description":"Diario Tucuman - Informaci\u00f3n y noticias","publisher":{"@id":"https:\/\/www.eldiariodetucuman.com\/web\/#organization"},"potentialAction":[{"@type":"SearchAction","target":{"@type":"EntryPoint","urlTemplate":"https:\/\/www.eldiariodetucuman.com\/web\/?s={search_term_string}"},"query-input":{"@type":"PropertyValueSpecification","valueRequired":true,"valueName":"search_term_string"}}],"inLanguage":"es"},{"@type":"Organization","@id":"https:\/\/www.eldiariodetucuman.com\/web\/#organization","name":"El Diario de Tucuman","url":"https:\/\/www.eldiariodetucuman.com\/web\/","logo":{"@type":"ImageObject","inLanguage":"es","@id":"https:\/\/www.eldiariodetucuman.com\/web\/#\/schema\/logo\/image\/","url":"http:\/\/www.eldiariodetucuman.com\/web\/wp-content\/uploads\/2017\/12\/el-diario-de-tucuman.jpg","contentUrl":"http:\/\/www.eldiariodetucuman.com\/web\/wp-content\/uploads\/2017\/12\/el-diario-de-tucuman.jpg","width":272,"height":92,"caption":"El Diario de Tucuman"},"image":{"@id":"https:\/\/www.eldiariodetucuman.com\/web\/#\/schema\/logo\/image\/"}},{"@type":"Person","@id":"https:\/\/www.eldiariodetucuman.com\/web\/#\/schema\/person\/6f95946e54fde848b878ffa4928071d5","name":"eldiario detucuman","image":{"@type":"ImageObject","inLanguage":"es","@id":"https:\/\/secure.gravatar.com\/avatar\/b6e1f89c5c4044c4962c8e6c20b1ca2cc99f549c965908afd4ec5308b3f51bfe?s=96&d=mm&r=g","url":"https:\/\/secure.gravatar.com\/avatar\/b6e1f89c5c4044c4962c8e6c20b1ca2cc99f549c965908afd4ec5308b3f51bfe?s=96&d=mm&r=g","contentUrl":"https:\/\/secure.gravatar.com\/avatar\/b6e1f89c5c4044c4962c8e6c20b1ca2cc99f549c965908afd4ec5308b3f51bfe?s=96&d=mm&r=g","caption":"eldiario detucuman"},"url":"https:\/\/www.eldiariodetucuman.com\/web\/author\/eldiariodetucuman\/"}]}},"_links":{"self":[{"href":"https:\/\/www.eldiariodetucuman.com\/web\/wp-json\/wp\/v2\/posts\/15801","targetHints":{"allow":["GET"]}}],"collection":[{"href":"https:\/\/www.eldiariodetucuman.com\/web\/wp-json\/wp\/v2\/posts"}],"about":[{"href":"https:\/\/www.eldiariodetucuman.com\/web\/wp-json\/wp\/v2\/types\/post"}],"author":[{"embeddable":true,"href":"https:\/\/www.eldiariodetucuman.com\/web\/wp-json\/wp\/v2\/users\/4"}],"replies":[{"embeddable":true,"href":"https:\/\/www.eldiariodetucuman.com\/web\/wp-json\/wp\/v2\/comments?post=15801"}],"version-history":[{"count":0,"href":"https:\/\/www.eldiariodetucuman.com\/web\/wp-json\/wp\/v2\/posts\/15801\/revisions"}],"wp:attachment":[{"href":"https:\/\/www.eldiariodetucuman.com\/web\/wp-json\/wp\/v2\/media?parent=15801"}],"wp:term":[{"taxonomy":"category","embeddable":true,"href":"https:\/\/www.eldiariodetucuman.com\/web\/wp-json\/wp\/v2\/categories?post=15801"},{"taxonomy":"post_tag","embeddable":true,"href":"https:\/\/www.eldiariodetucuman.com\/web\/wp-json\/wp\/v2\/tags?post=15801"}],"curies":[{"name":"wp","href":"https:\/\/api.w.org\/{rel}","templated":true}]}}