{"id":15792,"date":"2018-08-25T11:42:54","date_gmt":"2018-08-25T14:42:54","guid":{"rendered":"http:\/\/www.eldiariodetucuman.com\/web\/para-tailhade-la-causa-de-los-cuadernos-es-una-operacion-de-inteligencia\/"},"modified":"2018-08-25T11:42:56","modified_gmt":"2018-08-25T14:42:56","slug":"para-tailhade-la-causa-de-los-cuadernos-es-una-operacion-de-inteligencia","status":"publish","type":"post","link":"https:\/\/www.eldiariodetucuman.com\/web\/para-tailhade-la-causa-de-los-cuadernos-es-una-operacion-de-inteligencia\/","title":{"rendered":"Para Tailhade, la causa de los cuadernos es \u00abuna operaci\u00f3n de inteligencia\u00bb"},"content":{"rendered":"<div>\n<div readability=\"54.887573964497\">\n<p>El diputado nacional del Frente para la Victoria, <a href=\"https:\/\/www.elintransigente.com\/noticias\/buscar\/?buscar=Rodolfo+Tailhade\"><strong>Rodolfo Tailhade<\/strong><\/a>, asegur\u00f3 este s\u00e1bado que<strong> la causa por presunto pago de coimas <\/strong>detalladas en los cuadernos del exchofer de Roberto Baratta, Oscar Centeno, <strong>es \u00abuna operaci\u00f3n de inteligencia\u00bb<\/strong>, al tiempo que <strong>acus\u00f3 a la <a href=\"https:\/\/www.elintransigente.com\/noticias\/buscar\/?buscar=Agencia+Federal+de+Inteligencia\">Agencia Federal de Inteligencia<\/a> (Afi) de estar \u00abal servicio del espionaje pol\u00edtico y las operaciones contra opositores\u00bb<\/strong>.<\/p>\n<p>\u00abNo tengo ninguna duda de que esto es una operaci\u00f3n de inteligencia, la fabricaci\u00f3n de los cuadernos, independientemente de que se apoye en informaci\u00f3n verificable. Es una operaci\u00f3n de inteligencia que necesitaba que no aparecieran los originales\u00bb, sostuvo el dirigente opositor en di\u00e1logo con FM La Patriada.\u00a0<\/p>\n<aside class=\"htmlinline \"><ins class=\"adsbygoogle\" data-ad-layout=\"in-article\" data-ad-format=\"fluid\" data-ad-client=\"ca-pub-7781556717282971\" data-ad-slot=\"9383133609\"><\/ins><br \/>\n<\/aside>\n<p>En este marco, y en la misma l\u00ednea que la expresidenta Cristina Fern\u00e1ndez, el diputado se\u00f1al\u00f3 que \u00abla AFI de (el presidente Mauricio) Macri est\u00e1 puesta al servicio del espionaje pol\u00edtico y las operaciones contra opositores\u00bb. El integrante del bloque del Frente para la Victoria en la C\u00e1mara baja tambi\u00e9n cuestion\u00f3 al juez federal a cargo de la causa de los cuadernos, Claudio Bonadio, y al fiscal Carlos Stornelli.<\/p>\n<p>\u00abEst\u00e1n buscando fabricar pruebas para justificar el procesamiento y desafuero de (la senadora nacional) Cristina (Kirchner). No tienen ninguna intenci\u00f3n de averiguar la verdad en serio\u00bb, agreg\u00f3 Tailhade. En ese sentido, cuestion\u00f3 los dos allanamientos que se realizaron el pasado jueves en los inmuebles de la l\u00edder de Unidad Ciudadana, ubicados en el barrio porte\u00f1o de Recoleta y en la ciudad santacruce\u00f1a de R\u00edo Gallegos.\u00a0<\/p>\n<p>\u00abFueron 13 horas de m\u00e1xima centralidad en los medios de comunicaci\u00f3n dominante\u00bb, indic\u00f3 en referencia a la cobertura en vivo que hicieron varios canales de televisi\u00f3n. \u00abDur\u00f3 13 horas para generar un circo y que sea la noticia del d\u00eda todo el d\u00eda\u00bb, manifest\u00f3 Tailhade, quien adem\u00e1s se quej\u00f3 de la \u00abestigmatizaci\u00f3n que surge\u00bb sobre la figura de la exjefa de Estado.<\/p>\n<p>Durante la jornada de hoy continuar\u00e1 el allanamiento en la tercera propiedad involucrada: la de El Calafate. Las operaciones comenzaron el viernes pasado el mediod\u00eda y continuaron hasta las 21. Fue una jornada tensa, con la presencia de manifestantes kirchneristas y la agresi\u00f3n a periodistas. Tras seis horas de inspecci\u00f3n, suspendieron el procedimiento que se retomar\u00e1 hoy, detallaron desde el diario La Naci\u00f3n.\u00a0<br \/>\n\u00a0<\/p>\n<\/div>\n<\/div>\n<p>Fuente: https:\/\/www.elintransigente.com\/politica\/2018\/8\/25\/para-tailhade-la-causa-de-los-cuadernos-es-una-operacion-de-inteligencia-507578.html<\/p>\n","protected":false},"excerpt":{"rendered":"<p>El diputado nacional del Frente para la Victoria, Rodolfo Tailhade, asegur\u00f3 este s\u00e1bado que la causa por presunto pago de coimas detalladas en los cuadernos del exchofer de Roberto Baratta, Oscar Centeno, es \u00abuna operaci\u00f3n de inteligencia\u00bb, al tiempo que acus\u00f3 a la Agencia Federal de Inteligencia (Afi) de estar \u00abal servicio del espionaje pol\u00edtico [&hellip;]<\/p>\n","protected":false},"author":1,"featured_media":15793,"comment_status":"open","ping_status":"closed","sticky":false,"template":"","format":"standard","meta":{"footnotes":""},"categories":[1],"tags":[],"class_list":{"0":"post-15792","1":"post","2":"type-post","3":"status-publish","4":"format-standard","5":"has-post-thumbnail","7":"category-portada"},"yoast_head":"<!-- This site is optimized with the Yoast SEO plugin v27.5 - https:\/\/yoast.com\/product\/yoast-seo-wordpress\/ -->\n<title>Para Tailhade, la causa de los cuadernos es &quot;una operaci\u00f3n de inteligencia&quot; - El Diario de Tucuman<\/title>\n<meta name=\"robots\" content=\"index, follow, max-snippet:-1, max-image-preview:large, max-video-preview:-1\" \/>\n<link rel=\"canonical\" href=\"https:\/\/www.eldiariodetucuman.com\/web\/para-tailhade-la-causa-de-los-cuadernos-es-una-operacion-de-inteligencia\/\" \/>\n<meta property=\"og:locale\" content=\"es_ES\" \/>\n<meta property=\"og:type\" content=\"article\" \/>\n<meta property=\"og:title\" content=\"Para Tailhade, la causa de los cuadernos es &quot;una operaci\u00f3n de inteligencia&quot; - El Diario de Tucuman\" \/>\n<meta property=\"og:description\" content=\"El diputado nacional del Frente para la Victoria, Rodolfo Tailhade, asegur\u00f3 este s\u00e1bado que la causa por presunto pago de coimas detalladas en los cuadernos del exchofer de Roberto Baratta, Oscar Centeno, es \u00abuna operaci\u00f3n de inteligencia\u00bb, al tiempo que acus\u00f3 a la Agencia Federal de Inteligencia (Afi) de estar \u00abal servicio del espionaje pol\u00edtico [&hellip;]\" \/>\n<meta property=\"og:url\" content=\"https:\/\/www.eldiariodetucuman.com\/web\/para-tailhade-la-causa-de-los-cuadernos-es-una-operacion-de-inteligencia\/\" \/>\n<meta property=\"og:site_name\" content=\"El Diario de Tucuman\" \/>\n<meta property=\"article:published_time\" content=\"2018-08-25T14:42:54+00:00\" \/>\n<meta property=\"article:modified_time\" content=\"2018-08-25T14:42:56+00:00\" \/>\n<meta property=\"og:image\" content=\"https:\/\/www.eldiariodetucuman.com\/web\/wp-content\/uploads\/2018\/08\/0201271e311aa8c8baa489594d563e7f.jpeg\" \/>\n\t<meta property=\"og:image:width\" content=\"960\" \/>\n\t<meta property=\"og:image:height\" content=\"540\" \/>\n\t<meta property=\"og:image:type\" content=\"image\/jpeg\" \/>\n<meta name=\"author\" content=\"admin\" \/>\n<meta name=\"twitter:card\" content=\"summary_large_image\" \/>\n<meta name=\"twitter:label1\" content=\"Escrito por\" \/>\n\t<meta name=\"twitter:data1\" content=\"admin\" \/>\n\t<meta name=\"twitter:label2\" content=\"Tiempo de lectura\" \/>\n\t<meta name=\"twitter:data2\" content=\"2 minutos\" \/>\n<script type=\"application\/ld+json\" class=\"yoast-schema-graph\">{\"@context\":\"https:\\\/\\\/schema.org\",\"@graph\":[{\"@type\":\"Article\",\"@id\":\"https:\\\/\\\/www.eldiariodetucuman.com\\\/web\\\/para-tailhade-la-causa-de-los-cuadernos-es-una-operacion-de-inteligencia\\\/#article\",\"isPartOf\":{\"@id\":\"https:\\\/\\\/www.eldiariodetucuman.com\\\/web\\\/para-tailhade-la-causa-de-los-cuadernos-es-una-operacion-de-inteligencia\\\/\"},\"author\":{\"name\":\"admin\",\"@id\":\"https:\\\/\\\/www.eldiariodetucuman.com\\\/web\\\/#\\\/schema\\\/person\\\/9250197d75ab5483412e19678b121caa\"},\"headline\":\"Para Tailhade, la causa de los cuadernos es \u00abuna operaci\u00f3n de inteligencia\u00bb\",\"datePublished\":\"2018-08-25T14:42:54+00:00\",\"dateModified\":\"2018-08-25T14:42:56+00:00\",\"mainEntityOfPage\":{\"@id\":\"https:\\\/\\\/www.eldiariodetucuman.com\\\/web\\\/para-tailhade-la-causa-de-los-cuadernos-es-una-operacion-de-inteligencia\\\/\"},\"wordCount\":415,\"commentCount\":0,\"publisher\":{\"@id\":\"https:\\\/\\\/www.eldiariodetucuman.com\\\/web\\\/#organization\"},\"image\":{\"@id\":\"https:\\\/\\\/www.eldiariodetucuman.com\\\/web\\\/para-tailhade-la-causa-de-los-cuadernos-es-una-operacion-de-inteligencia\\\/#primaryimage\"},\"thumbnailUrl\":\"https:\\\/\\\/www.eldiariodetucuman.com\\\/web\\\/wp-content\\\/uploads\\\/2018\\\/08\\\/0201271e311aa8c8baa489594d563e7f.jpeg\",\"articleSection\":[\"Portada\"],\"inLanguage\":\"es\",\"potentialAction\":[{\"@type\":\"CommentAction\",\"name\":\"Comment\",\"target\":[\"https:\\\/\\\/www.eldiariodetucuman.com\\\/web\\\/para-tailhade-la-causa-de-los-cuadernos-es-una-operacion-de-inteligencia\\\/#respond\"]}]},{\"@type\":\"WebPage\",\"@id\":\"https:\\\/\\\/www.eldiariodetucuman.com\\\/web\\\/para-tailhade-la-causa-de-los-cuadernos-es-una-operacion-de-inteligencia\\\/\",\"url\":\"https:\\\/\\\/www.eldiariodetucuman.com\\\/web\\\/para-tailhade-la-causa-de-los-cuadernos-es-una-operacion-de-inteligencia\\\/\",\"name\":\"Para Tailhade, la causa de los cuadernos es \\\"una operaci\u00f3n de inteligencia\\\" - El Diario de Tucuman\",\"isPartOf\":{\"@id\":\"https:\\\/\\\/www.eldiariodetucuman.com\\\/web\\\/#website\"},\"primaryImageOfPage\":{\"@id\":\"https:\\\/\\\/www.eldiariodetucuman.com\\\/web\\\/para-tailhade-la-causa-de-los-cuadernos-es-una-operacion-de-inteligencia\\\/#primaryimage\"},\"image\":{\"@id\":\"https:\\\/\\\/www.eldiariodetucuman.com\\\/web\\\/para-tailhade-la-causa-de-los-cuadernos-es-una-operacion-de-inteligencia\\\/#primaryimage\"},\"thumbnailUrl\":\"https:\\\/\\\/www.eldiariodetucuman.com\\\/web\\\/wp-content\\\/uploads\\\/2018\\\/08\\\/0201271e311aa8c8baa489594d563e7f.jpeg\",\"datePublished\":\"2018-08-25T14:42:54+00:00\",\"dateModified\":\"2018-08-25T14:42:56+00:00\",\"breadcrumb\":{\"@id\":\"https:\\\/\\\/www.eldiariodetucuman.com\\\/web\\\/para-tailhade-la-causa-de-los-cuadernos-es-una-operacion-de-inteligencia\\\/#breadcrumb\"},\"inLanguage\":\"es\",\"potentialAction\":[{\"@type\":\"ReadAction\",\"target\":[\"https:\\\/\\\/www.eldiariodetucuman.com\\\/web\\\/para-tailhade-la-causa-de-los-cuadernos-es-una-operacion-de-inteligencia\\\/\"]}]},{\"@type\":\"ImageObject\",\"inLanguage\":\"es\",\"@id\":\"https:\\\/\\\/www.eldiariodetucuman.com\\\/web\\\/para-tailhade-la-causa-de-los-cuadernos-es-una-operacion-de-inteligencia\\\/#primaryimage\",\"url\":\"https:\\\/\\\/www.eldiariodetucuman.com\\\/web\\\/wp-content\\\/uploads\\\/2018\\\/08\\\/0201271e311aa8c8baa489594d563e7f.jpeg\",\"contentUrl\":\"https:\\\/\\\/www.eldiariodetucuman.com\\\/web\\\/wp-content\\\/uploads\\\/2018\\\/08\\\/0201271e311aa8c8baa489594d563e7f.jpeg\",\"width\":960,\"height\":540},{\"@type\":\"BreadcrumbList\",\"@id\":\"https:\\\/\\\/www.eldiariodetucuman.com\\\/web\\\/para-tailhade-la-causa-de-los-cuadernos-es-una-operacion-de-inteligencia\\\/#breadcrumb\",\"itemListElement\":[{\"@type\":\"ListItem\",\"position\":1,\"name\":\"Portada\",\"item\":\"https:\\\/\\\/www.eldiariodetucuman.com\\\/web\\\/\"},{\"@type\":\"ListItem\",\"position\":2,\"name\":\"Para Tailhade, la causa de los cuadernos es \u00abuna operaci\u00f3n de inteligencia\u00bb\"}]},{\"@type\":\"WebSite\",\"@id\":\"https:\\\/\\\/www.eldiariodetucuman.com\\\/web\\\/#website\",\"url\":\"https:\\\/\\\/www.eldiariodetucuman.com\\\/web\\\/\",\"name\":\"El Diario de Tucuman\",\"description\":\"Diario Tucuman - Informaci\u00f3n y noticias\",\"publisher\":{\"@id\":\"https:\\\/\\\/www.eldiariodetucuman.com\\\/web\\\/#organization\"},\"potentialAction\":[{\"@type\":\"SearchAction\",\"target\":{\"@type\":\"EntryPoint\",\"urlTemplate\":\"https:\\\/\\\/www.eldiariodetucuman.com\\\/web\\\/?s={search_term_string}\"},\"query-input\":{\"@type\":\"PropertyValueSpecification\",\"valueRequired\":true,\"valueName\":\"search_term_string\"}}],\"inLanguage\":\"es\"},{\"@type\":\"Organization\",\"@id\":\"https:\\\/\\\/www.eldiariodetucuman.com\\\/web\\\/#organization\",\"name\":\"El Diario de Tucuman\",\"url\":\"https:\\\/\\\/www.eldiariodetucuman.com\\\/web\\\/\",\"logo\":{\"@type\":\"ImageObject\",\"inLanguage\":\"es\",\"@id\":\"https:\\\/\\\/www.eldiariodetucuman.com\\\/web\\\/#\\\/schema\\\/logo\\\/image\\\/\",\"url\":\"http:\\\/\\\/www.eldiariodetucuman.com\\\/web\\\/wp-content\\\/uploads\\\/2017\\\/12\\\/el-diario-de-tucuman.jpg\",\"contentUrl\":\"http:\\\/\\\/www.eldiariodetucuman.com\\\/web\\\/wp-content\\\/uploads\\\/2017\\\/12\\\/el-diario-de-tucuman.jpg\",\"width\":272,\"height\":92,\"caption\":\"El Diario de Tucuman\"},\"image\":{\"@id\":\"https:\\\/\\\/www.eldiariodetucuman.com\\\/web\\\/#\\\/schema\\\/logo\\\/image\\\/\"}},{\"@type\":\"Person\",\"@id\":\"https:\\\/\\\/www.eldiariodetucuman.com\\\/web\\\/#\\\/schema\\\/person\\\/9250197d75ab5483412e19678b121caa\",\"name\":\"admin\",\"image\":{\"@type\":\"ImageObject\",\"inLanguage\":\"es\",\"@id\":\"https:\\\/\\\/secure.gravatar.com\\\/avatar\\\/c44d117c2be811212c22cb481f6b8384b6873de103fbc49e7a03cc58d7dea4ac?s=96&d=mm&r=g\",\"url\":\"https:\\\/\\\/secure.gravatar.com\\\/avatar\\\/c44d117c2be811212c22cb481f6b8384b6873de103fbc49e7a03cc58d7dea4ac?s=96&d=mm&r=g\",\"contentUrl\":\"https:\\\/\\\/secure.gravatar.com\\\/avatar\\\/c44d117c2be811212c22cb481f6b8384b6873de103fbc49e7a03cc58d7dea4ac?s=96&d=mm&r=g\",\"caption\":\"admin\"},\"url\":\"https:\\\/\\\/www.eldiariodetucuman.com\\\/web\\\/author\\\/admin\\\/\"}]}<\/script>\n<!-- \/ Yoast SEO plugin. -->","yoast_head_json":{"title":"Para Tailhade, la causa de los cuadernos es \"una operaci\u00f3n de inteligencia\" - El Diario de Tucuman","robots":{"index":"index","follow":"follow","max-snippet":"max-snippet:-1","max-image-preview":"max-image-preview:large","max-video-preview":"max-video-preview:-1"},"canonical":"https:\/\/www.eldiariodetucuman.com\/web\/para-tailhade-la-causa-de-los-cuadernos-es-una-operacion-de-inteligencia\/","og_locale":"es_ES","og_type":"article","og_title":"Para Tailhade, la causa de los cuadernos es \"una operaci\u00f3n de inteligencia\" - El Diario de Tucuman","og_description":"El diputado nacional del Frente para la Victoria, Rodolfo Tailhade, asegur\u00f3 este s\u00e1bado que la causa por presunto pago de coimas detalladas en los cuadernos del exchofer de Roberto Baratta, Oscar Centeno, es \u00abuna operaci\u00f3n de inteligencia\u00bb, al tiempo que acus\u00f3 a la Agencia Federal de Inteligencia (Afi) de estar \u00abal servicio del espionaje pol\u00edtico [&hellip;]","og_url":"https:\/\/www.eldiariodetucuman.com\/web\/para-tailhade-la-causa-de-los-cuadernos-es-una-operacion-de-inteligencia\/","og_site_name":"El Diario de Tucuman","article_published_time":"2018-08-25T14:42:54+00:00","article_modified_time":"2018-08-25T14:42:56+00:00","og_image":[{"width":960,"height":540,"url":"https:\/\/www.eldiariodetucuman.com\/web\/wp-content\/uploads\/2018\/08\/0201271e311aa8c8baa489594d563e7f.jpeg","type":"image\/jpeg"}],"author":"admin","twitter_card":"summary_large_image","twitter_misc":{"Escrito por":"admin","Tiempo de lectura":"2 minutos"},"schema":{"@context":"https:\/\/schema.org","@graph":[{"@type":"Article","@id":"https:\/\/www.eldiariodetucuman.com\/web\/para-tailhade-la-causa-de-los-cuadernos-es-una-operacion-de-inteligencia\/#article","isPartOf":{"@id":"https:\/\/www.eldiariodetucuman.com\/web\/para-tailhade-la-causa-de-los-cuadernos-es-una-operacion-de-inteligencia\/"},"author":{"name":"admin","@id":"https:\/\/www.eldiariodetucuman.com\/web\/#\/schema\/person\/9250197d75ab5483412e19678b121caa"},"headline":"Para Tailhade, la causa de los cuadernos es \u00abuna operaci\u00f3n de inteligencia\u00bb","datePublished":"2018-08-25T14:42:54+00:00","dateModified":"2018-08-25T14:42:56+00:00","mainEntityOfPage":{"@id":"https:\/\/www.eldiariodetucuman.com\/web\/para-tailhade-la-causa-de-los-cuadernos-es-una-operacion-de-inteligencia\/"},"wordCount":415,"commentCount":0,"publisher":{"@id":"https:\/\/www.eldiariodetucuman.com\/web\/#organization"},"image":{"@id":"https:\/\/www.eldiariodetucuman.com\/web\/para-tailhade-la-causa-de-los-cuadernos-es-una-operacion-de-inteligencia\/#primaryimage"},"thumbnailUrl":"https:\/\/www.eldiariodetucuman.com\/web\/wp-content\/uploads\/2018\/08\/0201271e311aa8c8baa489594d563e7f.jpeg","articleSection":["Portada"],"inLanguage":"es","potentialAction":[{"@type":"CommentAction","name":"Comment","target":["https:\/\/www.eldiariodetucuman.com\/web\/para-tailhade-la-causa-de-los-cuadernos-es-una-operacion-de-inteligencia\/#respond"]}]},{"@type":"WebPage","@id":"https:\/\/www.eldiariodetucuman.com\/web\/para-tailhade-la-causa-de-los-cuadernos-es-una-operacion-de-inteligencia\/","url":"https:\/\/www.eldiariodetucuman.com\/web\/para-tailhade-la-causa-de-los-cuadernos-es-una-operacion-de-inteligencia\/","name":"Para Tailhade, la causa de los cuadernos es \"una operaci\u00f3n de inteligencia\" - El Diario de Tucuman","isPartOf":{"@id":"https:\/\/www.eldiariodetucuman.com\/web\/#website"},"primaryImageOfPage":{"@id":"https:\/\/www.eldiariodetucuman.com\/web\/para-tailhade-la-causa-de-los-cuadernos-es-una-operacion-de-inteligencia\/#primaryimage"},"image":{"@id":"https:\/\/www.eldiariodetucuman.com\/web\/para-tailhade-la-causa-de-los-cuadernos-es-una-operacion-de-inteligencia\/#primaryimage"},"thumbnailUrl":"https:\/\/www.eldiariodetucuman.com\/web\/wp-content\/uploads\/2018\/08\/0201271e311aa8c8baa489594d563e7f.jpeg","datePublished":"2018-08-25T14:42:54+00:00","dateModified":"2018-08-25T14:42:56+00:00","breadcrumb":{"@id":"https:\/\/www.eldiariodetucuman.com\/web\/para-tailhade-la-causa-de-los-cuadernos-es-una-operacion-de-inteligencia\/#breadcrumb"},"inLanguage":"es","potentialAction":[{"@type":"ReadAction","target":["https:\/\/www.eldiariodetucuman.com\/web\/para-tailhade-la-causa-de-los-cuadernos-es-una-operacion-de-inteligencia\/"]}]},{"@type":"ImageObject","inLanguage":"es","@id":"https:\/\/www.eldiariodetucuman.com\/web\/para-tailhade-la-causa-de-los-cuadernos-es-una-operacion-de-inteligencia\/#primaryimage","url":"https:\/\/www.eldiariodetucuman.com\/web\/wp-content\/uploads\/2018\/08\/0201271e311aa8c8baa489594d563e7f.jpeg","contentUrl":"https:\/\/www.eldiariodetucuman.com\/web\/wp-content\/uploads\/2018\/08\/0201271e311aa8c8baa489594d563e7f.jpeg","width":960,"height":540},{"@type":"BreadcrumbList","@id":"https:\/\/www.eldiariodetucuman.com\/web\/para-tailhade-la-causa-de-los-cuadernos-es-una-operacion-de-inteligencia\/#breadcrumb","itemListElement":[{"@type":"ListItem","position":1,"name":"Portada","item":"https:\/\/www.eldiariodetucuman.com\/web\/"},{"@type":"ListItem","position":2,"name":"Para Tailhade, la causa de los cuadernos es \u00abuna operaci\u00f3n de inteligencia\u00bb"}]},{"@type":"WebSite","@id":"https:\/\/www.eldiariodetucuman.com\/web\/#website","url":"https:\/\/www.eldiariodetucuman.com\/web\/","name":"El Diario de Tucuman","description":"Diario Tucuman - Informaci\u00f3n y noticias","publisher":{"@id":"https:\/\/www.eldiariodetucuman.com\/web\/#organization"},"potentialAction":[{"@type":"SearchAction","target":{"@type":"EntryPoint","urlTemplate":"https:\/\/www.eldiariodetucuman.com\/web\/?s={search_term_string}"},"query-input":{"@type":"PropertyValueSpecification","valueRequired":true,"valueName":"search_term_string"}}],"inLanguage":"es"},{"@type":"Organization","@id":"https:\/\/www.eldiariodetucuman.com\/web\/#organization","name":"El Diario de Tucuman","url":"https:\/\/www.eldiariodetucuman.com\/web\/","logo":{"@type":"ImageObject","inLanguage":"es","@id":"https:\/\/www.eldiariodetucuman.com\/web\/#\/schema\/logo\/image\/","url":"http:\/\/www.eldiariodetucuman.com\/web\/wp-content\/uploads\/2017\/12\/el-diario-de-tucuman.jpg","contentUrl":"http:\/\/www.eldiariodetucuman.com\/web\/wp-content\/uploads\/2017\/12\/el-diario-de-tucuman.jpg","width":272,"height":92,"caption":"El Diario de Tucuman"},"image":{"@id":"https:\/\/www.eldiariodetucuman.com\/web\/#\/schema\/logo\/image\/"}},{"@type":"Person","@id":"https:\/\/www.eldiariodetucuman.com\/web\/#\/schema\/person\/9250197d75ab5483412e19678b121caa","name":"admin","image":{"@type":"ImageObject","inLanguage":"es","@id":"https:\/\/secure.gravatar.com\/avatar\/c44d117c2be811212c22cb481f6b8384b6873de103fbc49e7a03cc58d7dea4ac?s=96&d=mm&r=g","url":"https:\/\/secure.gravatar.com\/avatar\/c44d117c2be811212c22cb481f6b8384b6873de103fbc49e7a03cc58d7dea4ac?s=96&d=mm&r=g","contentUrl":"https:\/\/secure.gravatar.com\/avatar\/c44d117c2be811212c22cb481f6b8384b6873de103fbc49e7a03cc58d7dea4ac?s=96&d=mm&r=g","caption":"admin"},"url":"https:\/\/www.eldiariodetucuman.com\/web\/author\/admin\/"}]}},"_links":{"self":[{"href":"https:\/\/www.eldiariodetucuman.com\/web\/wp-json\/wp\/v2\/posts\/15792","targetHints":{"allow":["GET"]}}],"collection":[{"href":"https:\/\/www.eldiariodetucuman.com\/web\/wp-json\/wp\/v2\/posts"}],"about":[{"href":"https:\/\/www.eldiariodetucuman.com\/web\/wp-json\/wp\/v2\/types\/post"}],"author":[{"embeddable":true,"href":"https:\/\/www.eldiariodetucuman.com\/web\/wp-json\/wp\/v2\/users\/1"}],"replies":[{"embeddable":true,"href":"https:\/\/www.eldiariodetucuman.com\/web\/wp-json\/wp\/v2\/comments?post=15792"}],"version-history":[{"count":1,"href":"https:\/\/www.eldiariodetucuman.com\/web\/wp-json\/wp\/v2\/posts\/15792\/revisions"}],"predecessor-version":[{"id":15794,"href":"https:\/\/www.eldiariodetucuman.com\/web\/wp-json\/wp\/v2\/posts\/15792\/revisions\/15794"}],"wp:featuredmedia":[{"embeddable":true,"href":"https:\/\/www.eldiariodetucuman.com\/web\/wp-json\/wp\/v2\/media\/15793"}],"wp:attachment":[{"href":"https:\/\/www.eldiariodetucuman.com\/web\/wp-json\/wp\/v2\/media?parent=15792"}],"wp:term":[{"taxonomy":"category","embeddable":true,"href":"https:\/\/www.eldiariodetucuman.com\/web\/wp-json\/wp\/v2\/categories?post=15792"},{"taxonomy":"post_tag","embeddable":true,"href":"https:\/\/www.eldiariodetucuman.com\/web\/wp-json\/wp\/v2\/tags?post=15792"}],"curies":[{"name":"wp","href":"https:\/\/api.w.org\/{rel}","templated":true}]}}