{"id":15789,"date":"2018-08-25T11:42:46","date_gmt":"2018-08-25T14:42:46","guid":{"rendered":"http:\/\/www.eldiariodetucuman.com\/web\/hay-cuadernos-porque-hay-ley-del-arrepentido-no-es-una-conspiracion\/"},"modified":"2018-08-25T11:42:49","modified_gmt":"2018-08-25T14:42:49","slug":"hay-cuadernos-porque-hay-ley-del-arrepentido-no-es-una-conspiracion","status":"publish","type":"post","link":"https:\/\/www.eldiariodetucuman.com\/web\/hay-cuadernos-porque-hay-ley-del-arrepentido-no-es-una-conspiracion\/","title":{"rendered":"\u00abHay cuadernos porque hay ley del arrepentido, no es una conspiraci\u00f3n\u00bb"},"content":{"rendered":"<div>\n<div readability=\"56.413097199341\">\n<p>El presidente del interbloque Cambiemos en Diputados, <a href=\"https:\/\/www.elintransigente.com\/noticias\/buscar\/?buscar=mario+negri\">Mario Negri<\/a>, opin\u00f3 esta ma\u00f1ana sobre el esc\u00e1ndalo de los \u00a0&#8220;cuadernos k&#8221; y descart\u00f3 la idea de &#8220;persecuci\u00f3n pol\u00edtica&#8221; contra el kirchnerismo. Adem\u00e1s, brind\u00f3 detalles sobre el encuentro que tuvo con <a href=\"https:\/\/www.elintransigente.com\/noticias\/buscar\/?buscar=Mauricio+Macri+\">Mauricio Macri <\/a>en Olivos. &#8220;En el encuentro con el presidente, los legisladores aprovechan a darle alguna impresi\u00f3n sobre sus provincias. No es una reuni\u00f3n de trabajo formalizada&#8221;, aclar\u00f3.<\/p>\n<p>Asimismo, sobre la<strong> extinci\u00f3n de dominio<\/strong>, Negri explic\u00f3 que &#8220;no ha entrado todav\u00eda&#8221;. &#8220;Fue aprobado con mayor\u00eda simple. <strong>Es un proyecto que esta muy lejos de lo que se aprob\u00f3 en Diputados<\/strong>, aunque hab\u00eda cosas modificables. Fue un acuerdo con el Frente Renovador. Se aprob\u00f3 en 2016, el mismo d\u00eda que la ley por la que tenemos los cuadernos, la del arrepentido. <strong>Lo que aprob\u00f3 el Senado es un decomiso maquillado<\/strong>&#8221;, indic\u00f3.\u00a0<\/p>\n<aside class=\"htmlinline \"><ins class=\"adsbygoogle\" data-ad-layout=\"in-article\" data-ad-format=\"fluid\" data-ad-client=\"ca-pub-7781556717282971\" data-ad-slot=\"9383133609\"><\/ins><br \/>\n<\/aside>\n<p>En tanto, en di\u00e1logo con el programa radial Semanario 530, sostuvo: &#8220;La ley ten\u00eda que ver con delitos de trata de personas, narcotrafico, corrupci\u00f3n. <strong>Mientras se avanza en el proceso penal se avanza en el civil<\/strong>. Va a hacer muy discutible la retroactividad. Nuestro proyecto invert\u00eda la carga de la prueba, en Senado estuvo dos a\u00f1os ese proyecto, estuvo a punto de caerse.Cuando un senador critica lo que se hizo en Diputados tendr\u00eda que explicar porque durante dos a\u00f1os no encontraron consenso&#8221;.\u00a0<\/p>\n<p>Adem\u00e1s, al ser consultado si se trataba de un &#8220;traje a medida del kirchnerismo&#8221;, respondi\u00f3: &#8220;El Senado dice que no, que despu\u00e9s de las sentencias judiciales puede iniciar acci\u00f3n civil. Se pierde tiempo. La acci\u00f3n aut\u00f3noma civil tiene el prop\u00f3sito de que el fiscal la inicie si hay evidencias de que el inmuebles ta vinculado al delito. El modelo se aplic\u00f3 en varios pa\u00edses. Es el modelo de Naciones Unidas. En Diputados se ampli\u00f3 la cantidad de delitos&#8221;.\u00a0<\/p>\n<p>Sobre el se\u00f1alamiento por parte de la oposici\u00f3n, de que existe un &#8220;freno al financiamiento de la obra p\u00fablica&#8221;, Negri pidi\u00f3 que se distingan &#8220;dos cosas&#8221;. &#8220;<strong>Puede tener efecto la investigaci\u00f3n judicial, pero no hay dos opciones si el pa\u00eds quiere ser serio<\/strong>.<strong> La opci\u00f3n no es encubrir delitos para que venga plata. Ser\u00eda una cueva, no un pa\u00eds<\/strong>. Se puede estar pagando un precio, que aumente la complejidad econ\u00f3mica, pero los cuadernos y los arrepentidos aparecieron ahora. No es una conspiraci\u00f3n de un despacho de la Casa ce Gobierno&#8221;, concluy\u00f3.<\/p>\n<p>\n\u00a0<\/p>\n<\/div>\n<\/div>\n<p>Fuente: https:\/\/www.elintransigente.com\/politica\/2018\/8\/25\/hay-cuadernos-porque-hay-ley-del-arrepentido-no-es-una-conspiracion-507580.html<\/p>\n","protected":false},"excerpt":{"rendered":"<p>El presidente del interbloque Cambiemos en Diputados, Mario Negri, opin\u00f3 esta ma\u00f1ana sobre el esc\u00e1ndalo de los \u00a0&#8220;cuadernos k&#8221; y descart\u00f3 la idea de &#8220;persecuci\u00f3n pol\u00edtica&#8221; contra el kirchnerismo. Adem\u00e1s, brind\u00f3 detalles sobre el encuentro que tuvo con Mauricio Macri en Olivos. &#8220;En el encuentro con el presidente, los legisladores aprovechan a darle alguna impresi\u00f3n [&hellip;]<\/p>\n","protected":false},"author":1,"featured_media":15790,"comment_status":"open","ping_status":"closed","sticky":false,"template":"","format":"standard","meta":{"footnotes":""},"categories":[1],"tags":[],"class_list":{"0":"post-15789","1":"post","2":"type-post","3":"status-publish","4":"format-standard","5":"has-post-thumbnail","7":"category-portada"},"yoast_head":"<!-- This site is optimized with the Yoast SEO plugin v27.5 - https:\/\/yoast.com\/product\/yoast-seo-wordpress\/ -->\n<title>&quot;Hay cuadernos porque hay ley del arrepentido, no es una conspiraci\u00f3n&quot; - El Diario de Tucuman<\/title>\n<meta name=\"robots\" content=\"index, follow, max-snippet:-1, max-image-preview:large, max-video-preview:-1\" \/>\n<link rel=\"canonical\" href=\"https:\/\/www.eldiariodetucuman.com\/web\/hay-cuadernos-porque-hay-ley-del-arrepentido-no-es-una-conspiracion\/\" \/>\n<meta property=\"og:locale\" content=\"es_ES\" \/>\n<meta property=\"og:type\" content=\"article\" \/>\n<meta property=\"og:title\" content=\"&quot;Hay cuadernos porque hay ley del arrepentido, no es una conspiraci\u00f3n&quot; - El Diario de Tucuman\" \/>\n<meta property=\"og:description\" content=\"El presidente del interbloque Cambiemos en Diputados, Mario Negri, opin\u00f3 esta ma\u00f1ana sobre el esc\u00e1ndalo de los \u00a0&#8220;cuadernos k&#8221; y descart\u00f3 la idea de &#8220;persecuci\u00f3n pol\u00edtica&#8221; contra el kirchnerismo. Adem\u00e1s, brind\u00f3 detalles sobre el encuentro que tuvo con Mauricio Macri en Olivos. &#8220;En el encuentro con el presidente, los legisladores aprovechan a darle alguna impresi\u00f3n [&hellip;]\" \/>\n<meta property=\"og:url\" content=\"https:\/\/www.eldiariodetucuman.com\/web\/hay-cuadernos-porque-hay-ley-del-arrepentido-no-es-una-conspiracion\/\" \/>\n<meta property=\"og:site_name\" content=\"El Diario de Tucuman\" \/>\n<meta property=\"article:published_time\" content=\"2018-08-25T14:42:46+00:00\" \/>\n<meta property=\"article:modified_time\" content=\"2018-08-25T14:42:49+00:00\" \/>\n<meta property=\"og:image\" content=\"https:\/\/www.eldiariodetucuman.com\/web\/wp-content\/uploads\/2018\/08\/719d8cecbbaf35c2dbaf77da1cebde5d.jpeg\" \/>\n\t<meta property=\"og:image:width\" content=\"960\" \/>\n\t<meta property=\"og:image:height\" content=\"640\" \/>\n\t<meta property=\"og:image:type\" content=\"image\/jpeg\" \/>\n<meta name=\"author\" content=\"admin\" \/>\n<meta name=\"twitter:card\" content=\"summary_large_image\" \/>\n<meta name=\"twitter:label1\" content=\"Escrito por\" \/>\n\t<meta name=\"twitter:data1\" content=\"admin\" \/>\n\t<meta name=\"twitter:label2\" content=\"Tiempo de lectura\" \/>\n\t<meta name=\"twitter:data2\" content=\"2 minutos\" \/>\n<script type=\"application\/ld+json\" class=\"yoast-schema-graph\">{\"@context\":\"https:\\\/\\\/schema.org\",\"@graph\":[{\"@type\":\"Article\",\"@id\":\"https:\\\/\\\/www.eldiariodetucuman.com\\\/web\\\/hay-cuadernos-porque-hay-ley-del-arrepentido-no-es-una-conspiracion\\\/#article\",\"isPartOf\":{\"@id\":\"https:\\\/\\\/www.eldiariodetucuman.com\\\/web\\\/hay-cuadernos-porque-hay-ley-del-arrepentido-no-es-una-conspiracion\\\/\"},\"author\":{\"name\":\"admin\",\"@id\":\"https:\\\/\\\/www.eldiariodetucuman.com\\\/web\\\/#\\\/schema\\\/person\\\/9250197d75ab5483412e19678b121caa\"},\"headline\":\"\u00abHay cuadernos porque hay ley del arrepentido, no es una conspiraci\u00f3n\u00bb\",\"datePublished\":\"2018-08-25T14:42:46+00:00\",\"dateModified\":\"2018-08-25T14:42:49+00:00\",\"mainEntityOfPage\":{\"@id\":\"https:\\\/\\\/www.eldiariodetucuman.com\\\/web\\\/hay-cuadernos-porque-hay-ley-del-arrepentido-no-es-una-conspiracion\\\/\"},\"wordCount\":444,\"commentCount\":0,\"publisher\":{\"@id\":\"https:\\\/\\\/www.eldiariodetucuman.com\\\/web\\\/#organization\"},\"image\":{\"@id\":\"https:\\\/\\\/www.eldiariodetucuman.com\\\/web\\\/hay-cuadernos-porque-hay-ley-del-arrepentido-no-es-una-conspiracion\\\/#primaryimage\"},\"thumbnailUrl\":\"https:\\\/\\\/www.eldiariodetucuman.com\\\/web\\\/wp-content\\\/uploads\\\/2018\\\/08\\\/719d8cecbbaf35c2dbaf77da1cebde5d.jpeg\",\"articleSection\":[\"Portada\"],\"inLanguage\":\"es\",\"potentialAction\":[{\"@type\":\"CommentAction\",\"name\":\"Comment\",\"target\":[\"https:\\\/\\\/www.eldiariodetucuman.com\\\/web\\\/hay-cuadernos-porque-hay-ley-del-arrepentido-no-es-una-conspiracion\\\/#respond\"]}]},{\"@type\":\"WebPage\",\"@id\":\"https:\\\/\\\/www.eldiariodetucuman.com\\\/web\\\/hay-cuadernos-porque-hay-ley-del-arrepentido-no-es-una-conspiracion\\\/\",\"url\":\"https:\\\/\\\/www.eldiariodetucuman.com\\\/web\\\/hay-cuadernos-porque-hay-ley-del-arrepentido-no-es-una-conspiracion\\\/\",\"name\":\"\\\"Hay cuadernos porque hay ley del arrepentido, no es una conspiraci\u00f3n\\\" - El Diario de Tucuman\",\"isPartOf\":{\"@id\":\"https:\\\/\\\/www.eldiariodetucuman.com\\\/web\\\/#website\"},\"primaryImageOfPage\":{\"@id\":\"https:\\\/\\\/www.eldiariodetucuman.com\\\/web\\\/hay-cuadernos-porque-hay-ley-del-arrepentido-no-es-una-conspiracion\\\/#primaryimage\"},\"image\":{\"@id\":\"https:\\\/\\\/www.eldiariodetucuman.com\\\/web\\\/hay-cuadernos-porque-hay-ley-del-arrepentido-no-es-una-conspiracion\\\/#primaryimage\"},\"thumbnailUrl\":\"https:\\\/\\\/www.eldiariodetucuman.com\\\/web\\\/wp-content\\\/uploads\\\/2018\\\/08\\\/719d8cecbbaf35c2dbaf77da1cebde5d.jpeg\",\"datePublished\":\"2018-08-25T14:42:46+00:00\",\"dateModified\":\"2018-08-25T14:42:49+00:00\",\"breadcrumb\":{\"@id\":\"https:\\\/\\\/www.eldiariodetucuman.com\\\/web\\\/hay-cuadernos-porque-hay-ley-del-arrepentido-no-es-una-conspiracion\\\/#breadcrumb\"},\"inLanguage\":\"es\",\"potentialAction\":[{\"@type\":\"ReadAction\",\"target\":[\"https:\\\/\\\/www.eldiariodetucuman.com\\\/web\\\/hay-cuadernos-porque-hay-ley-del-arrepentido-no-es-una-conspiracion\\\/\"]}]},{\"@type\":\"ImageObject\",\"inLanguage\":\"es\",\"@id\":\"https:\\\/\\\/www.eldiariodetucuman.com\\\/web\\\/hay-cuadernos-porque-hay-ley-del-arrepentido-no-es-una-conspiracion\\\/#primaryimage\",\"url\":\"https:\\\/\\\/www.eldiariodetucuman.com\\\/web\\\/wp-content\\\/uploads\\\/2018\\\/08\\\/719d8cecbbaf35c2dbaf77da1cebde5d.jpeg\",\"contentUrl\":\"https:\\\/\\\/www.eldiariodetucuman.com\\\/web\\\/wp-content\\\/uploads\\\/2018\\\/08\\\/719d8cecbbaf35c2dbaf77da1cebde5d.jpeg\",\"width\":960,\"height\":640},{\"@type\":\"BreadcrumbList\",\"@id\":\"https:\\\/\\\/www.eldiariodetucuman.com\\\/web\\\/hay-cuadernos-porque-hay-ley-del-arrepentido-no-es-una-conspiracion\\\/#breadcrumb\",\"itemListElement\":[{\"@type\":\"ListItem\",\"position\":1,\"name\":\"Portada\",\"item\":\"https:\\\/\\\/www.eldiariodetucuman.com\\\/web\\\/\"},{\"@type\":\"ListItem\",\"position\":2,\"name\":\"\u00abHay cuadernos porque hay ley del arrepentido, no es una conspiraci\u00f3n\u00bb\"}]},{\"@type\":\"WebSite\",\"@id\":\"https:\\\/\\\/www.eldiariodetucuman.com\\\/web\\\/#website\",\"url\":\"https:\\\/\\\/www.eldiariodetucuman.com\\\/web\\\/\",\"name\":\"El Diario de Tucuman\",\"description\":\"Diario Tucuman - Informaci\u00f3n y noticias\",\"publisher\":{\"@id\":\"https:\\\/\\\/www.eldiariodetucuman.com\\\/web\\\/#organization\"},\"potentialAction\":[{\"@type\":\"SearchAction\",\"target\":{\"@type\":\"EntryPoint\",\"urlTemplate\":\"https:\\\/\\\/www.eldiariodetucuman.com\\\/web\\\/?s={search_term_string}\"},\"query-input\":{\"@type\":\"PropertyValueSpecification\",\"valueRequired\":true,\"valueName\":\"search_term_string\"}}],\"inLanguage\":\"es\"},{\"@type\":\"Organization\",\"@id\":\"https:\\\/\\\/www.eldiariodetucuman.com\\\/web\\\/#organization\",\"name\":\"El Diario de Tucuman\",\"url\":\"https:\\\/\\\/www.eldiariodetucuman.com\\\/web\\\/\",\"logo\":{\"@type\":\"ImageObject\",\"inLanguage\":\"es\",\"@id\":\"https:\\\/\\\/www.eldiariodetucuman.com\\\/web\\\/#\\\/schema\\\/logo\\\/image\\\/\",\"url\":\"http:\\\/\\\/www.eldiariodetucuman.com\\\/web\\\/wp-content\\\/uploads\\\/2017\\\/12\\\/el-diario-de-tucuman.jpg\",\"contentUrl\":\"http:\\\/\\\/www.eldiariodetucuman.com\\\/web\\\/wp-content\\\/uploads\\\/2017\\\/12\\\/el-diario-de-tucuman.jpg\",\"width\":272,\"height\":92,\"caption\":\"El Diario de Tucuman\"},\"image\":{\"@id\":\"https:\\\/\\\/www.eldiariodetucuman.com\\\/web\\\/#\\\/schema\\\/logo\\\/image\\\/\"}},{\"@type\":\"Person\",\"@id\":\"https:\\\/\\\/www.eldiariodetucuman.com\\\/web\\\/#\\\/schema\\\/person\\\/9250197d75ab5483412e19678b121caa\",\"name\":\"admin\",\"image\":{\"@type\":\"ImageObject\",\"inLanguage\":\"es\",\"@id\":\"https:\\\/\\\/secure.gravatar.com\\\/avatar\\\/c44d117c2be811212c22cb481f6b8384b6873de103fbc49e7a03cc58d7dea4ac?s=96&d=mm&r=g\",\"url\":\"https:\\\/\\\/secure.gravatar.com\\\/avatar\\\/c44d117c2be811212c22cb481f6b8384b6873de103fbc49e7a03cc58d7dea4ac?s=96&d=mm&r=g\",\"contentUrl\":\"https:\\\/\\\/secure.gravatar.com\\\/avatar\\\/c44d117c2be811212c22cb481f6b8384b6873de103fbc49e7a03cc58d7dea4ac?s=96&d=mm&r=g\",\"caption\":\"admin\"},\"url\":\"https:\\\/\\\/www.eldiariodetucuman.com\\\/web\\\/author\\\/admin\\\/\"}]}<\/script>\n<!-- \/ Yoast SEO plugin. -->","yoast_head_json":{"title":"\"Hay cuadernos porque hay ley del arrepentido, no es una conspiraci\u00f3n\" - El Diario de Tucuman","robots":{"index":"index","follow":"follow","max-snippet":"max-snippet:-1","max-image-preview":"max-image-preview:large","max-video-preview":"max-video-preview:-1"},"canonical":"https:\/\/www.eldiariodetucuman.com\/web\/hay-cuadernos-porque-hay-ley-del-arrepentido-no-es-una-conspiracion\/","og_locale":"es_ES","og_type":"article","og_title":"\"Hay cuadernos porque hay ley del arrepentido, no es una conspiraci\u00f3n\" - El Diario de Tucuman","og_description":"El presidente del interbloque Cambiemos en Diputados, Mario Negri, opin\u00f3 esta ma\u00f1ana sobre el esc\u00e1ndalo de los \u00a0&#8220;cuadernos k&#8221; y descart\u00f3 la idea de &#8220;persecuci\u00f3n pol\u00edtica&#8221; contra el kirchnerismo. Adem\u00e1s, brind\u00f3 detalles sobre el encuentro que tuvo con Mauricio Macri en Olivos. &#8220;En el encuentro con el presidente, los legisladores aprovechan a darle alguna impresi\u00f3n [&hellip;]","og_url":"https:\/\/www.eldiariodetucuman.com\/web\/hay-cuadernos-porque-hay-ley-del-arrepentido-no-es-una-conspiracion\/","og_site_name":"El Diario de Tucuman","article_published_time":"2018-08-25T14:42:46+00:00","article_modified_time":"2018-08-25T14:42:49+00:00","og_image":[{"width":960,"height":640,"url":"https:\/\/www.eldiariodetucuman.com\/web\/wp-content\/uploads\/2018\/08\/719d8cecbbaf35c2dbaf77da1cebde5d.jpeg","type":"image\/jpeg"}],"author":"admin","twitter_card":"summary_large_image","twitter_misc":{"Escrito por":"admin","Tiempo de lectura":"2 minutos"},"schema":{"@context":"https:\/\/schema.org","@graph":[{"@type":"Article","@id":"https:\/\/www.eldiariodetucuman.com\/web\/hay-cuadernos-porque-hay-ley-del-arrepentido-no-es-una-conspiracion\/#article","isPartOf":{"@id":"https:\/\/www.eldiariodetucuman.com\/web\/hay-cuadernos-porque-hay-ley-del-arrepentido-no-es-una-conspiracion\/"},"author":{"name":"admin","@id":"https:\/\/www.eldiariodetucuman.com\/web\/#\/schema\/person\/9250197d75ab5483412e19678b121caa"},"headline":"\u00abHay cuadernos porque hay ley del arrepentido, no es una conspiraci\u00f3n\u00bb","datePublished":"2018-08-25T14:42:46+00:00","dateModified":"2018-08-25T14:42:49+00:00","mainEntityOfPage":{"@id":"https:\/\/www.eldiariodetucuman.com\/web\/hay-cuadernos-porque-hay-ley-del-arrepentido-no-es-una-conspiracion\/"},"wordCount":444,"commentCount":0,"publisher":{"@id":"https:\/\/www.eldiariodetucuman.com\/web\/#organization"},"image":{"@id":"https:\/\/www.eldiariodetucuman.com\/web\/hay-cuadernos-porque-hay-ley-del-arrepentido-no-es-una-conspiracion\/#primaryimage"},"thumbnailUrl":"https:\/\/www.eldiariodetucuman.com\/web\/wp-content\/uploads\/2018\/08\/719d8cecbbaf35c2dbaf77da1cebde5d.jpeg","articleSection":["Portada"],"inLanguage":"es","potentialAction":[{"@type":"CommentAction","name":"Comment","target":["https:\/\/www.eldiariodetucuman.com\/web\/hay-cuadernos-porque-hay-ley-del-arrepentido-no-es-una-conspiracion\/#respond"]}]},{"@type":"WebPage","@id":"https:\/\/www.eldiariodetucuman.com\/web\/hay-cuadernos-porque-hay-ley-del-arrepentido-no-es-una-conspiracion\/","url":"https:\/\/www.eldiariodetucuman.com\/web\/hay-cuadernos-porque-hay-ley-del-arrepentido-no-es-una-conspiracion\/","name":"\"Hay cuadernos porque hay ley del arrepentido, no es una conspiraci\u00f3n\" - El Diario de Tucuman","isPartOf":{"@id":"https:\/\/www.eldiariodetucuman.com\/web\/#website"},"primaryImageOfPage":{"@id":"https:\/\/www.eldiariodetucuman.com\/web\/hay-cuadernos-porque-hay-ley-del-arrepentido-no-es-una-conspiracion\/#primaryimage"},"image":{"@id":"https:\/\/www.eldiariodetucuman.com\/web\/hay-cuadernos-porque-hay-ley-del-arrepentido-no-es-una-conspiracion\/#primaryimage"},"thumbnailUrl":"https:\/\/www.eldiariodetucuman.com\/web\/wp-content\/uploads\/2018\/08\/719d8cecbbaf35c2dbaf77da1cebde5d.jpeg","datePublished":"2018-08-25T14:42:46+00:00","dateModified":"2018-08-25T14:42:49+00:00","breadcrumb":{"@id":"https:\/\/www.eldiariodetucuman.com\/web\/hay-cuadernos-porque-hay-ley-del-arrepentido-no-es-una-conspiracion\/#breadcrumb"},"inLanguage":"es","potentialAction":[{"@type":"ReadAction","target":["https:\/\/www.eldiariodetucuman.com\/web\/hay-cuadernos-porque-hay-ley-del-arrepentido-no-es-una-conspiracion\/"]}]},{"@type":"ImageObject","inLanguage":"es","@id":"https:\/\/www.eldiariodetucuman.com\/web\/hay-cuadernos-porque-hay-ley-del-arrepentido-no-es-una-conspiracion\/#primaryimage","url":"https:\/\/www.eldiariodetucuman.com\/web\/wp-content\/uploads\/2018\/08\/719d8cecbbaf35c2dbaf77da1cebde5d.jpeg","contentUrl":"https:\/\/www.eldiariodetucuman.com\/web\/wp-content\/uploads\/2018\/08\/719d8cecbbaf35c2dbaf77da1cebde5d.jpeg","width":960,"height":640},{"@type":"BreadcrumbList","@id":"https:\/\/www.eldiariodetucuman.com\/web\/hay-cuadernos-porque-hay-ley-del-arrepentido-no-es-una-conspiracion\/#breadcrumb","itemListElement":[{"@type":"ListItem","position":1,"name":"Portada","item":"https:\/\/www.eldiariodetucuman.com\/web\/"},{"@type":"ListItem","position":2,"name":"\u00abHay cuadernos porque hay ley del arrepentido, no es una conspiraci\u00f3n\u00bb"}]},{"@type":"WebSite","@id":"https:\/\/www.eldiariodetucuman.com\/web\/#website","url":"https:\/\/www.eldiariodetucuman.com\/web\/","name":"El Diario de Tucuman","description":"Diario Tucuman - Informaci\u00f3n y noticias","publisher":{"@id":"https:\/\/www.eldiariodetucuman.com\/web\/#organization"},"potentialAction":[{"@type":"SearchAction","target":{"@type":"EntryPoint","urlTemplate":"https:\/\/www.eldiariodetucuman.com\/web\/?s={search_term_string}"},"query-input":{"@type":"PropertyValueSpecification","valueRequired":true,"valueName":"search_term_string"}}],"inLanguage":"es"},{"@type":"Organization","@id":"https:\/\/www.eldiariodetucuman.com\/web\/#organization","name":"El Diario de Tucuman","url":"https:\/\/www.eldiariodetucuman.com\/web\/","logo":{"@type":"ImageObject","inLanguage":"es","@id":"https:\/\/www.eldiariodetucuman.com\/web\/#\/schema\/logo\/image\/","url":"http:\/\/www.eldiariodetucuman.com\/web\/wp-content\/uploads\/2017\/12\/el-diario-de-tucuman.jpg","contentUrl":"http:\/\/www.eldiariodetucuman.com\/web\/wp-content\/uploads\/2017\/12\/el-diario-de-tucuman.jpg","width":272,"height":92,"caption":"El Diario de Tucuman"},"image":{"@id":"https:\/\/www.eldiariodetucuman.com\/web\/#\/schema\/logo\/image\/"}},{"@type":"Person","@id":"https:\/\/www.eldiariodetucuman.com\/web\/#\/schema\/person\/9250197d75ab5483412e19678b121caa","name":"admin","image":{"@type":"ImageObject","inLanguage":"es","@id":"https:\/\/secure.gravatar.com\/avatar\/c44d117c2be811212c22cb481f6b8384b6873de103fbc49e7a03cc58d7dea4ac?s=96&d=mm&r=g","url":"https:\/\/secure.gravatar.com\/avatar\/c44d117c2be811212c22cb481f6b8384b6873de103fbc49e7a03cc58d7dea4ac?s=96&d=mm&r=g","contentUrl":"https:\/\/secure.gravatar.com\/avatar\/c44d117c2be811212c22cb481f6b8384b6873de103fbc49e7a03cc58d7dea4ac?s=96&d=mm&r=g","caption":"admin"},"url":"https:\/\/www.eldiariodetucuman.com\/web\/author\/admin\/"}]}},"_links":{"self":[{"href":"https:\/\/www.eldiariodetucuman.com\/web\/wp-json\/wp\/v2\/posts\/15789","targetHints":{"allow":["GET"]}}],"collection":[{"href":"https:\/\/www.eldiariodetucuman.com\/web\/wp-json\/wp\/v2\/posts"}],"about":[{"href":"https:\/\/www.eldiariodetucuman.com\/web\/wp-json\/wp\/v2\/types\/post"}],"author":[{"embeddable":true,"href":"https:\/\/www.eldiariodetucuman.com\/web\/wp-json\/wp\/v2\/users\/1"}],"replies":[{"embeddable":true,"href":"https:\/\/www.eldiariodetucuman.com\/web\/wp-json\/wp\/v2\/comments?post=15789"}],"version-history":[{"count":1,"href":"https:\/\/www.eldiariodetucuman.com\/web\/wp-json\/wp\/v2\/posts\/15789\/revisions"}],"predecessor-version":[{"id":15791,"href":"https:\/\/www.eldiariodetucuman.com\/web\/wp-json\/wp\/v2\/posts\/15789\/revisions\/15791"}],"wp:featuredmedia":[{"embeddable":true,"href":"https:\/\/www.eldiariodetucuman.com\/web\/wp-json\/wp\/v2\/media\/15790"}],"wp:attachment":[{"href":"https:\/\/www.eldiariodetucuman.com\/web\/wp-json\/wp\/v2\/media?parent=15789"}],"wp:term":[{"taxonomy":"category","embeddable":true,"href":"https:\/\/www.eldiariodetucuman.com\/web\/wp-json\/wp\/v2\/categories?post=15789"},{"taxonomy":"post_tag","embeddable":true,"href":"https:\/\/www.eldiariodetucuman.com\/web\/wp-json\/wp\/v2\/tags?post=15789"}],"curies":[{"name":"wp","href":"https:\/\/api.w.org\/{rel}","templated":true}]}}