{"id":15786,"date":"2018-08-25T11:42:38","date_gmt":"2018-08-25T14:42:38","guid":{"rendered":"http:\/\/www.eldiariodetucuman.com\/web\/la-ministra-de-educacion-de-san-luis-se-filmo-tras-fumar-marihuana-me-fui-a-marte\/"},"modified":"2018-08-25T11:42:40","modified_gmt":"2018-08-25T14:42:40","slug":"la-ministra-de-educacion-de-san-luis-se-filmo-tras-fumar-marihuana-me-fui-a-marte","status":"publish","type":"post","link":"https:\/\/www.eldiariodetucuman.com\/web\/la-ministra-de-educacion-de-san-luis-se-filmo-tras-fumar-marihuana-me-fui-a-marte\/","title":{"rendered":"La ministra de educaci\u00f3n de San Luis se film\u00f3 tras fumar marihuana: \u00abMe fui a Marte\u00bb"},"content":{"rendered":"<div>\n<div readability=\"69.942726231386\">\n<p>En las \u00faltimas horas comenz\u00f3 a circular por las redes sociales un <strong>video donde la ministra de educaci\u00f3n de la provincia de San Luis, <a href=\"https:\/\/www.elintransigente.com\/noticias\/buscar\/?buscar=Natalia+Spinuzza\">Natalia Spinuzza<\/a>, asegura que consumi\u00f3 marihuana<\/strong> y <strong>alcohol<\/strong> junto a su pareja, en un viaje que hicieron a Holanda. Poco despu\u00e9s de que el gobernador de la provincia, <a href=\"https:\/\/www.elintransigente.com\/noticias\/buscar\/?buscar=Alberto+Rodr%EDguez+Sa%E1\">Alberto Rodr\u00edguez Sa\u00e1<\/a>, fuera destacado como uno de los mandatarios con mejor imagen, la funcionaria de su gabinete no lo dej\u00f3 muy bien parado.\u00a0<\/p>\n<p><strong>&#8220;Buenos noches, ac\u00e1 estamos con Juan, fumados, aunque ya se nos pas\u00f3&#8221;, <\/strong>comenta la ministra, en una grabaci\u00f3n de casi siete minutos que habr\u00eda sido compartida en un grupo privado de Whatsapp. Spinuzza relat\u00f3 su recorrido por las calles de Amsterdam, desde un yate y apoyada sobre varias almohadas.<\/p>\n<aside class=\"htmlinline \"><ins class=\"adsbygoogle\" data-ad-layout=\"in-article\" data-ad-format=\"fluid\" data-ad-client=\"ca-pub-7781556717282971\" data-ad-slot=\"9383133609\"><\/ins><br \/>\n<\/aside>\n<p>Spinuzza sostuvo que recorri\u00f3 &#8220;tres negocios del centro&#8221; y que en poco tiempo gast\u00f3 7 mil pesos en &#8220;semillas, juguetes para las nenas y regalitos&#8221;. &#8220;<strong>Salimos de ah\u00ed y nos fuimos al coffee shop a comprar marihuana<\/strong>. Despu\u00e9s fuimos a caminar por el barrio rojo y entramos a los sexshop. Vimos algunas pelotudeces, algunas estaban bien copadas pero muy caras, as\u00ed que las dejamos ah\u00ed nom\u00e1s&#8221;, continu\u00f3.<\/p>\n<p>Posteriormente, seg\u00fan su relato, la pareja conoci\u00f3 a dos primos espa\u00f1oles con los que tomaron alcohol: &#8220;S\u00ed tambi\u00e9n estoy chupada&#8221;, dijo. Y agrega: &#8220;Nos est\u00e1bamos por ir y la piba dice &#8216;vamos a fumar a un coffee shop de ac\u00e1 al frente&#8217;. Fuimos y fumamos. Todav\u00eda ac\u00e1 tengo medio porque era un churro enorme. Gracias a Dios fum\u00e9 muy poquitito porque me fui a Marte. Perd\u00ed el control absoluto de mi cuerpo y de mi cabeza&#8221;.<\/p>\n<p>El relato finaliza cuando la mujer explica c\u00f3mo hicieron para volver bajo los efectos de la marihuana: &#8220;Medio dada vuelta, pero bien&#8221;, explica. Y agrega: &#8220;Ahora estamos ac\u00e1, viendo qu\u00e9 comemos, de qu\u00e9 subsistimos&#8221;, concluy\u00f3.<\/p>\n<p>Ahora estamos ac\u00e1, viendo qu\u00e9 comemos, de qu\u00e9 subsistimos&#8221;, concluy\u00f3. Luego de que se difundieran las im\u00e1genes, Spinuzza recibi\u00f3 cientos de cr\u00edticas de usuarios en las redes sociales, aunque otros la respaldaron y reclamaron que en la Argentina se debate la despenalizaci\u00f3n de la tenencia y el autocultivo de marihuana.\u00a0<\/p>\n<p>La funcionaria asumi\u00f3 el cargo de ministra en junio de 2017. Previamente, ya hab\u00eda trabajado en el Ministerio de Medio Ambiente, Campo y Producci\u00f3n provincial. Spinuzza es licenciada en Relaciones Internacionales y becaria de la Fundaci\u00f3n Universitaria del R\u00edo de la Plata. Las redes sociales se llenaron de cr\u00edticas hacia la funcionaria, aunque otros usuarios la defendieron y pidieron por la legalizaci\u00f3n del consumo personal de marihuana.\u00a0<br \/>\n\u00a0<\/p>\n<p>\n    <iframe loading=\"lazy\" width=\"560\" height=\"315\" src=\"https:\/\/www.youtube.com\/embed\/GaiNr0_cacQ\" frameborder=\"0\" allow=\"autoplay; encrypted-media\" allowfullscreen=\"\"><\/iframe>\n    <\/p>\n<\/div>\n<\/div>\n<p>Fuente: https:\/\/www.elintransigente.com\/politica\/2018\/8\/25\/la-ministra-de-educacion-de-san-luis-se-filmo-tras-fumar-marihuana-me-fui-marte-507587.html<\/p>\n","protected":false},"excerpt":{"rendered":"<p>En las \u00faltimas horas comenz\u00f3 a circular por las redes sociales un video donde la ministra de educaci\u00f3n de la provincia de San Luis, Natalia Spinuzza, asegura que consumi\u00f3 marihuana y alcohol junto a su pareja, en un viaje que hicieron a Holanda. Poco despu\u00e9s de que el gobernador de la provincia, Alberto Rodr\u00edguez Sa\u00e1, [&hellip;]<\/p>\n","protected":false},"author":1,"featured_media":15787,"comment_status":"open","ping_status":"closed","sticky":false,"template":"","format":"standard","meta":{"footnotes":""},"categories":[1],"tags":[],"class_list":{"0":"post-15786","1":"post","2":"type-post","3":"status-publish","4":"format-standard","5":"has-post-thumbnail","7":"category-portada"},"yoast_head":"<!-- This site is optimized with the Yoast SEO plugin v27.5 - https:\/\/yoast.com\/product\/yoast-seo-wordpress\/ -->\n<title>La ministra de educaci\u00f3n de San Luis se film\u00f3 tras fumar marihuana: &quot;Me fui a Marte&quot; - El Diario de Tucuman<\/title>\n<meta name=\"robots\" content=\"index, follow, max-snippet:-1, max-image-preview:large, max-video-preview:-1\" \/>\n<link rel=\"canonical\" href=\"https:\/\/www.eldiariodetucuman.com\/web\/la-ministra-de-educacion-de-san-luis-se-filmo-tras-fumar-marihuana-me-fui-a-marte\/\" \/>\n<meta property=\"og:locale\" content=\"es_ES\" \/>\n<meta property=\"og:type\" content=\"article\" \/>\n<meta property=\"og:title\" content=\"La ministra de educaci\u00f3n de San Luis se film\u00f3 tras fumar marihuana: &quot;Me fui a Marte&quot; - El Diario de Tucuman\" \/>\n<meta property=\"og:description\" content=\"En las \u00faltimas horas comenz\u00f3 a circular por las redes sociales un video donde la ministra de educaci\u00f3n de la provincia de San Luis, Natalia Spinuzza, asegura que consumi\u00f3 marihuana y alcohol junto a su pareja, en un viaje que hicieron a Holanda. Poco despu\u00e9s de que el gobernador de la provincia, Alberto Rodr\u00edguez Sa\u00e1, [&hellip;]\" \/>\n<meta property=\"og:url\" content=\"https:\/\/www.eldiariodetucuman.com\/web\/la-ministra-de-educacion-de-san-luis-se-filmo-tras-fumar-marihuana-me-fui-a-marte\/\" \/>\n<meta property=\"og:site_name\" content=\"El Diario de Tucuman\" \/>\n<meta property=\"article:published_time\" content=\"2018-08-25T14:42:38+00:00\" \/>\n<meta property=\"article:modified_time\" content=\"2018-08-25T14:42:40+00:00\" \/>\n<meta property=\"og:image\" content=\"https:\/\/www.eldiariodetucuman.com\/web\/wp-content\/uploads\/2018\/08\/a87c874195d82c1326315d41b1458463.jpeg\" \/>\n\t<meta property=\"og:image:width\" content=\"960\" \/>\n\t<meta property=\"og:image:height\" content=\"648\" \/>\n\t<meta property=\"og:image:type\" content=\"image\/jpeg\" \/>\n<meta name=\"author\" content=\"admin\" \/>\n<meta name=\"twitter:card\" content=\"summary_large_image\" \/>\n<meta name=\"twitter:label1\" content=\"Escrito por\" \/>\n\t<meta name=\"twitter:data1\" content=\"admin\" \/>\n\t<meta name=\"twitter:label2\" content=\"Tiempo de lectura\" \/>\n\t<meta name=\"twitter:data2\" content=\"2 minutos\" \/>\n<script type=\"application\/ld+json\" class=\"yoast-schema-graph\">{\"@context\":\"https:\\\/\\\/schema.org\",\"@graph\":[{\"@type\":\"Article\",\"@id\":\"https:\\\/\\\/www.eldiariodetucuman.com\\\/web\\\/la-ministra-de-educacion-de-san-luis-se-filmo-tras-fumar-marihuana-me-fui-a-marte\\\/#article\",\"isPartOf\":{\"@id\":\"https:\\\/\\\/www.eldiariodetucuman.com\\\/web\\\/la-ministra-de-educacion-de-san-luis-se-filmo-tras-fumar-marihuana-me-fui-a-marte\\\/\"},\"author\":{\"name\":\"admin\",\"@id\":\"https:\\\/\\\/www.eldiariodetucuman.com\\\/web\\\/#\\\/schema\\\/person\\\/9250197d75ab5483412e19678b121caa\"},\"headline\":\"La ministra de educaci\u00f3n de San Luis se film\u00f3 tras fumar marihuana: \u00abMe fui a Marte\u00bb\",\"datePublished\":\"2018-08-25T14:42:38+00:00\",\"dateModified\":\"2018-08-25T14:42:40+00:00\",\"mainEntityOfPage\":{\"@id\":\"https:\\\/\\\/www.eldiariodetucuman.com\\\/web\\\/la-ministra-de-educacion-de-san-luis-se-filmo-tras-fumar-marihuana-me-fui-a-marte\\\/\"},\"wordCount\":465,\"commentCount\":0,\"publisher\":{\"@id\":\"https:\\\/\\\/www.eldiariodetucuman.com\\\/web\\\/#organization\"},\"image\":{\"@id\":\"https:\\\/\\\/www.eldiariodetucuman.com\\\/web\\\/la-ministra-de-educacion-de-san-luis-se-filmo-tras-fumar-marihuana-me-fui-a-marte\\\/#primaryimage\"},\"thumbnailUrl\":\"https:\\\/\\\/www.eldiariodetucuman.com\\\/web\\\/wp-content\\\/uploads\\\/2018\\\/08\\\/a87c874195d82c1326315d41b1458463.jpeg\",\"articleSection\":[\"Portada\"],\"inLanguage\":\"es\",\"potentialAction\":[{\"@type\":\"CommentAction\",\"name\":\"Comment\",\"target\":[\"https:\\\/\\\/www.eldiariodetucuman.com\\\/web\\\/la-ministra-de-educacion-de-san-luis-se-filmo-tras-fumar-marihuana-me-fui-a-marte\\\/#respond\"]}]},{\"@type\":\"WebPage\",\"@id\":\"https:\\\/\\\/www.eldiariodetucuman.com\\\/web\\\/la-ministra-de-educacion-de-san-luis-se-filmo-tras-fumar-marihuana-me-fui-a-marte\\\/\",\"url\":\"https:\\\/\\\/www.eldiariodetucuman.com\\\/web\\\/la-ministra-de-educacion-de-san-luis-se-filmo-tras-fumar-marihuana-me-fui-a-marte\\\/\",\"name\":\"La ministra de educaci\u00f3n de San Luis se film\u00f3 tras fumar marihuana: \\\"Me fui a Marte\\\" - El Diario de Tucuman\",\"isPartOf\":{\"@id\":\"https:\\\/\\\/www.eldiariodetucuman.com\\\/web\\\/#website\"},\"primaryImageOfPage\":{\"@id\":\"https:\\\/\\\/www.eldiariodetucuman.com\\\/web\\\/la-ministra-de-educacion-de-san-luis-se-filmo-tras-fumar-marihuana-me-fui-a-marte\\\/#primaryimage\"},\"image\":{\"@id\":\"https:\\\/\\\/www.eldiariodetucuman.com\\\/web\\\/la-ministra-de-educacion-de-san-luis-se-filmo-tras-fumar-marihuana-me-fui-a-marte\\\/#primaryimage\"},\"thumbnailUrl\":\"https:\\\/\\\/www.eldiariodetucuman.com\\\/web\\\/wp-content\\\/uploads\\\/2018\\\/08\\\/a87c874195d82c1326315d41b1458463.jpeg\",\"datePublished\":\"2018-08-25T14:42:38+00:00\",\"dateModified\":\"2018-08-25T14:42:40+00:00\",\"breadcrumb\":{\"@id\":\"https:\\\/\\\/www.eldiariodetucuman.com\\\/web\\\/la-ministra-de-educacion-de-san-luis-se-filmo-tras-fumar-marihuana-me-fui-a-marte\\\/#breadcrumb\"},\"inLanguage\":\"es\",\"potentialAction\":[{\"@type\":\"ReadAction\",\"target\":[\"https:\\\/\\\/www.eldiariodetucuman.com\\\/web\\\/la-ministra-de-educacion-de-san-luis-se-filmo-tras-fumar-marihuana-me-fui-a-marte\\\/\"]}]},{\"@type\":\"ImageObject\",\"inLanguage\":\"es\",\"@id\":\"https:\\\/\\\/www.eldiariodetucuman.com\\\/web\\\/la-ministra-de-educacion-de-san-luis-se-filmo-tras-fumar-marihuana-me-fui-a-marte\\\/#primaryimage\",\"url\":\"https:\\\/\\\/www.eldiariodetucuman.com\\\/web\\\/wp-content\\\/uploads\\\/2018\\\/08\\\/a87c874195d82c1326315d41b1458463.jpeg\",\"contentUrl\":\"https:\\\/\\\/www.eldiariodetucuman.com\\\/web\\\/wp-content\\\/uploads\\\/2018\\\/08\\\/a87c874195d82c1326315d41b1458463.jpeg\",\"width\":960,\"height\":648},{\"@type\":\"BreadcrumbList\",\"@id\":\"https:\\\/\\\/www.eldiariodetucuman.com\\\/web\\\/la-ministra-de-educacion-de-san-luis-se-filmo-tras-fumar-marihuana-me-fui-a-marte\\\/#breadcrumb\",\"itemListElement\":[{\"@type\":\"ListItem\",\"position\":1,\"name\":\"Portada\",\"item\":\"https:\\\/\\\/www.eldiariodetucuman.com\\\/web\\\/\"},{\"@type\":\"ListItem\",\"position\":2,\"name\":\"La ministra de educaci\u00f3n de San Luis se film\u00f3 tras fumar marihuana: \u00abMe fui a Marte\u00bb\"}]},{\"@type\":\"WebSite\",\"@id\":\"https:\\\/\\\/www.eldiariodetucuman.com\\\/web\\\/#website\",\"url\":\"https:\\\/\\\/www.eldiariodetucuman.com\\\/web\\\/\",\"name\":\"El Diario de Tucuman\",\"description\":\"Diario Tucuman - Informaci\u00f3n y noticias\",\"publisher\":{\"@id\":\"https:\\\/\\\/www.eldiariodetucuman.com\\\/web\\\/#organization\"},\"potentialAction\":[{\"@type\":\"SearchAction\",\"target\":{\"@type\":\"EntryPoint\",\"urlTemplate\":\"https:\\\/\\\/www.eldiariodetucuman.com\\\/web\\\/?s={search_term_string}\"},\"query-input\":{\"@type\":\"PropertyValueSpecification\",\"valueRequired\":true,\"valueName\":\"search_term_string\"}}],\"inLanguage\":\"es\"},{\"@type\":\"Organization\",\"@id\":\"https:\\\/\\\/www.eldiariodetucuman.com\\\/web\\\/#organization\",\"name\":\"El Diario de Tucuman\",\"url\":\"https:\\\/\\\/www.eldiariodetucuman.com\\\/web\\\/\",\"logo\":{\"@type\":\"ImageObject\",\"inLanguage\":\"es\",\"@id\":\"https:\\\/\\\/www.eldiariodetucuman.com\\\/web\\\/#\\\/schema\\\/logo\\\/image\\\/\",\"url\":\"http:\\\/\\\/www.eldiariodetucuman.com\\\/web\\\/wp-content\\\/uploads\\\/2017\\\/12\\\/el-diario-de-tucuman.jpg\",\"contentUrl\":\"http:\\\/\\\/www.eldiariodetucuman.com\\\/web\\\/wp-content\\\/uploads\\\/2017\\\/12\\\/el-diario-de-tucuman.jpg\",\"width\":272,\"height\":92,\"caption\":\"El Diario de Tucuman\"},\"image\":{\"@id\":\"https:\\\/\\\/www.eldiariodetucuman.com\\\/web\\\/#\\\/schema\\\/logo\\\/image\\\/\"}},{\"@type\":\"Person\",\"@id\":\"https:\\\/\\\/www.eldiariodetucuman.com\\\/web\\\/#\\\/schema\\\/person\\\/9250197d75ab5483412e19678b121caa\",\"name\":\"admin\",\"image\":{\"@type\":\"ImageObject\",\"inLanguage\":\"es\",\"@id\":\"https:\\\/\\\/secure.gravatar.com\\\/avatar\\\/c44d117c2be811212c22cb481f6b8384b6873de103fbc49e7a03cc58d7dea4ac?s=96&d=mm&r=g\",\"url\":\"https:\\\/\\\/secure.gravatar.com\\\/avatar\\\/c44d117c2be811212c22cb481f6b8384b6873de103fbc49e7a03cc58d7dea4ac?s=96&d=mm&r=g\",\"contentUrl\":\"https:\\\/\\\/secure.gravatar.com\\\/avatar\\\/c44d117c2be811212c22cb481f6b8384b6873de103fbc49e7a03cc58d7dea4ac?s=96&d=mm&r=g\",\"caption\":\"admin\"},\"url\":\"https:\\\/\\\/www.eldiariodetucuman.com\\\/web\\\/author\\\/admin\\\/\"}]}<\/script>\n<!-- \/ Yoast SEO plugin. -->","yoast_head_json":{"title":"La ministra de educaci\u00f3n de San Luis se film\u00f3 tras fumar marihuana: \"Me fui a Marte\" - El Diario de Tucuman","robots":{"index":"index","follow":"follow","max-snippet":"max-snippet:-1","max-image-preview":"max-image-preview:large","max-video-preview":"max-video-preview:-1"},"canonical":"https:\/\/www.eldiariodetucuman.com\/web\/la-ministra-de-educacion-de-san-luis-se-filmo-tras-fumar-marihuana-me-fui-a-marte\/","og_locale":"es_ES","og_type":"article","og_title":"La ministra de educaci\u00f3n de San Luis se film\u00f3 tras fumar marihuana: \"Me fui a Marte\" - El Diario de Tucuman","og_description":"En las \u00faltimas horas comenz\u00f3 a circular por las redes sociales un video donde la ministra de educaci\u00f3n de la provincia de San Luis, Natalia Spinuzza, asegura que consumi\u00f3 marihuana y alcohol junto a su pareja, en un viaje que hicieron a Holanda. Poco despu\u00e9s de que el gobernador de la provincia, Alberto Rodr\u00edguez Sa\u00e1, [&hellip;]","og_url":"https:\/\/www.eldiariodetucuman.com\/web\/la-ministra-de-educacion-de-san-luis-se-filmo-tras-fumar-marihuana-me-fui-a-marte\/","og_site_name":"El Diario de Tucuman","article_published_time":"2018-08-25T14:42:38+00:00","article_modified_time":"2018-08-25T14:42:40+00:00","og_image":[{"width":960,"height":648,"url":"https:\/\/www.eldiariodetucuman.com\/web\/wp-content\/uploads\/2018\/08\/a87c874195d82c1326315d41b1458463.jpeg","type":"image\/jpeg"}],"author":"admin","twitter_card":"summary_large_image","twitter_misc":{"Escrito por":"admin","Tiempo de lectura":"2 minutos"},"schema":{"@context":"https:\/\/schema.org","@graph":[{"@type":"Article","@id":"https:\/\/www.eldiariodetucuman.com\/web\/la-ministra-de-educacion-de-san-luis-se-filmo-tras-fumar-marihuana-me-fui-a-marte\/#article","isPartOf":{"@id":"https:\/\/www.eldiariodetucuman.com\/web\/la-ministra-de-educacion-de-san-luis-se-filmo-tras-fumar-marihuana-me-fui-a-marte\/"},"author":{"name":"admin","@id":"https:\/\/www.eldiariodetucuman.com\/web\/#\/schema\/person\/9250197d75ab5483412e19678b121caa"},"headline":"La ministra de educaci\u00f3n de San Luis se film\u00f3 tras fumar marihuana: \u00abMe fui a Marte\u00bb","datePublished":"2018-08-25T14:42:38+00:00","dateModified":"2018-08-25T14:42:40+00:00","mainEntityOfPage":{"@id":"https:\/\/www.eldiariodetucuman.com\/web\/la-ministra-de-educacion-de-san-luis-se-filmo-tras-fumar-marihuana-me-fui-a-marte\/"},"wordCount":465,"commentCount":0,"publisher":{"@id":"https:\/\/www.eldiariodetucuman.com\/web\/#organization"},"image":{"@id":"https:\/\/www.eldiariodetucuman.com\/web\/la-ministra-de-educacion-de-san-luis-se-filmo-tras-fumar-marihuana-me-fui-a-marte\/#primaryimage"},"thumbnailUrl":"https:\/\/www.eldiariodetucuman.com\/web\/wp-content\/uploads\/2018\/08\/a87c874195d82c1326315d41b1458463.jpeg","articleSection":["Portada"],"inLanguage":"es","potentialAction":[{"@type":"CommentAction","name":"Comment","target":["https:\/\/www.eldiariodetucuman.com\/web\/la-ministra-de-educacion-de-san-luis-se-filmo-tras-fumar-marihuana-me-fui-a-marte\/#respond"]}]},{"@type":"WebPage","@id":"https:\/\/www.eldiariodetucuman.com\/web\/la-ministra-de-educacion-de-san-luis-se-filmo-tras-fumar-marihuana-me-fui-a-marte\/","url":"https:\/\/www.eldiariodetucuman.com\/web\/la-ministra-de-educacion-de-san-luis-se-filmo-tras-fumar-marihuana-me-fui-a-marte\/","name":"La ministra de educaci\u00f3n de San Luis se film\u00f3 tras fumar marihuana: \"Me fui a Marte\" - El Diario de Tucuman","isPartOf":{"@id":"https:\/\/www.eldiariodetucuman.com\/web\/#website"},"primaryImageOfPage":{"@id":"https:\/\/www.eldiariodetucuman.com\/web\/la-ministra-de-educacion-de-san-luis-se-filmo-tras-fumar-marihuana-me-fui-a-marte\/#primaryimage"},"image":{"@id":"https:\/\/www.eldiariodetucuman.com\/web\/la-ministra-de-educacion-de-san-luis-se-filmo-tras-fumar-marihuana-me-fui-a-marte\/#primaryimage"},"thumbnailUrl":"https:\/\/www.eldiariodetucuman.com\/web\/wp-content\/uploads\/2018\/08\/a87c874195d82c1326315d41b1458463.jpeg","datePublished":"2018-08-25T14:42:38+00:00","dateModified":"2018-08-25T14:42:40+00:00","breadcrumb":{"@id":"https:\/\/www.eldiariodetucuman.com\/web\/la-ministra-de-educacion-de-san-luis-se-filmo-tras-fumar-marihuana-me-fui-a-marte\/#breadcrumb"},"inLanguage":"es","potentialAction":[{"@type":"ReadAction","target":["https:\/\/www.eldiariodetucuman.com\/web\/la-ministra-de-educacion-de-san-luis-se-filmo-tras-fumar-marihuana-me-fui-a-marte\/"]}]},{"@type":"ImageObject","inLanguage":"es","@id":"https:\/\/www.eldiariodetucuman.com\/web\/la-ministra-de-educacion-de-san-luis-se-filmo-tras-fumar-marihuana-me-fui-a-marte\/#primaryimage","url":"https:\/\/www.eldiariodetucuman.com\/web\/wp-content\/uploads\/2018\/08\/a87c874195d82c1326315d41b1458463.jpeg","contentUrl":"https:\/\/www.eldiariodetucuman.com\/web\/wp-content\/uploads\/2018\/08\/a87c874195d82c1326315d41b1458463.jpeg","width":960,"height":648},{"@type":"BreadcrumbList","@id":"https:\/\/www.eldiariodetucuman.com\/web\/la-ministra-de-educacion-de-san-luis-se-filmo-tras-fumar-marihuana-me-fui-a-marte\/#breadcrumb","itemListElement":[{"@type":"ListItem","position":1,"name":"Portada","item":"https:\/\/www.eldiariodetucuman.com\/web\/"},{"@type":"ListItem","position":2,"name":"La ministra de educaci\u00f3n de San Luis se film\u00f3 tras fumar marihuana: \u00abMe fui a Marte\u00bb"}]},{"@type":"WebSite","@id":"https:\/\/www.eldiariodetucuman.com\/web\/#website","url":"https:\/\/www.eldiariodetucuman.com\/web\/","name":"El Diario de Tucuman","description":"Diario Tucuman - Informaci\u00f3n y noticias","publisher":{"@id":"https:\/\/www.eldiariodetucuman.com\/web\/#organization"},"potentialAction":[{"@type":"SearchAction","target":{"@type":"EntryPoint","urlTemplate":"https:\/\/www.eldiariodetucuman.com\/web\/?s={search_term_string}"},"query-input":{"@type":"PropertyValueSpecification","valueRequired":true,"valueName":"search_term_string"}}],"inLanguage":"es"},{"@type":"Organization","@id":"https:\/\/www.eldiariodetucuman.com\/web\/#organization","name":"El Diario de Tucuman","url":"https:\/\/www.eldiariodetucuman.com\/web\/","logo":{"@type":"ImageObject","inLanguage":"es","@id":"https:\/\/www.eldiariodetucuman.com\/web\/#\/schema\/logo\/image\/","url":"http:\/\/www.eldiariodetucuman.com\/web\/wp-content\/uploads\/2017\/12\/el-diario-de-tucuman.jpg","contentUrl":"http:\/\/www.eldiariodetucuman.com\/web\/wp-content\/uploads\/2017\/12\/el-diario-de-tucuman.jpg","width":272,"height":92,"caption":"El Diario de Tucuman"},"image":{"@id":"https:\/\/www.eldiariodetucuman.com\/web\/#\/schema\/logo\/image\/"}},{"@type":"Person","@id":"https:\/\/www.eldiariodetucuman.com\/web\/#\/schema\/person\/9250197d75ab5483412e19678b121caa","name":"admin","image":{"@type":"ImageObject","inLanguage":"es","@id":"https:\/\/secure.gravatar.com\/avatar\/c44d117c2be811212c22cb481f6b8384b6873de103fbc49e7a03cc58d7dea4ac?s=96&d=mm&r=g","url":"https:\/\/secure.gravatar.com\/avatar\/c44d117c2be811212c22cb481f6b8384b6873de103fbc49e7a03cc58d7dea4ac?s=96&d=mm&r=g","contentUrl":"https:\/\/secure.gravatar.com\/avatar\/c44d117c2be811212c22cb481f6b8384b6873de103fbc49e7a03cc58d7dea4ac?s=96&d=mm&r=g","caption":"admin"},"url":"https:\/\/www.eldiariodetucuman.com\/web\/author\/admin\/"}]}},"_links":{"self":[{"href":"https:\/\/www.eldiariodetucuman.com\/web\/wp-json\/wp\/v2\/posts\/15786","targetHints":{"allow":["GET"]}}],"collection":[{"href":"https:\/\/www.eldiariodetucuman.com\/web\/wp-json\/wp\/v2\/posts"}],"about":[{"href":"https:\/\/www.eldiariodetucuman.com\/web\/wp-json\/wp\/v2\/types\/post"}],"author":[{"embeddable":true,"href":"https:\/\/www.eldiariodetucuman.com\/web\/wp-json\/wp\/v2\/users\/1"}],"replies":[{"embeddable":true,"href":"https:\/\/www.eldiariodetucuman.com\/web\/wp-json\/wp\/v2\/comments?post=15786"}],"version-history":[{"count":1,"href":"https:\/\/www.eldiariodetucuman.com\/web\/wp-json\/wp\/v2\/posts\/15786\/revisions"}],"predecessor-version":[{"id":15788,"href":"https:\/\/www.eldiariodetucuman.com\/web\/wp-json\/wp\/v2\/posts\/15786\/revisions\/15788"}],"wp:featuredmedia":[{"embeddable":true,"href":"https:\/\/www.eldiariodetucuman.com\/web\/wp-json\/wp\/v2\/media\/15787"}],"wp:attachment":[{"href":"https:\/\/www.eldiariodetucuman.com\/web\/wp-json\/wp\/v2\/media?parent=15786"}],"wp:term":[{"taxonomy":"category","embeddable":true,"href":"https:\/\/www.eldiariodetucuman.com\/web\/wp-json\/wp\/v2\/categories?post=15786"},{"taxonomy":"post_tag","embeddable":true,"href":"https:\/\/www.eldiariodetucuman.com\/web\/wp-json\/wp\/v2\/tags?post=15786"}],"curies":[{"name":"wp","href":"https:\/\/api.w.org\/{rel}","templated":true}]}}