{"id":15783,"date":"2018-08-25T00:07:48","date_gmt":"2018-08-25T03:07:48","guid":{"rendered":"http:\/\/www.eldiariodetucuman.com\/web\/quisimos-que-la-poblacion-vea-el-valor-de-estudiar\/"},"modified":"2018-08-25T00:07:49","modified_gmt":"2018-08-25T03:07:49","slug":"quisimos-que-la-poblacion-vea-el-valor-de-estudiar","status":"publish","type":"post","link":"https:\/\/www.eldiariodetucuman.com\/web\/quisimos-que-la-poblacion-vea-el-valor-de-estudiar\/","title":{"rendered":"\u201cQuisimos que la poblaci\u00f3n vea el valor de estudiar\u201d"},"content":{"rendered":"<div>\n<div readability=\"69.556916099773\">\n<p>Con motivo del \u201cIII Encuentro de Acad\u00e9micos Nacionales y Extranjeros\u201d, el jueves por la noche 160 especialistas de todo el pa\u00eds y el extranjero se congregaron en el Sal\u00f3n Blanco de Casa de Gobierno donde fueron <a href=\"http:\/\/comunicaciontucuman.gob.ar\/2018\/08\/tucuman-necesita-y-valora-a-los-academicos\/\" target=\"_blank\">homenajeados por el gobernador, <\/a><strong><a href=\"http:\/\/comunicaciontucuman.gob.ar\/2018\/08\/tucuman-necesita-y-valora-a-los-academicos\/\" target=\"_blank\">Juan Manzur<\/a>.<\/strong><\/p>\n<p><a href=\"http:\/\/comunicaciontucuman.gob.ar\/wp-content\/uploads\/2018\/08\/fotos-de-academicos.jpg\"><img loading=\"lazy\" decoding=\"async\" class=\"size-medium wp-image-175167 alignleft\" src=\"http:\/\/comunicaciontucuman.gob.ar\/wp-content\/uploads\/2018\/08\/fotos-de-academicos-300x166.jpg\" alt=\"fotos de academicos\" width=\"300\" height=\"166\"><\/a>Entre los presentes estuvo el rector de la Universidad Nacional de Tucum\u00e1n (UNT), <strong>Jos\u00e9 Garc\u00eda,<\/strong> que destac\u00f3 el respaldo del Gobierno de la Provincia, en revalorizar a <a href=\"http:\/\/comunicaciontucuman.gob.ar\/2018\/08\/destacan-que-el-gobierno-difunda-el-pensamiento-academico\/\" target=\"_blank\">Tucum\u00e1n como centro t\u00e9cnico, cient\u00edfico y de investigaci\u00f3n<\/a> del norte argentino. \u201cLe agradezco mucho al Gobernador este logro y espero que lo repita siempre porque te llena de alegr\u00eda que un Gobierno valore la academia y la investigaci\u00f3n\u201d, expres\u00f3.<\/p>\n<p><strong>Daniel Ploper,<\/strong> director de la Estaci\u00f3n Experimental Obispo Colombres expres\u00f3 que fue algo que comenz\u00f3 en el 2016, se prolong\u00f3 en el 2017 y culmin\u00f3 con este tercer encuentro. \u201cLos visitantes y los acad\u00e9micos nacionales se muestran encantados con este reconocimiento que hace el Gobierno y el pueblo de Tucum\u00e1n\u201d, expres\u00f3.<\/p>\n<blockquote readability=\"9\">\n<p>El objetivo de este encuentro es rendir un homenaje y que la poblaci\u00f3n visualice lo que se consigue con el esfuerzo, el estudio y la perseverancia del estudio para proponer modelos concretos para la sociedad\u201d,\u00a0afirm\u00f3 Ploper.<\/p>\n<\/blockquote>\n<p><a href=\"http:\/\/comunicaciontucuman.gob.ar\/wp-content\/uploads\/2018\/08\/fotos-de-academicos-03.jpg\"><img loading=\"lazy\" decoding=\"async\" class=\"size-medium wp-image-175165 alignright\" src=\"http:\/\/comunicaciontucuman.gob.ar\/wp-content\/uploads\/2018\/08\/fotos-de-academicos-03-300x166.jpg\" alt=\"fotos de academicos 03\" width=\"300\" height=\"166\"><\/a>En el Sal\u00f3n Blanco, el Gobernador\u00a0tuvo contacto con 160 acad\u00e9micos de los \u00e1mbitos universitarios entre los que se encontraba<strong>\u00a0Rodolfo Danesi<\/strong>, de\u00a0la Academia Nacional de Ingenier\u00eda y de Ciencias Exactas, F\u00edsicas y Naturales.\u00a0\u201cNo hay nada mejor para un acad\u00e9mico que otro acad\u00e9mico. Nos entendemos muy bien y da lugar a nuevos proyectos de investigaci\u00f3n. Es un ejemplo para los ciudadanos y posibilita que los doctorados se pongan a disposici\u00f3n del Gobierno. Es una actividad que requiere de gente muy formada que lleg\u00f3 al tope de su formaci\u00f3n\u201d, asegur\u00f3 Danesi.<\/p>\n<p>Por el Instituto hist\u00f3rico y geogr\u00e1fico del Uruguay, asisti\u00f3 <strong>Fabi\u00e1n Meloni Odilis<\/strong> que llam\u00f3 a los gobernantes a confraternizar con los pa\u00edses de Latinoam\u00e9rica. \u201cEs importante acercarse desde el punto de vista econ\u00f3mico y pol\u00edtico para unirse y formar un frente com\u00fan a fin de subsistir frente a ese coloso que es Europa que aveces nos cierra las puertas\u201d, cerr\u00f3.<\/p>\n<\/div>\n<\/div>\n<p>Fuente: http:\/\/comunicaciontucuman.gob.ar\/2018\/08\/quisimos-que-la-poblacion-vea-lo-que-se-consigue-estudiando\/<\/p>\n","protected":false},"excerpt":{"rendered":"<p>Con motivo del \u201cIII Encuentro de Acad\u00e9micos Nacionales y Extranjeros\u201d, el jueves por la noche 160 especialistas de todo el pa\u00eds y el extranjero se congregaron en el Sal\u00f3n Blanco de Casa de Gobierno donde fueron homenajeados por el gobernador, Juan Manzur. Entre los presentes estuvo el rector de la Universidad Nacional de Tucum\u00e1n (UNT), [&hellip;]<\/p>\n","protected":false},"author":1,"featured_media":15784,"comment_status":"open","ping_status":"closed","sticky":false,"template":"","format":"standard","meta":{"footnotes":""},"categories":[3],"tags":[],"class_list":{"0":"post-15783","1":"post","2":"type-post","3":"status-publish","4":"format-standard","5":"has-post-thumbnail","7":"category-politica"},"yoast_head":"<!-- This site is optimized with the Yoast SEO plugin v27.5 - https:\/\/yoast.com\/product\/yoast-seo-wordpress\/ -->\n<title>\u201cQuisimos que la poblaci\u00f3n vea el valor de estudiar\u201d - El Diario de Tucuman<\/title>\n<meta name=\"robots\" content=\"index, follow, max-snippet:-1, max-image-preview:large, max-video-preview:-1\" \/>\n<link rel=\"canonical\" href=\"https:\/\/www.eldiariodetucuman.com\/web\/quisimos-que-la-poblacion-vea-el-valor-de-estudiar\/\" \/>\n<meta property=\"og:locale\" content=\"es_ES\" \/>\n<meta property=\"og:type\" content=\"article\" \/>\n<meta property=\"og:title\" content=\"\u201cQuisimos que la poblaci\u00f3n vea el valor de estudiar\u201d - El Diario de Tucuman\" \/>\n<meta property=\"og:description\" content=\"Con motivo del \u201cIII Encuentro de Acad\u00e9micos Nacionales y Extranjeros\u201d, el jueves por la noche 160 especialistas de todo el pa\u00eds y el extranjero se congregaron en el Sal\u00f3n Blanco de Casa de Gobierno donde fueron homenajeados por el gobernador, Juan Manzur. Entre los presentes estuvo el rector de la Universidad Nacional de Tucum\u00e1n (UNT), [&hellip;]\" \/>\n<meta property=\"og:url\" content=\"https:\/\/www.eldiariodetucuman.com\/web\/quisimos-que-la-poblacion-vea-el-valor-de-estudiar\/\" \/>\n<meta property=\"og:site_name\" content=\"El Diario de Tucuman\" \/>\n<meta property=\"article:published_time\" content=\"2018-08-25T03:07:48+00:00\" \/>\n<meta property=\"article:modified_time\" content=\"2018-08-25T03:07:49+00:00\" \/>\n<meta property=\"og:image\" content=\"https:\/\/www.eldiariodetucuman.com\/web\/wp-content\/uploads\/2018\/08\/ed8b6684b9ca565abfc461ab3ded15dc.jpeg\" \/>\n\t<meta property=\"og:image:width\" content=\"300\" \/>\n\t<meta property=\"og:image:height\" content=\"166\" \/>\n\t<meta property=\"og:image:type\" content=\"image\/jpeg\" \/>\n<meta name=\"author\" content=\"admin\" \/>\n<meta name=\"twitter:card\" content=\"summary_large_image\" \/>\n<meta name=\"twitter:label1\" content=\"Escrito por\" \/>\n\t<meta name=\"twitter:data1\" content=\"admin\" \/>\n\t<meta name=\"twitter:label2\" content=\"Tiempo de lectura\" \/>\n\t<meta name=\"twitter:data2\" content=\"2 minutos\" \/>\n<script type=\"application\/ld+json\" class=\"yoast-schema-graph\">{\"@context\":\"https:\\\/\\\/schema.org\",\"@graph\":[{\"@type\":\"Article\",\"@id\":\"https:\\\/\\\/www.eldiariodetucuman.com\\\/web\\\/quisimos-que-la-poblacion-vea-el-valor-de-estudiar\\\/#article\",\"isPartOf\":{\"@id\":\"https:\\\/\\\/www.eldiariodetucuman.com\\\/web\\\/quisimos-que-la-poblacion-vea-el-valor-de-estudiar\\\/\"},\"author\":{\"name\":\"admin\",\"@id\":\"https:\\\/\\\/www.eldiariodetucuman.com\\\/web\\\/#\\\/schema\\\/person\\\/9250197d75ab5483412e19678b121caa\"},\"headline\":\"\u201cQuisimos que la poblaci\u00f3n vea el valor de estudiar\u201d\",\"datePublished\":\"2018-08-25T03:07:48+00:00\",\"dateModified\":\"2018-08-25T03:07:49+00:00\",\"mainEntityOfPage\":{\"@id\":\"https:\\\/\\\/www.eldiariodetucuman.com\\\/web\\\/quisimos-que-la-poblacion-vea-el-valor-de-estudiar\\\/\"},\"wordCount\":392,\"commentCount\":0,\"publisher\":{\"@id\":\"https:\\\/\\\/www.eldiariodetucuman.com\\\/web\\\/#organization\"},\"image\":{\"@id\":\"https:\\\/\\\/www.eldiariodetucuman.com\\\/web\\\/quisimos-que-la-poblacion-vea-el-valor-de-estudiar\\\/#primaryimage\"},\"thumbnailUrl\":\"https:\\\/\\\/www.eldiariodetucuman.com\\\/web\\\/wp-content\\\/uploads\\\/2018\\\/08\\\/ed8b6684b9ca565abfc461ab3ded15dc.jpeg\",\"articleSection\":[\"Politica\"],\"inLanguage\":\"es\",\"potentialAction\":[{\"@type\":\"CommentAction\",\"name\":\"Comment\",\"target\":[\"https:\\\/\\\/www.eldiariodetucuman.com\\\/web\\\/quisimos-que-la-poblacion-vea-el-valor-de-estudiar\\\/#respond\"]}]},{\"@type\":\"WebPage\",\"@id\":\"https:\\\/\\\/www.eldiariodetucuman.com\\\/web\\\/quisimos-que-la-poblacion-vea-el-valor-de-estudiar\\\/\",\"url\":\"https:\\\/\\\/www.eldiariodetucuman.com\\\/web\\\/quisimos-que-la-poblacion-vea-el-valor-de-estudiar\\\/\",\"name\":\"\u201cQuisimos que la poblaci\u00f3n vea el valor de estudiar\u201d - El Diario de Tucuman\",\"isPartOf\":{\"@id\":\"https:\\\/\\\/www.eldiariodetucuman.com\\\/web\\\/#website\"},\"primaryImageOfPage\":{\"@id\":\"https:\\\/\\\/www.eldiariodetucuman.com\\\/web\\\/quisimos-que-la-poblacion-vea-el-valor-de-estudiar\\\/#primaryimage\"},\"image\":{\"@id\":\"https:\\\/\\\/www.eldiariodetucuman.com\\\/web\\\/quisimos-que-la-poblacion-vea-el-valor-de-estudiar\\\/#primaryimage\"},\"thumbnailUrl\":\"https:\\\/\\\/www.eldiariodetucuman.com\\\/web\\\/wp-content\\\/uploads\\\/2018\\\/08\\\/ed8b6684b9ca565abfc461ab3ded15dc.jpeg\",\"datePublished\":\"2018-08-25T03:07:48+00:00\",\"dateModified\":\"2018-08-25T03:07:49+00:00\",\"breadcrumb\":{\"@id\":\"https:\\\/\\\/www.eldiariodetucuman.com\\\/web\\\/quisimos-que-la-poblacion-vea-el-valor-de-estudiar\\\/#breadcrumb\"},\"inLanguage\":\"es\",\"potentialAction\":[{\"@type\":\"ReadAction\",\"target\":[\"https:\\\/\\\/www.eldiariodetucuman.com\\\/web\\\/quisimos-que-la-poblacion-vea-el-valor-de-estudiar\\\/\"]}]},{\"@type\":\"ImageObject\",\"inLanguage\":\"es\",\"@id\":\"https:\\\/\\\/www.eldiariodetucuman.com\\\/web\\\/quisimos-que-la-poblacion-vea-el-valor-de-estudiar\\\/#primaryimage\",\"url\":\"https:\\\/\\\/www.eldiariodetucuman.com\\\/web\\\/wp-content\\\/uploads\\\/2018\\\/08\\\/ed8b6684b9ca565abfc461ab3ded15dc.jpeg\",\"contentUrl\":\"https:\\\/\\\/www.eldiariodetucuman.com\\\/web\\\/wp-content\\\/uploads\\\/2018\\\/08\\\/ed8b6684b9ca565abfc461ab3ded15dc.jpeg\",\"width\":300,\"height\":166},{\"@type\":\"BreadcrumbList\",\"@id\":\"https:\\\/\\\/www.eldiariodetucuman.com\\\/web\\\/quisimos-que-la-poblacion-vea-el-valor-de-estudiar\\\/#breadcrumb\",\"itemListElement\":[{\"@type\":\"ListItem\",\"position\":1,\"name\":\"Portada\",\"item\":\"https:\\\/\\\/www.eldiariodetucuman.com\\\/web\\\/\"},{\"@type\":\"ListItem\",\"position\":2,\"name\":\"\u201cQuisimos que la poblaci\u00f3n vea el valor de estudiar\u201d\"}]},{\"@type\":\"WebSite\",\"@id\":\"https:\\\/\\\/www.eldiariodetucuman.com\\\/web\\\/#website\",\"url\":\"https:\\\/\\\/www.eldiariodetucuman.com\\\/web\\\/\",\"name\":\"El Diario de Tucuman\",\"description\":\"Diario Tucuman - Informaci\u00f3n y noticias\",\"publisher\":{\"@id\":\"https:\\\/\\\/www.eldiariodetucuman.com\\\/web\\\/#organization\"},\"potentialAction\":[{\"@type\":\"SearchAction\",\"target\":{\"@type\":\"EntryPoint\",\"urlTemplate\":\"https:\\\/\\\/www.eldiariodetucuman.com\\\/web\\\/?s={search_term_string}\"},\"query-input\":{\"@type\":\"PropertyValueSpecification\",\"valueRequired\":true,\"valueName\":\"search_term_string\"}}],\"inLanguage\":\"es\"},{\"@type\":\"Organization\",\"@id\":\"https:\\\/\\\/www.eldiariodetucuman.com\\\/web\\\/#organization\",\"name\":\"El Diario de Tucuman\",\"url\":\"https:\\\/\\\/www.eldiariodetucuman.com\\\/web\\\/\",\"logo\":{\"@type\":\"ImageObject\",\"inLanguage\":\"es\",\"@id\":\"https:\\\/\\\/www.eldiariodetucuman.com\\\/web\\\/#\\\/schema\\\/logo\\\/image\\\/\",\"url\":\"http:\\\/\\\/www.eldiariodetucuman.com\\\/web\\\/wp-content\\\/uploads\\\/2017\\\/12\\\/el-diario-de-tucuman.jpg\",\"contentUrl\":\"http:\\\/\\\/www.eldiariodetucuman.com\\\/web\\\/wp-content\\\/uploads\\\/2017\\\/12\\\/el-diario-de-tucuman.jpg\",\"width\":272,\"height\":92,\"caption\":\"El Diario de Tucuman\"},\"image\":{\"@id\":\"https:\\\/\\\/www.eldiariodetucuman.com\\\/web\\\/#\\\/schema\\\/logo\\\/image\\\/\"}},{\"@type\":\"Person\",\"@id\":\"https:\\\/\\\/www.eldiariodetucuman.com\\\/web\\\/#\\\/schema\\\/person\\\/9250197d75ab5483412e19678b121caa\",\"name\":\"admin\",\"image\":{\"@type\":\"ImageObject\",\"inLanguage\":\"es\",\"@id\":\"https:\\\/\\\/secure.gravatar.com\\\/avatar\\\/c44d117c2be811212c22cb481f6b8384b6873de103fbc49e7a03cc58d7dea4ac?s=96&d=mm&r=g\",\"url\":\"https:\\\/\\\/secure.gravatar.com\\\/avatar\\\/c44d117c2be811212c22cb481f6b8384b6873de103fbc49e7a03cc58d7dea4ac?s=96&d=mm&r=g\",\"contentUrl\":\"https:\\\/\\\/secure.gravatar.com\\\/avatar\\\/c44d117c2be811212c22cb481f6b8384b6873de103fbc49e7a03cc58d7dea4ac?s=96&d=mm&r=g\",\"caption\":\"admin\"},\"url\":\"https:\\\/\\\/www.eldiariodetucuman.com\\\/web\\\/author\\\/admin\\\/\"}]}<\/script>\n<!-- \/ Yoast SEO plugin. -->","yoast_head_json":{"title":"\u201cQuisimos que la poblaci\u00f3n vea el valor de estudiar\u201d - El Diario de Tucuman","robots":{"index":"index","follow":"follow","max-snippet":"max-snippet:-1","max-image-preview":"max-image-preview:large","max-video-preview":"max-video-preview:-1"},"canonical":"https:\/\/www.eldiariodetucuman.com\/web\/quisimos-que-la-poblacion-vea-el-valor-de-estudiar\/","og_locale":"es_ES","og_type":"article","og_title":"\u201cQuisimos que la poblaci\u00f3n vea el valor de estudiar\u201d - El Diario de Tucuman","og_description":"Con motivo del \u201cIII Encuentro de Acad\u00e9micos Nacionales y Extranjeros\u201d, el jueves por la noche 160 especialistas de todo el pa\u00eds y el extranjero se congregaron en el Sal\u00f3n Blanco de Casa de Gobierno donde fueron homenajeados por el gobernador, Juan Manzur. Entre los presentes estuvo el rector de la Universidad Nacional de Tucum\u00e1n (UNT), [&hellip;]","og_url":"https:\/\/www.eldiariodetucuman.com\/web\/quisimos-que-la-poblacion-vea-el-valor-de-estudiar\/","og_site_name":"El Diario de Tucuman","article_published_time":"2018-08-25T03:07:48+00:00","article_modified_time":"2018-08-25T03:07:49+00:00","og_image":[{"width":300,"height":166,"url":"https:\/\/www.eldiariodetucuman.com\/web\/wp-content\/uploads\/2018\/08\/ed8b6684b9ca565abfc461ab3ded15dc.jpeg","type":"image\/jpeg"}],"author":"admin","twitter_card":"summary_large_image","twitter_misc":{"Escrito por":"admin","Tiempo de lectura":"2 minutos"},"schema":{"@context":"https:\/\/schema.org","@graph":[{"@type":"Article","@id":"https:\/\/www.eldiariodetucuman.com\/web\/quisimos-que-la-poblacion-vea-el-valor-de-estudiar\/#article","isPartOf":{"@id":"https:\/\/www.eldiariodetucuman.com\/web\/quisimos-que-la-poblacion-vea-el-valor-de-estudiar\/"},"author":{"name":"admin","@id":"https:\/\/www.eldiariodetucuman.com\/web\/#\/schema\/person\/9250197d75ab5483412e19678b121caa"},"headline":"\u201cQuisimos que la poblaci\u00f3n vea el valor de estudiar\u201d","datePublished":"2018-08-25T03:07:48+00:00","dateModified":"2018-08-25T03:07:49+00:00","mainEntityOfPage":{"@id":"https:\/\/www.eldiariodetucuman.com\/web\/quisimos-que-la-poblacion-vea-el-valor-de-estudiar\/"},"wordCount":392,"commentCount":0,"publisher":{"@id":"https:\/\/www.eldiariodetucuman.com\/web\/#organization"},"image":{"@id":"https:\/\/www.eldiariodetucuman.com\/web\/quisimos-que-la-poblacion-vea-el-valor-de-estudiar\/#primaryimage"},"thumbnailUrl":"https:\/\/www.eldiariodetucuman.com\/web\/wp-content\/uploads\/2018\/08\/ed8b6684b9ca565abfc461ab3ded15dc.jpeg","articleSection":["Politica"],"inLanguage":"es","potentialAction":[{"@type":"CommentAction","name":"Comment","target":["https:\/\/www.eldiariodetucuman.com\/web\/quisimos-que-la-poblacion-vea-el-valor-de-estudiar\/#respond"]}]},{"@type":"WebPage","@id":"https:\/\/www.eldiariodetucuman.com\/web\/quisimos-que-la-poblacion-vea-el-valor-de-estudiar\/","url":"https:\/\/www.eldiariodetucuman.com\/web\/quisimos-que-la-poblacion-vea-el-valor-de-estudiar\/","name":"\u201cQuisimos que la poblaci\u00f3n vea el valor de estudiar\u201d - El Diario de Tucuman","isPartOf":{"@id":"https:\/\/www.eldiariodetucuman.com\/web\/#website"},"primaryImageOfPage":{"@id":"https:\/\/www.eldiariodetucuman.com\/web\/quisimos-que-la-poblacion-vea-el-valor-de-estudiar\/#primaryimage"},"image":{"@id":"https:\/\/www.eldiariodetucuman.com\/web\/quisimos-que-la-poblacion-vea-el-valor-de-estudiar\/#primaryimage"},"thumbnailUrl":"https:\/\/www.eldiariodetucuman.com\/web\/wp-content\/uploads\/2018\/08\/ed8b6684b9ca565abfc461ab3ded15dc.jpeg","datePublished":"2018-08-25T03:07:48+00:00","dateModified":"2018-08-25T03:07:49+00:00","breadcrumb":{"@id":"https:\/\/www.eldiariodetucuman.com\/web\/quisimos-que-la-poblacion-vea-el-valor-de-estudiar\/#breadcrumb"},"inLanguage":"es","potentialAction":[{"@type":"ReadAction","target":["https:\/\/www.eldiariodetucuman.com\/web\/quisimos-que-la-poblacion-vea-el-valor-de-estudiar\/"]}]},{"@type":"ImageObject","inLanguage":"es","@id":"https:\/\/www.eldiariodetucuman.com\/web\/quisimos-que-la-poblacion-vea-el-valor-de-estudiar\/#primaryimage","url":"https:\/\/www.eldiariodetucuman.com\/web\/wp-content\/uploads\/2018\/08\/ed8b6684b9ca565abfc461ab3ded15dc.jpeg","contentUrl":"https:\/\/www.eldiariodetucuman.com\/web\/wp-content\/uploads\/2018\/08\/ed8b6684b9ca565abfc461ab3ded15dc.jpeg","width":300,"height":166},{"@type":"BreadcrumbList","@id":"https:\/\/www.eldiariodetucuman.com\/web\/quisimos-que-la-poblacion-vea-el-valor-de-estudiar\/#breadcrumb","itemListElement":[{"@type":"ListItem","position":1,"name":"Portada","item":"https:\/\/www.eldiariodetucuman.com\/web\/"},{"@type":"ListItem","position":2,"name":"\u201cQuisimos que la poblaci\u00f3n vea el valor de estudiar\u201d"}]},{"@type":"WebSite","@id":"https:\/\/www.eldiariodetucuman.com\/web\/#website","url":"https:\/\/www.eldiariodetucuman.com\/web\/","name":"El Diario de Tucuman","description":"Diario Tucuman - Informaci\u00f3n y noticias","publisher":{"@id":"https:\/\/www.eldiariodetucuman.com\/web\/#organization"},"potentialAction":[{"@type":"SearchAction","target":{"@type":"EntryPoint","urlTemplate":"https:\/\/www.eldiariodetucuman.com\/web\/?s={search_term_string}"},"query-input":{"@type":"PropertyValueSpecification","valueRequired":true,"valueName":"search_term_string"}}],"inLanguage":"es"},{"@type":"Organization","@id":"https:\/\/www.eldiariodetucuman.com\/web\/#organization","name":"El Diario de Tucuman","url":"https:\/\/www.eldiariodetucuman.com\/web\/","logo":{"@type":"ImageObject","inLanguage":"es","@id":"https:\/\/www.eldiariodetucuman.com\/web\/#\/schema\/logo\/image\/","url":"http:\/\/www.eldiariodetucuman.com\/web\/wp-content\/uploads\/2017\/12\/el-diario-de-tucuman.jpg","contentUrl":"http:\/\/www.eldiariodetucuman.com\/web\/wp-content\/uploads\/2017\/12\/el-diario-de-tucuman.jpg","width":272,"height":92,"caption":"El Diario de Tucuman"},"image":{"@id":"https:\/\/www.eldiariodetucuman.com\/web\/#\/schema\/logo\/image\/"}},{"@type":"Person","@id":"https:\/\/www.eldiariodetucuman.com\/web\/#\/schema\/person\/9250197d75ab5483412e19678b121caa","name":"admin","image":{"@type":"ImageObject","inLanguage":"es","@id":"https:\/\/secure.gravatar.com\/avatar\/c44d117c2be811212c22cb481f6b8384b6873de103fbc49e7a03cc58d7dea4ac?s=96&d=mm&r=g","url":"https:\/\/secure.gravatar.com\/avatar\/c44d117c2be811212c22cb481f6b8384b6873de103fbc49e7a03cc58d7dea4ac?s=96&d=mm&r=g","contentUrl":"https:\/\/secure.gravatar.com\/avatar\/c44d117c2be811212c22cb481f6b8384b6873de103fbc49e7a03cc58d7dea4ac?s=96&d=mm&r=g","caption":"admin"},"url":"https:\/\/www.eldiariodetucuman.com\/web\/author\/admin\/"}]}},"_links":{"self":[{"href":"https:\/\/www.eldiariodetucuman.com\/web\/wp-json\/wp\/v2\/posts\/15783","targetHints":{"allow":["GET"]}}],"collection":[{"href":"https:\/\/www.eldiariodetucuman.com\/web\/wp-json\/wp\/v2\/posts"}],"about":[{"href":"https:\/\/www.eldiariodetucuman.com\/web\/wp-json\/wp\/v2\/types\/post"}],"author":[{"embeddable":true,"href":"https:\/\/www.eldiariodetucuman.com\/web\/wp-json\/wp\/v2\/users\/1"}],"replies":[{"embeddable":true,"href":"https:\/\/www.eldiariodetucuman.com\/web\/wp-json\/wp\/v2\/comments?post=15783"}],"version-history":[{"count":1,"href":"https:\/\/www.eldiariodetucuman.com\/web\/wp-json\/wp\/v2\/posts\/15783\/revisions"}],"predecessor-version":[{"id":15785,"href":"https:\/\/www.eldiariodetucuman.com\/web\/wp-json\/wp\/v2\/posts\/15783\/revisions\/15785"}],"wp:featuredmedia":[{"embeddable":true,"href":"https:\/\/www.eldiariodetucuman.com\/web\/wp-json\/wp\/v2\/media\/15784"}],"wp:attachment":[{"href":"https:\/\/www.eldiariodetucuman.com\/web\/wp-json\/wp\/v2\/media?parent=15783"}],"wp:term":[{"taxonomy":"category","embeddable":true,"href":"https:\/\/www.eldiariodetucuman.com\/web\/wp-json\/wp\/v2\/categories?post=15783"},{"taxonomy":"post_tag","embeddable":true,"href":"https:\/\/www.eldiariodetucuman.com\/web\/wp-json\/wp\/v2\/tags?post=15783"}],"curies":[{"name":"wp","href":"https:\/\/api.w.org\/{rel}","templated":true}]}}