{"id":15780,"date":"2018-08-25T00:07:35","date_gmt":"2018-08-25T03:07:35","guid":{"rendered":"http:\/\/www.eldiariodetucuman.com\/web\/manzur-tucuman-industrializa-y-exporta-energia-para-todo-el-noa\/"},"modified":"2018-08-25T00:07:36","modified_gmt":"2018-08-25T03:07:36","slug":"manzur-tucuman-industrializa-y-exporta-energia-para-todo-el-noa","status":"publish","type":"post","link":"https:\/\/www.eldiariodetucuman.com\/web\/manzur-tucuman-industrializa-y-exporta-energia-para-todo-el-noa\/","title":{"rendered":"Manzur: \u201cTucum\u00e1n industrializa y exporta energ\u00eda para todo el NOA\u201d"},"content":{"rendered":"<div>\n<div readability=\"140.47230707929\">\n<p>Tucum\u00e1n aporta energ\u00eda al servicio nacional a trav\u00e9s de la Central Termoel\u00e9ctrica de YPF en El Bracho, que este a\u00f1o sum\u00f3 nueva tecnolog\u00eda. Durante un encuentro en la planta ubicada a 23 kil\u00f3metros al este de San Miguel de Tucum\u00e1n, el gobernador, <strong>Juan Manzur <\/strong>junto\u00a0al presidente, <strong>Mauricio Macri<\/strong>, recorrieron las obras que fueron inauguradas en mayo pasado por la empresa YPF Luz.<\/p>\n<p><a href=\"http:\/\/comunicaciontucuman.gob.ar\/wp-content\/uploads\/2018\/08\/WhatsApp-Image-2018-08-24-at-12.59.12.jpeg\"><img loading=\"lazy\" decoding=\"async\" class=\"size-medium wp-image-175250 alignleft\" src=\"http:\/\/comunicaciontucuman.gob.ar\/wp-content\/uploads\/2018\/08\/WhatsApp-Image-2018-08-24-at-12.59.12-300x166.jpeg\" alt=\"WhatsApp Image 2018-08-24 at 12.59.12\" width=\"300\" height=\"166\"><\/a>La visita a la Central se extendi\u00f3 durante m\u00e1s de cuarenta minutos y, previo al momento de los discursos, recorrieron las instalaciones de la planta operativa y la sala de control y monitoreo. El presidente de YPF Luz, <strong>Miguel Guti\u00e9rrez<\/strong> y diecisiete operarios acompa\u00f1aron al Presidente y al Gobernador.<\/p>\n<p>En su discurso, Manzur expres\u00f3: \u201cDesde que lleg\u00f3 el Presidente hablamos de proyectos, de econom\u00edas regionales y planes hacia adelante\u201d<\/p>\n<p>El Gobernador cont\u00f3 que durante la jornada visitaron junto al Presidente una plantaci\u00f3n de ar\u00e1ndanos ubicada en el sur de la provincia. \u201cTodo esto tiene que ver con la energ\u00eda. Cuando hay posibilidades de que se radiquen empresas y f\u00e1bricas que agreguen valor a lo que producimos, lo primero que preguntan es si hay energ\u00eda\u201d, expres\u00f3, al tiempo que afirm\u00f3 que esto tiene que ver con la \u2018Argentina federal\u2019 para \u201cgenerar oportunidades en todo el pa\u00eds\u201d.<\/p>\n<blockquote class=\"mom_quote \"><p>Manzur explic\u00f3 que la planta abastecer\u00e1 a todo el NOA con 1.300 MW: \u201cTucum\u00e1n consume 650 MW. Hoy industrializa y exporta la energ\u00eda. Esto tiene que ver con el desarrollo, el trabajo y el futuro\u201d.<\/p><\/blockquote>\n<p>El Gobernador dijo que, con YPF Luz, \u201chay grandes proyectos a partir de generar nuevas oportunidades a base de la tecnolog\u00eda. Hoy se habla de utilizar biomasa y de toda la potencialidad que tiene Tucum\u00e1n\u201d.<\/p>\n<p><a href=\"http:\/\/comunicaciontucuman.gob.ar\/wp-content\/uploads\/2018\/08\/WhatsApp-Image-2018-08-24-at-13.16.36-e1535127311763.jpeg\"><img loading=\"lazy\" decoding=\"async\" class=\"size-medium wp-image-175255 alignright\" src=\"http:\/\/comunicaciontucuman.gob.ar\/wp-content\/uploads\/2018\/08\/WhatsApp-Image-2018-08-24-at-13.16.36-e1535127311763-300x166.jpeg\" alt=\"WhatsApp Image 2018-08-24 at 13.16.36\" width=\"300\" height=\"166\"><\/a>Declar\u00f3, adem\u00e1s, que \u201cojal\u00e1 que en un futuro cercano esto se concrete para aumentar la capacidad de energ\u00eda. La energ\u00eda genera nuevas oportunidades y desarrollo para toda la argentina y fundamentalmente para el interior\u201d.<\/p>\n<p>Manzur expres\u00f3 al Presidente que \u201ccuente con Tucum\u00e1n para que la Argentina produzca m\u00e1s y aumente las exportaciones, y para que en el interior generemos nuevas oportunidades\u201d.<\/p>\n<p>Macri, por su parte, manifest\u00f3: \u201cRecorriendo esta planta uno se da cuenta que\u00a0hubo mucha gente involucrada que siente que tiene que dar\u00a0 lo mejor de s\u00ed para que podamos dar pasos hacia adelante\u201d.<\/p>\n<p>El Presidente razon\u00f3 que este grupo humano, a trav\u00e9s de YPF Luz, lograron conseguir \u201cun muy buen socio a nivel mundial como General Electric. Est\u00e1n desarrollando proyectos porque quieren ser importantes actores a la hora de generar energ\u00eda en un pa\u00eds que tiene todo por hacer\u201d.<\/p>\n<div class=\"base-box news-box mom_box_sc_custom mom_box_sc clear \" readability=\"20\">\n<p><strong>El capital humano tucumano posibilita el desarrollo de energ\u00eda <\/strong><\/p>\n<p><strong>Guti\u00e9rrez,<\/strong> presidente de YPF, expres\u00f3 que el desarrollo de las obras fue \u2018un sue\u00f1o\u2019 que tom\u00f3 impulso en 2016 y que se convirti\u00f3 en realidad. \u201cVamos a tener 1.300 MW de producci\u00f3n en pocos meses y abastecemos a todo el NOA\u201d. Declar\u00f3, adem\u00e1s: \u201cVamos a abastecer a 1.600.000 usuarios\u201d.<\/p>\n<p>El funcionario destac\u00f3 la calidad de los trabajadores tucumanos: \u201cLa realidad es que nos sentimos orgullosos de hacerlo desde Tucum\u00e1n. Con gente que estudia aqu\u00ed e ingenieros con una experiencia de muchos a\u00f1os. Gracias al capital humano que tenemos YPF Luz sue\u00f1a con otros proyectos en otras provincias\u201d.<\/p>\n<\/div>\n<blockquote class=\"mom_quote \"><p>Por la provincia, estuvieron presentes el vicegobernador, <strong>Osvaldo Jaldo<\/strong>; la secretaria General de la Gobernaci\u00f3n, <strong>Silvia P\u00e9rez<\/strong>; los ministros: <strong>Juan\u00a0Luis Fern\u00e1ndez<\/strong> (Desarrollo Productivo);\u00a0<strong>Gabriel Yedlin<\/strong> (Desarrollo Social); <strong>Rossana Chahla<\/strong> (Salud), <strong>Regino Amado<\/strong> (Gobierno y Justicia), y\u00a0<strong>Claudio Maley<\/strong> (Seguridad). Tambi\u00e9n particip\u00f3 el presidente subrogante de la Legislatura, <strong>Fernando Juri.<\/strong><\/p><\/blockquote>\n<p>Durante el encuentro,<strong>\u00a0<\/strong>el vicegobernador<strong>\u00a0<\/strong>Jaldo<strong>,\u00a0<\/strong>manifest\u00f3:\u00a0\u201cTucum\u00e1n tiene que saber que genera su propia energ\u00eda y no s\u00f3lo abastecemos a los tucumanos sino que, adem\u00e1s, lo hacemos para con otras provincias. Entendemos que con la incorporaci\u00f3n de mejor tecnolog\u00eda podemos producir mucho m\u00e1s, para que esa energ\u00eda vaya a la red nacional\u201d.<\/p>\n<p>En di\u00e1logo con Canal 10, el Ministro de Desarrollo Productivo remarc\u00f3\u00a0que la provincia pasar\u00e1 a producir el doble de la energ\u00eda necesaria. \u201cEsto transforma a\u00a0Tucum\u00e1n, con los 100 megas que tenemos en la Central Independencia m\u00e1s la Hidroel\u00e9ctrica, en una provincia netamente exportadora de energ\u00eda\u201d, afirm\u00f3 el ministro.<\/p>\n<blockquote readability=\"7\">\n<p>Todo emprendimiento industrial que necesite luz encuentra aqu\u00ed energ\u00eda suficiente\u201d, cerr\u00f3 Fern\u00e1ndez.<\/p>\n<\/blockquote>\n<p><strong>El Bracho produce energ\u00eda para todo el pa\u00eds<\/strong><\/p>\n<p><a href=\"http:\/\/comunicaciontucuman.gob.ar\/wp-content\/uploads\/2018\/08\/Central-Electrica-El-Bracho-LS.jpg\"><img loading=\"lazy\" decoding=\"async\" class=\"size-medium wp-image-175152 alignleft\" src=\"http:\/\/comunicaciontucuman.gob.ar\/wp-content\/uploads\/2018\/08\/Central-Electrica-El-Bracho-LS-300x166.jpg\" alt=\"Central-Electrica-El-Bracho-LS\" width=\"300\" height=\"166\"><\/a>Vale destacar que el 15 de mayo pasado, Manzur junto a autoridades de la empresa termoel\u00e9ctrica i<a href=\"http:\/\/comunicaciontucuman.gob.ar\/2018\/05\/tucuman-suma-energia-para-1-3-millones-de-argentinos\/\">nauguraron una turbina con una capacidad para generar 266 megavatios de potencia.<\/a><\/p>\n<p>Con la ampliaci\u00f3n de la capacidad de El Bracho, Tucum\u00e1n se posicion\u00f3 como un polo energ\u00e9tico, al dotar a la red el\u00e9ctrica local de mayor estabilidad y habilitar a las industrias para que tengan un suministro energ\u00e9tico m\u00e1s confiable.<\/p>\n<blockquote class=\"mom_quote \" readability=\"21\">\n<p><strong>Complejo Termoel\u00e9ctrico El Bracho\u00a0<\/strong><\/p>\n<p>La Central est\u00e1 integrada por tres plantas de generaci\u00f3n.<\/p>\n<p>Con la puesta en marcha de la nueva turbina, cuya <strong>construcci\u00f3n tuvo una duraci\u00f3n de 16 meses<\/strong> y requiri\u00f3 hasta <strong>400 personas de mano de obra directa<\/strong>, el complejo El Bracho alcanza una<strong> capacidad 1.103 MW de potencia<\/strong>, equivalentes al <strong>consumo aproximado de energ\u00eda de m\u00e1s de 280.000 hogares.<\/strong><\/p>\n<p>Las nuevas instalaciones implican una <strong>capacidad de 270 MW<\/strong>, a trav\u00e9s de una turbina de gas.<\/p>\n<p>El dispositivo est\u00e1 listo para reconvertirse a un ciclo combinado.<\/p>\n<p>Ya aport\u00f3 m\u00e1s de 250 GW de energ\u00eda a la Argentina.<\/p>\n<\/blockquote>\n<p><strong>YPF Luz<\/strong><\/p>\n<ul>\n<li>Es una compa\u00f1\u00eda con cinco a\u00f1os de antig\u00fcedad en el sector que se sum\u00f3 al mercado de la energ\u00eda el\u00e9ctrica en agosto de 2013 cuando asumi\u00f3 la propiedad y la operaci\u00f3n del complejo de generaci\u00f3n t\u00e9rmica de Tucum\u00e1n, de 830 MW de potencia instalada.<\/li>\n<li>A partir de ese momento, apost\u00f3 a la generaci\u00f3n de energ\u00eda eficiente y confiable, a trav\u00e9s de la construcci\u00f3n de nuevas centrales de generaci\u00f3n t\u00e9rmica y parques de energ\u00eda renovable, con tecnolog\u00eda de primer nivel para el abastecimiento de YPF y otras industrias, y para la comercializaci\u00f3n en el mercado el\u00e9ctrico mayorista (MEM).<\/li>\n<li>YPF Luz ha comenzado adem\u00e1s el proceso de construcci\u00f3n de la planta de ciclo combinado para la conversi\u00f3n de la turbina de gas de la central t\u00e9rmica El Bracho, que demandar\u00e1 una inversi\u00f3n de 300 millones de d\u00f3lares.<\/li>\n<li>Este proyecto demandar\u00e1 30 meses hasta su puesta en marcha y su construcci\u00f3n requerir\u00e1 la participaci\u00f3n de hasta 800 personas. Esto permitir\u00e1 al complejo en su conjunto alcanzar en el a\u00f1o 2020 los 1.300 MW de potencia de generaci\u00f3n para abastecer a m\u00e1s de 1.6 millones de usuarios, lo que equivale al 4,2% de la demanda m\u00e1xima del pa\u00eds.<\/li>\n<li>YPF financi\u00f3 la obra a trav\u00e9s de la compa\u00f1\u00eda estadounidense General Electric Energy Financial Services. Requiri\u00f3 una inversi\u00f3n de U$D 160 millones. Sumar\u00e1 otros U$D 300 millones para la construcci\u00f3n del ciclo combinado.<\/li>\n<\/ul>\n<blockquote class=\"mom_quote \"><p>Esta es la onceava vez que el titular del Poder Ejecutivo Nacional visita Tucum\u00e1n, ya que la \u00faltima visita fue el 9 de julio pasado cuando particip\u00f3 de los festejos patrios por conmemorarse los 202 a\u00f1os de la declaraci\u00f3n de la Independencia.<\/p><\/blockquote>\n<div class=\"base-box news-box mom_box_sc_custom mom_box_sc clear \" readability=\"12\">\n<p><strong>Visita a un jard\u00edn de infantes y una plantaci\u00f3n de ar\u00e1ndanos\u00a0<\/strong><\/p>\n<p>Previamente a la visita a la Termoel\u00e9ctrica, Macri y Manzur compartieron durante la ma\u00f1ana una recorrida por un establecimiento educativo en Alpachiri \u2013 comuna situada al sureste de la provincia- y luego visitaron una plantaci\u00f3n de ar\u00e1ndanos en el sur tucumano.<\/p>\n<\/div>\n<\/div>\n<\/div>\n<p>Fuente: http:\/\/comunicaciontucuman.gob.ar\/2018\/08\/manzur-tucuman-industrializa-y-exporta-energia-para-todo-el-noa\/<\/p>\n","protected":false},"excerpt":{"rendered":"<p>Tucum\u00e1n aporta energ\u00eda al servicio nacional a trav\u00e9s de la Central Termoel\u00e9ctrica de YPF en El Bracho, que este a\u00f1o sum\u00f3 nueva tecnolog\u00eda. Durante un encuentro en la planta ubicada a 23 kil\u00f3metros al este de San Miguel de Tucum\u00e1n, el gobernador, Juan Manzur junto\u00a0al presidente, Mauricio Macri, recorrieron las obras que fueron inauguradas en [&hellip;]<\/p>\n","protected":false},"author":1,"featured_media":15781,"comment_status":"open","ping_status":"closed","sticky":false,"template":"","format":"standard","meta":{"footnotes":""},"categories":[3],"tags":[],"class_list":{"0":"post-15780","1":"post","2":"type-post","3":"status-publish","4":"format-standard","5":"has-post-thumbnail","7":"category-politica"},"yoast_head":"<!-- This site is optimized with the Yoast SEO plugin v27.5 - https:\/\/yoast.com\/product\/yoast-seo-wordpress\/ -->\n<title>Manzur: \u201cTucum\u00e1n industrializa y exporta energ\u00eda para todo el NOA\u201d - El Diario de Tucuman<\/title>\n<meta name=\"robots\" content=\"index, follow, max-snippet:-1, max-image-preview:large, max-video-preview:-1\" \/>\n<link rel=\"canonical\" href=\"https:\/\/www.eldiariodetucuman.com\/web\/manzur-tucuman-industrializa-y-exporta-energia-para-todo-el-noa\/\" \/>\n<meta property=\"og:locale\" content=\"es_ES\" \/>\n<meta property=\"og:type\" content=\"article\" \/>\n<meta property=\"og:title\" content=\"Manzur: \u201cTucum\u00e1n industrializa y exporta energ\u00eda para todo el NOA\u201d - El Diario de Tucuman\" \/>\n<meta property=\"og:description\" content=\"Tucum\u00e1n aporta energ\u00eda al servicio nacional a trav\u00e9s de la Central Termoel\u00e9ctrica de YPF en El Bracho, que este a\u00f1o sum\u00f3 nueva tecnolog\u00eda. Durante un encuentro en la planta ubicada a 23 kil\u00f3metros al este de San Miguel de Tucum\u00e1n, el gobernador, Juan Manzur junto\u00a0al presidente, Mauricio Macri, recorrieron las obras que fueron inauguradas en [&hellip;]\" \/>\n<meta property=\"og:url\" content=\"https:\/\/www.eldiariodetucuman.com\/web\/manzur-tucuman-industrializa-y-exporta-energia-para-todo-el-noa\/\" \/>\n<meta property=\"og:site_name\" content=\"El Diario de Tucuman\" \/>\n<meta property=\"article:published_time\" content=\"2018-08-25T03:07:35+00:00\" \/>\n<meta property=\"article:modified_time\" content=\"2018-08-25T03:07:36+00:00\" \/>\n<meta property=\"og:image\" content=\"https:\/\/www.eldiariodetucuman.com\/web\/wp-content\/uploads\/2018\/08\/e40b40100e7b98f2333277a0e06c9eb7.jpeg\" \/>\n\t<meta property=\"og:image:width\" content=\"300\" \/>\n\t<meta property=\"og:image:height\" content=\"166\" \/>\n\t<meta property=\"og:image:type\" content=\"image\/jpeg\" \/>\n<meta name=\"author\" content=\"admin\" \/>\n<meta name=\"twitter:card\" content=\"summary_large_image\" \/>\n<meta name=\"twitter:label1\" content=\"Escrito por\" \/>\n\t<meta name=\"twitter:data1\" content=\"admin\" \/>\n\t<meta name=\"twitter:label2\" content=\"Tiempo de lectura\" \/>\n\t<meta name=\"twitter:data2\" content=\"6 minutos\" \/>\n<script type=\"application\/ld+json\" class=\"yoast-schema-graph\">{\"@context\":\"https:\\\/\\\/schema.org\",\"@graph\":[{\"@type\":\"Article\",\"@id\":\"https:\\\/\\\/www.eldiariodetucuman.com\\\/web\\\/manzur-tucuman-industrializa-y-exporta-energia-para-todo-el-noa\\\/#article\",\"isPartOf\":{\"@id\":\"https:\\\/\\\/www.eldiariodetucuman.com\\\/web\\\/manzur-tucuman-industrializa-y-exporta-energia-para-todo-el-noa\\\/\"},\"author\":{\"name\":\"admin\",\"@id\":\"https:\\\/\\\/www.eldiariodetucuman.com\\\/web\\\/#\\\/schema\\\/person\\\/9250197d75ab5483412e19678b121caa\"},\"headline\":\"Manzur: \u201cTucum\u00e1n industrializa y exporta energ\u00eda para todo el NOA\u201d\",\"datePublished\":\"2018-08-25T03:07:35+00:00\",\"dateModified\":\"2018-08-25T03:07:36+00:00\",\"mainEntityOfPage\":{\"@id\":\"https:\\\/\\\/www.eldiariodetucuman.com\\\/web\\\/manzur-tucuman-industrializa-y-exporta-energia-para-todo-el-noa\\\/\"},\"wordCount\":1300,\"commentCount\":0,\"publisher\":{\"@id\":\"https:\\\/\\\/www.eldiariodetucuman.com\\\/web\\\/#organization\"},\"image\":{\"@id\":\"https:\\\/\\\/www.eldiariodetucuman.com\\\/web\\\/manzur-tucuman-industrializa-y-exporta-energia-para-todo-el-noa\\\/#primaryimage\"},\"thumbnailUrl\":\"https:\\\/\\\/www.eldiariodetucuman.com\\\/web\\\/wp-content\\\/uploads\\\/2018\\\/08\\\/e40b40100e7b98f2333277a0e06c9eb7.jpeg\",\"articleSection\":[\"Politica\"],\"inLanguage\":\"es\",\"potentialAction\":[{\"@type\":\"CommentAction\",\"name\":\"Comment\",\"target\":[\"https:\\\/\\\/www.eldiariodetucuman.com\\\/web\\\/manzur-tucuman-industrializa-y-exporta-energia-para-todo-el-noa\\\/#respond\"]}]},{\"@type\":\"WebPage\",\"@id\":\"https:\\\/\\\/www.eldiariodetucuman.com\\\/web\\\/manzur-tucuman-industrializa-y-exporta-energia-para-todo-el-noa\\\/\",\"url\":\"https:\\\/\\\/www.eldiariodetucuman.com\\\/web\\\/manzur-tucuman-industrializa-y-exporta-energia-para-todo-el-noa\\\/\",\"name\":\"Manzur: \u201cTucum\u00e1n industrializa y exporta energ\u00eda para todo el NOA\u201d - El Diario de Tucuman\",\"isPartOf\":{\"@id\":\"https:\\\/\\\/www.eldiariodetucuman.com\\\/web\\\/#website\"},\"primaryImageOfPage\":{\"@id\":\"https:\\\/\\\/www.eldiariodetucuman.com\\\/web\\\/manzur-tucuman-industrializa-y-exporta-energia-para-todo-el-noa\\\/#primaryimage\"},\"image\":{\"@id\":\"https:\\\/\\\/www.eldiariodetucuman.com\\\/web\\\/manzur-tucuman-industrializa-y-exporta-energia-para-todo-el-noa\\\/#primaryimage\"},\"thumbnailUrl\":\"https:\\\/\\\/www.eldiariodetucuman.com\\\/web\\\/wp-content\\\/uploads\\\/2018\\\/08\\\/e40b40100e7b98f2333277a0e06c9eb7.jpeg\",\"datePublished\":\"2018-08-25T03:07:35+00:00\",\"dateModified\":\"2018-08-25T03:07:36+00:00\",\"breadcrumb\":{\"@id\":\"https:\\\/\\\/www.eldiariodetucuman.com\\\/web\\\/manzur-tucuman-industrializa-y-exporta-energia-para-todo-el-noa\\\/#breadcrumb\"},\"inLanguage\":\"es\",\"potentialAction\":[{\"@type\":\"ReadAction\",\"target\":[\"https:\\\/\\\/www.eldiariodetucuman.com\\\/web\\\/manzur-tucuman-industrializa-y-exporta-energia-para-todo-el-noa\\\/\"]}]},{\"@type\":\"ImageObject\",\"inLanguage\":\"es\",\"@id\":\"https:\\\/\\\/www.eldiariodetucuman.com\\\/web\\\/manzur-tucuman-industrializa-y-exporta-energia-para-todo-el-noa\\\/#primaryimage\",\"url\":\"https:\\\/\\\/www.eldiariodetucuman.com\\\/web\\\/wp-content\\\/uploads\\\/2018\\\/08\\\/e40b40100e7b98f2333277a0e06c9eb7.jpeg\",\"contentUrl\":\"https:\\\/\\\/www.eldiariodetucuman.com\\\/web\\\/wp-content\\\/uploads\\\/2018\\\/08\\\/e40b40100e7b98f2333277a0e06c9eb7.jpeg\",\"width\":300,\"height\":166},{\"@type\":\"BreadcrumbList\",\"@id\":\"https:\\\/\\\/www.eldiariodetucuman.com\\\/web\\\/manzur-tucuman-industrializa-y-exporta-energia-para-todo-el-noa\\\/#breadcrumb\",\"itemListElement\":[{\"@type\":\"ListItem\",\"position\":1,\"name\":\"Portada\",\"item\":\"https:\\\/\\\/www.eldiariodetucuman.com\\\/web\\\/\"},{\"@type\":\"ListItem\",\"position\":2,\"name\":\"Manzur: \u201cTucum\u00e1n industrializa y exporta energ\u00eda para todo el NOA\u201d\"}]},{\"@type\":\"WebSite\",\"@id\":\"https:\\\/\\\/www.eldiariodetucuman.com\\\/web\\\/#website\",\"url\":\"https:\\\/\\\/www.eldiariodetucuman.com\\\/web\\\/\",\"name\":\"El Diario de Tucuman\",\"description\":\"Diario Tucuman - Informaci\u00f3n y noticias\",\"publisher\":{\"@id\":\"https:\\\/\\\/www.eldiariodetucuman.com\\\/web\\\/#organization\"},\"potentialAction\":[{\"@type\":\"SearchAction\",\"target\":{\"@type\":\"EntryPoint\",\"urlTemplate\":\"https:\\\/\\\/www.eldiariodetucuman.com\\\/web\\\/?s={search_term_string}\"},\"query-input\":{\"@type\":\"PropertyValueSpecification\",\"valueRequired\":true,\"valueName\":\"search_term_string\"}}],\"inLanguage\":\"es\"},{\"@type\":\"Organization\",\"@id\":\"https:\\\/\\\/www.eldiariodetucuman.com\\\/web\\\/#organization\",\"name\":\"El Diario de Tucuman\",\"url\":\"https:\\\/\\\/www.eldiariodetucuman.com\\\/web\\\/\",\"logo\":{\"@type\":\"ImageObject\",\"inLanguage\":\"es\",\"@id\":\"https:\\\/\\\/www.eldiariodetucuman.com\\\/web\\\/#\\\/schema\\\/logo\\\/image\\\/\",\"url\":\"http:\\\/\\\/www.eldiariodetucuman.com\\\/web\\\/wp-content\\\/uploads\\\/2017\\\/12\\\/el-diario-de-tucuman.jpg\",\"contentUrl\":\"http:\\\/\\\/www.eldiariodetucuman.com\\\/web\\\/wp-content\\\/uploads\\\/2017\\\/12\\\/el-diario-de-tucuman.jpg\",\"width\":272,\"height\":92,\"caption\":\"El Diario de Tucuman\"},\"image\":{\"@id\":\"https:\\\/\\\/www.eldiariodetucuman.com\\\/web\\\/#\\\/schema\\\/logo\\\/image\\\/\"}},{\"@type\":\"Person\",\"@id\":\"https:\\\/\\\/www.eldiariodetucuman.com\\\/web\\\/#\\\/schema\\\/person\\\/9250197d75ab5483412e19678b121caa\",\"name\":\"admin\",\"image\":{\"@type\":\"ImageObject\",\"inLanguage\":\"es\",\"@id\":\"https:\\\/\\\/secure.gravatar.com\\\/avatar\\\/c44d117c2be811212c22cb481f6b8384b6873de103fbc49e7a03cc58d7dea4ac?s=96&d=mm&r=g\",\"url\":\"https:\\\/\\\/secure.gravatar.com\\\/avatar\\\/c44d117c2be811212c22cb481f6b8384b6873de103fbc49e7a03cc58d7dea4ac?s=96&d=mm&r=g\",\"contentUrl\":\"https:\\\/\\\/secure.gravatar.com\\\/avatar\\\/c44d117c2be811212c22cb481f6b8384b6873de103fbc49e7a03cc58d7dea4ac?s=96&d=mm&r=g\",\"caption\":\"admin\"},\"url\":\"https:\\\/\\\/www.eldiariodetucuman.com\\\/web\\\/author\\\/admin\\\/\"}]}<\/script>\n<!-- \/ Yoast SEO plugin. -->","yoast_head_json":{"title":"Manzur: \u201cTucum\u00e1n industrializa y exporta energ\u00eda para todo el NOA\u201d - El Diario de Tucuman","robots":{"index":"index","follow":"follow","max-snippet":"max-snippet:-1","max-image-preview":"max-image-preview:large","max-video-preview":"max-video-preview:-1"},"canonical":"https:\/\/www.eldiariodetucuman.com\/web\/manzur-tucuman-industrializa-y-exporta-energia-para-todo-el-noa\/","og_locale":"es_ES","og_type":"article","og_title":"Manzur: \u201cTucum\u00e1n industrializa y exporta energ\u00eda para todo el NOA\u201d - El Diario de Tucuman","og_description":"Tucum\u00e1n aporta energ\u00eda al servicio nacional a trav\u00e9s de la Central Termoel\u00e9ctrica de YPF en El Bracho, que este a\u00f1o sum\u00f3 nueva tecnolog\u00eda. Durante un encuentro en la planta ubicada a 23 kil\u00f3metros al este de San Miguel de Tucum\u00e1n, el gobernador, Juan Manzur junto\u00a0al presidente, Mauricio Macri, recorrieron las obras que fueron inauguradas en [&hellip;]","og_url":"https:\/\/www.eldiariodetucuman.com\/web\/manzur-tucuman-industrializa-y-exporta-energia-para-todo-el-noa\/","og_site_name":"El Diario de Tucuman","article_published_time":"2018-08-25T03:07:35+00:00","article_modified_time":"2018-08-25T03:07:36+00:00","og_image":[{"width":300,"height":166,"url":"https:\/\/www.eldiariodetucuman.com\/web\/wp-content\/uploads\/2018\/08\/e40b40100e7b98f2333277a0e06c9eb7.jpeg","type":"image\/jpeg"}],"author":"admin","twitter_card":"summary_large_image","twitter_misc":{"Escrito por":"admin","Tiempo de lectura":"6 minutos"},"schema":{"@context":"https:\/\/schema.org","@graph":[{"@type":"Article","@id":"https:\/\/www.eldiariodetucuman.com\/web\/manzur-tucuman-industrializa-y-exporta-energia-para-todo-el-noa\/#article","isPartOf":{"@id":"https:\/\/www.eldiariodetucuman.com\/web\/manzur-tucuman-industrializa-y-exporta-energia-para-todo-el-noa\/"},"author":{"name":"admin","@id":"https:\/\/www.eldiariodetucuman.com\/web\/#\/schema\/person\/9250197d75ab5483412e19678b121caa"},"headline":"Manzur: \u201cTucum\u00e1n industrializa y exporta energ\u00eda para todo el NOA\u201d","datePublished":"2018-08-25T03:07:35+00:00","dateModified":"2018-08-25T03:07:36+00:00","mainEntityOfPage":{"@id":"https:\/\/www.eldiariodetucuman.com\/web\/manzur-tucuman-industrializa-y-exporta-energia-para-todo-el-noa\/"},"wordCount":1300,"commentCount":0,"publisher":{"@id":"https:\/\/www.eldiariodetucuman.com\/web\/#organization"},"image":{"@id":"https:\/\/www.eldiariodetucuman.com\/web\/manzur-tucuman-industrializa-y-exporta-energia-para-todo-el-noa\/#primaryimage"},"thumbnailUrl":"https:\/\/www.eldiariodetucuman.com\/web\/wp-content\/uploads\/2018\/08\/e40b40100e7b98f2333277a0e06c9eb7.jpeg","articleSection":["Politica"],"inLanguage":"es","potentialAction":[{"@type":"CommentAction","name":"Comment","target":["https:\/\/www.eldiariodetucuman.com\/web\/manzur-tucuman-industrializa-y-exporta-energia-para-todo-el-noa\/#respond"]}]},{"@type":"WebPage","@id":"https:\/\/www.eldiariodetucuman.com\/web\/manzur-tucuman-industrializa-y-exporta-energia-para-todo-el-noa\/","url":"https:\/\/www.eldiariodetucuman.com\/web\/manzur-tucuman-industrializa-y-exporta-energia-para-todo-el-noa\/","name":"Manzur: \u201cTucum\u00e1n industrializa y exporta energ\u00eda para todo el NOA\u201d - El Diario de Tucuman","isPartOf":{"@id":"https:\/\/www.eldiariodetucuman.com\/web\/#website"},"primaryImageOfPage":{"@id":"https:\/\/www.eldiariodetucuman.com\/web\/manzur-tucuman-industrializa-y-exporta-energia-para-todo-el-noa\/#primaryimage"},"image":{"@id":"https:\/\/www.eldiariodetucuman.com\/web\/manzur-tucuman-industrializa-y-exporta-energia-para-todo-el-noa\/#primaryimage"},"thumbnailUrl":"https:\/\/www.eldiariodetucuman.com\/web\/wp-content\/uploads\/2018\/08\/e40b40100e7b98f2333277a0e06c9eb7.jpeg","datePublished":"2018-08-25T03:07:35+00:00","dateModified":"2018-08-25T03:07:36+00:00","breadcrumb":{"@id":"https:\/\/www.eldiariodetucuman.com\/web\/manzur-tucuman-industrializa-y-exporta-energia-para-todo-el-noa\/#breadcrumb"},"inLanguage":"es","potentialAction":[{"@type":"ReadAction","target":["https:\/\/www.eldiariodetucuman.com\/web\/manzur-tucuman-industrializa-y-exporta-energia-para-todo-el-noa\/"]}]},{"@type":"ImageObject","inLanguage":"es","@id":"https:\/\/www.eldiariodetucuman.com\/web\/manzur-tucuman-industrializa-y-exporta-energia-para-todo-el-noa\/#primaryimage","url":"https:\/\/www.eldiariodetucuman.com\/web\/wp-content\/uploads\/2018\/08\/e40b40100e7b98f2333277a0e06c9eb7.jpeg","contentUrl":"https:\/\/www.eldiariodetucuman.com\/web\/wp-content\/uploads\/2018\/08\/e40b40100e7b98f2333277a0e06c9eb7.jpeg","width":300,"height":166},{"@type":"BreadcrumbList","@id":"https:\/\/www.eldiariodetucuman.com\/web\/manzur-tucuman-industrializa-y-exporta-energia-para-todo-el-noa\/#breadcrumb","itemListElement":[{"@type":"ListItem","position":1,"name":"Portada","item":"https:\/\/www.eldiariodetucuman.com\/web\/"},{"@type":"ListItem","position":2,"name":"Manzur: \u201cTucum\u00e1n industrializa y exporta energ\u00eda para todo el NOA\u201d"}]},{"@type":"WebSite","@id":"https:\/\/www.eldiariodetucuman.com\/web\/#website","url":"https:\/\/www.eldiariodetucuman.com\/web\/","name":"El Diario de Tucuman","description":"Diario Tucuman - Informaci\u00f3n y noticias","publisher":{"@id":"https:\/\/www.eldiariodetucuman.com\/web\/#organization"},"potentialAction":[{"@type":"SearchAction","target":{"@type":"EntryPoint","urlTemplate":"https:\/\/www.eldiariodetucuman.com\/web\/?s={search_term_string}"},"query-input":{"@type":"PropertyValueSpecification","valueRequired":true,"valueName":"search_term_string"}}],"inLanguage":"es"},{"@type":"Organization","@id":"https:\/\/www.eldiariodetucuman.com\/web\/#organization","name":"El Diario de Tucuman","url":"https:\/\/www.eldiariodetucuman.com\/web\/","logo":{"@type":"ImageObject","inLanguage":"es","@id":"https:\/\/www.eldiariodetucuman.com\/web\/#\/schema\/logo\/image\/","url":"http:\/\/www.eldiariodetucuman.com\/web\/wp-content\/uploads\/2017\/12\/el-diario-de-tucuman.jpg","contentUrl":"http:\/\/www.eldiariodetucuman.com\/web\/wp-content\/uploads\/2017\/12\/el-diario-de-tucuman.jpg","width":272,"height":92,"caption":"El Diario de Tucuman"},"image":{"@id":"https:\/\/www.eldiariodetucuman.com\/web\/#\/schema\/logo\/image\/"}},{"@type":"Person","@id":"https:\/\/www.eldiariodetucuman.com\/web\/#\/schema\/person\/9250197d75ab5483412e19678b121caa","name":"admin","image":{"@type":"ImageObject","inLanguage":"es","@id":"https:\/\/secure.gravatar.com\/avatar\/c44d117c2be811212c22cb481f6b8384b6873de103fbc49e7a03cc58d7dea4ac?s=96&d=mm&r=g","url":"https:\/\/secure.gravatar.com\/avatar\/c44d117c2be811212c22cb481f6b8384b6873de103fbc49e7a03cc58d7dea4ac?s=96&d=mm&r=g","contentUrl":"https:\/\/secure.gravatar.com\/avatar\/c44d117c2be811212c22cb481f6b8384b6873de103fbc49e7a03cc58d7dea4ac?s=96&d=mm&r=g","caption":"admin"},"url":"https:\/\/www.eldiariodetucuman.com\/web\/author\/admin\/"}]}},"_links":{"self":[{"href":"https:\/\/www.eldiariodetucuman.com\/web\/wp-json\/wp\/v2\/posts\/15780","targetHints":{"allow":["GET"]}}],"collection":[{"href":"https:\/\/www.eldiariodetucuman.com\/web\/wp-json\/wp\/v2\/posts"}],"about":[{"href":"https:\/\/www.eldiariodetucuman.com\/web\/wp-json\/wp\/v2\/types\/post"}],"author":[{"embeddable":true,"href":"https:\/\/www.eldiariodetucuman.com\/web\/wp-json\/wp\/v2\/users\/1"}],"replies":[{"embeddable":true,"href":"https:\/\/www.eldiariodetucuman.com\/web\/wp-json\/wp\/v2\/comments?post=15780"}],"version-history":[{"count":1,"href":"https:\/\/www.eldiariodetucuman.com\/web\/wp-json\/wp\/v2\/posts\/15780\/revisions"}],"predecessor-version":[{"id":15782,"href":"https:\/\/www.eldiariodetucuman.com\/web\/wp-json\/wp\/v2\/posts\/15780\/revisions\/15782"}],"wp:featuredmedia":[{"embeddable":true,"href":"https:\/\/www.eldiariodetucuman.com\/web\/wp-json\/wp\/v2\/media\/15781"}],"wp:attachment":[{"href":"https:\/\/www.eldiariodetucuman.com\/web\/wp-json\/wp\/v2\/media?parent=15780"}],"wp:term":[{"taxonomy":"category","embeddable":true,"href":"https:\/\/www.eldiariodetucuman.com\/web\/wp-json\/wp\/v2\/categories?post=15780"},{"taxonomy":"post_tag","embeddable":true,"href":"https:\/\/www.eldiariodetucuman.com\/web\/wp-json\/wp\/v2\/tags?post=15780"}],"curies":[{"name":"wp","href":"https:\/\/api.w.org\/{rel}","templated":true}]}}