{"id":15778,"date":"2018-08-24T12:51:45","date_gmt":"2018-08-24T15:51:45","guid":{"rendered":"http:\/\/www.eldiariodetucuman.com\/web\/la-justicia-italiana-interesada-en-los-cuadernos-de-las-coimas\/"},"modified":"2018-08-24T12:51:45","modified_gmt":"2018-08-24T15:51:45","slug":"la-justicia-italiana-interesada-en-los-cuadernos-de-las-coimas","status":"publish","type":"post","link":"https:\/\/www.eldiariodetucuman.com\/web\/la-justicia-italiana-interesada-en-los-cuadernos-de-las-coimas\/","title":{"rendered":"La Justicia italiana, interesada en los cuadernos de las coimas"},"content":{"rendered":"<div>\n<div itemprop=\"articleBody\" readability=\"74.434405493314\">\n<p>Una fiscal de   <a href=\"https:\/\/www.cronica.com.ar\/tags\/Mil%C3%A1n\">Mil\u00e1n<\/a> se contact\u00f3 con su colega argentino <strong>  <a href=\"https:\/\/www.cronica.com.ar\/tags\/Carlos%20Stornelli\">Carlos Stornelli<\/a><\/strong> para solicitar informaci\u00f3n de la causa donde se\u00a0investigan pagos ilegales de empresarios a funcionarios\u00a0kirchneristas por obra p\u00fablica.<\/p>\n<p>El pedido lleg\u00f3 a trav\u00e9s de la fiscal\u00a0<strong>Donata Costa<\/strong> quien investiga a la empresa Techint en   <a href=\"https:\/\/www.cronica.com.ar\/tags\/Italia\">Italia<\/a> por un caso de soborno trasnacional.<\/p>\n<p>El contacto con Stornelli surgi\u00f3\u00a0a partir de la confesi\u00f3n de <strong>H\u00e9ctor Zabaleta<\/strong>, director de Administraci\u00f3n en la Argentina y nuevo \u00abarrepentido\u00bb en la causa de los cuadernos del chofer <strong>Oscar Centeno<\/strong>.<\/p>\n<p>Pero la cadena no se corta ac\u00e1. Otro de los que aparece en\u00a0la causa, ahora tambi\u00e9n\u00a0como \u00abarrepentido\u00bb, es <strong>Luis Betnaza<\/strong>,\u00a0directivo de Techint que confes\u00f3 haber pagado a funcionarios argentinos\u00a0para acelerar el pago de una indemnizaci\u00f3n por la estatizaci\u00f3n\u00a0de la empresa venezolana Sidor. Finalmente, esta transacci\u00f3n se llev\u00f3 a cabo en 2008 y\u00a0el gobierno de Venezuela\u00a0prometi\u00f3 el pago de una indemnizaci\u00f3n a Techint. Es m\u00e1s, el diario Perfil asegura que Techint borr\u00f3 los correos electr\u00f3nicos del principal sospechoso (Zabaleta) de ejecutar el pago de coimas de la compa\u00f1\u00eda \u00edtalo-argentina y desmantel\u00f3 las oficinas del piso 17 de Della Paolera 299, donde ten\u00eda montado un b\u00fanker para la administraci\u00f3n de dinero negro.<\/p>\n<p>La otra investigaci\u00f3n relacionada est\u00e1 en manos del juez <strong>Luis Rodr\u00edguez <\/strong>y el fiscal <strong>Eduardo Taiano<\/strong>.<\/p>\n<p><u><strong>Larga data<\/strong><\/u><\/p>\n<p>En 2017,\u00a0fiscal <strong>Fabio Di Pasquale<\/strong> lleg\u00f3 desde   <a href=\"https:\/\/www.cronica.com.ar\/tags\/Mil%C3%A1n\">Mil\u00e1n<\/a> los \u00faltimos d\u00edas de octubre. El mi\u00e9rcoles 1\u00ba de noviembre, el funcionario italiano pis\u00f3 los tribunales de Comodoro Py, ingres\u00f3 al despacho de la jueza federal <strong>Mar\u00eda Servini de Cubr\u00eda<\/strong> y frente a los fiscales <strong>Gerardo Pollicita<\/strong> y <strong>Eduardo Taiano<\/strong> pidi\u00f3 que la Justicia argentina ordene las medidas que el Ministerio P\u00fablico de   <a href=\"https:\/\/www.cronica.com.ar\/tags\/Mil%C3%A1n\">Mil\u00e1n<\/a> hab\u00eda solicitado v\u00eda exhorto hac\u00eda un mes: la citaci\u00f3n a declaraci\u00f3n indagatoria del due\u00f1o de Techint, <strong>  <a href=\"https:\/\/www.cronica.com.ar\/tags\/Paolo%20Rocca\">Paolo Rocca<\/a><\/strong>. Adem\u00e1s, el fiscal solicit\u00f3 el secuestro de correos electr\u00f3nicos y registros de llamadas del empresario y los miembros de la c\u00fapula de la compa\u00f1\u00eda, investigados por el supuesto pago de sobornos a funcionarios de Brasil.<em> \u00abEl sistema argentino no funciona as\u00ed\u00bb<\/em>, le contest\u00f3 Taiano a su colega italiano. La reuni\u00f3n se torn\u00f3 tensa. El fiscal Pasquale insisti\u00f3 en que se ejecutaran las medidas ese mismo d\u00eda, pero se fue con las manos vac\u00edas, seg\u00fan publica Perfil.<\/p>\n<p>La investigaci\u00f3n en   <a href=\"https:\/\/www.cronica.com.ar\/tags\/Italia\">Italia<\/a> es para determinar si directivos d.\u00a0Techint utilizaron sociedades offshore, y una cuenta en Suiza par.\u00a0pagar sobornos a funcionarios brasile\u00f1os de Petrobras para acceder\u00a0a distintas obras.\u00a0La sospecha es que entre 2009 y 2013 se pagaron 9 millones de d\u00f3lares en sobornos a funcionarios en Brasil para quedarse con las obras de Petrobas.<\/p>\n<\/div>\n<\/div>\n","protected":false},"excerpt":{"rendered":"<p>Una fiscal de Mil\u00e1n se contact\u00f3 con su colega argentino Carlos Stornelli para solicitar informaci\u00f3n de la causa donde se\u00a0investigan pagos ilegales de empresarios a funcionarios\u00a0kirchneristas por obra p\u00fablica. El pedido lleg\u00f3 a trav\u00e9s de la fiscal\u00a0Donata Costa quien investiga a la empresa Techint en Italia por un caso de soborno trasnacional. El contacto con [&hellip;]<\/p>\n","protected":false},"author":4,"featured_media":0,"comment_status":"open","ping_status":"closed","sticky":false,"template":"","format":"standard","meta":{"footnotes":""},"categories":[194],"tags":[],"class_list":{"0":"post-15778","1":"post","2":"type-post","3":"status-publish","4":"format-standard","6":"category-internacionales"},"yoast_head":"<!-- This site is optimized with the Yoast SEO plugin v27.5 - https:\/\/yoast.com\/product\/yoast-seo-wordpress\/ -->\n<title>La Justicia italiana, interesada en los cuadernos de las coimas - El Diario de Tucuman<\/title>\n<meta name=\"robots\" content=\"index, follow, max-snippet:-1, max-image-preview:large, max-video-preview:-1\" \/>\n<link rel=\"canonical\" href=\"https:\/\/www.eldiariodetucuman.com\/web\/la-justicia-italiana-interesada-en-los-cuadernos-de-las-coimas\/\" \/>\n<meta property=\"og:locale\" content=\"es_ES\" \/>\n<meta property=\"og:type\" content=\"article\" \/>\n<meta property=\"og:title\" content=\"La Justicia italiana, interesada en los cuadernos de las coimas - El Diario de Tucuman\" \/>\n<meta property=\"og:description\" content=\"Una fiscal de Mil\u00e1n se contact\u00f3 con su colega argentino Carlos Stornelli para solicitar informaci\u00f3n de la causa donde se\u00a0investigan pagos ilegales de empresarios a funcionarios\u00a0kirchneristas por obra p\u00fablica. El pedido lleg\u00f3 a trav\u00e9s de la fiscal\u00a0Donata Costa quien investiga a la empresa Techint en Italia por un caso de soborno trasnacional. El contacto con [&hellip;]\" \/>\n<meta property=\"og:url\" content=\"https:\/\/www.eldiariodetucuman.com\/web\/la-justicia-italiana-interesada-en-los-cuadernos-de-las-coimas\/\" \/>\n<meta property=\"og:site_name\" content=\"El Diario de Tucuman\" \/>\n<meta property=\"article:published_time\" content=\"2018-08-24T15:51:45+00:00\" \/>\n<meta name=\"author\" content=\"eldiario detucuman\" \/>\n<meta name=\"twitter:card\" content=\"summary_large_image\" \/>\n<meta name=\"twitter:label1\" content=\"Escrito por\" \/>\n\t<meta name=\"twitter:data1\" content=\"eldiario detucuman\" \/>\n\t<meta name=\"twitter:label2\" content=\"Tiempo de lectura\" \/>\n\t<meta name=\"twitter:data2\" content=\"2 minutos\" \/>\n<script type=\"application\/ld+json\" class=\"yoast-schema-graph\">{\"@context\":\"https:\\\/\\\/schema.org\",\"@graph\":[{\"@type\":\"Article\",\"@id\":\"https:\\\/\\\/www.eldiariodetucuman.com\\\/web\\\/la-justicia-italiana-interesada-en-los-cuadernos-de-las-coimas\\\/#article\",\"isPartOf\":{\"@id\":\"https:\\\/\\\/www.eldiariodetucuman.com\\\/web\\\/la-justicia-italiana-interesada-en-los-cuadernos-de-las-coimas\\\/\"},\"author\":{\"name\":\"eldiario detucuman\",\"@id\":\"https:\\\/\\\/www.eldiariodetucuman.com\\\/web\\\/#\\\/schema\\\/person\\\/6f95946e54fde848b878ffa4928071d5\"},\"headline\":\"La Justicia italiana, interesada en los cuadernos de las coimas\",\"datePublished\":\"2018-08-24T15:51:45+00:00\",\"mainEntityOfPage\":{\"@id\":\"https:\\\/\\\/www.eldiariodetucuman.com\\\/web\\\/la-justicia-italiana-interesada-en-los-cuadernos-de-las-coimas\\\/\"},\"wordCount\":484,\"commentCount\":0,\"publisher\":{\"@id\":\"https:\\\/\\\/www.eldiariodetucuman.com\\\/web\\\/#organization\"},\"articleSection\":[\"Internacionales\"],\"inLanguage\":\"es\",\"potentialAction\":[{\"@type\":\"CommentAction\",\"name\":\"Comment\",\"target\":[\"https:\\\/\\\/www.eldiariodetucuman.com\\\/web\\\/la-justicia-italiana-interesada-en-los-cuadernos-de-las-coimas\\\/#respond\"]}]},{\"@type\":\"WebPage\",\"@id\":\"https:\\\/\\\/www.eldiariodetucuman.com\\\/web\\\/la-justicia-italiana-interesada-en-los-cuadernos-de-las-coimas\\\/\",\"url\":\"https:\\\/\\\/www.eldiariodetucuman.com\\\/web\\\/la-justicia-italiana-interesada-en-los-cuadernos-de-las-coimas\\\/\",\"name\":\"La Justicia italiana, interesada en los cuadernos de las coimas - El Diario de Tucuman\",\"isPartOf\":{\"@id\":\"https:\\\/\\\/www.eldiariodetucuman.com\\\/web\\\/#website\"},\"datePublished\":\"2018-08-24T15:51:45+00:00\",\"breadcrumb\":{\"@id\":\"https:\\\/\\\/www.eldiariodetucuman.com\\\/web\\\/la-justicia-italiana-interesada-en-los-cuadernos-de-las-coimas\\\/#breadcrumb\"},\"inLanguage\":\"es\",\"potentialAction\":[{\"@type\":\"ReadAction\",\"target\":[\"https:\\\/\\\/www.eldiariodetucuman.com\\\/web\\\/la-justicia-italiana-interesada-en-los-cuadernos-de-las-coimas\\\/\"]}]},{\"@type\":\"BreadcrumbList\",\"@id\":\"https:\\\/\\\/www.eldiariodetucuman.com\\\/web\\\/la-justicia-italiana-interesada-en-los-cuadernos-de-las-coimas\\\/#breadcrumb\",\"itemListElement\":[{\"@type\":\"ListItem\",\"position\":1,\"name\":\"Portada\",\"item\":\"https:\\\/\\\/www.eldiariodetucuman.com\\\/web\\\/\"},{\"@type\":\"ListItem\",\"position\":2,\"name\":\"La Justicia italiana, interesada en los cuadernos de las coimas\"}]},{\"@type\":\"WebSite\",\"@id\":\"https:\\\/\\\/www.eldiariodetucuman.com\\\/web\\\/#website\",\"url\":\"https:\\\/\\\/www.eldiariodetucuman.com\\\/web\\\/\",\"name\":\"El Diario de Tucuman\",\"description\":\"Diario Tucuman - Informaci\u00f3n y noticias\",\"publisher\":{\"@id\":\"https:\\\/\\\/www.eldiariodetucuman.com\\\/web\\\/#organization\"},\"potentialAction\":[{\"@type\":\"SearchAction\",\"target\":{\"@type\":\"EntryPoint\",\"urlTemplate\":\"https:\\\/\\\/www.eldiariodetucuman.com\\\/web\\\/?s={search_term_string}\"},\"query-input\":{\"@type\":\"PropertyValueSpecification\",\"valueRequired\":true,\"valueName\":\"search_term_string\"}}],\"inLanguage\":\"es\"},{\"@type\":\"Organization\",\"@id\":\"https:\\\/\\\/www.eldiariodetucuman.com\\\/web\\\/#organization\",\"name\":\"El Diario de Tucuman\",\"url\":\"https:\\\/\\\/www.eldiariodetucuman.com\\\/web\\\/\",\"logo\":{\"@type\":\"ImageObject\",\"inLanguage\":\"es\",\"@id\":\"https:\\\/\\\/www.eldiariodetucuman.com\\\/web\\\/#\\\/schema\\\/logo\\\/image\\\/\",\"url\":\"http:\\\/\\\/www.eldiariodetucuman.com\\\/web\\\/wp-content\\\/uploads\\\/2017\\\/12\\\/el-diario-de-tucuman.jpg\",\"contentUrl\":\"http:\\\/\\\/www.eldiariodetucuman.com\\\/web\\\/wp-content\\\/uploads\\\/2017\\\/12\\\/el-diario-de-tucuman.jpg\",\"width\":272,\"height\":92,\"caption\":\"El Diario de Tucuman\"},\"image\":{\"@id\":\"https:\\\/\\\/www.eldiariodetucuman.com\\\/web\\\/#\\\/schema\\\/logo\\\/image\\\/\"}},{\"@type\":\"Person\",\"@id\":\"https:\\\/\\\/www.eldiariodetucuman.com\\\/web\\\/#\\\/schema\\\/person\\\/6f95946e54fde848b878ffa4928071d5\",\"name\":\"eldiario detucuman\",\"image\":{\"@type\":\"ImageObject\",\"inLanguage\":\"es\",\"@id\":\"https:\\\/\\\/secure.gravatar.com\\\/avatar\\\/b6e1f89c5c4044c4962c8e6c20b1ca2cc99f549c965908afd4ec5308b3f51bfe?s=96&d=mm&r=g\",\"url\":\"https:\\\/\\\/secure.gravatar.com\\\/avatar\\\/b6e1f89c5c4044c4962c8e6c20b1ca2cc99f549c965908afd4ec5308b3f51bfe?s=96&d=mm&r=g\",\"contentUrl\":\"https:\\\/\\\/secure.gravatar.com\\\/avatar\\\/b6e1f89c5c4044c4962c8e6c20b1ca2cc99f549c965908afd4ec5308b3f51bfe?s=96&d=mm&r=g\",\"caption\":\"eldiario detucuman\"},\"url\":\"https:\\\/\\\/www.eldiariodetucuman.com\\\/web\\\/author\\\/eldiariodetucuman\\\/\"}]}<\/script>\n<!-- \/ Yoast SEO plugin. -->","yoast_head_json":{"title":"La Justicia italiana, interesada en los cuadernos de las coimas - El Diario de Tucuman","robots":{"index":"index","follow":"follow","max-snippet":"max-snippet:-1","max-image-preview":"max-image-preview:large","max-video-preview":"max-video-preview:-1"},"canonical":"https:\/\/www.eldiariodetucuman.com\/web\/la-justicia-italiana-interesada-en-los-cuadernos-de-las-coimas\/","og_locale":"es_ES","og_type":"article","og_title":"La Justicia italiana, interesada en los cuadernos de las coimas - El Diario de Tucuman","og_description":"Una fiscal de Mil\u00e1n se contact\u00f3 con su colega argentino Carlos Stornelli para solicitar informaci\u00f3n de la causa donde se\u00a0investigan pagos ilegales de empresarios a funcionarios\u00a0kirchneristas por obra p\u00fablica. El pedido lleg\u00f3 a trav\u00e9s de la fiscal\u00a0Donata Costa quien investiga a la empresa Techint en Italia por un caso de soborno trasnacional. El contacto con [&hellip;]","og_url":"https:\/\/www.eldiariodetucuman.com\/web\/la-justicia-italiana-interesada-en-los-cuadernos-de-las-coimas\/","og_site_name":"El Diario de Tucuman","article_published_time":"2018-08-24T15:51:45+00:00","author":"eldiario detucuman","twitter_card":"summary_large_image","twitter_misc":{"Escrito por":"eldiario detucuman","Tiempo de lectura":"2 minutos"},"schema":{"@context":"https:\/\/schema.org","@graph":[{"@type":"Article","@id":"https:\/\/www.eldiariodetucuman.com\/web\/la-justicia-italiana-interesada-en-los-cuadernos-de-las-coimas\/#article","isPartOf":{"@id":"https:\/\/www.eldiariodetucuman.com\/web\/la-justicia-italiana-interesada-en-los-cuadernos-de-las-coimas\/"},"author":{"name":"eldiario detucuman","@id":"https:\/\/www.eldiariodetucuman.com\/web\/#\/schema\/person\/6f95946e54fde848b878ffa4928071d5"},"headline":"La Justicia italiana, interesada en los cuadernos de las coimas","datePublished":"2018-08-24T15:51:45+00:00","mainEntityOfPage":{"@id":"https:\/\/www.eldiariodetucuman.com\/web\/la-justicia-italiana-interesada-en-los-cuadernos-de-las-coimas\/"},"wordCount":484,"commentCount":0,"publisher":{"@id":"https:\/\/www.eldiariodetucuman.com\/web\/#organization"},"articleSection":["Internacionales"],"inLanguage":"es","potentialAction":[{"@type":"CommentAction","name":"Comment","target":["https:\/\/www.eldiariodetucuman.com\/web\/la-justicia-italiana-interesada-en-los-cuadernos-de-las-coimas\/#respond"]}]},{"@type":"WebPage","@id":"https:\/\/www.eldiariodetucuman.com\/web\/la-justicia-italiana-interesada-en-los-cuadernos-de-las-coimas\/","url":"https:\/\/www.eldiariodetucuman.com\/web\/la-justicia-italiana-interesada-en-los-cuadernos-de-las-coimas\/","name":"La Justicia italiana, interesada en los cuadernos de las coimas - El Diario de Tucuman","isPartOf":{"@id":"https:\/\/www.eldiariodetucuman.com\/web\/#website"},"datePublished":"2018-08-24T15:51:45+00:00","breadcrumb":{"@id":"https:\/\/www.eldiariodetucuman.com\/web\/la-justicia-italiana-interesada-en-los-cuadernos-de-las-coimas\/#breadcrumb"},"inLanguage":"es","potentialAction":[{"@type":"ReadAction","target":["https:\/\/www.eldiariodetucuman.com\/web\/la-justicia-italiana-interesada-en-los-cuadernos-de-las-coimas\/"]}]},{"@type":"BreadcrumbList","@id":"https:\/\/www.eldiariodetucuman.com\/web\/la-justicia-italiana-interesada-en-los-cuadernos-de-las-coimas\/#breadcrumb","itemListElement":[{"@type":"ListItem","position":1,"name":"Portada","item":"https:\/\/www.eldiariodetucuman.com\/web\/"},{"@type":"ListItem","position":2,"name":"La Justicia italiana, interesada en los cuadernos de las coimas"}]},{"@type":"WebSite","@id":"https:\/\/www.eldiariodetucuman.com\/web\/#website","url":"https:\/\/www.eldiariodetucuman.com\/web\/","name":"El Diario de Tucuman","description":"Diario Tucuman - Informaci\u00f3n y noticias","publisher":{"@id":"https:\/\/www.eldiariodetucuman.com\/web\/#organization"},"potentialAction":[{"@type":"SearchAction","target":{"@type":"EntryPoint","urlTemplate":"https:\/\/www.eldiariodetucuman.com\/web\/?s={search_term_string}"},"query-input":{"@type":"PropertyValueSpecification","valueRequired":true,"valueName":"search_term_string"}}],"inLanguage":"es"},{"@type":"Organization","@id":"https:\/\/www.eldiariodetucuman.com\/web\/#organization","name":"El Diario de Tucuman","url":"https:\/\/www.eldiariodetucuman.com\/web\/","logo":{"@type":"ImageObject","inLanguage":"es","@id":"https:\/\/www.eldiariodetucuman.com\/web\/#\/schema\/logo\/image\/","url":"http:\/\/www.eldiariodetucuman.com\/web\/wp-content\/uploads\/2017\/12\/el-diario-de-tucuman.jpg","contentUrl":"http:\/\/www.eldiariodetucuman.com\/web\/wp-content\/uploads\/2017\/12\/el-diario-de-tucuman.jpg","width":272,"height":92,"caption":"El Diario de Tucuman"},"image":{"@id":"https:\/\/www.eldiariodetucuman.com\/web\/#\/schema\/logo\/image\/"}},{"@type":"Person","@id":"https:\/\/www.eldiariodetucuman.com\/web\/#\/schema\/person\/6f95946e54fde848b878ffa4928071d5","name":"eldiario detucuman","image":{"@type":"ImageObject","inLanguage":"es","@id":"https:\/\/secure.gravatar.com\/avatar\/b6e1f89c5c4044c4962c8e6c20b1ca2cc99f549c965908afd4ec5308b3f51bfe?s=96&d=mm&r=g","url":"https:\/\/secure.gravatar.com\/avatar\/b6e1f89c5c4044c4962c8e6c20b1ca2cc99f549c965908afd4ec5308b3f51bfe?s=96&d=mm&r=g","contentUrl":"https:\/\/secure.gravatar.com\/avatar\/b6e1f89c5c4044c4962c8e6c20b1ca2cc99f549c965908afd4ec5308b3f51bfe?s=96&d=mm&r=g","caption":"eldiario detucuman"},"url":"https:\/\/www.eldiariodetucuman.com\/web\/author\/eldiariodetucuman\/"}]}},"_links":{"self":[{"href":"https:\/\/www.eldiariodetucuman.com\/web\/wp-json\/wp\/v2\/posts\/15778","targetHints":{"allow":["GET"]}}],"collection":[{"href":"https:\/\/www.eldiariodetucuman.com\/web\/wp-json\/wp\/v2\/posts"}],"about":[{"href":"https:\/\/www.eldiariodetucuman.com\/web\/wp-json\/wp\/v2\/types\/post"}],"author":[{"embeddable":true,"href":"https:\/\/www.eldiariodetucuman.com\/web\/wp-json\/wp\/v2\/users\/4"}],"replies":[{"embeddable":true,"href":"https:\/\/www.eldiariodetucuman.com\/web\/wp-json\/wp\/v2\/comments?post=15778"}],"version-history":[{"count":0,"href":"https:\/\/www.eldiariodetucuman.com\/web\/wp-json\/wp\/v2\/posts\/15778\/revisions"}],"wp:attachment":[{"href":"https:\/\/www.eldiariodetucuman.com\/web\/wp-json\/wp\/v2\/media?parent=15778"}],"wp:term":[{"taxonomy":"category","embeddable":true,"href":"https:\/\/www.eldiariodetucuman.com\/web\/wp-json\/wp\/v2\/categories?post=15778"},{"taxonomy":"post_tag","embeddable":true,"href":"https:\/\/www.eldiariodetucuman.com\/web\/wp-json\/wp\/v2\/tags?post=15778"}],"curies":[{"name":"wp","href":"https:\/\/api.w.org\/{rel}","templated":true}]}}