{"id":15769,"date":"2018-08-24T12:37:48","date_gmt":"2018-08-24T15:37:48","guid":{"rendered":"http:\/\/www.eldiariodetucuman.com\/web\/encontraron-un-arsenal-en-la-casa-del-exjuez-cesar-melazo\/"},"modified":"2018-08-24T12:37:50","modified_gmt":"2018-08-24T15:37:50","slug":"encontraron-un-arsenal-en-la-casa-del-exjuez-cesar-melazo","status":"publish","type":"post","link":"https:\/\/www.eldiariodetucuman.com\/web\/encontraron-un-arsenal-en-la-casa-del-exjuez-cesar-melazo\/","title":{"rendered":"Encontraron un arsenal en la casa del exjuez C\u00e9sar Melazo"},"content":{"rendered":"<div>\n<div readability=\"40.087124878993\">\n<p>Tras la <a href=\"https:\/\/www.elintransigente.com\/politica\/2018\/8\/24\/detuvieron-al-exjuez-de-la-plata-cesar-melazo-por-asociacion-ilicita-507361.html\">detenci\u00f3n del exjuez de La Plata<\/a>, <a href=\"https:\/\/www.elintransigente.com\/politica\/2016\/11\/22\/suspendieron-cargo-forma-preventiva-juez-cesar-melazo-412880.html\">C\u00e9sar Melazo<\/a>, se procedi\u00f3 con un <strong>allanamiento en su domicilio y se encontraron con un arsenal<\/strong>. Adem\u00e1s se allan\u00f3 la vivienda del e<strong>xfiscal de instrucci\u00f3n Tom\u00e1s Mor\u00e1n e imputaron al exjuez de Casaci\u00f3n Manuel Mart\u00edn Ardoqui<\/strong> en la causa que investiga la asociaci\u00f3n il\u00edcita entra las figuras de la Justicia, polic\u00edas de la Bonaerense y delincuentes.<\/p>\n<p>Tanto el juez como el fiscal quedaron involucrados en la causa despu\u00e9s de que ser <strong>mencionados por varios testigos<\/strong> en la causa denominada &#8220;banda del comisario&#8221; que contaba con la participaci\u00f3n de delincuentes, altos cargos de la polic\u00eda y barrabravas. <strong>Tras el allanamiento en la casa del exjuez se encontraron 12 armas de fuego.<\/strong><\/p>\n<aside class=\"htmlinline \"><ins class=\"adsbygoogle\" data-ad-layout=\"in-article\" data-ad-format=\"fluid\" data-ad-client=\"ca-pub-7781556717282971\" data-ad-slot=\"9383133609\"><\/ins><br \/>\n<\/aside>\n<p>En la causa se acusa a Melaza y a Mor\u00e1n de conceder <strong>salidas anticipadas y arrestos domiciliarios<\/strong> a modo de beneficios para las personas pertenecientes a la banda que se dedicaba a asaltar comercios, f\u00e1bricas y casas despu\u00e9s de que la polic\u00eda le liberaba la zona.<\/p>\n<p><img decoding=\"async\" alt=\"\" src=\"https:\/\/www.elintransigente.com\/u\/fotografias\/m\/2018\/8\/24\/f768x0-470765_470783_31.jpg\"><\/p>\n<p>La causa avanz\u00f3 despu\u00e9s de que se conocieron <strong>escuchas telef\u00f3nicas <\/strong>que hablan de la complicidad del magistrado sumado a las declaraciones de los testigos quienes aseguraron haber participado de reuniones en donde Melazo se encontraba con barras de Gimnasia y Estudiantes de La Plata.<\/p>\n<p>La banda tambi\u00e9n est\u00e1 acusada del<strong> homicidio de Juan Roberto Far\u00edas ocurrida durante el 2010<\/strong> y al detenido Adri\u00e1n Oscar &#8220;El quechua&#8221; Manes le otorgaron e beneficio del arresto domiciliario. Por el mismo crimen se detuvo a Gustavo Andr\u00e9s Gregorio mena quien continu\u00f3 con su trabajo de alto jefe de la Divisi\u00f3n Narcocriminalidad de La Plata hasta fines del 2015.<\/p>\n<p><img loading=\"lazy\" decoding=\"async\" alt=\"\" height=\"479\" src=\"https:\/\/www.elintransigente.com\/u\/fotografias\/m\/2018\/8\/24\/f768x0-470764_470782_7.jpg\" width=\"768\"><\/p>\n<p>Siguiendo con la l\u00ednea de involucrados con el fin de otorgar los beneficios a los delincuentes y protegerlos, tambi\u00e9n est\u00e1n imputados abogados y funcionarios de Casaci\u00f3n.<\/p>\n<p>El exjuez hab\u00eda sido <strong>suspendido de su cargo en el 2016 <\/strong>despu\u00e9s de que senadores de diversos partidos presentaran denuncias en su contra por actividades irregulares. <strong>Finalmente en el 2017 fue el propio Melazo quien renunci\u00f3 a su cargo.<\/strong><\/p>\n<p><strong><img loading=\"lazy\" decoding=\"async\" alt=\"\" height=\"479\" src=\"https:\/\/www.elintransigente.com\/u\/fotografias\/m\/2018\/8\/24\/f768x0-470763_470781_7.jpg\" width=\"768\"><\/strong><\/p>\n<p><strong><img decoding=\"async\" alt=\"\" src=\"https:\/\/www.elintransigente.com\/u\/fotografias\/m\/2018\/8\/24\/f768x0-470762_470780_142.jpg\"><\/strong><\/p>\n<\/div>\n<\/div>\n<p>Fuente: https:\/\/www.elintransigente.com\/politica\/2018\/8\/24\/encontraron-un-arsenal-en-la-casa-del-exjuez-cesar-melazo-507399.html<\/p>\n","protected":false},"excerpt":{"rendered":"<p>Tras la detenci\u00f3n del exjuez de La Plata, C\u00e9sar Melazo, se procedi\u00f3 con un allanamiento en su domicilio y se encontraron con un arsenal. Adem\u00e1s se allan\u00f3 la vivienda del exfiscal de instrucci\u00f3n Tom\u00e1s Mor\u00e1n e imputaron al exjuez de Casaci\u00f3n Manuel Mart\u00edn Ardoqui en la causa que investiga la asociaci\u00f3n il\u00edcita entra las figuras [&hellip;]<\/p>\n","protected":false},"author":1,"featured_media":15770,"comment_status":"open","ping_status":"closed","sticky":false,"template":"","format":"standard","meta":{"footnotes":""},"categories":[1],"tags":[],"class_list":{"0":"post-15769","1":"post","2":"type-post","3":"status-publish","4":"format-standard","5":"has-post-thumbnail","7":"category-portada"},"yoast_head":"<!-- This site is optimized with the Yoast SEO plugin v27.5 - https:\/\/yoast.com\/product\/yoast-seo-wordpress\/ -->\n<title>Encontraron un arsenal en la casa del exjuez C\u00e9sar Melazo - El Diario de Tucuman<\/title>\n<meta name=\"robots\" content=\"index, follow, max-snippet:-1, max-image-preview:large, max-video-preview:-1\" \/>\n<link rel=\"canonical\" href=\"https:\/\/www.eldiariodetucuman.com\/web\/encontraron-un-arsenal-en-la-casa-del-exjuez-cesar-melazo\/\" \/>\n<meta property=\"og:locale\" content=\"es_ES\" \/>\n<meta property=\"og:type\" content=\"article\" \/>\n<meta property=\"og:title\" content=\"Encontraron un arsenal en la casa del exjuez C\u00e9sar Melazo - El Diario de Tucuman\" \/>\n<meta property=\"og:description\" content=\"Tras la detenci\u00f3n del exjuez de La Plata, C\u00e9sar Melazo, se procedi\u00f3 con un allanamiento en su domicilio y se encontraron con un arsenal. Adem\u00e1s se allan\u00f3 la vivienda del exfiscal de instrucci\u00f3n Tom\u00e1s Mor\u00e1n e imputaron al exjuez de Casaci\u00f3n Manuel Mart\u00edn Ardoqui en la causa que investiga la asociaci\u00f3n il\u00edcita entra las figuras [&hellip;]\" \/>\n<meta property=\"og:url\" content=\"https:\/\/www.eldiariodetucuman.com\/web\/encontraron-un-arsenal-en-la-casa-del-exjuez-cesar-melazo\/\" \/>\n<meta property=\"og:site_name\" content=\"El Diario de Tucuman\" \/>\n<meta property=\"article:published_time\" content=\"2018-08-24T15:37:48+00:00\" \/>\n<meta property=\"article:modified_time\" content=\"2018-08-24T15:37:50+00:00\" \/>\n<meta property=\"og:image\" content=\"https:\/\/www.eldiariodetucuman.com\/web\/wp-content\/uploads\/2018\/08\/2bd3917670e2871353fdd87445ed11ce.jpeg\" \/>\n\t<meta property=\"og:image:width\" content=\"960\" \/>\n\t<meta property=\"og:image:height\" content=\"533\" \/>\n\t<meta property=\"og:image:type\" content=\"image\/jpeg\" \/>\n<meta name=\"author\" content=\"admin\" \/>\n<meta name=\"twitter:card\" content=\"summary_large_image\" \/>\n<meta name=\"twitter:label1\" content=\"Escrito por\" \/>\n\t<meta name=\"twitter:data1\" content=\"admin\" \/>\n\t<meta name=\"twitter:label2\" content=\"Tiempo de lectura\" \/>\n\t<meta name=\"twitter:data2\" content=\"2 minutos\" \/>\n<script type=\"application\/ld+json\" class=\"yoast-schema-graph\">{\"@context\":\"https:\\\/\\\/schema.org\",\"@graph\":[{\"@type\":\"Article\",\"@id\":\"https:\\\/\\\/www.eldiariodetucuman.com\\\/web\\\/encontraron-un-arsenal-en-la-casa-del-exjuez-cesar-melazo\\\/#article\",\"isPartOf\":{\"@id\":\"https:\\\/\\\/www.eldiariodetucuman.com\\\/web\\\/encontraron-un-arsenal-en-la-casa-del-exjuez-cesar-melazo\\\/\"},\"author\":{\"name\":\"admin\",\"@id\":\"https:\\\/\\\/www.eldiariodetucuman.com\\\/web\\\/#\\\/schema\\\/person\\\/9250197d75ab5483412e19678b121caa\"},\"headline\":\"Encontraron un arsenal en la casa del exjuez C\u00e9sar Melazo\",\"datePublished\":\"2018-08-24T15:37:48+00:00\",\"dateModified\":\"2018-08-24T15:37:50+00:00\",\"mainEntityOfPage\":{\"@id\":\"https:\\\/\\\/www.eldiariodetucuman.com\\\/web\\\/encontraron-un-arsenal-en-la-casa-del-exjuez-cesar-melazo\\\/\"},\"wordCount\":378,\"commentCount\":0,\"publisher\":{\"@id\":\"https:\\\/\\\/www.eldiariodetucuman.com\\\/web\\\/#organization\"},\"image\":{\"@id\":\"https:\\\/\\\/www.eldiariodetucuman.com\\\/web\\\/encontraron-un-arsenal-en-la-casa-del-exjuez-cesar-melazo\\\/#primaryimage\"},\"thumbnailUrl\":\"https:\\\/\\\/www.eldiariodetucuman.com\\\/web\\\/wp-content\\\/uploads\\\/2018\\\/08\\\/2bd3917670e2871353fdd87445ed11ce.jpeg\",\"articleSection\":[\"Portada\"],\"inLanguage\":\"es\",\"potentialAction\":[{\"@type\":\"CommentAction\",\"name\":\"Comment\",\"target\":[\"https:\\\/\\\/www.eldiariodetucuman.com\\\/web\\\/encontraron-un-arsenal-en-la-casa-del-exjuez-cesar-melazo\\\/#respond\"]}]},{\"@type\":\"WebPage\",\"@id\":\"https:\\\/\\\/www.eldiariodetucuman.com\\\/web\\\/encontraron-un-arsenal-en-la-casa-del-exjuez-cesar-melazo\\\/\",\"url\":\"https:\\\/\\\/www.eldiariodetucuman.com\\\/web\\\/encontraron-un-arsenal-en-la-casa-del-exjuez-cesar-melazo\\\/\",\"name\":\"Encontraron un arsenal en la casa del exjuez C\u00e9sar Melazo - El Diario de Tucuman\",\"isPartOf\":{\"@id\":\"https:\\\/\\\/www.eldiariodetucuman.com\\\/web\\\/#website\"},\"primaryImageOfPage\":{\"@id\":\"https:\\\/\\\/www.eldiariodetucuman.com\\\/web\\\/encontraron-un-arsenal-en-la-casa-del-exjuez-cesar-melazo\\\/#primaryimage\"},\"image\":{\"@id\":\"https:\\\/\\\/www.eldiariodetucuman.com\\\/web\\\/encontraron-un-arsenal-en-la-casa-del-exjuez-cesar-melazo\\\/#primaryimage\"},\"thumbnailUrl\":\"https:\\\/\\\/www.eldiariodetucuman.com\\\/web\\\/wp-content\\\/uploads\\\/2018\\\/08\\\/2bd3917670e2871353fdd87445ed11ce.jpeg\",\"datePublished\":\"2018-08-24T15:37:48+00:00\",\"dateModified\":\"2018-08-24T15:37:50+00:00\",\"breadcrumb\":{\"@id\":\"https:\\\/\\\/www.eldiariodetucuman.com\\\/web\\\/encontraron-un-arsenal-en-la-casa-del-exjuez-cesar-melazo\\\/#breadcrumb\"},\"inLanguage\":\"es\",\"potentialAction\":[{\"@type\":\"ReadAction\",\"target\":[\"https:\\\/\\\/www.eldiariodetucuman.com\\\/web\\\/encontraron-un-arsenal-en-la-casa-del-exjuez-cesar-melazo\\\/\"]}]},{\"@type\":\"ImageObject\",\"inLanguage\":\"es\",\"@id\":\"https:\\\/\\\/www.eldiariodetucuman.com\\\/web\\\/encontraron-un-arsenal-en-la-casa-del-exjuez-cesar-melazo\\\/#primaryimage\",\"url\":\"https:\\\/\\\/www.eldiariodetucuman.com\\\/web\\\/wp-content\\\/uploads\\\/2018\\\/08\\\/2bd3917670e2871353fdd87445ed11ce.jpeg\",\"contentUrl\":\"https:\\\/\\\/www.eldiariodetucuman.com\\\/web\\\/wp-content\\\/uploads\\\/2018\\\/08\\\/2bd3917670e2871353fdd87445ed11ce.jpeg\",\"width\":960,\"height\":533},{\"@type\":\"BreadcrumbList\",\"@id\":\"https:\\\/\\\/www.eldiariodetucuman.com\\\/web\\\/encontraron-un-arsenal-en-la-casa-del-exjuez-cesar-melazo\\\/#breadcrumb\",\"itemListElement\":[{\"@type\":\"ListItem\",\"position\":1,\"name\":\"Portada\",\"item\":\"https:\\\/\\\/www.eldiariodetucuman.com\\\/web\\\/\"},{\"@type\":\"ListItem\",\"position\":2,\"name\":\"Encontraron un arsenal en la casa del exjuez C\u00e9sar Melazo\"}]},{\"@type\":\"WebSite\",\"@id\":\"https:\\\/\\\/www.eldiariodetucuman.com\\\/web\\\/#website\",\"url\":\"https:\\\/\\\/www.eldiariodetucuman.com\\\/web\\\/\",\"name\":\"El Diario de Tucuman\",\"description\":\"Diario Tucuman - Informaci\u00f3n y noticias\",\"publisher\":{\"@id\":\"https:\\\/\\\/www.eldiariodetucuman.com\\\/web\\\/#organization\"},\"potentialAction\":[{\"@type\":\"SearchAction\",\"target\":{\"@type\":\"EntryPoint\",\"urlTemplate\":\"https:\\\/\\\/www.eldiariodetucuman.com\\\/web\\\/?s={search_term_string}\"},\"query-input\":{\"@type\":\"PropertyValueSpecification\",\"valueRequired\":true,\"valueName\":\"search_term_string\"}}],\"inLanguage\":\"es\"},{\"@type\":\"Organization\",\"@id\":\"https:\\\/\\\/www.eldiariodetucuman.com\\\/web\\\/#organization\",\"name\":\"El Diario de Tucuman\",\"url\":\"https:\\\/\\\/www.eldiariodetucuman.com\\\/web\\\/\",\"logo\":{\"@type\":\"ImageObject\",\"inLanguage\":\"es\",\"@id\":\"https:\\\/\\\/www.eldiariodetucuman.com\\\/web\\\/#\\\/schema\\\/logo\\\/image\\\/\",\"url\":\"http:\\\/\\\/www.eldiariodetucuman.com\\\/web\\\/wp-content\\\/uploads\\\/2017\\\/12\\\/el-diario-de-tucuman.jpg\",\"contentUrl\":\"http:\\\/\\\/www.eldiariodetucuman.com\\\/web\\\/wp-content\\\/uploads\\\/2017\\\/12\\\/el-diario-de-tucuman.jpg\",\"width\":272,\"height\":92,\"caption\":\"El Diario de Tucuman\"},\"image\":{\"@id\":\"https:\\\/\\\/www.eldiariodetucuman.com\\\/web\\\/#\\\/schema\\\/logo\\\/image\\\/\"}},{\"@type\":\"Person\",\"@id\":\"https:\\\/\\\/www.eldiariodetucuman.com\\\/web\\\/#\\\/schema\\\/person\\\/9250197d75ab5483412e19678b121caa\",\"name\":\"admin\",\"image\":{\"@type\":\"ImageObject\",\"inLanguage\":\"es\",\"@id\":\"https:\\\/\\\/secure.gravatar.com\\\/avatar\\\/c44d117c2be811212c22cb481f6b8384b6873de103fbc49e7a03cc58d7dea4ac?s=96&d=mm&r=g\",\"url\":\"https:\\\/\\\/secure.gravatar.com\\\/avatar\\\/c44d117c2be811212c22cb481f6b8384b6873de103fbc49e7a03cc58d7dea4ac?s=96&d=mm&r=g\",\"contentUrl\":\"https:\\\/\\\/secure.gravatar.com\\\/avatar\\\/c44d117c2be811212c22cb481f6b8384b6873de103fbc49e7a03cc58d7dea4ac?s=96&d=mm&r=g\",\"caption\":\"admin\"},\"url\":\"https:\\\/\\\/www.eldiariodetucuman.com\\\/web\\\/author\\\/admin\\\/\"}]}<\/script>\n<!-- \/ Yoast SEO plugin. -->","yoast_head_json":{"title":"Encontraron un arsenal en la casa del exjuez C\u00e9sar Melazo - El Diario de Tucuman","robots":{"index":"index","follow":"follow","max-snippet":"max-snippet:-1","max-image-preview":"max-image-preview:large","max-video-preview":"max-video-preview:-1"},"canonical":"https:\/\/www.eldiariodetucuman.com\/web\/encontraron-un-arsenal-en-la-casa-del-exjuez-cesar-melazo\/","og_locale":"es_ES","og_type":"article","og_title":"Encontraron un arsenal en la casa del exjuez C\u00e9sar Melazo - El Diario de Tucuman","og_description":"Tras la detenci\u00f3n del exjuez de La Plata, C\u00e9sar Melazo, se procedi\u00f3 con un allanamiento en su domicilio y se encontraron con un arsenal. Adem\u00e1s se allan\u00f3 la vivienda del exfiscal de instrucci\u00f3n Tom\u00e1s Mor\u00e1n e imputaron al exjuez de Casaci\u00f3n Manuel Mart\u00edn Ardoqui en la causa que investiga la asociaci\u00f3n il\u00edcita entra las figuras [&hellip;]","og_url":"https:\/\/www.eldiariodetucuman.com\/web\/encontraron-un-arsenal-en-la-casa-del-exjuez-cesar-melazo\/","og_site_name":"El Diario de Tucuman","article_published_time":"2018-08-24T15:37:48+00:00","article_modified_time":"2018-08-24T15:37:50+00:00","og_image":[{"width":960,"height":533,"url":"https:\/\/www.eldiariodetucuman.com\/web\/wp-content\/uploads\/2018\/08\/2bd3917670e2871353fdd87445ed11ce.jpeg","type":"image\/jpeg"}],"author":"admin","twitter_card":"summary_large_image","twitter_misc":{"Escrito por":"admin","Tiempo de lectura":"2 minutos"},"schema":{"@context":"https:\/\/schema.org","@graph":[{"@type":"Article","@id":"https:\/\/www.eldiariodetucuman.com\/web\/encontraron-un-arsenal-en-la-casa-del-exjuez-cesar-melazo\/#article","isPartOf":{"@id":"https:\/\/www.eldiariodetucuman.com\/web\/encontraron-un-arsenal-en-la-casa-del-exjuez-cesar-melazo\/"},"author":{"name":"admin","@id":"https:\/\/www.eldiariodetucuman.com\/web\/#\/schema\/person\/9250197d75ab5483412e19678b121caa"},"headline":"Encontraron un arsenal en la casa del exjuez C\u00e9sar Melazo","datePublished":"2018-08-24T15:37:48+00:00","dateModified":"2018-08-24T15:37:50+00:00","mainEntityOfPage":{"@id":"https:\/\/www.eldiariodetucuman.com\/web\/encontraron-un-arsenal-en-la-casa-del-exjuez-cesar-melazo\/"},"wordCount":378,"commentCount":0,"publisher":{"@id":"https:\/\/www.eldiariodetucuman.com\/web\/#organization"},"image":{"@id":"https:\/\/www.eldiariodetucuman.com\/web\/encontraron-un-arsenal-en-la-casa-del-exjuez-cesar-melazo\/#primaryimage"},"thumbnailUrl":"https:\/\/www.eldiariodetucuman.com\/web\/wp-content\/uploads\/2018\/08\/2bd3917670e2871353fdd87445ed11ce.jpeg","articleSection":["Portada"],"inLanguage":"es","potentialAction":[{"@type":"CommentAction","name":"Comment","target":["https:\/\/www.eldiariodetucuman.com\/web\/encontraron-un-arsenal-en-la-casa-del-exjuez-cesar-melazo\/#respond"]}]},{"@type":"WebPage","@id":"https:\/\/www.eldiariodetucuman.com\/web\/encontraron-un-arsenal-en-la-casa-del-exjuez-cesar-melazo\/","url":"https:\/\/www.eldiariodetucuman.com\/web\/encontraron-un-arsenal-en-la-casa-del-exjuez-cesar-melazo\/","name":"Encontraron un arsenal en la casa del exjuez C\u00e9sar Melazo - El Diario de Tucuman","isPartOf":{"@id":"https:\/\/www.eldiariodetucuman.com\/web\/#website"},"primaryImageOfPage":{"@id":"https:\/\/www.eldiariodetucuman.com\/web\/encontraron-un-arsenal-en-la-casa-del-exjuez-cesar-melazo\/#primaryimage"},"image":{"@id":"https:\/\/www.eldiariodetucuman.com\/web\/encontraron-un-arsenal-en-la-casa-del-exjuez-cesar-melazo\/#primaryimage"},"thumbnailUrl":"https:\/\/www.eldiariodetucuman.com\/web\/wp-content\/uploads\/2018\/08\/2bd3917670e2871353fdd87445ed11ce.jpeg","datePublished":"2018-08-24T15:37:48+00:00","dateModified":"2018-08-24T15:37:50+00:00","breadcrumb":{"@id":"https:\/\/www.eldiariodetucuman.com\/web\/encontraron-un-arsenal-en-la-casa-del-exjuez-cesar-melazo\/#breadcrumb"},"inLanguage":"es","potentialAction":[{"@type":"ReadAction","target":["https:\/\/www.eldiariodetucuman.com\/web\/encontraron-un-arsenal-en-la-casa-del-exjuez-cesar-melazo\/"]}]},{"@type":"ImageObject","inLanguage":"es","@id":"https:\/\/www.eldiariodetucuman.com\/web\/encontraron-un-arsenal-en-la-casa-del-exjuez-cesar-melazo\/#primaryimage","url":"https:\/\/www.eldiariodetucuman.com\/web\/wp-content\/uploads\/2018\/08\/2bd3917670e2871353fdd87445ed11ce.jpeg","contentUrl":"https:\/\/www.eldiariodetucuman.com\/web\/wp-content\/uploads\/2018\/08\/2bd3917670e2871353fdd87445ed11ce.jpeg","width":960,"height":533},{"@type":"BreadcrumbList","@id":"https:\/\/www.eldiariodetucuman.com\/web\/encontraron-un-arsenal-en-la-casa-del-exjuez-cesar-melazo\/#breadcrumb","itemListElement":[{"@type":"ListItem","position":1,"name":"Portada","item":"https:\/\/www.eldiariodetucuman.com\/web\/"},{"@type":"ListItem","position":2,"name":"Encontraron un arsenal en la casa del exjuez C\u00e9sar Melazo"}]},{"@type":"WebSite","@id":"https:\/\/www.eldiariodetucuman.com\/web\/#website","url":"https:\/\/www.eldiariodetucuman.com\/web\/","name":"El Diario de Tucuman","description":"Diario Tucuman - Informaci\u00f3n y noticias","publisher":{"@id":"https:\/\/www.eldiariodetucuman.com\/web\/#organization"},"potentialAction":[{"@type":"SearchAction","target":{"@type":"EntryPoint","urlTemplate":"https:\/\/www.eldiariodetucuman.com\/web\/?s={search_term_string}"},"query-input":{"@type":"PropertyValueSpecification","valueRequired":true,"valueName":"search_term_string"}}],"inLanguage":"es"},{"@type":"Organization","@id":"https:\/\/www.eldiariodetucuman.com\/web\/#organization","name":"El Diario de Tucuman","url":"https:\/\/www.eldiariodetucuman.com\/web\/","logo":{"@type":"ImageObject","inLanguage":"es","@id":"https:\/\/www.eldiariodetucuman.com\/web\/#\/schema\/logo\/image\/","url":"http:\/\/www.eldiariodetucuman.com\/web\/wp-content\/uploads\/2017\/12\/el-diario-de-tucuman.jpg","contentUrl":"http:\/\/www.eldiariodetucuman.com\/web\/wp-content\/uploads\/2017\/12\/el-diario-de-tucuman.jpg","width":272,"height":92,"caption":"El Diario de Tucuman"},"image":{"@id":"https:\/\/www.eldiariodetucuman.com\/web\/#\/schema\/logo\/image\/"}},{"@type":"Person","@id":"https:\/\/www.eldiariodetucuman.com\/web\/#\/schema\/person\/9250197d75ab5483412e19678b121caa","name":"admin","image":{"@type":"ImageObject","inLanguage":"es","@id":"https:\/\/secure.gravatar.com\/avatar\/c44d117c2be811212c22cb481f6b8384b6873de103fbc49e7a03cc58d7dea4ac?s=96&d=mm&r=g","url":"https:\/\/secure.gravatar.com\/avatar\/c44d117c2be811212c22cb481f6b8384b6873de103fbc49e7a03cc58d7dea4ac?s=96&d=mm&r=g","contentUrl":"https:\/\/secure.gravatar.com\/avatar\/c44d117c2be811212c22cb481f6b8384b6873de103fbc49e7a03cc58d7dea4ac?s=96&d=mm&r=g","caption":"admin"},"url":"https:\/\/www.eldiariodetucuman.com\/web\/author\/admin\/"}]}},"_links":{"self":[{"href":"https:\/\/www.eldiariodetucuman.com\/web\/wp-json\/wp\/v2\/posts\/15769","targetHints":{"allow":["GET"]}}],"collection":[{"href":"https:\/\/www.eldiariodetucuman.com\/web\/wp-json\/wp\/v2\/posts"}],"about":[{"href":"https:\/\/www.eldiariodetucuman.com\/web\/wp-json\/wp\/v2\/types\/post"}],"author":[{"embeddable":true,"href":"https:\/\/www.eldiariodetucuman.com\/web\/wp-json\/wp\/v2\/users\/1"}],"replies":[{"embeddable":true,"href":"https:\/\/www.eldiariodetucuman.com\/web\/wp-json\/wp\/v2\/comments?post=15769"}],"version-history":[{"count":1,"href":"https:\/\/www.eldiariodetucuman.com\/web\/wp-json\/wp\/v2\/posts\/15769\/revisions"}],"predecessor-version":[{"id":15771,"href":"https:\/\/www.eldiariodetucuman.com\/web\/wp-json\/wp\/v2\/posts\/15769\/revisions\/15771"}],"wp:featuredmedia":[{"embeddable":true,"href":"https:\/\/www.eldiariodetucuman.com\/web\/wp-json\/wp\/v2\/media\/15770"}],"wp:attachment":[{"href":"https:\/\/www.eldiariodetucuman.com\/web\/wp-json\/wp\/v2\/media?parent=15769"}],"wp:term":[{"taxonomy":"category","embeddable":true,"href":"https:\/\/www.eldiariodetucuman.com\/web\/wp-json\/wp\/v2\/categories?post=15769"},{"taxonomy":"post_tag","embeddable":true,"href":"https:\/\/www.eldiariodetucuman.com\/web\/wp-json\/wp\/v2\/tags?post=15769"}],"curies":[{"name":"wp","href":"https:\/\/api.w.org\/{rel}","templated":true}]}}