{"id":15766,"date":"2018-08-24T12:08:54","date_gmt":"2018-08-24T15:08:54","guid":{"rendered":"http:\/\/www.eldiariodetucuman.com\/web\/manzur-recibio-a-macri-para-recorrer-la-central-electrica-de-el-bracho\/"},"modified":"2018-08-24T12:08:54","modified_gmt":"2018-08-24T15:08:54","slug":"manzur-recibio-a-macri-para-recorrer-la-central-electrica-de-el-bracho","status":"publish","type":"post","link":"https:\/\/www.eldiariodetucuman.com\/web\/manzur-recibio-a-macri-para-recorrer-la-central-electrica-de-el-bracho\/","title":{"rendered":"Manzur recibi\u00f3 a Macri para recorrer la Central El\u00e9ctrica de El Bracho"},"content":{"rendered":"<div>\n<div readability=\"98.822447685479\">\n<p>El gobernador,<strong> Juan Manzur,<\/strong>\u00a0recibi\u00f3 al presidente,\u00a0<strong>Mauricio Macri, <\/strong>en el Aeropuerto Benjam\u00edn Matienzo\u00a0para recorrer las obras que realiz\u00f3 la empresa YPF Luz en la Central Termoel\u00e9ctrica de El Bracho, inauguradas en mayo pasado.<\/p>\n<p>Est\u00e1 previsto que pasadas las 12, Macri junto al Gobernador, directivos de Yacimientos Petrol\u00edferos Fiscales (YPF) y de YPF Luz, funcionarios nacionales, provinciales, senadores y diputados, parlamentarios provinciales e intendentes recorran las instalaciones de la planta ubicada a 23 kil\u00f3metros al este de la ciudad Capital.<\/p>\n<p>Luego, en un escenario montado para la ocasi\u00f3n, hablar\u00e1n Manzur, el presidente de YPF, <strong>Miguel Gutierrez<\/strong> y por \u00faltimo, el titular del Ejecutivo nacional.<\/p>\n<p>El 15 de mayo pasado, Manzur inaugur\u00f3 junto a autoridades de la empresa termoel\u00e9ctrica una turbina con una capacidad para<a href=\"http:\/\/05\/tucuman\"> generar 266 megavatios de potencia<\/a>. \u201cHoy es un d\u00eda especial para Tucum\u00e1n y para Argentina en materia energ\u00e9tica. Este proyecto nos devuelve alegr\u00eda y esperanza porque ning\u00fan pa\u00eds sale adelante sin energ\u00eda. No hay producci\u00f3n e inversiones sin energ\u00eda. Cuando viene una f\u00e1brica a instalarse es lo primero que pide. Esto brinda mejor calidad de vida y m\u00e1s trabajo\u201d, declar\u00f3 en esa oportunidad.<\/p>\n<p>Con la ampliaci\u00f3n de la capacidad de El Bracho, Tucum\u00e1n se posiciona como un polo energ\u00e9tico, al dotar a la red el\u00e9ctrica local de mayor estabilidad y habilitar a las industrias a tener un suministro energ\u00e9tico m\u00e1s confiable.<\/p>\n<p>\u2013 YPF Luz \u2013una compa\u00f1\u00eda con cinco a\u00f1os de antig\u00fcedad en el sector- se sum\u00f3 al mercado de la energ\u00eda el\u00e9ctrica en agosto de 2013 cuando asumi\u00f3 la propiedad y la operaci\u00f3n del complejo de generaci\u00f3n t\u00e9rmica de Tucum\u00e1n, de 830 MW de potencia instalada.<br \/>\u2013 A partir de ese momento, apost\u00f3 a la generaci\u00f3n de energ\u00eda eficiente y confiable, a trav\u00e9s de la construcci\u00f3n de nuevas centrales de generaci\u00f3n t\u00e9rmica y parques de energ\u00eda renovable, con tecnolog\u00eda de primer nivel, para el abastecimiento de YPF y otras industrias, y para la comercializaci\u00f3n en el mercado el\u00e9ctrico mayorista (MEM).<br \/>\u2013 Es una compa\u00f1\u00eda de energ\u00eda el\u00e9ctrica rentable, eficiente y sustentable, que optimiza el uso de los recursos naturales y contribuye al desarrollo energ\u00e9tico del pa\u00eds y los mercados en los que participa.<\/p>\n<p>YPF Luz ha comenzado adem\u00e1s el proceso de construcci\u00f3n de la planta de ciclo combinado para la conversi\u00f3n de la turbina de gas de la central t\u00e9rmica El Bracho, que demandar\u00e1 una inversi\u00f3n de 300 millones de d\u00f3lares.<\/p>\n<p>Este proyecto demandar\u00e1 30 meses hasta su puesta en marcha y su construcci\u00f3n requerir\u00e1 la participaci\u00f3n de hasta 800 personas. Y le permitir\u00e1 al complejo en su conjunto alcanzar en el a\u00f1o 2020 los 1300 MW de potencia de generaci\u00f3n y abastecer a m\u00e1s de 1.3 millones de usuarios, lo que equivale al 4,2% de la demanda m\u00e1xima del pa\u00eds.<\/p>\n<p>Esta es la onceava vez que el titular del Poder Ejecutivo visita Tucum\u00e1n, ya que la \u00faltima visita fue el 9 de julio pasado cuando particip\u00f3 de los festejos patrios por conmemorarse los 202 a\u00f1os de la declaraci\u00f3n de la Independencia.<\/p>\n<p>\u00a0<\/p>\n<\/div>\n<\/div>\n<p>Fuente: http:\/\/comunicaciontucuman.gob.ar\/2018\/08\/manzur-recibio-a-macri-para-recorrer-la-central-electrica-de-el-bracho\/<\/p>\n","protected":false},"excerpt":{"rendered":"<p>El gobernador, Juan Manzur,\u00a0recibi\u00f3 al presidente,\u00a0Mauricio Macri, en el Aeropuerto Benjam\u00edn Matienzo\u00a0para recorrer las obras que realiz\u00f3 la empresa YPF Luz en la Central Termoel\u00e9ctrica de El Bracho, inauguradas en mayo pasado. Est\u00e1 previsto que pasadas las 12, Macri junto al Gobernador, directivos de Yacimientos Petrol\u00edferos Fiscales (YPF) y de YPF Luz, funcionarios nacionales, provinciales, [&hellip;]<\/p>\n","protected":false},"author":1,"featured_media":15767,"comment_status":"open","ping_status":"closed","sticky":false,"template":"","format":"standard","meta":{"footnotes":""},"categories":[3],"tags":[],"class_list":{"0":"post-15766","1":"post","2":"type-post","3":"status-publish","4":"format-standard","5":"has-post-thumbnail","7":"category-politica"},"yoast_head":"<!-- This site is optimized with the Yoast SEO plugin v27.5 - https:\/\/yoast.com\/product\/yoast-seo-wordpress\/ -->\n<title>Manzur recibi\u00f3 a Macri para recorrer la Central El\u00e9ctrica de El Bracho - El Diario de Tucuman<\/title>\n<meta name=\"robots\" content=\"index, follow, max-snippet:-1, max-image-preview:large, max-video-preview:-1\" \/>\n<link rel=\"canonical\" href=\"https:\/\/www.eldiariodetucuman.com\/web\/manzur-recibio-a-macri-para-recorrer-la-central-electrica-de-el-bracho\/\" \/>\n<meta property=\"og:locale\" content=\"es_ES\" \/>\n<meta property=\"og:type\" content=\"article\" \/>\n<meta property=\"og:title\" content=\"Manzur recibi\u00f3 a Macri para recorrer la Central El\u00e9ctrica de El Bracho - El Diario de Tucuman\" \/>\n<meta property=\"og:description\" content=\"El gobernador, Juan Manzur,\u00a0recibi\u00f3 al presidente,\u00a0Mauricio Macri, en el Aeropuerto Benjam\u00edn Matienzo\u00a0para recorrer las obras que realiz\u00f3 la empresa YPF Luz en la Central Termoel\u00e9ctrica de El Bracho, inauguradas en mayo pasado. Est\u00e1 previsto que pasadas las 12, Macri junto al Gobernador, directivos de Yacimientos Petrol\u00edferos Fiscales (YPF) y de YPF Luz, funcionarios nacionales, provinciales, [&hellip;]\" \/>\n<meta property=\"og:url\" content=\"https:\/\/www.eldiariodetucuman.com\/web\/manzur-recibio-a-macri-para-recorrer-la-central-electrica-de-el-bracho\/\" \/>\n<meta property=\"og:site_name\" content=\"El Diario de Tucuman\" \/>\n<meta property=\"article:published_time\" content=\"2018-08-24T15:08:54+00:00\" \/>\n<meta property=\"og:image\" content=\"https:\/\/www.eldiariodetucuman.com\/web\/wp-content\/uploads\/2018\/08\/2c6b8a150303aebd5848c2ce3bdbc315.jpeg\" \/>\n\t<meta property=\"og:image:width\" content=\"300\" \/>\n\t<meta property=\"og:image:height\" content=\"200\" \/>\n\t<meta property=\"og:image:type\" content=\"image\/jpeg\" \/>\n<meta name=\"author\" content=\"admin\" \/>\n<meta name=\"twitter:card\" content=\"summary_large_image\" \/>\n<meta name=\"twitter:label1\" content=\"Escrito por\" \/>\n\t<meta name=\"twitter:data1\" content=\"admin\" \/>\n\t<meta name=\"twitter:label2\" content=\"Tiempo de lectura\" \/>\n\t<meta name=\"twitter:data2\" content=\"3 minutos\" \/>\n<script type=\"application\/ld+json\" class=\"yoast-schema-graph\">{\"@context\":\"https:\\\/\\\/schema.org\",\"@graph\":[{\"@type\":\"Article\",\"@id\":\"https:\\\/\\\/www.eldiariodetucuman.com\\\/web\\\/manzur-recibio-a-macri-para-recorrer-la-central-electrica-de-el-bracho\\\/#article\",\"isPartOf\":{\"@id\":\"https:\\\/\\\/www.eldiariodetucuman.com\\\/web\\\/manzur-recibio-a-macri-para-recorrer-la-central-electrica-de-el-bracho\\\/\"},\"author\":{\"name\":\"admin\",\"@id\":\"https:\\\/\\\/www.eldiariodetucuman.com\\\/web\\\/#\\\/schema\\\/person\\\/9250197d75ab5483412e19678b121caa\"},\"headline\":\"Manzur recibi\u00f3 a Macri para recorrer la Central El\u00e9ctrica de El Bracho\",\"datePublished\":\"2018-08-24T15:08:54+00:00\",\"mainEntityOfPage\":{\"@id\":\"https:\\\/\\\/www.eldiariodetucuman.com\\\/web\\\/manzur-recibio-a-macri-para-recorrer-la-central-electrica-de-el-bracho\\\/\"},\"wordCount\":562,\"commentCount\":0,\"publisher\":{\"@id\":\"https:\\\/\\\/www.eldiariodetucuman.com\\\/web\\\/#organization\"},\"image\":{\"@id\":\"https:\\\/\\\/www.eldiariodetucuman.com\\\/web\\\/manzur-recibio-a-macri-para-recorrer-la-central-electrica-de-el-bracho\\\/#primaryimage\"},\"thumbnailUrl\":\"https:\\\/\\\/www.eldiariodetucuman.com\\\/web\\\/wp-content\\\/uploads\\\/2018\\\/08\\\/2c6b8a150303aebd5848c2ce3bdbc315.jpeg\",\"articleSection\":[\"Politica\"],\"inLanguage\":\"es\",\"potentialAction\":[{\"@type\":\"CommentAction\",\"name\":\"Comment\",\"target\":[\"https:\\\/\\\/www.eldiariodetucuman.com\\\/web\\\/manzur-recibio-a-macri-para-recorrer-la-central-electrica-de-el-bracho\\\/#respond\"]}]},{\"@type\":\"WebPage\",\"@id\":\"https:\\\/\\\/www.eldiariodetucuman.com\\\/web\\\/manzur-recibio-a-macri-para-recorrer-la-central-electrica-de-el-bracho\\\/\",\"url\":\"https:\\\/\\\/www.eldiariodetucuman.com\\\/web\\\/manzur-recibio-a-macri-para-recorrer-la-central-electrica-de-el-bracho\\\/\",\"name\":\"Manzur recibi\u00f3 a Macri para recorrer la Central El\u00e9ctrica de El Bracho - El Diario de Tucuman\",\"isPartOf\":{\"@id\":\"https:\\\/\\\/www.eldiariodetucuman.com\\\/web\\\/#website\"},\"primaryImageOfPage\":{\"@id\":\"https:\\\/\\\/www.eldiariodetucuman.com\\\/web\\\/manzur-recibio-a-macri-para-recorrer-la-central-electrica-de-el-bracho\\\/#primaryimage\"},\"image\":{\"@id\":\"https:\\\/\\\/www.eldiariodetucuman.com\\\/web\\\/manzur-recibio-a-macri-para-recorrer-la-central-electrica-de-el-bracho\\\/#primaryimage\"},\"thumbnailUrl\":\"https:\\\/\\\/www.eldiariodetucuman.com\\\/web\\\/wp-content\\\/uploads\\\/2018\\\/08\\\/2c6b8a150303aebd5848c2ce3bdbc315.jpeg\",\"datePublished\":\"2018-08-24T15:08:54+00:00\",\"breadcrumb\":{\"@id\":\"https:\\\/\\\/www.eldiariodetucuman.com\\\/web\\\/manzur-recibio-a-macri-para-recorrer-la-central-electrica-de-el-bracho\\\/#breadcrumb\"},\"inLanguage\":\"es\",\"potentialAction\":[{\"@type\":\"ReadAction\",\"target\":[\"https:\\\/\\\/www.eldiariodetucuman.com\\\/web\\\/manzur-recibio-a-macri-para-recorrer-la-central-electrica-de-el-bracho\\\/\"]}]},{\"@type\":\"ImageObject\",\"inLanguage\":\"es\",\"@id\":\"https:\\\/\\\/www.eldiariodetucuman.com\\\/web\\\/manzur-recibio-a-macri-para-recorrer-la-central-electrica-de-el-bracho\\\/#primaryimage\",\"url\":\"https:\\\/\\\/www.eldiariodetucuman.com\\\/web\\\/wp-content\\\/uploads\\\/2018\\\/08\\\/2c6b8a150303aebd5848c2ce3bdbc315.jpeg\",\"contentUrl\":\"https:\\\/\\\/www.eldiariodetucuman.com\\\/web\\\/wp-content\\\/uploads\\\/2018\\\/08\\\/2c6b8a150303aebd5848c2ce3bdbc315.jpeg\",\"width\":300,\"height\":200},{\"@type\":\"BreadcrumbList\",\"@id\":\"https:\\\/\\\/www.eldiariodetucuman.com\\\/web\\\/manzur-recibio-a-macri-para-recorrer-la-central-electrica-de-el-bracho\\\/#breadcrumb\",\"itemListElement\":[{\"@type\":\"ListItem\",\"position\":1,\"name\":\"Portada\",\"item\":\"https:\\\/\\\/www.eldiariodetucuman.com\\\/web\\\/\"},{\"@type\":\"ListItem\",\"position\":2,\"name\":\"Manzur recibi\u00f3 a Macri para recorrer la Central El\u00e9ctrica de El Bracho\"}]},{\"@type\":\"WebSite\",\"@id\":\"https:\\\/\\\/www.eldiariodetucuman.com\\\/web\\\/#website\",\"url\":\"https:\\\/\\\/www.eldiariodetucuman.com\\\/web\\\/\",\"name\":\"El Diario de Tucuman\",\"description\":\"Diario Tucuman - Informaci\u00f3n y noticias\",\"publisher\":{\"@id\":\"https:\\\/\\\/www.eldiariodetucuman.com\\\/web\\\/#organization\"},\"potentialAction\":[{\"@type\":\"SearchAction\",\"target\":{\"@type\":\"EntryPoint\",\"urlTemplate\":\"https:\\\/\\\/www.eldiariodetucuman.com\\\/web\\\/?s={search_term_string}\"},\"query-input\":{\"@type\":\"PropertyValueSpecification\",\"valueRequired\":true,\"valueName\":\"search_term_string\"}}],\"inLanguage\":\"es\"},{\"@type\":\"Organization\",\"@id\":\"https:\\\/\\\/www.eldiariodetucuman.com\\\/web\\\/#organization\",\"name\":\"El Diario de Tucuman\",\"url\":\"https:\\\/\\\/www.eldiariodetucuman.com\\\/web\\\/\",\"logo\":{\"@type\":\"ImageObject\",\"inLanguage\":\"es\",\"@id\":\"https:\\\/\\\/www.eldiariodetucuman.com\\\/web\\\/#\\\/schema\\\/logo\\\/image\\\/\",\"url\":\"http:\\\/\\\/www.eldiariodetucuman.com\\\/web\\\/wp-content\\\/uploads\\\/2017\\\/12\\\/el-diario-de-tucuman.jpg\",\"contentUrl\":\"http:\\\/\\\/www.eldiariodetucuman.com\\\/web\\\/wp-content\\\/uploads\\\/2017\\\/12\\\/el-diario-de-tucuman.jpg\",\"width\":272,\"height\":92,\"caption\":\"El Diario de Tucuman\"},\"image\":{\"@id\":\"https:\\\/\\\/www.eldiariodetucuman.com\\\/web\\\/#\\\/schema\\\/logo\\\/image\\\/\"}},{\"@type\":\"Person\",\"@id\":\"https:\\\/\\\/www.eldiariodetucuman.com\\\/web\\\/#\\\/schema\\\/person\\\/9250197d75ab5483412e19678b121caa\",\"name\":\"admin\",\"image\":{\"@type\":\"ImageObject\",\"inLanguage\":\"es\",\"@id\":\"https:\\\/\\\/secure.gravatar.com\\\/avatar\\\/c44d117c2be811212c22cb481f6b8384b6873de103fbc49e7a03cc58d7dea4ac?s=96&d=mm&r=g\",\"url\":\"https:\\\/\\\/secure.gravatar.com\\\/avatar\\\/c44d117c2be811212c22cb481f6b8384b6873de103fbc49e7a03cc58d7dea4ac?s=96&d=mm&r=g\",\"contentUrl\":\"https:\\\/\\\/secure.gravatar.com\\\/avatar\\\/c44d117c2be811212c22cb481f6b8384b6873de103fbc49e7a03cc58d7dea4ac?s=96&d=mm&r=g\",\"caption\":\"admin\"},\"url\":\"https:\\\/\\\/www.eldiariodetucuman.com\\\/web\\\/author\\\/admin\\\/\"}]}<\/script>\n<!-- \/ Yoast SEO plugin. -->","yoast_head_json":{"title":"Manzur recibi\u00f3 a Macri para recorrer la Central El\u00e9ctrica de El Bracho - El Diario de Tucuman","robots":{"index":"index","follow":"follow","max-snippet":"max-snippet:-1","max-image-preview":"max-image-preview:large","max-video-preview":"max-video-preview:-1"},"canonical":"https:\/\/www.eldiariodetucuman.com\/web\/manzur-recibio-a-macri-para-recorrer-la-central-electrica-de-el-bracho\/","og_locale":"es_ES","og_type":"article","og_title":"Manzur recibi\u00f3 a Macri para recorrer la Central El\u00e9ctrica de El Bracho - El Diario de Tucuman","og_description":"El gobernador, Juan Manzur,\u00a0recibi\u00f3 al presidente,\u00a0Mauricio Macri, en el Aeropuerto Benjam\u00edn Matienzo\u00a0para recorrer las obras que realiz\u00f3 la empresa YPF Luz en la Central Termoel\u00e9ctrica de El Bracho, inauguradas en mayo pasado. Est\u00e1 previsto que pasadas las 12, Macri junto al Gobernador, directivos de Yacimientos Petrol\u00edferos Fiscales (YPF) y de YPF Luz, funcionarios nacionales, provinciales, [&hellip;]","og_url":"https:\/\/www.eldiariodetucuman.com\/web\/manzur-recibio-a-macri-para-recorrer-la-central-electrica-de-el-bracho\/","og_site_name":"El Diario de Tucuman","article_published_time":"2018-08-24T15:08:54+00:00","og_image":[{"width":300,"height":200,"url":"https:\/\/www.eldiariodetucuman.com\/web\/wp-content\/uploads\/2018\/08\/2c6b8a150303aebd5848c2ce3bdbc315.jpeg","type":"image\/jpeg"}],"author":"admin","twitter_card":"summary_large_image","twitter_misc":{"Escrito por":"admin","Tiempo de lectura":"3 minutos"},"schema":{"@context":"https:\/\/schema.org","@graph":[{"@type":"Article","@id":"https:\/\/www.eldiariodetucuman.com\/web\/manzur-recibio-a-macri-para-recorrer-la-central-electrica-de-el-bracho\/#article","isPartOf":{"@id":"https:\/\/www.eldiariodetucuman.com\/web\/manzur-recibio-a-macri-para-recorrer-la-central-electrica-de-el-bracho\/"},"author":{"name":"admin","@id":"https:\/\/www.eldiariodetucuman.com\/web\/#\/schema\/person\/9250197d75ab5483412e19678b121caa"},"headline":"Manzur recibi\u00f3 a Macri para recorrer la Central El\u00e9ctrica de El Bracho","datePublished":"2018-08-24T15:08:54+00:00","mainEntityOfPage":{"@id":"https:\/\/www.eldiariodetucuman.com\/web\/manzur-recibio-a-macri-para-recorrer-la-central-electrica-de-el-bracho\/"},"wordCount":562,"commentCount":0,"publisher":{"@id":"https:\/\/www.eldiariodetucuman.com\/web\/#organization"},"image":{"@id":"https:\/\/www.eldiariodetucuman.com\/web\/manzur-recibio-a-macri-para-recorrer-la-central-electrica-de-el-bracho\/#primaryimage"},"thumbnailUrl":"https:\/\/www.eldiariodetucuman.com\/web\/wp-content\/uploads\/2018\/08\/2c6b8a150303aebd5848c2ce3bdbc315.jpeg","articleSection":["Politica"],"inLanguage":"es","potentialAction":[{"@type":"CommentAction","name":"Comment","target":["https:\/\/www.eldiariodetucuman.com\/web\/manzur-recibio-a-macri-para-recorrer-la-central-electrica-de-el-bracho\/#respond"]}]},{"@type":"WebPage","@id":"https:\/\/www.eldiariodetucuman.com\/web\/manzur-recibio-a-macri-para-recorrer-la-central-electrica-de-el-bracho\/","url":"https:\/\/www.eldiariodetucuman.com\/web\/manzur-recibio-a-macri-para-recorrer-la-central-electrica-de-el-bracho\/","name":"Manzur recibi\u00f3 a Macri para recorrer la Central El\u00e9ctrica de El Bracho - El Diario de Tucuman","isPartOf":{"@id":"https:\/\/www.eldiariodetucuman.com\/web\/#website"},"primaryImageOfPage":{"@id":"https:\/\/www.eldiariodetucuman.com\/web\/manzur-recibio-a-macri-para-recorrer-la-central-electrica-de-el-bracho\/#primaryimage"},"image":{"@id":"https:\/\/www.eldiariodetucuman.com\/web\/manzur-recibio-a-macri-para-recorrer-la-central-electrica-de-el-bracho\/#primaryimage"},"thumbnailUrl":"https:\/\/www.eldiariodetucuman.com\/web\/wp-content\/uploads\/2018\/08\/2c6b8a150303aebd5848c2ce3bdbc315.jpeg","datePublished":"2018-08-24T15:08:54+00:00","breadcrumb":{"@id":"https:\/\/www.eldiariodetucuman.com\/web\/manzur-recibio-a-macri-para-recorrer-la-central-electrica-de-el-bracho\/#breadcrumb"},"inLanguage":"es","potentialAction":[{"@type":"ReadAction","target":["https:\/\/www.eldiariodetucuman.com\/web\/manzur-recibio-a-macri-para-recorrer-la-central-electrica-de-el-bracho\/"]}]},{"@type":"ImageObject","inLanguage":"es","@id":"https:\/\/www.eldiariodetucuman.com\/web\/manzur-recibio-a-macri-para-recorrer-la-central-electrica-de-el-bracho\/#primaryimage","url":"https:\/\/www.eldiariodetucuman.com\/web\/wp-content\/uploads\/2018\/08\/2c6b8a150303aebd5848c2ce3bdbc315.jpeg","contentUrl":"https:\/\/www.eldiariodetucuman.com\/web\/wp-content\/uploads\/2018\/08\/2c6b8a150303aebd5848c2ce3bdbc315.jpeg","width":300,"height":200},{"@type":"BreadcrumbList","@id":"https:\/\/www.eldiariodetucuman.com\/web\/manzur-recibio-a-macri-para-recorrer-la-central-electrica-de-el-bracho\/#breadcrumb","itemListElement":[{"@type":"ListItem","position":1,"name":"Portada","item":"https:\/\/www.eldiariodetucuman.com\/web\/"},{"@type":"ListItem","position":2,"name":"Manzur recibi\u00f3 a Macri para recorrer la Central El\u00e9ctrica de El Bracho"}]},{"@type":"WebSite","@id":"https:\/\/www.eldiariodetucuman.com\/web\/#website","url":"https:\/\/www.eldiariodetucuman.com\/web\/","name":"El Diario de Tucuman","description":"Diario Tucuman - Informaci\u00f3n y noticias","publisher":{"@id":"https:\/\/www.eldiariodetucuman.com\/web\/#organization"},"potentialAction":[{"@type":"SearchAction","target":{"@type":"EntryPoint","urlTemplate":"https:\/\/www.eldiariodetucuman.com\/web\/?s={search_term_string}"},"query-input":{"@type":"PropertyValueSpecification","valueRequired":true,"valueName":"search_term_string"}}],"inLanguage":"es"},{"@type":"Organization","@id":"https:\/\/www.eldiariodetucuman.com\/web\/#organization","name":"El Diario de Tucuman","url":"https:\/\/www.eldiariodetucuman.com\/web\/","logo":{"@type":"ImageObject","inLanguage":"es","@id":"https:\/\/www.eldiariodetucuman.com\/web\/#\/schema\/logo\/image\/","url":"http:\/\/www.eldiariodetucuman.com\/web\/wp-content\/uploads\/2017\/12\/el-diario-de-tucuman.jpg","contentUrl":"http:\/\/www.eldiariodetucuman.com\/web\/wp-content\/uploads\/2017\/12\/el-diario-de-tucuman.jpg","width":272,"height":92,"caption":"El Diario de Tucuman"},"image":{"@id":"https:\/\/www.eldiariodetucuman.com\/web\/#\/schema\/logo\/image\/"}},{"@type":"Person","@id":"https:\/\/www.eldiariodetucuman.com\/web\/#\/schema\/person\/9250197d75ab5483412e19678b121caa","name":"admin","image":{"@type":"ImageObject","inLanguage":"es","@id":"https:\/\/secure.gravatar.com\/avatar\/c44d117c2be811212c22cb481f6b8384b6873de103fbc49e7a03cc58d7dea4ac?s=96&d=mm&r=g","url":"https:\/\/secure.gravatar.com\/avatar\/c44d117c2be811212c22cb481f6b8384b6873de103fbc49e7a03cc58d7dea4ac?s=96&d=mm&r=g","contentUrl":"https:\/\/secure.gravatar.com\/avatar\/c44d117c2be811212c22cb481f6b8384b6873de103fbc49e7a03cc58d7dea4ac?s=96&d=mm&r=g","caption":"admin"},"url":"https:\/\/www.eldiariodetucuman.com\/web\/author\/admin\/"}]}},"_links":{"self":[{"href":"https:\/\/www.eldiariodetucuman.com\/web\/wp-json\/wp\/v2\/posts\/15766","targetHints":{"allow":["GET"]}}],"collection":[{"href":"https:\/\/www.eldiariodetucuman.com\/web\/wp-json\/wp\/v2\/posts"}],"about":[{"href":"https:\/\/www.eldiariodetucuman.com\/web\/wp-json\/wp\/v2\/types\/post"}],"author":[{"embeddable":true,"href":"https:\/\/www.eldiariodetucuman.com\/web\/wp-json\/wp\/v2\/users\/1"}],"replies":[{"embeddable":true,"href":"https:\/\/www.eldiariodetucuman.com\/web\/wp-json\/wp\/v2\/comments?post=15766"}],"version-history":[{"count":1,"href":"https:\/\/www.eldiariodetucuman.com\/web\/wp-json\/wp\/v2\/posts\/15766\/revisions"}],"predecessor-version":[{"id":15768,"href":"https:\/\/www.eldiariodetucuman.com\/web\/wp-json\/wp\/v2\/posts\/15766\/revisions\/15768"}],"wp:featuredmedia":[{"embeddable":true,"href":"https:\/\/www.eldiariodetucuman.com\/web\/wp-json\/wp\/v2\/media\/15767"}],"wp:attachment":[{"href":"https:\/\/www.eldiariodetucuman.com\/web\/wp-json\/wp\/v2\/media?parent=15766"}],"wp:term":[{"taxonomy":"category","embeddable":true,"href":"https:\/\/www.eldiariodetucuman.com\/web\/wp-json\/wp\/v2\/categories?post=15766"},{"taxonomy":"post_tag","embeddable":true,"href":"https:\/\/www.eldiariodetucuman.com\/web\/wp-json\/wp\/v2\/tags?post=15766"}],"curies":[{"name":"wp","href":"https:\/\/api.w.org\/{rel}","templated":true}]}}