{"id":15763,"date":"2018-08-24T12:08:46","date_gmt":"2018-08-24T15:08:46","guid":{"rendered":"http:\/\/www.eldiariodetucuman.com\/web\/destacan-que-el-gobierno-difunda-el-pensamiento-academico\/"},"modified":"2018-08-24T12:08:47","modified_gmt":"2018-08-24T15:08:47","slug":"destacan-que-el-gobierno-difunda-el-pensamiento-academico","status":"publish","type":"post","link":"https:\/\/www.eldiariodetucuman.com\/web\/destacan-que-el-gobierno-difunda-el-pensamiento-academico\/","title":{"rendered":"Destacan que el Gobierno difunda el pensamiento acad\u00e9mico"},"content":{"rendered":"<div>\n<div readability=\"73\">\n<p>En el marco del III Encuentro de Acad\u00e9micos Nacionales y Extranjeros que celebrado en Tucum\u00e1n, en representaci\u00f3n de la Academia Nacional de la Historia,\u00a0<strong>Carlos P\u00e1ez de la Torre<\/strong>, expres\u00f3: \u201cMe parece muy destacable que el gobernador de una provincia \u2013 por <strong>Juan Manzur<\/strong>-, en tiempos con tantas turbulencias econ\u00f3micas y sociales, se d\u00e9 tiempo para reunir a los acad\u00e9micos para que sus pensamientos se expongan y se difundan\u201d.<\/p>\n<p>A su vez, el presidente de la Academia chilena de Ciencias Sociales, Pol\u00edticas y Morales, <strong>Jos\u00e9 Luis Cea Ega\u00f1a<\/strong>, valor\u00f3 que fue un \u2018grato\u2019 acontecimiento en el que se vivi\u00f3 un clima de amistad y fraternidad.<\/p>\n<p>\u201cEs una obra singularmente exitosa del Gobernador que merece ser continuada. Es muy dif\u00edcil pero ha logrado que por tres a\u00f1os se haga esto. La cuesti\u00f3n es lograr que esto se sepa, se conozca, se admire y se apoye en otros pa\u00edses de Am\u00e9rica Latina\u201d, cont\u00f3 Cea Ega\u00f1a.<\/p>\n<p>El acad\u00e9mico propuso: \u201cPor qu\u00e9 no hacemos esto que esto tenga un apoyo conjunto de todos los pa\u00edses y no s\u00f3lo de Tucum\u00e1n. Estas tareas son dif\u00edciles y hay que mantenerlas. Para que esta antorcha de la libertad, de la amistad, del entendimiento y la confranternidad se trasmita. Estoy cada d\u00eda m\u00e1s comprometido con la admiraci\u00f3n por la Rep\u00fablica Argentina\u201d.<\/p>\n<blockquote class=\"mom_quote \" readability=\"25\">\n<p><strong>Hace falta promover la unidad en Am\u00e9rica del Sur<\/strong><\/p>\n<p>El presidente em\u00e9rito de la Academia de Ingenier\u00eda de Brasil, <strong>Paulo Augusto Vivaqua<\/strong>, dijo que Tucum\u00e1n puso en contacto a las diferentes academias del continente para discutir temas comunes: \u201cLa oportunidad que cre\u00f3 Manzur es inigualable. Es importante que un gobernador de tanto valor a la intelectualidad, uniendo las academias porque el continente necesita uni\u00f3n. \u00c9l tiene una preocupaci\u00f3n sobre la log\u00edstica, que es lo que falta a Am\u00e9rica del Sur para promover nuestro desarrollo, comercio y creaci\u00f3n de empleo\u201d.<\/p>\n<p><strong>Milton Thiago de Mello<\/strong>, de la Academia Brasile\u00f1a de Medicina Veterinaria, cont\u00f3: \u201cCreo que una ceremonia como esta es inigualable. Bajo este techo hab\u00eda una palabra com\u00fan que era la amistad. Es independiente del color, del pa\u00eds, de la nacionalidad, del g\u00e9nero y de la raza. Esto se observ\u00f3 en esta sala. Quiero felicitar al Gobierno por esta magn\u00edfica recepci\u00f3n\u201d.<\/p>\n<\/blockquote>\n<\/div>\n<\/div>\n<p>Fuente: http:\/\/comunicaciontucuman.gob.ar\/2018\/08\/destacan-que-el-gobierno-difunda-el-pensamiento-academico\/<\/p>\n","protected":false},"excerpt":{"rendered":"<p>En el marco del III Encuentro de Acad\u00e9micos Nacionales y Extranjeros que celebrado en Tucum\u00e1n, en representaci\u00f3n de la Academia Nacional de la Historia,\u00a0Carlos P\u00e1ez de la Torre, expres\u00f3: \u201cMe parece muy destacable que el gobernador de una provincia \u2013 por Juan Manzur-, en tiempos con tantas turbulencias econ\u00f3micas y sociales, se d\u00e9 tiempo para [&hellip;]<\/p>\n","protected":false},"author":1,"featured_media":15764,"comment_status":"open","ping_status":"closed","sticky":false,"template":"","format":"standard","meta":{"footnotes":""},"categories":[3],"tags":[],"class_list":{"0":"post-15763","1":"post","2":"type-post","3":"status-publish","4":"format-standard","5":"has-post-thumbnail","7":"category-politica"},"yoast_head":"<!-- This site is optimized with the Yoast SEO plugin v27.5 - https:\/\/yoast.com\/product\/yoast-seo-wordpress\/ -->\n<title>Destacan que el Gobierno difunda el pensamiento acad\u00e9mico - El Diario de Tucuman<\/title>\n<meta name=\"robots\" content=\"index, follow, max-snippet:-1, max-image-preview:large, max-video-preview:-1\" \/>\n<link rel=\"canonical\" href=\"https:\/\/www.eldiariodetucuman.com\/web\/destacan-que-el-gobierno-difunda-el-pensamiento-academico\/\" \/>\n<meta property=\"og:locale\" content=\"es_ES\" \/>\n<meta property=\"og:type\" content=\"article\" \/>\n<meta property=\"og:title\" content=\"Destacan que el Gobierno difunda el pensamiento acad\u00e9mico - El Diario de Tucuman\" \/>\n<meta property=\"og:description\" content=\"En el marco del III Encuentro de Acad\u00e9micos Nacionales y Extranjeros que celebrado en Tucum\u00e1n, en representaci\u00f3n de la Academia Nacional de la Historia,\u00a0Carlos P\u00e1ez de la Torre, expres\u00f3: \u201cMe parece muy destacable que el gobernador de una provincia \u2013 por Juan Manzur-, en tiempos con tantas turbulencias econ\u00f3micas y sociales, se d\u00e9 tiempo para [&hellip;]\" \/>\n<meta property=\"og:url\" content=\"https:\/\/www.eldiariodetucuman.com\/web\/destacan-que-el-gobierno-difunda-el-pensamiento-academico\/\" \/>\n<meta property=\"og:site_name\" content=\"El Diario de Tucuman\" \/>\n<meta property=\"article:published_time\" content=\"2018-08-24T15:08:46+00:00\" \/>\n<meta property=\"article:modified_time\" content=\"2018-08-24T15:08:47+00:00\" \/>\n<meta property=\"og:image\" content=\"https:\/\/www.eldiariodetucuman.com\/web\/wp-content\/uploads\/2018\/08\/5974b00a2bbf40023b1e0b5dde694fe2.jpeg\" \/>\n\t<meta property=\"og:image:width\" content=\"300\" \/>\n\t<meta property=\"og:image:height\" content=\"166\" \/>\n\t<meta property=\"og:image:type\" content=\"image\/jpeg\" \/>\n<meta name=\"author\" content=\"admin\" \/>\n<meta name=\"twitter:card\" content=\"summary_large_image\" \/>\n<meta name=\"twitter:label1\" content=\"Escrito por\" \/>\n\t<meta name=\"twitter:data1\" content=\"admin\" \/>\n\t<meta name=\"twitter:label2\" content=\"Tiempo de lectura\" \/>\n\t<meta name=\"twitter:data2\" content=\"2 minutos\" \/>\n<script type=\"application\/ld+json\" class=\"yoast-schema-graph\">{\"@context\":\"https:\\\/\\\/schema.org\",\"@graph\":[{\"@type\":\"Article\",\"@id\":\"https:\\\/\\\/www.eldiariodetucuman.com\\\/web\\\/destacan-que-el-gobierno-difunda-el-pensamiento-academico\\\/#article\",\"isPartOf\":{\"@id\":\"https:\\\/\\\/www.eldiariodetucuman.com\\\/web\\\/destacan-que-el-gobierno-difunda-el-pensamiento-academico\\\/\"},\"author\":{\"name\":\"admin\",\"@id\":\"https:\\\/\\\/www.eldiariodetucuman.com\\\/web\\\/#\\\/schema\\\/person\\\/9250197d75ab5483412e19678b121caa\"},\"headline\":\"Destacan que el Gobierno difunda el pensamiento acad\u00e9mico\",\"datePublished\":\"2018-08-24T15:08:46+00:00\",\"dateModified\":\"2018-08-24T15:08:47+00:00\",\"mainEntityOfPage\":{\"@id\":\"https:\\\/\\\/www.eldiariodetucuman.com\\\/web\\\/destacan-que-el-gobierno-difunda-el-pensamiento-academico\\\/\"},\"wordCount\":415,\"commentCount\":0,\"publisher\":{\"@id\":\"https:\\\/\\\/www.eldiariodetucuman.com\\\/web\\\/#organization\"},\"image\":{\"@id\":\"https:\\\/\\\/www.eldiariodetucuman.com\\\/web\\\/destacan-que-el-gobierno-difunda-el-pensamiento-academico\\\/#primaryimage\"},\"thumbnailUrl\":\"https:\\\/\\\/www.eldiariodetucuman.com\\\/web\\\/wp-content\\\/uploads\\\/2018\\\/08\\\/5974b00a2bbf40023b1e0b5dde694fe2.jpeg\",\"articleSection\":[\"Politica\"],\"inLanguage\":\"es\",\"potentialAction\":[{\"@type\":\"CommentAction\",\"name\":\"Comment\",\"target\":[\"https:\\\/\\\/www.eldiariodetucuman.com\\\/web\\\/destacan-que-el-gobierno-difunda-el-pensamiento-academico\\\/#respond\"]}]},{\"@type\":\"WebPage\",\"@id\":\"https:\\\/\\\/www.eldiariodetucuman.com\\\/web\\\/destacan-que-el-gobierno-difunda-el-pensamiento-academico\\\/\",\"url\":\"https:\\\/\\\/www.eldiariodetucuman.com\\\/web\\\/destacan-que-el-gobierno-difunda-el-pensamiento-academico\\\/\",\"name\":\"Destacan que el Gobierno difunda el pensamiento acad\u00e9mico - El Diario de Tucuman\",\"isPartOf\":{\"@id\":\"https:\\\/\\\/www.eldiariodetucuman.com\\\/web\\\/#website\"},\"primaryImageOfPage\":{\"@id\":\"https:\\\/\\\/www.eldiariodetucuman.com\\\/web\\\/destacan-que-el-gobierno-difunda-el-pensamiento-academico\\\/#primaryimage\"},\"image\":{\"@id\":\"https:\\\/\\\/www.eldiariodetucuman.com\\\/web\\\/destacan-que-el-gobierno-difunda-el-pensamiento-academico\\\/#primaryimage\"},\"thumbnailUrl\":\"https:\\\/\\\/www.eldiariodetucuman.com\\\/web\\\/wp-content\\\/uploads\\\/2018\\\/08\\\/5974b00a2bbf40023b1e0b5dde694fe2.jpeg\",\"datePublished\":\"2018-08-24T15:08:46+00:00\",\"dateModified\":\"2018-08-24T15:08:47+00:00\",\"breadcrumb\":{\"@id\":\"https:\\\/\\\/www.eldiariodetucuman.com\\\/web\\\/destacan-que-el-gobierno-difunda-el-pensamiento-academico\\\/#breadcrumb\"},\"inLanguage\":\"es\",\"potentialAction\":[{\"@type\":\"ReadAction\",\"target\":[\"https:\\\/\\\/www.eldiariodetucuman.com\\\/web\\\/destacan-que-el-gobierno-difunda-el-pensamiento-academico\\\/\"]}]},{\"@type\":\"ImageObject\",\"inLanguage\":\"es\",\"@id\":\"https:\\\/\\\/www.eldiariodetucuman.com\\\/web\\\/destacan-que-el-gobierno-difunda-el-pensamiento-academico\\\/#primaryimage\",\"url\":\"https:\\\/\\\/www.eldiariodetucuman.com\\\/web\\\/wp-content\\\/uploads\\\/2018\\\/08\\\/5974b00a2bbf40023b1e0b5dde694fe2.jpeg\",\"contentUrl\":\"https:\\\/\\\/www.eldiariodetucuman.com\\\/web\\\/wp-content\\\/uploads\\\/2018\\\/08\\\/5974b00a2bbf40023b1e0b5dde694fe2.jpeg\",\"width\":300,\"height\":166},{\"@type\":\"BreadcrumbList\",\"@id\":\"https:\\\/\\\/www.eldiariodetucuman.com\\\/web\\\/destacan-que-el-gobierno-difunda-el-pensamiento-academico\\\/#breadcrumb\",\"itemListElement\":[{\"@type\":\"ListItem\",\"position\":1,\"name\":\"Portada\",\"item\":\"https:\\\/\\\/www.eldiariodetucuman.com\\\/web\\\/\"},{\"@type\":\"ListItem\",\"position\":2,\"name\":\"Destacan que el Gobierno difunda el pensamiento acad\u00e9mico\"}]},{\"@type\":\"WebSite\",\"@id\":\"https:\\\/\\\/www.eldiariodetucuman.com\\\/web\\\/#website\",\"url\":\"https:\\\/\\\/www.eldiariodetucuman.com\\\/web\\\/\",\"name\":\"El Diario de Tucuman\",\"description\":\"Diario Tucuman - Informaci\u00f3n y noticias\",\"publisher\":{\"@id\":\"https:\\\/\\\/www.eldiariodetucuman.com\\\/web\\\/#organization\"},\"potentialAction\":[{\"@type\":\"SearchAction\",\"target\":{\"@type\":\"EntryPoint\",\"urlTemplate\":\"https:\\\/\\\/www.eldiariodetucuman.com\\\/web\\\/?s={search_term_string}\"},\"query-input\":{\"@type\":\"PropertyValueSpecification\",\"valueRequired\":true,\"valueName\":\"search_term_string\"}}],\"inLanguage\":\"es\"},{\"@type\":\"Organization\",\"@id\":\"https:\\\/\\\/www.eldiariodetucuman.com\\\/web\\\/#organization\",\"name\":\"El Diario de Tucuman\",\"url\":\"https:\\\/\\\/www.eldiariodetucuman.com\\\/web\\\/\",\"logo\":{\"@type\":\"ImageObject\",\"inLanguage\":\"es\",\"@id\":\"https:\\\/\\\/www.eldiariodetucuman.com\\\/web\\\/#\\\/schema\\\/logo\\\/image\\\/\",\"url\":\"http:\\\/\\\/www.eldiariodetucuman.com\\\/web\\\/wp-content\\\/uploads\\\/2017\\\/12\\\/el-diario-de-tucuman.jpg\",\"contentUrl\":\"http:\\\/\\\/www.eldiariodetucuman.com\\\/web\\\/wp-content\\\/uploads\\\/2017\\\/12\\\/el-diario-de-tucuman.jpg\",\"width\":272,\"height\":92,\"caption\":\"El Diario de Tucuman\"},\"image\":{\"@id\":\"https:\\\/\\\/www.eldiariodetucuman.com\\\/web\\\/#\\\/schema\\\/logo\\\/image\\\/\"}},{\"@type\":\"Person\",\"@id\":\"https:\\\/\\\/www.eldiariodetucuman.com\\\/web\\\/#\\\/schema\\\/person\\\/9250197d75ab5483412e19678b121caa\",\"name\":\"admin\",\"image\":{\"@type\":\"ImageObject\",\"inLanguage\":\"es\",\"@id\":\"https:\\\/\\\/secure.gravatar.com\\\/avatar\\\/c44d117c2be811212c22cb481f6b8384b6873de103fbc49e7a03cc58d7dea4ac?s=96&d=mm&r=g\",\"url\":\"https:\\\/\\\/secure.gravatar.com\\\/avatar\\\/c44d117c2be811212c22cb481f6b8384b6873de103fbc49e7a03cc58d7dea4ac?s=96&d=mm&r=g\",\"contentUrl\":\"https:\\\/\\\/secure.gravatar.com\\\/avatar\\\/c44d117c2be811212c22cb481f6b8384b6873de103fbc49e7a03cc58d7dea4ac?s=96&d=mm&r=g\",\"caption\":\"admin\"},\"url\":\"https:\\\/\\\/www.eldiariodetucuman.com\\\/web\\\/author\\\/admin\\\/\"}]}<\/script>\n<!-- \/ Yoast SEO plugin. -->","yoast_head_json":{"title":"Destacan que el Gobierno difunda el pensamiento acad\u00e9mico - El Diario de Tucuman","robots":{"index":"index","follow":"follow","max-snippet":"max-snippet:-1","max-image-preview":"max-image-preview:large","max-video-preview":"max-video-preview:-1"},"canonical":"https:\/\/www.eldiariodetucuman.com\/web\/destacan-que-el-gobierno-difunda-el-pensamiento-academico\/","og_locale":"es_ES","og_type":"article","og_title":"Destacan que el Gobierno difunda el pensamiento acad\u00e9mico - El Diario de Tucuman","og_description":"En el marco del III Encuentro de Acad\u00e9micos Nacionales y Extranjeros que celebrado en Tucum\u00e1n, en representaci\u00f3n de la Academia Nacional de la Historia,\u00a0Carlos P\u00e1ez de la Torre, expres\u00f3: \u201cMe parece muy destacable que el gobernador de una provincia \u2013 por Juan Manzur-, en tiempos con tantas turbulencias econ\u00f3micas y sociales, se d\u00e9 tiempo para [&hellip;]","og_url":"https:\/\/www.eldiariodetucuman.com\/web\/destacan-que-el-gobierno-difunda-el-pensamiento-academico\/","og_site_name":"El Diario de Tucuman","article_published_time":"2018-08-24T15:08:46+00:00","article_modified_time":"2018-08-24T15:08:47+00:00","og_image":[{"width":300,"height":166,"url":"https:\/\/www.eldiariodetucuman.com\/web\/wp-content\/uploads\/2018\/08\/5974b00a2bbf40023b1e0b5dde694fe2.jpeg","type":"image\/jpeg"}],"author":"admin","twitter_card":"summary_large_image","twitter_misc":{"Escrito por":"admin","Tiempo de lectura":"2 minutos"},"schema":{"@context":"https:\/\/schema.org","@graph":[{"@type":"Article","@id":"https:\/\/www.eldiariodetucuman.com\/web\/destacan-que-el-gobierno-difunda-el-pensamiento-academico\/#article","isPartOf":{"@id":"https:\/\/www.eldiariodetucuman.com\/web\/destacan-que-el-gobierno-difunda-el-pensamiento-academico\/"},"author":{"name":"admin","@id":"https:\/\/www.eldiariodetucuman.com\/web\/#\/schema\/person\/9250197d75ab5483412e19678b121caa"},"headline":"Destacan que el Gobierno difunda el pensamiento acad\u00e9mico","datePublished":"2018-08-24T15:08:46+00:00","dateModified":"2018-08-24T15:08:47+00:00","mainEntityOfPage":{"@id":"https:\/\/www.eldiariodetucuman.com\/web\/destacan-que-el-gobierno-difunda-el-pensamiento-academico\/"},"wordCount":415,"commentCount":0,"publisher":{"@id":"https:\/\/www.eldiariodetucuman.com\/web\/#organization"},"image":{"@id":"https:\/\/www.eldiariodetucuman.com\/web\/destacan-que-el-gobierno-difunda-el-pensamiento-academico\/#primaryimage"},"thumbnailUrl":"https:\/\/www.eldiariodetucuman.com\/web\/wp-content\/uploads\/2018\/08\/5974b00a2bbf40023b1e0b5dde694fe2.jpeg","articleSection":["Politica"],"inLanguage":"es","potentialAction":[{"@type":"CommentAction","name":"Comment","target":["https:\/\/www.eldiariodetucuman.com\/web\/destacan-que-el-gobierno-difunda-el-pensamiento-academico\/#respond"]}]},{"@type":"WebPage","@id":"https:\/\/www.eldiariodetucuman.com\/web\/destacan-que-el-gobierno-difunda-el-pensamiento-academico\/","url":"https:\/\/www.eldiariodetucuman.com\/web\/destacan-que-el-gobierno-difunda-el-pensamiento-academico\/","name":"Destacan que el Gobierno difunda el pensamiento acad\u00e9mico - El Diario de Tucuman","isPartOf":{"@id":"https:\/\/www.eldiariodetucuman.com\/web\/#website"},"primaryImageOfPage":{"@id":"https:\/\/www.eldiariodetucuman.com\/web\/destacan-que-el-gobierno-difunda-el-pensamiento-academico\/#primaryimage"},"image":{"@id":"https:\/\/www.eldiariodetucuman.com\/web\/destacan-que-el-gobierno-difunda-el-pensamiento-academico\/#primaryimage"},"thumbnailUrl":"https:\/\/www.eldiariodetucuman.com\/web\/wp-content\/uploads\/2018\/08\/5974b00a2bbf40023b1e0b5dde694fe2.jpeg","datePublished":"2018-08-24T15:08:46+00:00","dateModified":"2018-08-24T15:08:47+00:00","breadcrumb":{"@id":"https:\/\/www.eldiariodetucuman.com\/web\/destacan-que-el-gobierno-difunda-el-pensamiento-academico\/#breadcrumb"},"inLanguage":"es","potentialAction":[{"@type":"ReadAction","target":["https:\/\/www.eldiariodetucuman.com\/web\/destacan-que-el-gobierno-difunda-el-pensamiento-academico\/"]}]},{"@type":"ImageObject","inLanguage":"es","@id":"https:\/\/www.eldiariodetucuman.com\/web\/destacan-que-el-gobierno-difunda-el-pensamiento-academico\/#primaryimage","url":"https:\/\/www.eldiariodetucuman.com\/web\/wp-content\/uploads\/2018\/08\/5974b00a2bbf40023b1e0b5dde694fe2.jpeg","contentUrl":"https:\/\/www.eldiariodetucuman.com\/web\/wp-content\/uploads\/2018\/08\/5974b00a2bbf40023b1e0b5dde694fe2.jpeg","width":300,"height":166},{"@type":"BreadcrumbList","@id":"https:\/\/www.eldiariodetucuman.com\/web\/destacan-que-el-gobierno-difunda-el-pensamiento-academico\/#breadcrumb","itemListElement":[{"@type":"ListItem","position":1,"name":"Portada","item":"https:\/\/www.eldiariodetucuman.com\/web\/"},{"@type":"ListItem","position":2,"name":"Destacan que el Gobierno difunda el pensamiento acad\u00e9mico"}]},{"@type":"WebSite","@id":"https:\/\/www.eldiariodetucuman.com\/web\/#website","url":"https:\/\/www.eldiariodetucuman.com\/web\/","name":"El Diario de Tucuman","description":"Diario Tucuman - Informaci\u00f3n y noticias","publisher":{"@id":"https:\/\/www.eldiariodetucuman.com\/web\/#organization"},"potentialAction":[{"@type":"SearchAction","target":{"@type":"EntryPoint","urlTemplate":"https:\/\/www.eldiariodetucuman.com\/web\/?s={search_term_string}"},"query-input":{"@type":"PropertyValueSpecification","valueRequired":true,"valueName":"search_term_string"}}],"inLanguage":"es"},{"@type":"Organization","@id":"https:\/\/www.eldiariodetucuman.com\/web\/#organization","name":"El Diario de Tucuman","url":"https:\/\/www.eldiariodetucuman.com\/web\/","logo":{"@type":"ImageObject","inLanguage":"es","@id":"https:\/\/www.eldiariodetucuman.com\/web\/#\/schema\/logo\/image\/","url":"http:\/\/www.eldiariodetucuman.com\/web\/wp-content\/uploads\/2017\/12\/el-diario-de-tucuman.jpg","contentUrl":"http:\/\/www.eldiariodetucuman.com\/web\/wp-content\/uploads\/2017\/12\/el-diario-de-tucuman.jpg","width":272,"height":92,"caption":"El Diario de Tucuman"},"image":{"@id":"https:\/\/www.eldiariodetucuman.com\/web\/#\/schema\/logo\/image\/"}},{"@type":"Person","@id":"https:\/\/www.eldiariodetucuman.com\/web\/#\/schema\/person\/9250197d75ab5483412e19678b121caa","name":"admin","image":{"@type":"ImageObject","inLanguage":"es","@id":"https:\/\/secure.gravatar.com\/avatar\/c44d117c2be811212c22cb481f6b8384b6873de103fbc49e7a03cc58d7dea4ac?s=96&d=mm&r=g","url":"https:\/\/secure.gravatar.com\/avatar\/c44d117c2be811212c22cb481f6b8384b6873de103fbc49e7a03cc58d7dea4ac?s=96&d=mm&r=g","contentUrl":"https:\/\/secure.gravatar.com\/avatar\/c44d117c2be811212c22cb481f6b8384b6873de103fbc49e7a03cc58d7dea4ac?s=96&d=mm&r=g","caption":"admin"},"url":"https:\/\/www.eldiariodetucuman.com\/web\/author\/admin\/"}]}},"_links":{"self":[{"href":"https:\/\/www.eldiariodetucuman.com\/web\/wp-json\/wp\/v2\/posts\/15763","targetHints":{"allow":["GET"]}}],"collection":[{"href":"https:\/\/www.eldiariodetucuman.com\/web\/wp-json\/wp\/v2\/posts"}],"about":[{"href":"https:\/\/www.eldiariodetucuman.com\/web\/wp-json\/wp\/v2\/types\/post"}],"author":[{"embeddable":true,"href":"https:\/\/www.eldiariodetucuman.com\/web\/wp-json\/wp\/v2\/users\/1"}],"replies":[{"embeddable":true,"href":"https:\/\/www.eldiariodetucuman.com\/web\/wp-json\/wp\/v2\/comments?post=15763"}],"version-history":[{"count":1,"href":"https:\/\/www.eldiariodetucuman.com\/web\/wp-json\/wp\/v2\/posts\/15763\/revisions"}],"predecessor-version":[{"id":15765,"href":"https:\/\/www.eldiariodetucuman.com\/web\/wp-json\/wp\/v2\/posts\/15763\/revisions\/15765"}],"wp:featuredmedia":[{"embeddable":true,"href":"https:\/\/www.eldiariodetucuman.com\/web\/wp-json\/wp\/v2\/media\/15764"}],"wp:attachment":[{"href":"https:\/\/www.eldiariodetucuman.com\/web\/wp-json\/wp\/v2\/media?parent=15763"}],"wp:term":[{"taxonomy":"category","embeddable":true,"href":"https:\/\/www.eldiariodetucuman.com\/web\/wp-json\/wp\/v2\/categories?post=15763"},{"taxonomy":"post_tag","embeddable":true,"href":"https:\/\/www.eldiariodetucuman.com\/web\/wp-json\/wp\/v2\/tags?post=15763"}],"curies":[{"name":"wp","href":"https:\/\/api.w.org\/{rel}","templated":true}]}}