{"id":15751,"date":"2018-08-24T11:42:23","date_gmt":"2018-08-24T14:42:23","guid":{"rendered":"http:\/\/www.eldiariodetucuman.com\/web\/garantizaremos-escuelas-abiertas-libertad-de-trabajo-y-comedores\/"},"modified":"2018-08-24T11:42:25","modified_gmt":"2018-08-24T14:42:25","slug":"garantizaremos-escuelas-abiertas-libertad-de-trabajo-y-comedores","status":"publish","type":"post","link":"https:\/\/www.eldiariodetucuman.com\/web\/garantizaremos-escuelas-abiertas-libertad-de-trabajo-y-comedores\/","title":{"rendered":"\u00abGarantizaremos escuelas abiertas, libertad de trabajo y comedores\u00bb"},"content":{"rendered":"<div>\n<div readability=\"49.274274274274\">\n<p>El ministro de Trabajo de la provincia de Buenos Aires, <a href=\"https:\/\/www.elintransigente.com\/noticias\/buscar\/?buscar=Marcelo+Villegas\">Marcelo Villegas<\/a>, opin\u00f3 sobre el paro docente que convocaron los docentes y lo consider\u00f3 una &#8220;medida descomunal&#8221;.\u00a0\u00abAyer hicimos una propuesta por ocho meses, no anual, del 20,7% y sentarnos en octubre para seguir discutiendo&#8221;, afirm\u00f3 el funcionario oficialista.\u00a0<\/p>\n<p>&#8220;<strong>Tenemos que revisar nuestras proyecciones de recaudaci\u00f3n<\/strong>. No queremos comprometernos a un pago anual y despu\u00e9s no tener el dinero para afrontarlo como hizo <a href=\"https:\/\/www.elintransigente.com\/noticias\/buscar\/?buscar=Daniel+Scioli\">Daniel Scioli<\/a> en el 2015 que le firm\u00f3 al gremio docente un 44% en un a\u00f1o electoral y cuando entreg\u00f3 el mando dej\u00f3 180 millones de pesos en las arcas de la provincia\u00bb, consider\u00f3, en di\u00e1logo con el programa radial de Marcelo Longobardi.\u00a0<\/p>\n<aside class=\"htmlinline \"><ins class=\"adsbygoogle\" data-ad-layout=\"in-article\" data-ad-format=\"fluid\" data-ad-client=\"ca-pub-7781556717282971\" data-ad-slot=\"9383133609\"><\/ins><br \/>\n<\/aside>\n<p>Y remarc\u00f3: &#8220;<strong>Vamos a trabajar para que las escuelas est\u00e9n abiertas<\/strong>. Entre la \u00faltima propuesta que hicimos en julio que fue de 16,7 a esta que significa un 19% al b\u00e1sico a agosto y un 1,7% a material did\u00e1ctico a ocho meses, nos hemos movido much\u00edsimo. Primero por un criterio de realidad porque la econom\u00eda nos ha dado las noticias que nos ha dado y segundo porque la Gobernadora tiene una clara vocaci\u00f3n de resolver el conflicto&#8221;.<\/p>\n<p>Adem\u00e1s, sostuvo que el principal objetivo es que &#8220;<strong>los chicos est\u00e9n en clases<\/strong>\u00ab. \u00abLo cierto es que durante tres d\u00edas la semana que viene la segunda comunidad educativa de Sudam\u00e9rica despu\u00e9s de San Pablo va a estar paralizada. Por eso vamos a trabajar para garantizar tres cosas, en primer lugar la libertad de trabajo porque hay muchos docentes que quieren trabajar\u00bb, afirm\u00f3.\u00a0<\/p>\n<p>Asimismo, aclar\u00f3 que trabajar\u00e1n &#8220;para que las escuelas est\u00e9n abiertas, garantizar la libertad de trabajo y fundamentalmente que los comedores escolares funcionen\u00bb. \u00abPorque <strong>quienes dicen preocuparse por la realidad social de hoy y negaban la pobreza<\/strong>, la inflaci\u00f3n, la indigencia, desconocen que con estas medidas un mill\u00f3n y medio de chiquitos de la provincia de Buenos Aires toman alguna comida en los comedores escolares\u00bb, concluy\u00f3.\u00a0<br \/>\n\u00a0<\/p>\n<\/div>\n<\/div>\n<p>Fuente: https:\/\/www.elintransigente.com\/politica\/2018\/8\/24\/garantizaremos-escuelas-abiertas-libertad-de-trabajo-comedores-507374.html<\/p>\n","protected":false},"excerpt":{"rendered":"<p>El ministro de Trabajo de la provincia de Buenos Aires, Marcelo Villegas, opin\u00f3 sobre el paro docente que convocaron los docentes y lo consider\u00f3 una &#8220;medida descomunal&#8221;.\u00a0\u00abAyer hicimos una propuesta por ocho meses, no anual, del 20,7% y sentarnos en octubre para seguir discutiendo&#8221;, afirm\u00f3 el funcionario oficialista.\u00a0 &#8220;Tenemos que revisar nuestras proyecciones de recaudaci\u00f3n. [&hellip;]<\/p>\n","protected":false},"author":1,"featured_media":15752,"comment_status":"open","ping_status":"closed","sticky":false,"template":"","format":"standard","meta":{"footnotes":""},"categories":[1],"tags":[],"class_list":{"0":"post-15751","1":"post","2":"type-post","3":"status-publish","4":"format-standard","5":"has-post-thumbnail","7":"category-portada"},"yoast_head":"<!-- This site is optimized with the Yoast SEO plugin v27.5 - https:\/\/yoast.com\/product\/yoast-seo-wordpress\/ -->\n<title>&quot;Garantizaremos escuelas abiertas, libertad de trabajo y comedores&quot; - El Diario de Tucuman<\/title>\n<meta name=\"robots\" content=\"index, follow, max-snippet:-1, max-image-preview:large, max-video-preview:-1\" \/>\n<link rel=\"canonical\" href=\"https:\/\/www.eldiariodetucuman.com\/web\/garantizaremos-escuelas-abiertas-libertad-de-trabajo-y-comedores\/\" \/>\n<meta property=\"og:locale\" content=\"es_ES\" \/>\n<meta property=\"og:type\" content=\"article\" \/>\n<meta property=\"og:title\" content=\"&quot;Garantizaremos escuelas abiertas, libertad de trabajo y comedores&quot; - El Diario de Tucuman\" \/>\n<meta property=\"og:description\" content=\"El ministro de Trabajo de la provincia de Buenos Aires, Marcelo Villegas, opin\u00f3 sobre el paro docente que convocaron los docentes y lo consider\u00f3 una &#8220;medida descomunal&#8221;.\u00a0\u00abAyer hicimos una propuesta por ocho meses, no anual, del 20,7% y sentarnos en octubre para seguir discutiendo&#8221;, afirm\u00f3 el funcionario oficialista.\u00a0 &#8220;Tenemos que revisar nuestras proyecciones de recaudaci\u00f3n. [&hellip;]\" \/>\n<meta property=\"og:url\" content=\"https:\/\/www.eldiariodetucuman.com\/web\/garantizaremos-escuelas-abiertas-libertad-de-trabajo-y-comedores\/\" \/>\n<meta property=\"og:site_name\" content=\"El Diario de Tucuman\" \/>\n<meta property=\"article:published_time\" content=\"2018-08-24T14:42:23+00:00\" \/>\n<meta property=\"article:modified_time\" content=\"2018-08-24T14:42:25+00:00\" \/>\n<meta property=\"og:image\" content=\"https:\/\/www.eldiariodetucuman.com\/web\/wp-content\/uploads\/2018\/08\/33f7d01c823a4b09619fd8e53f62ec34.jpeg\" \/>\n\t<meta property=\"og:image:width\" content=\"960\" \/>\n\t<meta property=\"og:image:height\" content=\"720\" \/>\n\t<meta property=\"og:image:type\" content=\"image\/jpeg\" \/>\n<meta name=\"author\" content=\"admin\" \/>\n<meta name=\"twitter:card\" content=\"summary_large_image\" \/>\n<meta name=\"twitter:label1\" content=\"Escrito por\" \/>\n\t<meta name=\"twitter:data1\" content=\"admin\" \/>\n\t<meta name=\"twitter:label2\" content=\"Tiempo de lectura\" \/>\n\t<meta name=\"twitter:data2\" content=\"2 minutos\" \/>\n<script type=\"application\/ld+json\" class=\"yoast-schema-graph\">{\"@context\":\"https:\\\/\\\/schema.org\",\"@graph\":[{\"@type\":\"Article\",\"@id\":\"https:\\\/\\\/www.eldiariodetucuman.com\\\/web\\\/garantizaremos-escuelas-abiertas-libertad-de-trabajo-y-comedores\\\/#article\",\"isPartOf\":{\"@id\":\"https:\\\/\\\/www.eldiariodetucuman.com\\\/web\\\/garantizaremos-escuelas-abiertas-libertad-de-trabajo-y-comedores\\\/\"},\"author\":{\"name\":\"admin\",\"@id\":\"https:\\\/\\\/www.eldiariodetucuman.com\\\/web\\\/#\\\/schema\\\/person\\\/9250197d75ab5483412e19678b121caa\"},\"headline\":\"\u00abGarantizaremos escuelas abiertas, libertad de trabajo y comedores\u00bb\",\"datePublished\":\"2018-08-24T14:42:23+00:00\",\"dateModified\":\"2018-08-24T14:42:25+00:00\",\"mainEntityOfPage\":{\"@id\":\"https:\\\/\\\/www.eldiariodetucuman.com\\\/web\\\/garantizaremos-escuelas-abiertas-libertad-de-trabajo-y-comedores\\\/\"},\"wordCount\":348,\"commentCount\":0,\"publisher\":{\"@id\":\"https:\\\/\\\/www.eldiariodetucuman.com\\\/web\\\/#organization\"},\"image\":{\"@id\":\"https:\\\/\\\/www.eldiariodetucuman.com\\\/web\\\/garantizaremos-escuelas-abiertas-libertad-de-trabajo-y-comedores\\\/#primaryimage\"},\"thumbnailUrl\":\"https:\\\/\\\/www.eldiariodetucuman.com\\\/web\\\/wp-content\\\/uploads\\\/2018\\\/08\\\/33f7d01c823a4b09619fd8e53f62ec34.jpeg\",\"articleSection\":[\"Portada\"],\"inLanguage\":\"es\",\"potentialAction\":[{\"@type\":\"CommentAction\",\"name\":\"Comment\",\"target\":[\"https:\\\/\\\/www.eldiariodetucuman.com\\\/web\\\/garantizaremos-escuelas-abiertas-libertad-de-trabajo-y-comedores\\\/#respond\"]}]},{\"@type\":\"WebPage\",\"@id\":\"https:\\\/\\\/www.eldiariodetucuman.com\\\/web\\\/garantizaremos-escuelas-abiertas-libertad-de-trabajo-y-comedores\\\/\",\"url\":\"https:\\\/\\\/www.eldiariodetucuman.com\\\/web\\\/garantizaremos-escuelas-abiertas-libertad-de-trabajo-y-comedores\\\/\",\"name\":\"\\\"Garantizaremos escuelas abiertas, libertad de trabajo y comedores\\\" - El Diario de Tucuman\",\"isPartOf\":{\"@id\":\"https:\\\/\\\/www.eldiariodetucuman.com\\\/web\\\/#website\"},\"primaryImageOfPage\":{\"@id\":\"https:\\\/\\\/www.eldiariodetucuman.com\\\/web\\\/garantizaremos-escuelas-abiertas-libertad-de-trabajo-y-comedores\\\/#primaryimage\"},\"image\":{\"@id\":\"https:\\\/\\\/www.eldiariodetucuman.com\\\/web\\\/garantizaremos-escuelas-abiertas-libertad-de-trabajo-y-comedores\\\/#primaryimage\"},\"thumbnailUrl\":\"https:\\\/\\\/www.eldiariodetucuman.com\\\/web\\\/wp-content\\\/uploads\\\/2018\\\/08\\\/33f7d01c823a4b09619fd8e53f62ec34.jpeg\",\"datePublished\":\"2018-08-24T14:42:23+00:00\",\"dateModified\":\"2018-08-24T14:42:25+00:00\",\"breadcrumb\":{\"@id\":\"https:\\\/\\\/www.eldiariodetucuman.com\\\/web\\\/garantizaremos-escuelas-abiertas-libertad-de-trabajo-y-comedores\\\/#breadcrumb\"},\"inLanguage\":\"es\",\"potentialAction\":[{\"@type\":\"ReadAction\",\"target\":[\"https:\\\/\\\/www.eldiariodetucuman.com\\\/web\\\/garantizaremos-escuelas-abiertas-libertad-de-trabajo-y-comedores\\\/\"]}]},{\"@type\":\"ImageObject\",\"inLanguage\":\"es\",\"@id\":\"https:\\\/\\\/www.eldiariodetucuman.com\\\/web\\\/garantizaremos-escuelas-abiertas-libertad-de-trabajo-y-comedores\\\/#primaryimage\",\"url\":\"https:\\\/\\\/www.eldiariodetucuman.com\\\/web\\\/wp-content\\\/uploads\\\/2018\\\/08\\\/33f7d01c823a4b09619fd8e53f62ec34.jpeg\",\"contentUrl\":\"https:\\\/\\\/www.eldiariodetucuman.com\\\/web\\\/wp-content\\\/uploads\\\/2018\\\/08\\\/33f7d01c823a4b09619fd8e53f62ec34.jpeg\",\"width\":960,\"height\":720},{\"@type\":\"BreadcrumbList\",\"@id\":\"https:\\\/\\\/www.eldiariodetucuman.com\\\/web\\\/garantizaremos-escuelas-abiertas-libertad-de-trabajo-y-comedores\\\/#breadcrumb\",\"itemListElement\":[{\"@type\":\"ListItem\",\"position\":1,\"name\":\"Portada\",\"item\":\"https:\\\/\\\/www.eldiariodetucuman.com\\\/web\\\/\"},{\"@type\":\"ListItem\",\"position\":2,\"name\":\"\u00abGarantizaremos escuelas abiertas, libertad de trabajo y comedores\u00bb\"}]},{\"@type\":\"WebSite\",\"@id\":\"https:\\\/\\\/www.eldiariodetucuman.com\\\/web\\\/#website\",\"url\":\"https:\\\/\\\/www.eldiariodetucuman.com\\\/web\\\/\",\"name\":\"El Diario de Tucuman\",\"description\":\"Diario Tucuman - Informaci\u00f3n y noticias\",\"publisher\":{\"@id\":\"https:\\\/\\\/www.eldiariodetucuman.com\\\/web\\\/#organization\"},\"potentialAction\":[{\"@type\":\"SearchAction\",\"target\":{\"@type\":\"EntryPoint\",\"urlTemplate\":\"https:\\\/\\\/www.eldiariodetucuman.com\\\/web\\\/?s={search_term_string}\"},\"query-input\":{\"@type\":\"PropertyValueSpecification\",\"valueRequired\":true,\"valueName\":\"search_term_string\"}}],\"inLanguage\":\"es\"},{\"@type\":\"Organization\",\"@id\":\"https:\\\/\\\/www.eldiariodetucuman.com\\\/web\\\/#organization\",\"name\":\"El Diario de Tucuman\",\"url\":\"https:\\\/\\\/www.eldiariodetucuman.com\\\/web\\\/\",\"logo\":{\"@type\":\"ImageObject\",\"inLanguage\":\"es\",\"@id\":\"https:\\\/\\\/www.eldiariodetucuman.com\\\/web\\\/#\\\/schema\\\/logo\\\/image\\\/\",\"url\":\"http:\\\/\\\/www.eldiariodetucuman.com\\\/web\\\/wp-content\\\/uploads\\\/2017\\\/12\\\/el-diario-de-tucuman.jpg\",\"contentUrl\":\"http:\\\/\\\/www.eldiariodetucuman.com\\\/web\\\/wp-content\\\/uploads\\\/2017\\\/12\\\/el-diario-de-tucuman.jpg\",\"width\":272,\"height\":92,\"caption\":\"El Diario de Tucuman\"},\"image\":{\"@id\":\"https:\\\/\\\/www.eldiariodetucuman.com\\\/web\\\/#\\\/schema\\\/logo\\\/image\\\/\"}},{\"@type\":\"Person\",\"@id\":\"https:\\\/\\\/www.eldiariodetucuman.com\\\/web\\\/#\\\/schema\\\/person\\\/9250197d75ab5483412e19678b121caa\",\"name\":\"admin\",\"image\":{\"@type\":\"ImageObject\",\"inLanguage\":\"es\",\"@id\":\"https:\\\/\\\/secure.gravatar.com\\\/avatar\\\/c44d117c2be811212c22cb481f6b8384b6873de103fbc49e7a03cc58d7dea4ac?s=96&d=mm&r=g\",\"url\":\"https:\\\/\\\/secure.gravatar.com\\\/avatar\\\/c44d117c2be811212c22cb481f6b8384b6873de103fbc49e7a03cc58d7dea4ac?s=96&d=mm&r=g\",\"contentUrl\":\"https:\\\/\\\/secure.gravatar.com\\\/avatar\\\/c44d117c2be811212c22cb481f6b8384b6873de103fbc49e7a03cc58d7dea4ac?s=96&d=mm&r=g\",\"caption\":\"admin\"},\"url\":\"https:\\\/\\\/www.eldiariodetucuman.com\\\/web\\\/author\\\/admin\\\/\"}]}<\/script>\n<!-- \/ Yoast SEO plugin. -->","yoast_head_json":{"title":"\"Garantizaremos escuelas abiertas, libertad de trabajo y comedores\" - El Diario de Tucuman","robots":{"index":"index","follow":"follow","max-snippet":"max-snippet:-1","max-image-preview":"max-image-preview:large","max-video-preview":"max-video-preview:-1"},"canonical":"https:\/\/www.eldiariodetucuman.com\/web\/garantizaremos-escuelas-abiertas-libertad-de-trabajo-y-comedores\/","og_locale":"es_ES","og_type":"article","og_title":"\"Garantizaremos escuelas abiertas, libertad de trabajo y comedores\" - El Diario de Tucuman","og_description":"El ministro de Trabajo de la provincia de Buenos Aires, Marcelo Villegas, opin\u00f3 sobre el paro docente que convocaron los docentes y lo consider\u00f3 una &#8220;medida descomunal&#8221;.\u00a0\u00abAyer hicimos una propuesta por ocho meses, no anual, del 20,7% y sentarnos en octubre para seguir discutiendo&#8221;, afirm\u00f3 el funcionario oficialista.\u00a0 &#8220;Tenemos que revisar nuestras proyecciones de recaudaci\u00f3n. [&hellip;]","og_url":"https:\/\/www.eldiariodetucuman.com\/web\/garantizaremos-escuelas-abiertas-libertad-de-trabajo-y-comedores\/","og_site_name":"El Diario de Tucuman","article_published_time":"2018-08-24T14:42:23+00:00","article_modified_time":"2018-08-24T14:42:25+00:00","og_image":[{"width":960,"height":720,"url":"https:\/\/www.eldiariodetucuman.com\/web\/wp-content\/uploads\/2018\/08\/33f7d01c823a4b09619fd8e53f62ec34.jpeg","type":"image\/jpeg"}],"author":"admin","twitter_card":"summary_large_image","twitter_misc":{"Escrito por":"admin","Tiempo de lectura":"2 minutos"},"schema":{"@context":"https:\/\/schema.org","@graph":[{"@type":"Article","@id":"https:\/\/www.eldiariodetucuman.com\/web\/garantizaremos-escuelas-abiertas-libertad-de-trabajo-y-comedores\/#article","isPartOf":{"@id":"https:\/\/www.eldiariodetucuman.com\/web\/garantizaremos-escuelas-abiertas-libertad-de-trabajo-y-comedores\/"},"author":{"name":"admin","@id":"https:\/\/www.eldiariodetucuman.com\/web\/#\/schema\/person\/9250197d75ab5483412e19678b121caa"},"headline":"\u00abGarantizaremos escuelas abiertas, libertad de trabajo y comedores\u00bb","datePublished":"2018-08-24T14:42:23+00:00","dateModified":"2018-08-24T14:42:25+00:00","mainEntityOfPage":{"@id":"https:\/\/www.eldiariodetucuman.com\/web\/garantizaremos-escuelas-abiertas-libertad-de-trabajo-y-comedores\/"},"wordCount":348,"commentCount":0,"publisher":{"@id":"https:\/\/www.eldiariodetucuman.com\/web\/#organization"},"image":{"@id":"https:\/\/www.eldiariodetucuman.com\/web\/garantizaremos-escuelas-abiertas-libertad-de-trabajo-y-comedores\/#primaryimage"},"thumbnailUrl":"https:\/\/www.eldiariodetucuman.com\/web\/wp-content\/uploads\/2018\/08\/33f7d01c823a4b09619fd8e53f62ec34.jpeg","articleSection":["Portada"],"inLanguage":"es","potentialAction":[{"@type":"CommentAction","name":"Comment","target":["https:\/\/www.eldiariodetucuman.com\/web\/garantizaremos-escuelas-abiertas-libertad-de-trabajo-y-comedores\/#respond"]}]},{"@type":"WebPage","@id":"https:\/\/www.eldiariodetucuman.com\/web\/garantizaremos-escuelas-abiertas-libertad-de-trabajo-y-comedores\/","url":"https:\/\/www.eldiariodetucuman.com\/web\/garantizaremos-escuelas-abiertas-libertad-de-trabajo-y-comedores\/","name":"\"Garantizaremos escuelas abiertas, libertad de trabajo y comedores\" - El Diario de Tucuman","isPartOf":{"@id":"https:\/\/www.eldiariodetucuman.com\/web\/#website"},"primaryImageOfPage":{"@id":"https:\/\/www.eldiariodetucuman.com\/web\/garantizaremos-escuelas-abiertas-libertad-de-trabajo-y-comedores\/#primaryimage"},"image":{"@id":"https:\/\/www.eldiariodetucuman.com\/web\/garantizaremos-escuelas-abiertas-libertad-de-trabajo-y-comedores\/#primaryimage"},"thumbnailUrl":"https:\/\/www.eldiariodetucuman.com\/web\/wp-content\/uploads\/2018\/08\/33f7d01c823a4b09619fd8e53f62ec34.jpeg","datePublished":"2018-08-24T14:42:23+00:00","dateModified":"2018-08-24T14:42:25+00:00","breadcrumb":{"@id":"https:\/\/www.eldiariodetucuman.com\/web\/garantizaremos-escuelas-abiertas-libertad-de-trabajo-y-comedores\/#breadcrumb"},"inLanguage":"es","potentialAction":[{"@type":"ReadAction","target":["https:\/\/www.eldiariodetucuman.com\/web\/garantizaremos-escuelas-abiertas-libertad-de-trabajo-y-comedores\/"]}]},{"@type":"ImageObject","inLanguage":"es","@id":"https:\/\/www.eldiariodetucuman.com\/web\/garantizaremos-escuelas-abiertas-libertad-de-trabajo-y-comedores\/#primaryimage","url":"https:\/\/www.eldiariodetucuman.com\/web\/wp-content\/uploads\/2018\/08\/33f7d01c823a4b09619fd8e53f62ec34.jpeg","contentUrl":"https:\/\/www.eldiariodetucuman.com\/web\/wp-content\/uploads\/2018\/08\/33f7d01c823a4b09619fd8e53f62ec34.jpeg","width":960,"height":720},{"@type":"BreadcrumbList","@id":"https:\/\/www.eldiariodetucuman.com\/web\/garantizaremos-escuelas-abiertas-libertad-de-trabajo-y-comedores\/#breadcrumb","itemListElement":[{"@type":"ListItem","position":1,"name":"Portada","item":"https:\/\/www.eldiariodetucuman.com\/web\/"},{"@type":"ListItem","position":2,"name":"\u00abGarantizaremos escuelas abiertas, libertad de trabajo y comedores\u00bb"}]},{"@type":"WebSite","@id":"https:\/\/www.eldiariodetucuman.com\/web\/#website","url":"https:\/\/www.eldiariodetucuman.com\/web\/","name":"El Diario de Tucuman","description":"Diario Tucuman - Informaci\u00f3n y noticias","publisher":{"@id":"https:\/\/www.eldiariodetucuman.com\/web\/#organization"},"potentialAction":[{"@type":"SearchAction","target":{"@type":"EntryPoint","urlTemplate":"https:\/\/www.eldiariodetucuman.com\/web\/?s={search_term_string}"},"query-input":{"@type":"PropertyValueSpecification","valueRequired":true,"valueName":"search_term_string"}}],"inLanguage":"es"},{"@type":"Organization","@id":"https:\/\/www.eldiariodetucuman.com\/web\/#organization","name":"El Diario de Tucuman","url":"https:\/\/www.eldiariodetucuman.com\/web\/","logo":{"@type":"ImageObject","inLanguage":"es","@id":"https:\/\/www.eldiariodetucuman.com\/web\/#\/schema\/logo\/image\/","url":"http:\/\/www.eldiariodetucuman.com\/web\/wp-content\/uploads\/2017\/12\/el-diario-de-tucuman.jpg","contentUrl":"http:\/\/www.eldiariodetucuman.com\/web\/wp-content\/uploads\/2017\/12\/el-diario-de-tucuman.jpg","width":272,"height":92,"caption":"El Diario de Tucuman"},"image":{"@id":"https:\/\/www.eldiariodetucuman.com\/web\/#\/schema\/logo\/image\/"}},{"@type":"Person","@id":"https:\/\/www.eldiariodetucuman.com\/web\/#\/schema\/person\/9250197d75ab5483412e19678b121caa","name":"admin","image":{"@type":"ImageObject","inLanguage":"es","@id":"https:\/\/secure.gravatar.com\/avatar\/c44d117c2be811212c22cb481f6b8384b6873de103fbc49e7a03cc58d7dea4ac?s=96&d=mm&r=g","url":"https:\/\/secure.gravatar.com\/avatar\/c44d117c2be811212c22cb481f6b8384b6873de103fbc49e7a03cc58d7dea4ac?s=96&d=mm&r=g","contentUrl":"https:\/\/secure.gravatar.com\/avatar\/c44d117c2be811212c22cb481f6b8384b6873de103fbc49e7a03cc58d7dea4ac?s=96&d=mm&r=g","caption":"admin"},"url":"https:\/\/www.eldiariodetucuman.com\/web\/author\/admin\/"}]}},"_links":{"self":[{"href":"https:\/\/www.eldiariodetucuman.com\/web\/wp-json\/wp\/v2\/posts\/15751","targetHints":{"allow":["GET"]}}],"collection":[{"href":"https:\/\/www.eldiariodetucuman.com\/web\/wp-json\/wp\/v2\/posts"}],"about":[{"href":"https:\/\/www.eldiariodetucuman.com\/web\/wp-json\/wp\/v2\/types\/post"}],"author":[{"embeddable":true,"href":"https:\/\/www.eldiariodetucuman.com\/web\/wp-json\/wp\/v2\/users\/1"}],"replies":[{"embeddable":true,"href":"https:\/\/www.eldiariodetucuman.com\/web\/wp-json\/wp\/v2\/comments?post=15751"}],"version-history":[{"count":1,"href":"https:\/\/www.eldiariodetucuman.com\/web\/wp-json\/wp\/v2\/posts\/15751\/revisions"}],"predecessor-version":[{"id":15753,"href":"https:\/\/www.eldiariodetucuman.com\/web\/wp-json\/wp\/v2\/posts\/15751\/revisions\/15753"}],"wp:featuredmedia":[{"embeddable":true,"href":"https:\/\/www.eldiariodetucuman.com\/web\/wp-json\/wp\/v2\/media\/15752"}],"wp:attachment":[{"href":"https:\/\/www.eldiariodetucuman.com\/web\/wp-json\/wp\/v2\/media?parent=15751"}],"wp:term":[{"taxonomy":"category","embeddable":true,"href":"https:\/\/www.eldiariodetucuman.com\/web\/wp-json\/wp\/v2\/categories?post=15751"},{"taxonomy":"post_tag","embeddable":true,"href":"https:\/\/www.eldiariodetucuman.com\/web\/wp-json\/wp\/v2\/tags?post=15751"}],"curies":[{"name":"wp","href":"https:\/\/api.w.org\/{rel}","templated":true}]}}