{"id":15748,"date":"2018-08-24T11:42:15","date_gmt":"2018-08-24T14:42:15","guid":{"rendered":"http:\/\/www.eldiariodetucuman.com\/web\/presupuesto-estamos-en-pleno-proceso-de-negociacion-con-la-oposicion\/"},"modified":"2018-08-24T11:42:17","modified_gmt":"2018-08-24T14:42:17","slug":"presupuesto-estamos-en-pleno-proceso-de-negociacion-con-la-oposicion","status":"publish","type":"post","link":"https:\/\/www.eldiariodetucuman.com\/web\/presupuesto-estamos-en-pleno-proceso-de-negociacion-con-la-oposicion\/","title":{"rendered":"Presupuesto: \u00abEstamos en pleno proceso de negociaci\u00f3n con la oposici\u00f3n\u00bb"},"content":{"rendered":"<div>\n<div readability=\"44.903575297941\">\n<p>Despu\u00e9s del descontento por parte de las provincias por la eliminaci\u00f3n del Fondo Solidario que\u00a0 sal\u00eda del Fondo Federal Sojero, el ministro del Interior, Rogelio Frigerio augura que tras las reuniones pactadas, <strong>se puede llegar a un <a href=\"https:\/\/www.elintransigente.com\/politica\/2018\/8\/23\/hay-que-trabajar-para-que-las-obras-no-queden-mitad-de-camino-507212.html\">acuerdo con los gobernadores<\/a> para el <a href=\"https:\/\/www.elintransigente.com\/economia\/2018\/8\/23\/pena-aseguro-que-se-esta-avanzando-para-acordar-las-pautas-del-presupuesto-507186.html\">Presupuesto 2019<\/a> de las provincias.<\/strong><\/p>\n<p>&#8220;Estamos en pleno proceso de negociaci\u00f3n con la oposici\u00f3n&#8221;, se\u00f1al\u00f3 e ministro en entrevistas radiales y \u00a0asegur\u00f3 que<strong> &#8220;vamos a llegar a una cuerdo&#8221;<\/strong> para las pr\u00f3ximas semanas cuando se deba presentar el presupuesto. Agreg\u00f3 que hay sectores de la oposici\u00f3n que est\u00e1n<strong> &#8220;comprendiendo y acompa\u00f1ando&#8221;<\/strong> ante la &#8220;situaci\u00f3n dif\u00edcil&#8221; del pa\u00eds.<\/p>\n<aside class=\"htmlinline \"><ins class=\"adsbygoogle\" data-ad-layout=\"in-article\" data-ad-format=\"fluid\" data-ad-client=\"ca-pub-7781556717282971\" data-ad-slot=\"9383133609\"><\/ins><br \/>\n<\/aside>\n<p>Siguiendo la l\u00ednea optimista, Frigerio remarc\u00f3 que van a &#8220;mostrarle al mundo que, no solamente el presidente y su equipo, sino que todos los que tenemos responsabilidad en la cosa p\u00fablica estamos de acuerdo&#8221;.<\/p>\n<p>&#8220;Ya no tenemos que discutir que tenemos que llegar al equilibrio de las cuentas p\u00fablicas&#8221;, record\u00f3 el ministro y se\u00f1al\u00f3 que <strong>&#8220;la Argentina tiene que volver a crecer&#8221;<\/strong> en parte porque &#8220;la aprobaci\u00f3n del presupuesto va a significar la recuperaci\u00f3n de la confianza de los mercados&#8221;.<\/p>\n<p><strong>&#8220;El mundo se cans\u00f3 de prestarnos&#8221;<\/strong>, sentenci\u00f3 Frigerio y se\u00f1al\u00f3 que fue por eso que &#8220;recurrimos al Fondo Monetario Internacional (FMI)&#8221;. <strong>&#8220;Nunca sabemos lo que le alcanza a los mercados, pero nosotros tenemos que hacer lo que tenemos que hacer, que es ir hacia el equilibrio de las cuentas p\u00fablicas. Eso va a resolver la inflaci\u00f3n&#8221;<\/strong>, afirm\u00f3 por \u00faltimo.<\/p>\n<p>Pese a la actitud esperanzadora del Gobierno, algunos sectores opositores junto con la CGT y el senador Miguel Pichetto contin\u00faan con sus reuniones para avanzar en un amparo legal que frene la eliminaci\u00f3n del Fondo Solidario que representaba un gran ingreso para los municipios m\u00e1s vulnerables de las provincias.<\/p>\n<\/div>\n<\/div>\n<p>Fuente: https:\/\/www.elintransigente.com\/politica\/2018\/8\/24\/presupuesto-estamos-en-pleno-proceso-de-negociacion-con-la-oposicion-507389.html<\/p>\n","protected":false},"excerpt":{"rendered":"<p>Despu\u00e9s del descontento por parte de las provincias por la eliminaci\u00f3n del Fondo Solidario que\u00a0 sal\u00eda del Fondo Federal Sojero, el ministro del Interior, Rogelio Frigerio augura que tras las reuniones pactadas, se puede llegar a un acuerdo con los gobernadores para el Presupuesto 2019 de las provincias. &#8220;Estamos en pleno proceso de negociaci\u00f3n con [&hellip;]<\/p>\n","protected":false},"author":1,"featured_media":15749,"comment_status":"open","ping_status":"closed","sticky":false,"template":"","format":"standard","meta":{"footnotes":""},"categories":[1],"tags":[],"class_list":{"0":"post-15748","1":"post","2":"type-post","3":"status-publish","4":"format-standard","5":"has-post-thumbnail","7":"category-portada"},"yoast_head":"<!-- This site is optimized with the Yoast SEO plugin v27.5 - https:\/\/yoast.com\/product\/yoast-seo-wordpress\/ -->\n<title>Presupuesto: &quot;Estamos en pleno proceso de negociaci\u00f3n con la oposici\u00f3n&quot; - El Diario de Tucuman<\/title>\n<meta name=\"robots\" content=\"index, follow, max-snippet:-1, max-image-preview:large, max-video-preview:-1\" \/>\n<link rel=\"canonical\" href=\"https:\/\/www.eldiariodetucuman.com\/web\/presupuesto-estamos-en-pleno-proceso-de-negociacion-con-la-oposicion\/\" \/>\n<meta property=\"og:locale\" content=\"es_ES\" \/>\n<meta property=\"og:type\" content=\"article\" \/>\n<meta property=\"og:title\" content=\"Presupuesto: &quot;Estamos en pleno proceso de negociaci\u00f3n con la oposici\u00f3n&quot; - El Diario de Tucuman\" \/>\n<meta property=\"og:description\" content=\"Despu\u00e9s del descontento por parte de las provincias por la eliminaci\u00f3n del Fondo Solidario que\u00a0 sal\u00eda del Fondo Federal Sojero, el ministro del Interior, Rogelio Frigerio augura que tras las reuniones pactadas, se puede llegar a un acuerdo con los gobernadores para el Presupuesto 2019 de las provincias. &#8220;Estamos en pleno proceso de negociaci\u00f3n con [&hellip;]\" \/>\n<meta property=\"og:url\" content=\"https:\/\/www.eldiariodetucuman.com\/web\/presupuesto-estamos-en-pleno-proceso-de-negociacion-con-la-oposicion\/\" \/>\n<meta property=\"og:site_name\" content=\"El Diario de Tucuman\" \/>\n<meta property=\"article:published_time\" content=\"2018-08-24T14:42:15+00:00\" \/>\n<meta property=\"article:modified_time\" content=\"2018-08-24T14:42:17+00:00\" \/>\n<meta property=\"og:image\" content=\"https:\/\/www.eldiariodetucuman.com\/web\/wp-content\/uploads\/2018\/08\/098288246e429a6757625309181fd4ae.jpeg\" \/>\n\t<meta property=\"og:image:width\" content=\"960\" \/>\n\t<meta property=\"og:image:height\" content=\"536\" \/>\n\t<meta property=\"og:image:type\" content=\"image\/jpeg\" \/>\n<meta name=\"author\" content=\"admin\" \/>\n<meta name=\"twitter:card\" content=\"summary_large_image\" \/>\n<meta name=\"twitter:label1\" content=\"Escrito por\" \/>\n\t<meta name=\"twitter:data1\" content=\"admin\" \/>\n\t<meta name=\"twitter:label2\" content=\"Tiempo de lectura\" \/>\n\t<meta name=\"twitter:data2\" content=\"2 minutos\" \/>\n<script type=\"application\/ld+json\" class=\"yoast-schema-graph\">{\"@context\":\"https:\\\/\\\/schema.org\",\"@graph\":[{\"@type\":\"Article\",\"@id\":\"https:\\\/\\\/www.eldiariodetucuman.com\\\/web\\\/presupuesto-estamos-en-pleno-proceso-de-negociacion-con-la-oposicion\\\/#article\",\"isPartOf\":{\"@id\":\"https:\\\/\\\/www.eldiariodetucuman.com\\\/web\\\/presupuesto-estamos-en-pleno-proceso-de-negociacion-con-la-oposicion\\\/\"},\"author\":{\"name\":\"admin\",\"@id\":\"https:\\\/\\\/www.eldiariodetucuman.com\\\/web\\\/#\\\/schema\\\/person\\\/9250197d75ab5483412e19678b121caa\"},\"headline\":\"Presupuesto: \u00abEstamos en pleno proceso de negociaci\u00f3n con la oposici\u00f3n\u00bb\",\"datePublished\":\"2018-08-24T14:42:15+00:00\",\"dateModified\":\"2018-08-24T14:42:17+00:00\",\"mainEntityOfPage\":{\"@id\":\"https:\\\/\\\/www.eldiariodetucuman.com\\\/web\\\/presupuesto-estamos-en-pleno-proceso-de-negociacion-con-la-oposicion\\\/\"},\"wordCount\":332,\"commentCount\":0,\"publisher\":{\"@id\":\"https:\\\/\\\/www.eldiariodetucuman.com\\\/web\\\/#organization\"},\"image\":{\"@id\":\"https:\\\/\\\/www.eldiariodetucuman.com\\\/web\\\/presupuesto-estamos-en-pleno-proceso-de-negociacion-con-la-oposicion\\\/#primaryimage\"},\"thumbnailUrl\":\"https:\\\/\\\/www.eldiariodetucuman.com\\\/web\\\/wp-content\\\/uploads\\\/2018\\\/08\\\/098288246e429a6757625309181fd4ae.jpeg\",\"articleSection\":[\"Portada\"],\"inLanguage\":\"es\",\"potentialAction\":[{\"@type\":\"CommentAction\",\"name\":\"Comment\",\"target\":[\"https:\\\/\\\/www.eldiariodetucuman.com\\\/web\\\/presupuesto-estamos-en-pleno-proceso-de-negociacion-con-la-oposicion\\\/#respond\"]}]},{\"@type\":\"WebPage\",\"@id\":\"https:\\\/\\\/www.eldiariodetucuman.com\\\/web\\\/presupuesto-estamos-en-pleno-proceso-de-negociacion-con-la-oposicion\\\/\",\"url\":\"https:\\\/\\\/www.eldiariodetucuman.com\\\/web\\\/presupuesto-estamos-en-pleno-proceso-de-negociacion-con-la-oposicion\\\/\",\"name\":\"Presupuesto: \\\"Estamos en pleno proceso de negociaci\u00f3n con la oposici\u00f3n\\\" - El Diario de Tucuman\",\"isPartOf\":{\"@id\":\"https:\\\/\\\/www.eldiariodetucuman.com\\\/web\\\/#website\"},\"primaryImageOfPage\":{\"@id\":\"https:\\\/\\\/www.eldiariodetucuman.com\\\/web\\\/presupuesto-estamos-en-pleno-proceso-de-negociacion-con-la-oposicion\\\/#primaryimage\"},\"image\":{\"@id\":\"https:\\\/\\\/www.eldiariodetucuman.com\\\/web\\\/presupuesto-estamos-en-pleno-proceso-de-negociacion-con-la-oposicion\\\/#primaryimage\"},\"thumbnailUrl\":\"https:\\\/\\\/www.eldiariodetucuman.com\\\/web\\\/wp-content\\\/uploads\\\/2018\\\/08\\\/098288246e429a6757625309181fd4ae.jpeg\",\"datePublished\":\"2018-08-24T14:42:15+00:00\",\"dateModified\":\"2018-08-24T14:42:17+00:00\",\"breadcrumb\":{\"@id\":\"https:\\\/\\\/www.eldiariodetucuman.com\\\/web\\\/presupuesto-estamos-en-pleno-proceso-de-negociacion-con-la-oposicion\\\/#breadcrumb\"},\"inLanguage\":\"es\",\"potentialAction\":[{\"@type\":\"ReadAction\",\"target\":[\"https:\\\/\\\/www.eldiariodetucuman.com\\\/web\\\/presupuesto-estamos-en-pleno-proceso-de-negociacion-con-la-oposicion\\\/\"]}]},{\"@type\":\"ImageObject\",\"inLanguage\":\"es\",\"@id\":\"https:\\\/\\\/www.eldiariodetucuman.com\\\/web\\\/presupuesto-estamos-en-pleno-proceso-de-negociacion-con-la-oposicion\\\/#primaryimage\",\"url\":\"https:\\\/\\\/www.eldiariodetucuman.com\\\/web\\\/wp-content\\\/uploads\\\/2018\\\/08\\\/098288246e429a6757625309181fd4ae.jpeg\",\"contentUrl\":\"https:\\\/\\\/www.eldiariodetucuman.com\\\/web\\\/wp-content\\\/uploads\\\/2018\\\/08\\\/098288246e429a6757625309181fd4ae.jpeg\",\"width\":960,\"height\":536},{\"@type\":\"BreadcrumbList\",\"@id\":\"https:\\\/\\\/www.eldiariodetucuman.com\\\/web\\\/presupuesto-estamos-en-pleno-proceso-de-negociacion-con-la-oposicion\\\/#breadcrumb\",\"itemListElement\":[{\"@type\":\"ListItem\",\"position\":1,\"name\":\"Portada\",\"item\":\"https:\\\/\\\/www.eldiariodetucuman.com\\\/web\\\/\"},{\"@type\":\"ListItem\",\"position\":2,\"name\":\"Presupuesto: \u00abEstamos en pleno proceso de negociaci\u00f3n con la oposici\u00f3n\u00bb\"}]},{\"@type\":\"WebSite\",\"@id\":\"https:\\\/\\\/www.eldiariodetucuman.com\\\/web\\\/#website\",\"url\":\"https:\\\/\\\/www.eldiariodetucuman.com\\\/web\\\/\",\"name\":\"El Diario de Tucuman\",\"description\":\"Diario Tucuman - Informaci\u00f3n y noticias\",\"publisher\":{\"@id\":\"https:\\\/\\\/www.eldiariodetucuman.com\\\/web\\\/#organization\"},\"potentialAction\":[{\"@type\":\"SearchAction\",\"target\":{\"@type\":\"EntryPoint\",\"urlTemplate\":\"https:\\\/\\\/www.eldiariodetucuman.com\\\/web\\\/?s={search_term_string}\"},\"query-input\":{\"@type\":\"PropertyValueSpecification\",\"valueRequired\":true,\"valueName\":\"search_term_string\"}}],\"inLanguage\":\"es\"},{\"@type\":\"Organization\",\"@id\":\"https:\\\/\\\/www.eldiariodetucuman.com\\\/web\\\/#organization\",\"name\":\"El Diario de Tucuman\",\"url\":\"https:\\\/\\\/www.eldiariodetucuman.com\\\/web\\\/\",\"logo\":{\"@type\":\"ImageObject\",\"inLanguage\":\"es\",\"@id\":\"https:\\\/\\\/www.eldiariodetucuman.com\\\/web\\\/#\\\/schema\\\/logo\\\/image\\\/\",\"url\":\"http:\\\/\\\/www.eldiariodetucuman.com\\\/web\\\/wp-content\\\/uploads\\\/2017\\\/12\\\/el-diario-de-tucuman.jpg\",\"contentUrl\":\"http:\\\/\\\/www.eldiariodetucuman.com\\\/web\\\/wp-content\\\/uploads\\\/2017\\\/12\\\/el-diario-de-tucuman.jpg\",\"width\":272,\"height\":92,\"caption\":\"El Diario de Tucuman\"},\"image\":{\"@id\":\"https:\\\/\\\/www.eldiariodetucuman.com\\\/web\\\/#\\\/schema\\\/logo\\\/image\\\/\"}},{\"@type\":\"Person\",\"@id\":\"https:\\\/\\\/www.eldiariodetucuman.com\\\/web\\\/#\\\/schema\\\/person\\\/9250197d75ab5483412e19678b121caa\",\"name\":\"admin\",\"image\":{\"@type\":\"ImageObject\",\"inLanguage\":\"es\",\"@id\":\"https:\\\/\\\/secure.gravatar.com\\\/avatar\\\/c44d117c2be811212c22cb481f6b8384b6873de103fbc49e7a03cc58d7dea4ac?s=96&d=mm&r=g\",\"url\":\"https:\\\/\\\/secure.gravatar.com\\\/avatar\\\/c44d117c2be811212c22cb481f6b8384b6873de103fbc49e7a03cc58d7dea4ac?s=96&d=mm&r=g\",\"contentUrl\":\"https:\\\/\\\/secure.gravatar.com\\\/avatar\\\/c44d117c2be811212c22cb481f6b8384b6873de103fbc49e7a03cc58d7dea4ac?s=96&d=mm&r=g\",\"caption\":\"admin\"},\"url\":\"https:\\\/\\\/www.eldiariodetucuman.com\\\/web\\\/author\\\/admin\\\/\"}]}<\/script>\n<!-- \/ Yoast SEO plugin. -->","yoast_head_json":{"title":"Presupuesto: \"Estamos en pleno proceso de negociaci\u00f3n con la oposici\u00f3n\" - El Diario de Tucuman","robots":{"index":"index","follow":"follow","max-snippet":"max-snippet:-1","max-image-preview":"max-image-preview:large","max-video-preview":"max-video-preview:-1"},"canonical":"https:\/\/www.eldiariodetucuman.com\/web\/presupuesto-estamos-en-pleno-proceso-de-negociacion-con-la-oposicion\/","og_locale":"es_ES","og_type":"article","og_title":"Presupuesto: \"Estamos en pleno proceso de negociaci\u00f3n con la oposici\u00f3n\" - El Diario de Tucuman","og_description":"Despu\u00e9s del descontento por parte de las provincias por la eliminaci\u00f3n del Fondo Solidario que\u00a0 sal\u00eda del Fondo Federal Sojero, el ministro del Interior, Rogelio Frigerio augura que tras las reuniones pactadas, se puede llegar a un acuerdo con los gobernadores para el Presupuesto 2019 de las provincias. &#8220;Estamos en pleno proceso de negociaci\u00f3n con [&hellip;]","og_url":"https:\/\/www.eldiariodetucuman.com\/web\/presupuesto-estamos-en-pleno-proceso-de-negociacion-con-la-oposicion\/","og_site_name":"El Diario de Tucuman","article_published_time":"2018-08-24T14:42:15+00:00","article_modified_time":"2018-08-24T14:42:17+00:00","og_image":[{"width":960,"height":536,"url":"https:\/\/www.eldiariodetucuman.com\/web\/wp-content\/uploads\/2018\/08\/098288246e429a6757625309181fd4ae.jpeg","type":"image\/jpeg"}],"author":"admin","twitter_card":"summary_large_image","twitter_misc":{"Escrito por":"admin","Tiempo de lectura":"2 minutos"},"schema":{"@context":"https:\/\/schema.org","@graph":[{"@type":"Article","@id":"https:\/\/www.eldiariodetucuman.com\/web\/presupuesto-estamos-en-pleno-proceso-de-negociacion-con-la-oposicion\/#article","isPartOf":{"@id":"https:\/\/www.eldiariodetucuman.com\/web\/presupuesto-estamos-en-pleno-proceso-de-negociacion-con-la-oposicion\/"},"author":{"name":"admin","@id":"https:\/\/www.eldiariodetucuman.com\/web\/#\/schema\/person\/9250197d75ab5483412e19678b121caa"},"headline":"Presupuesto: \u00abEstamos en pleno proceso de negociaci\u00f3n con la oposici\u00f3n\u00bb","datePublished":"2018-08-24T14:42:15+00:00","dateModified":"2018-08-24T14:42:17+00:00","mainEntityOfPage":{"@id":"https:\/\/www.eldiariodetucuman.com\/web\/presupuesto-estamos-en-pleno-proceso-de-negociacion-con-la-oposicion\/"},"wordCount":332,"commentCount":0,"publisher":{"@id":"https:\/\/www.eldiariodetucuman.com\/web\/#organization"},"image":{"@id":"https:\/\/www.eldiariodetucuman.com\/web\/presupuesto-estamos-en-pleno-proceso-de-negociacion-con-la-oposicion\/#primaryimage"},"thumbnailUrl":"https:\/\/www.eldiariodetucuman.com\/web\/wp-content\/uploads\/2018\/08\/098288246e429a6757625309181fd4ae.jpeg","articleSection":["Portada"],"inLanguage":"es","potentialAction":[{"@type":"CommentAction","name":"Comment","target":["https:\/\/www.eldiariodetucuman.com\/web\/presupuesto-estamos-en-pleno-proceso-de-negociacion-con-la-oposicion\/#respond"]}]},{"@type":"WebPage","@id":"https:\/\/www.eldiariodetucuman.com\/web\/presupuesto-estamos-en-pleno-proceso-de-negociacion-con-la-oposicion\/","url":"https:\/\/www.eldiariodetucuman.com\/web\/presupuesto-estamos-en-pleno-proceso-de-negociacion-con-la-oposicion\/","name":"Presupuesto: \"Estamos en pleno proceso de negociaci\u00f3n con la oposici\u00f3n\" - El Diario de Tucuman","isPartOf":{"@id":"https:\/\/www.eldiariodetucuman.com\/web\/#website"},"primaryImageOfPage":{"@id":"https:\/\/www.eldiariodetucuman.com\/web\/presupuesto-estamos-en-pleno-proceso-de-negociacion-con-la-oposicion\/#primaryimage"},"image":{"@id":"https:\/\/www.eldiariodetucuman.com\/web\/presupuesto-estamos-en-pleno-proceso-de-negociacion-con-la-oposicion\/#primaryimage"},"thumbnailUrl":"https:\/\/www.eldiariodetucuman.com\/web\/wp-content\/uploads\/2018\/08\/098288246e429a6757625309181fd4ae.jpeg","datePublished":"2018-08-24T14:42:15+00:00","dateModified":"2018-08-24T14:42:17+00:00","breadcrumb":{"@id":"https:\/\/www.eldiariodetucuman.com\/web\/presupuesto-estamos-en-pleno-proceso-de-negociacion-con-la-oposicion\/#breadcrumb"},"inLanguage":"es","potentialAction":[{"@type":"ReadAction","target":["https:\/\/www.eldiariodetucuman.com\/web\/presupuesto-estamos-en-pleno-proceso-de-negociacion-con-la-oposicion\/"]}]},{"@type":"ImageObject","inLanguage":"es","@id":"https:\/\/www.eldiariodetucuman.com\/web\/presupuesto-estamos-en-pleno-proceso-de-negociacion-con-la-oposicion\/#primaryimage","url":"https:\/\/www.eldiariodetucuman.com\/web\/wp-content\/uploads\/2018\/08\/098288246e429a6757625309181fd4ae.jpeg","contentUrl":"https:\/\/www.eldiariodetucuman.com\/web\/wp-content\/uploads\/2018\/08\/098288246e429a6757625309181fd4ae.jpeg","width":960,"height":536},{"@type":"BreadcrumbList","@id":"https:\/\/www.eldiariodetucuman.com\/web\/presupuesto-estamos-en-pleno-proceso-de-negociacion-con-la-oposicion\/#breadcrumb","itemListElement":[{"@type":"ListItem","position":1,"name":"Portada","item":"https:\/\/www.eldiariodetucuman.com\/web\/"},{"@type":"ListItem","position":2,"name":"Presupuesto: \u00abEstamos en pleno proceso de negociaci\u00f3n con la oposici\u00f3n\u00bb"}]},{"@type":"WebSite","@id":"https:\/\/www.eldiariodetucuman.com\/web\/#website","url":"https:\/\/www.eldiariodetucuman.com\/web\/","name":"El Diario de Tucuman","description":"Diario Tucuman - Informaci\u00f3n y noticias","publisher":{"@id":"https:\/\/www.eldiariodetucuman.com\/web\/#organization"},"potentialAction":[{"@type":"SearchAction","target":{"@type":"EntryPoint","urlTemplate":"https:\/\/www.eldiariodetucuman.com\/web\/?s={search_term_string}"},"query-input":{"@type":"PropertyValueSpecification","valueRequired":true,"valueName":"search_term_string"}}],"inLanguage":"es"},{"@type":"Organization","@id":"https:\/\/www.eldiariodetucuman.com\/web\/#organization","name":"El Diario de Tucuman","url":"https:\/\/www.eldiariodetucuman.com\/web\/","logo":{"@type":"ImageObject","inLanguage":"es","@id":"https:\/\/www.eldiariodetucuman.com\/web\/#\/schema\/logo\/image\/","url":"http:\/\/www.eldiariodetucuman.com\/web\/wp-content\/uploads\/2017\/12\/el-diario-de-tucuman.jpg","contentUrl":"http:\/\/www.eldiariodetucuman.com\/web\/wp-content\/uploads\/2017\/12\/el-diario-de-tucuman.jpg","width":272,"height":92,"caption":"El Diario de Tucuman"},"image":{"@id":"https:\/\/www.eldiariodetucuman.com\/web\/#\/schema\/logo\/image\/"}},{"@type":"Person","@id":"https:\/\/www.eldiariodetucuman.com\/web\/#\/schema\/person\/9250197d75ab5483412e19678b121caa","name":"admin","image":{"@type":"ImageObject","inLanguage":"es","@id":"https:\/\/secure.gravatar.com\/avatar\/c44d117c2be811212c22cb481f6b8384b6873de103fbc49e7a03cc58d7dea4ac?s=96&d=mm&r=g","url":"https:\/\/secure.gravatar.com\/avatar\/c44d117c2be811212c22cb481f6b8384b6873de103fbc49e7a03cc58d7dea4ac?s=96&d=mm&r=g","contentUrl":"https:\/\/secure.gravatar.com\/avatar\/c44d117c2be811212c22cb481f6b8384b6873de103fbc49e7a03cc58d7dea4ac?s=96&d=mm&r=g","caption":"admin"},"url":"https:\/\/www.eldiariodetucuman.com\/web\/author\/admin\/"}]}},"_links":{"self":[{"href":"https:\/\/www.eldiariodetucuman.com\/web\/wp-json\/wp\/v2\/posts\/15748","targetHints":{"allow":["GET"]}}],"collection":[{"href":"https:\/\/www.eldiariodetucuman.com\/web\/wp-json\/wp\/v2\/posts"}],"about":[{"href":"https:\/\/www.eldiariodetucuman.com\/web\/wp-json\/wp\/v2\/types\/post"}],"author":[{"embeddable":true,"href":"https:\/\/www.eldiariodetucuman.com\/web\/wp-json\/wp\/v2\/users\/1"}],"replies":[{"embeddable":true,"href":"https:\/\/www.eldiariodetucuman.com\/web\/wp-json\/wp\/v2\/comments?post=15748"}],"version-history":[{"count":1,"href":"https:\/\/www.eldiariodetucuman.com\/web\/wp-json\/wp\/v2\/posts\/15748\/revisions"}],"predecessor-version":[{"id":15750,"href":"https:\/\/www.eldiariodetucuman.com\/web\/wp-json\/wp\/v2\/posts\/15748\/revisions\/15750"}],"wp:featuredmedia":[{"embeddable":true,"href":"https:\/\/www.eldiariodetucuman.com\/web\/wp-json\/wp\/v2\/media\/15749"}],"wp:attachment":[{"href":"https:\/\/www.eldiariodetucuman.com\/web\/wp-json\/wp\/v2\/media?parent=15748"}],"wp:term":[{"taxonomy":"category","embeddable":true,"href":"https:\/\/www.eldiariodetucuman.com\/web\/wp-json\/wp\/v2\/categories?post=15748"},{"taxonomy":"post_tag","embeddable":true,"href":"https:\/\/www.eldiariodetucuman.com\/web\/wp-json\/wp\/v2\/tags?post=15748"}],"curies":[{"name":"wp","href":"https:\/\/api.w.org\/{rel}","templated":true}]}}