{"id":15544,"date":"2018-08-20T00:07:32","date_gmt":"2018-08-20T03:07:32","guid":{"rendered":"http:\/\/www.eldiariodetucuman.com\/web\/manzur-y-el-embajador-de-estados-unidos-recorrieron-una-citricola\/"},"modified":"2018-08-20T00:07:33","modified_gmt":"2018-08-20T03:07:33","slug":"manzur-y-el-embajador-de-estados-unidos-recorrieron-una-citricola","status":"publish","type":"post","link":"https:\/\/www.eldiariodetucuman.com\/web\/manzur-y-el-embajador-de-estados-unidos-recorrieron-una-citricola\/","title":{"rendered":"Manzur y el Embajador de Estados Unidos recorrieron una citr\u00edcola"},"content":{"rendered":"<div>\n<div readability=\"74.021131137352\">\n<p>El gobernador, <strong>Juan Manzur<\/strong>, realiz\u00f3 una visita protocolar a la planta de la citr\u00edcola <strong>Citromax<\/strong>, ubicada en Acheral, departamento Monteros, junto al embajador de Estados Unidos en Argentina,<strong> Edward Prado<\/strong>. La empresa fue una de las primeras habilitadas para retomar las exportaciones de lim\u00f3n a ese pa\u00eds, en mayo de este a\u00f1o.<\/p>\n<p><a href=\"http:\/\/comunicaciontucuman.gob.ar\/wp-content\/uploads\/2018\/08\/visita-embajador-prado101.jpeg\"><img loading=\"lazy\" decoding=\"async\" class=\"size-medium wp-image-174562 alignleft\" src=\"http:\/\/comunicaciontucuman.gob.ar\/wp-content\/uploads\/2018\/08\/visita-embajador-prado101-300x166.jpeg\" alt=\"visita-embajador-prado10\" width=\"300\" height=\"166\"><\/a><\/p>\n<p>En la planta, Manzur y Prado fueron recibidos por la presidenta de Citromax, <strong>Vivian Glueck<\/strong>, quien condujo la visita por la empaquetadora y explic\u00f3 los est\u00e1ndares de calidad que guardan los productos que se comercializan desde Tucum\u00e1n a diferentes lugares del mundo.<\/p>\n<p>Estuvieron presentes tambi\u00e9n la consejera de la Embajada, <strong>Ariadne Meller<\/strong>; el ministro de Desarrollo Productivo, <strong>Luis Fern\u00e1ndez<\/strong>; y el secretario de Relaciones Internacionales de la Provincia, <strong>Jorge Neme<\/strong>.<\/p>\n<p>La llegada del Embajador se dio luego de que <strong><a href=\"http:\/\/comunicaciontucuman.gob.ar\/2018\/06\/manzur-fue-recibido-por-el-embajador-de-estados-unidos\/\" target=\"_blank\">el Gobernador visit\u00f3<\/a><\/strong> la sede diplom\u00e1tica en Buenos Aires, en junio pasado. En ese momento, Manzur invit\u00f3 a Prado a conocer la provincia.<\/p>\n<p>Citromax comenz\u00f3 como una empresa familiar en 1960. Hoy cuenta con 4.000 het\u00e1reas de plantas de lim\u00f3n y produce\u00a0la m\u00e1s alta calidad de aceites c\u00edtricos y zumos.\u00a0<\/p>\n<p><a href=\"http:\/\/comunicaciontucuman.gob.ar\/wp-content\/uploads\/2018\/08\/visita-embajador-prado8.jpeg\"><img loading=\"lazy\" decoding=\"async\" class=\"alignnone size-medium wp-image-174559\" src=\"http:\/\/comunicaciontucuman.gob.ar\/wp-content\/uploads\/2018\/08\/visita-embajador-prado8-300x166.jpeg\" alt=\"visita-embajador-prado8\" width=\"300\" height=\"166\"><\/a>\u00a0<a href=\"http:\/\/comunicaciontucuman.gob.ar\/wp-content\/uploads\/2018\/08\/visita-embajador-prado11.jpeg\"><img loading=\"lazy\" decoding=\"async\" class=\"alignnone size-medium wp-image-174556\" src=\"http:\/\/comunicaciontucuman.gob.ar\/wp-content\/uploads\/2018\/08\/visita-embajador-prado11-300x166.jpeg\" alt=\"visita-embajador-prado11\" width=\"300\" height=\"166\"><\/a><\/p>\n<p><strong>Misi\u00f3n en la provincia<\/strong><\/p>\n<p>Prado aterriz\u00f3 en Tucum\u00e1n esta ma\u00f1ana, alrededor de las 11, y fue recibido por el Gobernador en el Aeropuerto Internacional Benjam\u00edn Matienzo. El Embajador se encuentra en la provincia para participar, este martes 21 de agosto, del Encuentro Internacional sobre \u201cDelito de odio, discriminaci\u00f3n e intimidaci\u00f3n en la era de las redes sociales\u201d, que se realizar\u00e1 en el hotel Sheraton de la Capital tucumana.<\/p>\n<p><strong>Galer\u00eda de fotos<\/strong><\/p>\n<\/div>\n<\/div>\n<p>Fuente: http:\/\/comunicaciontucuman.gob.ar\/2018\/08\/manzur-y-el-embajador-de-estados-unidos-recorrieron-una-citricola\/<\/p>\n","protected":false},"excerpt":{"rendered":"<p>El gobernador, Juan Manzur, realiz\u00f3 una visita protocolar a la planta de la citr\u00edcola Citromax, ubicada en Acheral, departamento Monteros, junto al embajador de Estados Unidos en Argentina, Edward Prado. La empresa fue una de las primeras habilitadas para retomar las exportaciones de lim\u00f3n a ese pa\u00eds, en mayo de este a\u00f1o. En la planta, [&hellip;]<\/p>\n","protected":false},"author":1,"featured_media":15545,"comment_status":"open","ping_status":"closed","sticky":false,"template":"","format":"standard","meta":{"footnotes":""},"categories":[3],"tags":[],"class_list":{"0":"post-15544","1":"post","2":"type-post","3":"status-publish","4":"format-standard","5":"has-post-thumbnail","7":"category-politica"},"yoast_head":"<!-- This site is optimized with the Yoast SEO plugin v27.4 - https:\/\/yoast.com\/product\/yoast-seo-wordpress\/ -->\n<title>Manzur y el Embajador de Estados Unidos recorrieron una citr\u00edcola - El Diario de Tucuman<\/title>\n<meta name=\"robots\" content=\"index, follow, max-snippet:-1, max-image-preview:large, max-video-preview:-1\" \/>\n<link rel=\"canonical\" href=\"https:\/\/www.eldiariodetucuman.com\/web\/manzur-y-el-embajador-de-estados-unidos-recorrieron-una-citricola\/\" \/>\n<meta property=\"og:locale\" content=\"es_ES\" \/>\n<meta property=\"og:type\" content=\"article\" \/>\n<meta property=\"og:title\" content=\"Manzur y el Embajador de Estados Unidos recorrieron una citr\u00edcola - El Diario de Tucuman\" \/>\n<meta property=\"og:description\" content=\"El gobernador, Juan Manzur, realiz\u00f3 una visita protocolar a la planta de la citr\u00edcola Citromax, ubicada en Acheral, departamento Monteros, junto al embajador de Estados Unidos en Argentina, Edward Prado. La empresa fue una de las primeras habilitadas para retomar las exportaciones de lim\u00f3n a ese pa\u00eds, en mayo de este a\u00f1o. En la planta, [&hellip;]\" \/>\n<meta property=\"og:url\" content=\"https:\/\/www.eldiariodetucuman.com\/web\/manzur-y-el-embajador-de-estados-unidos-recorrieron-una-citricola\/\" \/>\n<meta property=\"og:site_name\" content=\"El Diario de Tucuman\" \/>\n<meta property=\"article:published_time\" content=\"2018-08-20T03:07:32+00:00\" \/>\n<meta property=\"article:modified_time\" content=\"2018-08-20T03:07:33+00:00\" \/>\n<meta property=\"og:image\" content=\"https:\/\/www.eldiariodetucuman.com\/web\/wp-content\/uploads\/2018\/08\/2e4be34908e3b2b5c5c5273a536323ae.jpeg\" \/>\n\t<meta property=\"og:image:width\" content=\"300\" \/>\n\t<meta property=\"og:image:height\" content=\"166\" \/>\n\t<meta property=\"og:image:type\" content=\"image\/jpeg\" \/>\n<meta name=\"author\" content=\"admin\" \/>\n<meta name=\"twitter:card\" content=\"summary_large_image\" \/>\n<meta name=\"twitter:label1\" content=\"Escrito por\" \/>\n\t<meta name=\"twitter:data1\" content=\"admin\" \/>\n\t<meta name=\"twitter:label2\" content=\"Tiempo de lectura\" \/>\n\t<meta name=\"twitter:data2\" content=\"1 minuto\" \/>\n<script type=\"application\/ld+json\" class=\"yoast-schema-graph\">{\"@context\":\"https:\\\/\\\/schema.org\",\"@graph\":[{\"@type\":\"Article\",\"@id\":\"https:\\\/\\\/www.eldiariodetucuman.com\\\/web\\\/manzur-y-el-embajador-de-estados-unidos-recorrieron-una-citricola\\\/#article\",\"isPartOf\":{\"@id\":\"https:\\\/\\\/www.eldiariodetucuman.com\\\/web\\\/manzur-y-el-embajador-de-estados-unidos-recorrieron-una-citricola\\\/\"},\"author\":{\"name\":\"admin\",\"@id\":\"https:\\\/\\\/www.eldiariodetucuman.com\\\/web\\\/#\\\/schema\\\/person\\\/9250197d75ab5483412e19678b121caa\"},\"headline\":\"Manzur y el Embajador de Estados Unidos recorrieron una citr\u00edcola\",\"datePublished\":\"2018-08-20T03:07:32+00:00\",\"dateModified\":\"2018-08-20T03:07:33+00:00\",\"mainEntityOfPage\":{\"@id\":\"https:\\\/\\\/www.eldiariodetucuman.com\\\/web\\\/manzur-y-el-embajador-de-estados-unidos-recorrieron-una-citricola\\\/\"},\"wordCount\":286,\"commentCount\":0,\"publisher\":{\"@id\":\"https:\\\/\\\/www.eldiariodetucuman.com\\\/web\\\/#organization\"},\"image\":{\"@id\":\"https:\\\/\\\/www.eldiariodetucuman.com\\\/web\\\/manzur-y-el-embajador-de-estados-unidos-recorrieron-una-citricola\\\/#primaryimage\"},\"thumbnailUrl\":\"https:\\\/\\\/www.eldiariodetucuman.com\\\/web\\\/wp-content\\\/uploads\\\/2018\\\/08\\\/2e4be34908e3b2b5c5c5273a536323ae.jpeg\",\"articleSection\":[\"Politica\"],\"inLanguage\":\"es\",\"potentialAction\":[{\"@type\":\"CommentAction\",\"name\":\"Comment\",\"target\":[\"https:\\\/\\\/www.eldiariodetucuman.com\\\/web\\\/manzur-y-el-embajador-de-estados-unidos-recorrieron-una-citricola\\\/#respond\"]}]},{\"@type\":\"WebPage\",\"@id\":\"https:\\\/\\\/www.eldiariodetucuman.com\\\/web\\\/manzur-y-el-embajador-de-estados-unidos-recorrieron-una-citricola\\\/\",\"url\":\"https:\\\/\\\/www.eldiariodetucuman.com\\\/web\\\/manzur-y-el-embajador-de-estados-unidos-recorrieron-una-citricola\\\/\",\"name\":\"Manzur y el Embajador de Estados Unidos recorrieron una citr\u00edcola - El Diario de Tucuman\",\"isPartOf\":{\"@id\":\"https:\\\/\\\/www.eldiariodetucuman.com\\\/web\\\/#website\"},\"primaryImageOfPage\":{\"@id\":\"https:\\\/\\\/www.eldiariodetucuman.com\\\/web\\\/manzur-y-el-embajador-de-estados-unidos-recorrieron-una-citricola\\\/#primaryimage\"},\"image\":{\"@id\":\"https:\\\/\\\/www.eldiariodetucuman.com\\\/web\\\/manzur-y-el-embajador-de-estados-unidos-recorrieron-una-citricola\\\/#primaryimage\"},\"thumbnailUrl\":\"https:\\\/\\\/www.eldiariodetucuman.com\\\/web\\\/wp-content\\\/uploads\\\/2018\\\/08\\\/2e4be34908e3b2b5c5c5273a536323ae.jpeg\",\"datePublished\":\"2018-08-20T03:07:32+00:00\",\"dateModified\":\"2018-08-20T03:07:33+00:00\",\"breadcrumb\":{\"@id\":\"https:\\\/\\\/www.eldiariodetucuman.com\\\/web\\\/manzur-y-el-embajador-de-estados-unidos-recorrieron-una-citricola\\\/#breadcrumb\"},\"inLanguage\":\"es\",\"potentialAction\":[{\"@type\":\"ReadAction\",\"target\":[\"https:\\\/\\\/www.eldiariodetucuman.com\\\/web\\\/manzur-y-el-embajador-de-estados-unidos-recorrieron-una-citricola\\\/\"]}]},{\"@type\":\"ImageObject\",\"inLanguage\":\"es\",\"@id\":\"https:\\\/\\\/www.eldiariodetucuman.com\\\/web\\\/manzur-y-el-embajador-de-estados-unidos-recorrieron-una-citricola\\\/#primaryimage\",\"url\":\"https:\\\/\\\/www.eldiariodetucuman.com\\\/web\\\/wp-content\\\/uploads\\\/2018\\\/08\\\/2e4be34908e3b2b5c5c5273a536323ae.jpeg\",\"contentUrl\":\"https:\\\/\\\/www.eldiariodetucuman.com\\\/web\\\/wp-content\\\/uploads\\\/2018\\\/08\\\/2e4be34908e3b2b5c5c5273a536323ae.jpeg\",\"width\":300,\"height\":166},{\"@type\":\"BreadcrumbList\",\"@id\":\"https:\\\/\\\/www.eldiariodetucuman.com\\\/web\\\/manzur-y-el-embajador-de-estados-unidos-recorrieron-una-citricola\\\/#breadcrumb\",\"itemListElement\":[{\"@type\":\"ListItem\",\"position\":1,\"name\":\"Portada\",\"item\":\"https:\\\/\\\/www.eldiariodetucuman.com\\\/web\\\/\"},{\"@type\":\"ListItem\",\"position\":2,\"name\":\"Manzur y el Embajador de Estados Unidos recorrieron una citr\u00edcola\"}]},{\"@type\":\"WebSite\",\"@id\":\"https:\\\/\\\/www.eldiariodetucuman.com\\\/web\\\/#website\",\"url\":\"https:\\\/\\\/www.eldiariodetucuman.com\\\/web\\\/\",\"name\":\"El Diario de Tucuman\",\"description\":\"Diario Tucuman - Informaci\u00f3n y noticias\",\"publisher\":{\"@id\":\"https:\\\/\\\/www.eldiariodetucuman.com\\\/web\\\/#organization\"},\"potentialAction\":[{\"@type\":\"SearchAction\",\"target\":{\"@type\":\"EntryPoint\",\"urlTemplate\":\"https:\\\/\\\/www.eldiariodetucuman.com\\\/web\\\/?s={search_term_string}\"},\"query-input\":{\"@type\":\"PropertyValueSpecification\",\"valueRequired\":true,\"valueName\":\"search_term_string\"}}],\"inLanguage\":\"es\"},{\"@type\":\"Organization\",\"@id\":\"https:\\\/\\\/www.eldiariodetucuman.com\\\/web\\\/#organization\",\"name\":\"El Diario de Tucuman\",\"url\":\"https:\\\/\\\/www.eldiariodetucuman.com\\\/web\\\/\",\"logo\":{\"@type\":\"ImageObject\",\"inLanguage\":\"es\",\"@id\":\"https:\\\/\\\/www.eldiariodetucuman.com\\\/web\\\/#\\\/schema\\\/logo\\\/image\\\/\",\"url\":\"http:\\\/\\\/www.eldiariodetucuman.com\\\/web\\\/wp-content\\\/uploads\\\/2017\\\/12\\\/el-diario-de-tucuman.jpg\",\"contentUrl\":\"http:\\\/\\\/www.eldiariodetucuman.com\\\/web\\\/wp-content\\\/uploads\\\/2017\\\/12\\\/el-diario-de-tucuman.jpg\",\"width\":272,\"height\":92,\"caption\":\"El Diario de Tucuman\"},\"image\":{\"@id\":\"https:\\\/\\\/www.eldiariodetucuman.com\\\/web\\\/#\\\/schema\\\/logo\\\/image\\\/\"}},{\"@type\":\"Person\",\"@id\":\"https:\\\/\\\/www.eldiariodetucuman.com\\\/web\\\/#\\\/schema\\\/person\\\/9250197d75ab5483412e19678b121caa\",\"name\":\"admin\",\"image\":{\"@type\":\"ImageObject\",\"inLanguage\":\"es\",\"@id\":\"https:\\\/\\\/secure.gravatar.com\\\/avatar\\\/c44d117c2be811212c22cb481f6b8384b6873de103fbc49e7a03cc58d7dea4ac?s=96&d=mm&r=g\",\"url\":\"https:\\\/\\\/secure.gravatar.com\\\/avatar\\\/c44d117c2be811212c22cb481f6b8384b6873de103fbc49e7a03cc58d7dea4ac?s=96&d=mm&r=g\",\"contentUrl\":\"https:\\\/\\\/secure.gravatar.com\\\/avatar\\\/c44d117c2be811212c22cb481f6b8384b6873de103fbc49e7a03cc58d7dea4ac?s=96&d=mm&r=g\",\"caption\":\"admin\"},\"url\":\"https:\\\/\\\/www.eldiariodetucuman.com\\\/web\\\/author\\\/admin\\\/\"}]}<\/script>\n<!-- \/ Yoast SEO plugin. -->","yoast_head_json":{"title":"Manzur y el Embajador de Estados Unidos recorrieron una citr\u00edcola - El Diario de Tucuman","robots":{"index":"index","follow":"follow","max-snippet":"max-snippet:-1","max-image-preview":"max-image-preview:large","max-video-preview":"max-video-preview:-1"},"canonical":"https:\/\/www.eldiariodetucuman.com\/web\/manzur-y-el-embajador-de-estados-unidos-recorrieron-una-citricola\/","og_locale":"es_ES","og_type":"article","og_title":"Manzur y el Embajador de Estados Unidos recorrieron una citr\u00edcola - El Diario de Tucuman","og_description":"El gobernador, Juan Manzur, realiz\u00f3 una visita protocolar a la planta de la citr\u00edcola Citromax, ubicada en Acheral, departamento Monteros, junto al embajador de Estados Unidos en Argentina, Edward Prado. La empresa fue una de las primeras habilitadas para retomar las exportaciones de lim\u00f3n a ese pa\u00eds, en mayo de este a\u00f1o. En la planta, [&hellip;]","og_url":"https:\/\/www.eldiariodetucuman.com\/web\/manzur-y-el-embajador-de-estados-unidos-recorrieron-una-citricola\/","og_site_name":"El Diario de Tucuman","article_published_time":"2018-08-20T03:07:32+00:00","article_modified_time":"2018-08-20T03:07:33+00:00","og_image":[{"width":300,"height":166,"url":"https:\/\/www.eldiariodetucuman.com\/web\/wp-content\/uploads\/2018\/08\/2e4be34908e3b2b5c5c5273a536323ae.jpeg","type":"image\/jpeg"}],"author":"admin","twitter_card":"summary_large_image","twitter_misc":{"Escrito por":"admin","Tiempo de lectura":"1 minuto"},"schema":{"@context":"https:\/\/schema.org","@graph":[{"@type":"Article","@id":"https:\/\/www.eldiariodetucuman.com\/web\/manzur-y-el-embajador-de-estados-unidos-recorrieron-una-citricola\/#article","isPartOf":{"@id":"https:\/\/www.eldiariodetucuman.com\/web\/manzur-y-el-embajador-de-estados-unidos-recorrieron-una-citricola\/"},"author":{"name":"admin","@id":"https:\/\/www.eldiariodetucuman.com\/web\/#\/schema\/person\/9250197d75ab5483412e19678b121caa"},"headline":"Manzur y el Embajador de Estados Unidos recorrieron una citr\u00edcola","datePublished":"2018-08-20T03:07:32+00:00","dateModified":"2018-08-20T03:07:33+00:00","mainEntityOfPage":{"@id":"https:\/\/www.eldiariodetucuman.com\/web\/manzur-y-el-embajador-de-estados-unidos-recorrieron-una-citricola\/"},"wordCount":286,"commentCount":0,"publisher":{"@id":"https:\/\/www.eldiariodetucuman.com\/web\/#organization"},"image":{"@id":"https:\/\/www.eldiariodetucuman.com\/web\/manzur-y-el-embajador-de-estados-unidos-recorrieron-una-citricola\/#primaryimage"},"thumbnailUrl":"https:\/\/www.eldiariodetucuman.com\/web\/wp-content\/uploads\/2018\/08\/2e4be34908e3b2b5c5c5273a536323ae.jpeg","articleSection":["Politica"],"inLanguage":"es","potentialAction":[{"@type":"CommentAction","name":"Comment","target":["https:\/\/www.eldiariodetucuman.com\/web\/manzur-y-el-embajador-de-estados-unidos-recorrieron-una-citricola\/#respond"]}]},{"@type":"WebPage","@id":"https:\/\/www.eldiariodetucuman.com\/web\/manzur-y-el-embajador-de-estados-unidos-recorrieron-una-citricola\/","url":"https:\/\/www.eldiariodetucuman.com\/web\/manzur-y-el-embajador-de-estados-unidos-recorrieron-una-citricola\/","name":"Manzur y el Embajador de Estados Unidos recorrieron una citr\u00edcola - El Diario de Tucuman","isPartOf":{"@id":"https:\/\/www.eldiariodetucuman.com\/web\/#website"},"primaryImageOfPage":{"@id":"https:\/\/www.eldiariodetucuman.com\/web\/manzur-y-el-embajador-de-estados-unidos-recorrieron-una-citricola\/#primaryimage"},"image":{"@id":"https:\/\/www.eldiariodetucuman.com\/web\/manzur-y-el-embajador-de-estados-unidos-recorrieron-una-citricola\/#primaryimage"},"thumbnailUrl":"https:\/\/www.eldiariodetucuman.com\/web\/wp-content\/uploads\/2018\/08\/2e4be34908e3b2b5c5c5273a536323ae.jpeg","datePublished":"2018-08-20T03:07:32+00:00","dateModified":"2018-08-20T03:07:33+00:00","breadcrumb":{"@id":"https:\/\/www.eldiariodetucuman.com\/web\/manzur-y-el-embajador-de-estados-unidos-recorrieron-una-citricola\/#breadcrumb"},"inLanguage":"es","potentialAction":[{"@type":"ReadAction","target":["https:\/\/www.eldiariodetucuman.com\/web\/manzur-y-el-embajador-de-estados-unidos-recorrieron-una-citricola\/"]}]},{"@type":"ImageObject","inLanguage":"es","@id":"https:\/\/www.eldiariodetucuman.com\/web\/manzur-y-el-embajador-de-estados-unidos-recorrieron-una-citricola\/#primaryimage","url":"https:\/\/www.eldiariodetucuman.com\/web\/wp-content\/uploads\/2018\/08\/2e4be34908e3b2b5c5c5273a536323ae.jpeg","contentUrl":"https:\/\/www.eldiariodetucuman.com\/web\/wp-content\/uploads\/2018\/08\/2e4be34908e3b2b5c5c5273a536323ae.jpeg","width":300,"height":166},{"@type":"BreadcrumbList","@id":"https:\/\/www.eldiariodetucuman.com\/web\/manzur-y-el-embajador-de-estados-unidos-recorrieron-una-citricola\/#breadcrumb","itemListElement":[{"@type":"ListItem","position":1,"name":"Portada","item":"https:\/\/www.eldiariodetucuman.com\/web\/"},{"@type":"ListItem","position":2,"name":"Manzur y el Embajador de Estados Unidos recorrieron una citr\u00edcola"}]},{"@type":"WebSite","@id":"https:\/\/www.eldiariodetucuman.com\/web\/#website","url":"https:\/\/www.eldiariodetucuman.com\/web\/","name":"El Diario de Tucuman","description":"Diario Tucuman - Informaci\u00f3n y noticias","publisher":{"@id":"https:\/\/www.eldiariodetucuman.com\/web\/#organization"},"potentialAction":[{"@type":"SearchAction","target":{"@type":"EntryPoint","urlTemplate":"https:\/\/www.eldiariodetucuman.com\/web\/?s={search_term_string}"},"query-input":{"@type":"PropertyValueSpecification","valueRequired":true,"valueName":"search_term_string"}}],"inLanguage":"es"},{"@type":"Organization","@id":"https:\/\/www.eldiariodetucuman.com\/web\/#organization","name":"El Diario de Tucuman","url":"https:\/\/www.eldiariodetucuman.com\/web\/","logo":{"@type":"ImageObject","inLanguage":"es","@id":"https:\/\/www.eldiariodetucuman.com\/web\/#\/schema\/logo\/image\/","url":"http:\/\/www.eldiariodetucuman.com\/web\/wp-content\/uploads\/2017\/12\/el-diario-de-tucuman.jpg","contentUrl":"http:\/\/www.eldiariodetucuman.com\/web\/wp-content\/uploads\/2017\/12\/el-diario-de-tucuman.jpg","width":272,"height":92,"caption":"El Diario de Tucuman"},"image":{"@id":"https:\/\/www.eldiariodetucuman.com\/web\/#\/schema\/logo\/image\/"}},{"@type":"Person","@id":"https:\/\/www.eldiariodetucuman.com\/web\/#\/schema\/person\/9250197d75ab5483412e19678b121caa","name":"admin","image":{"@type":"ImageObject","inLanguage":"es","@id":"https:\/\/secure.gravatar.com\/avatar\/c44d117c2be811212c22cb481f6b8384b6873de103fbc49e7a03cc58d7dea4ac?s=96&d=mm&r=g","url":"https:\/\/secure.gravatar.com\/avatar\/c44d117c2be811212c22cb481f6b8384b6873de103fbc49e7a03cc58d7dea4ac?s=96&d=mm&r=g","contentUrl":"https:\/\/secure.gravatar.com\/avatar\/c44d117c2be811212c22cb481f6b8384b6873de103fbc49e7a03cc58d7dea4ac?s=96&d=mm&r=g","caption":"admin"},"url":"https:\/\/www.eldiariodetucuman.com\/web\/author\/admin\/"}]}},"_links":{"self":[{"href":"https:\/\/www.eldiariodetucuman.com\/web\/wp-json\/wp\/v2\/posts\/15544","targetHints":{"allow":["GET"]}}],"collection":[{"href":"https:\/\/www.eldiariodetucuman.com\/web\/wp-json\/wp\/v2\/posts"}],"about":[{"href":"https:\/\/www.eldiariodetucuman.com\/web\/wp-json\/wp\/v2\/types\/post"}],"author":[{"embeddable":true,"href":"https:\/\/www.eldiariodetucuman.com\/web\/wp-json\/wp\/v2\/users\/1"}],"replies":[{"embeddable":true,"href":"https:\/\/www.eldiariodetucuman.com\/web\/wp-json\/wp\/v2\/comments?post=15544"}],"version-history":[{"count":1,"href":"https:\/\/www.eldiariodetucuman.com\/web\/wp-json\/wp\/v2\/posts\/15544\/revisions"}],"predecessor-version":[{"id":15546,"href":"https:\/\/www.eldiariodetucuman.com\/web\/wp-json\/wp\/v2\/posts\/15544\/revisions\/15546"}],"wp:featuredmedia":[{"embeddable":true,"href":"https:\/\/www.eldiariodetucuman.com\/web\/wp-json\/wp\/v2\/media\/15545"}],"wp:attachment":[{"href":"https:\/\/www.eldiariodetucuman.com\/web\/wp-json\/wp\/v2\/media?parent=15544"}],"wp:term":[{"taxonomy":"category","embeddable":true,"href":"https:\/\/www.eldiariodetucuman.com\/web\/wp-json\/wp\/v2\/categories?post=15544"},{"taxonomy":"post_tag","embeddable":true,"href":"https:\/\/www.eldiariodetucuman.com\/web\/wp-json\/wp\/v2\/tags?post=15544"}],"curies":[{"name":"wp","href":"https:\/\/api.w.org\/{rel}","templated":true}]}}