{"id":15541,"date":"2018-08-19T12:50:54","date_gmt":"2018-08-19T15:50:54","guid":{"rendered":"http:\/\/www.eldiariodetucuman.com\/web\/dolor-e-impotencia-en-la-despedida-a-las-victimas-del-derrumbe-en-genova\/"},"modified":"2018-08-19T12:50:54","modified_gmt":"2018-08-19T15:50:54","slug":"dolor-e-impotencia-en-la-despedida-a-las-victimas-del-derrumbe-en-genova","status":"publish","type":"post","link":"https:\/\/www.eldiariodetucuman.com\/web\/dolor-e-impotencia-en-la-despedida-a-las-victimas-del-derrumbe-en-genova\/","title":{"rendered":"Dolor e impotencia en la despedida a las v\u00edctimas del derrumbe en G\u00e9nova"},"content":{"rendered":"<div>\n<div itemprop=\"articleBody\" readability=\"113.61062169645\">\n<p>  <a href=\"https:\/\/www.cronica.com.ar\/tags\/Italia\">Italia<\/a>\u00a0ofreci\u00f3 este s\u00e1bado una despedida sobria y solemne a las v\u00edctimas del derrumbe del   <a href=\"https:\/\/www.cronica.com.ar\/tags\/puente\">puente<\/a> de G\u00e9nova, en un funeral de Estado boicoteado por la mitad de las familias de los 40 muertos confirmados, mientras rescatistas anunciaron el hallazgo de nuevos cuerpos entre los escombros.\u00a0<\/p>\n<div>\n<figure class=\"image\"><img decoding=\"async\" alt=\"\" data-height=\"1117\" data-size=\"w:3476,h:5214\" data-width=\"745\" hspace=\"5\" src=\"https:\/\/www.cronica.com.ar\/export\/sites\/cronica\/img\/2018\/08\/18\/italia1.jpg_375557203.jpg\" title=\"\" vspace=\"5\"><figcaption>\n   Los 19 f\u00e9retros que participaron del acto\u00a0(AFP).<br \/>\n  <\/figcaption><\/figure>\n<\/div>\n<p>En una inmensa sala de G\u00e9nova transformada en capilla ardiente estuvieron alineados 19 f\u00e9retros, rodeados por un pu\u00f1ado de familiares cada uno y coronas de flores. Destacaba el f\u00e9retro blanco de <strong>Samuele<\/strong>, de 8 a\u00f1os, que muri\u00f3 junto a sus padres cuando iban a tomar un ferry hacia Cerde\u00f1a.\u00a0<\/p>\n<div>\n<figure class=\"image\"><img decoding=\"async\" alt=\"\" data-height=\"496\" data-size=\"w:4081,h:2721\" data-width=\"745\" hspace=\"5\" src=\"https:\/\/www.cronica.com.ar\/export\/sites\/cronica\/img\/2018\/08\/18\/italianene.jpg_140025018.jpg\" title=\"\" vspace=\"5\"><figcaption>\n   Samuel es la v\u00edctima m\u00e1s joven del accidente\u00a0(AFP)<br \/>\n  <\/figcaption><\/figure>\n<\/div>\n<p>La solemne ceremonia cat\u00f3lica dur\u00f3 poco m\u00e1s de una hora en un gran sal\u00f3n del centro de exposiciones de G\u00e9nova, en presencia de los m\u00e1s altos funcionarios de Estado y de miles de habitantes de esta ciudad-puerto del noroeste italiano.\u00a0<\/p>\n<div>\n<figure class=\"image\"><img decoding=\"async\" alt=\"\" data-height=\"496\" data-size=\"w:6597,h:4398\" data-width=\"745\" hspace=\"5\" src=\"https:\/\/www.cronica.com.ar\/export\/sites\/cronica\/img\/2018\/08\/18\/italia4.jpg_140025018.jpg\" title=\"\" vspace=\"5\"><figcaption>\n   La ceremonia religiosa tuvo un rezo para los musulmanes fallecidos\u00a0(AFP)<br \/>\n  <\/figcaption><\/figure>\n<\/div>\n<p>Durante el acto tambi\u00e9n se rez\u00f3 una oraci\u00f3n salmodiada en la que se escuch\u00f3 cuatro veces \u00abAllah akbar\u00bb (Dios es el m\u00e1s grande) en medio de un silencio respetuoso, en un par\u00e9ntesis previsto en homenaje a dos v\u00edctimas albanesas musulmanas.\u00a0<\/p>\n<div>\n<figure class=\"image\"><img decoding=\"async\" alt=\"\" data-height=\"496\" data-size=\"w:7765,h:5177\" data-width=\"745\" hspace=\"5\" src=\"https:\/\/www.cronica.com.ar\/export\/sites\/cronica\/img\/2018\/08\/18\/italia3.jpg_140025018.jpg\" title=\"\" vspace=\"5\"><figcaption>\n   Familiares y amigos de las v\u00edctimas se hicieron presentes en el sepelio\u00a0(AFP).<br \/>\n  <\/figcaption><\/figure>\n<\/div>\n<p>Largos aplausos siguieron a la lectura de los nombres de los 40 muertos identificados y la menci\u00f3n de las v\u00edctimas a\u00fan sin identificar.\u00a0<\/p>\n<p><u><strong>Duelo nacional<\/strong><\/u><\/p>\n<p>El gobierno decret\u00f3 este s\u00e1bado d\u00eda de duelo nacional. Por la noche los monumentos nacionales -entre ellos los emblem\u00e1ticos Coliseo, Fontana di Trevi y plaza del Capitolio de Roma- apagar\u00e1n las luces.\u00a0<\/p>\n<p>La liga de f\u00fatbol italiana, en tanto,\u00a0suspendi\u00f3 los partidos que deb\u00edan disputar los dos equipos de G\u00e9nova y en todos los estadios se guardar\u00e1 un minuto de silencio mientras los jugadores llevar\u00e1n un brazalete negro en se\u00f1al de luto.\u00a0<\/p>\n<p><em>\u00abYo perd\u00ed a un amigo pero vine por todas las v\u00edctimas\u00bb<\/em>, cont\u00f3 un habitante de G\u00e9nova, <strong>Nunzio Angone<\/strong>, que ingres\u00f3 al funeral por la entrada reservada a los familiares de las v\u00edctimas.<\/p>\n<p>La mitad de las familias de las v\u00edctimas opt\u00f3 por funerales privados para despedir a los suyos tras acusar a las autoridades estatales de tener responsabilidad en la cat\u00e1strofe.\u00a0<\/p>\n<p>El presidente <strong>Sergio Mattarella<\/strong> se mostr\u00f3 conmovido despu\u00e9s de la ceremonia. <em>\u00abEs una tragedia inaceptable\u00bb<\/em>, dijo a la televisi\u00f3n y se comprometi\u00f3 a que se realicen <em>\u00abinvestigaciones r\u00e1pidas y rigurosas que conlleven a condenas\u00bb<\/em>.\u00a0<\/p>\n<div>\n<figure class=\"image\"><img decoding=\"async\" alt=\"\" data-height=\"496\" data-size=\"w:6782,h:4521\" data-width=\"745\" hspace=\"5\" src=\"https:\/\/www.cronica.com.ar\/export\/sites\/cronica\/img\/2018\/08\/18\/italia6.jpg_140025018.jpg\" title=\"\" vspace=\"5\"><figcaption>\n   Bomberos fueron recibidos con aplausos\u00a0(AFP)<br \/>\n  <\/figcaption><\/figure>\n<\/div>\n<p>Las fotos de las v\u00edctimas sonrientes fueron publicadas el s\u00e1bado en todos los diarios\u00a0italianos: un ex campe\u00f3n de moto, un m\u00e9dico y una enfermera que se iban a casar, j\u00f3venes franceses que iban a divertirse, tres chilenos radicados en\u00a0  <a href=\"https:\/\/www.cronica.com.ar\/tags\/Italia\">Italia<\/a>, un camionero napolitano que volv\u00eda despu\u00e9s de hacer una entrega en Francia y una pareja que regresaba de su luna de miel.\u00a0<\/p>\n<p>Los socorristas\u00a0italianos encontraron m\u00e1s cuerpos en un autom\u00f3vil aplastado bajo un bloque de hormig\u00f3n del   <a href=\"https:\/\/www.cronica.com.ar\/tags\/puente\">puente<\/a> Morandi, anunciaron los servicios de protecci\u00f3n civil. Seg\u00fan la prensa\u00a0italiana se tratar\u00eda de un matrimonio y una ni\u00f1a de 9 a\u00f1os cuyo veh\u00edculo cayo al vac\u00edo. As\u00ed, s\u00f3lo se mantendr\u00eda como desaparecido un hombre de unos 30 a\u00f1os.\u00a0<\/p>\n<p><strong><u>Dinero para la reconstrucci\u00f3n<\/u><\/strong><\/p>\n<p>Los dirigentes de Autostrade per l\u2019  <a href=\"https:\/\/www.cronica.com.ar\/tags\/Italia\">Italia<\/a>, sociedad que gestiona el   <a href=\"https:\/\/www.cronica.com.ar\/tags\/puente\">puente<\/a> que se derrumb\u00f3 el martes en G\u00e9nova (norte de   <a href=\"https:\/\/www.cronica.com.ar\/tags\/Italia\">Italia<\/a>), anunci\u00f3 este s\u00e1bado que est\u00e1n disponibles 500 millones de euros para ayudar a la ciudad y para reconstruir el viaducto.\u00a0<\/p>\n<p><em>\u00abAl sumar, llegamos r\u00e1pidamente a 500 millones de euros (&#8230;) Son fondo.\u00a0que estar\u00e1n disponibles desde el lunes\u201d<\/em>, declar\u00f3<strong> Giovanni Castelluccio<\/strong>, presidente de la empresa, en rueda de prensa.\u00a0<br \/>Miembros del gobierno italiano responsabilizaron a esta sociedad del derrumbe del   <a href=\"https:\/\/www.cronica.com.ar\/tags\/puente\">puente<\/a>, que caus\u00f3 al menos 40 muertos confirmados hasta ahora.\u00a0<\/p>\n<\/div>\n<\/div>\n","protected":false},"excerpt":{"rendered":"<p>Italia\u00a0ofreci\u00f3 este s\u00e1bado una despedida sobria y solemne a las v\u00edctimas del derrumbe del puente de G\u00e9nova, en un funeral de Estado boicoteado por la mitad de las familias de los 40 muertos confirmados, mientras rescatistas anunciaron el hallazgo de nuevos cuerpos entre los escombros.\u00a0 Los 19 f\u00e9retros que participaron del acto\u00a0(AFP). En una inmensa [&hellip;]<\/p>\n","protected":false},"author":4,"featured_media":0,"comment_status":"open","ping_status":"closed","sticky":false,"template":"","format":"standard","meta":{"footnotes":""},"categories":[194],"tags":[],"class_list":{"0":"post-15541","1":"post","2":"type-post","3":"status-publish","4":"format-standard","6":"category-internacionales"},"yoast_head":"<!-- This site is optimized with the Yoast SEO plugin v27.4 - https:\/\/yoast.com\/product\/yoast-seo-wordpress\/ -->\n<title>Dolor e impotencia en la despedida a las v\u00edctimas del derrumbe en G\u00e9nova - El Diario de Tucuman<\/title>\n<meta name=\"robots\" content=\"index, follow, max-snippet:-1, max-image-preview:large, max-video-preview:-1\" \/>\n<link rel=\"canonical\" href=\"https:\/\/www.eldiariodetucuman.com\/web\/dolor-e-impotencia-en-la-despedida-a-las-victimas-del-derrumbe-en-genova\/\" \/>\n<meta property=\"og:locale\" content=\"es_ES\" \/>\n<meta property=\"og:type\" content=\"article\" \/>\n<meta property=\"og:title\" content=\"Dolor e impotencia en la despedida a las v\u00edctimas del derrumbe en G\u00e9nova - El Diario de Tucuman\" \/>\n<meta property=\"og:description\" content=\"Italia\u00a0ofreci\u00f3 este s\u00e1bado una despedida sobria y solemne a las v\u00edctimas del derrumbe del puente de G\u00e9nova, en un funeral de Estado boicoteado por la mitad de las familias de los 40 muertos confirmados, mientras rescatistas anunciaron el hallazgo de nuevos cuerpos entre los escombros.\u00a0 Los 19 f\u00e9retros que participaron del acto\u00a0(AFP). En una inmensa [&hellip;]\" \/>\n<meta property=\"og:url\" content=\"https:\/\/www.eldiariodetucuman.com\/web\/dolor-e-impotencia-en-la-despedida-a-las-victimas-del-derrumbe-en-genova\/\" \/>\n<meta property=\"og:site_name\" content=\"El Diario de Tucuman\" \/>\n<meta property=\"article:published_time\" content=\"2018-08-19T15:50:54+00:00\" \/>\n<meta property=\"og:image\" content=\"https:\/\/www.cronica.com.ar\/export\/sites\/cronica\/img\/2018\/08\/18\/italia1.jpg_375557203.jpg\" \/>\n<meta name=\"author\" content=\"eldiario detucuman\" \/>\n<meta name=\"twitter:card\" content=\"summary_large_image\" \/>\n<meta name=\"twitter:label1\" content=\"Escrito por\" \/>\n\t<meta name=\"twitter:data1\" content=\"eldiario detucuman\" \/>\n\t<meta name=\"twitter:label2\" content=\"Tiempo de lectura\" \/>\n\t<meta name=\"twitter:data2\" content=\"3 minutos\" \/>\n<script type=\"application\/ld+json\" class=\"yoast-schema-graph\">{\"@context\":\"https:\\\/\\\/schema.org\",\"@graph\":[{\"@type\":\"Article\",\"@id\":\"https:\\\/\\\/www.eldiariodetucuman.com\\\/web\\\/dolor-e-impotencia-en-la-despedida-a-las-victimas-del-derrumbe-en-genova\\\/#article\",\"isPartOf\":{\"@id\":\"https:\\\/\\\/www.eldiariodetucuman.com\\\/web\\\/dolor-e-impotencia-en-la-despedida-a-las-victimas-del-derrumbe-en-genova\\\/\"},\"author\":{\"name\":\"eldiario detucuman\",\"@id\":\"https:\\\/\\\/www.eldiariodetucuman.com\\\/web\\\/#\\\/schema\\\/person\\\/6f95946e54fde848b878ffa4928071d5\"},\"headline\":\"Dolor e impotencia en la despedida a las v\u00edctimas del derrumbe en G\u00e9nova\",\"datePublished\":\"2018-08-19T15:50:54+00:00\",\"mainEntityOfPage\":{\"@id\":\"https:\\\/\\\/www.eldiariodetucuman.com\\\/web\\\/dolor-e-impotencia-en-la-despedida-a-las-victimas-del-derrumbe-en-genova\\\/\"},\"wordCount\":702,\"commentCount\":0,\"publisher\":{\"@id\":\"https:\\\/\\\/www.eldiariodetucuman.com\\\/web\\\/#organization\"},\"image\":{\"@id\":\"https:\\\/\\\/www.eldiariodetucuman.com\\\/web\\\/dolor-e-impotencia-en-la-despedida-a-las-victimas-del-derrumbe-en-genova\\\/#primaryimage\"},\"thumbnailUrl\":\"https:\\\/\\\/www.cronica.com.ar\\\/export\\\/sites\\\/cronica\\\/img\\\/2018\\\/08\\\/18\\\/italia1.jpg_375557203.jpg\",\"articleSection\":[\"Internacionales\"],\"inLanguage\":\"es\",\"potentialAction\":[{\"@type\":\"CommentAction\",\"name\":\"Comment\",\"target\":[\"https:\\\/\\\/www.eldiariodetucuman.com\\\/web\\\/dolor-e-impotencia-en-la-despedida-a-las-victimas-del-derrumbe-en-genova\\\/#respond\"]}]},{\"@type\":\"WebPage\",\"@id\":\"https:\\\/\\\/www.eldiariodetucuman.com\\\/web\\\/dolor-e-impotencia-en-la-despedida-a-las-victimas-del-derrumbe-en-genova\\\/\",\"url\":\"https:\\\/\\\/www.eldiariodetucuman.com\\\/web\\\/dolor-e-impotencia-en-la-despedida-a-las-victimas-del-derrumbe-en-genova\\\/\",\"name\":\"Dolor e impotencia en la despedida a las v\u00edctimas del derrumbe en G\u00e9nova - El Diario de Tucuman\",\"isPartOf\":{\"@id\":\"https:\\\/\\\/www.eldiariodetucuman.com\\\/web\\\/#website\"},\"primaryImageOfPage\":{\"@id\":\"https:\\\/\\\/www.eldiariodetucuman.com\\\/web\\\/dolor-e-impotencia-en-la-despedida-a-las-victimas-del-derrumbe-en-genova\\\/#primaryimage\"},\"image\":{\"@id\":\"https:\\\/\\\/www.eldiariodetucuman.com\\\/web\\\/dolor-e-impotencia-en-la-despedida-a-las-victimas-del-derrumbe-en-genova\\\/#primaryimage\"},\"thumbnailUrl\":\"https:\\\/\\\/www.cronica.com.ar\\\/export\\\/sites\\\/cronica\\\/img\\\/2018\\\/08\\\/18\\\/italia1.jpg_375557203.jpg\",\"datePublished\":\"2018-08-19T15:50:54+00:00\",\"breadcrumb\":{\"@id\":\"https:\\\/\\\/www.eldiariodetucuman.com\\\/web\\\/dolor-e-impotencia-en-la-despedida-a-las-victimas-del-derrumbe-en-genova\\\/#breadcrumb\"},\"inLanguage\":\"es\",\"potentialAction\":[{\"@type\":\"ReadAction\",\"target\":[\"https:\\\/\\\/www.eldiariodetucuman.com\\\/web\\\/dolor-e-impotencia-en-la-despedida-a-las-victimas-del-derrumbe-en-genova\\\/\"]}]},{\"@type\":\"ImageObject\",\"inLanguage\":\"es\",\"@id\":\"https:\\\/\\\/www.eldiariodetucuman.com\\\/web\\\/dolor-e-impotencia-en-la-despedida-a-las-victimas-del-derrumbe-en-genova\\\/#primaryimage\",\"url\":\"https:\\\/\\\/www.cronica.com.ar\\\/export\\\/sites\\\/cronica\\\/img\\\/2018\\\/08\\\/18\\\/italia1.jpg_375557203.jpg\",\"contentUrl\":\"https:\\\/\\\/www.cronica.com.ar\\\/export\\\/sites\\\/cronica\\\/img\\\/2018\\\/08\\\/18\\\/italia1.jpg_375557203.jpg\"},{\"@type\":\"BreadcrumbList\",\"@id\":\"https:\\\/\\\/www.eldiariodetucuman.com\\\/web\\\/dolor-e-impotencia-en-la-despedida-a-las-victimas-del-derrumbe-en-genova\\\/#breadcrumb\",\"itemListElement\":[{\"@type\":\"ListItem\",\"position\":1,\"name\":\"Portada\",\"item\":\"https:\\\/\\\/www.eldiariodetucuman.com\\\/web\\\/\"},{\"@type\":\"ListItem\",\"position\":2,\"name\":\"Dolor e impotencia en la despedida a las v\u00edctimas del derrumbe en G\u00e9nova\"}]},{\"@type\":\"WebSite\",\"@id\":\"https:\\\/\\\/www.eldiariodetucuman.com\\\/web\\\/#website\",\"url\":\"https:\\\/\\\/www.eldiariodetucuman.com\\\/web\\\/\",\"name\":\"El Diario de Tucuman\",\"description\":\"Diario Tucuman - Informaci\u00f3n y noticias\",\"publisher\":{\"@id\":\"https:\\\/\\\/www.eldiariodetucuman.com\\\/web\\\/#organization\"},\"potentialAction\":[{\"@type\":\"SearchAction\",\"target\":{\"@type\":\"EntryPoint\",\"urlTemplate\":\"https:\\\/\\\/www.eldiariodetucuman.com\\\/web\\\/?s={search_term_string}\"},\"query-input\":{\"@type\":\"PropertyValueSpecification\",\"valueRequired\":true,\"valueName\":\"search_term_string\"}}],\"inLanguage\":\"es\"},{\"@type\":\"Organization\",\"@id\":\"https:\\\/\\\/www.eldiariodetucuman.com\\\/web\\\/#organization\",\"name\":\"El Diario de Tucuman\",\"url\":\"https:\\\/\\\/www.eldiariodetucuman.com\\\/web\\\/\",\"logo\":{\"@type\":\"ImageObject\",\"inLanguage\":\"es\",\"@id\":\"https:\\\/\\\/www.eldiariodetucuman.com\\\/web\\\/#\\\/schema\\\/logo\\\/image\\\/\",\"url\":\"http:\\\/\\\/www.eldiariodetucuman.com\\\/web\\\/wp-content\\\/uploads\\\/2017\\\/12\\\/el-diario-de-tucuman.jpg\",\"contentUrl\":\"http:\\\/\\\/www.eldiariodetucuman.com\\\/web\\\/wp-content\\\/uploads\\\/2017\\\/12\\\/el-diario-de-tucuman.jpg\",\"width\":272,\"height\":92,\"caption\":\"El Diario de Tucuman\"},\"image\":{\"@id\":\"https:\\\/\\\/www.eldiariodetucuman.com\\\/web\\\/#\\\/schema\\\/logo\\\/image\\\/\"}},{\"@type\":\"Person\",\"@id\":\"https:\\\/\\\/www.eldiariodetucuman.com\\\/web\\\/#\\\/schema\\\/person\\\/6f95946e54fde848b878ffa4928071d5\",\"name\":\"eldiario detucuman\",\"image\":{\"@type\":\"ImageObject\",\"inLanguage\":\"es\",\"@id\":\"https:\\\/\\\/secure.gravatar.com\\\/avatar\\\/b6e1f89c5c4044c4962c8e6c20b1ca2cc99f549c965908afd4ec5308b3f51bfe?s=96&d=mm&r=g\",\"url\":\"https:\\\/\\\/secure.gravatar.com\\\/avatar\\\/b6e1f89c5c4044c4962c8e6c20b1ca2cc99f549c965908afd4ec5308b3f51bfe?s=96&d=mm&r=g\",\"contentUrl\":\"https:\\\/\\\/secure.gravatar.com\\\/avatar\\\/b6e1f89c5c4044c4962c8e6c20b1ca2cc99f549c965908afd4ec5308b3f51bfe?s=96&d=mm&r=g\",\"caption\":\"eldiario detucuman\"},\"url\":\"https:\\\/\\\/www.eldiariodetucuman.com\\\/web\\\/author\\\/eldiariodetucuman\\\/\"}]}<\/script>\n<!-- \/ Yoast SEO plugin. -->","yoast_head_json":{"title":"Dolor e impotencia en la despedida a las v\u00edctimas del derrumbe en G\u00e9nova - El Diario de Tucuman","robots":{"index":"index","follow":"follow","max-snippet":"max-snippet:-1","max-image-preview":"max-image-preview:large","max-video-preview":"max-video-preview:-1"},"canonical":"https:\/\/www.eldiariodetucuman.com\/web\/dolor-e-impotencia-en-la-despedida-a-las-victimas-del-derrumbe-en-genova\/","og_locale":"es_ES","og_type":"article","og_title":"Dolor e impotencia en la despedida a las v\u00edctimas del derrumbe en G\u00e9nova - El Diario de Tucuman","og_description":"Italia\u00a0ofreci\u00f3 este s\u00e1bado una despedida sobria y solemne a las v\u00edctimas del derrumbe del puente de G\u00e9nova, en un funeral de Estado boicoteado por la mitad de las familias de los 40 muertos confirmados, mientras rescatistas anunciaron el hallazgo de nuevos cuerpos entre los escombros.\u00a0 Los 19 f\u00e9retros que participaron del acto\u00a0(AFP). En una inmensa [&hellip;]","og_url":"https:\/\/www.eldiariodetucuman.com\/web\/dolor-e-impotencia-en-la-despedida-a-las-victimas-del-derrumbe-en-genova\/","og_site_name":"El Diario de Tucuman","article_published_time":"2018-08-19T15:50:54+00:00","og_image":[{"url":"https:\/\/www.cronica.com.ar\/export\/sites\/cronica\/img\/2018\/08\/18\/italia1.jpg_375557203.jpg","type":"","width":"","height":""}],"author":"eldiario detucuman","twitter_card":"summary_large_image","twitter_misc":{"Escrito por":"eldiario detucuman","Tiempo de lectura":"3 minutos"},"schema":{"@context":"https:\/\/schema.org","@graph":[{"@type":"Article","@id":"https:\/\/www.eldiariodetucuman.com\/web\/dolor-e-impotencia-en-la-despedida-a-las-victimas-del-derrumbe-en-genova\/#article","isPartOf":{"@id":"https:\/\/www.eldiariodetucuman.com\/web\/dolor-e-impotencia-en-la-despedida-a-las-victimas-del-derrumbe-en-genova\/"},"author":{"name":"eldiario detucuman","@id":"https:\/\/www.eldiariodetucuman.com\/web\/#\/schema\/person\/6f95946e54fde848b878ffa4928071d5"},"headline":"Dolor e impotencia en la despedida a las v\u00edctimas del derrumbe en G\u00e9nova","datePublished":"2018-08-19T15:50:54+00:00","mainEntityOfPage":{"@id":"https:\/\/www.eldiariodetucuman.com\/web\/dolor-e-impotencia-en-la-despedida-a-las-victimas-del-derrumbe-en-genova\/"},"wordCount":702,"commentCount":0,"publisher":{"@id":"https:\/\/www.eldiariodetucuman.com\/web\/#organization"},"image":{"@id":"https:\/\/www.eldiariodetucuman.com\/web\/dolor-e-impotencia-en-la-despedida-a-las-victimas-del-derrumbe-en-genova\/#primaryimage"},"thumbnailUrl":"https:\/\/www.cronica.com.ar\/export\/sites\/cronica\/img\/2018\/08\/18\/italia1.jpg_375557203.jpg","articleSection":["Internacionales"],"inLanguage":"es","potentialAction":[{"@type":"CommentAction","name":"Comment","target":["https:\/\/www.eldiariodetucuman.com\/web\/dolor-e-impotencia-en-la-despedida-a-las-victimas-del-derrumbe-en-genova\/#respond"]}]},{"@type":"WebPage","@id":"https:\/\/www.eldiariodetucuman.com\/web\/dolor-e-impotencia-en-la-despedida-a-las-victimas-del-derrumbe-en-genova\/","url":"https:\/\/www.eldiariodetucuman.com\/web\/dolor-e-impotencia-en-la-despedida-a-las-victimas-del-derrumbe-en-genova\/","name":"Dolor e impotencia en la despedida a las v\u00edctimas del derrumbe en G\u00e9nova - El Diario de Tucuman","isPartOf":{"@id":"https:\/\/www.eldiariodetucuman.com\/web\/#website"},"primaryImageOfPage":{"@id":"https:\/\/www.eldiariodetucuman.com\/web\/dolor-e-impotencia-en-la-despedida-a-las-victimas-del-derrumbe-en-genova\/#primaryimage"},"image":{"@id":"https:\/\/www.eldiariodetucuman.com\/web\/dolor-e-impotencia-en-la-despedida-a-las-victimas-del-derrumbe-en-genova\/#primaryimage"},"thumbnailUrl":"https:\/\/www.cronica.com.ar\/export\/sites\/cronica\/img\/2018\/08\/18\/italia1.jpg_375557203.jpg","datePublished":"2018-08-19T15:50:54+00:00","breadcrumb":{"@id":"https:\/\/www.eldiariodetucuman.com\/web\/dolor-e-impotencia-en-la-despedida-a-las-victimas-del-derrumbe-en-genova\/#breadcrumb"},"inLanguage":"es","potentialAction":[{"@type":"ReadAction","target":["https:\/\/www.eldiariodetucuman.com\/web\/dolor-e-impotencia-en-la-despedida-a-las-victimas-del-derrumbe-en-genova\/"]}]},{"@type":"ImageObject","inLanguage":"es","@id":"https:\/\/www.eldiariodetucuman.com\/web\/dolor-e-impotencia-en-la-despedida-a-las-victimas-del-derrumbe-en-genova\/#primaryimage","url":"https:\/\/www.cronica.com.ar\/export\/sites\/cronica\/img\/2018\/08\/18\/italia1.jpg_375557203.jpg","contentUrl":"https:\/\/www.cronica.com.ar\/export\/sites\/cronica\/img\/2018\/08\/18\/italia1.jpg_375557203.jpg"},{"@type":"BreadcrumbList","@id":"https:\/\/www.eldiariodetucuman.com\/web\/dolor-e-impotencia-en-la-despedida-a-las-victimas-del-derrumbe-en-genova\/#breadcrumb","itemListElement":[{"@type":"ListItem","position":1,"name":"Portada","item":"https:\/\/www.eldiariodetucuman.com\/web\/"},{"@type":"ListItem","position":2,"name":"Dolor e impotencia en la despedida a las v\u00edctimas del derrumbe en G\u00e9nova"}]},{"@type":"WebSite","@id":"https:\/\/www.eldiariodetucuman.com\/web\/#website","url":"https:\/\/www.eldiariodetucuman.com\/web\/","name":"El Diario de Tucuman","description":"Diario Tucuman - Informaci\u00f3n y noticias","publisher":{"@id":"https:\/\/www.eldiariodetucuman.com\/web\/#organization"},"potentialAction":[{"@type":"SearchAction","target":{"@type":"EntryPoint","urlTemplate":"https:\/\/www.eldiariodetucuman.com\/web\/?s={search_term_string}"},"query-input":{"@type":"PropertyValueSpecification","valueRequired":true,"valueName":"search_term_string"}}],"inLanguage":"es"},{"@type":"Organization","@id":"https:\/\/www.eldiariodetucuman.com\/web\/#organization","name":"El Diario de Tucuman","url":"https:\/\/www.eldiariodetucuman.com\/web\/","logo":{"@type":"ImageObject","inLanguage":"es","@id":"https:\/\/www.eldiariodetucuman.com\/web\/#\/schema\/logo\/image\/","url":"http:\/\/www.eldiariodetucuman.com\/web\/wp-content\/uploads\/2017\/12\/el-diario-de-tucuman.jpg","contentUrl":"http:\/\/www.eldiariodetucuman.com\/web\/wp-content\/uploads\/2017\/12\/el-diario-de-tucuman.jpg","width":272,"height":92,"caption":"El Diario de Tucuman"},"image":{"@id":"https:\/\/www.eldiariodetucuman.com\/web\/#\/schema\/logo\/image\/"}},{"@type":"Person","@id":"https:\/\/www.eldiariodetucuman.com\/web\/#\/schema\/person\/6f95946e54fde848b878ffa4928071d5","name":"eldiario detucuman","image":{"@type":"ImageObject","inLanguage":"es","@id":"https:\/\/secure.gravatar.com\/avatar\/b6e1f89c5c4044c4962c8e6c20b1ca2cc99f549c965908afd4ec5308b3f51bfe?s=96&d=mm&r=g","url":"https:\/\/secure.gravatar.com\/avatar\/b6e1f89c5c4044c4962c8e6c20b1ca2cc99f549c965908afd4ec5308b3f51bfe?s=96&d=mm&r=g","contentUrl":"https:\/\/secure.gravatar.com\/avatar\/b6e1f89c5c4044c4962c8e6c20b1ca2cc99f549c965908afd4ec5308b3f51bfe?s=96&d=mm&r=g","caption":"eldiario detucuman"},"url":"https:\/\/www.eldiariodetucuman.com\/web\/author\/eldiariodetucuman\/"}]}},"_links":{"self":[{"href":"https:\/\/www.eldiariodetucuman.com\/web\/wp-json\/wp\/v2\/posts\/15541","targetHints":{"allow":["GET"]}}],"collection":[{"href":"https:\/\/www.eldiariodetucuman.com\/web\/wp-json\/wp\/v2\/posts"}],"about":[{"href":"https:\/\/www.eldiariodetucuman.com\/web\/wp-json\/wp\/v2\/types\/post"}],"author":[{"embeddable":true,"href":"https:\/\/www.eldiariodetucuman.com\/web\/wp-json\/wp\/v2\/users\/4"}],"replies":[{"embeddable":true,"href":"https:\/\/www.eldiariodetucuman.com\/web\/wp-json\/wp\/v2\/comments?post=15541"}],"version-history":[{"count":0,"href":"https:\/\/www.eldiariodetucuman.com\/web\/wp-json\/wp\/v2\/posts\/15541\/revisions"}],"wp:attachment":[{"href":"https:\/\/www.eldiariodetucuman.com\/web\/wp-json\/wp\/v2\/media?parent=15541"}],"wp:term":[{"taxonomy":"category","embeddable":true,"href":"https:\/\/www.eldiariodetucuman.com\/web\/wp-json\/wp\/v2\/categories?post=15541"},{"taxonomy":"post_tag","embeddable":true,"href":"https:\/\/www.eldiariodetucuman.com\/web\/wp-json\/wp\/v2\/tags?post=15541"}],"curies":[{"name":"wp","href":"https:\/\/api.w.org\/{rel}","templated":true}]}}