{"id":15538,"date":"2018-08-19T11:42:03","date_gmt":"2018-08-19T14:42:03","guid":{"rendered":"http:\/\/www.eldiariodetucuman.com\/web\/milagro-sala-regreso-a-su-residencia-jujena-de-el-carmen\/"},"modified":"2018-08-19T11:42:05","modified_gmt":"2018-08-19T14:42:05","slug":"milagro-sala-regreso-a-su-residencia-jujena-de-el-carmen","status":"publish","type":"post","link":"https:\/\/www.eldiariodetucuman.com\/web\/milagro-sala-regreso-a-su-residencia-jujena-de-el-carmen\/","title":{"rendered":"Milagro Sala regres\u00f3 a su residencia juje\u00f1a de El Carmen"},"content":{"rendered":"<div>\n<div readability=\"63.118530884808\">\n<p>\u00a0 <a href=\"https:\/\/www.elintransigente.com\/noticias\/buscar\/?buscar=milagro+sala\">Milagro Sala<\/a>, fue trasladada hoy por orden del juez Pablo Pull\u00e9n Llermanos de vuelta a la prisi\u00f3n domiciliaria del distrito juje\u00f1o de El Carmen en atenci\u00f3n a una orden de la Corte Suprema de Justicia, pero su defensa afirma que el traslado no cumple con esa resoluci\u00f3n.<\/p>\n<p>Tras haber sido trasladada al Complejo Penitenciario Federal III de G\u00fcemes, en la provincia de Salta, el juez Llermanos resolvi\u00f3 mediante un oficio fechado el \u00faltimo viernes que la dirigente kirchnerista vuelva a su lugar de arresto anterior en El Carmen, adonde regres\u00f3 finalmente este s\u00e1bado bajo custodia de <a href=\"https:\/\/www.elintransigente.com\/noticias\/buscar\/?buscar=gendarmeria+nacional\">Gendarmer\u00eda Nacional<\/a>.<\/p>\n<aside class=\"htmlinline \"><ins class=\"adsbygoogle\" data-ad-layout=\"in-article\" data-ad-format=\"fluid\" data-ad-client=\"ca-pub-7781556717282971\" data-ad-slot=\"9383133609\"><\/ins><br \/>\n<\/aside>\n<p>\u00a0 En su resoluci\u00f3n, Llermanos indic\u00f3 que el nuevo traslado apunta a \u00abdar estricto cumplimiento a lo ordenado por la Corte Suprema de Justicia\u00bb, que el martes pasado reclamo al Poder Judicial de Jujuy que dispusiera \u00abcon car\u00e1cter de urgencia\u00bb el arresto domiciliario de la dirigente kirchnerista.<\/p>\n<p>Esa orden del m\u00e1ximo tribunal del pa\u00eds cumple, a su vez, con lo dictado por la Corte Interamericana de Derechos Humanos (CIDH), que inst\u00f3 a darle arresto domiciliario a Sala para salvaguardar su estado de salud.<\/p>\n<p>Sin embargo, los abogados de Sala apelar\u00e1n la orden de Llermanos, indicaron fuentes del entorno de la l\u00edder. La apelaci\u00f3n ser\u00e1 realizada porque consideran que la resoluci\u00f3n no cumple con la orden de la Corte Suprema debido a que el domicilio legal y habitual de la dirigente es su casa en el departamento juje\u00f1o de Cucaya.<\/p>\n<p>\u00a0Seg\u00fan explicaron fuentes cercanas a la dirigente social, La residencia de El Carmen es una propiedad que est\u00e1 a nombre de Sala pero no es su domicilio habitual y adem\u00e1s, su estancia all\u00ed \u00abincumple con la Ley de Ejecuci\u00f3n Penal\u00bb.<\/p>\n<p>De acuerdo al entorno de la l\u00edder de la Tupac Amaru, el art\u00edculo 33 de esa ley se\u00f1ala que una persona en arresto domiciliario no puede ser custodiada por fuerzas de seguridad ni tiene horarios de visita, algo que s\u00ed ocurre en el domicilio de El Carmen.<\/p>\n<p>\u00a0Adem\u00e1s, Pullen Llermanos determin\u00f3 que, a partir de ahora, Sala no podr\u00e1 tener m\u00e9dicos que no est\u00e9n matriculados en la provincia de Jujuy, lo que significa que no podr\u00e1 atenderse con su equipo de m\u00e9dicos habitual que coordina el ex ministro de Salud Daniel Goll\u00e1n.<\/p>\n<p>\u00a0Esto, seg\u00fan el entorno de Sala, agrava las condiciones de detenci\u00f3n y tambi\u00e9n \u00abincumple\u00bb con lo dictado por la CIDH y ratificado por la Corte Suprema de Justicia.<\/p>\n<\/div>\n<\/div>\n<p>Fuente: https:\/\/www.elintransigente.com\/politica\/2018\/8\/18\/milagro-sala-regreso-su-residencia-jujena-de-el-carmen-506344.html<\/p>\n","protected":false},"excerpt":{"rendered":"<p>\u00a0 Milagro Sala, fue trasladada hoy por orden del juez Pablo Pull\u00e9n Llermanos de vuelta a la prisi\u00f3n domiciliaria del distrito juje\u00f1o de El Carmen en atenci\u00f3n a una orden de la Corte Suprema de Justicia, pero su defensa afirma que el traslado no cumple con esa resoluci\u00f3n. Tras haber sido trasladada al Complejo Penitenciario [&hellip;]<\/p>\n","protected":false},"author":1,"featured_media":15539,"comment_status":"open","ping_status":"closed","sticky":false,"template":"","format":"standard","meta":{"footnotes":""},"categories":[1],"tags":[],"class_list":{"0":"post-15538","1":"post","2":"type-post","3":"status-publish","4":"format-standard","5":"has-post-thumbnail","7":"category-portada"},"yoast_head":"<!-- This site is optimized with the Yoast SEO plugin v27.4 - https:\/\/yoast.com\/product\/yoast-seo-wordpress\/ -->\n<title>Milagro Sala regres\u00f3 a su residencia juje\u00f1a de El Carmen - El Diario de Tucuman<\/title>\n<meta name=\"robots\" content=\"index, follow, max-snippet:-1, max-image-preview:large, max-video-preview:-1\" \/>\n<link rel=\"canonical\" href=\"https:\/\/www.eldiariodetucuman.com\/web\/milagro-sala-regreso-a-su-residencia-jujena-de-el-carmen\/\" \/>\n<meta property=\"og:locale\" content=\"es_ES\" \/>\n<meta property=\"og:type\" content=\"article\" \/>\n<meta property=\"og:title\" content=\"Milagro Sala regres\u00f3 a su residencia juje\u00f1a de El Carmen - El Diario de Tucuman\" \/>\n<meta property=\"og:description\" content=\"\u00a0 Milagro Sala, fue trasladada hoy por orden del juez Pablo Pull\u00e9n Llermanos de vuelta a la prisi\u00f3n domiciliaria del distrito juje\u00f1o de El Carmen en atenci\u00f3n a una orden de la Corte Suprema de Justicia, pero su defensa afirma que el traslado no cumple con esa resoluci\u00f3n. Tras haber sido trasladada al Complejo Penitenciario [&hellip;]\" \/>\n<meta property=\"og:url\" content=\"https:\/\/www.eldiariodetucuman.com\/web\/milagro-sala-regreso-a-su-residencia-jujena-de-el-carmen\/\" \/>\n<meta property=\"og:site_name\" content=\"El Diario de Tucuman\" \/>\n<meta property=\"article:published_time\" content=\"2018-08-19T14:42:03+00:00\" \/>\n<meta property=\"article:modified_time\" content=\"2018-08-19T14:42:05+00:00\" \/>\n<meta property=\"og:image\" content=\"https:\/\/www.eldiariodetucuman.com\/web\/wp-content\/uploads\/2018\/08\/9ca05061d57099a1c9aa78c8498fccee.jpeg\" \/>\n\t<meta property=\"og:image:width\" content=\"960\" \/>\n\t<meta property=\"og:image:height\" content=\"540\" \/>\n\t<meta property=\"og:image:type\" content=\"image\/jpeg\" \/>\n<meta name=\"author\" content=\"admin\" \/>\n<meta name=\"twitter:card\" content=\"summary_large_image\" \/>\n<meta name=\"twitter:label1\" content=\"Escrito por\" \/>\n\t<meta name=\"twitter:data1\" content=\"admin\" \/>\n\t<meta name=\"twitter:label2\" content=\"Tiempo de lectura\" \/>\n\t<meta name=\"twitter:data2\" content=\"2 minutos\" \/>\n<script type=\"application\/ld+json\" class=\"yoast-schema-graph\">{\"@context\":\"https:\\\/\\\/schema.org\",\"@graph\":[{\"@type\":\"Article\",\"@id\":\"https:\\\/\\\/www.eldiariodetucuman.com\\\/web\\\/milagro-sala-regreso-a-su-residencia-jujena-de-el-carmen\\\/#article\",\"isPartOf\":{\"@id\":\"https:\\\/\\\/www.eldiariodetucuman.com\\\/web\\\/milagro-sala-regreso-a-su-residencia-jujena-de-el-carmen\\\/\"},\"author\":{\"name\":\"admin\",\"@id\":\"https:\\\/\\\/www.eldiariodetucuman.com\\\/web\\\/#\\\/schema\\\/person\\\/9250197d75ab5483412e19678b121caa\"},\"headline\":\"Milagro Sala regres\u00f3 a su residencia juje\u00f1a de El Carmen\",\"datePublished\":\"2018-08-19T14:42:03+00:00\",\"dateModified\":\"2018-08-19T14:42:05+00:00\",\"mainEntityOfPage\":{\"@id\":\"https:\\\/\\\/www.eldiariodetucuman.com\\\/web\\\/milagro-sala-regreso-a-su-residencia-jujena-de-el-carmen\\\/\"},\"wordCount\":445,\"commentCount\":0,\"publisher\":{\"@id\":\"https:\\\/\\\/www.eldiariodetucuman.com\\\/web\\\/#organization\"},\"image\":{\"@id\":\"https:\\\/\\\/www.eldiariodetucuman.com\\\/web\\\/milagro-sala-regreso-a-su-residencia-jujena-de-el-carmen\\\/#primaryimage\"},\"thumbnailUrl\":\"https:\\\/\\\/www.eldiariodetucuman.com\\\/web\\\/wp-content\\\/uploads\\\/2018\\\/08\\\/9ca05061d57099a1c9aa78c8498fccee.jpeg\",\"articleSection\":[\"Portada\"],\"inLanguage\":\"es\",\"potentialAction\":[{\"@type\":\"CommentAction\",\"name\":\"Comment\",\"target\":[\"https:\\\/\\\/www.eldiariodetucuman.com\\\/web\\\/milagro-sala-regreso-a-su-residencia-jujena-de-el-carmen\\\/#respond\"]}]},{\"@type\":\"WebPage\",\"@id\":\"https:\\\/\\\/www.eldiariodetucuman.com\\\/web\\\/milagro-sala-regreso-a-su-residencia-jujena-de-el-carmen\\\/\",\"url\":\"https:\\\/\\\/www.eldiariodetucuman.com\\\/web\\\/milagro-sala-regreso-a-su-residencia-jujena-de-el-carmen\\\/\",\"name\":\"Milagro Sala regres\u00f3 a su residencia juje\u00f1a de El Carmen - El Diario de Tucuman\",\"isPartOf\":{\"@id\":\"https:\\\/\\\/www.eldiariodetucuman.com\\\/web\\\/#website\"},\"primaryImageOfPage\":{\"@id\":\"https:\\\/\\\/www.eldiariodetucuman.com\\\/web\\\/milagro-sala-regreso-a-su-residencia-jujena-de-el-carmen\\\/#primaryimage\"},\"image\":{\"@id\":\"https:\\\/\\\/www.eldiariodetucuman.com\\\/web\\\/milagro-sala-regreso-a-su-residencia-jujena-de-el-carmen\\\/#primaryimage\"},\"thumbnailUrl\":\"https:\\\/\\\/www.eldiariodetucuman.com\\\/web\\\/wp-content\\\/uploads\\\/2018\\\/08\\\/9ca05061d57099a1c9aa78c8498fccee.jpeg\",\"datePublished\":\"2018-08-19T14:42:03+00:00\",\"dateModified\":\"2018-08-19T14:42:05+00:00\",\"breadcrumb\":{\"@id\":\"https:\\\/\\\/www.eldiariodetucuman.com\\\/web\\\/milagro-sala-regreso-a-su-residencia-jujena-de-el-carmen\\\/#breadcrumb\"},\"inLanguage\":\"es\",\"potentialAction\":[{\"@type\":\"ReadAction\",\"target\":[\"https:\\\/\\\/www.eldiariodetucuman.com\\\/web\\\/milagro-sala-regreso-a-su-residencia-jujena-de-el-carmen\\\/\"]}]},{\"@type\":\"ImageObject\",\"inLanguage\":\"es\",\"@id\":\"https:\\\/\\\/www.eldiariodetucuman.com\\\/web\\\/milagro-sala-regreso-a-su-residencia-jujena-de-el-carmen\\\/#primaryimage\",\"url\":\"https:\\\/\\\/www.eldiariodetucuman.com\\\/web\\\/wp-content\\\/uploads\\\/2018\\\/08\\\/9ca05061d57099a1c9aa78c8498fccee.jpeg\",\"contentUrl\":\"https:\\\/\\\/www.eldiariodetucuman.com\\\/web\\\/wp-content\\\/uploads\\\/2018\\\/08\\\/9ca05061d57099a1c9aa78c8498fccee.jpeg\",\"width\":960,\"height\":540},{\"@type\":\"BreadcrumbList\",\"@id\":\"https:\\\/\\\/www.eldiariodetucuman.com\\\/web\\\/milagro-sala-regreso-a-su-residencia-jujena-de-el-carmen\\\/#breadcrumb\",\"itemListElement\":[{\"@type\":\"ListItem\",\"position\":1,\"name\":\"Portada\",\"item\":\"https:\\\/\\\/www.eldiariodetucuman.com\\\/web\\\/\"},{\"@type\":\"ListItem\",\"position\":2,\"name\":\"Milagro Sala regres\u00f3 a su residencia juje\u00f1a de El Carmen\"}]},{\"@type\":\"WebSite\",\"@id\":\"https:\\\/\\\/www.eldiariodetucuman.com\\\/web\\\/#website\",\"url\":\"https:\\\/\\\/www.eldiariodetucuman.com\\\/web\\\/\",\"name\":\"El Diario de Tucuman\",\"description\":\"Diario Tucuman - Informaci\u00f3n y noticias\",\"publisher\":{\"@id\":\"https:\\\/\\\/www.eldiariodetucuman.com\\\/web\\\/#organization\"},\"potentialAction\":[{\"@type\":\"SearchAction\",\"target\":{\"@type\":\"EntryPoint\",\"urlTemplate\":\"https:\\\/\\\/www.eldiariodetucuman.com\\\/web\\\/?s={search_term_string}\"},\"query-input\":{\"@type\":\"PropertyValueSpecification\",\"valueRequired\":true,\"valueName\":\"search_term_string\"}}],\"inLanguage\":\"es\"},{\"@type\":\"Organization\",\"@id\":\"https:\\\/\\\/www.eldiariodetucuman.com\\\/web\\\/#organization\",\"name\":\"El Diario de Tucuman\",\"url\":\"https:\\\/\\\/www.eldiariodetucuman.com\\\/web\\\/\",\"logo\":{\"@type\":\"ImageObject\",\"inLanguage\":\"es\",\"@id\":\"https:\\\/\\\/www.eldiariodetucuman.com\\\/web\\\/#\\\/schema\\\/logo\\\/image\\\/\",\"url\":\"http:\\\/\\\/www.eldiariodetucuman.com\\\/web\\\/wp-content\\\/uploads\\\/2017\\\/12\\\/el-diario-de-tucuman.jpg\",\"contentUrl\":\"http:\\\/\\\/www.eldiariodetucuman.com\\\/web\\\/wp-content\\\/uploads\\\/2017\\\/12\\\/el-diario-de-tucuman.jpg\",\"width\":272,\"height\":92,\"caption\":\"El Diario de Tucuman\"},\"image\":{\"@id\":\"https:\\\/\\\/www.eldiariodetucuman.com\\\/web\\\/#\\\/schema\\\/logo\\\/image\\\/\"}},{\"@type\":\"Person\",\"@id\":\"https:\\\/\\\/www.eldiariodetucuman.com\\\/web\\\/#\\\/schema\\\/person\\\/9250197d75ab5483412e19678b121caa\",\"name\":\"admin\",\"image\":{\"@type\":\"ImageObject\",\"inLanguage\":\"es\",\"@id\":\"https:\\\/\\\/secure.gravatar.com\\\/avatar\\\/c44d117c2be811212c22cb481f6b8384b6873de103fbc49e7a03cc58d7dea4ac?s=96&d=mm&r=g\",\"url\":\"https:\\\/\\\/secure.gravatar.com\\\/avatar\\\/c44d117c2be811212c22cb481f6b8384b6873de103fbc49e7a03cc58d7dea4ac?s=96&d=mm&r=g\",\"contentUrl\":\"https:\\\/\\\/secure.gravatar.com\\\/avatar\\\/c44d117c2be811212c22cb481f6b8384b6873de103fbc49e7a03cc58d7dea4ac?s=96&d=mm&r=g\",\"caption\":\"admin\"},\"url\":\"https:\\\/\\\/www.eldiariodetucuman.com\\\/web\\\/author\\\/admin\\\/\"}]}<\/script>\n<!-- \/ Yoast SEO plugin. -->","yoast_head_json":{"title":"Milagro Sala regres\u00f3 a su residencia juje\u00f1a de El Carmen - El Diario de Tucuman","robots":{"index":"index","follow":"follow","max-snippet":"max-snippet:-1","max-image-preview":"max-image-preview:large","max-video-preview":"max-video-preview:-1"},"canonical":"https:\/\/www.eldiariodetucuman.com\/web\/milagro-sala-regreso-a-su-residencia-jujena-de-el-carmen\/","og_locale":"es_ES","og_type":"article","og_title":"Milagro Sala regres\u00f3 a su residencia juje\u00f1a de El Carmen - El Diario de Tucuman","og_description":"\u00a0 Milagro Sala, fue trasladada hoy por orden del juez Pablo Pull\u00e9n Llermanos de vuelta a la prisi\u00f3n domiciliaria del distrito juje\u00f1o de El Carmen en atenci\u00f3n a una orden de la Corte Suprema de Justicia, pero su defensa afirma que el traslado no cumple con esa resoluci\u00f3n. Tras haber sido trasladada al Complejo Penitenciario [&hellip;]","og_url":"https:\/\/www.eldiariodetucuman.com\/web\/milagro-sala-regreso-a-su-residencia-jujena-de-el-carmen\/","og_site_name":"El Diario de Tucuman","article_published_time":"2018-08-19T14:42:03+00:00","article_modified_time":"2018-08-19T14:42:05+00:00","og_image":[{"width":960,"height":540,"url":"https:\/\/www.eldiariodetucuman.com\/web\/wp-content\/uploads\/2018\/08\/9ca05061d57099a1c9aa78c8498fccee.jpeg","type":"image\/jpeg"}],"author":"admin","twitter_card":"summary_large_image","twitter_misc":{"Escrito por":"admin","Tiempo de lectura":"2 minutos"},"schema":{"@context":"https:\/\/schema.org","@graph":[{"@type":"Article","@id":"https:\/\/www.eldiariodetucuman.com\/web\/milagro-sala-regreso-a-su-residencia-jujena-de-el-carmen\/#article","isPartOf":{"@id":"https:\/\/www.eldiariodetucuman.com\/web\/milagro-sala-regreso-a-su-residencia-jujena-de-el-carmen\/"},"author":{"name":"admin","@id":"https:\/\/www.eldiariodetucuman.com\/web\/#\/schema\/person\/9250197d75ab5483412e19678b121caa"},"headline":"Milagro Sala regres\u00f3 a su residencia juje\u00f1a de El Carmen","datePublished":"2018-08-19T14:42:03+00:00","dateModified":"2018-08-19T14:42:05+00:00","mainEntityOfPage":{"@id":"https:\/\/www.eldiariodetucuman.com\/web\/milagro-sala-regreso-a-su-residencia-jujena-de-el-carmen\/"},"wordCount":445,"commentCount":0,"publisher":{"@id":"https:\/\/www.eldiariodetucuman.com\/web\/#organization"},"image":{"@id":"https:\/\/www.eldiariodetucuman.com\/web\/milagro-sala-regreso-a-su-residencia-jujena-de-el-carmen\/#primaryimage"},"thumbnailUrl":"https:\/\/www.eldiariodetucuman.com\/web\/wp-content\/uploads\/2018\/08\/9ca05061d57099a1c9aa78c8498fccee.jpeg","articleSection":["Portada"],"inLanguage":"es","potentialAction":[{"@type":"CommentAction","name":"Comment","target":["https:\/\/www.eldiariodetucuman.com\/web\/milagro-sala-regreso-a-su-residencia-jujena-de-el-carmen\/#respond"]}]},{"@type":"WebPage","@id":"https:\/\/www.eldiariodetucuman.com\/web\/milagro-sala-regreso-a-su-residencia-jujena-de-el-carmen\/","url":"https:\/\/www.eldiariodetucuman.com\/web\/milagro-sala-regreso-a-su-residencia-jujena-de-el-carmen\/","name":"Milagro Sala regres\u00f3 a su residencia juje\u00f1a de El Carmen - El Diario de Tucuman","isPartOf":{"@id":"https:\/\/www.eldiariodetucuman.com\/web\/#website"},"primaryImageOfPage":{"@id":"https:\/\/www.eldiariodetucuman.com\/web\/milagro-sala-regreso-a-su-residencia-jujena-de-el-carmen\/#primaryimage"},"image":{"@id":"https:\/\/www.eldiariodetucuman.com\/web\/milagro-sala-regreso-a-su-residencia-jujena-de-el-carmen\/#primaryimage"},"thumbnailUrl":"https:\/\/www.eldiariodetucuman.com\/web\/wp-content\/uploads\/2018\/08\/9ca05061d57099a1c9aa78c8498fccee.jpeg","datePublished":"2018-08-19T14:42:03+00:00","dateModified":"2018-08-19T14:42:05+00:00","breadcrumb":{"@id":"https:\/\/www.eldiariodetucuman.com\/web\/milagro-sala-regreso-a-su-residencia-jujena-de-el-carmen\/#breadcrumb"},"inLanguage":"es","potentialAction":[{"@type":"ReadAction","target":["https:\/\/www.eldiariodetucuman.com\/web\/milagro-sala-regreso-a-su-residencia-jujena-de-el-carmen\/"]}]},{"@type":"ImageObject","inLanguage":"es","@id":"https:\/\/www.eldiariodetucuman.com\/web\/milagro-sala-regreso-a-su-residencia-jujena-de-el-carmen\/#primaryimage","url":"https:\/\/www.eldiariodetucuman.com\/web\/wp-content\/uploads\/2018\/08\/9ca05061d57099a1c9aa78c8498fccee.jpeg","contentUrl":"https:\/\/www.eldiariodetucuman.com\/web\/wp-content\/uploads\/2018\/08\/9ca05061d57099a1c9aa78c8498fccee.jpeg","width":960,"height":540},{"@type":"BreadcrumbList","@id":"https:\/\/www.eldiariodetucuman.com\/web\/milagro-sala-regreso-a-su-residencia-jujena-de-el-carmen\/#breadcrumb","itemListElement":[{"@type":"ListItem","position":1,"name":"Portada","item":"https:\/\/www.eldiariodetucuman.com\/web\/"},{"@type":"ListItem","position":2,"name":"Milagro Sala regres\u00f3 a su residencia juje\u00f1a de El Carmen"}]},{"@type":"WebSite","@id":"https:\/\/www.eldiariodetucuman.com\/web\/#website","url":"https:\/\/www.eldiariodetucuman.com\/web\/","name":"El Diario de Tucuman","description":"Diario Tucuman - Informaci\u00f3n y noticias","publisher":{"@id":"https:\/\/www.eldiariodetucuman.com\/web\/#organization"},"potentialAction":[{"@type":"SearchAction","target":{"@type":"EntryPoint","urlTemplate":"https:\/\/www.eldiariodetucuman.com\/web\/?s={search_term_string}"},"query-input":{"@type":"PropertyValueSpecification","valueRequired":true,"valueName":"search_term_string"}}],"inLanguage":"es"},{"@type":"Organization","@id":"https:\/\/www.eldiariodetucuman.com\/web\/#organization","name":"El Diario de Tucuman","url":"https:\/\/www.eldiariodetucuman.com\/web\/","logo":{"@type":"ImageObject","inLanguage":"es","@id":"https:\/\/www.eldiariodetucuman.com\/web\/#\/schema\/logo\/image\/","url":"http:\/\/www.eldiariodetucuman.com\/web\/wp-content\/uploads\/2017\/12\/el-diario-de-tucuman.jpg","contentUrl":"http:\/\/www.eldiariodetucuman.com\/web\/wp-content\/uploads\/2017\/12\/el-diario-de-tucuman.jpg","width":272,"height":92,"caption":"El Diario de Tucuman"},"image":{"@id":"https:\/\/www.eldiariodetucuman.com\/web\/#\/schema\/logo\/image\/"}},{"@type":"Person","@id":"https:\/\/www.eldiariodetucuman.com\/web\/#\/schema\/person\/9250197d75ab5483412e19678b121caa","name":"admin","image":{"@type":"ImageObject","inLanguage":"es","@id":"https:\/\/secure.gravatar.com\/avatar\/c44d117c2be811212c22cb481f6b8384b6873de103fbc49e7a03cc58d7dea4ac?s=96&d=mm&r=g","url":"https:\/\/secure.gravatar.com\/avatar\/c44d117c2be811212c22cb481f6b8384b6873de103fbc49e7a03cc58d7dea4ac?s=96&d=mm&r=g","contentUrl":"https:\/\/secure.gravatar.com\/avatar\/c44d117c2be811212c22cb481f6b8384b6873de103fbc49e7a03cc58d7dea4ac?s=96&d=mm&r=g","caption":"admin"},"url":"https:\/\/www.eldiariodetucuman.com\/web\/author\/admin\/"}]}},"_links":{"self":[{"href":"https:\/\/www.eldiariodetucuman.com\/web\/wp-json\/wp\/v2\/posts\/15538","targetHints":{"allow":["GET"]}}],"collection":[{"href":"https:\/\/www.eldiariodetucuman.com\/web\/wp-json\/wp\/v2\/posts"}],"about":[{"href":"https:\/\/www.eldiariodetucuman.com\/web\/wp-json\/wp\/v2\/types\/post"}],"author":[{"embeddable":true,"href":"https:\/\/www.eldiariodetucuman.com\/web\/wp-json\/wp\/v2\/users\/1"}],"replies":[{"embeddable":true,"href":"https:\/\/www.eldiariodetucuman.com\/web\/wp-json\/wp\/v2\/comments?post=15538"}],"version-history":[{"count":1,"href":"https:\/\/www.eldiariodetucuman.com\/web\/wp-json\/wp\/v2\/posts\/15538\/revisions"}],"predecessor-version":[{"id":15540,"href":"https:\/\/www.eldiariodetucuman.com\/web\/wp-json\/wp\/v2\/posts\/15538\/revisions\/15540"}],"wp:featuredmedia":[{"embeddable":true,"href":"https:\/\/www.eldiariodetucuman.com\/web\/wp-json\/wp\/v2\/media\/15539"}],"wp:attachment":[{"href":"https:\/\/www.eldiariodetucuman.com\/web\/wp-json\/wp\/v2\/media?parent=15538"}],"wp:term":[{"taxonomy":"category","embeddable":true,"href":"https:\/\/www.eldiariodetucuman.com\/web\/wp-json\/wp\/v2\/categories?post=15538"},{"taxonomy":"post_tag","embeddable":true,"href":"https:\/\/www.eldiariodetucuman.com\/web\/wp-json\/wp\/v2\/tags?post=15538"}],"curies":[{"name":"wp","href":"https:\/\/api.w.org\/{rel}","templated":true}]}}