{"id":15535,"date":"2018-08-19T11:41:56","date_gmt":"2018-08-19T14:41:56","guid":{"rendered":"http:\/\/www.eldiariodetucuman.com\/web\/declaran-profugo-al-intendente-chaqueno-lorenzo-heffner\/"},"modified":"2018-08-19T11:41:57","modified_gmt":"2018-08-19T14:41:57","slug":"declaran-profugo-al-intendente-chaqueno-lorenzo-heffner","status":"publish","type":"post","link":"https:\/\/www.eldiariodetucuman.com\/web\/declaran-profugo-al-intendente-chaqueno-lorenzo-heffner\/","title":{"rendered":"Declaran pr\u00f3fugo al intendente chaque\u00f1o Lorenzo Heffner"},"content":{"rendered":"<div>\n<div readability=\"54.133651551313\">\n<p>\u00a0La Justicia Federal declar\u00f3 como pr\u00f3fugos al intendente del distrito chaque\u00f1o de <strong>Villa R\u00edo Bermejito<\/strong>, <a href=\"https:\/\/www.elintransigente.com\/noticias\/buscar\/?buscar=lorenzo+heffner\">Lorenzo Heffner<\/a>, y su ex secretario de Gobierno <a href=\"https:\/\/www.elintransigente.com\/noticias\/buscar\/?buscar=Jos%E9+Hipperdinger\">Jos\u00e9 Hipperdinger<\/a>, que tienen un pedido de detenci\u00f3n en una causa por presunto lavado de dinero.<\/p>\n<p>\u00a0El juez federal Aldo Alurralde libr\u00f3 el \u00faltimo viernes una orden de detenci\u00f3n para el intendente de Cambiemos y su ex funcionario, pero Gendarmer\u00eda Nacional no pudo dar con ellos y en consecuencia el magistrado los declar\u00f3 pr\u00f3fugos de la Justicia. En este contexto, el juez Alurralde orden\u00f3 la prohibici\u00f3n de salida del pa\u00eds para ambos.<\/p>\n<aside class=\"htmlinline \"><ins class=\"adsbygoogle\" data-ad-layout=\"in-article\" data-ad-format=\"fluid\" data-ad-client=\"ca-pub-7781556717282971\" data-ad-slot=\"9383133609\"><\/ins><br \/>\n<\/aside>\n<p>\u00a0A principios de mes, la jueza federal de Resistencia Zunilda Niremperger orden\u00f3 un allanamiento a la casa de Heffner, donde Gendarmer\u00eda descubri\u00f3 bolsas con dos millones de pesos guardadas arriba del cielorraso y un mill\u00f3n de pesos m\u00e1s fueron encontrados en una caja fuerte.<\/p>\n<p>\u00a0En el mismo procedimiento fueron secuestrados diez autos y camiones pertenecientes a Heffner y 21 veh\u00edculos propiedad de la familia Hipperdinger.<\/p>\n<p>En la causa, el fiscal federal de Resistencia, Patricio Sabadini, investiga \u00a0si el jefe comunal desvi\u00f3 fondos provenientes del Ministerio de Planificaci\u00f3n, liderado en ese entonces por Julio De Vido, que eran remitidos al Instituto de Desarrollo Urbano y Vivienda de Chaco (IPDUV), para construir viviendas destinadas a abor\u00edgenes chaque\u00f1os que nunca se hicieron.<\/p>\n<p>Heffner lleg\u00f3 a la intendencia de Villa R\u00edo Bermejito en 2003, como representante de la Alianza Frente de Todos que encabezaba la Uni\u00f3n C\u00edvica Radical. Tras ser reelecto en 2007, recal\u00f3 en el Frente Chaco Merece M\u00e1s, del ex jefe de Gabinete Jorge Capitanich, quien ese a\u00f1o fue elegido gobernador de la provincia. En 2011 volvi\u00f3 a ganar las elecciones y, tras obtener un nuevo triunfo en 2015, el a\u00f1o pasado pas\u00f3 a formar parte de Cambiemos.<\/p>\n<p>El incremento patrimonial y las posesiones de Heffner e Hipperdinger resultaban llamativas para los habitantes de Villa R\u00edo Bermejito,\u00a0\u00a0uno de los municipios m\u00e1s pobres de\u00a0\u00a0Chaco.\u00a0La\u00a0\u00a0causa gener\u00f3 indignaci\u00f3n en toda la provincia.<\/p>\n<\/div>\n<\/div>\n<p>Fuente: https:\/\/www.elintransigente.com\/politica\/2018\/8\/18\/declaran-profugo-al-intendente-chaqueno-lorenzo-heffner-506345.html<\/p>\n","protected":false},"excerpt":{"rendered":"<p>\u00a0La Justicia Federal declar\u00f3 como pr\u00f3fugos al intendente del distrito chaque\u00f1o de Villa R\u00edo Bermejito, Lorenzo Heffner, y su ex secretario de Gobierno Jos\u00e9 Hipperdinger, que tienen un pedido de detenci\u00f3n en una causa por presunto lavado de dinero. \u00a0El juez federal Aldo Alurralde libr\u00f3 el \u00faltimo viernes una orden de detenci\u00f3n para el intendente [&hellip;]<\/p>\n","protected":false},"author":1,"featured_media":15536,"comment_status":"open","ping_status":"closed","sticky":false,"template":"","format":"standard","meta":{"footnotes":""},"categories":[1],"tags":[],"class_list":{"0":"post-15535","1":"post","2":"type-post","3":"status-publish","4":"format-standard","5":"has-post-thumbnail","7":"category-portada"},"yoast_head":"<!-- This site is optimized with the Yoast SEO plugin v27.4 - https:\/\/yoast.com\/product\/yoast-seo-wordpress\/ -->\n<title>Declaran pr\u00f3fugo al intendente chaque\u00f1o Lorenzo Heffner - El Diario de Tucuman<\/title>\n<meta name=\"robots\" content=\"index, follow, max-snippet:-1, max-image-preview:large, max-video-preview:-1\" \/>\n<link rel=\"canonical\" href=\"https:\/\/www.eldiariodetucuman.com\/web\/declaran-profugo-al-intendente-chaqueno-lorenzo-heffner\/\" \/>\n<meta property=\"og:locale\" content=\"es_ES\" \/>\n<meta property=\"og:type\" content=\"article\" \/>\n<meta property=\"og:title\" content=\"Declaran pr\u00f3fugo al intendente chaque\u00f1o Lorenzo Heffner - El Diario de Tucuman\" \/>\n<meta property=\"og:description\" content=\"\u00a0La Justicia Federal declar\u00f3 como pr\u00f3fugos al intendente del distrito chaque\u00f1o de Villa R\u00edo Bermejito, Lorenzo Heffner, y su ex secretario de Gobierno Jos\u00e9 Hipperdinger, que tienen un pedido de detenci\u00f3n en una causa por presunto lavado de dinero. \u00a0El juez federal Aldo Alurralde libr\u00f3 el \u00faltimo viernes una orden de detenci\u00f3n para el intendente [&hellip;]\" \/>\n<meta property=\"og:url\" content=\"https:\/\/www.eldiariodetucuman.com\/web\/declaran-profugo-al-intendente-chaqueno-lorenzo-heffner\/\" \/>\n<meta property=\"og:site_name\" content=\"El Diario de Tucuman\" \/>\n<meta property=\"article:published_time\" content=\"2018-08-19T14:41:56+00:00\" \/>\n<meta property=\"article:modified_time\" content=\"2018-08-19T14:41:57+00:00\" \/>\n<meta property=\"og:image\" content=\"https:\/\/www.eldiariodetucuman.com\/web\/wp-content\/uploads\/2018\/08\/99564dcb0e73938f9b8edf36485d3ef1.jpeg\" \/>\n\t<meta property=\"og:image:width\" content=\"960\" \/>\n\t<meta property=\"og:image:height\" content=\"537\" \/>\n\t<meta property=\"og:image:type\" content=\"image\/jpeg\" \/>\n<meta name=\"author\" content=\"admin\" \/>\n<meta name=\"twitter:card\" content=\"summary_large_image\" \/>\n<meta name=\"twitter:label1\" content=\"Escrito por\" \/>\n\t<meta name=\"twitter:data1\" content=\"admin\" \/>\n\t<meta name=\"twitter:label2\" content=\"Tiempo de lectura\" \/>\n\t<meta name=\"twitter:data2\" content=\"2 minutos\" \/>\n<script type=\"application\/ld+json\" class=\"yoast-schema-graph\">{\"@context\":\"https:\\\/\\\/schema.org\",\"@graph\":[{\"@type\":\"Article\",\"@id\":\"https:\\\/\\\/www.eldiariodetucuman.com\\\/web\\\/declaran-profugo-al-intendente-chaqueno-lorenzo-heffner\\\/#article\",\"isPartOf\":{\"@id\":\"https:\\\/\\\/www.eldiariodetucuman.com\\\/web\\\/declaran-profugo-al-intendente-chaqueno-lorenzo-heffner\\\/\"},\"author\":{\"name\":\"admin\",\"@id\":\"https:\\\/\\\/www.eldiariodetucuman.com\\\/web\\\/#\\\/schema\\\/person\\\/9250197d75ab5483412e19678b121caa\"},\"headline\":\"Declaran pr\u00f3fugo al intendente chaque\u00f1o Lorenzo Heffner\",\"datePublished\":\"2018-08-19T14:41:56+00:00\",\"dateModified\":\"2018-08-19T14:41:57+00:00\",\"mainEntityOfPage\":{\"@id\":\"https:\\\/\\\/www.eldiariodetucuman.com\\\/web\\\/declaran-profugo-al-intendente-chaqueno-lorenzo-heffner\\\/\"},\"wordCount\":363,\"commentCount\":0,\"publisher\":{\"@id\":\"https:\\\/\\\/www.eldiariodetucuman.com\\\/web\\\/#organization\"},\"image\":{\"@id\":\"https:\\\/\\\/www.eldiariodetucuman.com\\\/web\\\/declaran-profugo-al-intendente-chaqueno-lorenzo-heffner\\\/#primaryimage\"},\"thumbnailUrl\":\"https:\\\/\\\/www.eldiariodetucuman.com\\\/web\\\/wp-content\\\/uploads\\\/2018\\\/08\\\/99564dcb0e73938f9b8edf36485d3ef1.jpeg\",\"articleSection\":[\"Portada\"],\"inLanguage\":\"es\",\"potentialAction\":[{\"@type\":\"CommentAction\",\"name\":\"Comment\",\"target\":[\"https:\\\/\\\/www.eldiariodetucuman.com\\\/web\\\/declaran-profugo-al-intendente-chaqueno-lorenzo-heffner\\\/#respond\"]}]},{\"@type\":\"WebPage\",\"@id\":\"https:\\\/\\\/www.eldiariodetucuman.com\\\/web\\\/declaran-profugo-al-intendente-chaqueno-lorenzo-heffner\\\/\",\"url\":\"https:\\\/\\\/www.eldiariodetucuman.com\\\/web\\\/declaran-profugo-al-intendente-chaqueno-lorenzo-heffner\\\/\",\"name\":\"Declaran pr\u00f3fugo al intendente chaque\u00f1o Lorenzo Heffner - El Diario de Tucuman\",\"isPartOf\":{\"@id\":\"https:\\\/\\\/www.eldiariodetucuman.com\\\/web\\\/#website\"},\"primaryImageOfPage\":{\"@id\":\"https:\\\/\\\/www.eldiariodetucuman.com\\\/web\\\/declaran-profugo-al-intendente-chaqueno-lorenzo-heffner\\\/#primaryimage\"},\"image\":{\"@id\":\"https:\\\/\\\/www.eldiariodetucuman.com\\\/web\\\/declaran-profugo-al-intendente-chaqueno-lorenzo-heffner\\\/#primaryimage\"},\"thumbnailUrl\":\"https:\\\/\\\/www.eldiariodetucuman.com\\\/web\\\/wp-content\\\/uploads\\\/2018\\\/08\\\/99564dcb0e73938f9b8edf36485d3ef1.jpeg\",\"datePublished\":\"2018-08-19T14:41:56+00:00\",\"dateModified\":\"2018-08-19T14:41:57+00:00\",\"breadcrumb\":{\"@id\":\"https:\\\/\\\/www.eldiariodetucuman.com\\\/web\\\/declaran-profugo-al-intendente-chaqueno-lorenzo-heffner\\\/#breadcrumb\"},\"inLanguage\":\"es\",\"potentialAction\":[{\"@type\":\"ReadAction\",\"target\":[\"https:\\\/\\\/www.eldiariodetucuman.com\\\/web\\\/declaran-profugo-al-intendente-chaqueno-lorenzo-heffner\\\/\"]}]},{\"@type\":\"ImageObject\",\"inLanguage\":\"es\",\"@id\":\"https:\\\/\\\/www.eldiariodetucuman.com\\\/web\\\/declaran-profugo-al-intendente-chaqueno-lorenzo-heffner\\\/#primaryimage\",\"url\":\"https:\\\/\\\/www.eldiariodetucuman.com\\\/web\\\/wp-content\\\/uploads\\\/2018\\\/08\\\/99564dcb0e73938f9b8edf36485d3ef1.jpeg\",\"contentUrl\":\"https:\\\/\\\/www.eldiariodetucuman.com\\\/web\\\/wp-content\\\/uploads\\\/2018\\\/08\\\/99564dcb0e73938f9b8edf36485d3ef1.jpeg\",\"width\":960,\"height\":537},{\"@type\":\"BreadcrumbList\",\"@id\":\"https:\\\/\\\/www.eldiariodetucuman.com\\\/web\\\/declaran-profugo-al-intendente-chaqueno-lorenzo-heffner\\\/#breadcrumb\",\"itemListElement\":[{\"@type\":\"ListItem\",\"position\":1,\"name\":\"Portada\",\"item\":\"https:\\\/\\\/www.eldiariodetucuman.com\\\/web\\\/\"},{\"@type\":\"ListItem\",\"position\":2,\"name\":\"Declaran pr\u00f3fugo al intendente chaque\u00f1o Lorenzo Heffner\"}]},{\"@type\":\"WebSite\",\"@id\":\"https:\\\/\\\/www.eldiariodetucuman.com\\\/web\\\/#website\",\"url\":\"https:\\\/\\\/www.eldiariodetucuman.com\\\/web\\\/\",\"name\":\"El Diario de Tucuman\",\"description\":\"Diario Tucuman - Informaci\u00f3n y noticias\",\"publisher\":{\"@id\":\"https:\\\/\\\/www.eldiariodetucuman.com\\\/web\\\/#organization\"},\"potentialAction\":[{\"@type\":\"SearchAction\",\"target\":{\"@type\":\"EntryPoint\",\"urlTemplate\":\"https:\\\/\\\/www.eldiariodetucuman.com\\\/web\\\/?s={search_term_string}\"},\"query-input\":{\"@type\":\"PropertyValueSpecification\",\"valueRequired\":true,\"valueName\":\"search_term_string\"}}],\"inLanguage\":\"es\"},{\"@type\":\"Organization\",\"@id\":\"https:\\\/\\\/www.eldiariodetucuman.com\\\/web\\\/#organization\",\"name\":\"El Diario de Tucuman\",\"url\":\"https:\\\/\\\/www.eldiariodetucuman.com\\\/web\\\/\",\"logo\":{\"@type\":\"ImageObject\",\"inLanguage\":\"es\",\"@id\":\"https:\\\/\\\/www.eldiariodetucuman.com\\\/web\\\/#\\\/schema\\\/logo\\\/image\\\/\",\"url\":\"http:\\\/\\\/www.eldiariodetucuman.com\\\/web\\\/wp-content\\\/uploads\\\/2017\\\/12\\\/el-diario-de-tucuman.jpg\",\"contentUrl\":\"http:\\\/\\\/www.eldiariodetucuman.com\\\/web\\\/wp-content\\\/uploads\\\/2017\\\/12\\\/el-diario-de-tucuman.jpg\",\"width\":272,\"height\":92,\"caption\":\"El Diario de Tucuman\"},\"image\":{\"@id\":\"https:\\\/\\\/www.eldiariodetucuman.com\\\/web\\\/#\\\/schema\\\/logo\\\/image\\\/\"}},{\"@type\":\"Person\",\"@id\":\"https:\\\/\\\/www.eldiariodetucuman.com\\\/web\\\/#\\\/schema\\\/person\\\/9250197d75ab5483412e19678b121caa\",\"name\":\"admin\",\"image\":{\"@type\":\"ImageObject\",\"inLanguage\":\"es\",\"@id\":\"https:\\\/\\\/secure.gravatar.com\\\/avatar\\\/c44d117c2be811212c22cb481f6b8384b6873de103fbc49e7a03cc58d7dea4ac?s=96&d=mm&r=g\",\"url\":\"https:\\\/\\\/secure.gravatar.com\\\/avatar\\\/c44d117c2be811212c22cb481f6b8384b6873de103fbc49e7a03cc58d7dea4ac?s=96&d=mm&r=g\",\"contentUrl\":\"https:\\\/\\\/secure.gravatar.com\\\/avatar\\\/c44d117c2be811212c22cb481f6b8384b6873de103fbc49e7a03cc58d7dea4ac?s=96&d=mm&r=g\",\"caption\":\"admin\"},\"url\":\"https:\\\/\\\/www.eldiariodetucuman.com\\\/web\\\/author\\\/admin\\\/\"}]}<\/script>\n<!-- \/ Yoast SEO plugin. -->","yoast_head_json":{"title":"Declaran pr\u00f3fugo al intendente chaque\u00f1o Lorenzo Heffner - El Diario de Tucuman","robots":{"index":"index","follow":"follow","max-snippet":"max-snippet:-1","max-image-preview":"max-image-preview:large","max-video-preview":"max-video-preview:-1"},"canonical":"https:\/\/www.eldiariodetucuman.com\/web\/declaran-profugo-al-intendente-chaqueno-lorenzo-heffner\/","og_locale":"es_ES","og_type":"article","og_title":"Declaran pr\u00f3fugo al intendente chaque\u00f1o Lorenzo Heffner - El Diario de Tucuman","og_description":"\u00a0La Justicia Federal declar\u00f3 como pr\u00f3fugos al intendente del distrito chaque\u00f1o de Villa R\u00edo Bermejito, Lorenzo Heffner, y su ex secretario de Gobierno Jos\u00e9 Hipperdinger, que tienen un pedido de detenci\u00f3n en una causa por presunto lavado de dinero. \u00a0El juez federal Aldo Alurralde libr\u00f3 el \u00faltimo viernes una orden de detenci\u00f3n para el intendente [&hellip;]","og_url":"https:\/\/www.eldiariodetucuman.com\/web\/declaran-profugo-al-intendente-chaqueno-lorenzo-heffner\/","og_site_name":"El Diario de Tucuman","article_published_time":"2018-08-19T14:41:56+00:00","article_modified_time":"2018-08-19T14:41:57+00:00","og_image":[{"width":960,"height":537,"url":"https:\/\/www.eldiariodetucuman.com\/web\/wp-content\/uploads\/2018\/08\/99564dcb0e73938f9b8edf36485d3ef1.jpeg","type":"image\/jpeg"}],"author":"admin","twitter_card":"summary_large_image","twitter_misc":{"Escrito por":"admin","Tiempo de lectura":"2 minutos"},"schema":{"@context":"https:\/\/schema.org","@graph":[{"@type":"Article","@id":"https:\/\/www.eldiariodetucuman.com\/web\/declaran-profugo-al-intendente-chaqueno-lorenzo-heffner\/#article","isPartOf":{"@id":"https:\/\/www.eldiariodetucuman.com\/web\/declaran-profugo-al-intendente-chaqueno-lorenzo-heffner\/"},"author":{"name":"admin","@id":"https:\/\/www.eldiariodetucuman.com\/web\/#\/schema\/person\/9250197d75ab5483412e19678b121caa"},"headline":"Declaran pr\u00f3fugo al intendente chaque\u00f1o Lorenzo Heffner","datePublished":"2018-08-19T14:41:56+00:00","dateModified":"2018-08-19T14:41:57+00:00","mainEntityOfPage":{"@id":"https:\/\/www.eldiariodetucuman.com\/web\/declaran-profugo-al-intendente-chaqueno-lorenzo-heffner\/"},"wordCount":363,"commentCount":0,"publisher":{"@id":"https:\/\/www.eldiariodetucuman.com\/web\/#organization"},"image":{"@id":"https:\/\/www.eldiariodetucuman.com\/web\/declaran-profugo-al-intendente-chaqueno-lorenzo-heffner\/#primaryimage"},"thumbnailUrl":"https:\/\/www.eldiariodetucuman.com\/web\/wp-content\/uploads\/2018\/08\/99564dcb0e73938f9b8edf36485d3ef1.jpeg","articleSection":["Portada"],"inLanguage":"es","potentialAction":[{"@type":"CommentAction","name":"Comment","target":["https:\/\/www.eldiariodetucuman.com\/web\/declaran-profugo-al-intendente-chaqueno-lorenzo-heffner\/#respond"]}]},{"@type":"WebPage","@id":"https:\/\/www.eldiariodetucuman.com\/web\/declaran-profugo-al-intendente-chaqueno-lorenzo-heffner\/","url":"https:\/\/www.eldiariodetucuman.com\/web\/declaran-profugo-al-intendente-chaqueno-lorenzo-heffner\/","name":"Declaran pr\u00f3fugo al intendente chaque\u00f1o Lorenzo Heffner - El Diario de Tucuman","isPartOf":{"@id":"https:\/\/www.eldiariodetucuman.com\/web\/#website"},"primaryImageOfPage":{"@id":"https:\/\/www.eldiariodetucuman.com\/web\/declaran-profugo-al-intendente-chaqueno-lorenzo-heffner\/#primaryimage"},"image":{"@id":"https:\/\/www.eldiariodetucuman.com\/web\/declaran-profugo-al-intendente-chaqueno-lorenzo-heffner\/#primaryimage"},"thumbnailUrl":"https:\/\/www.eldiariodetucuman.com\/web\/wp-content\/uploads\/2018\/08\/99564dcb0e73938f9b8edf36485d3ef1.jpeg","datePublished":"2018-08-19T14:41:56+00:00","dateModified":"2018-08-19T14:41:57+00:00","breadcrumb":{"@id":"https:\/\/www.eldiariodetucuman.com\/web\/declaran-profugo-al-intendente-chaqueno-lorenzo-heffner\/#breadcrumb"},"inLanguage":"es","potentialAction":[{"@type":"ReadAction","target":["https:\/\/www.eldiariodetucuman.com\/web\/declaran-profugo-al-intendente-chaqueno-lorenzo-heffner\/"]}]},{"@type":"ImageObject","inLanguage":"es","@id":"https:\/\/www.eldiariodetucuman.com\/web\/declaran-profugo-al-intendente-chaqueno-lorenzo-heffner\/#primaryimage","url":"https:\/\/www.eldiariodetucuman.com\/web\/wp-content\/uploads\/2018\/08\/99564dcb0e73938f9b8edf36485d3ef1.jpeg","contentUrl":"https:\/\/www.eldiariodetucuman.com\/web\/wp-content\/uploads\/2018\/08\/99564dcb0e73938f9b8edf36485d3ef1.jpeg","width":960,"height":537},{"@type":"BreadcrumbList","@id":"https:\/\/www.eldiariodetucuman.com\/web\/declaran-profugo-al-intendente-chaqueno-lorenzo-heffner\/#breadcrumb","itemListElement":[{"@type":"ListItem","position":1,"name":"Portada","item":"https:\/\/www.eldiariodetucuman.com\/web\/"},{"@type":"ListItem","position":2,"name":"Declaran pr\u00f3fugo al intendente chaque\u00f1o Lorenzo Heffner"}]},{"@type":"WebSite","@id":"https:\/\/www.eldiariodetucuman.com\/web\/#website","url":"https:\/\/www.eldiariodetucuman.com\/web\/","name":"El Diario de Tucuman","description":"Diario Tucuman - Informaci\u00f3n y noticias","publisher":{"@id":"https:\/\/www.eldiariodetucuman.com\/web\/#organization"},"potentialAction":[{"@type":"SearchAction","target":{"@type":"EntryPoint","urlTemplate":"https:\/\/www.eldiariodetucuman.com\/web\/?s={search_term_string}"},"query-input":{"@type":"PropertyValueSpecification","valueRequired":true,"valueName":"search_term_string"}}],"inLanguage":"es"},{"@type":"Organization","@id":"https:\/\/www.eldiariodetucuman.com\/web\/#organization","name":"El Diario de Tucuman","url":"https:\/\/www.eldiariodetucuman.com\/web\/","logo":{"@type":"ImageObject","inLanguage":"es","@id":"https:\/\/www.eldiariodetucuman.com\/web\/#\/schema\/logo\/image\/","url":"http:\/\/www.eldiariodetucuman.com\/web\/wp-content\/uploads\/2017\/12\/el-diario-de-tucuman.jpg","contentUrl":"http:\/\/www.eldiariodetucuman.com\/web\/wp-content\/uploads\/2017\/12\/el-diario-de-tucuman.jpg","width":272,"height":92,"caption":"El Diario de Tucuman"},"image":{"@id":"https:\/\/www.eldiariodetucuman.com\/web\/#\/schema\/logo\/image\/"}},{"@type":"Person","@id":"https:\/\/www.eldiariodetucuman.com\/web\/#\/schema\/person\/9250197d75ab5483412e19678b121caa","name":"admin","image":{"@type":"ImageObject","inLanguage":"es","@id":"https:\/\/secure.gravatar.com\/avatar\/c44d117c2be811212c22cb481f6b8384b6873de103fbc49e7a03cc58d7dea4ac?s=96&d=mm&r=g","url":"https:\/\/secure.gravatar.com\/avatar\/c44d117c2be811212c22cb481f6b8384b6873de103fbc49e7a03cc58d7dea4ac?s=96&d=mm&r=g","contentUrl":"https:\/\/secure.gravatar.com\/avatar\/c44d117c2be811212c22cb481f6b8384b6873de103fbc49e7a03cc58d7dea4ac?s=96&d=mm&r=g","caption":"admin"},"url":"https:\/\/www.eldiariodetucuman.com\/web\/author\/admin\/"}]}},"_links":{"self":[{"href":"https:\/\/www.eldiariodetucuman.com\/web\/wp-json\/wp\/v2\/posts\/15535","targetHints":{"allow":["GET"]}}],"collection":[{"href":"https:\/\/www.eldiariodetucuman.com\/web\/wp-json\/wp\/v2\/posts"}],"about":[{"href":"https:\/\/www.eldiariodetucuman.com\/web\/wp-json\/wp\/v2\/types\/post"}],"author":[{"embeddable":true,"href":"https:\/\/www.eldiariodetucuman.com\/web\/wp-json\/wp\/v2\/users\/1"}],"replies":[{"embeddable":true,"href":"https:\/\/www.eldiariodetucuman.com\/web\/wp-json\/wp\/v2\/comments?post=15535"}],"version-history":[{"count":1,"href":"https:\/\/www.eldiariodetucuman.com\/web\/wp-json\/wp\/v2\/posts\/15535\/revisions"}],"predecessor-version":[{"id":15537,"href":"https:\/\/www.eldiariodetucuman.com\/web\/wp-json\/wp\/v2\/posts\/15535\/revisions\/15537"}],"wp:featuredmedia":[{"embeddable":true,"href":"https:\/\/www.eldiariodetucuman.com\/web\/wp-json\/wp\/v2\/media\/15536"}],"wp:attachment":[{"href":"https:\/\/www.eldiariodetucuman.com\/web\/wp-json\/wp\/v2\/media?parent=15535"}],"wp:term":[{"taxonomy":"category","embeddable":true,"href":"https:\/\/www.eldiariodetucuman.com\/web\/wp-json\/wp\/v2\/categories?post=15535"},{"taxonomy":"post_tag","embeddable":true,"href":"https:\/\/www.eldiariodetucuman.com\/web\/wp-json\/wp\/v2\/tags?post=15535"}],"curies":[{"name":"wp","href":"https:\/\/api.w.org\/{rel}","templated":true}]}}