{"id":15532,"date":"2018-08-19T11:41:47","date_gmt":"2018-08-19T14:41:47","guid":{"rendered":"http:\/\/www.eldiariodetucuman.com\/web\/%c2%93reconozco-que-es-un-momento-dificil-que-la-gente-no-la-esta-pasando-bien%c2%94\/"},"modified":"2018-08-19T11:41:49","modified_gmt":"2018-08-19T14:41:49","slug":"%c2%93reconozco-que-es-un-momento-dificil-que-la-gente-no-la-esta-pasando-bien%c2%94","status":"publish","type":"post","link":"https:\/\/www.eldiariodetucuman.com\/web\/%c2%93reconozco-que-es-un-momento-dificil-que-la-gente-no-la-esta-pasando-bien%c2%94\/","title":{"rendered":"\u0093Reconozco que es un momento dif\u00edcil, que la gente no la est\u00e1 pasando bien\u0094"},"content":{"rendered":"<div>\n<div readability=\"60.052485089463\">\n<p>La gobernadora bonaerense <a href=\"https:\/\/www.elintransigente.com\/noticias\/buscar\/?buscar=maria+eugenia+vidal\">Mar\u00eda Eugenia Vidal<\/a>, aprovech\u00f3 el primer d\u00eda del fin de semana largo para hacer un timbreo en <a href=\"https:\/\/www.elintransigente.com\/noticias\/buscar\/?buscar=mar+del+plata\">Mar del Plata <\/a>y dialogar con los vecinos. Luego de finalizar con el recorrido por las calles de esa ciudad, \u00a0realiz\u00f3 en una entrevista radial en donde dijo estar preocupada por la actualidad econ\u00f3mica del pa\u00eds.<\/p>\n<p>&#8220;Reconozco que este es un momento muy dif\u00edcil, que la gente no la est\u00e1 pasando bien&#8221; se\u00f1al\u00f3 la mandataria, y agreg\u00f3: &#8220;A mi me preocupa la inflaci\u00f3n, que cada bonaerense pueda llegar a fin de mes&#8221;.<\/p>\n<aside class=\"htmlinline \"><ins class=\"adsbygoogle\" data-ad-layout=\"in-article\" data-ad-format=\"fluid\" data-ad-client=\"ca-pub-7781556717282971\" data-ad-slot=\"9383133609\"><\/ins><br \/>\n<\/aside>\n<p>La gobernadora adem\u00e1s afirm\u00f3 que: &#8220;Le preocupa sobre todo el impacto que la inflaci\u00f3n tiene en los alimentos y en las tarifas&#8221; y destaco: &#8220;por eso eliminamos los impuestos provinciales y municipales&#8221;.<\/p>\n<p>La mandataria se expres\u00f3 tras ser la \u00fanica protagonista del timbreo en la ciudad balnearia, actividad caracter\u00edstica del PRO, que suele llevarse a cabo a nivel nacional, pero en este caso s\u00f3lo se realiz\u00f3 en la ciudad costera.<\/p>\n<p>&#8220;Seguimos recorriendo la provincia como cada semana, hoy estuvimos en Mar del Plata y salimos a timbrear para escuchar a los vecinos hablar de lo que hacemos juntos y compartir como podemos seguir mejorando&#8221; manifest\u00f3 la dirigente de Cambiemos en Twitter, donde public\u00f3 una foto suya caminando junto a una vecina.<\/p>\n<p>La gobernadora arrib\u00f3 a la ciudad de Mar del Plata el \u00faltimo viernes acompa\u00f1ada por el ministro Rogelio Frigerio, con qui\u00e9n inaugur\u00f3 la nueva estaci\u00f3n depuradora de aguas residuales de ese distrito bonaerense.<\/p>\n<p>&#8220;Esta obra es una realidad, como tantas otras que se han hecho en la provincia que les permiten a los bonaerenses vivir mejor, obras que empiezan y se terminan, transparentes, no carteles vac\u00edos durante a\u00f1os sin respuesta para nadie&#8221;, sostuvo Vidal durante el acto.<\/p>\n<p>Adem\u00e1s, la mandataria se\u00f1al\u00f3 que:&#8221;Todav\u00eda falta mucho para que esta sea la ciudad que los marplatenses se merecen, la que vivimos cuando \u00e9ramos chicos&#8221; y agrego: &#8220;Para esa ciudad trabajamos&#8221;.<\/p>\n<p>&#8220;Venimos durante todo el a\u00f1o para empujar y que este mejor, para que los marplatenses que viven y aman esta ciudad, todos los d\u00edas sientan que Mar del Plata crece y avanza&#8221; sostuvo Vidal.<br \/>\n\u00a0<\/p>\n<div readability=\"6.4577039274924\">\n<blockquote class=\"twitter-tweet\" data-lang=\"es\" readability=\"6.8882175226586\">\n<p lang=\"es\" dir=\"ltr\">Seguimos recorriendo la Provincia como cada semana. Hoy estuvimos en Mar del Plata y salimos a timbrear para escuchar a los vecinos, hablar de lo que hacemos juntos y compartir c\u00f3mo podemos seguir mejorando para tener la Provincia que queremos. <a href=\"https:\/\/t.co\/OtzZpHWulC\">pic.twitter.com\/OtzZpHWulC<\/a><\/p>\n<p>\u2014 Mar\u00eda Eugenia Vidal (@mariuvidal) <a href=\"https:\/\/twitter.com\/mariuvidal\/status\/1030932348148297728?ref_src=twsrc%5Etfw\">18 de agosto de 2018<\/a><\/p><\/blockquote>\n<\/div>\n<\/div>\n<\/div>\n<p>Fuente: https:\/\/www.elintransigente.com\/politica\/2018\/8\/18\/reconozco-que-es-un-momento-dificil-que-la-gente-no-la-esta-pasando-bien-506347.html<\/p>\n","protected":false},"excerpt":{"rendered":"<p>La gobernadora bonaerense Mar\u00eda Eugenia Vidal, aprovech\u00f3 el primer d\u00eda del fin de semana largo para hacer un timbreo en Mar del Plata y dialogar con los vecinos. Luego de finalizar con el recorrido por las calles de esa ciudad, \u00a0realiz\u00f3 en una entrevista radial en donde dijo estar preocupada por la actualidad econ\u00f3mica del [&hellip;]<\/p>\n","protected":false},"author":1,"featured_media":15533,"comment_status":"open","ping_status":"closed","sticky":false,"template":"","format":"standard","meta":{"footnotes":""},"categories":[1],"tags":[],"class_list":{"0":"post-15532","1":"post","2":"type-post","3":"status-publish","4":"format-standard","5":"has-post-thumbnail","7":"category-portada"},"yoast_head":"<!-- This site is optimized with the Yoast SEO plugin v27.4 - https:\/\/yoast.com\/product\/yoast-seo-wordpress\/ -->\n<title>\u0093Reconozco que es un momento dif\u00edcil, que la gente no la est\u00e1 pasando bien\u0094 - El Diario de Tucuman<\/title>\n<meta name=\"robots\" content=\"index, follow, max-snippet:-1, max-image-preview:large, max-video-preview:-1\" \/>\n<link rel=\"canonical\" href=\"https:\/\/www.eldiariodetucuman.com\/web\/\u0093reconozco-que-es-un-momento-dificil-que-la-gente-no-la-esta-pasando-bien\u0094\/\" \/>\n<meta property=\"og:locale\" content=\"es_ES\" \/>\n<meta property=\"og:type\" content=\"article\" \/>\n<meta property=\"og:title\" content=\"\u0093Reconozco que es un momento dif\u00edcil, que la gente no la est\u00e1 pasando bien\u0094 - El Diario de Tucuman\" \/>\n<meta property=\"og:description\" content=\"La gobernadora bonaerense Mar\u00eda Eugenia Vidal, aprovech\u00f3 el primer d\u00eda del fin de semana largo para hacer un timbreo en Mar del Plata y dialogar con los vecinos. Luego de finalizar con el recorrido por las calles de esa ciudad, \u00a0realiz\u00f3 en una entrevista radial en donde dijo estar preocupada por la actualidad econ\u00f3mica del [&hellip;]\" \/>\n<meta property=\"og:url\" content=\"https:\/\/www.eldiariodetucuman.com\/web\/\u0093reconozco-que-es-un-momento-dificil-que-la-gente-no-la-esta-pasando-bien\u0094\/\" \/>\n<meta property=\"og:site_name\" content=\"El Diario de Tucuman\" \/>\n<meta property=\"article:published_time\" content=\"2018-08-19T14:41:47+00:00\" \/>\n<meta property=\"article:modified_time\" content=\"2018-08-19T14:41:49+00:00\" \/>\n<meta property=\"og:image\" content=\"https:\/\/www.eldiariodetucuman.com\/web\/wp-content\/uploads\/2018\/08\/7a636bec4cb1988c4df508409386c201.jpeg\" \/>\n\t<meta property=\"og:image:width\" content=\"960\" \/>\n\t<meta property=\"og:image:height\" content=\"540\" \/>\n\t<meta property=\"og:image:type\" content=\"image\/jpeg\" \/>\n<meta name=\"author\" content=\"admin\" \/>\n<meta name=\"twitter:card\" content=\"summary_large_image\" \/>\n<meta name=\"twitter:label1\" content=\"Escrito por\" \/>\n\t<meta name=\"twitter:data1\" content=\"admin\" \/>\n\t<meta name=\"twitter:label2\" content=\"Tiempo de lectura\" \/>\n\t<meta name=\"twitter:data2\" content=\"2 minutos\" \/>\n<script type=\"application\/ld+json\" class=\"yoast-schema-graph\">{\"@context\":\"https:\\\/\\\/schema.org\",\"@graph\":[{\"@type\":\"Article\",\"@id\":\"https:\\\/\\\/www.eldiariodetucuman.com\\\/web\\\/%c2%93reconozco-que-es-un-momento-dificil-que-la-gente-no-la-esta-pasando-bien%c2%94\\\/#article\",\"isPartOf\":{\"@id\":\"https:\\\/\\\/www.eldiariodetucuman.com\\\/web\\\/%c2%93reconozco-que-es-un-momento-dificil-que-la-gente-no-la-esta-pasando-bien%c2%94\\\/\"},\"author\":{\"name\":\"admin\",\"@id\":\"https:\\\/\\\/www.eldiariodetucuman.com\\\/web\\\/#\\\/schema\\\/person\\\/9250197d75ab5483412e19678b121caa\"},\"headline\":\"\u0093Reconozco que es un momento dif\u00edcil, que la gente no la est\u00e1 pasando bien\u0094\",\"datePublished\":\"2018-08-19T14:41:47+00:00\",\"dateModified\":\"2018-08-19T14:41:49+00:00\",\"mainEntityOfPage\":{\"@id\":\"https:\\\/\\\/www.eldiariodetucuman.com\\\/web\\\/%c2%93reconozco-que-es-un-momento-dificil-que-la-gente-no-la-esta-pasando-bien%c2%94\\\/\"},\"wordCount\":452,\"commentCount\":0,\"publisher\":{\"@id\":\"https:\\\/\\\/www.eldiariodetucuman.com\\\/web\\\/#organization\"},\"image\":{\"@id\":\"https:\\\/\\\/www.eldiariodetucuman.com\\\/web\\\/%c2%93reconozco-que-es-un-momento-dificil-que-la-gente-no-la-esta-pasando-bien%c2%94\\\/#primaryimage\"},\"thumbnailUrl\":\"https:\\\/\\\/www.eldiariodetucuman.com\\\/web\\\/wp-content\\\/uploads\\\/2018\\\/08\\\/7a636bec4cb1988c4df508409386c201.jpeg\",\"articleSection\":[\"Portada\"],\"inLanguage\":\"es\",\"potentialAction\":[{\"@type\":\"CommentAction\",\"name\":\"Comment\",\"target\":[\"https:\\\/\\\/www.eldiariodetucuman.com\\\/web\\\/%c2%93reconozco-que-es-un-momento-dificil-que-la-gente-no-la-esta-pasando-bien%c2%94\\\/#respond\"]}]},{\"@type\":\"WebPage\",\"@id\":\"https:\\\/\\\/www.eldiariodetucuman.com\\\/web\\\/%c2%93reconozco-que-es-un-momento-dificil-que-la-gente-no-la-esta-pasando-bien%c2%94\\\/\",\"url\":\"https:\\\/\\\/www.eldiariodetucuman.com\\\/web\\\/%c2%93reconozco-que-es-un-momento-dificil-que-la-gente-no-la-esta-pasando-bien%c2%94\\\/\",\"name\":\"\u0093Reconozco que es un momento dif\u00edcil, que la gente no la est\u00e1 pasando bien\u0094 - El Diario de Tucuman\",\"isPartOf\":{\"@id\":\"https:\\\/\\\/www.eldiariodetucuman.com\\\/web\\\/#website\"},\"primaryImageOfPage\":{\"@id\":\"https:\\\/\\\/www.eldiariodetucuman.com\\\/web\\\/%c2%93reconozco-que-es-un-momento-dificil-que-la-gente-no-la-esta-pasando-bien%c2%94\\\/#primaryimage\"},\"image\":{\"@id\":\"https:\\\/\\\/www.eldiariodetucuman.com\\\/web\\\/%c2%93reconozco-que-es-un-momento-dificil-que-la-gente-no-la-esta-pasando-bien%c2%94\\\/#primaryimage\"},\"thumbnailUrl\":\"https:\\\/\\\/www.eldiariodetucuman.com\\\/web\\\/wp-content\\\/uploads\\\/2018\\\/08\\\/7a636bec4cb1988c4df508409386c201.jpeg\",\"datePublished\":\"2018-08-19T14:41:47+00:00\",\"dateModified\":\"2018-08-19T14:41:49+00:00\",\"breadcrumb\":{\"@id\":\"https:\\\/\\\/www.eldiariodetucuman.com\\\/web\\\/%c2%93reconozco-que-es-un-momento-dificil-que-la-gente-no-la-esta-pasando-bien%c2%94\\\/#breadcrumb\"},\"inLanguage\":\"es\",\"potentialAction\":[{\"@type\":\"ReadAction\",\"target\":[\"https:\\\/\\\/www.eldiariodetucuman.com\\\/web\\\/%c2%93reconozco-que-es-un-momento-dificil-que-la-gente-no-la-esta-pasando-bien%c2%94\\\/\"]}]},{\"@type\":\"ImageObject\",\"inLanguage\":\"es\",\"@id\":\"https:\\\/\\\/www.eldiariodetucuman.com\\\/web\\\/%c2%93reconozco-que-es-un-momento-dificil-que-la-gente-no-la-esta-pasando-bien%c2%94\\\/#primaryimage\",\"url\":\"https:\\\/\\\/www.eldiariodetucuman.com\\\/web\\\/wp-content\\\/uploads\\\/2018\\\/08\\\/7a636bec4cb1988c4df508409386c201.jpeg\",\"contentUrl\":\"https:\\\/\\\/www.eldiariodetucuman.com\\\/web\\\/wp-content\\\/uploads\\\/2018\\\/08\\\/7a636bec4cb1988c4df508409386c201.jpeg\",\"width\":960,\"height\":540},{\"@type\":\"BreadcrumbList\",\"@id\":\"https:\\\/\\\/www.eldiariodetucuman.com\\\/web\\\/%c2%93reconozco-que-es-un-momento-dificil-que-la-gente-no-la-esta-pasando-bien%c2%94\\\/#breadcrumb\",\"itemListElement\":[{\"@type\":\"ListItem\",\"position\":1,\"name\":\"Portada\",\"item\":\"https:\\\/\\\/www.eldiariodetucuman.com\\\/web\\\/\"},{\"@type\":\"ListItem\",\"position\":2,\"name\":\"\u0093Reconozco que es un momento dif\u00edcil, que la gente no la est\u00e1 pasando bien\u0094\"}]},{\"@type\":\"WebSite\",\"@id\":\"https:\\\/\\\/www.eldiariodetucuman.com\\\/web\\\/#website\",\"url\":\"https:\\\/\\\/www.eldiariodetucuman.com\\\/web\\\/\",\"name\":\"El Diario de Tucuman\",\"description\":\"Diario Tucuman - Informaci\u00f3n y noticias\",\"publisher\":{\"@id\":\"https:\\\/\\\/www.eldiariodetucuman.com\\\/web\\\/#organization\"},\"potentialAction\":[{\"@type\":\"SearchAction\",\"target\":{\"@type\":\"EntryPoint\",\"urlTemplate\":\"https:\\\/\\\/www.eldiariodetucuman.com\\\/web\\\/?s={search_term_string}\"},\"query-input\":{\"@type\":\"PropertyValueSpecification\",\"valueRequired\":true,\"valueName\":\"search_term_string\"}}],\"inLanguage\":\"es\"},{\"@type\":\"Organization\",\"@id\":\"https:\\\/\\\/www.eldiariodetucuman.com\\\/web\\\/#organization\",\"name\":\"El Diario de Tucuman\",\"url\":\"https:\\\/\\\/www.eldiariodetucuman.com\\\/web\\\/\",\"logo\":{\"@type\":\"ImageObject\",\"inLanguage\":\"es\",\"@id\":\"https:\\\/\\\/www.eldiariodetucuman.com\\\/web\\\/#\\\/schema\\\/logo\\\/image\\\/\",\"url\":\"http:\\\/\\\/www.eldiariodetucuman.com\\\/web\\\/wp-content\\\/uploads\\\/2017\\\/12\\\/el-diario-de-tucuman.jpg\",\"contentUrl\":\"http:\\\/\\\/www.eldiariodetucuman.com\\\/web\\\/wp-content\\\/uploads\\\/2017\\\/12\\\/el-diario-de-tucuman.jpg\",\"width\":272,\"height\":92,\"caption\":\"El Diario de Tucuman\"},\"image\":{\"@id\":\"https:\\\/\\\/www.eldiariodetucuman.com\\\/web\\\/#\\\/schema\\\/logo\\\/image\\\/\"}},{\"@type\":\"Person\",\"@id\":\"https:\\\/\\\/www.eldiariodetucuman.com\\\/web\\\/#\\\/schema\\\/person\\\/9250197d75ab5483412e19678b121caa\",\"name\":\"admin\",\"image\":{\"@type\":\"ImageObject\",\"inLanguage\":\"es\",\"@id\":\"https:\\\/\\\/secure.gravatar.com\\\/avatar\\\/c44d117c2be811212c22cb481f6b8384b6873de103fbc49e7a03cc58d7dea4ac?s=96&d=mm&r=g\",\"url\":\"https:\\\/\\\/secure.gravatar.com\\\/avatar\\\/c44d117c2be811212c22cb481f6b8384b6873de103fbc49e7a03cc58d7dea4ac?s=96&d=mm&r=g\",\"contentUrl\":\"https:\\\/\\\/secure.gravatar.com\\\/avatar\\\/c44d117c2be811212c22cb481f6b8384b6873de103fbc49e7a03cc58d7dea4ac?s=96&d=mm&r=g\",\"caption\":\"admin\"},\"url\":\"https:\\\/\\\/www.eldiariodetucuman.com\\\/web\\\/author\\\/admin\\\/\"}]}<\/script>\n<!-- \/ Yoast SEO plugin. -->","yoast_head_json":{"title":"\u0093Reconozco que es un momento dif\u00edcil, que la gente no la est\u00e1 pasando bien\u0094 - El Diario de Tucuman","robots":{"index":"index","follow":"follow","max-snippet":"max-snippet:-1","max-image-preview":"max-image-preview:large","max-video-preview":"max-video-preview:-1"},"canonical":"https:\/\/www.eldiariodetucuman.com\/web\/\u0093reconozco-que-es-un-momento-dificil-que-la-gente-no-la-esta-pasando-bien\u0094\/","og_locale":"es_ES","og_type":"article","og_title":"\u0093Reconozco que es un momento dif\u00edcil, que la gente no la est\u00e1 pasando bien\u0094 - El Diario de Tucuman","og_description":"La gobernadora bonaerense Mar\u00eda Eugenia Vidal, aprovech\u00f3 el primer d\u00eda del fin de semana largo para hacer un timbreo en Mar del Plata y dialogar con los vecinos. Luego de finalizar con el recorrido por las calles de esa ciudad, \u00a0realiz\u00f3 en una entrevista radial en donde dijo estar preocupada por la actualidad econ\u00f3mica del [&hellip;]","og_url":"https:\/\/www.eldiariodetucuman.com\/web\/\u0093reconozco-que-es-un-momento-dificil-que-la-gente-no-la-esta-pasando-bien\u0094\/","og_site_name":"El Diario de Tucuman","article_published_time":"2018-08-19T14:41:47+00:00","article_modified_time":"2018-08-19T14:41:49+00:00","og_image":[{"width":960,"height":540,"url":"https:\/\/www.eldiariodetucuman.com\/web\/wp-content\/uploads\/2018\/08\/7a636bec4cb1988c4df508409386c201.jpeg","type":"image\/jpeg"}],"author":"admin","twitter_card":"summary_large_image","twitter_misc":{"Escrito por":"admin","Tiempo de lectura":"2 minutos"},"schema":{"@context":"https:\/\/schema.org","@graph":[{"@type":"Article","@id":"https:\/\/www.eldiariodetucuman.com\/web\/%c2%93reconozco-que-es-un-momento-dificil-que-la-gente-no-la-esta-pasando-bien%c2%94\/#article","isPartOf":{"@id":"https:\/\/www.eldiariodetucuman.com\/web\/%c2%93reconozco-que-es-un-momento-dificil-que-la-gente-no-la-esta-pasando-bien%c2%94\/"},"author":{"name":"admin","@id":"https:\/\/www.eldiariodetucuman.com\/web\/#\/schema\/person\/9250197d75ab5483412e19678b121caa"},"headline":"\u0093Reconozco que es un momento dif\u00edcil, que la gente no la est\u00e1 pasando bien\u0094","datePublished":"2018-08-19T14:41:47+00:00","dateModified":"2018-08-19T14:41:49+00:00","mainEntityOfPage":{"@id":"https:\/\/www.eldiariodetucuman.com\/web\/%c2%93reconozco-que-es-un-momento-dificil-que-la-gente-no-la-esta-pasando-bien%c2%94\/"},"wordCount":452,"commentCount":0,"publisher":{"@id":"https:\/\/www.eldiariodetucuman.com\/web\/#organization"},"image":{"@id":"https:\/\/www.eldiariodetucuman.com\/web\/%c2%93reconozco-que-es-un-momento-dificil-que-la-gente-no-la-esta-pasando-bien%c2%94\/#primaryimage"},"thumbnailUrl":"https:\/\/www.eldiariodetucuman.com\/web\/wp-content\/uploads\/2018\/08\/7a636bec4cb1988c4df508409386c201.jpeg","articleSection":["Portada"],"inLanguage":"es","potentialAction":[{"@type":"CommentAction","name":"Comment","target":["https:\/\/www.eldiariodetucuman.com\/web\/%c2%93reconozco-que-es-un-momento-dificil-que-la-gente-no-la-esta-pasando-bien%c2%94\/#respond"]}]},{"@type":"WebPage","@id":"https:\/\/www.eldiariodetucuman.com\/web\/%c2%93reconozco-que-es-un-momento-dificil-que-la-gente-no-la-esta-pasando-bien%c2%94\/","url":"https:\/\/www.eldiariodetucuman.com\/web\/%c2%93reconozco-que-es-un-momento-dificil-que-la-gente-no-la-esta-pasando-bien%c2%94\/","name":"\u0093Reconozco que es un momento dif\u00edcil, que la gente no la est\u00e1 pasando bien\u0094 - El Diario de Tucuman","isPartOf":{"@id":"https:\/\/www.eldiariodetucuman.com\/web\/#website"},"primaryImageOfPage":{"@id":"https:\/\/www.eldiariodetucuman.com\/web\/%c2%93reconozco-que-es-un-momento-dificil-que-la-gente-no-la-esta-pasando-bien%c2%94\/#primaryimage"},"image":{"@id":"https:\/\/www.eldiariodetucuman.com\/web\/%c2%93reconozco-que-es-un-momento-dificil-que-la-gente-no-la-esta-pasando-bien%c2%94\/#primaryimage"},"thumbnailUrl":"https:\/\/www.eldiariodetucuman.com\/web\/wp-content\/uploads\/2018\/08\/7a636bec4cb1988c4df508409386c201.jpeg","datePublished":"2018-08-19T14:41:47+00:00","dateModified":"2018-08-19T14:41:49+00:00","breadcrumb":{"@id":"https:\/\/www.eldiariodetucuman.com\/web\/%c2%93reconozco-que-es-un-momento-dificil-que-la-gente-no-la-esta-pasando-bien%c2%94\/#breadcrumb"},"inLanguage":"es","potentialAction":[{"@type":"ReadAction","target":["https:\/\/www.eldiariodetucuman.com\/web\/%c2%93reconozco-que-es-un-momento-dificil-que-la-gente-no-la-esta-pasando-bien%c2%94\/"]}]},{"@type":"ImageObject","inLanguage":"es","@id":"https:\/\/www.eldiariodetucuman.com\/web\/%c2%93reconozco-que-es-un-momento-dificil-que-la-gente-no-la-esta-pasando-bien%c2%94\/#primaryimage","url":"https:\/\/www.eldiariodetucuman.com\/web\/wp-content\/uploads\/2018\/08\/7a636bec4cb1988c4df508409386c201.jpeg","contentUrl":"https:\/\/www.eldiariodetucuman.com\/web\/wp-content\/uploads\/2018\/08\/7a636bec4cb1988c4df508409386c201.jpeg","width":960,"height":540},{"@type":"BreadcrumbList","@id":"https:\/\/www.eldiariodetucuman.com\/web\/%c2%93reconozco-que-es-un-momento-dificil-que-la-gente-no-la-esta-pasando-bien%c2%94\/#breadcrumb","itemListElement":[{"@type":"ListItem","position":1,"name":"Portada","item":"https:\/\/www.eldiariodetucuman.com\/web\/"},{"@type":"ListItem","position":2,"name":"\u0093Reconozco que es un momento dif\u00edcil, que la gente no la est\u00e1 pasando bien\u0094"}]},{"@type":"WebSite","@id":"https:\/\/www.eldiariodetucuman.com\/web\/#website","url":"https:\/\/www.eldiariodetucuman.com\/web\/","name":"El Diario de Tucuman","description":"Diario Tucuman - Informaci\u00f3n y noticias","publisher":{"@id":"https:\/\/www.eldiariodetucuman.com\/web\/#organization"},"potentialAction":[{"@type":"SearchAction","target":{"@type":"EntryPoint","urlTemplate":"https:\/\/www.eldiariodetucuman.com\/web\/?s={search_term_string}"},"query-input":{"@type":"PropertyValueSpecification","valueRequired":true,"valueName":"search_term_string"}}],"inLanguage":"es"},{"@type":"Organization","@id":"https:\/\/www.eldiariodetucuman.com\/web\/#organization","name":"El Diario de Tucuman","url":"https:\/\/www.eldiariodetucuman.com\/web\/","logo":{"@type":"ImageObject","inLanguage":"es","@id":"https:\/\/www.eldiariodetucuman.com\/web\/#\/schema\/logo\/image\/","url":"http:\/\/www.eldiariodetucuman.com\/web\/wp-content\/uploads\/2017\/12\/el-diario-de-tucuman.jpg","contentUrl":"http:\/\/www.eldiariodetucuman.com\/web\/wp-content\/uploads\/2017\/12\/el-diario-de-tucuman.jpg","width":272,"height":92,"caption":"El Diario de Tucuman"},"image":{"@id":"https:\/\/www.eldiariodetucuman.com\/web\/#\/schema\/logo\/image\/"}},{"@type":"Person","@id":"https:\/\/www.eldiariodetucuman.com\/web\/#\/schema\/person\/9250197d75ab5483412e19678b121caa","name":"admin","image":{"@type":"ImageObject","inLanguage":"es","@id":"https:\/\/secure.gravatar.com\/avatar\/c44d117c2be811212c22cb481f6b8384b6873de103fbc49e7a03cc58d7dea4ac?s=96&d=mm&r=g","url":"https:\/\/secure.gravatar.com\/avatar\/c44d117c2be811212c22cb481f6b8384b6873de103fbc49e7a03cc58d7dea4ac?s=96&d=mm&r=g","contentUrl":"https:\/\/secure.gravatar.com\/avatar\/c44d117c2be811212c22cb481f6b8384b6873de103fbc49e7a03cc58d7dea4ac?s=96&d=mm&r=g","caption":"admin"},"url":"https:\/\/www.eldiariodetucuman.com\/web\/author\/admin\/"}]}},"_links":{"self":[{"href":"https:\/\/www.eldiariodetucuman.com\/web\/wp-json\/wp\/v2\/posts\/15532","targetHints":{"allow":["GET"]}}],"collection":[{"href":"https:\/\/www.eldiariodetucuman.com\/web\/wp-json\/wp\/v2\/posts"}],"about":[{"href":"https:\/\/www.eldiariodetucuman.com\/web\/wp-json\/wp\/v2\/types\/post"}],"author":[{"embeddable":true,"href":"https:\/\/www.eldiariodetucuman.com\/web\/wp-json\/wp\/v2\/users\/1"}],"replies":[{"embeddable":true,"href":"https:\/\/www.eldiariodetucuman.com\/web\/wp-json\/wp\/v2\/comments?post=15532"}],"version-history":[{"count":1,"href":"https:\/\/www.eldiariodetucuman.com\/web\/wp-json\/wp\/v2\/posts\/15532\/revisions"}],"predecessor-version":[{"id":15534,"href":"https:\/\/www.eldiariodetucuman.com\/web\/wp-json\/wp\/v2\/posts\/15532\/revisions\/15534"}],"wp:featuredmedia":[{"embeddable":true,"href":"https:\/\/www.eldiariodetucuman.com\/web\/wp-json\/wp\/v2\/media\/15533"}],"wp:attachment":[{"href":"https:\/\/www.eldiariodetucuman.com\/web\/wp-json\/wp\/v2\/media?parent=15532"}],"wp:term":[{"taxonomy":"category","embeddable":true,"href":"https:\/\/www.eldiariodetucuman.com\/web\/wp-json\/wp\/v2\/categories?post=15532"},{"taxonomy":"post_tag","embeddable":true,"href":"https:\/\/www.eldiariodetucuman.com\/web\/wp-json\/wp\/v2\/tags?post=15532"}],"curies":[{"name":"wp","href":"https:\/\/api.w.org\/{rel}","templated":true}]}}