{"id":15529,"date":"2018-08-19T00:08:13","date_gmt":"2018-08-19T03:08:13","guid":{"rendered":"http:\/\/www.eldiariodetucuman.com\/web\/con-la-participacion-de-bikers-de-todo-el-mundo-el-domingo-comienza-el-trasmontana\/"},"modified":"2018-08-19T00:08:14","modified_gmt":"2018-08-19T03:08:14","slug":"con-la-participacion-de-bikers-de-todo-el-mundo-el-domingo-comienza-el-trasmontana","status":"publish","type":"post","link":"https:\/\/www.eldiariodetucuman.com\/web\/con-la-participacion-de-bikers-de-todo-el-mundo-el-domingo-comienza-el-trasmontana\/","title":{"rendered":"Con la participaci\u00f3n de bikers de todo el mundo, el domingo comienza el Trasmonta\u00f1a"},"content":{"rendered":"<div>\n<div readability=\"81.5\">\n<p>Una vez m\u00e1s el esp\u00edritu biker vuelve a latir en los cerros tucumanos con una nueva edici\u00f3n del <strong>Trasmonta\u00f1a<\/strong>. La competencia se desarrollar\u00e1 este domingo 19 de agosto, desde las 8, con su largada en el cerro San Javier y su meta en La Sala. Hasta ese punto, el del final de la carrera, lleg\u00f3 el gobernador, <strong>Juan Manzur<\/strong>, para supervisar los preparativos para ma\u00f1ana.<\/p>\n<blockquote readability=\"12\">\n<p>Tucum\u00e1n es la Capital Nacional del Mountain Bike y hoy vinimos a ver como se prepara todo para compartir esta gran fiesta deportiva\u201d, destac\u00f3 el Gobernador, que en la oportunidad estuvo acompa\u00f1ado de <strong>Sebasti\u00e1n Giobellina<\/strong>, presidente del Ente Tucum\u00e1n Turismo y\u00a0<strong>Miguel Kachurovsky<\/strong>, organizador del Trasmonta\u00f1a.<\/p>\n<\/blockquote>\n<p>En esta edici\u00f3n participar\u00e1n alrededor de <strong>3.300 de ciclistas<\/strong> de todo el pa\u00eds, Am\u00e9rica Latina, Am\u00e9rica del Norte y Europa. \u201cFue una grata sorpresa contar, este a\u00f1o, con competidores de otros pa\u00edses\u201d, sostuvo Manzur y explic\u00f3 que la afluencia de bikers \u201ctiene que ver con la conectividad a\u00e9rea, la fuerza que tiene Tucum\u00e1n, y la potencia en el turismo, en las bellezas naturales y el deporte\u201d.<\/p>\n<blockquote readability=\"7\">\n<p>El Trasmonta\u00f1a ser\u00e1 una fiesta de nivel internacional compartida por muchas familias\u201d, agreg\u00f3 el Mandatario tucumano.<\/p>\n<\/blockquote>\n<p>La celebraci\u00f3n de la competencia en la provincia acarrea a una gran cantidad de visitantes que llegan acompa\u00f1ando a los ciclistas. Muestra de ello es la ocupaci\u00f3n hotelera que alcanz\u00f3 niveles r\u00e9cord en algunas ciudades, cercanas a donde se desarrollar\u00e1 el Trasmonta\u00f1a.<\/p>\n<blockquote readability=\"10\">\n<p>Ya llevamos 25 a\u00f1os teniendo este evento en la provincia, que incide en el turismo. Ya hay <strong>20.130 turistas<\/strong> en Tucum\u00e1n, que significan cerca de <strong>30.000 plazas hoteleras<\/strong> usadas a lo largo del fin de semana\u201d, agreg\u00f3 Giobellina<\/p>\n<\/blockquote>\n<blockquote class=\"mom_quote \" readability=\"7\"><p><strong>Ocupaci\u00f3n hotelera en el fin de semana largo<\/strong><\/p>\n<p>\u2013 San Miguel al 80%, con 5.000 plazas ocupadas<br \/>\u2013 San Javier al 100%<br \/>\u2013 Raco al 100%<br \/>\u2013 Yerba Buena al 100%<br \/>\u2013 Taf\u00ed del Valle al 74%<\/p>\n<\/blockquote>\n<p>La llegada de turistas \u201cse derrama en la gastronom\u00eda y el comercio, y moviliza la econom\u00eda de la provincia\u201d, explic\u00f3 el titular del \u00e1rea de Turismo.<\/p>\n<p><a href=\"http:\/\/comunicaciontucuman.gob.ar\/wp-content\/uploads\/2018\/08\/trasmonta%C3%B1a-2.jpeg\"><img loading=\"lazy\" decoding=\"async\" class=\"alignnone size-medium wp-image-174535\" src=\"http:\/\/comunicaciontucuman.gob.ar\/wp-content\/uploads\/2018\/08\/trasmonta%C3%B1a-2-300x166.jpeg\" alt=\"trasmonta\u00f1a-2\" width=\"300\" height=\"166\"><\/a>\u00a0<a href=\"http:\/\/comunicaciontucuman.gob.ar\/wp-content\/uploads\/2018\/08\/trasmonta%C3%B1a-3.jpeg\"><img loading=\"lazy\" decoding=\"async\" class=\"alignnone size-medium wp-image-174536\" src=\"http:\/\/comunicaciontucuman.gob.ar\/wp-content\/uploads\/2018\/08\/trasmonta%C3%B1a-3-300x166.jpeg\" alt=\"trasmonta\u00f1a-3\" width=\"300\" height=\"166\"><\/a><\/p>\n<blockquote class=\"mom_quote \" readability=\"14\">\n<p><strong>Acreditaciones<\/strong><\/p>\n<p>Hasta hoy pueden acreditarse los competidores y visitar la Expo Bici Club, de 9:30 a 19:30, en el hotel Hilton Garden Inn Tucum\u00e1n. El 19 de agosto ser\u00e1 la largada oficial del Trasmonta\u00f1a, a las 8 horas, en San Javier. En tanto que el Trasmonta\u00f1ita, competencia para los m\u00e1s chicos, comenzar\u00e1 a las 9 horas en La Sala.<\/p>\n<\/blockquote>\n<p>\u00a0<\/p>\n<\/div>\n<\/div>\n<p>Fuente: http:\/\/comunicaciontucuman.gob.ar\/2018\/08\/con-la-participacion-de-bikers-de-todo-el-mundo-el-domingo-comienza-el-trasmontana\/<\/p>\n","protected":false},"excerpt":{"rendered":"<p>Una vez m\u00e1s el esp\u00edritu biker vuelve a latir en los cerros tucumanos con una nueva edici\u00f3n del Trasmonta\u00f1a. La competencia se desarrollar\u00e1 este domingo 19 de agosto, desde las 8, con su largada en el cerro San Javier y su meta en La Sala. Hasta ese punto, el del final de la carrera, lleg\u00f3 [&hellip;]<\/p>\n","protected":false},"author":1,"featured_media":15530,"comment_status":"open","ping_status":"closed","sticky":false,"template":"","format":"standard","meta":{"footnotes":""},"categories":[3],"tags":[],"class_list":{"0":"post-15529","1":"post","2":"type-post","3":"status-publish","4":"format-standard","5":"has-post-thumbnail","7":"category-politica"},"yoast_head":"<!-- This site is optimized with the Yoast SEO plugin v27.4 - https:\/\/yoast.com\/product\/yoast-seo-wordpress\/ -->\n<title>Con la participaci\u00f3n de bikers de todo el mundo, el domingo comienza el Trasmonta\u00f1a - El Diario de Tucuman<\/title>\n<meta name=\"robots\" content=\"index, follow, max-snippet:-1, max-image-preview:large, max-video-preview:-1\" \/>\n<link rel=\"canonical\" href=\"https:\/\/www.eldiariodetucuman.com\/web\/con-la-participacion-de-bikers-de-todo-el-mundo-el-domingo-comienza-el-trasmontana\/\" \/>\n<meta property=\"og:locale\" content=\"es_ES\" \/>\n<meta property=\"og:type\" content=\"article\" \/>\n<meta property=\"og:title\" content=\"Con la participaci\u00f3n de bikers de todo el mundo, el domingo comienza el Trasmonta\u00f1a - El Diario de Tucuman\" \/>\n<meta property=\"og:description\" content=\"Una vez m\u00e1s el esp\u00edritu biker vuelve a latir en los cerros tucumanos con una nueva edici\u00f3n del Trasmonta\u00f1a. La competencia se desarrollar\u00e1 este domingo 19 de agosto, desde las 8, con su largada en el cerro San Javier y su meta en La Sala. Hasta ese punto, el del final de la carrera, lleg\u00f3 [&hellip;]\" \/>\n<meta property=\"og:url\" content=\"https:\/\/www.eldiariodetucuman.com\/web\/con-la-participacion-de-bikers-de-todo-el-mundo-el-domingo-comienza-el-trasmontana\/\" \/>\n<meta property=\"og:site_name\" content=\"El Diario de Tucuman\" \/>\n<meta property=\"article:published_time\" content=\"2018-08-19T03:08:13+00:00\" \/>\n<meta property=\"article:modified_time\" content=\"2018-08-19T03:08:14+00:00\" \/>\n<meta property=\"og:image\" content=\"https:\/\/www.eldiariodetucuman.com\/web\/wp-content\/uploads\/2018\/08\/bfdfc48f01d6ec722d3c818514933df8.jpeg\" \/>\n\t<meta property=\"og:image:width\" content=\"300\" \/>\n\t<meta property=\"og:image:height\" content=\"166\" \/>\n\t<meta property=\"og:image:type\" content=\"image\/jpeg\" \/>\n<meta name=\"author\" content=\"admin\" \/>\n<meta name=\"twitter:card\" content=\"summary_large_image\" \/>\n<meta name=\"twitter:label1\" content=\"Escrito por\" \/>\n\t<meta name=\"twitter:data1\" content=\"admin\" \/>\n\t<meta name=\"twitter:label2\" content=\"Tiempo de lectura\" \/>\n\t<meta name=\"twitter:data2\" content=\"2 minutos\" \/>\n<script type=\"application\/ld+json\" class=\"yoast-schema-graph\">{\"@context\":\"https:\\\/\\\/schema.org\",\"@graph\":[{\"@type\":\"Article\",\"@id\":\"https:\\\/\\\/www.eldiariodetucuman.com\\\/web\\\/con-la-participacion-de-bikers-de-todo-el-mundo-el-domingo-comienza-el-trasmontana\\\/#article\",\"isPartOf\":{\"@id\":\"https:\\\/\\\/www.eldiariodetucuman.com\\\/web\\\/con-la-participacion-de-bikers-de-todo-el-mundo-el-domingo-comienza-el-trasmontana\\\/\"},\"author\":{\"name\":\"admin\",\"@id\":\"https:\\\/\\\/www.eldiariodetucuman.com\\\/web\\\/#\\\/schema\\\/person\\\/9250197d75ab5483412e19678b121caa\"},\"headline\":\"Con la participaci\u00f3n de bikers de todo el mundo, el domingo comienza el Trasmonta\u00f1a\",\"datePublished\":\"2018-08-19T03:08:13+00:00\",\"dateModified\":\"2018-08-19T03:08:14+00:00\",\"mainEntityOfPage\":{\"@id\":\"https:\\\/\\\/www.eldiariodetucuman.com\\\/web\\\/con-la-participacion-de-bikers-de-todo-el-mundo-el-domingo-comienza-el-trasmontana\\\/\"},\"wordCount\":429,\"commentCount\":0,\"publisher\":{\"@id\":\"https:\\\/\\\/www.eldiariodetucuman.com\\\/web\\\/#organization\"},\"image\":{\"@id\":\"https:\\\/\\\/www.eldiariodetucuman.com\\\/web\\\/con-la-participacion-de-bikers-de-todo-el-mundo-el-domingo-comienza-el-trasmontana\\\/#primaryimage\"},\"thumbnailUrl\":\"https:\\\/\\\/www.eldiariodetucuman.com\\\/web\\\/wp-content\\\/uploads\\\/2018\\\/08\\\/bfdfc48f01d6ec722d3c818514933df8.jpeg\",\"articleSection\":[\"Politica\"],\"inLanguage\":\"es\",\"potentialAction\":[{\"@type\":\"CommentAction\",\"name\":\"Comment\",\"target\":[\"https:\\\/\\\/www.eldiariodetucuman.com\\\/web\\\/con-la-participacion-de-bikers-de-todo-el-mundo-el-domingo-comienza-el-trasmontana\\\/#respond\"]}]},{\"@type\":\"WebPage\",\"@id\":\"https:\\\/\\\/www.eldiariodetucuman.com\\\/web\\\/con-la-participacion-de-bikers-de-todo-el-mundo-el-domingo-comienza-el-trasmontana\\\/\",\"url\":\"https:\\\/\\\/www.eldiariodetucuman.com\\\/web\\\/con-la-participacion-de-bikers-de-todo-el-mundo-el-domingo-comienza-el-trasmontana\\\/\",\"name\":\"Con la participaci\u00f3n de bikers de todo el mundo, el domingo comienza el Trasmonta\u00f1a - El Diario de Tucuman\",\"isPartOf\":{\"@id\":\"https:\\\/\\\/www.eldiariodetucuman.com\\\/web\\\/#website\"},\"primaryImageOfPage\":{\"@id\":\"https:\\\/\\\/www.eldiariodetucuman.com\\\/web\\\/con-la-participacion-de-bikers-de-todo-el-mundo-el-domingo-comienza-el-trasmontana\\\/#primaryimage\"},\"image\":{\"@id\":\"https:\\\/\\\/www.eldiariodetucuman.com\\\/web\\\/con-la-participacion-de-bikers-de-todo-el-mundo-el-domingo-comienza-el-trasmontana\\\/#primaryimage\"},\"thumbnailUrl\":\"https:\\\/\\\/www.eldiariodetucuman.com\\\/web\\\/wp-content\\\/uploads\\\/2018\\\/08\\\/bfdfc48f01d6ec722d3c818514933df8.jpeg\",\"datePublished\":\"2018-08-19T03:08:13+00:00\",\"dateModified\":\"2018-08-19T03:08:14+00:00\",\"breadcrumb\":{\"@id\":\"https:\\\/\\\/www.eldiariodetucuman.com\\\/web\\\/con-la-participacion-de-bikers-de-todo-el-mundo-el-domingo-comienza-el-trasmontana\\\/#breadcrumb\"},\"inLanguage\":\"es\",\"potentialAction\":[{\"@type\":\"ReadAction\",\"target\":[\"https:\\\/\\\/www.eldiariodetucuman.com\\\/web\\\/con-la-participacion-de-bikers-de-todo-el-mundo-el-domingo-comienza-el-trasmontana\\\/\"]}]},{\"@type\":\"ImageObject\",\"inLanguage\":\"es\",\"@id\":\"https:\\\/\\\/www.eldiariodetucuman.com\\\/web\\\/con-la-participacion-de-bikers-de-todo-el-mundo-el-domingo-comienza-el-trasmontana\\\/#primaryimage\",\"url\":\"https:\\\/\\\/www.eldiariodetucuman.com\\\/web\\\/wp-content\\\/uploads\\\/2018\\\/08\\\/bfdfc48f01d6ec722d3c818514933df8.jpeg\",\"contentUrl\":\"https:\\\/\\\/www.eldiariodetucuman.com\\\/web\\\/wp-content\\\/uploads\\\/2018\\\/08\\\/bfdfc48f01d6ec722d3c818514933df8.jpeg\",\"width\":300,\"height\":166},{\"@type\":\"BreadcrumbList\",\"@id\":\"https:\\\/\\\/www.eldiariodetucuman.com\\\/web\\\/con-la-participacion-de-bikers-de-todo-el-mundo-el-domingo-comienza-el-trasmontana\\\/#breadcrumb\",\"itemListElement\":[{\"@type\":\"ListItem\",\"position\":1,\"name\":\"Portada\",\"item\":\"https:\\\/\\\/www.eldiariodetucuman.com\\\/web\\\/\"},{\"@type\":\"ListItem\",\"position\":2,\"name\":\"Con la participaci\u00f3n de bikers de todo el mundo, el domingo comienza el Trasmonta\u00f1a\"}]},{\"@type\":\"WebSite\",\"@id\":\"https:\\\/\\\/www.eldiariodetucuman.com\\\/web\\\/#website\",\"url\":\"https:\\\/\\\/www.eldiariodetucuman.com\\\/web\\\/\",\"name\":\"El Diario de Tucuman\",\"description\":\"Diario Tucuman - Informaci\u00f3n y noticias\",\"publisher\":{\"@id\":\"https:\\\/\\\/www.eldiariodetucuman.com\\\/web\\\/#organization\"},\"potentialAction\":[{\"@type\":\"SearchAction\",\"target\":{\"@type\":\"EntryPoint\",\"urlTemplate\":\"https:\\\/\\\/www.eldiariodetucuman.com\\\/web\\\/?s={search_term_string}\"},\"query-input\":{\"@type\":\"PropertyValueSpecification\",\"valueRequired\":true,\"valueName\":\"search_term_string\"}}],\"inLanguage\":\"es\"},{\"@type\":\"Organization\",\"@id\":\"https:\\\/\\\/www.eldiariodetucuman.com\\\/web\\\/#organization\",\"name\":\"El Diario de Tucuman\",\"url\":\"https:\\\/\\\/www.eldiariodetucuman.com\\\/web\\\/\",\"logo\":{\"@type\":\"ImageObject\",\"inLanguage\":\"es\",\"@id\":\"https:\\\/\\\/www.eldiariodetucuman.com\\\/web\\\/#\\\/schema\\\/logo\\\/image\\\/\",\"url\":\"http:\\\/\\\/www.eldiariodetucuman.com\\\/web\\\/wp-content\\\/uploads\\\/2017\\\/12\\\/el-diario-de-tucuman.jpg\",\"contentUrl\":\"http:\\\/\\\/www.eldiariodetucuman.com\\\/web\\\/wp-content\\\/uploads\\\/2017\\\/12\\\/el-diario-de-tucuman.jpg\",\"width\":272,\"height\":92,\"caption\":\"El Diario de Tucuman\"},\"image\":{\"@id\":\"https:\\\/\\\/www.eldiariodetucuman.com\\\/web\\\/#\\\/schema\\\/logo\\\/image\\\/\"}},{\"@type\":\"Person\",\"@id\":\"https:\\\/\\\/www.eldiariodetucuman.com\\\/web\\\/#\\\/schema\\\/person\\\/9250197d75ab5483412e19678b121caa\",\"name\":\"admin\",\"image\":{\"@type\":\"ImageObject\",\"inLanguage\":\"es\",\"@id\":\"https:\\\/\\\/secure.gravatar.com\\\/avatar\\\/c44d117c2be811212c22cb481f6b8384b6873de103fbc49e7a03cc58d7dea4ac?s=96&d=mm&r=g\",\"url\":\"https:\\\/\\\/secure.gravatar.com\\\/avatar\\\/c44d117c2be811212c22cb481f6b8384b6873de103fbc49e7a03cc58d7dea4ac?s=96&d=mm&r=g\",\"contentUrl\":\"https:\\\/\\\/secure.gravatar.com\\\/avatar\\\/c44d117c2be811212c22cb481f6b8384b6873de103fbc49e7a03cc58d7dea4ac?s=96&d=mm&r=g\",\"caption\":\"admin\"},\"url\":\"https:\\\/\\\/www.eldiariodetucuman.com\\\/web\\\/author\\\/admin\\\/\"}]}<\/script>\n<!-- \/ Yoast SEO plugin. -->","yoast_head_json":{"title":"Con la participaci\u00f3n de bikers de todo el mundo, el domingo comienza el Trasmonta\u00f1a - El Diario de Tucuman","robots":{"index":"index","follow":"follow","max-snippet":"max-snippet:-1","max-image-preview":"max-image-preview:large","max-video-preview":"max-video-preview:-1"},"canonical":"https:\/\/www.eldiariodetucuman.com\/web\/con-la-participacion-de-bikers-de-todo-el-mundo-el-domingo-comienza-el-trasmontana\/","og_locale":"es_ES","og_type":"article","og_title":"Con la participaci\u00f3n de bikers de todo el mundo, el domingo comienza el Trasmonta\u00f1a - El Diario de Tucuman","og_description":"Una vez m\u00e1s el esp\u00edritu biker vuelve a latir en los cerros tucumanos con una nueva edici\u00f3n del Trasmonta\u00f1a. La competencia se desarrollar\u00e1 este domingo 19 de agosto, desde las 8, con su largada en el cerro San Javier y su meta en La Sala. Hasta ese punto, el del final de la carrera, lleg\u00f3 [&hellip;]","og_url":"https:\/\/www.eldiariodetucuman.com\/web\/con-la-participacion-de-bikers-de-todo-el-mundo-el-domingo-comienza-el-trasmontana\/","og_site_name":"El Diario de Tucuman","article_published_time":"2018-08-19T03:08:13+00:00","article_modified_time":"2018-08-19T03:08:14+00:00","og_image":[{"width":300,"height":166,"url":"https:\/\/www.eldiariodetucuman.com\/web\/wp-content\/uploads\/2018\/08\/bfdfc48f01d6ec722d3c818514933df8.jpeg","type":"image\/jpeg"}],"author":"admin","twitter_card":"summary_large_image","twitter_misc":{"Escrito por":"admin","Tiempo de lectura":"2 minutos"},"schema":{"@context":"https:\/\/schema.org","@graph":[{"@type":"Article","@id":"https:\/\/www.eldiariodetucuman.com\/web\/con-la-participacion-de-bikers-de-todo-el-mundo-el-domingo-comienza-el-trasmontana\/#article","isPartOf":{"@id":"https:\/\/www.eldiariodetucuman.com\/web\/con-la-participacion-de-bikers-de-todo-el-mundo-el-domingo-comienza-el-trasmontana\/"},"author":{"name":"admin","@id":"https:\/\/www.eldiariodetucuman.com\/web\/#\/schema\/person\/9250197d75ab5483412e19678b121caa"},"headline":"Con la participaci\u00f3n de bikers de todo el mundo, el domingo comienza el Trasmonta\u00f1a","datePublished":"2018-08-19T03:08:13+00:00","dateModified":"2018-08-19T03:08:14+00:00","mainEntityOfPage":{"@id":"https:\/\/www.eldiariodetucuman.com\/web\/con-la-participacion-de-bikers-de-todo-el-mundo-el-domingo-comienza-el-trasmontana\/"},"wordCount":429,"commentCount":0,"publisher":{"@id":"https:\/\/www.eldiariodetucuman.com\/web\/#organization"},"image":{"@id":"https:\/\/www.eldiariodetucuman.com\/web\/con-la-participacion-de-bikers-de-todo-el-mundo-el-domingo-comienza-el-trasmontana\/#primaryimage"},"thumbnailUrl":"https:\/\/www.eldiariodetucuman.com\/web\/wp-content\/uploads\/2018\/08\/bfdfc48f01d6ec722d3c818514933df8.jpeg","articleSection":["Politica"],"inLanguage":"es","potentialAction":[{"@type":"CommentAction","name":"Comment","target":["https:\/\/www.eldiariodetucuman.com\/web\/con-la-participacion-de-bikers-de-todo-el-mundo-el-domingo-comienza-el-trasmontana\/#respond"]}]},{"@type":"WebPage","@id":"https:\/\/www.eldiariodetucuman.com\/web\/con-la-participacion-de-bikers-de-todo-el-mundo-el-domingo-comienza-el-trasmontana\/","url":"https:\/\/www.eldiariodetucuman.com\/web\/con-la-participacion-de-bikers-de-todo-el-mundo-el-domingo-comienza-el-trasmontana\/","name":"Con la participaci\u00f3n de bikers de todo el mundo, el domingo comienza el Trasmonta\u00f1a - El Diario de Tucuman","isPartOf":{"@id":"https:\/\/www.eldiariodetucuman.com\/web\/#website"},"primaryImageOfPage":{"@id":"https:\/\/www.eldiariodetucuman.com\/web\/con-la-participacion-de-bikers-de-todo-el-mundo-el-domingo-comienza-el-trasmontana\/#primaryimage"},"image":{"@id":"https:\/\/www.eldiariodetucuman.com\/web\/con-la-participacion-de-bikers-de-todo-el-mundo-el-domingo-comienza-el-trasmontana\/#primaryimage"},"thumbnailUrl":"https:\/\/www.eldiariodetucuman.com\/web\/wp-content\/uploads\/2018\/08\/bfdfc48f01d6ec722d3c818514933df8.jpeg","datePublished":"2018-08-19T03:08:13+00:00","dateModified":"2018-08-19T03:08:14+00:00","breadcrumb":{"@id":"https:\/\/www.eldiariodetucuman.com\/web\/con-la-participacion-de-bikers-de-todo-el-mundo-el-domingo-comienza-el-trasmontana\/#breadcrumb"},"inLanguage":"es","potentialAction":[{"@type":"ReadAction","target":["https:\/\/www.eldiariodetucuman.com\/web\/con-la-participacion-de-bikers-de-todo-el-mundo-el-domingo-comienza-el-trasmontana\/"]}]},{"@type":"ImageObject","inLanguage":"es","@id":"https:\/\/www.eldiariodetucuman.com\/web\/con-la-participacion-de-bikers-de-todo-el-mundo-el-domingo-comienza-el-trasmontana\/#primaryimage","url":"https:\/\/www.eldiariodetucuman.com\/web\/wp-content\/uploads\/2018\/08\/bfdfc48f01d6ec722d3c818514933df8.jpeg","contentUrl":"https:\/\/www.eldiariodetucuman.com\/web\/wp-content\/uploads\/2018\/08\/bfdfc48f01d6ec722d3c818514933df8.jpeg","width":300,"height":166},{"@type":"BreadcrumbList","@id":"https:\/\/www.eldiariodetucuman.com\/web\/con-la-participacion-de-bikers-de-todo-el-mundo-el-domingo-comienza-el-trasmontana\/#breadcrumb","itemListElement":[{"@type":"ListItem","position":1,"name":"Portada","item":"https:\/\/www.eldiariodetucuman.com\/web\/"},{"@type":"ListItem","position":2,"name":"Con la participaci\u00f3n de bikers de todo el mundo, el domingo comienza el Trasmonta\u00f1a"}]},{"@type":"WebSite","@id":"https:\/\/www.eldiariodetucuman.com\/web\/#website","url":"https:\/\/www.eldiariodetucuman.com\/web\/","name":"El Diario de Tucuman","description":"Diario Tucuman - Informaci\u00f3n y noticias","publisher":{"@id":"https:\/\/www.eldiariodetucuman.com\/web\/#organization"},"potentialAction":[{"@type":"SearchAction","target":{"@type":"EntryPoint","urlTemplate":"https:\/\/www.eldiariodetucuman.com\/web\/?s={search_term_string}"},"query-input":{"@type":"PropertyValueSpecification","valueRequired":true,"valueName":"search_term_string"}}],"inLanguage":"es"},{"@type":"Organization","@id":"https:\/\/www.eldiariodetucuman.com\/web\/#organization","name":"El Diario de Tucuman","url":"https:\/\/www.eldiariodetucuman.com\/web\/","logo":{"@type":"ImageObject","inLanguage":"es","@id":"https:\/\/www.eldiariodetucuman.com\/web\/#\/schema\/logo\/image\/","url":"http:\/\/www.eldiariodetucuman.com\/web\/wp-content\/uploads\/2017\/12\/el-diario-de-tucuman.jpg","contentUrl":"http:\/\/www.eldiariodetucuman.com\/web\/wp-content\/uploads\/2017\/12\/el-diario-de-tucuman.jpg","width":272,"height":92,"caption":"El Diario de Tucuman"},"image":{"@id":"https:\/\/www.eldiariodetucuman.com\/web\/#\/schema\/logo\/image\/"}},{"@type":"Person","@id":"https:\/\/www.eldiariodetucuman.com\/web\/#\/schema\/person\/9250197d75ab5483412e19678b121caa","name":"admin","image":{"@type":"ImageObject","inLanguage":"es","@id":"https:\/\/secure.gravatar.com\/avatar\/c44d117c2be811212c22cb481f6b8384b6873de103fbc49e7a03cc58d7dea4ac?s=96&d=mm&r=g","url":"https:\/\/secure.gravatar.com\/avatar\/c44d117c2be811212c22cb481f6b8384b6873de103fbc49e7a03cc58d7dea4ac?s=96&d=mm&r=g","contentUrl":"https:\/\/secure.gravatar.com\/avatar\/c44d117c2be811212c22cb481f6b8384b6873de103fbc49e7a03cc58d7dea4ac?s=96&d=mm&r=g","caption":"admin"},"url":"https:\/\/www.eldiariodetucuman.com\/web\/author\/admin\/"}]}},"_links":{"self":[{"href":"https:\/\/www.eldiariodetucuman.com\/web\/wp-json\/wp\/v2\/posts\/15529","targetHints":{"allow":["GET"]}}],"collection":[{"href":"https:\/\/www.eldiariodetucuman.com\/web\/wp-json\/wp\/v2\/posts"}],"about":[{"href":"https:\/\/www.eldiariodetucuman.com\/web\/wp-json\/wp\/v2\/types\/post"}],"author":[{"embeddable":true,"href":"https:\/\/www.eldiariodetucuman.com\/web\/wp-json\/wp\/v2\/users\/1"}],"replies":[{"embeddable":true,"href":"https:\/\/www.eldiariodetucuman.com\/web\/wp-json\/wp\/v2\/comments?post=15529"}],"version-history":[{"count":1,"href":"https:\/\/www.eldiariodetucuman.com\/web\/wp-json\/wp\/v2\/posts\/15529\/revisions"}],"predecessor-version":[{"id":15531,"href":"https:\/\/www.eldiariodetucuman.com\/web\/wp-json\/wp\/v2\/posts\/15529\/revisions\/15531"}],"wp:featuredmedia":[{"embeddable":true,"href":"https:\/\/www.eldiariodetucuman.com\/web\/wp-json\/wp\/v2\/media\/15530"}],"wp:attachment":[{"href":"https:\/\/www.eldiariodetucuman.com\/web\/wp-json\/wp\/v2\/media?parent=15529"}],"wp:term":[{"taxonomy":"category","embeddable":true,"href":"https:\/\/www.eldiariodetucuman.com\/web\/wp-json\/wp\/v2\/categories?post=15529"},{"taxonomy":"post_tag","embeddable":true,"href":"https:\/\/www.eldiariodetucuman.com\/web\/wp-json\/wp\/v2\/tags?post=15529"}],"curies":[{"name":"wp","href":"https:\/\/api.w.org\/{rel}","templated":true}]}}