{"id":15526,"date":"2018-08-18T12:51:03","date_gmt":"2018-08-18T15:51:03","guid":{"rendered":"http:\/\/www.eldiariodetucuman.com\/web\/la-onu-le-reclama-a-brasil-que-acepte-la-candidatura-de-lula\/"},"modified":"2018-08-18T12:51:03","modified_gmt":"2018-08-18T15:51:03","slug":"la-onu-le-reclama-a-brasil-que-acepte-la-candidatura-de-lula","status":"publish","type":"post","link":"https:\/\/www.eldiariodetucuman.com\/web\/la-onu-le-reclama-a-brasil-que-acepte-la-candidatura-de-lula\/","title":{"rendered":"La ONU le reclama a Brasil que acepte la candidatura de Lula"},"content":{"rendered":"<div>\n<div itemprop=\"articleBody\" readability=\"53.466726618705\">\n<p>El comit\u00e9 de Derechos Humanos de la   <a href=\"https:\/\/www.cronica.com.ar\/tags\/ONU\">ONU<\/a>\u00a0dijo que\u00a0  <a href=\"https:\/\/www.cronica.com.ar\/tags\/Brasil\">Brasil<\/a> debe permitir que el ex presidente <strong>Luiz In\u00e1cio Lula da Silva<\/strong>, actualmente en prisi\u00f3n, pueda presentarse como candidato a presidente para las   <a href=\"https:\/\/www.cronica.com.ar\/tags\/Elecciones\">Elecciones<\/a>\u00a0del 2018 porque no puede ser excluido como candidato<em> \u00abhasta que sus apelaciones ante los tribunales hayan completado los tr\u00e1mites judiciales justos\u00bb<\/em>.<\/p>\n<p>El Comit\u00e9, que tiene su sede en Ginebra,\u00a0<em>\u00abreclama a   <a href=\"https:\/\/www.cronica.com.ar\/tags\/Brasil\">Brasil<\/a> que tome todas las medidas necesarias para asegurar que Lula pueda ejercer mientras est\u00e1 en prisi\u00f3n sus derechos pol\u00edticos como candidato en la elecci\u00f3n presidencial 2018&#8243;<\/em>.<\/p>\n<p>Dicha entidad\u00a0se encarga de supervisar violaciones del Pacto Internacional de Derechos Civiles y Pol\u00edticos, as\u00ed como un texto suplementario llamado Protocolo Facultativo. Debido a que   <a href=\"https:\/\/www.cronica.com.ar\/tags\/Brasil\">Brasil<\/a>\u00a0 ratific\u00f3\u00a0ambos textos, est\u00e1 t\u00e9cnicamente obligado a cumplir con las conclusiones del Comit\u00e9.<\/p>\n<p>El ex presidente Lula, l\u00edder hist\u00f3rico del Partido de los Trabajadores (PT) que cumple una sentencia de 12 a\u00f1os por corrupci\u00f3n, actualmente es el favorito en los sondeos para las elecciones de octubre pr\u00f3ximo.<\/p>\n<\/div>\n<\/div>\n","protected":false},"excerpt":{"rendered":"<p>El comit\u00e9 de Derechos Humanos de la ONU\u00a0dijo que\u00a0 Brasil debe permitir que el ex presidente Luiz In\u00e1cio Lula da Silva, actualmente en prisi\u00f3n, pueda presentarse como candidato a presidente para las Elecciones\u00a0del 2018 porque no puede ser excluido como candidato \u00abhasta que sus apelaciones ante los tribunales hayan completado los tr\u00e1mites judiciales justos\u00bb. El [&hellip;]<\/p>\n","protected":false},"author":4,"featured_media":0,"comment_status":"open","ping_status":"closed","sticky":false,"template":"","format":"standard","meta":{"footnotes":""},"categories":[194],"tags":[],"class_list":{"0":"post-15526","1":"post","2":"type-post","3":"status-publish","4":"format-standard","6":"category-internacionales"},"yoast_head":"<!-- This site is optimized with the Yoast SEO plugin v27.4 - https:\/\/yoast.com\/product\/yoast-seo-wordpress\/ -->\n<title>La ONU le reclama a Brasil que acepte la candidatura de Lula - El Diario de Tucuman<\/title>\n<meta name=\"robots\" content=\"index, follow, max-snippet:-1, max-image-preview:large, max-video-preview:-1\" \/>\n<link rel=\"canonical\" href=\"https:\/\/www.eldiariodetucuman.com\/web\/la-onu-le-reclama-a-brasil-que-acepte-la-candidatura-de-lula\/\" \/>\n<meta property=\"og:locale\" content=\"es_ES\" \/>\n<meta property=\"og:type\" content=\"article\" \/>\n<meta property=\"og:title\" content=\"La ONU le reclama a Brasil que acepte la candidatura de Lula - El Diario de Tucuman\" \/>\n<meta property=\"og:description\" content=\"El comit\u00e9 de Derechos Humanos de la ONU\u00a0dijo que\u00a0 Brasil debe permitir que el ex presidente Luiz In\u00e1cio Lula da Silva, actualmente en prisi\u00f3n, pueda presentarse como candidato a presidente para las Elecciones\u00a0del 2018 porque no puede ser excluido como candidato \u00abhasta que sus apelaciones ante los tribunales hayan completado los tr\u00e1mites judiciales justos\u00bb. El [&hellip;]\" \/>\n<meta property=\"og:url\" content=\"https:\/\/www.eldiariodetucuman.com\/web\/la-onu-le-reclama-a-brasil-que-acepte-la-candidatura-de-lula\/\" \/>\n<meta property=\"og:site_name\" content=\"El Diario de Tucuman\" \/>\n<meta property=\"article:published_time\" content=\"2018-08-18T15:51:03+00:00\" \/>\n<meta name=\"author\" content=\"eldiario detucuman\" \/>\n<meta name=\"twitter:card\" content=\"summary_large_image\" \/>\n<meta name=\"twitter:label1\" content=\"Escrito por\" \/>\n\t<meta name=\"twitter:data1\" content=\"eldiario detucuman\" \/>\n\t<meta name=\"twitter:label2\" content=\"Tiempo de lectura\" \/>\n\t<meta name=\"twitter:data2\" content=\"1 minuto\" \/>\n<script type=\"application\/ld+json\" class=\"yoast-schema-graph\">{\"@context\":\"https:\\\/\\\/schema.org\",\"@graph\":[{\"@type\":\"Article\",\"@id\":\"https:\\\/\\\/www.eldiariodetucuman.com\\\/web\\\/la-onu-le-reclama-a-brasil-que-acepte-la-candidatura-de-lula\\\/#article\",\"isPartOf\":{\"@id\":\"https:\\\/\\\/www.eldiariodetucuman.com\\\/web\\\/la-onu-le-reclama-a-brasil-que-acepte-la-candidatura-de-lula\\\/\"},\"author\":{\"name\":\"eldiario detucuman\",\"@id\":\"https:\\\/\\\/www.eldiariodetucuman.com\\\/web\\\/#\\\/schema\\\/person\\\/6f95946e54fde848b878ffa4928071d5\"},\"headline\":\"La ONU le reclama a Brasil que acepte la candidatura de Lula\",\"datePublished\":\"2018-08-18T15:51:03+00:00\",\"mainEntityOfPage\":{\"@id\":\"https:\\\/\\\/www.eldiariodetucuman.com\\\/web\\\/la-onu-le-reclama-a-brasil-que-acepte-la-candidatura-de-lula\\\/\"},\"wordCount\":189,\"commentCount\":0,\"publisher\":{\"@id\":\"https:\\\/\\\/www.eldiariodetucuman.com\\\/web\\\/#organization\"},\"articleSection\":[\"Internacionales\"],\"inLanguage\":\"es\",\"potentialAction\":[{\"@type\":\"CommentAction\",\"name\":\"Comment\",\"target\":[\"https:\\\/\\\/www.eldiariodetucuman.com\\\/web\\\/la-onu-le-reclama-a-brasil-que-acepte-la-candidatura-de-lula\\\/#respond\"]}]},{\"@type\":\"WebPage\",\"@id\":\"https:\\\/\\\/www.eldiariodetucuman.com\\\/web\\\/la-onu-le-reclama-a-brasil-que-acepte-la-candidatura-de-lula\\\/\",\"url\":\"https:\\\/\\\/www.eldiariodetucuman.com\\\/web\\\/la-onu-le-reclama-a-brasil-que-acepte-la-candidatura-de-lula\\\/\",\"name\":\"La ONU le reclama a Brasil que acepte la candidatura de Lula - El Diario de Tucuman\",\"isPartOf\":{\"@id\":\"https:\\\/\\\/www.eldiariodetucuman.com\\\/web\\\/#website\"},\"datePublished\":\"2018-08-18T15:51:03+00:00\",\"breadcrumb\":{\"@id\":\"https:\\\/\\\/www.eldiariodetucuman.com\\\/web\\\/la-onu-le-reclama-a-brasil-que-acepte-la-candidatura-de-lula\\\/#breadcrumb\"},\"inLanguage\":\"es\",\"potentialAction\":[{\"@type\":\"ReadAction\",\"target\":[\"https:\\\/\\\/www.eldiariodetucuman.com\\\/web\\\/la-onu-le-reclama-a-brasil-que-acepte-la-candidatura-de-lula\\\/\"]}]},{\"@type\":\"BreadcrumbList\",\"@id\":\"https:\\\/\\\/www.eldiariodetucuman.com\\\/web\\\/la-onu-le-reclama-a-brasil-que-acepte-la-candidatura-de-lula\\\/#breadcrumb\",\"itemListElement\":[{\"@type\":\"ListItem\",\"position\":1,\"name\":\"Portada\",\"item\":\"https:\\\/\\\/www.eldiariodetucuman.com\\\/web\\\/\"},{\"@type\":\"ListItem\",\"position\":2,\"name\":\"La ONU le reclama a Brasil que acepte la candidatura de Lula\"}]},{\"@type\":\"WebSite\",\"@id\":\"https:\\\/\\\/www.eldiariodetucuman.com\\\/web\\\/#website\",\"url\":\"https:\\\/\\\/www.eldiariodetucuman.com\\\/web\\\/\",\"name\":\"El Diario de Tucuman\",\"description\":\"Diario Tucuman - Informaci\u00f3n y noticias\",\"publisher\":{\"@id\":\"https:\\\/\\\/www.eldiariodetucuman.com\\\/web\\\/#organization\"},\"potentialAction\":[{\"@type\":\"SearchAction\",\"target\":{\"@type\":\"EntryPoint\",\"urlTemplate\":\"https:\\\/\\\/www.eldiariodetucuman.com\\\/web\\\/?s={search_term_string}\"},\"query-input\":{\"@type\":\"PropertyValueSpecification\",\"valueRequired\":true,\"valueName\":\"search_term_string\"}}],\"inLanguage\":\"es\"},{\"@type\":\"Organization\",\"@id\":\"https:\\\/\\\/www.eldiariodetucuman.com\\\/web\\\/#organization\",\"name\":\"El Diario de Tucuman\",\"url\":\"https:\\\/\\\/www.eldiariodetucuman.com\\\/web\\\/\",\"logo\":{\"@type\":\"ImageObject\",\"inLanguage\":\"es\",\"@id\":\"https:\\\/\\\/www.eldiariodetucuman.com\\\/web\\\/#\\\/schema\\\/logo\\\/image\\\/\",\"url\":\"http:\\\/\\\/www.eldiariodetucuman.com\\\/web\\\/wp-content\\\/uploads\\\/2017\\\/12\\\/el-diario-de-tucuman.jpg\",\"contentUrl\":\"http:\\\/\\\/www.eldiariodetucuman.com\\\/web\\\/wp-content\\\/uploads\\\/2017\\\/12\\\/el-diario-de-tucuman.jpg\",\"width\":272,\"height\":92,\"caption\":\"El Diario de Tucuman\"},\"image\":{\"@id\":\"https:\\\/\\\/www.eldiariodetucuman.com\\\/web\\\/#\\\/schema\\\/logo\\\/image\\\/\"}},{\"@type\":\"Person\",\"@id\":\"https:\\\/\\\/www.eldiariodetucuman.com\\\/web\\\/#\\\/schema\\\/person\\\/6f95946e54fde848b878ffa4928071d5\",\"name\":\"eldiario detucuman\",\"image\":{\"@type\":\"ImageObject\",\"inLanguage\":\"es\",\"@id\":\"https:\\\/\\\/secure.gravatar.com\\\/avatar\\\/b6e1f89c5c4044c4962c8e6c20b1ca2cc99f549c965908afd4ec5308b3f51bfe?s=96&d=mm&r=g\",\"url\":\"https:\\\/\\\/secure.gravatar.com\\\/avatar\\\/b6e1f89c5c4044c4962c8e6c20b1ca2cc99f549c965908afd4ec5308b3f51bfe?s=96&d=mm&r=g\",\"contentUrl\":\"https:\\\/\\\/secure.gravatar.com\\\/avatar\\\/b6e1f89c5c4044c4962c8e6c20b1ca2cc99f549c965908afd4ec5308b3f51bfe?s=96&d=mm&r=g\",\"caption\":\"eldiario detucuman\"},\"url\":\"https:\\\/\\\/www.eldiariodetucuman.com\\\/web\\\/author\\\/eldiariodetucuman\\\/\"}]}<\/script>\n<!-- \/ Yoast SEO plugin. -->","yoast_head_json":{"title":"La ONU le reclama a Brasil que acepte la candidatura de Lula - El Diario de Tucuman","robots":{"index":"index","follow":"follow","max-snippet":"max-snippet:-1","max-image-preview":"max-image-preview:large","max-video-preview":"max-video-preview:-1"},"canonical":"https:\/\/www.eldiariodetucuman.com\/web\/la-onu-le-reclama-a-brasil-que-acepte-la-candidatura-de-lula\/","og_locale":"es_ES","og_type":"article","og_title":"La ONU le reclama a Brasil que acepte la candidatura de Lula - El Diario de Tucuman","og_description":"El comit\u00e9 de Derechos Humanos de la ONU\u00a0dijo que\u00a0 Brasil debe permitir que el ex presidente Luiz In\u00e1cio Lula da Silva, actualmente en prisi\u00f3n, pueda presentarse como candidato a presidente para las Elecciones\u00a0del 2018 porque no puede ser excluido como candidato \u00abhasta que sus apelaciones ante los tribunales hayan completado los tr\u00e1mites judiciales justos\u00bb. El [&hellip;]","og_url":"https:\/\/www.eldiariodetucuman.com\/web\/la-onu-le-reclama-a-brasil-que-acepte-la-candidatura-de-lula\/","og_site_name":"El Diario de Tucuman","article_published_time":"2018-08-18T15:51:03+00:00","author":"eldiario detucuman","twitter_card":"summary_large_image","twitter_misc":{"Escrito por":"eldiario detucuman","Tiempo de lectura":"1 minuto"},"schema":{"@context":"https:\/\/schema.org","@graph":[{"@type":"Article","@id":"https:\/\/www.eldiariodetucuman.com\/web\/la-onu-le-reclama-a-brasil-que-acepte-la-candidatura-de-lula\/#article","isPartOf":{"@id":"https:\/\/www.eldiariodetucuman.com\/web\/la-onu-le-reclama-a-brasil-que-acepte-la-candidatura-de-lula\/"},"author":{"name":"eldiario detucuman","@id":"https:\/\/www.eldiariodetucuman.com\/web\/#\/schema\/person\/6f95946e54fde848b878ffa4928071d5"},"headline":"La ONU le reclama a Brasil que acepte la candidatura de Lula","datePublished":"2018-08-18T15:51:03+00:00","mainEntityOfPage":{"@id":"https:\/\/www.eldiariodetucuman.com\/web\/la-onu-le-reclama-a-brasil-que-acepte-la-candidatura-de-lula\/"},"wordCount":189,"commentCount":0,"publisher":{"@id":"https:\/\/www.eldiariodetucuman.com\/web\/#organization"},"articleSection":["Internacionales"],"inLanguage":"es","potentialAction":[{"@type":"CommentAction","name":"Comment","target":["https:\/\/www.eldiariodetucuman.com\/web\/la-onu-le-reclama-a-brasil-que-acepte-la-candidatura-de-lula\/#respond"]}]},{"@type":"WebPage","@id":"https:\/\/www.eldiariodetucuman.com\/web\/la-onu-le-reclama-a-brasil-que-acepte-la-candidatura-de-lula\/","url":"https:\/\/www.eldiariodetucuman.com\/web\/la-onu-le-reclama-a-brasil-que-acepte-la-candidatura-de-lula\/","name":"La ONU le reclama a Brasil que acepte la candidatura de Lula - El Diario de Tucuman","isPartOf":{"@id":"https:\/\/www.eldiariodetucuman.com\/web\/#website"},"datePublished":"2018-08-18T15:51:03+00:00","breadcrumb":{"@id":"https:\/\/www.eldiariodetucuman.com\/web\/la-onu-le-reclama-a-brasil-que-acepte-la-candidatura-de-lula\/#breadcrumb"},"inLanguage":"es","potentialAction":[{"@type":"ReadAction","target":["https:\/\/www.eldiariodetucuman.com\/web\/la-onu-le-reclama-a-brasil-que-acepte-la-candidatura-de-lula\/"]}]},{"@type":"BreadcrumbList","@id":"https:\/\/www.eldiariodetucuman.com\/web\/la-onu-le-reclama-a-brasil-que-acepte-la-candidatura-de-lula\/#breadcrumb","itemListElement":[{"@type":"ListItem","position":1,"name":"Portada","item":"https:\/\/www.eldiariodetucuman.com\/web\/"},{"@type":"ListItem","position":2,"name":"La ONU le reclama a Brasil que acepte la candidatura de Lula"}]},{"@type":"WebSite","@id":"https:\/\/www.eldiariodetucuman.com\/web\/#website","url":"https:\/\/www.eldiariodetucuman.com\/web\/","name":"El Diario de Tucuman","description":"Diario Tucuman - Informaci\u00f3n y noticias","publisher":{"@id":"https:\/\/www.eldiariodetucuman.com\/web\/#organization"},"potentialAction":[{"@type":"SearchAction","target":{"@type":"EntryPoint","urlTemplate":"https:\/\/www.eldiariodetucuman.com\/web\/?s={search_term_string}"},"query-input":{"@type":"PropertyValueSpecification","valueRequired":true,"valueName":"search_term_string"}}],"inLanguage":"es"},{"@type":"Organization","@id":"https:\/\/www.eldiariodetucuman.com\/web\/#organization","name":"El Diario de Tucuman","url":"https:\/\/www.eldiariodetucuman.com\/web\/","logo":{"@type":"ImageObject","inLanguage":"es","@id":"https:\/\/www.eldiariodetucuman.com\/web\/#\/schema\/logo\/image\/","url":"http:\/\/www.eldiariodetucuman.com\/web\/wp-content\/uploads\/2017\/12\/el-diario-de-tucuman.jpg","contentUrl":"http:\/\/www.eldiariodetucuman.com\/web\/wp-content\/uploads\/2017\/12\/el-diario-de-tucuman.jpg","width":272,"height":92,"caption":"El Diario de Tucuman"},"image":{"@id":"https:\/\/www.eldiariodetucuman.com\/web\/#\/schema\/logo\/image\/"}},{"@type":"Person","@id":"https:\/\/www.eldiariodetucuman.com\/web\/#\/schema\/person\/6f95946e54fde848b878ffa4928071d5","name":"eldiario detucuman","image":{"@type":"ImageObject","inLanguage":"es","@id":"https:\/\/secure.gravatar.com\/avatar\/b6e1f89c5c4044c4962c8e6c20b1ca2cc99f549c965908afd4ec5308b3f51bfe?s=96&d=mm&r=g","url":"https:\/\/secure.gravatar.com\/avatar\/b6e1f89c5c4044c4962c8e6c20b1ca2cc99f549c965908afd4ec5308b3f51bfe?s=96&d=mm&r=g","contentUrl":"https:\/\/secure.gravatar.com\/avatar\/b6e1f89c5c4044c4962c8e6c20b1ca2cc99f549c965908afd4ec5308b3f51bfe?s=96&d=mm&r=g","caption":"eldiario detucuman"},"url":"https:\/\/www.eldiariodetucuman.com\/web\/author\/eldiariodetucuman\/"}]}},"_links":{"self":[{"href":"https:\/\/www.eldiariodetucuman.com\/web\/wp-json\/wp\/v2\/posts\/15526","targetHints":{"allow":["GET"]}}],"collection":[{"href":"https:\/\/www.eldiariodetucuman.com\/web\/wp-json\/wp\/v2\/posts"}],"about":[{"href":"https:\/\/www.eldiariodetucuman.com\/web\/wp-json\/wp\/v2\/types\/post"}],"author":[{"embeddable":true,"href":"https:\/\/www.eldiariodetucuman.com\/web\/wp-json\/wp\/v2\/users\/4"}],"replies":[{"embeddable":true,"href":"https:\/\/www.eldiariodetucuman.com\/web\/wp-json\/wp\/v2\/comments?post=15526"}],"version-history":[{"count":0,"href":"https:\/\/www.eldiariodetucuman.com\/web\/wp-json\/wp\/v2\/posts\/15526\/revisions"}],"wp:attachment":[{"href":"https:\/\/www.eldiariodetucuman.com\/web\/wp-json\/wp\/v2\/media?parent=15526"}],"wp:term":[{"taxonomy":"category","embeddable":true,"href":"https:\/\/www.eldiariodetucuman.com\/web\/wp-json\/wp\/v2\/categories?post=15526"},{"taxonomy":"post_tag","embeddable":true,"href":"https:\/\/www.eldiariodetucuman.com\/web\/wp-json\/wp\/v2\/tags?post=15526"}],"curies":[{"name":"wp","href":"https:\/\/api.w.org\/{rel}","templated":true}]}}