{"id":15523,"date":"2018-08-18T12:36:52","date_gmt":"2018-08-18T15:36:52","guid":{"rendered":"http:\/\/www.eldiariodetucuman.com\/web\/pilar-un-municipio-con-problemas-de-gestion\/"},"modified":"2018-08-18T12:36:54","modified_gmt":"2018-08-18T15:36:54","slug":"pilar-un-municipio-con-problemas-de-gestion","status":"publish","type":"post","link":"https:\/\/www.eldiariodetucuman.com\/web\/pilar-un-municipio-con-problemas-de-gestion\/","title":{"rendered":"Pilar, un Municipio con problemas de gesti\u00f3n"},"content":{"rendered":"<div>\n<div readability=\"84.23603680719\">\n<p><a href=\"https:\/\/www.elintransigente.com\/noticias\/buscar\/?buscar=municipio+de+pilar\"><strong>Pilar<\/strong><\/a> es conocido por ser un <strong>Municipio<\/strong> que act\u00faa como una caja de resonancia. Lo que ocurre all\u00ed siempre se potencia ya que muchos del &#8220;c\u00edrculo rojo&#8221; duermen o pasan su fin de semana en esta comuna de la zona norte de la Provincia de Buenos Aires. Tal es as\u00ed que se puede uno encontrar con Abel Pintos, Graciela Borges o Araceli Gonz\u00e1lez. En lo que hace a pol\u00edticos nacionales, el Ministro Guillermo Dietrich o la Ministro Carolina Stanley. Y por supuesto no olvidar que tambi\u00e9n habitaba, hasta antes de cambiar su domicilio al penal de Ezeiza, el Licenciado Roberto Baratta.<\/p>\n<p>El gobierno local lo lleva adelante <a href=\"https:\/\/www.elintransigente.com\/noticias\/buscar\/?buscar=nicol%E1s+ducot%E9\"><strong>Nicol\u00e1s Ducot\u00e9<\/strong><\/a>. Este Intendente, que se hiciera conocido a nivel nacional por simular asistencia a evacuados por inundaci\u00f3n subi\u00e9ndose a un bote en una zanja al costado de la Panamericana, no logra convencer con una gesti\u00f3n que ya es catalogada, puertas adentro de <strong>Cambiemos<\/strong>, como la peor de toda la <strong>Provincia de Buenos Aires<\/strong>.<\/p>\n<aside class=\"htmlinline \"><ins class=\"adsbygoogle\" data-ad-layout=\"in-article\" data-ad-format=\"fluid\" data-ad-client=\"ca-pub-7781556717282971\" data-ad-slot=\"9383133609\"><\/ins><br \/>\n<\/aside>\n<p>33 <strong>escuelas sin clases<\/strong>. Reclamos de la comunidad educativa por falta de mantenimiento en edificios escolares y padres indignados por el miedo a que una explosi\u00f3n ocurra con sus hijos dentro de la escuela. <strong>Falta de m\u00e9dicos en hospitales y centros de salud<\/strong>. <strong><a href=\"https:\/\/www.elintransigente.com\/policiales\/2018\/7\/6\/escalofriante-video-muestra-la-inseguridad-en-pilar-499184.html\">Crisis de inseguridad<\/a> <\/strong>y una cuestionada <strong>deuda de $600 millones<\/strong>. As\u00ed culmina la cr\u00f3nica de una semana para el olvido en Pilar.<\/p>\n<p>Despu\u00e9s de la tragedia de Moreno, que provoc\u00f3 la muerte de la vice-directora y una auxiliar docente y que desat\u00f3 una crisis educacional en varios distritos de la provincia, el efecto lleg\u00f3 tambi\u00e9n a Pilar. La educaci\u00f3n en el distrito de Ducot\u00e9 vivi\u00f3 una &#8220;eclosi\u00f3n&#8221; -dicho as\u00ed en palabras de referentes opositores- y, en una semana, m\u00e1s de 30 establecimientos se vieron obligados a suspender sus clases por p\u00e9rdidas de gas y otras irregularidades de infraestructura. En los \u00faltimos d\u00edas, padres, docentes, directores, inspectores, auxiliares y referentes de la educaci\u00f3n se manifestaron reclamando una respuesta por parte del Intendente y sus funcionarios, que llegaron a declarar que las escuelas de Pilar &#8220;estaban fuera de riesgo&#8221;.<\/p>\n<p>A eso se sum\u00f3 un &#8220;jueves negro&#8221; con guardias colapsadas en el Hospital Sanguinetti, una de las principales instituciones m\u00e9dicas que tiene el municipio. El establecimiento se vio obligado a atender con un s\u00f3lo m\u00e9dico y, mientras desde el gobierno sosten\u00edan que &#8220;todo funcionaba con normalidad&#8221;, en la puerta del Hospital, los pacientes eran derivados a los centros de atenci\u00f3n barriales por no dar abasto. Un d\u00eda antes de eso, saltaba a la luz tambi\u00e9n el caso de la joven de 27 a\u00f1os que falleci\u00f3 despu\u00e9s de internarse en el hospital tras intentar realizarse un aborto clandestino.<\/p>\n<p>Es cierto que manejar un municipio en la provincia de Buenos Aires no es tarea f\u00e1cil, pero en el distrito de Ducot\u00e9 parecer\u00eda ser a\u00fan peor. Ya sea la &#8220;mala racha&#8221; o la &#8220;mala administraci\u00f3n&#8221; lo cierto es que <strong>cada vez se suman m\u00e1s problemas a la gesti\u00f3n<\/strong>. Ducot\u00e9 tampoco tiene mejor suerte en materia de seguridad. Aunque esta semana recibi\u00f3 refuerzos policiales de Mar\u00eda Eugenia Vidal, los casos de delitos siguen siendo noticia en Pilar. Y el tema viene enfrentando al Intendente con vecinos y comerciantes, quienes llegaron a hablar del &#8220;nulo, magro y p\u00e9simo resultado&#8221; de las medidas tomadas por Ducot\u00e9.\u00a0<\/p>\n<p>Pero el jefe distrital sigue adelante y busca respiro en las obras. La construcci\u00f3n de asfaltos podr\u00eda ser una buena salida para el Intendente de Cambiemos, que logr\u00f3 aprobar un cr\u00e9dito de $600 millones del Banco Naci\u00f3n. Eso s\u00ed, para que efectivamente lo sean, deber\u00e1 superar los embates de la oposici\u00f3n, que hasta hizo una presentaci\u00f3n judicial. Desde el bloque opositor insisten en que el endeudamiento no es necesario y acusan a Ducot\u00e9 de tener una mala administraci\u00f3n de los fondos p\u00fablicos, alegando que podr\u00eda hacer las calles con el presupuesto municipal.<\/p>\n<p>As\u00ed es que, m\u00e1s all\u00e1 de que Ducot\u00e9 ya manifest\u00f3 claras intenciones de ir por la re-elecci\u00f3n en 2019, la pregunta que surge es si el funcionario lograr\u00e1 la aprobaci\u00f3n en el interior de Cambiemos. Cabe recordar que cuando comenz\u00f3 su campa\u00f1a a Intendente, en 2015, Nicol\u00e1s no era el \u00fanico candidato. Quien &#8220;amigablemente&#8221; le cedi\u00f3 el lugar al actual Intendente fue Sebasti\u00e1n &#8220;Dandy&#8221; Neuspiller. El actual concejal, y varias veces Intendente-interino, sigue siendo una figura con fuerza en el frente amarillo. Y no hay certeza de que a la hora de asegurarse el triunfo el a\u00f1o pr\u00f3ximo, Vidal no lo prefiera a \u00e9l por sobre Ducot\u00e9. Acostumbrado a &#8220;surfear la ola&#8221;, Ducot\u00e9 tendr\u00e1 que dar tambi\u00e9n esta pelea para lograr ser el preferido de Mar\u00eda Eugenia en Pilar.<\/p>\n<p>\u00a0<\/p>\n<\/div>\n<\/div>\n<p>Fuente: https:\/\/www.elintransigente.com\/politica\/2018\/8\/18\/pilar-un-municipio-con-problemas-de-gestion-506263.html<\/p>\n","protected":false},"excerpt":{"rendered":"<p>Pilar es conocido por ser un Municipio que act\u00faa como una caja de resonancia. Lo que ocurre all\u00ed siempre se potencia ya que muchos del &#8220;c\u00edrculo rojo&#8221; duermen o pasan su fin de semana en esta comuna de la zona norte de la Provincia de Buenos Aires. Tal es as\u00ed que se puede uno encontrar [&hellip;]<\/p>\n","protected":false},"author":1,"featured_media":15524,"comment_status":"open","ping_status":"closed","sticky":false,"template":"","format":"standard","meta":{"footnotes":""},"categories":[1],"tags":[],"class_list":{"0":"post-15523","1":"post","2":"type-post","3":"status-publish","4":"format-standard","5":"has-post-thumbnail","7":"category-portada"},"yoast_head":"<!-- This site is optimized with the Yoast SEO plugin v27.4 - https:\/\/yoast.com\/product\/yoast-seo-wordpress\/ -->\n<title>Pilar, un Municipio con problemas de gesti\u00f3n - El Diario de Tucuman<\/title>\n<meta name=\"robots\" content=\"index, follow, max-snippet:-1, max-image-preview:large, max-video-preview:-1\" \/>\n<link rel=\"canonical\" href=\"https:\/\/www.eldiariodetucuman.com\/web\/pilar-un-municipio-con-problemas-de-gestion\/\" \/>\n<meta property=\"og:locale\" content=\"es_ES\" \/>\n<meta property=\"og:type\" content=\"article\" \/>\n<meta property=\"og:title\" content=\"Pilar, un Municipio con problemas de gesti\u00f3n - El Diario de Tucuman\" \/>\n<meta property=\"og:description\" content=\"Pilar es conocido por ser un Municipio que act\u00faa como una caja de resonancia. Lo que ocurre all\u00ed siempre se potencia ya que muchos del &#8220;c\u00edrculo rojo&#8221; duermen o pasan su fin de semana en esta comuna de la zona norte de la Provincia de Buenos Aires. Tal es as\u00ed que se puede uno encontrar [&hellip;]\" \/>\n<meta property=\"og:url\" content=\"https:\/\/www.eldiariodetucuman.com\/web\/pilar-un-municipio-con-problemas-de-gestion\/\" \/>\n<meta property=\"og:site_name\" content=\"El Diario de Tucuman\" \/>\n<meta property=\"article:published_time\" content=\"2018-08-18T15:36:52+00:00\" \/>\n<meta property=\"article:modified_time\" content=\"2018-08-18T15:36:54+00:00\" \/>\n<meta property=\"og:image\" content=\"https:\/\/www.eldiariodetucuman.com\/web\/wp-content\/uploads\/2018\/08\/6d52b64c575399c63a082fa5d60cc52c.jpeg\" \/>\n\t<meta property=\"og:image:width\" content=\"960\" \/>\n\t<meta property=\"og:image:height\" content=\"639\" \/>\n\t<meta property=\"og:image:type\" content=\"image\/jpeg\" \/>\n<meta name=\"author\" content=\"admin\" \/>\n<meta name=\"twitter:card\" content=\"summary_large_image\" \/>\n<meta name=\"twitter:label1\" content=\"Escrito por\" \/>\n\t<meta name=\"twitter:data1\" content=\"admin\" \/>\n\t<meta name=\"twitter:label2\" content=\"Tiempo de lectura\" \/>\n\t<meta name=\"twitter:data2\" content=\"4 minutos\" \/>\n<script type=\"application\/ld+json\" class=\"yoast-schema-graph\">{\"@context\":\"https:\\\/\\\/schema.org\",\"@graph\":[{\"@type\":\"Article\",\"@id\":\"https:\\\/\\\/www.eldiariodetucuman.com\\\/web\\\/pilar-un-municipio-con-problemas-de-gestion\\\/#article\",\"isPartOf\":{\"@id\":\"https:\\\/\\\/www.eldiariodetucuman.com\\\/web\\\/pilar-un-municipio-con-problemas-de-gestion\\\/\"},\"author\":{\"name\":\"admin\",\"@id\":\"https:\\\/\\\/www.eldiariodetucuman.com\\\/web\\\/#\\\/schema\\\/person\\\/9250197d75ab5483412e19678b121caa\"},\"headline\":\"Pilar, un Municipio con problemas de gesti\u00f3n\",\"datePublished\":\"2018-08-18T15:36:52+00:00\",\"dateModified\":\"2018-08-18T15:36:54+00:00\",\"mainEntityOfPage\":{\"@id\":\"https:\\\/\\\/www.eldiariodetucuman.com\\\/web\\\/pilar-un-municipio-con-problemas-de-gestion\\\/\"},\"wordCount\":827,\"commentCount\":0,\"publisher\":{\"@id\":\"https:\\\/\\\/www.eldiariodetucuman.com\\\/web\\\/#organization\"},\"image\":{\"@id\":\"https:\\\/\\\/www.eldiariodetucuman.com\\\/web\\\/pilar-un-municipio-con-problemas-de-gestion\\\/#primaryimage\"},\"thumbnailUrl\":\"https:\\\/\\\/www.eldiariodetucuman.com\\\/web\\\/wp-content\\\/uploads\\\/2018\\\/08\\\/6d52b64c575399c63a082fa5d60cc52c.jpeg\",\"articleSection\":[\"Portada\"],\"inLanguage\":\"es\",\"potentialAction\":[{\"@type\":\"CommentAction\",\"name\":\"Comment\",\"target\":[\"https:\\\/\\\/www.eldiariodetucuman.com\\\/web\\\/pilar-un-municipio-con-problemas-de-gestion\\\/#respond\"]}]},{\"@type\":\"WebPage\",\"@id\":\"https:\\\/\\\/www.eldiariodetucuman.com\\\/web\\\/pilar-un-municipio-con-problemas-de-gestion\\\/\",\"url\":\"https:\\\/\\\/www.eldiariodetucuman.com\\\/web\\\/pilar-un-municipio-con-problemas-de-gestion\\\/\",\"name\":\"Pilar, un Municipio con problemas de gesti\u00f3n - El Diario de Tucuman\",\"isPartOf\":{\"@id\":\"https:\\\/\\\/www.eldiariodetucuman.com\\\/web\\\/#website\"},\"primaryImageOfPage\":{\"@id\":\"https:\\\/\\\/www.eldiariodetucuman.com\\\/web\\\/pilar-un-municipio-con-problemas-de-gestion\\\/#primaryimage\"},\"image\":{\"@id\":\"https:\\\/\\\/www.eldiariodetucuman.com\\\/web\\\/pilar-un-municipio-con-problemas-de-gestion\\\/#primaryimage\"},\"thumbnailUrl\":\"https:\\\/\\\/www.eldiariodetucuman.com\\\/web\\\/wp-content\\\/uploads\\\/2018\\\/08\\\/6d52b64c575399c63a082fa5d60cc52c.jpeg\",\"datePublished\":\"2018-08-18T15:36:52+00:00\",\"dateModified\":\"2018-08-18T15:36:54+00:00\",\"breadcrumb\":{\"@id\":\"https:\\\/\\\/www.eldiariodetucuman.com\\\/web\\\/pilar-un-municipio-con-problemas-de-gestion\\\/#breadcrumb\"},\"inLanguage\":\"es\",\"potentialAction\":[{\"@type\":\"ReadAction\",\"target\":[\"https:\\\/\\\/www.eldiariodetucuman.com\\\/web\\\/pilar-un-municipio-con-problemas-de-gestion\\\/\"]}]},{\"@type\":\"ImageObject\",\"inLanguage\":\"es\",\"@id\":\"https:\\\/\\\/www.eldiariodetucuman.com\\\/web\\\/pilar-un-municipio-con-problemas-de-gestion\\\/#primaryimage\",\"url\":\"https:\\\/\\\/www.eldiariodetucuman.com\\\/web\\\/wp-content\\\/uploads\\\/2018\\\/08\\\/6d52b64c575399c63a082fa5d60cc52c.jpeg\",\"contentUrl\":\"https:\\\/\\\/www.eldiariodetucuman.com\\\/web\\\/wp-content\\\/uploads\\\/2018\\\/08\\\/6d52b64c575399c63a082fa5d60cc52c.jpeg\",\"width\":960,\"height\":639},{\"@type\":\"BreadcrumbList\",\"@id\":\"https:\\\/\\\/www.eldiariodetucuman.com\\\/web\\\/pilar-un-municipio-con-problemas-de-gestion\\\/#breadcrumb\",\"itemListElement\":[{\"@type\":\"ListItem\",\"position\":1,\"name\":\"Portada\",\"item\":\"https:\\\/\\\/www.eldiariodetucuman.com\\\/web\\\/\"},{\"@type\":\"ListItem\",\"position\":2,\"name\":\"Pilar, un Municipio con problemas de gesti\u00f3n\"}]},{\"@type\":\"WebSite\",\"@id\":\"https:\\\/\\\/www.eldiariodetucuman.com\\\/web\\\/#website\",\"url\":\"https:\\\/\\\/www.eldiariodetucuman.com\\\/web\\\/\",\"name\":\"El Diario de Tucuman\",\"description\":\"Diario Tucuman - Informaci\u00f3n y noticias\",\"publisher\":{\"@id\":\"https:\\\/\\\/www.eldiariodetucuman.com\\\/web\\\/#organization\"},\"potentialAction\":[{\"@type\":\"SearchAction\",\"target\":{\"@type\":\"EntryPoint\",\"urlTemplate\":\"https:\\\/\\\/www.eldiariodetucuman.com\\\/web\\\/?s={search_term_string}\"},\"query-input\":{\"@type\":\"PropertyValueSpecification\",\"valueRequired\":true,\"valueName\":\"search_term_string\"}}],\"inLanguage\":\"es\"},{\"@type\":\"Organization\",\"@id\":\"https:\\\/\\\/www.eldiariodetucuman.com\\\/web\\\/#organization\",\"name\":\"El Diario de Tucuman\",\"url\":\"https:\\\/\\\/www.eldiariodetucuman.com\\\/web\\\/\",\"logo\":{\"@type\":\"ImageObject\",\"inLanguage\":\"es\",\"@id\":\"https:\\\/\\\/www.eldiariodetucuman.com\\\/web\\\/#\\\/schema\\\/logo\\\/image\\\/\",\"url\":\"http:\\\/\\\/www.eldiariodetucuman.com\\\/web\\\/wp-content\\\/uploads\\\/2017\\\/12\\\/el-diario-de-tucuman.jpg\",\"contentUrl\":\"http:\\\/\\\/www.eldiariodetucuman.com\\\/web\\\/wp-content\\\/uploads\\\/2017\\\/12\\\/el-diario-de-tucuman.jpg\",\"width\":272,\"height\":92,\"caption\":\"El Diario de Tucuman\"},\"image\":{\"@id\":\"https:\\\/\\\/www.eldiariodetucuman.com\\\/web\\\/#\\\/schema\\\/logo\\\/image\\\/\"}},{\"@type\":\"Person\",\"@id\":\"https:\\\/\\\/www.eldiariodetucuman.com\\\/web\\\/#\\\/schema\\\/person\\\/9250197d75ab5483412e19678b121caa\",\"name\":\"admin\",\"image\":{\"@type\":\"ImageObject\",\"inLanguage\":\"es\",\"@id\":\"https:\\\/\\\/secure.gravatar.com\\\/avatar\\\/c44d117c2be811212c22cb481f6b8384b6873de103fbc49e7a03cc58d7dea4ac?s=96&d=mm&r=g\",\"url\":\"https:\\\/\\\/secure.gravatar.com\\\/avatar\\\/c44d117c2be811212c22cb481f6b8384b6873de103fbc49e7a03cc58d7dea4ac?s=96&d=mm&r=g\",\"contentUrl\":\"https:\\\/\\\/secure.gravatar.com\\\/avatar\\\/c44d117c2be811212c22cb481f6b8384b6873de103fbc49e7a03cc58d7dea4ac?s=96&d=mm&r=g\",\"caption\":\"admin\"},\"url\":\"https:\\\/\\\/www.eldiariodetucuman.com\\\/web\\\/author\\\/admin\\\/\"}]}<\/script>\n<!-- \/ Yoast SEO plugin. -->","yoast_head_json":{"title":"Pilar, un Municipio con problemas de gesti\u00f3n - El Diario de Tucuman","robots":{"index":"index","follow":"follow","max-snippet":"max-snippet:-1","max-image-preview":"max-image-preview:large","max-video-preview":"max-video-preview:-1"},"canonical":"https:\/\/www.eldiariodetucuman.com\/web\/pilar-un-municipio-con-problemas-de-gestion\/","og_locale":"es_ES","og_type":"article","og_title":"Pilar, un Municipio con problemas de gesti\u00f3n - El Diario de Tucuman","og_description":"Pilar es conocido por ser un Municipio que act\u00faa como una caja de resonancia. Lo que ocurre all\u00ed siempre se potencia ya que muchos del &#8220;c\u00edrculo rojo&#8221; duermen o pasan su fin de semana en esta comuna de la zona norte de la Provincia de Buenos Aires. Tal es as\u00ed que se puede uno encontrar [&hellip;]","og_url":"https:\/\/www.eldiariodetucuman.com\/web\/pilar-un-municipio-con-problemas-de-gestion\/","og_site_name":"El Diario de Tucuman","article_published_time":"2018-08-18T15:36:52+00:00","article_modified_time":"2018-08-18T15:36:54+00:00","og_image":[{"width":960,"height":639,"url":"https:\/\/www.eldiariodetucuman.com\/web\/wp-content\/uploads\/2018\/08\/6d52b64c575399c63a082fa5d60cc52c.jpeg","type":"image\/jpeg"}],"author":"admin","twitter_card":"summary_large_image","twitter_misc":{"Escrito por":"admin","Tiempo de lectura":"4 minutos"},"schema":{"@context":"https:\/\/schema.org","@graph":[{"@type":"Article","@id":"https:\/\/www.eldiariodetucuman.com\/web\/pilar-un-municipio-con-problemas-de-gestion\/#article","isPartOf":{"@id":"https:\/\/www.eldiariodetucuman.com\/web\/pilar-un-municipio-con-problemas-de-gestion\/"},"author":{"name":"admin","@id":"https:\/\/www.eldiariodetucuman.com\/web\/#\/schema\/person\/9250197d75ab5483412e19678b121caa"},"headline":"Pilar, un Municipio con problemas de gesti\u00f3n","datePublished":"2018-08-18T15:36:52+00:00","dateModified":"2018-08-18T15:36:54+00:00","mainEntityOfPage":{"@id":"https:\/\/www.eldiariodetucuman.com\/web\/pilar-un-municipio-con-problemas-de-gestion\/"},"wordCount":827,"commentCount":0,"publisher":{"@id":"https:\/\/www.eldiariodetucuman.com\/web\/#organization"},"image":{"@id":"https:\/\/www.eldiariodetucuman.com\/web\/pilar-un-municipio-con-problemas-de-gestion\/#primaryimage"},"thumbnailUrl":"https:\/\/www.eldiariodetucuman.com\/web\/wp-content\/uploads\/2018\/08\/6d52b64c575399c63a082fa5d60cc52c.jpeg","articleSection":["Portada"],"inLanguage":"es","potentialAction":[{"@type":"CommentAction","name":"Comment","target":["https:\/\/www.eldiariodetucuman.com\/web\/pilar-un-municipio-con-problemas-de-gestion\/#respond"]}]},{"@type":"WebPage","@id":"https:\/\/www.eldiariodetucuman.com\/web\/pilar-un-municipio-con-problemas-de-gestion\/","url":"https:\/\/www.eldiariodetucuman.com\/web\/pilar-un-municipio-con-problemas-de-gestion\/","name":"Pilar, un Municipio con problemas de gesti\u00f3n - El Diario de Tucuman","isPartOf":{"@id":"https:\/\/www.eldiariodetucuman.com\/web\/#website"},"primaryImageOfPage":{"@id":"https:\/\/www.eldiariodetucuman.com\/web\/pilar-un-municipio-con-problemas-de-gestion\/#primaryimage"},"image":{"@id":"https:\/\/www.eldiariodetucuman.com\/web\/pilar-un-municipio-con-problemas-de-gestion\/#primaryimage"},"thumbnailUrl":"https:\/\/www.eldiariodetucuman.com\/web\/wp-content\/uploads\/2018\/08\/6d52b64c575399c63a082fa5d60cc52c.jpeg","datePublished":"2018-08-18T15:36:52+00:00","dateModified":"2018-08-18T15:36:54+00:00","breadcrumb":{"@id":"https:\/\/www.eldiariodetucuman.com\/web\/pilar-un-municipio-con-problemas-de-gestion\/#breadcrumb"},"inLanguage":"es","potentialAction":[{"@type":"ReadAction","target":["https:\/\/www.eldiariodetucuman.com\/web\/pilar-un-municipio-con-problemas-de-gestion\/"]}]},{"@type":"ImageObject","inLanguage":"es","@id":"https:\/\/www.eldiariodetucuman.com\/web\/pilar-un-municipio-con-problemas-de-gestion\/#primaryimage","url":"https:\/\/www.eldiariodetucuman.com\/web\/wp-content\/uploads\/2018\/08\/6d52b64c575399c63a082fa5d60cc52c.jpeg","contentUrl":"https:\/\/www.eldiariodetucuman.com\/web\/wp-content\/uploads\/2018\/08\/6d52b64c575399c63a082fa5d60cc52c.jpeg","width":960,"height":639},{"@type":"BreadcrumbList","@id":"https:\/\/www.eldiariodetucuman.com\/web\/pilar-un-municipio-con-problemas-de-gestion\/#breadcrumb","itemListElement":[{"@type":"ListItem","position":1,"name":"Portada","item":"https:\/\/www.eldiariodetucuman.com\/web\/"},{"@type":"ListItem","position":2,"name":"Pilar, un Municipio con problemas de gesti\u00f3n"}]},{"@type":"WebSite","@id":"https:\/\/www.eldiariodetucuman.com\/web\/#website","url":"https:\/\/www.eldiariodetucuman.com\/web\/","name":"El Diario de Tucuman","description":"Diario Tucuman - Informaci\u00f3n y noticias","publisher":{"@id":"https:\/\/www.eldiariodetucuman.com\/web\/#organization"},"potentialAction":[{"@type":"SearchAction","target":{"@type":"EntryPoint","urlTemplate":"https:\/\/www.eldiariodetucuman.com\/web\/?s={search_term_string}"},"query-input":{"@type":"PropertyValueSpecification","valueRequired":true,"valueName":"search_term_string"}}],"inLanguage":"es"},{"@type":"Organization","@id":"https:\/\/www.eldiariodetucuman.com\/web\/#organization","name":"El Diario de Tucuman","url":"https:\/\/www.eldiariodetucuman.com\/web\/","logo":{"@type":"ImageObject","inLanguage":"es","@id":"https:\/\/www.eldiariodetucuman.com\/web\/#\/schema\/logo\/image\/","url":"http:\/\/www.eldiariodetucuman.com\/web\/wp-content\/uploads\/2017\/12\/el-diario-de-tucuman.jpg","contentUrl":"http:\/\/www.eldiariodetucuman.com\/web\/wp-content\/uploads\/2017\/12\/el-diario-de-tucuman.jpg","width":272,"height":92,"caption":"El Diario de Tucuman"},"image":{"@id":"https:\/\/www.eldiariodetucuman.com\/web\/#\/schema\/logo\/image\/"}},{"@type":"Person","@id":"https:\/\/www.eldiariodetucuman.com\/web\/#\/schema\/person\/9250197d75ab5483412e19678b121caa","name":"admin","image":{"@type":"ImageObject","inLanguage":"es","@id":"https:\/\/secure.gravatar.com\/avatar\/c44d117c2be811212c22cb481f6b8384b6873de103fbc49e7a03cc58d7dea4ac?s=96&d=mm&r=g","url":"https:\/\/secure.gravatar.com\/avatar\/c44d117c2be811212c22cb481f6b8384b6873de103fbc49e7a03cc58d7dea4ac?s=96&d=mm&r=g","contentUrl":"https:\/\/secure.gravatar.com\/avatar\/c44d117c2be811212c22cb481f6b8384b6873de103fbc49e7a03cc58d7dea4ac?s=96&d=mm&r=g","caption":"admin"},"url":"https:\/\/www.eldiariodetucuman.com\/web\/author\/admin\/"}]}},"_links":{"self":[{"href":"https:\/\/www.eldiariodetucuman.com\/web\/wp-json\/wp\/v2\/posts\/15523","targetHints":{"allow":["GET"]}}],"collection":[{"href":"https:\/\/www.eldiariodetucuman.com\/web\/wp-json\/wp\/v2\/posts"}],"about":[{"href":"https:\/\/www.eldiariodetucuman.com\/web\/wp-json\/wp\/v2\/types\/post"}],"author":[{"embeddable":true,"href":"https:\/\/www.eldiariodetucuman.com\/web\/wp-json\/wp\/v2\/users\/1"}],"replies":[{"embeddable":true,"href":"https:\/\/www.eldiariodetucuman.com\/web\/wp-json\/wp\/v2\/comments?post=15523"}],"version-history":[{"count":1,"href":"https:\/\/www.eldiariodetucuman.com\/web\/wp-json\/wp\/v2\/posts\/15523\/revisions"}],"predecessor-version":[{"id":15525,"href":"https:\/\/www.eldiariodetucuman.com\/web\/wp-json\/wp\/v2\/posts\/15523\/revisions\/15525"}],"wp:featuredmedia":[{"embeddable":true,"href":"https:\/\/www.eldiariodetucuman.com\/web\/wp-json\/wp\/v2\/media\/15524"}],"wp:attachment":[{"href":"https:\/\/www.eldiariodetucuman.com\/web\/wp-json\/wp\/v2\/media?parent=15523"}],"wp:term":[{"taxonomy":"category","embeddable":true,"href":"https:\/\/www.eldiariodetucuman.com\/web\/wp-json\/wp\/v2\/categories?post=15523"},{"taxonomy":"post_tag","embeddable":true,"href":"https:\/\/www.eldiariodetucuman.com\/web\/wp-json\/wp\/v2\/tags?post=15523"}],"curies":[{"name":"wp","href":"https:\/\/api.w.org\/{rel}","templated":true}]}}