{"id":15514,"date":"2018-08-18T11:41:56","date_gmt":"2018-08-18T14:41:56","guid":{"rendered":"http:\/\/www.eldiariodetucuman.com\/web\/rechazaron-el-pedido-de-perez-gadin-contra-la-prorroga-de-su-prision-preventiva\/"},"modified":"2018-08-18T11:41:59","modified_gmt":"2018-08-18T14:41:59","slug":"rechazaron-el-pedido-de-perez-gadin-contra-la-prorroga-de-su-prision-preventiva","status":"publish","type":"post","link":"https:\/\/www.eldiariodetucuman.com\/web\/rechazaron-el-pedido-de-perez-gadin-contra-la-prorroga-de-su-prision-preventiva\/","title":{"rendered":"Rechazaron el pedido de P\u00e9rez Gad\u00edn contra la pr\u00f3rroga de su prisi\u00f3n preventiva"},"content":{"rendered":"<div>\n<div readability=\"49.208248472505\">\n<p>El contador <a href=\"https:\/\/www.elintransigente.com\/noticias\/buscar\/?buscar=perez+gadin\">Daniel P\u00e9rez Gad\u00edn<\/a> <strong>solicit\u00f3 un recurso extraordinario contra la decisi\u00f3n de la Sala VI de la C\u00e1mara Federal de Casaci\u00f3n Penal, de prorrogar su prisi\u00f3n preventiva por el t\u00e9rmino de un a\u00f1o<\/strong>. Por su parte, la decisi\u00f3n de esta misma sala fue la de <strong>rechazar el pedido presentado por la defensa del procesado.<\/strong><\/p>\n<p>De esta manera, la <a href=\"https:\/\/www.elintransigente.com\/noticias\/buscar\/?buscar=sala+VI+de+casaci%F3n+penal\">Sala IV de la C\u00e1mara Federal de Casaci\u00f3n Penal,<\/a> con los votos de los jueces Mariano Hern\u00e1n Borinsky (presidente), Gustavo M. Hornos y Diego G. Barroetave\u00f1a, resolvi\u00f3: <strong>&#8220;Declarar inadmisible el recurso extraordinario presentado por la defensa particular de Daniel P\u00e9rez Gad\u00edn&#8221;<\/strong>, contra la decisi\u00f3n de esa misma Sala que anteriormente hab\u00eda confirmado la pr\u00f3rroga de prisi\u00f3n preventiva del nombrado por el t\u00e9rmino de un a\u00f1o.<\/p>\n<aside class=\"htmlinline \"><ins class=\"adsbygoogle\" data-ad-layout=\"in-article\" data-ad-format=\"fluid\" data-ad-client=\"ca-pub-7781556717282971\" data-ad-slot=\"9383133609\"><\/ins><br \/>\n<\/aside>\n<p>En la causa, <strong>P\u00e9rez Gad\u00edn se encuentra procesado por el delito de lavado de activos, con relaci\u00f3n a la realizaci\u00f3n de maniobras a trav\u00e9s de una financiera<\/strong>, con el fin de sacar del pa\u00eds sumas millonarias en d\u00f3lares, presuntamente originadas en el uso de <strong>facturaci\u00f3n falsa<\/strong>, para simular gastos en el marco de los contratos de obra p\u00fablica con el Estado Nacional. Todas estas maniobras fueron detectadas durante el gobierno de Cristina Fern\u00e1ndez de Kirchner y <strong>la causa ya se encuentra en el tribunal de juicio pronta a celebrar la audiencia de debate oral.<\/strong><\/p>\n<p>Durante este a\u00f1o, <strong>el Tribunal Oral Federal IV\u00a0prorrog\u00f3 por un a\u00f1o la prisi\u00f3n preventiva al contador, de la que ya se cumplieron dos a\u00f1os<\/strong>. De esta manera, se determin\u00f3 que P\u00e9rez Gad\u00edn contin\u00fae preso, decisi\u00f3n que la defensa intent\u00f3 desestimar, sin \u00e9xito.\u00a0<\/p>\n<p>En la decisi\u00f3n de la pr\u00f3rroga, los jueces <strong>Pablo Bertuzzi, Guillermo Costabel y Gabriela L\u00f3pez I\u00f1\u00edguez<\/strong>, entendieron que se manten\u00edan los riesgos procesales por los que P\u00e9rez Gad\u00edn hab\u00eda sido detenido. Lo mismo ocurri\u00f3 respecto del empresario <strong>L\u00e1zaro B\u00e1ez<\/strong>, a quien tambi\u00e9n le prorrogaron por un a\u00f1o la prisi\u00f3n preventiva, en abril del 2018.<\/p>\n<\/div>\n<\/div>\n<p>Fuente: https:\/\/www.elintransigente.com\/politica\/2018\/8\/18\/rechazaron-el-pedido-de-perez-gadin-contra-la-prorroga-de-su-prision-preventiva-506259.html<\/p>\n","protected":false},"excerpt":{"rendered":"<p>El contador Daniel P\u00e9rez Gad\u00edn solicit\u00f3 un recurso extraordinario contra la decisi\u00f3n de la Sala VI de la C\u00e1mara Federal de Casaci\u00f3n Penal, de prorrogar su prisi\u00f3n preventiva por el t\u00e9rmino de un a\u00f1o. Por su parte, la decisi\u00f3n de esta misma sala fue la de rechazar el pedido presentado por la defensa del procesado. [&hellip;]<\/p>\n","protected":false},"author":1,"featured_media":15515,"comment_status":"open","ping_status":"closed","sticky":false,"template":"","format":"standard","meta":{"footnotes":""},"categories":[1],"tags":[],"class_list":{"0":"post-15514","1":"post","2":"type-post","3":"status-publish","4":"format-standard","5":"has-post-thumbnail","7":"category-portada"},"yoast_head":"<!-- This site is optimized with the Yoast SEO plugin v27.4 - https:\/\/yoast.com\/product\/yoast-seo-wordpress\/ -->\n<title>Rechazaron el pedido de P\u00e9rez Gad\u00edn contra la pr\u00f3rroga de su prisi\u00f3n preventiva - El Diario de Tucuman<\/title>\n<meta name=\"robots\" content=\"index, follow, max-snippet:-1, max-image-preview:large, max-video-preview:-1\" \/>\n<link rel=\"canonical\" href=\"https:\/\/www.eldiariodetucuman.com\/web\/rechazaron-el-pedido-de-perez-gadin-contra-la-prorroga-de-su-prision-preventiva\/\" \/>\n<meta property=\"og:locale\" content=\"es_ES\" \/>\n<meta property=\"og:type\" content=\"article\" \/>\n<meta property=\"og:title\" content=\"Rechazaron el pedido de P\u00e9rez Gad\u00edn contra la pr\u00f3rroga de su prisi\u00f3n preventiva - El Diario de Tucuman\" \/>\n<meta property=\"og:description\" content=\"El contador Daniel P\u00e9rez Gad\u00edn solicit\u00f3 un recurso extraordinario contra la decisi\u00f3n de la Sala VI de la C\u00e1mara Federal de Casaci\u00f3n Penal, de prorrogar su prisi\u00f3n preventiva por el t\u00e9rmino de un a\u00f1o. Por su parte, la decisi\u00f3n de esta misma sala fue la de rechazar el pedido presentado por la defensa del procesado. [&hellip;]\" \/>\n<meta property=\"og:url\" content=\"https:\/\/www.eldiariodetucuman.com\/web\/rechazaron-el-pedido-de-perez-gadin-contra-la-prorroga-de-su-prision-preventiva\/\" \/>\n<meta property=\"og:site_name\" content=\"El Diario de Tucuman\" \/>\n<meta property=\"article:published_time\" content=\"2018-08-18T14:41:56+00:00\" \/>\n<meta property=\"article:modified_time\" content=\"2018-08-18T14:41:59+00:00\" \/>\n<meta property=\"og:image\" content=\"https:\/\/www.eldiariodetucuman.com\/web\/wp-content\/uploads\/2018\/08\/398e45f41c5856ed5bfd8a68c84839be.jpeg\" \/>\n\t<meta property=\"og:image:width\" content=\"960\" \/>\n\t<meta property=\"og:image:height\" content=\"2077\" \/>\n\t<meta property=\"og:image:type\" content=\"image\/jpeg\" \/>\n<meta name=\"author\" content=\"admin\" \/>\n<meta name=\"twitter:card\" content=\"summary_large_image\" \/>\n<meta name=\"twitter:label1\" content=\"Escrito por\" \/>\n\t<meta name=\"twitter:data1\" content=\"admin\" \/>\n\t<meta name=\"twitter:label2\" content=\"Tiempo de lectura\" \/>\n\t<meta name=\"twitter:data2\" content=\"2 minutos\" \/>\n<script type=\"application\/ld+json\" class=\"yoast-schema-graph\">{\"@context\":\"https:\\\/\\\/schema.org\",\"@graph\":[{\"@type\":\"Article\",\"@id\":\"https:\\\/\\\/www.eldiariodetucuman.com\\\/web\\\/rechazaron-el-pedido-de-perez-gadin-contra-la-prorroga-de-su-prision-preventiva\\\/#article\",\"isPartOf\":{\"@id\":\"https:\\\/\\\/www.eldiariodetucuman.com\\\/web\\\/rechazaron-el-pedido-de-perez-gadin-contra-la-prorroga-de-su-prision-preventiva\\\/\"},\"author\":{\"name\":\"admin\",\"@id\":\"https:\\\/\\\/www.eldiariodetucuman.com\\\/web\\\/#\\\/schema\\\/person\\\/9250197d75ab5483412e19678b121caa\"},\"headline\":\"Rechazaron el pedido de P\u00e9rez Gad\u00edn contra la pr\u00f3rroga de su prisi\u00f3n preventiva\",\"datePublished\":\"2018-08-18T14:41:56+00:00\",\"dateModified\":\"2018-08-18T14:41:59+00:00\",\"mainEntityOfPage\":{\"@id\":\"https:\\\/\\\/www.eldiariodetucuman.com\\\/web\\\/rechazaron-el-pedido-de-perez-gadin-contra-la-prorroga-de-su-prision-preventiva\\\/\"},\"wordCount\":391,\"commentCount\":0,\"publisher\":{\"@id\":\"https:\\\/\\\/www.eldiariodetucuman.com\\\/web\\\/#organization\"},\"image\":{\"@id\":\"https:\\\/\\\/www.eldiariodetucuman.com\\\/web\\\/rechazaron-el-pedido-de-perez-gadin-contra-la-prorroga-de-su-prision-preventiva\\\/#primaryimage\"},\"thumbnailUrl\":\"https:\\\/\\\/www.eldiariodetucuman.com\\\/web\\\/wp-content\\\/uploads\\\/2018\\\/08\\\/398e45f41c5856ed5bfd8a68c84839be.jpeg\",\"articleSection\":[\"Portada\"],\"inLanguage\":\"es\",\"potentialAction\":[{\"@type\":\"CommentAction\",\"name\":\"Comment\",\"target\":[\"https:\\\/\\\/www.eldiariodetucuman.com\\\/web\\\/rechazaron-el-pedido-de-perez-gadin-contra-la-prorroga-de-su-prision-preventiva\\\/#respond\"]}]},{\"@type\":\"WebPage\",\"@id\":\"https:\\\/\\\/www.eldiariodetucuman.com\\\/web\\\/rechazaron-el-pedido-de-perez-gadin-contra-la-prorroga-de-su-prision-preventiva\\\/\",\"url\":\"https:\\\/\\\/www.eldiariodetucuman.com\\\/web\\\/rechazaron-el-pedido-de-perez-gadin-contra-la-prorroga-de-su-prision-preventiva\\\/\",\"name\":\"Rechazaron el pedido de P\u00e9rez Gad\u00edn contra la pr\u00f3rroga de su prisi\u00f3n preventiva - El Diario de Tucuman\",\"isPartOf\":{\"@id\":\"https:\\\/\\\/www.eldiariodetucuman.com\\\/web\\\/#website\"},\"primaryImageOfPage\":{\"@id\":\"https:\\\/\\\/www.eldiariodetucuman.com\\\/web\\\/rechazaron-el-pedido-de-perez-gadin-contra-la-prorroga-de-su-prision-preventiva\\\/#primaryimage\"},\"image\":{\"@id\":\"https:\\\/\\\/www.eldiariodetucuman.com\\\/web\\\/rechazaron-el-pedido-de-perez-gadin-contra-la-prorroga-de-su-prision-preventiva\\\/#primaryimage\"},\"thumbnailUrl\":\"https:\\\/\\\/www.eldiariodetucuman.com\\\/web\\\/wp-content\\\/uploads\\\/2018\\\/08\\\/398e45f41c5856ed5bfd8a68c84839be.jpeg\",\"datePublished\":\"2018-08-18T14:41:56+00:00\",\"dateModified\":\"2018-08-18T14:41:59+00:00\",\"breadcrumb\":{\"@id\":\"https:\\\/\\\/www.eldiariodetucuman.com\\\/web\\\/rechazaron-el-pedido-de-perez-gadin-contra-la-prorroga-de-su-prision-preventiva\\\/#breadcrumb\"},\"inLanguage\":\"es\",\"potentialAction\":[{\"@type\":\"ReadAction\",\"target\":[\"https:\\\/\\\/www.eldiariodetucuman.com\\\/web\\\/rechazaron-el-pedido-de-perez-gadin-contra-la-prorroga-de-su-prision-preventiva\\\/\"]}]},{\"@type\":\"ImageObject\",\"inLanguage\":\"es\",\"@id\":\"https:\\\/\\\/www.eldiariodetucuman.com\\\/web\\\/rechazaron-el-pedido-de-perez-gadin-contra-la-prorroga-de-su-prision-preventiva\\\/#primaryimage\",\"url\":\"https:\\\/\\\/www.eldiariodetucuman.com\\\/web\\\/wp-content\\\/uploads\\\/2018\\\/08\\\/398e45f41c5856ed5bfd8a68c84839be.jpeg\",\"contentUrl\":\"https:\\\/\\\/www.eldiariodetucuman.com\\\/web\\\/wp-content\\\/uploads\\\/2018\\\/08\\\/398e45f41c5856ed5bfd8a68c84839be.jpeg\",\"width\":960,\"height\":2077},{\"@type\":\"BreadcrumbList\",\"@id\":\"https:\\\/\\\/www.eldiariodetucuman.com\\\/web\\\/rechazaron-el-pedido-de-perez-gadin-contra-la-prorroga-de-su-prision-preventiva\\\/#breadcrumb\",\"itemListElement\":[{\"@type\":\"ListItem\",\"position\":1,\"name\":\"Portada\",\"item\":\"https:\\\/\\\/www.eldiariodetucuman.com\\\/web\\\/\"},{\"@type\":\"ListItem\",\"position\":2,\"name\":\"Rechazaron el pedido de P\u00e9rez Gad\u00edn contra la pr\u00f3rroga de su prisi\u00f3n preventiva\"}]},{\"@type\":\"WebSite\",\"@id\":\"https:\\\/\\\/www.eldiariodetucuman.com\\\/web\\\/#website\",\"url\":\"https:\\\/\\\/www.eldiariodetucuman.com\\\/web\\\/\",\"name\":\"El Diario de Tucuman\",\"description\":\"Diario Tucuman - Informaci\u00f3n y noticias\",\"publisher\":{\"@id\":\"https:\\\/\\\/www.eldiariodetucuman.com\\\/web\\\/#organization\"},\"potentialAction\":[{\"@type\":\"SearchAction\",\"target\":{\"@type\":\"EntryPoint\",\"urlTemplate\":\"https:\\\/\\\/www.eldiariodetucuman.com\\\/web\\\/?s={search_term_string}\"},\"query-input\":{\"@type\":\"PropertyValueSpecification\",\"valueRequired\":true,\"valueName\":\"search_term_string\"}}],\"inLanguage\":\"es\"},{\"@type\":\"Organization\",\"@id\":\"https:\\\/\\\/www.eldiariodetucuman.com\\\/web\\\/#organization\",\"name\":\"El Diario de Tucuman\",\"url\":\"https:\\\/\\\/www.eldiariodetucuman.com\\\/web\\\/\",\"logo\":{\"@type\":\"ImageObject\",\"inLanguage\":\"es\",\"@id\":\"https:\\\/\\\/www.eldiariodetucuman.com\\\/web\\\/#\\\/schema\\\/logo\\\/image\\\/\",\"url\":\"http:\\\/\\\/www.eldiariodetucuman.com\\\/web\\\/wp-content\\\/uploads\\\/2017\\\/12\\\/el-diario-de-tucuman.jpg\",\"contentUrl\":\"http:\\\/\\\/www.eldiariodetucuman.com\\\/web\\\/wp-content\\\/uploads\\\/2017\\\/12\\\/el-diario-de-tucuman.jpg\",\"width\":272,\"height\":92,\"caption\":\"El Diario de Tucuman\"},\"image\":{\"@id\":\"https:\\\/\\\/www.eldiariodetucuman.com\\\/web\\\/#\\\/schema\\\/logo\\\/image\\\/\"}},{\"@type\":\"Person\",\"@id\":\"https:\\\/\\\/www.eldiariodetucuman.com\\\/web\\\/#\\\/schema\\\/person\\\/9250197d75ab5483412e19678b121caa\",\"name\":\"admin\",\"image\":{\"@type\":\"ImageObject\",\"inLanguage\":\"es\",\"@id\":\"https:\\\/\\\/secure.gravatar.com\\\/avatar\\\/c44d117c2be811212c22cb481f6b8384b6873de103fbc49e7a03cc58d7dea4ac?s=96&d=mm&r=g\",\"url\":\"https:\\\/\\\/secure.gravatar.com\\\/avatar\\\/c44d117c2be811212c22cb481f6b8384b6873de103fbc49e7a03cc58d7dea4ac?s=96&d=mm&r=g\",\"contentUrl\":\"https:\\\/\\\/secure.gravatar.com\\\/avatar\\\/c44d117c2be811212c22cb481f6b8384b6873de103fbc49e7a03cc58d7dea4ac?s=96&d=mm&r=g\",\"caption\":\"admin\"},\"url\":\"https:\\\/\\\/www.eldiariodetucuman.com\\\/web\\\/author\\\/admin\\\/\"}]}<\/script>\n<!-- \/ Yoast SEO plugin. -->","yoast_head_json":{"title":"Rechazaron el pedido de P\u00e9rez Gad\u00edn contra la pr\u00f3rroga de su prisi\u00f3n preventiva - El Diario de Tucuman","robots":{"index":"index","follow":"follow","max-snippet":"max-snippet:-1","max-image-preview":"max-image-preview:large","max-video-preview":"max-video-preview:-1"},"canonical":"https:\/\/www.eldiariodetucuman.com\/web\/rechazaron-el-pedido-de-perez-gadin-contra-la-prorroga-de-su-prision-preventiva\/","og_locale":"es_ES","og_type":"article","og_title":"Rechazaron el pedido de P\u00e9rez Gad\u00edn contra la pr\u00f3rroga de su prisi\u00f3n preventiva - El Diario de Tucuman","og_description":"El contador Daniel P\u00e9rez Gad\u00edn solicit\u00f3 un recurso extraordinario contra la decisi\u00f3n de la Sala VI de la C\u00e1mara Federal de Casaci\u00f3n Penal, de prorrogar su prisi\u00f3n preventiva por el t\u00e9rmino de un a\u00f1o. Por su parte, la decisi\u00f3n de esta misma sala fue la de rechazar el pedido presentado por la defensa del procesado. [&hellip;]","og_url":"https:\/\/www.eldiariodetucuman.com\/web\/rechazaron-el-pedido-de-perez-gadin-contra-la-prorroga-de-su-prision-preventiva\/","og_site_name":"El Diario de Tucuman","article_published_time":"2018-08-18T14:41:56+00:00","article_modified_time":"2018-08-18T14:41:59+00:00","og_image":[{"width":960,"height":2077,"url":"https:\/\/www.eldiariodetucuman.com\/web\/wp-content\/uploads\/2018\/08\/398e45f41c5856ed5bfd8a68c84839be.jpeg","type":"image\/jpeg"}],"author":"admin","twitter_card":"summary_large_image","twitter_misc":{"Escrito por":"admin","Tiempo de lectura":"2 minutos"},"schema":{"@context":"https:\/\/schema.org","@graph":[{"@type":"Article","@id":"https:\/\/www.eldiariodetucuman.com\/web\/rechazaron-el-pedido-de-perez-gadin-contra-la-prorroga-de-su-prision-preventiva\/#article","isPartOf":{"@id":"https:\/\/www.eldiariodetucuman.com\/web\/rechazaron-el-pedido-de-perez-gadin-contra-la-prorroga-de-su-prision-preventiva\/"},"author":{"name":"admin","@id":"https:\/\/www.eldiariodetucuman.com\/web\/#\/schema\/person\/9250197d75ab5483412e19678b121caa"},"headline":"Rechazaron el pedido de P\u00e9rez Gad\u00edn contra la pr\u00f3rroga de su prisi\u00f3n preventiva","datePublished":"2018-08-18T14:41:56+00:00","dateModified":"2018-08-18T14:41:59+00:00","mainEntityOfPage":{"@id":"https:\/\/www.eldiariodetucuman.com\/web\/rechazaron-el-pedido-de-perez-gadin-contra-la-prorroga-de-su-prision-preventiva\/"},"wordCount":391,"commentCount":0,"publisher":{"@id":"https:\/\/www.eldiariodetucuman.com\/web\/#organization"},"image":{"@id":"https:\/\/www.eldiariodetucuman.com\/web\/rechazaron-el-pedido-de-perez-gadin-contra-la-prorroga-de-su-prision-preventiva\/#primaryimage"},"thumbnailUrl":"https:\/\/www.eldiariodetucuman.com\/web\/wp-content\/uploads\/2018\/08\/398e45f41c5856ed5bfd8a68c84839be.jpeg","articleSection":["Portada"],"inLanguage":"es","potentialAction":[{"@type":"CommentAction","name":"Comment","target":["https:\/\/www.eldiariodetucuman.com\/web\/rechazaron-el-pedido-de-perez-gadin-contra-la-prorroga-de-su-prision-preventiva\/#respond"]}]},{"@type":"WebPage","@id":"https:\/\/www.eldiariodetucuman.com\/web\/rechazaron-el-pedido-de-perez-gadin-contra-la-prorroga-de-su-prision-preventiva\/","url":"https:\/\/www.eldiariodetucuman.com\/web\/rechazaron-el-pedido-de-perez-gadin-contra-la-prorroga-de-su-prision-preventiva\/","name":"Rechazaron el pedido de P\u00e9rez Gad\u00edn contra la pr\u00f3rroga de su prisi\u00f3n preventiva - El Diario de Tucuman","isPartOf":{"@id":"https:\/\/www.eldiariodetucuman.com\/web\/#website"},"primaryImageOfPage":{"@id":"https:\/\/www.eldiariodetucuman.com\/web\/rechazaron-el-pedido-de-perez-gadin-contra-la-prorroga-de-su-prision-preventiva\/#primaryimage"},"image":{"@id":"https:\/\/www.eldiariodetucuman.com\/web\/rechazaron-el-pedido-de-perez-gadin-contra-la-prorroga-de-su-prision-preventiva\/#primaryimage"},"thumbnailUrl":"https:\/\/www.eldiariodetucuman.com\/web\/wp-content\/uploads\/2018\/08\/398e45f41c5856ed5bfd8a68c84839be.jpeg","datePublished":"2018-08-18T14:41:56+00:00","dateModified":"2018-08-18T14:41:59+00:00","breadcrumb":{"@id":"https:\/\/www.eldiariodetucuman.com\/web\/rechazaron-el-pedido-de-perez-gadin-contra-la-prorroga-de-su-prision-preventiva\/#breadcrumb"},"inLanguage":"es","potentialAction":[{"@type":"ReadAction","target":["https:\/\/www.eldiariodetucuman.com\/web\/rechazaron-el-pedido-de-perez-gadin-contra-la-prorroga-de-su-prision-preventiva\/"]}]},{"@type":"ImageObject","inLanguage":"es","@id":"https:\/\/www.eldiariodetucuman.com\/web\/rechazaron-el-pedido-de-perez-gadin-contra-la-prorroga-de-su-prision-preventiva\/#primaryimage","url":"https:\/\/www.eldiariodetucuman.com\/web\/wp-content\/uploads\/2018\/08\/398e45f41c5856ed5bfd8a68c84839be.jpeg","contentUrl":"https:\/\/www.eldiariodetucuman.com\/web\/wp-content\/uploads\/2018\/08\/398e45f41c5856ed5bfd8a68c84839be.jpeg","width":960,"height":2077},{"@type":"BreadcrumbList","@id":"https:\/\/www.eldiariodetucuman.com\/web\/rechazaron-el-pedido-de-perez-gadin-contra-la-prorroga-de-su-prision-preventiva\/#breadcrumb","itemListElement":[{"@type":"ListItem","position":1,"name":"Portada","item":"https:\/\/www.eldiariodetucuman.com\/web\/"},{"@type":"ListItem","position":2,"name":"Rechazaron el pedido de P\u00e9rez Gad\u00edn contra la pr\u00f3rroga de su prisi\u00f3n preventiva"}]},{"@type":"WebSite","@id":"https:\/\/www.eldiariodetucuman.com\/web\/#website","url":"https:\/\/www.eldiariodetucuman.com\/web\/","name":"El Diario de Tucuman","description":"Diario Tucuman - Informaci\u00f3n y noticias","publisher":{"@id":"https:\/\/www.eldiariodetucuman.com\/web\/#organization"},"potentialAction":[{"@type":"SearchAction","target":{"@type":"EntryPoint","urlTemplate":"https:\/\/www.eldiariodetucuman.com\/web\/?s={search_term_string}"},"query-input":{"@type":"PropertyValueSpecification","valueRequired":true,"valueName":"search_term_string"}}],"inLanguage":"es"},{"@type":"Organization","@id":"https:\/\/www.eldiariodetucuman.com\/web\/#organization","name":"El Diario de Tucuman","url":"https:\/\/www.eldiariodetucuman.com\/web\/","logo":{"@type":"ImageObject","inLanguage":"es","@id":"https:\/\/www.eldiariodetucuman.com\/web\/#\/schema\/logo\/image\/","url":"http:\/\/www.eldiariodetucuman.com\/web\/wp-content\/uploads\/2017\/12\/el-diario-de-tucuman.jpg","contentUrl":"http:\/\/www.eldiariodetucuman.com\/web\/wp-content\/uploads\/2017\/12\/el-diario-de-tucuman.jpg","width":272,"height":92,"caption":"El Diario de Tucuman"},"image":{"@id":"https:\/\/www.eldiariodetucuman.com\/web\/#\/schema\/logo\/image\/"}},{"@type":"Person","@id":"https:\/\/www.eldiariodetucuman.com\/web\/#\/schema\/person\/9250197d75ab5483412e19678b121caa","name":"admin","image":{"@type":"ImageObject","inLanguage":"es","@id":"https:\/\/secure.gravatar.com\/avatar\/c44d117c2be811212c22cb481f6b8384b6873de103fbc49e7a03cc58d7dea4ac?s=96&d=mm&r=g","url":"https:\/\/secure.gravatar.com\/avatar\/c44d117c2be811212c22cb481f6b8384b6873de103fbc49e7a03cc58d7dea4ac?s=96&d=mm&r=g","contentUrl":"https:\/\/secure.gravatar.com\/avatar\/c44d117c2be811212c22cb481f6b8384b6873de103fbc49e7a03cc58d7dea4ac?s=96&d=mm&r=g","caption":"admin"},"url":"https:\/\/www.eldiariodetucuman.com\/web\/author\/admin\/"}]}},"_links":{"self":[{"href":"https:\/\/www.eldiariodetucuman.com\/web\/wp-json\/wp\/v2\/posts\/15514","targetHints":{"allow":["GET"]}}],"collection":[{"href":"https:\/\/www.eldiariodetucuman.com\/web\/wp-json\/wp\/v2\/posts"}],"about":[{"href":"https:\/\/www.eldiariodetucuman.com\/web\/wp-json\/wp\/v2\/types\/post"}],"author":[{"embeddable":true,"href":"https:\/\/www.eldiariodetucuman.com\/web\/wp-json\/wp\/v2\/users\/1"}],"replies":[{"embeddable":true,"href":"https:\/\/www.eldiariodetucuman.com\/web\/wp-json\/wp\/v2\/comments?post=15514"}],"version-history":[{"count":1,"href":"https:\/\/www.eldiariodetucuman.com\/web\/wp-json\/wp\/v2\/posts\/15514\/revisions"}],"predecessor-version":[{"id":15516,"href":"https:\/\/www.eldiariodetucuman.com\/web\/wp-json\/wp\/v2\/posts\/15514\/revisions\/15516"}],"wp:featuredmedia":[{"embeddable":true,"href":"https:\/\/www.eldiariodetucuman.com\/web\/wp-json\/wp\/v2\/media\/15515"}],"wp:attachment":[{"href":"https:\/\/www.eldiariodetucuman.com\/web\/wp-json\/wp\/v2\/media?parent=15514"}],"wp:term":[{"taxonomy":"category","embeddable":true,"href":"https:\/\/www.eldiariodetucuman.com\/web\/wp-json\/wp\/v2\/categories?post=15514"},{"taxonomy":"post_tag","embeddable":true,"href":"https:\/\/www.eldiariodetucuman.com\/web\/wp-json\/wp\/v2\/tags?post=15514"}],"curies":[{"name":"wp","href":"https:\/\/api.w.org\/{rel}","templated":true}]}}