{"id":15511,"date":"2018-08-18T00:07:49","date_gmt":"2018-08-18T03:07:49","guid":{"rendered":"http:\/\/www.eldiariodetucuman.com\/web\/la-ramada-de-abajo-homenajeo-al-general-san-martin-2\/"},"modified":"2018-08-18T00:07:50","modified_gmt":"2018-08-18T03:07:50","slug":"la-ramada-de-abajo-homenajeo-al-general-san-martin-2","status":"publish","type":"post","link":"https:\/\/www.eldiariodetucuman.com\/web\/la-ramada-de-abajo-homenajeo-al-general-san-martin-2\/","title":{"rendered":"La Ramada de Abajo homenaje\u00f3 al General San Mart\u00edn"},"content":{"rendered":"<div>\n<div readability=\"69.5\">\n<p>Al cumplirse el 168 aniversario del fallecimiento del\u00a0<strong>General Jos\u00e9 de San Mart\u00edn<\/strong>, el vicegobernador <strong>Osvaldo Jaldo,<\/strong>\u00a0a cargo del Poder Ejecutivo, particip\u00f3 del acto junto a la comunidad de la Ramada de Abajo, departamento Burruyac\u00fa, donde se encuentra la antigua casona (hoy el Museo Sanmartiniano) en la que se aloj\u00f3 el pr\u00f3cer cuando estuvo en la provincia en 1814.<\/p>\n<blockquote readability=\"12\">\n<p>El pueblo y el Gobierno de Tucum\u00e1n celebrando un a\u00f1o m\u00e1s del fallecimiento del General Jos\u00e9 de San Mart\u00edn, el padre de la Patria\u201d, manifest\u00f3 el Vicegobernador. Y agreg\u00f3: \u201cEl\u00a0fue m\u00e1s all\u00e1 del campo militar, fue un estratega pol\u00edtico, una persona democr\u00e1tica y autenticamente federal. Hoy m\u00e1s que nunca tenemos que tener los principios y las acciones del General para buscar la unidad nacional que todos\u00a0 los argentinos queremos\u201d.<\/p>\n<\/blockquote>\n<p>El encuentro tuvo lugar en el predio donde se encuentra el Museo Sanmartiniano y la escuela Solar Hist\u00f3rico General San Mart\u00edn y cont\u00f3 con la presencia del\u00a0ministro de Educaci\u00f3n, <strong>Juan Pablo Lichtmajer;<\/strong>\u00a0el delegado comunal <strong>Ra\u00fal Suasnabar,<\/strong>\u00a0miembros de la escuela de Polic\u00eda y de la Polic\u00eda Federal; la banda del Liceo Militar Gregorio Ar\u00e1oz de Lamadrid; 32 escuelas de la zona, docentes y alumnos.<\/p>\n<p>Luego de las palabras alusivas a cargo de las autoridades y de la entrega de la ofrenda floral en honor al Libertador de Am\u00e9rica, los presentes participaron de un desfile c\u00edvico militar y un festival folcl\u00f3rico.<\/p>\n<p>Por su parte, Lichtmajer afirm\u00f3 que \u201cJos\u00e9 de San Mart\u00edn estuvo en Tucum\u00e1n y a todos los viajes que realizaba llev\u00f3 libros. Los alumnos deben estudiar el San Mart\u00edn de la lectura. Tambi\u00e9n se refiri\u00f3 a que \u201c7 de cada 10 alumnos\u00a0 tucumanos han mejorado su desempe\u00f1o en la evaluaci\u00f3n Aprender y en la lectura comprensiva\u201d.<\/p>\n<div class=\"base-box news-box mom_box_sc_custom mom_box_sc clear \" readability=\"17\">\n<p><strong>\u00bfCu\u00e1ndo estuvo San Mart\u00edn en Tucum\u00e1n? <\/strong><\/p>\n<p>Las dos veces que San Mart\u00edn pas\u00f3 por Tucum\u00e1n, La Ramada tuvo un protagonismo especial. La primera vez, en enero de 1814, cuando se hace cargo del Ej\u00e9rcito del Norte y luego se encuentra con <strong>Manuel Belgrano<\/strong> en la posta de Yatasto. El camino fue elegido para movilizar las tropas por ser una v\u00eda especial para carretas, m\u00e1s amplia, con pastos para bueyes y que no estaba atravesada por ning\u00fan r\u00edo de cauce profundo.<\/p>\n<\/div>\n<\/div>\n<\/div>\n<p>Fuente: http:\/\/comunicaciontucuman.gob.ar\/2018\/08\/la-ramada-de-abajo-homenajeo-al-general-san-martin\/<\/p>\n","protected":false},"excerpt":{"rendered":"<p>Al cumplirse el 168 aniversario del fallecimiento del\u00a0General Jos\u00e9 de San Mart\u00edn, el vicegobernador Osvaldo Jaldo,\u00a0a cargo del Poder Ejecutivo, particip\u00f3 del acto junto a la comunidad de la Ramada de Abajo, departamento Burruyac\u00fa, donde se encuentra la antigua casona (hoy el Museo Sanmartiniano) en la que se aloj\u00f3 el pr\u00f3cer cuando estuvo en la [&hellip;]<\/p>\n","protected":false},"author":1,"featured_media":15512,"comment_status":"open","ping_status":"closed","sticky":false,"template":"","format":"standard","meta":{"footnotes":""},"categories":[3],"tags":[],"class_list":{"0":"post-15511","1":"post","2":"type-post","3":"status-publish","4":"format-standard","5":"has-post-thumbnail","7":"category-politica"},"yoast_head":"<!-- This site is optimized with the Yoast SEO plugin v27.4 - https:\/\/yoast.com\/product\/yoast-seo-wordpress\/ -->\n<title>La Ramada de Abajo homenaje\u00f3 al General San Mart\u00edn - El Diario de Tucuman<\/title>\n<meta name=\"robots\" content=\"index, follow, max-snippet:-1, max-image-preview:large, max-video-preview:-1\" \/>\n<link rel=\"canonical\" href=\"https:\/\/www.eldiariodetucuman.com\/web\/la-ramada-de-abajo-homenajeo-al-general-san-martin-2\/\" \/>\n<meta property=\"og:locale\" content=\"es_ES\" \/>\n<meta property=\"og:type\" content=\"article\" \/>\n<meta property=\"og:title\" content=\"La Ramada de Abajo homenaje\u00f3 al General San Mart\u00edn - El Diario de Tucuman\" \/>\n<meta property=\"og:description\" content=\"Al cumplirse el 168 aniversario del fallecimiento del\u00a0General Jos\u00e9 de San Mart\u00edn, el vicegobernador Osvaldo Jaldo,\u00a0a cargo del Poder Ejecutivo, particip\u00f3 del acto junto a la comunidad de la Ramada de Abajo, departamento Burruyac\u00fa, donde se encuentra la antigua casona (hoy el Museo Sanmartiniano) en la que se aloj\u00f3 el pr\u00f3cer cuando estuvo en la [&hellip;]\" \/>\n<meta property=\"og:url\" content=\"https:\/\/www.eldiariodetucuman.com\/web\/la-ramada-de-abajo-homenajeo-al-general-san-martin-2\/\" \/>\n<meta property=\"og:site_name\" content=\"El Diario de Tucuman\" \/>\n<meta property=\"article:published_time\" content=\"2018-08-18T03:07:49+00:00\" \/>\n<meta property=\"article:modified_time\" content=\"2018-08-18T03:07:50+00:00\" \/>\n<meta property=\"og:image\" content=\"https:\/\/www.eldiariodetucuman.com\/web\/wp-content\/uploads\/2018\/08\/b5d893b8d4d8bfbf53759cbbbab77111.jpeg\" \/>\n\t<meta property=\"og:image:width\" content=\"300\" \/>\n\t<meta property=\"og:image:height\" content=\"166\" \/>\n\t<meta property=\"og:image:type\" content=\"image\/jpeg\" \/>\n<meta name=\"author\" content=\"admin\" \/>\n<meta name=\"twitter:card\" content=\"summary_large_image\" \/>\n<meta name=\"twitter:label1\" content=\"Escrito por\" \/>\n\t<meta name=\"twitter:data1\" content=\"admin\" \/>\n\t<meta name=\"twitter:label2\" content=\"Tiempo de lectura\" \/>\n\t<meta name=\"twitter:data2\" content=\"2 minutos\" \/>\n<script type=\"application\/ld+json\" class=\"yoast-schema-graph\">{\"@context\":\"https:\\\/\\\/schema.org\",\"@graph\":[{\"@type\":\"Article\",\"@id\":\"https:\\\/\\\/www.eldiariodetucuman.com\\\/web\\\/la-ramada-de-abajo-homenajeo-al-general-san-martin-2\\\/#article\",\"isPartOf\":{\"@id\":\"https:\\\/\\\/www.eldiariodetucuman.com\\\/web\\\/la-ramada-de-abajo-homenajeo-al-general-san-martin-2\\\/\"},\"author\":{\"name\":\"admin\",\"@id\":\"https:\\\/\\\/www.eldiariodetucuman.com\\\/web\\\/#\\\/schema\\\/person\\\/9250197d75ab5483412e19678b121caa\"},\"headline\":\"La Ramada de Abajo homenaje\u00f3 al General San Mart\u00edn\",\"datePublished\":\"2018-08-18T03:07:49+00:00\",\"dateModified\":\"2018-08-18T03:07:50+00:00\",\"mainEntityOfPage\":{\"@id\":\"https:\\\/\\\/www.eldiariodetucuman.com\\\/web\\\/la-ramada-de-abajo-homenajeo-al-general-san-martin-2\\\/\"},\"wordCount\":414,\"commentCount\":0,\"publisher\":{\"@id\":\"https:\\\/\\\/www.eldiariodetucuman.com\\\/web\\\/#organization\"},\"image\":{\"@id\":\"https:\\\/\\\/www.eldiariodetucuman.com\\\/web\\\/la-ramada-de-abajo-homenajeo-al-general-san-martin-2\\\/#primaryimage\"},\"thumbnailUrl\":\"https:\\\/\\\/www.eldiariodetucuman.com\\\/web\\\/wp-content\\\/uploads\\\/2018\\\/08\\\/b5d893b8d4d8bfbf53759cbbbab77111.jpeg\",\"articleSection\":[\"Politica\"],\"inLanguage\":\"es\",\"potentialAction\":[{\"@type\":\"CommentAction\",\"name\":\"Comment\",\"target\":[\"https:\\\/\\\/www.eldiariodetucuman.com\\\/web\\\/la-ramada-de-abajo-homenajeo-al-general-san-martin-2\\\/#respond\"]}]},{\"@type\":\"WebPage\",\"@id\":\"https:\\\/\\\/www.eldiariodetucuman.com\\\/web\\\/la-ramada-de-abajo-homenajeo-al-general-san-martin-2\\\/\",\"url\":\"https:\\\/\\\/www.eldiariodetucuman.com\\\/web\\\/la-ramada-de-abajo-homenajeo-al-general-san-martin-2\\\/\",\"name\":\"La Ramada de Abajo homenaje\u00f3 al General San Mart\u00edn - El Diario de Tucuman\",\"isPartOf\":{\"@id\":\"https:\\\/\\\/www.eldiariodetucuman.com\\\/web\\\/#website\"},\"primaryImageOfPage\":{\"@id\":\"https:\\\/\\\/www.eldiariodetucuman.com\\\/web\\\/la-ramada-de-abajo-homenajeo-al-general-san-martin-2\\\/#primaryimage\"},\"image\":{\"@id\":\"https:\\\/\\\/www.eldiariodetucuman.com\\\/web\\\/la-ramada-de-abajo-homenajeo-al-general-san-martin-2\\\/#primaryimage\"},\"thumbnailUrl\":\"https:\\\/\\\/www.eldiariodetucuman.com\\\/web\\\/wp-content\\\/uploads\\\/2018\\\/08\\\/b5d893b8d4d8bfbf53759cbbbab77111.jpeg\",\"datePublished\":\"2018-08-18T03:07:49+00:00\",\"dateModified\":\"2018-08-18T03:07:50+00:00\",\"breadcrumb\":{\"@id\":\"https:\\\/\\\/www.eldiariodetucuman.com\\\/web\\\/la-ramada-de-abajo-homenajeo-al-general-san-martin-2\\\/#breadcrumb\"},\"inLanguage\":\"es\",\"potentialAction\":[{\"@type\":\"ReadAction\",\"target\":[\"https:\\\/\\\/www.eldiariodetucuman.com\\\/web\\\/la-ramada-de-abajo-homenajeo-al-general-san-martin-2\\\/\"]}]},{\"@type\":\"ImageObject\",\"inLanguage\":\"es\",\"@id\":\"https:\\\/\\\/www.eldiariodetucuman.com\\\/web\\\/la-ramada-de-abajo-homenajeo-al-general-san-martin-2\\\/#primaryimage\",\"url\":\"https:\\\/\\\/www.eldiariodetucuman.com\\\/web\\\/wp-content\\\/uploads\\\/2018\\\/08\\\/b5d893b8d4d8bfbf53759cbbbab77111.jpeg\",\"contentUrl\":\"https:\\\/\\\/www.eldiariodetucuman.com\\\/web\\\/wp-content\\\/uploads\\\/2018\\\/08\\\/b5d893b8d4d8bfbf53759cbbbab77111.jpeg\",\"width\":300,\"height\":166},{\"@type\":\"BreadcrumbList\",\"@id\":\"https:\\\/\\\/www.eldiariodetucuman.com\\\/web\\\/la-ramada-de-abajo-homenajeo-al-general-san-martin-2\\\/#breadcrumb\",\"itemListElement\":[{\"@type\":\"ListItem\",\"position\":1,\"name\":\"Portada\",\"item\":\"https:\\\/\\\/www.eldiariodetucuman.com\\\/web\\\/\"},{\"@type\":\"ListItem\",\"position\":2,\"name\":\"La Ramada de Abajo homenaje\u00f3 al General San Mart\u00edn\"}]},{\"@type\":\"WebSite\",\"@id\":\"https:\\\/\\\/www.eldiariodetucuman.com\\\/web\\\/#website\",\"url\":\"https:\\\/\\\/www.eldiariodetucuman.com\\\/web\\\/\",\"name\":\"El Diario de Tucuman\",\"description\":\"Diario Tucuman - Informaci\u00f3n y noticias\",\"publisher\":{\"@id\":\"https:\\\/\\\/www.eldiariodetucuman.com\\\/web\\\/#organization\"},\"potentialAction\":[{\"@type\":\"SearchAction\",\"target\":{\"@type\":\"EntryPoint\",\"urlTemplate\":\"https:\\\/\\\/www.eldiariodetucuman.com\\\/web\\\/?s={search_term_string}\"},\"query-input\":{\"@type\":\"PropertyValueSpecification\",\"valueRequired\":true,\"valueName\":\"search_term_string\"}}],\"inLanguage\":\"es\"},{\"@type\":\"Organization\",\"@id\":\"https:\\\/\\\/www.eldiariodetucuman.com\\\/web\\\/#organization\",\"name\":\"El Diario de Tucuman\",\"url\":\"https:\\\/\\\/www.eldiariodetucuman.com\\\/web\\\/\",\"logo\":{\"@type\":\"ImageObject\",\"inLanguage\":\"es\",\"@id\":\"https:\\\/\\\/www.eldiariodetucuman.com\\\/web\\\/#\\\/schema\\\/logo\\\/image\\\/\",\"url\":\"http:\\\/\\\/www.eldiariodetucuman.com\\\/web\\\/wp-content\\\/uploads\\\/2017\\\/12\\\/el-diario-de-tucuman.jpg\",\"contentUrl\":\"http:\\\/\\\/www.eldiariodetucuman.com\\\/web\\\/wp-content\\\/uploads\\\/2017\\\/12\\\/el-diario-de-tucuman.jpg\",\"width\":272,\"height\":92,\"caption\":\"El Diario de Tucuman\"},\"image\":{\"@id\":\"https:\\\/\\\/www.eldiariodetucuman.com\\\/web\\\/#\\\/schema\\\/logo\\\/image\\\/\"}},{\"@type\":\"Person\",\"@id\":\"https:\\\/\\\/www.eldiariodetucuman.com\\\/web\\\/#\\\/schema\\\/person\\\/9250197d75ab5483412e19678b121caa\",\"name\":\"admin\",\"image\":{\"@type\":\"ImageObject\",\"inLanguage\":\"es\",\"@id\":\"https:\\\/\\\/secure.gravatar.com\\\/avatar\\\/c44d117c2be811212c22cb481f6b8384b6873de103fbc49e7a03cc58d7dea4ac?s=96&d=mm&r=g\",\"url\":\"https:\\\/\\\/secure.gravatar.com\\\/avatar\\\/c44d117c2be811212c22cb481f6b8384b6873de103fbc49e7a03cc58d7dea4ac?s=96&d=mm&r=g\",\"contentUrl\":\"https:\\\/\\\/secure.gravatar.com\\\/avatar\\\/c44d117c2be811212c22cb481f6b8384b6873de103fbc49e7a03cc58d7dea4ac?s=96&d=mm&r=g\",\"caption\":\"admin\"},\"url\":\"https:\\\/\\\/www.eldiariodetucuman.com\\\/web\\\/author\\\/admin\\\/\"}]}<\/script>\n<!-- \/ Yoast SEO plugin. -->","yoast_head_json":{"title":"La Ramada de Abajo homenaje\u00f3 al General San Mart\u00edn - El Diario de Tucuman","robots":{"index":"index","follow":"follow","max-snippet":"max-snippet:-1","max-image-preview":"max-image-preview:large","max-video-preview":"max-video-preview:-1"},"canonical":"https:\/\/www.eldiariodetucuman.com\/web\/la-ramada-de-abajo-homenajeo-al-general-san-martin-2\/","og_locale":"es_ES","og_type":"article","og_title":"La Ramada de Abajo homenaje\u00f3 al General San Mart\u00edn - El Diario de Tucuman","og_description":"Al cumplirse el 168 aniversario del fallecimiento del\u00a0General Jos\u00e9 de San Mart\u00edn, el vicegobernador Osvaldo Jaldo,\u00a0a cargo del Poder Ejecutivo, particip\u00f3 del acto junto a la comunidad de la Ramada de Abajo, departamento Burruyac\u00fa, donde se encuentra la antigua casona (hoy el Museo Sanmartiniano) en la que se aloj\u00f3 el pr\u00f3cer cuando estuvo en la [&hellip;]","og_url":"https:\/\/www.eldiariodetucuman.com\/web\/la-ramada-de-abajo-homenajeo-al-general-san-martin-2\/","og_site_name":"El Diario de Tucuman","article_published_time":"2018-08-18T03:07:49+00:00","article_modified_time":"2018-08-18T03:07:50+00:00","og_image":[{"width":300,"height":166,"url":"https:\/\/www.eldiariodetucuman.com\/web\/wp-content\/uploads\/2018\/08\/b5d893b8d4d8bfbf53759cbbbab77111.jpeg","type":"image\/jpeg"}],"author":"admin","twitter_card":"summary_large_image","twitter_misc":{"Escrito por":"admin","Tiempo de lectura":"2 minutos"},"schema":{"@context":"https:\/\/schema.org","@graph":[{"@type":"Article","@id":"https:\/\/www.eldiariodetucuman.com\/web\/la-ramada-de-abajo-homenajeo-al-general-san-martin-2\/#article","isPartOf":{"@id":"https:\/\/www.eldiariodetucuman.com\/web\/la-ramada-de-abajo-homenajeo-al-general-san-martin-2\/"},"author":{"name":"admin","@id":"https:\/\/www.eldiariodetucuman.com\/web\/#\/schema\/person\/9250197d75ab5483412e19678b121caa"},"headline":"La Ramada de Abajo homenaje\u00f3 al General San Mart\u00edn","datePublished":"2018-08-18T03:07:49+00:00","dateModified":"2018-08-18T03:07:50+00:00","mainEntityOfPage":{"@id":"https:\/\/www.eldiariodetucuman.com\/web\/la-ramada-de-abajo-homenajeo-al-general-san-martin-2\/"},"wordCount":414,"commentCount":0,"publisher":{"@id":"https:\/\/www.eldiariodetucuman.com\/web\/#organization"},"image":{"@id":"https:\/\/www.eldiariodetucuman.com\/web\/la-ramada-de-abajo-homenajeo-al-general-san-martin-2\/#primaryimage"},"thumbnailUrl":"https:\/\/www.eldiariodetucuman.com\/web\/wp-content\/uploads\/2018\/08\/b5d893b8d4d8bfbf53759cbbbab77111.jpeg","articleSection":["Politica"],"inLanguage":"es","potentialAction":[{"@type":"CommentAction","name":"Comment","target":["https:\/\/www.eldiariodetucuman.com\/web\/la-ramada-de-abajo-homenajeo-al-general-san-martin-2\/#respond"]}]},{"@type":"WebPage","@id":"https:\/\/www.eldiariodetucuman.com\/web\/la-ramada-de-abajo-homenajeo-al-general-san-martin-2\/","url":"https:\/\/www.eldiariodetucuman.com\/web\/la-ramada-de-abajo-homenajeo-al-general-san-martin-2\/","name":"La Ramada de Abajo homenaje\u00f3 al General San Mart\u00edn - El Diario de Tucuman","isPartOf":{"@id":"https:\/\/www.eldiariodetucuman.com\/web\/#website"},"primaryImageOfPage":{"@id":"https:\/\/www.eldiariodetucuman.com\/web\/la-ramada-de-abajo-homenajeo-al-general-san-martin-2\/#primaryimage"},"image":{"@id":"https:\/\/www.eldiariodetucuman.com\/web\/la-ramada-de-abajo-homenajeo-al-general-san-martin-2\/#primaryimage"},"thumbnailUrl":"https:\/\/www.eldiariodetucuman.com\/web\/wp-content\/uploads\/2018\/08\/b5d893b8d4d8bfbf53759cbbbab77111.jpeg","datePublished":"2018-08-18T03:07:49+00:00","dateModified":"2018-08-18T03:07:50+00:00","breadcrumb":{"@id":"https:\/\/www.eldiariodetucuman.com\/web\/la-ramada-de-abajo-homenajeo-al-general-san-martin-2\/#breadcrumb"},"inLanguage":"es","potentialAction":[{"@type":"ReadAction","target":["https:\/\/www.eldiariodetucuman.com\/web\/la-ramada-de-abajo-homenajeo-al-general-san-martin-2\/"]}]},{"@type":"ImageObject","inLanguage":"es","@id":"https:\/\/www.eldiariodetucuman.com\/web\/la-ramada-de-abajo-homenajeo-al-general-san-martin-2\/#primaryimage","url":"https:\/\/www.eldiariodetucuman.com\/web\/wp-content\/uploads\/2018\/08\/b5d893b8d4d8bfbf53759cbbbab77111.jpeg","contentUrl":"https:\/\/www.eldiariodetucuman.com\/web\/wp-content\/uploads\/2018\/08\/b5d893b8d4d8bfbf53759cbbbab77111.jpeg","width":300,"height":166},{"@type":"BreadcrumbList","@id":"https:\/\/www.eldiariodetucuman.com\/web\/la-ramada-de-abajo-homenajeo-al-general-san-martin-2\/#breadcrumb","itemListElement":[{"@type":"ListItem","position":1,"name":"Portada","item":"https:\/\/www.eldiariodetucuman.com\/web\/"},{"@type":"ListItem","position":2,"name":"La Ramada de Abajo homenaje\u00f3 al General San Mart\u00edn"}]},{"@type":"WebSite","@id":"https:\/\/www.eldiariodetucuman.com\/web\/#website","url":"https:\/\/www.eldiariodetucuman.com\/web\/","name":"El Diario de Tucuman","description":"Diario Tucuman - Informaci\u00f3n y noticias","publisher":{"@id":"https:\/\/www.eldiariodetucuman.com\/web\/#organization"},"potentialAction":[{"@type":"SearchAction","target":{"@type":"EntryPoint","urlTemplate":"https:\/\/www.eldiariodetucuman.com\/web\/?s={search_term_string}"},"query-input":{"@type":"PropertyValueSpecification","valueRequired":true,"valueName":"search_term_string"}}],"inLanguage":"es"},{"@type":"Organization","@id":"https:\/\/www.eldiariodetucuman.com\/web\/#organization","name":"El Diario de Tucuman","url":"https:\/\/www.eldiariodetucuman.com\/web\/","logo":{"@type":"ImageObject","inLanguage":"es","@id":"https:\/\/www.eldiariodetucuman.com\/web\/#\/schema\/logo\/image\/","url":"http:\/\/www.eldiariodetucuman.com\/web\/wp-content\/uploads\/2017\/12\/el-diario-de-tucuman.jpg","contentUrl":"http:\/\/www.eldiariodetucuman.com\/web\/wp-content\/uploads\/2017\/12\/el-diario-de-tucuman.jpg","width":272,"height":92,"caption":"El Diario de Tucuman"},"image":{"@id":"https:\/\/www.eldiariodetucuman.com\/web\/#\/schema\/logo\/image\/"}},{"@type":"Person","@id":"https:\/\/www.eldiariodetucuman.com\/web\/#\/schema\/person\/9250197d75ab5483412e19678b121caa","name":"admin","image":{"@type":"ImageObject","inLanguage":"es","@id":"https:\/\/secure.gravatar.com\/avatar\/c44d117c2be811212c22cb481f6b8384b6873de103fbc49e7a03cc58d7dea4ac?s=96&d=mm&r=g","url":"https:\/\/secure.gravatar.com\/avatar\/c44d117c2be811212c22cb481f6b8384b6873de103fbc49e7a03cc58d7dea4ac?s=96&d=mm&r=g","contentUrl":"https:\/\/secure.gravatar.com\/avatar\/c44d117c2be811212c22cb481f6b8384b6873de103fbc49e7a03cc58d7dea4ac?s=96&d=mm&r=g","caption":"admin"},"url":"https:\/\/www.eldiariodetucuman.com\/web\/author\/admin\/"}]}},"_links":{"self":[{"href":"https:\/\/www.eldiariodetucuman.com\/web\/wp-json\/wp\/v2\/posts\/15511","targetHints":{"allow":["GET"]}}],"collection":[{"href":"https:\/\/www.eldiariodetucuman.com\/web\/wp-json\/wp\/v2\/posts"}],"about":[{"href":"https:\/\/www.eldiariodetucuman.com\/web\/wp-json\/wp\/v2\/types\/post"}],"author":[{"embeddable":true,"href":"https:\/\/www.eldiariodetucuman.com\/web\/wp-json\/wp\/v2\/users\/1"}],"replies":[{"embeddable":true,"href":"https:\/\/www.eldiariodetucuman.com\/web\/wp-json\/wp\/v2\/comments?post=15511"}],"version-history":[{"count":1,"href":"https:\/\/www.eldiariodetucuman.com\/web\/wp-json\/wp\/v2\/posts\/15511\/revisions"}],"predecessor-version":[{"id":15513,"href":"https:\/\/www.eldiariodetucuman.com\/web\/wp-json\/wp\/v2\/posts\/15511\/revisions\/15513"}],"wp:featuredmedia":[{"embeddable":true,"href":"https:\/\/www.eldiariodetucuman.com\/web\/wp-json\/wp\/v2\/media\/15512"}],"wp:attachment":[{"href":"https:\/\/www.eldiariodetucuman.com\/web\/wp-json\/wp\/v2\/media?parent=15511"}],"wp:term":[{"taxonomy":"category","embeddable":true,"href":"https:\/\/www.eldiariodetucuman.com\/web\/wp-json\/wp\/v2\/categories?post=15511"},{"taxonomy":"post_tag","embeddable":true,"href":"https:\/\/www.eldiariodetucuman.com\/web\/wp-json\/wp\/v2\/tags?post=15511"}],"curies":[{"name":"wp","href":"https:\/\/api.w.org\/{rel}","templated":true}]}}