{"id":15508,"date":"2018-08-17T15:01:28","date_gmt":"2018-08-17T18:01:28","guid":{"rendered":"http:\/\/www.eldiariodetucuman.com\/web\/?p=15508"},"modified":"2018-08-17T15:01:28","modified_gmt":"2018-08-17T18:01:28","slug":"muere-la-segunda-mujer-en-tres-dias-al-someterse-a-un-aborto-clandestino","status":"publish","type":"post","link":"https:\/\/www.eldiariodetucuman.com\/web\/muere-la-segunda-mujer-en-tres-dias-al-someterse-a-un-aborto-clandestino\/","title":{"rendered":"Muere la segunda mujer en tres d\u00edas al someterse a un aborto clandestino"},"content":{"rendered":"<p class=\"subtitulo\">Se trata de la segunda persona que fallece en el pa\u00eds suramericano tras el rechazo de la despenalizaci\u00f3n del aborto.<\/p>\n<p><!--more--><\/p>\n<p>Un nombre m\u00e1s en la lista de\u00a0<strong>muertes despu\u00e9s de someterse a un aborto clandestino<\/strong>. Una de tantas en la historia de Argentina y la segunda desde que el pasado 8 de agosto se rechazase la despenalizaci\u00f3n del aborto. Hace unos d\u00edas muri\u00f3 la primera mujer despu\u00e9s de que el Senado argentino dijera \u00abno\u00bb con 38 votos en contra frente a 31. Intent\u00f3 desprenderse del feto con un perejil, provoc\u00e1ndole una infecci\u00f3n mortal que deriv\u00f3 en un \u00abshock s\u00e9ptico\u00bb que dej\u00f3 a la afectada sin posibilidades de sobrevivir.<\/p>\n<p>Tres d\u00edas m\u00e1s tarde, con una\u00a0<strong>nueva v\u00edctima<\/strong>, vuelve a resonar el debate del aborto en el pa\u00eds y a plantearse cu\u00e1nto de necesario es cambiar la legislaci\u00f3n, a pesar de que hasta el 1 de marzo de 2019\u00a0<strong>e<\/strong><strong>lCongreso no pueda volver a discutir la propuesta.<\/strong><\/p>\n<p>La segunda mujer fallecida por intentar realizarse un aborto<strong>\u00a0ten\u00eda 30 a\u00f1os.<\/strong>\u00a0Al\u00a0igual que la primera,\u00a0tambi\u00e9n ha dejado hu\u00e9rfanos a ni\u00f1os, en este caso a cuatro.<\/p>\n<p>Ha ocurrido en la localidad de Pilar, donde tras la llegada de la mujer al hospital San Sanguinetti de Pilar con\u00a0<strong>s\u00edntomas de dolor abdominal y una elevada fiebre,<\/strong>\u00a0se le realiz\u00f3 el diagn\u00f3stico que conclu\u00eda en: aborto incompleto.<\/p>\n<p>A pesar de que se realiz\u00f3 correctamente el protocolo impuesto para este tipo de casos y se le<strong>\u00a0trat\u00f3 con antibi\u00f3ticos<\/strong>, el equipo sanitario no pudo hacer nada por salvar su vida cuando empeor\u00f3. Muri\u00f3 a las pocas horas de llegar al hospital.<\/p>\n<p>Se desconoce c\u00f3mo se produjo el aborto y qu\u00e9 medio se utiliz\u00f3, ya que\u00a0<strong>la v\u00edctima no quiso hablar<\/strong>. Descartaron tras una primera intervenci\u00f3n el uso de perejil, porque no hab\u00eda ning\u00fan resto en el \u00fatero, el cual tampoco estaba perforado. La teor\u00eda que se sostiene es que<strong>\u00a0se introdujo un \u00abobjeto extra\u00f1o\u00bb que acab\u00f3 provocando su muerte.<\/strong><\/p>\n<p>Fue el director del hospital, Esteban Sieling, el encargado de comunicar el fallecimiento a trav\u00e9s de una<strong>\u00a0radio local<\/strong>. No pudo dar ning\u00fan dato exacto porque lo \u00fanico que se sabe es que hace unos d\u00edas \u00abexpuls\u00f3 algo de su cuerpo y\u00a0desde entonces estaba mal, y llena de miedo\u00bb, seg\u00fan cuenta la hermana de la fallecida al diario \u00abClar\u00edn\u00bb.<\/p>\n<p><strong>Fuente:<\/strong>\u00a0<a href=\"https:\/\/www.abc.es\/sociedad\/abci-muere-segunda-mujer-aborto-clandestino-despues-rechazo-ley-argentina-201808171854_noticia.html#ns_campaign=rrss&amp;ns_mchannel=abc-es&amp;ns_source=tw&amp;ns_linkname=cm-general&amp;ns_fee=0\">https:\/\/www.abc.es\/sociedad\/abci-muere-segunda-mujer-aborto-clandestino-despues-rechazo-ley-argentina-201808171854_noticia.html#ns_campaign=rrss&amp;ns_mchannel=abc-es&amp;ns_source=tw&amp;ns_linkname=cm-general&amp;ns_fee=0<\/a><\/p>\n","protected":false},"excerpt":{"rendered":"<p>Se trata de la segunda persona que fallece en el pa\u00eds suramericano tras el rechazo de la despenalizaci\u00f3n del aborto.<\/p>\n","protected":false},"author":5,"featured_media":15509,"comment_status":"closed","ping_status":"open","sticky":false,"template":"","format":"standard","meta":{"footnotes":""},"categories":[2],"tags":[1734,134,7,61],"class_list":{"0":"post-15508","1":"post","2":"type-post","3":"status-publish","4":"format-standard","5":"has-post-thumbnail","7":"category-actualidad","8":"tag-aborto","9":"tag-argentina","10":"tag-el-diario-de-tucuman","11":"tag-tucuman"},"yoast_head":"<!-- This site is optimized with the Yoast SEO plugin v27.4 - https:\/\/yoast.com\/product\/yoast-seo-wordpress\/ -->\n<title>Muere la segunda mujer en tres d\u00edas al someterse a un aborto clandestino - El Diario de Tucuman<\/title>\n<meta name=\"robots\" content=\"index, follow, max-snippet:-1, max-image-preview:large, max-video-preview:-1\" \/>\n<link rel=\"canonical\" href=\"https:\/\/www.eldiariodetucuman.com\/web\/muere-la-segunda-mujer-en-tres-dias-al-someterse-a-un-aborto-clandestino\/\" \/>\n<meta property=\"og:locale\" content=\"es_ES\" \/>\n<meta property=\"og:type\" content=\"article\" \/>\n<meta property=\"og:title\" content=\"Muere la segunda mujer en tres d\u00edas al someterse a un aborto clandestino - El Diario de Tucuman\" \/>\n<meta property=\"og:description\" content=\"Se trata de la segunda persona que fallece en el pa\u00eds suramericano tras el rechazo de la despenalizaci\u00f3n del aborto.\" \/>\n<meta property=\"og:url\" content=\"https:\/\/www.eldiariodetucuman.com\/web\/muere-la-segunda-mujer-en-tres-dias-al-someterse-a-un-aborto-clandestino\/\" \/>\n<meta property=\"og:site_name\" content=\"El Diario de Tucuman\" \/>\n<meta property=\"article:published_time\" content=\"2018-08-17T18:01:28+00:00\" \/>\n<meta property=\"og:image\" content=\"https:\/\/www.eldiariodetucuman.com\/web\/wp-content\/uploads\/2018\/08\/abortoclandestino.jpg\" \/>\n\t<meta property=\"og:image:width\" content=\"800\" \/>\n\t<meta property=\"og:image:height\" content=\"500\" \/>\n\t<meta property=\"og:image:type\" content=\"image\/jpeg\" \/>\n<meta name=\"author\" content=\"Redactor Uno\" \/>\n<meta name=\"twitter:card\" content=\"summary_large_image\" \/>\n<meta name=\"twitter:label1\" content=\"Escrito por\" \/>\n\t<meta name=\"twitter:data1\" content=\"Redactor Uno\" \/>\n\t<meta name=\"twitter:label2\" content=\"Tiempo de lectura\" \/>\n\t<meta name=\"twitter:data2\" content=\"2 minutos\" \/>\n<script type=\"application\/ld+json\" class=\"yoast-schema-graph\">{\"@context\":\"https:\\\/\\\/schema.org\",\"@graph\":[{\"@type\":\"Article\",\"@id\":\"https:\\\/\\\/www.eldiariodetucuman.com\\\/web\\\/muere-la-segunda-mujer-en-tres-dias-al-someterse-a-un-aborto-clandestino\\\/#article\",\"isPartOf\":{\"@id\":\"https:\\\/\\\/www.eldiariodetucuman.com\\\/web\\\/muere-la-segunda-mujer-en-tres-dias-al-someterse-a-un-aborto-clandestino\\\/\"},\"author\":{\"name\":\"Redactor Uno\",\"@id\":\"https:\\\/\\\/www.eldiariodetucuman.com\\\/web\\\/#\\\/schema\\\/person\\\/7e6644a46e60888f6b868594407e08dd\"},\"headline\":\"Muere la segunda mujer en tres d\u00edas al someterse a un aborto clandestino\",\"datePublished\":\"2018-08-17T18:01:28+00:00\",\"mainEntityOfPage\":{\"@id\":\"https:\\\/\\\/www.eldiariodetucuman.com\\\/web\\\/muere-la-segunda-mujer-en-tres-dias-al-someterse-a-un-aborto-clandestino\\\/\"},\"wordCount\":456,\"publisher\":{\"@id\":\"https:\\\/\\\/www.eldiariodetucuman.com\\\/web\\\/#organization\"},\"image\":{\"@id\":\"https:\\\/\\\/www.eldiariodetucuman.com\\\/web\\\/muere-la-segunda-mujer-en-tres-dias-al-someterse-a-un-aborto-clandestino\\\/#primaryimage\"},\"thumbnailUrl\":\"https:\\\/\\\/www.eldiariodetucuman.com\\\/web\\\/wp-content\\\/uploads\\\/2018\\\/08\\\/abortoclandestino.jpg\",\"keywords\":[\"aborto\",\"Argentina\",\"El Diario de Tucuman\",\"Tucuman\"],\"articleSection\":[\"Actualidad\"],\"inLanguage\":\"es\"},{\"@type\":\"WebPage\",\"@id\":\"https:\\\/\\\/www.eldiariodetucuman.com\\\/web\\\/muere-la-segunda-mujer-en-tres-dias-al-someterse-a-un-aborto-clandestino\\\/\",\"url\":\"https:\\\/\\\/www.eldiariodetucuman.com\\\/web\\\/muere-la-segunda-mujer-en-tres-dias-al-someterse-a-un-aborto-clandestino\\\/\",\"name\":\"Muere la segunda mujer en tres d\u00edas al someterse a un aborto clandestino - El Diario de Tucuman\",\"isPartOf\":{\"@id\":\"https:\\\/\\\/www.eldiariodetucuman.com\\\/web\\\/#website\"},\"primaryImageOfPage\":{\"@id\":\"https:\\\/\\\/www.eldiariodetucuman.com\\\/web\\\/muere-la-segunda-mujer-en-tres-dias-al-someterse-a-un-aborto-clandestino\\\/#primaryimage\"},\"image\":{\"@id\":\"https:\\\/\\\/www.eldiariodetucuman.com\\\/web\\\/muere-la-segunda-mujer-en-tres-dias-al-someterse-a-un-aborto-clandestino\\\/#primaryimage\"},\"thumbnailUrl\":\"https:\\\/\\\/www.eldiariodetucuman.com\\\/web\\\/wp-content\\\/uploads\\\/2018\\\/08\\\/abortoclandestino.jpg\",\"datePublished\":\"2018-08-17T18:01:28+00:00\",\"breadcrumb\":{\"@id\":\"https:\\\/\\\/www.eldiariodetucuman.com\\\/web\\\/muere-la-segunda-mujer-en-tres-dias-al-someterse-a-un-aborto-clandestino\\\/#breadcrumb\"},\"inLanguage\":\"es\",\"potentialAction\":[{\"@type\":\"ReadAction\",\"target\":[\"https:\\\/\\\/www.eldiariodetucuman.com\\\/web\\\/muere-la-segunda-mujer-en-tres-dias-al-someterse-a-un-aborto-clandestino\\\/\"]}]},{\"@type\":\"ImageObject\",\"inLanguage\":\"es\",\"@id\":\"https:\\\/\\\/www.eldiariodetucuman.com\\\/web\\\/muere-la-segunda-mujer-en-tres-dias-al-someterse-a-un-aborto-clandestino\\\/#primaryimage\",\"url\":\"https:\\\/\\\/www.eldiariodetucuman.com\\\/web\\\/wp-content\\\/uploads\\\/2018\\\/08\\\/abortoclandestino.jpg\",\"contentUrl\":\"https:\\\/\\\/www.eldiariodetucuman.com\\\/web\\\/wp-content\\\/uploads\\\/2018\\\/08\\\/abortoclandestino.jpg\",\"width\":800,\"height\":500},{\"@type\":\"BreadcrumbList\",\"@id\":\"https:\\\/\\\/www.eldiariodetucuman.com\\\/web\\\/muere-la-segunda-mujer-en-tres-dias-al-someterse-a-un-aborto-clandestino\\\/#breadcrumb\",\"itemListElement\":[{\"@type\":\"ListItem\",\"position\":1,\"name\":\"Portada\",\"item\":\"https:\\\/\\\/www.eldiariodetucuman.com\\\/web\\\/\"},{\"@type\":\"ListItem\",\"position\":2,\"name\":\"Muere la segunda mujer en tres d\u00edas al someterse a un aborto clandestino\"}]},{\"@type\":\"WebSite\",\"@id\":\"https:\\\/\\\/www.eldiariodetucuman.com\\\/web\\\/#website\",\"url\":\"https:\\\/\\\/www.eldiariodetucuman.com\\\/web\\\/\",\"name\":\"El Diario de Tucuman\",\"description\":\"Diario Tucuman - Informaci\u00f3n y noticias\",\"publisher\":{\"@id\":\"https:\\\/\\\/www.eldiariodetucuman.com\\\/web\\\/#organization\"},\"potentialAction\":[{\"@type\":\"SearchAction\",\"target\":{\"@type\":\"EntryPoint\",\"urlTemplate\":\"https:\\\/\\\/www.eldiariodetucuman.com\\\/web\\\/?s={search_term_string}\"},\"query-input\":{\"@type\":\"PropertyValueSpecification\",\"valueRequired\":true,\"valueName\":\"search_term_string\"}}],\"inLanguage\":\"es\"},{\"@type\":\"Organization\",\"@id\":\"https:\\\/\\\/www.eldiariodetucuman.com\\\/web\\\/#organization\",\"name\":\"El Diario de Tucuman\",\"url\":\"https:\\\/\\\/www.eldiariodetucuman.com\\\/web\\\/\",\"logo\":{\"@type\":\"ImageObject\",\"inLanguage\":\"es\",\"@id\":\"https:\\\/\\\/www.eldiariodetucuman.com\\\/web\\\/#\\\/schema\\\/logo\\\/image\\\/\",\"url\":\"http:\\\/\\\/www.eldiariodetucuman.com\\\/web\\\/wp-content\\\/uploads\\\/2017\\\/12\\\/el-diario-de-tucuman.jpg\",\"contentUrl\":\"http:\\\/\\\/www.eldiariodetucuman.com\\\/web\\\/wp-content\\\/uploads\\\/2017\\\/12\\\/el-diario-de-tucuman.jpg\",\"width\":272,\"height\":92,\"caption\":\"El Diario de Tucuman\"},\"image\":{\"@id\":\"https:\\\/\\\/www.eldiariodetucuman.com\\\/web\\\/#\\\/schema\\\/logo\\\/image\\\/\"}},{\"@type\":\"Person\",\"@id\":\"https:\\\/\\\/www.eldiariodetucuman.com\\\/web\\\/#\\\/schema\\\/person\\\/7e6644a46e60888f6b868594407e08dd\",\"name\":\"Redactor Uno\",\"image\":{\"@type\":\"ImageObject\",\"inLanguage\":\"es\",\"@id\":\"https:\\\/\\\/secure.gravatar.com\\\/avatar\\\/0049b1bdf1bd548385c9ea6b9356431717930913089febd2ba904f0187d7d074?s=96&d=mm&r=g\",\"url\":\"https:\\\/\\\/secure.gravatar.com\\\/avatar\\\/0049b1bdf1bd548385c9ea6b9356431717930913089febd2ba904f0187d7d074?s=96&d=mm&r=g\",\"contentUrl\":\"https:\\\/\\\/secure.gravatar.com\\\/avatar\\\/0049b1bdf1bd548385c9ea6b9356431717930913089febd2ba904f0187d7d074?s=96&d=mm&r=g\",\"caption\":\"Redactor Uno\"},\"url\":\"https:\\\/\\\/www.eldiariodetucuman.com\\\/web\\\/author\\\/mramasco\\\/\"}]}<\/script>\n<!-- \/ Yoast SEO plugin. -->","yoast_head_json":{"title":"Muere la segunda mujer en tres d\u00edas al someterse a un aborto clandestino - El Diario de Tucuman","robots":{"index":"index","follow":"follow","max-snippet":"max-snippet:-1","max-image-preview":"max-image-preview:large","max-video-preview":"max-video-preview:-1"},"canonical":"https:\/\/www.eldiariodetucuman.com\/web\/muere-la-segunda-mujer-en-tres-dias-al-someterse-a-un-aborto-clandestino\/","og_locale":"es_ES","og_type":"article","og_title":"Muere la segunda mujer en tres d\u00edas al someterse a un aborto clandestino - El Diario de Tucuman","og_description":"Se trata de la segunda persona que fallece en el pa\u00eds suramericano tras el rechazo de la despenalizaci\u00f3n del aborto.","og_url":"https:\/\/www.eldiariodetucuman.com\/web\/muere-la-segunda-mujer-en-tres-dias-al-someterse-a-un-aborto-clandestino\/","og_site_name":"El Diario de Tucuman","article_published_time":"2018-08-17T18:01:28+00:00","og_image":[{"width":800,"height":500,"url":"https:\/\/www.eldiariodetucuman.com\/web\/wp-content\/uploads\/2018\/08\/abortoclandestino.jpg","type":"image\/jpeg"}],"author":"Redactor Uno","twitter_card":"summary_large_image","twitter_misc":{"Escrito por":"Redactor Uno","Tiempo de lectura":"2 minutos"},"schema":{"@context":"https:\/\/schema.org","@graph":[{"@type":"Article","@id":"https:\/\/www.eldiariodetucuman.com\/web\/muere-la-segunda-mujer-en-tres-dias-al-someterse-a-un-aborto-clandestino\/#article","isPartOf":{"@id":"https:\/\/www.eldiariodetucuman.com\/web\/muere-la-segunda-mujer-en-tres-dias-al-someterse-a-un-aborto-clandestino\/"},"author":{"name":"Redactor Uno","@id":"https:\/\/www.eldiariodetucuman.com\/web\/#\/schema\/person\/7e6644a46e60888f6b868594407e08dd"},"headline":"Muere la segunda mujer en tres d\u00edas al someterse a un aborto clandestino","datePublished":"2018-08-17T18:01:28+00:00","mainEntityOfPage":{"@id":"https:\/\/www.eldiariodetucuman.com\/web\/muere-la-segunda-mujer-en-tres-dias-al-someterse-a-un-aborto-clandestino\/"},"wordCount":456,"publisher":{"@id":"https:\/\/www.eldiariodetucuman.com\/web\/#organization"},"image":{"@id":"https:\/\/www.eldiariodetucuman.com\/web\/muere-la-segunda-mujer-en-tres-dias-al-someterse-a-un-aborto-clandestino\/#primaryimage"},"thumbnailUrl":"https:\/\/www.eldiariodetucuman.com\/web\/wp-content\/uploads\/2018\/08\/abortoclandestino.jpg","keywords":["aborto","Argentina","El Diario de Tucuman","Tucuman"],"articleSection":["Actualidad"],"inLanguage":"es"},{"@type":"WebPage","@id":"https:\/\/www.eldiariodetucuman.com\/web\/muere-la-segunda-mujer-en-tres-dias-al-someterse-a-un-aborto-clandestino\/","url":"https:\/\/www.eldiariodetucuman.com\/web\/muere-la-segunda-mujer-en-tres-dias-al-someterse-a-un-aborto-clandestino\/","name":"Muere la segunda mujer en tres d\u00edas al someterse a un aborto clandestino - El Diario de Tucuman","isPartOf":{"@id":"https:\/\/www.eldiariodetucuman.com\/web\/#website"},"primaryImageOfPage":{"@id":"https:\/\/www.eldiariodetucuman.com\/web\/muere-la-segunda-mujer-en-tres-dias-al-someterse-a-un-aborto-clandestino\/#primaryimage"},"image":{"@id":"https:\/\/www.eldiariodetucuman.com\/web\/muere-la-segunda-mujer-en-tres-dias-al-someterse-a-un-aborto-clandestino\/#primaryimage"},"thumbnailUrl":"https:\/\/www.eldiariodetucuman.com\/web\/wp-content\/uploads\/2018\/08\/abortoclandestino.jpg","datePublished":"2018-08-17T18:01:28+00:00","breadcrumb":{"@id":"https:\/\/www.eldiariodetucuman.com\/web\/muere-la-segunda-mujer-en-tres-dias-al-someterse-a-un-aborto-clandestino\/#breadcrumb"},"inLanguage":"es","potentialAction":[{"@type":"ReadAction","target":["https:\/\/www.eldiariodetucuman.com\/web\/muere-la-segunda-mujer-en-tres-dias-al-someterse-a-un-aborto-clandestino\/"]}]},{"@type":"ImageObject","inLanguage":"es","@id":"https:\/\/www.eldiariodetucuman.com\/web\/muere-la-segunda-mujer-en-tres-dias-al-someterse-a-un-aborto-clandestino\/#primaryimage","url":"https:\/\/www.eldiariodetucuman.com\/web\/wp-content\/uploads\/2018\/08\/abortoclandestino.jpg","contentUrl":"https:\/\/www.eldiariodetucuman.com\/web\/wp-content\/uploads\/2018\/08\/abortoclandestino.jpg","width":800,"height":500},{"@type":"BreadcrumbList","@id":"https:\/\/www.eldiariodetucuman.com\/web\/muere-la-segunda-mujer-en-tres-dias-al-someterse-a-un-aborto-clandestino\/#breadcrumb","itemListElement":[{"@type":"ListItem","position":1,"name":"Portada","item":"https:\/\/www.eldiariodetucuman.com\/web\/"},{"@type":"ListItem","position":2,"name":"Muere la segunda mujer en tres d\u00edas al someterse a un aborto clandestino"}]},{"@type":"WebSite","@id":"https:\/\/www.eldiariodetucuman.com\/web\/#website","url":"https:\/\/www.eldiariodetucuman.com\/web\/","name":"El Diario de Tucuman","description":"Diario Tucuman - Informaci\u00f3n y noticias","publisher":{"@id":"https:\/\/www.eldiariodetucuman.com\/web\/#organization"},"potentialAction":[{"@type":"SearchAction","target":{"@type":"EntryPoint","urlTemplate":"https:\/\/www.eldiariodetucuman.com\/web\/?s={search_term_string}"},"query-input":{"@type":"PropertyValueSpecification","valueRequired":true,"valueName":"search_term_string"}}],"inLanguage":"es"},{"@type":"Organization","@id":"https:\/\/www.eldiariodetucuman.com\/web\/#organization","name":"El Diario de Tucuman","url":"https:\/\/www.eldiariodetucuman.com\/web\/","logo":{"@type":"ImageObject","inLanguage":"es","@id":"https:\/\/www.eldiariodetucuman.com\/web\/#\/schema\/logo\/image\/","url":"http:\/\/www.eldiariodetucuman.com\/web\/wp-content\/uploads\/2017\/12\/el-diario-de-tucuman.jpg","contentUrl":"http:\/\/www.eldiariodetucuman.com\/web\/wp-content\/uploads\/2017\/12\/el-diario-de-tucuman.jpg","width":272,"height":92,"caption":"El Diario de Tucuman"},"image":{"@id":"https:\/\/www.eldiariodetucuman.com\/web\/#\/schema\/logo\/image\/"}},{"@type":"Person","@id":"https:\/\/www.eldiariodetucuman.com\/web\/#\/schema\/person\/7e6644a46e60888f6b868594407e08dd","name":"Redactor Uno","image":{"@type":"ImageObject","inLanguage":"es","@id":"https:\/\/secure.gravatar.com\/avatar\/0049b1bdf1bd548385c9ea6b9356431717930913089febd2ba904f0187d7d074?s=96&d=mm&r=g","url":"https:\/\/secure.gravatar.com\/avatar\/0049b1bdf1bd548385c9ea6b9356431717930913089febd2ba904f0187d7d074?s=96&d=mm&r=g","contentUrl":"https:\/\/secure.gravatar.com\/avatar\/0049b1bdf1bd548385c9ea6b9356431717930913089febd2ba904f0187d7d074?s=96&d=mm&r=g","caption":"Redactor Uno"},"url":"https:\/\/www.eldiariodetucuman.com\/web\/author\/mramasco\/"}]}},"_links":{"self":[{"href":"https:\/\/www.eldiariodetucuman.com\/web\/wp-json\/wp\/v2\/posts\/15508","targetHints":{"allow":["GET"]}}],"collection":[{"href":"https:\/\/www.eldiariodetucuman.com\/web\/wp-json\/wp\/v2\/posts"}],"about":[{"href":"https:\/\/www.eldiariodetucuman.com\/web\/wp-json\/wp\/v2\/types\/post"}],"author":[{"embeddable":true,"href":"https:\/\/www.eldiariodetucuman.com\/web\/wp-json\/wp\/v2\/users\/5"}],"replies":[{"embeddable":true,"href":"https:\/\/www.eldiariodetucuman.com\/web\/wp-json\/wp\/v2\/comments?post=15508"}],"version-history":[{"count":1,"href":"https:\/\/www.eldiariodetucuman.com\/web\/wp-json\/wp\/v2\/posts\/15508\/revisions"}],"predecessor-version":[{"id":15510,"href":"https:\/\/www.eldiariodetucuman.com\/web\/wp-json\/wp\/v2\/posts\/15508\/revisions\/15510"}],"wp:featuredmedia":[{"embeddable":true,"href":"https:\/\/www.eldiariodetucuman.com\/web\/wp-json\/wp\/v2\/media\/15509"}],"wp:attachment":[{"href":"https:\/\/www.eldiariodetucuman.com\/web\/wp-json\/wp\/v2\/media?parent=15508"}],"wp:term":[{"taxonomy":"category","embeddable":true,"href":"https:\/\/www.eldiariodetucuman.com\/web\/wp-json\/wp\/v2\/categories?post=15508"},{"taxonomy":"post_tag","embeddable":true,"href":"https:\/\/www.eldiariodetucuman.com\/web\/wp-json\/wp\/v2\/tags?post=15508"}],"curies":[{"name":"wp","href":"https:\/\/api.w.org\/{rel}","templated":true}]}}