{"id":1525,"date":"2016-06-22T14:36:28","date_gmt":"2016-06-22T14:36:28","guid":{"rendered":"http:\/\/www.eldiariodetucuman.com\/web\/?p=1525"},"modified":"2016-06-22T14:36:28","modified_gmt":"2016-06-22T14:36:28","slug":"arte-abasto-presento-su-edicion-bicentenario","status":"publish","type":"post","link":"https:\/\/www.eldiariodetucuman.com\/web\/arte-abasto-presento-su-edicion-bicentenario\/","title":{"rendered":"Arte Abasto present\u00f3 su edici\u00f3n Bicentenario"},"content":{"rendered":"<p>La exposici\u00f3n de arte a cielo abierto m\u00e1s importante del norte, que se realizar\u00e1 en las instalaciones del ex Mercado del Abasto la semana que viene, fue presentada esta ma\u00f1ana. El evento estuvo encabezado por del presidente del Ente Tucum\u00e1n Turismo, Sebastian Giobellina; el vocal del Ente del Bicentenario, Julio Saguir; la organizadora de Arte Abasto, Carolina Alonso del Conte; el gerente del hotel Hilton, Manuel Ram\u00edrez, y el gerente general del Instituto de Desarrollo Productivo de Tucum\u00e1n (IDEP), Roberto Mart\u00ednez.<!--more--><\/p>\n<p>En su cuarto a\u00f1o Arte Abasto contar\u00e1 con 106 expositores y se le sumar\u00e1 el Festival Latinoamericano de Cortometrajes Cortala. La muestra fue declarada de Inter\u00e9s Tur\u00edstico y recibi\u00f3 la Marca Tucum\u00e1n del IDEP.<\/p>\n<p>\u201cQueremos que Arte Abasto, a largo plazo, traiga gente de todo el pa\u00eds no solamente a exponer sino tambi\u00e9n a consumir el arte y el dise\u00f1o que tiene nuestra provincia\u201d, coment\u00f3 Alonso.<\/p>\n<p>Mario Soria, artista pl\u00e1stico que ya particip\u00f3 otros a\u00f1os de la convocatoria, expres\u00f3: \u201cEste evento es una invitaci\u00f3n muy interesante para los artistas. Este a\u00f1o entre las actividades propuestas se podr\u00e1 interactuar con el p\u00fablico en las manifestaciones de pintura en vivo. Arte Abasto es un espacio cultural que ya tiene una marca registrada en nuestra provincia. Me encanta participar y lo voy a hacer todas las veces que pueda\u201d.<br \/>\nEste a\u00f1o, al protagonismo se lo llevan los mu\u00f1ecos tejidos representando a granaderos del Bicentenario. Agustina Arga\u00f1araz, dise\u00f1adora y artista pl\u00e1stica creadora de la idea, dijo: \u201cEsta es la segunda vez que participamos de esta muestra. Pudimos llegar a mucha gente a trav\u00e9s de este espacio, gente a la que le interesan nuestros productos. Este a\u00f1o estamos con una l\u00ednea referida al Bicentenario; queremos transmitir la cultura\u201d.<\/p>\n<p>&nbsp;<\/p>\n<p>&nbsp;<\/p>\n<p>Fuente:\u00a0http:\/\/comunicaciontucuman.gob.ar\/2016\/06\/arte-abasto-presento-su-edicion-bicentenario\/<\/p>\n","protected":false},"excerpt":{"rendered":"<p>La exposici\u00f3n de arte a cielo abierto m\u00e1s importante del norte, que se realizar\u00e1 en las instalaciones del ex Mercado del Abasto la semana que viene, fue presentada esta ma\u00f1ana. El evento estuvo encabezado por del presidente del Ente Tucum\u00e1n Turismo, Sebastian Giobellina; el vocal del Ente del Bicentenario, Julio Saguir; la organizadora de Arte [&hellip;]<\/p>\n","protected":false},"author":3,"featured_media":1526,"comment_status":"closed","ping_status":"open","sticky":false,"template":"","format":"standard","meta":{"footnotes":""},"categories":[1],"tags":[7],"class_list":{"0":"post-1525","1":"post","2":"type-post","3":"status-publish","4":"format-standard","5":"has-post-thumbnail","7":"category-portada","8":"tag-el-diario-de-tucuman"},"yoast_head":"<!-- This site is optimized with the Yoast SEO plugin v27.4 - https:\/\/yoast.com\/product\/yoast-seo-wordpress\/ -->\n<title>Arte Abasto present\u00f3 su edici\u00f3n Bicentenario - El Diario de Tucuman<\/title>\n<meta name=\"robots\" content=\"index, follow, max-snippet:-1, max-image-preview:large, max-video-preview:-1\" \/>\n<link rel=\"canonical\" href=\"https:\/\/www.eldiariodetucuman.com\/web\/arte-abasto-presento-su-edicion-bicentenario\/\" \/>\n<meta property=\"og:locale\" content=\"es_ES\" \/>\n<meta property=\"og:type\" content=\"article\" \/>\n<meta property=\"og:title\" content=\"Arte Abasto present\u00f3 su edici\u00f3n Bicentenario - El Diario de Tucuman\" \/>\n<meta property=\"og:description\" content=\"La exposici\u00f3n de arte a cielo abierto m\u00e1s importante del norte, que se realizar\u00e1 en las instalaciones del ex Mercado del Abasto la semana que viene, fue presentada esta ma\u00f1ana. El evento estuvo encabezado por del presidente del Ente Tucum\u00e1n Turismo, Sebastian Giobellina; el vocal del Ente del Bicentenario, Julio Saguir; la organizadora de Arte [&hellip;]\" \/>\n<meta property=\"og:url\" content=\"https:\/\/www.eldiariodetucuman.com\/web\/arte-abasto-presento-su-edicion-bicentenario\/\" \/>\n<meta property=\"og:site_name\" content=\"El Diario de Tucuman\" \/>\n<meta property=\"article:published_time\" content=\"2016-06-22T14:36:28+00:00\" \/>\n<meta property=\"og:image\" content=\"https:\/\/www.eldiariodetucuman.com\/web\/wp-content\/uploads\/2016\/06\/arte.jpg\" \/>\n\t<meta property=\"og:image:width\" content=\"350\" \/>\n\t<meta property=\"og:image:height\" content=\"194\" \/>\n\t<meta property=\"og:image:type\" content=\"image\/jpeg\" \/>\n<meta name=\"author\" content=\"El diario de Tucuman\" \/>\n<meta name=\"twitter:card\" content=\"summary_large_image\" \/>\n<meta name=\"twitter:label1\" content=\"Escrito por\" \/>\n\t<meta name=\"twitter:data1\" content=\"El diario de Tucuman\" \/>\n\t<meta name=\"twitter:label2\" content=\"Tiempo de lectura\" \/>\n\t<meta name=\"twitter:data2\" content=\"2 minutos\" \/>\n<script type=\"application\/ld+json\" class=\"yoast-schema-graph\">{\"@context\":\"https:\\\/\\\/schema.org\",\"@graph\":[{\"@type\":\"Article\",\"@id\":\"https:\\\/\\\/www.eldiariodetucuman.com\\\/web\\\/arte-abasto-presento-su-edicion-bicentenario\\\/#article\",\"isPartOf\":{\"@id\":\"https:\\\/\\\/www.eldiariodetucuman.com\\\/web\\\/arte-abasto-presento-su-edicion-bicentenario\\\/\"},\"author\":{\"name\":\"El diario de Tucuman\",\"@id\":\"https:\\\/\\\/www.eldiariodetucuman.com\\\/web\\\/#\\\/schema\\\/person\\\/3adbe300ecd6242af93c97dab1dc3ba1\"},\"headline\":\"Arte Abasto present\u00f3 su edici\u00f3n Bicentenario\",\"datePublished\":\"2016-06-22T14:36:28+00:00\",\"mainEntityOfPage\":{\"@id\":\"https:\\\/\\\/www.eldiariodetucuman.com\\\/web\\\/arte-abasto-presento-su-edicion-bicentenario\\\/\"},\"wordCount\":325,\"publisher\":{\"@id\":\"https:\\\/\\\/www.eldiariodetucuman.com\\\/web\\\/#organization\"},\"image\":{\"@id\":\"https:\\\/\\\/www.eldiariodetucuman.com\\\/web\\\/arte-abasto-presento-su-edicion-bicentenario\\\/#primaryimage\"},\"thumbnailUrl\":\"https:\\\/\\\/www.eldiariodetucuman.com\\\/web\\\/wp-content\\\/uploads\\\/2016\\\/06\\\/arte.jpg\",\"keywords\":[\"El Diario de Tucuman\"],\"articleSection\":[\"Portada\"],\"inLanguage\":\"es\"},{\"@type\":\"WebPage\",\"@id\":\"https:\\\/\\\/www.eldiariodetucuman.com\\\/web\\\/arte-abasto-presento-su-edicion-bicentenario\\\/\",\"url\":\"https:\\\/\\\/www.eldiariodetucuman.com\\\/web\\\/arte-abasto-presento-su-edicion-bicentenario\\\/\",\"name\":\"Arte Abasto present\u00f3 su edici\u00f3n Bicentenario - El Diario de Tucuman\",\"isPartOf\":{\"@id\":\"https:\\\/\\\/www.eldiariodetucuman.com\\\/web\\\/#website\"},\"primaryImageOfPage\":{\"@id\":\"https:\\\/\\\/www.eldiariodetucuman.com\\\/web\\\/arte-abasto-presento-su-edicion-bicentenario\\\/#primaryimage\"},\"image\":{\"@id\":\"https:\\\/\\\/www.eldiariodetucuman.com\\\/web\\\/arte-abasto-presento-su-edicion-bicentenario\\\/#primaryimage\"},\"thumbnailUrl\":\"https:\\\/\\\/www.eldiariodetucuman.com\\\/web\\\/wp-content\\\/uploads\\\/2016\\\/06\\\/arte.jpg\",\"datePublished\":\"2016-06-22T14:36:28+00:00\",\"breadcrumb\":{\"@id\":\"https:\\\/\\\/www.eldiariodetucuman.com\\\/web\\\/arte-abasto-presento-su-edicion-bicentenario\\\/#breadcrumb\"},\"inLanguage\":\"es\",\"potentialAction\":[{\"@type\":\"ReadAction\",\"target\":[\"https:\\\/\\\/www.eldiariodetucuman.com\\\/web\\\/arte-abasto-presento-su-edicion-bicentenario\\\/\"]}]},{\"@type\":\"ImageObject\",\"inLanguage\":\"es\",\"@id\":\"https:\\\/\\\/www.eldiariodetucuman.com\\\/web\\\/arte-abasto-presento-su-edicion-bicentenario\\\/#primaryimage\",\"url\":\"https:\\\/\\\/www.eldiariodetucuman.com\\\/web\\\/wp-content\\\/uploads\\\/2016\\\/06\\\/arte.jpg\",\"contentUrl\":\"https:\\\/\\\/www.eldiariodetucuman.com\\\/web\\\/wp-content\\\/uploads\\\/2016\\\/06\\\/arte.jpg\",\"width\":350,\"height\":194},{\"@type\":\"BreadcrumbList\",\"@id\":\"https:\\\/\\\/www.eldiariodetucuman.com\\\/web\\\/arte-abasto-presento-su-edicion-bicentenario\\\/#breadcrumb\",\"itemListElement\":[{\"@type\":\"ListItem\",\"position\":1,\"name\":\"Portada\",\"item\":\"https:\\\/\\\/www.eldiariodetucuman.com\\\/web\\\/\"},{\"@type\":\"ListItem\",\"position\":2,\"name\":\"Arte Abasto present\u00f3 su edici\u00f3n Bicentenario\"}]},{\"@type\":\"WebSite\",\"@id\":\"https:\\\/\\\/www.eldiariodetucuman.com\\\/web\\\/#website\",\"url\":\"https:\\\/\\\/www.eldiariodetucuman.com\\\/web\\\/\",\"name\":\"El Diario de Tucuman\",\"description\":\"Diario Tucuman - Informaci\u00f3n y noticias\",\"publisher\":{\"@id\":\"https:\\\/\\\/www.eldiariodetucuman.com\\\/web\\\/#organization\"},\"potentialAction\":[{\"@type\":\"SearchAction\",\"target\":{\"@type\":\"EntryPoint\",\"urlTemplate\":\"https:\\\/\\\/www.eldiariodetucuman.com\\\/web\\\/?s={search_term_string}\"},\"query-input\":{\"@type\":\"PropertyValueSpecification\",\"valueRequired\":true,\"valueName\":\"search_term_string\"}}],\"inLanguage\":\"es\"},{\"@type\":\"Organization\",\"@id\":\"https:\\\/\\\/www.eldiariodetucuman.com\\\/web\\\/#organization\",\"name\":\"El Diario de Tucuman\",\"url\":\"https:\\\/\\\/www.eldiariodetucuman.com\\\/web\\\/\",\"logo\":{\"@type\":\"ImageObject\",\"inLanguage\":\"es\",\"@id\":\"https:\\\/\\\/www.eldiariodetucuman.com\\\/web\\\/#\\\/schema\\\/logo\\\/image\\\/\",\"url\":\"http:\\\/\\\/www.eldiariodetucuman.com\\\/web\\\/wp-content\\\/uploads\\\/2017\\\/12\\\/el-diario-de-tucuman.jpg\",\"contentUrl\":\"http:\\\/\\\/www.eldiariodetucuman.com\\\/web\\\/wp-content\\\/uploads\\\/2017\\\/12\\\/el-diario-de-tucuman.jpg\",\"width\":272,\"height\":92,\"caption\":\"El Diario de Tucuman\"},\"image\":{\"@id\":\"https:\\\/\\\/www.eldiariodetucuman.com\\\/web\\\/#\\\/schema\\\/logo\\\/image\\\/\"}},{\"@type\":\"Person\",\"@id\":\"https:\\\/\\\/www.eldiariodetucuman.com\\\/web\\\/#\\\/schema\\\/person\\\/3adbe300ecd6242af93c97dab1dc3ba1\",\"name\":\"El diario de Tucuman\",\"image\":{\"@type\":\"ImageObject\",\"inLanguage\":\"es\",\"@id\":\"https:\\\/\\\/secure.gravatar.com\\\/avatar\\\/b7214de193b24d0bd708ac5516aa13d0f20c6560795bfbee06857d5c8ac2f0b2?s=96&d=mm&r=g\",\"url\":\"https:\\\/\\\/secure.gravatar.com\\\/avatar\\\/b7214de193b24d0bd708ac5516aa13d0f20c6560795bfbee06857d5c8ac2f0b2?s=96&d=mm&r=g\",\"contentUrl\":\"https:\\\/\\\/secure.gravatar.com\\\/avatar\\\/b7214de193b24d0bd708ac5516aa13d0f20c6560795bfbee06857d5c8ac2f0b2?s=96&d=mm&r=g\",\"caption\":\"El diario de Tucuman\"},\"url\":\"https:\\\/\\\/www.eldiariodetucuman.com\\\/web\\\/author\\\/mgiobellina\\\/\"}]}<\/script>\n<!-- \/ Yoast SEO plugin. -->","yoast_head_json":{"title":"Arte Abasto present\u00f3 su edici\u00f3n Bicentenario - El Diario de Tucuman","robots":{"index":"index","follow":"follow","max-snippet":"max-snippet:-1","max-image-preview":"max-image-preview:large","max-video-preview":"max-video-preview:-1"},"canonical":"https:\/\/www.eldiariodetucuman.com\/web\/arte-abasto-presento-su-edicion-bicentenario\/","og_locale":"es_ES","og_type":"article","og_title":"Arte Abasto present\u00f3 su edici\u00f3n Bicentenario - El Diario de Tucuman","og_description":"La exposici\u00f3n de arte a cielo abierto m\u00e1s importante del norte, que se realizar\u00e1 en las instalaciones del ex Mercado del Abasto la semana que viene, fue presentada esta ma\u00f1ana. El evento estuvo encabezado por del presidente del Ente Tucum\u00e1n Turismo, Sebastian Giobellina; el vocal del Ente del Bicentenario, Julio Saguir; la organizadora de Arte [&hellip;]","og_url":"https:\/\/www.eldiariodetucuman.com\/web\/arte-abasto-presento-su-edicion-bicentenario\/","og_site_name":"El Diario de Tucuman","article_published_time":"2016-06-22T14:36:28+00:00","og_image":[{"width":350,"height":194,"url":"https:\/\/www.eldiariodetucuman.com\/web\/wp-content\/uploads\/2016\/06\/arte.jpg","type":"image\/jpeg"}],"author":"El diario de Tucuman","twitter_card":"summary_large_image","twitter_misc":{"Escrito por":"El diario de Tucuman","Tiempo de lectura":"2 minutos"},"schema":{"@context":"https:\/\/schema.org","@graph":[{"@type":"Article","@id":"https:\/\/www.eldiariodetucuman.com\/web\/arte-abasto-presento-su-edicion-bicentenario\/#article","isPartOf":{"@id":"https:\/\/www.eldiariodetucuman.com\/web\/arte-abasto-presento-su-edicion-bicentenario\/"},"author":{"name":"El diario de Tucuman","@id":"https:\/\/www.eldiariodetucuman.com\/web\/#\/schema\/person\/3adbe300ecd6242af93c97dab1dc3ba1"},"headline":"Arte Abasto present\u00f3 su edici\u00f3n Bicentenario","datePublished":"2016-06-22T14:36:28+00:00","mainEntityOfPage":{"@id":"https:\/\/www.eldiariodetucuman.com\/web\/arte-abasto-presento-su-edicion-bicentenario\/"},"wordCount":325,"publisher":{"@id":"https:\/\/www.eldiariodetucuman.com\/web\/#organization"},"image":{"@id":"https:\/\/www.eldiariodetucuman.com\/web\/arte-abasto-presento-su-edicion-bicentenario\/#primaryimage"},"thumbnailUrl":"https:\/\/www.eldiariodetucuman.com\/web\/wp-content\/uploads\/2016\/06\/arte.jpg","keywords":["El Diario de Tucuman"],"articleSection":["Portada"],"inLanguage":"es"},{"@type":"WebPage","@id":"https:\/\/www.eldiariodetucuman.com\/web\/arte-abasto-presento-su-edicion-bicentenario\/","url":"https:\/\/www.eldiariodetucuman.com\/web\/arte-abasto-presento-su-edicion-bicentenario\/","name":"Arte Abasto present\u00f3 su edici\u00f3n Bicentenario - El Diario de Tucuman","isPartOf":{"@id":"https:\/\/www.eldiariodetucuman.com\/web\/#website"},"primaryImageOfPage":{"@id":"https:\/\/www.eldiariodetucuman.com\/web\/arte-abasto-presento-su-edicion-bicentenario\/#primaryimage"},"image":{"@id":"https:\/\/www.eldiariodetucuman.com\/web\/arte-abasto-presento-su-edicion-bicentenario\/#primaryimage"},"thumbnailUrl":"https:\/\/www.eldiariodetucuman.com\/web\/wp-content\/uploads\/2016\/06\/arte.jpg","datePublished":"2016-06-22T14:36:28+00:00","breadcrumb":{"@id":"https:\/\/www.eldiariodetucuman.com\/web\/arte-abasto-presento-su-edicion-bicentenario\/#breadcrumb"},"inLanguage":"es","potentialAction":[{"@type":"ReadAction","target":["https:\/\/www.eldiariodetucuman.com\/web\/arte-abasto-presento-su-edicion-bicentenario\/"]}]},{"@type":"ImageObject","inLanguage":"es","@id":"https:\/\/www.eldiariodetucuman.com\/web\/arte-abasto-presento-su-edicion-bicentenario\/#primaryimage","url":"https:\/\/www.eldiariodetucuman.com\/web\/wp-content\/uploads\/2016\/06\/arte.jpg","contentUrl":"https:\/\/www.eldiariodetucuman.com\/web\/wp-content\/uploads\/2016\/06\/arte.jpg","width":350,"height":194},{"@type":"BreadcrumbList","@id":"https:\/\/www.eldiariodetucuman.com\/web\/arte-abasto-presento-su-edicion-bicentenario\/#breadcrumb","itemListElement":[{"@type":"ListItem","position":1,"name":"Portada","item":"https:\/\/www.eldiariodetucuman.com\/web\/"},{"@type":"ListItem","position":2,"name":"Arte Abasto present\u00f3 su edici\u00f3n Bicentenario"}]},{"@type":"WebSite","@id":"https:\/\/www.eldiariodetucuman.com\/web\/#website","url":"https:\/\/www.eldiariodetucuman.com\/web\/","name":"El Diario de Tucuman","description":"Diario Tucuman - Informaci\u00f3n y noticias","publisher":{"@id":"https:\/\/www.eldiariodetucuman.com\/web\/#organization"},"potentialAction":[{"@type":"SearchAction","target":{"@type":"EntryPoint","urlTemplate":"https:\/\/www.eldiariodetucuman.com\/web\/?s={search_term_string}"},"query-input":{"@type":"PropertyValueSpecification","valueRequired":true,"valueName":"search_term_string"}}],"inLanguage":"es"},{"@type":"Organization","@id":"https:\/\/www.eldiariodetucuman.com\/web\/#organization","name":"El Diario de Tucuman","url":"https:\/\/www.eldiariodetucuman.com\/web\/","logo":{"@type":"ImageObject","inLanguage":"es","@id":"https:\/\/www.eldiariodetucuman.com\/web\/#\/schema\/logo\/image\/","url":"http:\/\/www.eldiariodetucuman.com\/web\/wp-content\/uploads\/2017\/12\/el-diario-de-tucuman.jpg","contentUrl":"http:\/\/www.eldiariodetucuman.com\/web\/wp-content\/uploads\/2017\/12\/el-diario-de-tucuman.jpg","width":272,"height":92,"caption":"El Diario de Tucuman"},"image":{"@id":"https:\/\/www.eldiariodetucuman.com\/web\/#\/schema\/logo\/image\/"}},{"@type":"Person","@id":"https:\/\/www.eldiariodetucuman.com\/web\/#\/schema\/person\/3adbe300ecd6242af93c97dab1dc3ba1","name":"El diario de Tucuman","image":{"@type":"ImageObject","inLanguage":"es","@id":"https:\/\/secure.gravatar.com\/avatar\/b7214de193b24d0bd708ac5516aa13d0f20c6560795bfbee06857d5c8ac2f0b2?s=96&d=mm&r=g","url":"https:\/\/secure.gravatar.com\/avatar\/b7214de193b24d0bd708ac5516aa13d0f20c6560795bfbee06857d5c8ac2f0b2?s=96&d=mm&r=g","contentUrl":"https:\/\/secure.gravatar.com\/avatar\/b7214de193b24d0bd708ac5516aa13d0f20c6560795bfbee06857d5c8ac2f0b2?s=96&d=mm&r=g","caption":"El diario de Tucuman"},"url":"https:\/\/www.eldiariodetucuman.com\/web\/author\/mgiobellina\/"}]}},"_links":{"self":[{"href":"https:\/\/www.eldiariodetucuman.com\/web\/wp-json\/wp\/v2\/posts\/1525","targetHints":{"allow":["GET"]}}],"collection":[{"href":"https:\/\/www.eldiariodetucuman.com\/web\/wp-json\/wp\/v2\/posts"}],"about":[{"href":"https:\/\/www.eldiariodetucuman.com\/web\/wp-json\/wp\/v2\/types\/post"}],"author":[{"embeddable":true,"href":"https:\/\/www.eldiariodetucuman.com\/web\/wp-json\/wp\/v2\/users\/3"}],"replies":[{"embeddable":true,"href":"https:\/\/www.eldiariodetucuman.com\/web\/wp-json\/wp\/v2\/comments?post=1525"}],"version-history":[{"count":1,"href":"https:\/\/www.eldiariodetucuman.com\/web\/wp-json\/wp\/v2\/posts\/1525\/revisions"}],"predecessor-version":[{"id":1527,"href":"https:\/\/www.eldiariodetucuman.com\/web\/wp-json\/wp\/v2\/posts\/1525\/revisions\/1527"}],"wp:featuredmedia":[{"embeddable":true,"href":"https:\/\/www.eldiariodetucuman.com\/web\/wp-json\/wp\/v2\/media\/1526"}],"wp:attachment":[{"href":"https:\/\/www.eldiariodetucuman.com\/web\/wp-json\/wp\/v2\/media?parent=1525"}],"wp:term":[{"taxonomy":"category","embeddable":true,"href":"https:\/\/www.eldiariodetucuman.com\/web\/wp-json\/wp\/v2\/categories?post=1525"},{"taxonomy":"post_tag","embeddable":true,"href":"https:\/\/www.eldiariodetucuman.com\/web\/wp-json\/wp\/v2\/tags?post=1525"}],"curies":[{"name":"wp","href":"https:\/\/api.w.org\/{rel}","templated":true}]}}