{"id":14747,"date":"2018-07-31T12:51:17","date_gmt":"2018-07-31T15:51:17","guid":{"rendered":"http:\/\/www.eldiariodetucuman.com\/web\/le-metio-tremenda-pina-a-la-mujer-que-piropeo-porque-lo-escracho\/"},"modified":"2018-07-31T12:51:17","modified_gmt":"2018-07-31T15:51:17","slug":"le-metio-tremenda-pina-a-la-mujer-que-piropeo-porque-lo-escracho","status":"publish","type":"post","link":"https:\/\/www.eldiariodetucuman.com\/web\/le-metio-tremenda-pina-a-la-mujer-que-piropeo-porque-lo-escracho\/","title":{"rendered":"Le meti\u00f3 tremenda pi\u00f1a a la mujer que pirope\u00f3 porque lo escrach\u00f3"},"content":{"rendered":"<div>\n<div itemprop=\"articleBody\" readability=\"80.876042908224\">\n<p>\t\t\t\t\t\t\t\tCon el objetivo de denunciar el acoso callejero, una mujer public\u00f3 en las redes sociales un video que muestra la agresi\u00f3n que sufri\u00f3 en Par\u00eds,   <a href=\"https:\/\/www.cronica.com.ar\/tags\/Francia\">Francia<\/a>, cuando fue golpeada en la cara por un hombre al que hab\u00eda increpado por hacerle comentarios obscenos.<\/p>\n<p>Todo se inici\u00f3 con una publicaci\u00f3n en   <a href=\"https:\/\/www.cronica.com.ar\/tags\/Facebook\">Facebook<\/a>. <strong>Marie Laguerre<\/strong>, de 22 a\u00f1os, cont\u00f3 el hecho con un video que prueba como un hombre la abord\u00f3 con <em>\u00abruidos, comentarios, silbidos, movimientos de lengua sucios de una forma humillante y provocadora\u00bb<\/em>.<\/p>\n<p><em>\u00abEntonces, le dije: \u2019cerr\u00e1 la boca\u2019 volvi\u00e9ndome sobre mis pasos. Yo no tolero este tipo de comportamientos. No puedo quedarme callada y nosotras no podemos callar\u00bb<\/em>, escribi\u00f3.<\/p>\n<p><em>\u00abEsto no le gust\u00f3 a este hombre\u00bb,<\/em> agreg\u00f3 la joven y explic\u00f3 que primero le lanz\u00f3 un cenicero, despu\u00e9s la sigui\u00f3, y la<em> \u00abgolpe\u00f3 en la cara en mitad de la calle, a la luz del d\u00eda, delante de decenas de testigos\u00bb<\/em>.<\/p>\n<p>La publicaci\u00f3n est\u00e1 acompa\u00f1ada de toda la escena filmada por una c\u00e1mara de vigilancia del bar que est\u00e1 frente al lugar donde se produjo la agresi\u00f3n.<\/p>\n<p>En las im\u00e1genes se ve la agresi\u00f3n, seguida de la intervenci\u00f3n de varios testigos que estaban en la terraza del caf\u00e9, que intentan hablar con el hombre despu\u00e9s del incidente, y que le impiden volver a acercarse a la joven v\u00edctima. Finalmente, el agresor se fue del lugar.<\/p>\n<p>La joven interpuso una demanda ante la justicia y explic\u00f3 que ten\u00eda lesiones en <em>\u00abel p\u00f3mulo y la arcada dental\u00bb<\/em> y afirm\u00f3 que estaba <em>\u00absobrepasada por el alcance del video\u00bb<\/em>, que fue compartido cientos de veces en Twitter y en   <a href=\"https:\/\/www.cronica.com.ar\/tags\/Facebook\">Facebook<\/a>.<\/p>\n<p>La joven, dijo que no quer\u00eda referirse nuevamente a la agresi\u00f3n, ya que est\u00e1 <em>\u00abextenuada\u00bb<\/em>. \u00a0<\/p>\n<p><strong><u><em>La agresi\u00f3n<\/em><\/u><\/strong><\/p>\n<\/div>\n<\/div>\n","protected":false},"excerpt":{"rendered":"<p>Con el objetivo de denunciar el acoso callejero, una mujer public\u00f3 en las redes sociales un video que muestra la agresi\u00f3n que sufri\u00f3 en Par\u00eds, Francia, cuando fue golpeada en la cara por un hombre al que hab\u00eda increpado por hacerle comentarios obscenos. Todo se inici\u00f3 con una publicaci\u00f3n en Facebook. Marie Laguerre, de 22 [&hellip;]<\/p>\n","protected":false},"author":4,"featured_media":0,"comment_status":"open","ping_status":"closed","sticky":false,"template":"","format":"standard","meta":{"footnotes":""},"categories":[194],"tags":[],"class_list":{"0":"post-14747","1":"post","2":"type-post","3":"status-publish","4":"format-standard","6":"category-internacionales"},"yoast_head":"<!-- This site is optimized with the Yoast SEO plugin v27.4 - https:\/\/yoast.com\/product\/yoast-seo-wordpress\/ -->\n<title>Le meti\u00f3 tremenda pi\u00f1a a la mujer que pirope\u00f3 porque lo escrach\u00f3 - El Diario de Tucuman<\/title>\n<meta name=\"robots\" content=\"index, follow, max-snippet:-1, max-image-preview:large, max-video-preview:-1\" \/>\n<link rel=\"canonical\" href=\"https:\/\/www.eldiariodetucuman.com\/web\/le-metio-tremenda-pina-a-la-mujer-que-piropeo-porque-lo-escracho\/\" \/>\n<meta property=\"og:locale\" content=\"es_ES\" \/>\n<meta property=\"og:type\" content=\"article\" \/>\n<meta property=\"og:title\" content=\"Le meti\u00f3 tremenda pi\u00f1a a la mujer que pirope\u00f3 porque lo escrach\u00f3 - El Diario de Tucuman\" \/>\n<meta property=\"og:description\" content=\"Con el objetivo de denunciar el acoso callejero, una mujer public\u00f3 en las redes sociales un video que muestra la agresi\u00f3n que sufri\u00f3 en Par\u00eds, Francia, cuando fue golpeada en la cara por un hombre al que hab\u00eda increpado por hacerle comentarios obscenos. Todo se inici\u00f3 con una publicaci\u00f3n en Facebook. Marie Laguerre, de 22 [&hellip;]\" \/>\n<meta property=\"og:url\" content=\"https:\/\/www.eldiariodetucuman.com\/web\/le-metio-tremenda-pina-a-la-mujer-que-piropeo-porque-lo-escracho\/\" \/>\n<meta property=\"og:site_name\" content=\"El Diario de Tucuman\" \/>\n<meta property=\"article:published_time\" content=\"2018-07-31T15:51:17+00:00\" \/>\n<meta name=\"author\" content=\"eldiario detucuman\" \/>\n<meta name=\"twitter:card\" content=\"summary_large_image\" \/>\n<meta name=\"twitter:label1\" content=\"Escrito por\" \/>\n\t<meta name=\"twitter:data1\" content=\"eldiario detucuman\" \/>\n\t<meta name=\"twitter:label2\" content=\"Tiempo de lectura\" \/>\n\t<meta name=\"twitter:data2\" content=\"2 minutos\" \/>\n<script type=\"application\/ld+json\" class=\"yoast-schema-graph\">{\"@context\":\"https:\\\/\\\/schema.org\",\"@graph\":[{\"@type\":\"Article\",\"@id\":\"https:\\\/\\\/www.eldiariodetucuman.com\\\/web\\\/le-metio-tremenda-pina-a-la-mujer-que-piropeo-porque-lo-escracho\\\/#article\",\"isPartOf\":{\"@id\":\"https:\\\/\\\/www.eldiariodetucuman.com\\\/web\\\/le-metio-tremenda-pina-a-la-mujer-que-piropeo-porque-lo-escracho\\\/\"},\"author\":{\"name\":\"eldiario detucuman\",\"@id\":\"https:\\\/\\\/www.eldiariodetucuman.com\\\/web\\\/#\\\/schema\\\/person\\\/6f95946e54fde848b878ffa4928071d5\"},\"headline\":\"Le meti\u00f3 tremenda pi\u00f1a a la mujer que pirope\u00f3 porque lo escrach\u00f3\",\"datePublished\":\"2018-07-31T15:51:17+00:00\",\"mainEntityOfPage\":{\"@id\":\"https:\\\/\\\/www.eldiariodetucuman.com\\\/web\\\/le-metio-tremenda-pina-a-la-mujer-que-piropeo-porque-lo-escracho\\\/\"},\"wordCount\":318,\"commentCount\":0,\"publisher\":{\"@id\":\"https:\\\/\\\/www.eldiariodetucuman.com\\\/web\\\/#organization\"},\"articleSection\":[\"Internacionales\"],\"inLanguage\":\"es\",\"potentialAction\":[{\"@type\":\"CommentAction\",\"name\":\"Comment\",\"target\":[\"https:\\\/\\\/www.eldiariodetucuman.com\\\/web\\\/le-metio-tremenda-pina-a-la-mujer-que-piropeo-porque-lo-escracho\\\/#respond\"]}]},{\"@type\":\"WebPage\",\"@id\":\"https:\\\/\\\/www.eldiariodetucuman.com\\\/web\\\/le-metio-tremenda-pina-a-la-mujer-que-piropeo-porque-lo-escracho\\\/\",\"url\":\"https:\\\/\\\/www.eldiariodetucuman.com\\\/web\\\/le-metio-tremenda-pina-a-la-mujer-que-piropeo-porque-lo-escracho\\\/\",\"name\":\"Le meti\u00f3 tremenda pi\u00f1a a la mujer que pirope\u00f3 porque lo escrach\u00f3 - El Diario de Tucuman\",\"isPartOf\":{\"@id\":\"https:\\\/\\\/www.eldiariodetucuman.com\\\/web\\\/#website\"},\"datePublished\":\"2018-07-31T15:51:17+00:00\",\"breadcrumb\":{\"@id\":\"https:\\\/\\\/www.eldiariodetucuman.com\\\/web\\\/le-metio-tremenda-pina-a-la-mujer-que-piropeo-porque-lo-escracho\\\/#breadcrumb\"},\"inLanguage\":\"es\",\"potentialAction\":[{\"@type\":\"ReadAction\",\"target\":[\"https:\\\/\\\/www.eldiariodetucuman.com\\\/web\\\/le-metio-tremenda-pina-a-la-mujer-que-piropeo-porque-lo-escracho\\\/\"]}]},{\"@type\":\"BreadcrumbList\",\"@id\":\"https:\\\/\\\/www.eldiariodetucuman.com\\\/web\\\/le-metio-tremenda-pina-a-la-mujer-que-piropeo-porque-lo-escracho\\\/#breadcrumb\",\"itemListElement\":[{\"@type\":\"ListItem\",\"position\":1,\"name\":\"Portada\",\"item\":\"https:\\\/\\\/www.eldiariodetucuman.com\\\/web\\\/\"},{\"@type\":\"ListItem\",\"position\":2,\"name\":\"Le meti\u00f3 tremenda pi\u00f1a a la mujer que pirope\u00f3 porque lo escrach\u00f3\"}]},{\"@type\":\"WebSite\",\"@id\":\"https:\\\/\\\/www.eldiariodetucuman.com\\\/web\\\/#website\",\"url\":\"https:\\\/\\\/www.eldiariodetucuman.com\\\/web\\\/\",\"name\":\"El Diario de Tucuman\",\"description\":\"Diario Tucuman - Informaci\u00f3n y noticias\",\"publisher\":{\"@id\":\"https:\\\/\\\/www.eldiariodetucuman.com\\\/web\\\/#organization\"},\"potentialAction\":[{\"@type\":\"SearchAction\",\"target\":{\"@type\":\"EntryPoint\",\"urlTemplate\":\"https:\\\/\\\/www.eldiariodetucuman.com\\\/web\\\/?s={search_term_string}\"},\"query-input\":{\"@type\":\"PropertyValueSpecification\",\"valueRequired\":true,\"valueName\":\"search_term_string\"}}],\"inLanguage\":\"es\"},{\"@type\":\"Organization\",\"@id\":\"https:\\\/\\\/www.eldiariodetucuman.com\\\/web\\\/#organization\",\"name\":\"El Diario de Tucuman\",\"url\":\"https:\\\/\\\/www.eldiariodetucuman.com\\\/web\\\/\",\"logo\":{\"@type\":\"ImageObject\",\"inLanguage\":\"es\",\"@id\":\"https:\\\/\\\/www.eldiariodetucuman.com\\\/web\\\/#\\\/schema\\\/logo\\\/image\\\/\",\"url\":\"http:\\\/\\\/www.eldiariodetucuman.com\\\/web\\\/wp-content\\\/uploads\\\/2017\\\/12\\\/el-diario-de-tucuman.jpg\",\"contentUrl\":\"http:\\\/\\\/www.eldiariodetucuman.com\\\/web\\\/wp-content\\\/uploads\\\/2017\\\/12\\\/el-diario-de-tucuman.jpg\",\"width\":272,\"height\":92,\"caption\":\"El Diario de Tucuman\"},\"image\":{\"@id\":\"https:\\\/\\\/www.eldiariodetucuman.com\\\/web\\\/#\\\/schema\\\/logo\\\/image\\\/\"}},{\"@type\":\"Person\",\"@id\":\"https:\\\/\\\/www.eldiariodetucuman.com\\\/web\\\/#\\\/schema\\\/person\\\/6f95946e54fde848b878ffa4928071d5\",\"name\":\"eldiario detucuman\",\"image\":{\"@type\":\"ImageObject\",\"inLanguage\":\"es\",\"@id\":\"https:\\\/\\\/secure.gravatar.com\\\/avatar\\\/b6e1f89c5c4044c4962c8e6c20b1ca2cc99f549c965908afd4ec5308b3f51bfe?s=96&d=mm&r=g\",\"url\":\"https:\\\/\\\/secure.gravatar.com\\\/avatar\\\/b6e1f89c5c4044c4962c8e6c20b1ca2cc99f549c965908afd4ec5308b3f51bfe?s=96&d=mm&r=g\",\"contentUrl\":\"https:\\\/\\\/secure.gravatar.com\\\/avatar\\\/b6e1f89c5c4044c4962c8e6c20b1ca2cc99f549c965908afd4ec5308b3f51bfe?s=96&d=mm&r=g\",\"caption\":\"eldiario detucuman\"},\"url\":\"https:\\\/\\\/www.eldiariodetucuman.com\\\/web\\\/author\\\/eldiariodetucuman\\\/\"}]}<\/script>\n<!-- \/ Yoast SEO plugin. -->","yoast_head_json":{"title":"Le meti\u00f3 tremenda pi\u00f1a a la mujer que pirope\u00f3 porque lo escrach\u00f3 - El Diario de Tucuman","robots":{"index":"index","follow":"follow","max-snippet":"max-snippet:-1","max-image-preview":"max-image-preview:large","max-video-preview":"max-video-preview:-1"},"canonical":"https:\/\/www.eldiariodetucuman.com\/web\/le-metio-tremenda-pina-a-la-mujer-que-piropeo-porque-lo-escracho\/","og_locale":"es_ES","og_type":"article","og_title":"Le meti\u00f3 tremenda pi\u00f1a a la mujer que pirope\u00f3 porque lo escrach\u00f3 - El Diario de Tucuman","og_description":"Con el objetivo de denunciar el acoso callejero, una mujer public\u00f3 en las redes sociales un video que muestra la agresi\u00f3n que sufri\u00f3 en Par\u00eds, Francia, cuando fue golpeada en la cara por un hombre al que hab\u00eda increpado por hacerle comentarios obscenos. Todo se inici\u00f3 con una publicaci\u00f3n en Facebook. Marie Laguerre, de 22 [&hellip;]","og_url":"https:\/\/www.eldiariodetucuman.com\/web\/le-metio-tremenda-pina-a-la-mujer-que-piropeo-porque-lo-escracho\/","og_site_name":"El Diario de Tucuman","article_published_time":"2018-07-31T15:51:17+00:00","author":"eldiario detucuman","twitter_card":"summary_large_image","twitter_misc":{"Escrito por":"eldiario detucuman","Tiempo de lectura":"2 minutos"},"schema":{"@context":"https:\/\/schema.org","@graph":[{"@type":"Article","@id":"https:\/\/www.eldiariodetucuman.com\/web\/le-metio-tremenda-pina-a-la-mujer-que-piropeo-porque-lo-escracho\/#article","isPartOf":{"@id":"https:\/\/www.eldiariodetucuman.com\/web\/le-metio-tremenda-pina-a-la-mujer-que-piropeo-porque-lo-escracho\/"},"author":{"name":"eldiario detucuman","@id":"https:\/\/www.eldiariodetucuman.com\/web\/#\/schema\/person\/6f95946e54fde848b878ffa4928071d5"},"headline":"Le meti\u00f3 tremenda pi\u00f1a a la mujer que pirope\u00f3 porque lo escrach\u00f3","datePublished":"2018-07-31T15:51:17+00:00","mainEntityOfPage":{"@id":"https:\/\/www.eldiariodetucuman.com\/web\/le-metio-tremenda-pina-a-la-mujer-que-piropeo-porque-lo-escracho\/"},"wordCount":318,"commentCount":0,"publisher":{"@id":"https:\/\/www.eldiariodetucuman.com\/web\/#organization"},"articleSection":["Internacionales"],"inLanguage":"es","potentialAction":[{"@type":"CommentAction","name":"Comment","target":["https:\/\/www.eldiariodetucuman.com\/web\/le-metio-tremenda-pina-a-la-mujer-que-piropeo-porque-lo-escracho\/#respond"]}]},{"@type":"WebPage","@id":"https:\/\/www.eldiariodetucuman.com\/web\/le-metio-tremenda-pina-a-la-mujer-que-piropeo-porque-lo-escracho\/","url":"https:\/\/www.eldiariodetucuman.com\/web\/le-metio-tremenda-pina-a-la-mujer-que-piropeo-porque-lo-escracho\/","name":"Le meti\u00f3 tremenda pi\u00f1a a la mujer que pirope\u00f3 porque lo escrach\u00f3 - El Diario de Tucuman","isPartOf":{"@id":"https:\/\/www.eldiariodetucuman.com\/web\/#website"},"datePublished":"2018-07-31T15:51:17+00:00","breadcrumb":{"@id":"https:\/\/www.eldiariodetucuman.com\/web\/le-metio-tremenda-pina-a-la-mujer-que-piropeo-porque-lo-escracho\/#breadcrumb"},"inLanguage":"es","potentialAction":[{"@type":"ReadAction","target":["https:\/\/www.eldiariodetucuman.com\/web\/le-metio-tremenda-pina-a-la-mujer-que-piropeo-porque-lo-escracho\/"]}]},{"@type":"BreadcrumbList","@id":"https:\/\/www.eldiariodetucuman.com\/web\/le-metio-tremenda-pina-a-la-mujer-que-piropeo-porque-lo-escracho\/#breadcrumb","itemListElement":[{"@type":"ListItem","position":1,"name":"Portada","item":"https:\/\/www.eldiariodetucuman.com\/web\/"},{"@type":"ListItem","position":2,"name":"Le meti\u00f3 tremenda pi\u00f1a a la mujer que pirope\u00f3 porque lo escrach\u00f3"}]},{"@type":"WebSite","@id":"https:\/\/www.eldiariodetucuman.com\/web\/#website","url":"https:\/\/www.eldiariodetucuman.com\/web\/","name":"El Diario de Tucuman","description":"Diario Tucuman - Informaci\u00f3n y noticias","publisher":{"@id":"https:\/\/www.eldiariodetucuman.com\/web\/#organization"},"potentialAction":[{"@type":"SearchAction","target":{"@type":"EntryPoint","urlTemplate":"https:\/\/www.eldiariodetucuman.com\/web\/?s={search_term_string}"},"query-input":{"@type":"PropertyValueSpecification","valueRequired":true,"valueName":"search_term_string"}}],"inLanguage":"es"},{"@type":"Organization","@id":"https:\/\/www.eldiariodetucuman.com\/web\/#organization","name":"El Diario de Tucuman","url":"https:\/\/www.eldiariodetucuman.com\/web\/","logo":{"@type":"ImageObject","inLanguage":"es","@id":"https:\/\/www.eldiariodetucuman.com\/web\/#\/schema\/logo\/image\/","url":"http:\/\/www.eldiariodetucuman.com\/web\/wp-content\/uploads\/2017\/12\/el-diario-de-tucuman.jpg","contentUrl":"http:\/\/www.eldiariodetucuman.com\/web\/wp-content\/uploads\/2017\/12\/el-diario-de-tucuman.jpg","width":272,"height":92,"caption":"El Diario de Tucuman"},"image":{"@id":"https:\/\/www.eldiariodetucuman.com\/web\/#\/schema\/logo\/image\/"}},{"@type":"Person","@id":"https:\/\/www.eldiariodetucuman.com\/web\/#\/schema\/person\/6f95946e54fde848b878ffa4928071d5","name":"eldiario detucuman","image":{"@type":"ImageObject","inLanguage":"es","@id":"https:\/\/secure.gravatar.com\/avatar\/b6e1f89c5c4044c4962c8e6c20b1ca2cc99f549c965908afd4ec5308b3f51bfe?s=96&d=mm&r=g","url":"https:\/\/secure.gravatar.com\/avatar\/b6e1f89c5c4044c4962c8e6c20b1ca2cc99f549c965908afd4ec5308b3f51bfe?s=96&d=mm&r=g","contentUrl":"https:\/\/secure.gravatar.com\/avatar\/b6e1f89c5c4044c4962c8e6c20b1ca2cc99f549c965908afd4ec5308b3f51bfe?s=96&d=mm&r=g","caption":"eldiario detucuman"},"url":"https:\/\/www.eldiariodetucuman.com\/web\/author\/eldiariodetucuman\/"}]}},"_links":{"self":[{"href":"https:\/\/www.eldiariodetucuman.com\/web\/wp-json\/wp\/v2\/posts\/14747","targetHints":{"allow":["GET"]}}],"collection":[{"href":"https:\/\/www.eldiariodetucuman.com\/web\/wp-json\/wp\/v2\/posts"}],"about":[{"href":"https:\/\/www.eldiariodetucuman.com\/web\/wp-json\/wp\/v2\/types\/post"}],"author":[{"embeddable":true,"href":"https:\/\/www.eldiariodetucuman.com\/web\/wp-json\/wp\/v2\/users\/4"}],"replies":[{"embeddable":true,"href":"https:\/\/www.eldiariodetucuman.com\/web\/wp-json\/wp\/v2\/comments?post=14747"}],"version-history":[{"count":0,"href":"https:\/\/www.eldiariodetucuman.com\/web\/wp-json\/wp\/v2\/posts\/14747\/revisions"}],"wp:attachment":[{"href":"https:\/\/www.eldiariodetucuman.com\/web\/wp-json\/wp\/v2\/media?parent=14747"}],"wp:term":[{"taxonomy":"category","embeddable":true,"href":"https:\/\/www.eldiariodetucuman.com\/web\/wp-json\/wp\/v2\/categories?post=14747"},{"taxonomy":"post_tag","embeddable":true,"href":"https:\/\/www.eldiariodetucuman.com\/web\/wp-json\/wp\/v2\/tags?post=14747"}],"curies":[{"name":"wp","href":"https:\/\/api.w.org\/{rel}","templated":true}]}}