{"id":14743,"date":"2018-07-31T12:37:35","date_gmt":"2018-07-31T15:37:35","guid":{"rendered":"http:\/\/www.eldiariodetucuman.com\/web\/el-8-de-agosto-mas-alla-de-lo-que-salga-habra-una-argentina-distinta\/"},"modified":"2018-07-31T12:37:36","modified_gmt":"2018-07-31T15:37:36","slug":"el-8-de-agosto-mas-alla-de-lo-que-salga-habra-una-argentina-distinta","status":"publish","type":"post","link":"https:\/\/www.eldiariodetucuman.com\/web\/el-8-de-agosto-mas-alla-de-lo-que-salga-habra-una-argentina-distinta\/","title":{"rendered":"\u00abEl 8 de agosto, m\u00e1s all\u00e1 de lo que salga, habr\u00e1 una Argentina distinta\u00bb"},"content":{"rendered":"<div>\n<div readability=\"47.768358797437\">\n<p>La senadora nacional por Cambiemos en C\u00f3rdoba, <a href=\"https:\/\/www.elintransigente.com\/noticias\/buscar\/?buscar=Laura+Rodr%EDguez+Machado\">Laura Rodr\u00edguez Machado<\/a>, volvi\u00f3 a referirse a la iniciativa para cambiar la ley de <a href=\"https:\/\/www.elintransigente.com\/noticias\/buscar\/?buscar=despenalizaci%F3n+del+aborto+\">despenalizaci\u00f3n del aborto <\/a>que fue aprobada e Diputados, con el objetivo de conseguir m\u00e1s adherentes al proyecto que busca que las mujeres reciban la atenci\u00f3n m\u00e9dica correspondiente y no deban someterse a m\u00e9todos clandestinos. \u00a0<\/p>\n<p>&#8220;No es un proyecto, es un despacho. El Senado puede hacer tres opciones, rechazar, aprobar o modificar el despacho. R<strong>eci\u00e9n ma\u00f1ana se van a conocer cu\u00e1les son los despachos<\/strong>, cu\u00e1ntos son y la modalidad de cada uno. Al d\u00eda de hoy no necesariamente sabemos que no tiene mayor\u00eda porque, por el otro lado, <strong>hay muchos senadores que estamos acordando textos diferentes<\/strong> de la media sanci\u00f3n recibida en diputados&#8221;, indic\u00f3.<\/p>\n<aside class=\"htmlinline \"><ins class=\"adsbygoogle\" data-ad-layout=\"in-article\" data-ad-format=\"fluid\" data-ad-client=\"ca-pub-7781556717282971\" data-ad-slot=\"9383133609\"><\/ins><br \/>\n<\/aside>\n<p>Y explic\u00f3: &#8220;La discusi\u00f3n por estos d\u00edas es si estas diferencias las podemos reducir en un solo despacho o habr\u00eda dos o tres despachos. La diferencia va desde los que quieren que la media sanci\u00f3n tenga adem\u00e1s de la despenalizaci\u00f3n la legalizaci\u00f3n, o solamente la despenalizaci\u00f3n. En esas diferencias vamos a saber en las pr\u00f3ximas 24 horas cu\u00e1ntos son los despachos que se van a votar\u00bb.<\/p>\n<p>En ese sentido, se expres\u00f3 tambi\u00e9n sobre los grupos religiosos que buscan que el aborto contin\u00fae siendo clandestino. \u00abMe he reunido con la mayor\u00eda de estas asociaciones y tambi\u00e9n con el obispado. Es loable las acciones que realizan en pos de prevenir los abortos, pero es insuficiente. Esa acci\u00f3n no alcanz\u00f3 para que en la Argentina deje de existir la clandestinidad de los abortos. <strong>El estado tiene que tomar una decisi\u00f3n<\/strong>\u00ab, dijo.\u00a0<\/p>\n<p>&#8220;Entendemos que <strong>tenemos que evitar la clandestinidad<\/strong>. Es leg\u00edtimo peticionar ante las autoridades, pero nosotros tenemos que tener la mirada de la escala, de la salud p\u00fablica, del deber del Estado de intervenir en algo que hasta ahora era un tema tab\u00fa. Los tres senadores no vamos a modificar nuestra postura. El 8 de agosto m\u00e1s all\u00e1 de lo que salga, habr\u00e1 una Argentina distinta&#8221;, remarc\u00f3.\u00a0<\/p>\n<\/div>\n<\/div>\n<p>Fuente: https:\/\/www.elintransigente.com\/politica\/2018\/7\/31\/el-de-agosto-mas-alla-de-lo-que-salga-habra-una-argentina-distinta-502853.html<\/p>\n","protected":false},"excerpt":{"rendered":"<p>La senadora nacional por Cambiemos en C\u00f3rdoba, Laura Rodr\u00edguez Machado, volvi\u00f3 a referirse a la iniciativa para cambiar la ley de despenalizaci\u00f3n del aborto que fue aprobada e Diputados, con el objetivo de conseguir m\u00e1s adherentes al proyecto que busca que las mujeres reciban la atenci\u00f3n m\u00e9dica correspondiente y no deban someterse a m\u00e9todos clandestinos. [&hellip;]<\/p>\n","protected":false},"author":1,"featured_media":14744,"comment_status":"open","ping_status":"closed","sticky":false,"template":"","format":"standard","meta":{"footnotes":""},"categories":[1],"tags":[],"class_list":{"0":"post-14743","1":"post","2":"type-post","3":"status-publish","4":"format-standard","5":"has-post-thumbnail","7":"category-portada"},"yoast_head":"<!-- This site is optimized with the Yoast SEO plugin v27.4 - https:\/\/yoast.com\/product\/yoast-seo-wordpress\/ -->\n<title>&quot;El 8 de agosto, m\u00e1s all\u00e1 de lo que salga, habr\u00e1 una Argentina distinta&quot; - El Diario de Tucuman<\/title>\n<meta name=\"robots\" content=\"index, follow, max-snippet:-1, max-image-preview:large, max-video-preview:-1\" \/>\n<link rel=\"canonical\" href=\"https:\/\/www.eldiariodetucuman.com\/web\/el-8-de-agosto-mas-alla-de-lo-que-salga-habra-una-argentina-distinta\/\" \/>\n<meta property=\"og:locale\" content=\"es_ES\" \/>\n<meta property=\"og:type\" content=\"article\" \/>\n<meta property=\"og:title\" content=\"&quot;El 8 de agosto, m\u00e1s all\u00e1 de lo que salga, habr\u00e1 una Argentina distinta&quot; - El Diario de Tucuman\" \/>\n<meta property=\"og:description\" content=\"La senadora nacional por Cambiemos en C\u00f3rdoba, Laura Rodr\u00edguez Machado, volvi\u00f3 a referirse a la iniciativa para cambiar la ley de despenalizaci\u00f3n del aborto que fue aprobada e Diputados, con el objetivo de conseguir m\u00e1s adherentes al proyecto que busca que las mujeres reciban la atenci\u00f3n m\u00e9dica correspondiente y no deban someterse a m\u00e9todos clandestinos. [&hellip;]\" \/>\n<meta property=\"og:url\" content=\"https:\/\/www.eldiariodetucuman.com\/web\/el-8-de-agosto-mas-alla-de-lo-que-salga-habra-una-argentina-distinta\/\" \/>\n<meta property=\"og:site_name\" content=\"El Diario de Tucuman\" \/>\n<meta property=\"article:published_time\" content=\"2018-07-31T15:37:35+00:00\" \/>\n<meta property=\"article:modified_time\" content=\"2018-07-31T15:37:36+00:00\" \/>\n<meta property=\"og:image\" content=\"https:\/\/www.eldiariodetucuman.com\/web\/wp-content\/uploads\/2018\/07\/6ee0dff9b8004582e2f2c366b1b3b123.jpeg\" \/>\n\t<meta property=\"og:image:width\" content=\"960\" \/>\n\t<meta property=\"og:image:height\" content=\"539\" \/>\n\t<meta property=\"og:image:type\" content=\"image\/jpeg\" \/>\n<meta name=\"author\" content=\"admin\" \/>\n<meta name=\"twitter:card\" content=\"summary_large_image\" \/>\n<meta name=\"twitter:label1\" content=\"Escrito por\" \/>\n\t<meta name=\"twitter:data1\" content=\"admin\" \/>\n\t<meta name=\"twitter:label2\" content=\"Tiempo de lectura\" \/>\n\t<meta name=\"twitter:data2\" content=\"2 minutos\" \/>\n<script type=\"application\/ld+json\" class=\"yoast-schema-graph\">{\"@context\":\"https:\\\/\\\/schema.org\",\"@graph\":[{\"@type\":\"Article\",\"@id\":\"https:\\\/\\\/www.eldiariodetucuman.com\\\/web\\\/el-8-de-agosto-mas-alla-de-lo-que-salga-habra-una-argentina-distinta\\\/#article\",\"isPartOf\":{\"@id\":\"https:\\\/\\\/www.eldiariodetucuman.com\\\/web\\\/el-8-de-agosto-mas-alla-de-lo-que-salga-habra-una-argentina-distinta\\\/\"},\"author\":{\"name\":\"admin\",\"@id\":\"https:\\\/\\\/www.eldiariodetucuman.com\\\/web\\\/#\\\/schema\\\/person\\\/9250197d75ab5483412e19678b121caa\"},\"headline\":\"\u00abEl 8 de agosto, m\u00e1s all\u00e1 de lo que salga, habr\u00e1 una Argentina distinta\u00bb\",\"datePublished\":\"2018-07-31T15:37:35+00:00\",\"dateModified\":\"2018-07-31T15:37:36+00:00\",\"mainEntityOfPage\":{\"@id\":\"https:\\\/\\\/www.eldiariodetucuman.com\\\/web\\\/el-8-de-agosto-mas-alla-de-lo-que-salga-habra-una-argentina-distinta\\\/\"},\"wordCount\":381,\"commentCount\":0,\"publisher\":{\"@id\":\"https:\\\/\\\/www.eldiariodetucuman.com\\\/web\\\/#organization\"},\"image\":{\"@id\":\"https:\\\/\\\/www.eldiariodetucuman.com\\\/web\\\/el-8-de-agosto-mas-alla-de-lo-que-salga-habra-una-argentina-distinta\\\/#primaryimage\"},\"thumbnailUrl\":\"https:\\\/\\\/www.eldiariodetucuman.com\\\/web\\\/wp-content\\\/uploads\\\/2018\\\/07\\\/6ee0dff9b8004582e2f2c366b1b3b123.jpeg\",\"articleSection\":[\"Portada\"],\"inLanguage\":\"es\",\"potentialAction\":[{\"@type\":\"CommentAction\",\"name\":\"Comment\",\"target\":[\"https:\\\/\\\/www.eldiariodetucuman.com\\\/web\\\/el-8-de-agosto-mas-alla-de-lo-que-salga-habra-una-argentina-distinta\\\/#respond\"]}]},{\"@type\":\"WebPage\",\"@id\":\"https:\\\/\\\/www.eldiariodetucuman.com\\\/web\\\/el-8-de-agosto-mas-alla-de-lo-que-salga-habra-una-argentina-distinta\\\/\",\"url\":\"https:\\\/\\\/www.eldiariodetucuman.com\\\/web\\\/el-8-de-agosto-mas-alla-de-lo-que-salga-habra-una-argentina-distinta\\\/\",\"name\":\"\\\"El 8 de agosto, m\u00e1s all\u00e1 de lo que salga, habr\u00e1 una Argentina distinta\\\" - El Diario de Tucuman\",\"isPartOf\":{\"@id\":\"https:\\\/\\\/www.eldiariodetucuman.com\\\/web\\\/#website\"},\"primaryImageOfPage\":{\"@id\":\"https:\\\/\\\/www.eldiariodetucuman.com\\\/web\\\/el-8-de-agosto-mas-alla-de-lo-que-salga-habra-una-argentina-distinta\\\/#primaryimage\"},\"image\":{\"@id\":\"https:\\\/\\\/www.eldiariodetucuman.com\\\/web\\\/el-8-de-agosto-mas-alla-de-lo-que-salga-habra-una-argentina-distinta\\\/#primaryimage\"},\"thumbnailUrl\":\"https:\\\/\\\/www.eldiariodetucuman.com\\\/web\\\/wp-content\\\/uploads\\\/2018\\\/07\\\/6ee0dff9b8004582e2f2c366b1b3b123.jpeg\",\"datePublished\":\"2018-07-31T15:37:35+00:00\",\"dateModified\":\"2018-07-31T15:37:36+00:00\",\"breadcrumb\":{\"@id\":\"https:\\\/\\\/www.eldiariodetucuman.com\\\/web\\\/el-8-de-agosto-mas-alla-de-lo-que-salga-habra-una-argentina-distinta\\\/#breadcrumb\"},\"inLanguage\":\"es\",\"potentialAction\":[{\"@type\":\"ReadAction\",\"target\":[\"https:\\\/\\\/www.eldiariodetucuman.com\\\/web\\\/el-8-de-agosto-mas-alla-de-lo-que-salga-habra-una-argentina-distinta\\\/\"]}]},{\"@type\":\"ImageObject\",\"inLanguage\":\"es\",\"@id\":\"https:\\\/\\\/www.eldiariodetucuman.com\\\/web\\\/el-8-de-agosto-mas-alla-de-lo-que-salga-habra-una-argentina-distinta\\\/#primaryimage\",\"url\":\"https:\\\/\\\/www.eldiariodetucuman.com\\\/web\\\/wp-content\\\/uploads\\\/2018\\\/07\\\/6ee0dff9b8004582e2f2c366b1b3b123.jpeg\",\"contentUrl\":\"https:\\\/\\\/www.eldiariodetucuman.com\\\/web\\\/wp-content\\\/uploads\\\/2018\\\/07\\\/6ee0dff9b8004582e2f2c366b1b3b123.jpeg\",\"width\":960,\"height\":539},{\"@type\":\"BreadcrumbList\",\"@id\":\"https:\\\/\\\/www.eldiariodetucuman.com\\\/web\\\/el-8-de-agosto-mas-alla-de-lo-que-salga-habra-una-argentina-distinta\\\/#breadcrumb\",\"itemListElement\":[{\"@type\":\"ListItem\",\"position\":1,\"name\":\"Portada\",\"item\":\"https:\\\/\\\/www.eldiariodetucuman.com\\\/web\\\/\"},{\"@type\":\"ListItem\",\"position\":2,\"name\":\"\u00abEl 8 de agosto, m\u00e1s all\u00e1 de lo que salga, habr\u00e1 una Argentina distinta\u00bb\"}]},{\"@type\":\"WebSite\",\"@id\":\"https:\\\/\\\/www.eldiariodetucuman.com\\\/web\\\/#website\",\"url\":\"https:\\\/\\\/www.eldiariodetucuman.com\\\/web\\\/\",\"name\":\"El Diario de Tucuman\",\"description\":\"Diario Tucuman - Informaci\u00f3n y noticias\",\"publisher\":{\"@id\":\"https:\\\/\\\/www.eldiariodetucuman.com\\\/web\\\/#organization\"},\"potentialAction\":[{\"@type\":\"SearchAction\",\"target\":{\"@type\":\"EntryPoint\",\"urlTemplate\":\"https:\\\/\\\/www.eldiariodetucuman.com\\\/web\\\/?s={search_term_string}\"},\"query-input\":{\"@type\":\"PropertyValueSpecification\",\"valueRequired\":true,\"valueName\":\"search_term_string\"}}],\"inLanguage\":\"es\"},{\"@type\":\"Organization\",\"@id\":\"https:\\\/\\\/www.eldiariodetucuman.com\\\/web\\\/#organization\",\"name\":\"El Diario de Tucuman\",\"url\":\"https:\\\/\\\/www.eldiariodetucuman.com\\\/web\\\/\",\"logo\":{\"@type\":\"ImageObject\",\"inLanguage\":\"es\",\"@id\":\"https:\\\/\\\/www.eldiariodetucuman.com\\\/web\\\/#\\\/schema\\\/logo\\\/image\\\/\",\"url\":\"http:\\\/\\\/www.eldiariodetucuman.com\\\/web\\\/wp-content\\\/uploads\\\/2017\\\/12\\\/el-diario-de-tucuman.jpg\",\"contentUrl\":\"http:\\\/\\\/www.eldiariodetucuman.com\\\/web\\\/wp-content\\\/uploads\\\/2017\\\/12\\\/el-diario-de-tucuman.jpg\",\"width\":272,\"height\":92,\"caption\":\"El Diario de Tucuman\"},\"image\":{\"@id\":\"https:\\\/\\\/www.eldiariodetucuman.com\\\/web\\\/#\\\/schema\\\/logo\\\/image\\\/\"}},{\"@type\":\"Person\",\"@id\":\"https:\\\/\\\/www.eldiariodetucuman.com\\\/web\\\/#\\\/schema\\\/person\\\/9250197d75ab5483412e19678b121caa\",\"name\":\"admin\",\"image\":{\"@type\":\"ImageObject\",\"inLanguage\":\"es\",\"@id\":\"https:\\\/\\\/secure.gravatar.com\\\/avatar\\\/c44d117c2be811212c22cb481f6b8384b6873de103fbc49e7a03cc58d7dea4ac?s=96&d=mm&r=g\",\"url\":\"https:\\\/\\\/secure.gravatar.com\\\/avatar\\\/c44d117c2be811212c22cb481f6b8384b6873de103fbc49e7a03cc58d7dea4ac?s=96&d=mm&r=g\",\"contentUrl\":\"https:\\\/\\\/secure.gravatar.com\\\/avatar\\\/c44d117c2be811212c22cb481f6b8384b6873de103fbc49e7a03cc58d7dea4ac?s=96&d=mm&r=g\",\"caption\":\"admin\"},\"url\":\"https:\\\/\\\/www.eldiariodetucuman.com\\\/web\\\/author\\\/admin\\\/\"}]}<\/script>\n<!-- \/ Yoast SEO plugin. -->","yoast_head_json":{"title":"\"El 8 de agosto, m\u00e1s all\u00e1 de lo que salga, habr\u00e1 una Argentina distinta\" - El Diario de Tucuman","robots":{"index":"index","follow":"follow","max-snippet":"max-snippet:-1","max-image-preview":"max-image-preview:large","max-video-preview":"max-video-preview:-1"},"canonical":"https:\/\/www.eldiariodetucuman.com\/web\/el-8-de-agosto-mas-alla-de-lo-que-salga-habra-una-argentina-distinta\/","og_locale":"es_ES","og_type":"article","og_title":"\"El 8 de agosto, m\u00e1s all\u00e1 de lo que salga, habr\u00e1 una Argentina distinta\" - El Diario de Tucuman","og_description":"La senadora nacional por Cambiemos en C\u00f3rdoba, Laura Rodr\u00edguez Machado, volvi\u00f3 a referirse a la iniciativa para cambiar la ley de despenalizaci\u00f3n del aborto que fue aprobada e Diputados, con el objetivo de conseguir m\u00e1s adherentes al proyecto que busca que las mujeres reciban la atenci\u00f3n m\u00e9dica correspondiente y no deban someterse a m\u00e9todos clandestinos. [&hellip;]","og_url":"https:\/\/www.eldiariodetucuman.com\/web\/el-8-de-agosto-mas-alla-de-lo-que-salga-habra-una-argentina-distinta\/","og_site_name":"El Diario de Tucuman","article_published_time":"2018-07-31T15:37:35+00:00","article_modified_time":"2018-07-31T15:37:36+00:00","og_image":[{"width":960,"height":539,"url":"https:\/\/www.eldiariodetucuman.com\/web\/wp-content\/uploads\/2018\/07\/6ee0dff9b8004582e2f2c366b1b3b123.jpeg","type":"image\/jpeg"}],"author":"admin","twitter_card":"summary_large_image","twitter_misc":{"Escrito por":"admin","Tiempo de lectura":"2 minutos"},"schema":{"@context":"https:\/\/schema.org","@graph":[{"@type":"Article","@id":"https:\/\/www.eldiariodetucuman.com\/web\/el-8-de-agosto-mas-alla-de-lo-que-salga-habra-una-argentina-distinta\/#article","isPartOf":{"@id":"https:\/\/www.eldiariodetucuman.com\/web\/el-8-de-agosto-mas-alla-de-lo-que-salga-habra-una-argentina-distinta\/"},"author":{"name":"admin","@id":"https:\/\/www.eldiariodetucuman.com\/web\/#\/schema\/person\/9250197d75ab5483412e19678b121caa"},"headline":"\u00abEl 8 de agosto, m\u00e1s all\u00e1 de lo que salga, habr\u00e1 una Argentina distinta\u00bb","datePublished":"2018-07-31T15:37:35+00:00","dateModified":"2018-07-31T15:37:36+00:00","mainEntityOfPage":{"@id":"https:\/\/www.eldiariodetucuman.com\/web\/el-8-de-agosto-mas-alla-de-lo-que-salga-habra-una-argentina-distinta\/"},"wordCount":381,"commentCount":0,"publisher":{"@id":"https:\/\/www.eldiariodetucuman.com\/web\/#organization"},"image":{"@id":"https:\/\/www.eldiariodetucuman.com\/web\/el-8-de-agosto-mas-alla-de-lo-que-salga-habra-una-argentina-distinta\/#primaryimage"},"thumbnailUrl":"https:\/\/www.eldiariodetucuman.com\/web\/wp-content\/uploads\/2018\/07\/6ee0dff9b8004582e2f2c366b1b3b123.jpeg","articleSection":["Portada"],"inLanguage":"es","potentialAction":[{"@type":"CommentAction","name":"Comment","target":["https:\/\/www.eldiariodetucuman.com\/web\/el-8-de-agosto-mas-alla-de-lo-que-salga-habra-una-argentina-distinta\/#respond"]}]},{"@type":"WebPage","@id":"https:\/\/www.eldiariodetucuman.com\/web\/el-8-de-agosto-mas-alla-de-lo-que-salga-habra-una-argentina-distinta\/","url":"https:\/\/www.eldiariodetucuman.com\/web\/el-8-de-agosto-mas-alla-de-lo-que-salga-habra-una-argentina-distinta\/","name":"\"El 8 de agosto, m\u00e1s all\u00e1 de lo que salga, habr\u00e1 una Argentina distinta\" - El Diario de Tucuman","isPartOf":{"@id":"https:\/\/www.eldiariodetucuman.com\/web\/#website"},"primaryImageOfPage":{"@id":"https:\/\/www.eldiariodetucuman.com\/web\/el-8-de-agosto-mas-alla-de-lo-que-salga-habra-una-argentina-distinta\/#primaryimage"},"image":{"@id":"https:\/\/www.eldiariodetucuman.com\/web\/el-8-de-agosto-mas-alla-de-lo-que-salga-habra-una-argentina-distinta\/#primaryimage"},"thumbnailUrl":"https:\/\/www.eldiariodetucuman.com\/web\/wp-content\/uploads\/2018\/07\/6ee0dff9b8004582e2f2c366b1b3b123.jpeg","datePublished":"2018-07-31T15:37:35+00:00","dateModified":"2018-07-31T15:37:36+00:00","breadcrumb":{"@id":"https:\/\/www.eldiariodetucuman.com\/web\/el-8-de-agosto-mas-alla-de-lo-que-salga-habra-una-argentina-distinta\/#breadcrumb"},"inLanguage":"es","potentialAction":[{"@type":"ReadAction","target":["https:\/\/www.eldiariodetucuman.com\/web\/el-8-de-agosto-mas-alla-de-lo-que-salga-habra-una-argentina-distinta\/"]}]},{"@type":"ImageObject","inLanguage":"es","@id":"https:\/\/www.eldiariodetucuman.com\/web\/el-8-de-agosto-mas-alla-de-lo-que-salga-habra-una-argentina-distinta\/#primaryimage","url":"https:\/\/www.eldiariodetucuman.com\/web\/wp-content\/uploads\/2018\/07\/6ee0dff9b8004582e2f2c366b1b3b123.jpeg","contentUrl":"https:\/\/www.eldiariodetucuman.com\/web\/wp-content\/uploads\/2018\/07\/6ee0dff9b8004582e2f2c366b1b3b123.jpeg","width":960,"height":539},{"@type":"BreadcrumbList","@id":"https:\/\/www.eldiariodetucuman.com\/web\/el-8-de-agosto-mas-alla-de-lo-que-salga-habra-una-argentina-distinta\/#breadcrumb","itemListElement":[{"@type":"ListItem","position":1,"name":"Portada","item":"https:\/\/www.eldiariodetucuman.com\/web\/"},{"@type":"ListItem","position":2,"name":"\u00abEl 8 de agosto, m\u00e1s all\u00e1 de lo que salga, habr\u00e1 una Argentina distinta\u00bb"}]},{"@type":"WebSite","@id":"https:\/\/www.eldiariodetucuman.com\/web\/#website","url":"https:\/\/www.eldiariodetucuman.com\/web\/","name":"El Diario de Tucuman","description":"Diario Tucuman - Informaci\u00f3n y noticias","publisher":{"@id":"https:\/\/www.eldiariodetucuman.com\/web\/#organization"},"potentialAction":[{"@type":"SearchAction","target":{"@type":"EntryPoint","urlTemplate":"https:\/\/www.eldiariodetucuman.com\/web\/?s={search_term_string}"},"query-input":{"@type":"PropertyValueSpecification","valueRequired":true,"valueName":"search_term_string"}}],"inLanguage":"es"},{"@type":"Organization","@id":"https:\/\/www.eldiariodetucuman.com\/web\/#organization","name":"El Diario de Tucuman","url":"https:\/\/www.eldiariodetucuman.com\/web\/","logo":{"@type":"ImageObject","inLanguage":"es","@id":"https:\/\/www.eldiariodetucuman.com\/web\/#\/schema\/logo\/image\/","url":"http:\/\/www.eldiariodetucuman.com\/web\/wp-content\/uploads\/2017\/12\/el-diario-de-tucuman.jpg","contentUrl":"http:\/\/www.eldiariodetucuman.com\/web\/wp-content\/uploads\/2017\/12\/el-diario-de-tucuman.jpg","width":272,"height":92,"caption":"El Diario de Tucuman"},"image":{"@id":"https:\/\/www.eldiariodetucuman.com\/web\/#\/schema\/logo\/image\/"}},{"@type":"Person","@id":"https:\/\/www.eldiariodetucuman.com\/web\/#\/schema\/person\/9250197d75ab5483412e19678b121caa","name":"admin","image":{"@type":"ImageObject","inLanguage":"es","@id":"https:\/\/secure.gravatar.com\/avatar\/c44d117c2be811212c22cb481f6b8384b6873de103fbc49e7a03cc58d7dea4ac?s=96&d=mm&r=g","url":"https:\/\/secure.gravatar.com\/avatar\/c44d117c2be811212c22cb481f6b8384b6873de103fbc49e7a03cc58d7dea4ac?s=96&d=mm&r=g","contentUrl":"https:\/\/secure.gravatar.com\/avatar\/c44d117c2be811212c22cb481f6b8384b6873de103fbc49e7a03cc58d7dea4ac?s=96&d=mm&r=g","caption":"admin"},"url":"https:\/\/www.eldiariodetucuman.com\/web\/author\/admin\/"}]}},"_links":{"self":[{"href":"https:\/\/www.eldiariodetucuman.com\/web\/wp-json\/wp\/v2\/posts\/14743","targetHints":{"allow":["GET"]}}],"collection":[{"href":"https:\/\/www.eldiariodetucuman.com\/web\/wp-json\/wp\/v2\/posts"}],"about":[{"href":"https:\/\/www.eldiariodetucuman.com\/web\/wp-json\/wp\/v2\/types\/post"}],"author":[{"embeddable":true,"href":"https:\/\/www.eldiariodetucuman.com\/web\/wp-json\/wp\/v2\/users\/1"}],"replies":[{"embeddable":true,"href":"https:\/\/www.eldiariodetucuman.com\/web\/wp-json\/wp\/v2\/comments?post=14743"}],"version-history":[{"count":1,"href":"https:\/\/www.eldiariodetucuman.com\/web\/wp-json\/wp\/v2\/posts\/14743\/revisions"}],"predecessor-version":[{"id":14745,"href":"https:\/\/www.eldiariodetucuman.com\/web\/wp-json\/wp\/v2\/posts\/14743\/revisions\/14745"}],"wp:featuredmedia":[{"embeddable":true,"href":"https:\/\/www.eldiariodetucuman.com\/web\/wp-json\/wp\/v2\/media\/14744"}],"wp:attachment":[{"href":"https:\/\/www.eldiariodetucuman.com\/web\/wp-json\/wp\/v2\/media?parent=14743"}],"wp:term":[{"taxonomy":"category","embeddable":true,"href":"https:\/\/www.eldiariodetucuman.com\/web\/wp-json\/wp\/v2\/categories?post=14743"},{"taxonomy":"post_tag","embeddable":true,"href":"https:\/\/www.eldiariodetucuman.com\/web\/wp-json\/wp\/v2\/tags?post=14743"}],"curies":[{"name":"wp","href":"https:\/\/api.w.org\/{rel}","templated":true}]}}