{"id":14731,"date":"2018-07-31T12:07:46","date_gmt":"2018-07-31T15:07:46","guid":{"rendered":"http:\/\/www.eldiariodetucuman.com\/web\/la-ruta-321-se-ilumina-para-seguridad-de-los-lulenos-2\/"},"modified":"2018-07-31T12:07:47","modified_gmt":"2018-07-31T15:07:47","slug":"la-ruta-321-se-ilumina-para-seguridad-de-los-lulenos-2","status":"publish","type":"post","link":"https:\/\/www.eldiariodetucuman.com\/web\/la-ruta-321-se-ilumina-para-seguridad-de-los-lulenos-2\/","title":{"rendered":"La ruta 321 se ilumina para seguridad de los lule\u00f1os"},"content":{"rendered":"<div>\n<div readability=\"79\">\n<p>El gobernador, <strong>Juan Manzur,<\/strong> visit\u00f3, junto con el vicegobernador, <strong>Osvaldo Jaldo<\/strong>, el barrio de Villa del Carmen en Lules para\u00a0supervisar las obras que se realizaron en la escuela parroquial del lugar, la apertura de una calle y ordenamiento urbano de esta, y el centro comunitario de la zona que fue recuperado y remodelado.<\/p>\n<p>Despu\u00e9s de la visita a Villa del Carmen, el primer mandatario se dirigi\u00f3 hacia la localidad de La Bolsa, tambi\u00e9n en Lules, donde supervis\u00f3 las obras de alumbrado p\u00fablico que se est\u00e1n terminando de instalar a la vera de la ruta provincial 321: son cuatro kil\u00f3metros que unen la autopista de la Ruta Nacional 38, con la rotonda e ingreso al centro de la ciudad.<\/p>\n<p><iframe loading=\"lazy\" width=\"650\" height=\"315\" src=\"http:\/\/www.youtube.com\/embed\/e5pgnhcHp10\"><\/iframe><\/p>\n<p>\u00a0<\/p>\n<p>\u00a0<\/p>\n<p><a href=\"http:\/\/comunicaciontucuman.gob.ar\/wp-content\/uploads\/2018\/07\/Manzur_Luces_Lules-4.jpg\"><img loading=\"lazy\" decoding=\"async\" class=\"size-medium wp-image-172304 aligncenter\" src=\"http:\/\/comunicaciontucuman.gob.ar\/wp-content\/uploads\/2018\/07\/Manzur_Luces_Lules-4-300x166.jpg\" alt=\"Manzur_Luces_Lules (4)\" width=\"300\" height=\"166\"><\/a><\/p>\n<blockquote readability=\"15\">\n<p>El establecimiento educativo recibi\u00f3 la donaci\u00f3n de nuevos juegos para el jard\u00edn de infantes, pero adem\u00e1s se remodel\u00f3 la cocina, se cambi\u00f3 el piso de un aula y se est\u00e1 construyendo una galer\u00eda nueva en el patio principal.<\/p>\n<p>En tanto que en el loteo Luca donde \u201cpor 200 metros se abri\u00f3 una calle donde no hab\u00eda paso y se est\u00e1 haciendo cord\u00f3n cuneta y eso le va a dar salida y continuidad a otras calles aleda\u00f1as\u201d, seg\u00fan explic\u00f3 el intendente local, <strong>Carlos Gal\u00eda<\/strong>.<\/p>\n<\/blockquote>\n<p>A su vez, el jefe municipal adem\u00e1s cont\u00f3 que el Centro Comunitario Villa del Carmen \u201cque fue construido hace much\u00edsimos a\u00f1os y que pr\u00e1cticamente estaba en el abandono, lo tomamos hace un a\u00f1o y lo estamos regularizando y haciendo trabajos de recuperaci\u00f3n. Porque aqu\u00ed funciona una cocina comunitaria, talleres de distinta \u00edndole y se brinda un servicio primario de salud\u201d.<\/p>\n<blockquote class=\"mom_quote \"><p>\u201cEl desaf\u00edo central que tenemos es seguir hacia adelante y todas estas obras son para eso. Pero adem\u00e1s hoy vinimos con el Vicegobernador a ver esta mega obra de iluminaci\u00f3n que conecta desde la autopista hasta la entrada a la ciudad. Esto tiene que ver con la seguridad, con la seguridad vial. Pero tambi\u00e9n con la producci\u00f3n. Est\u00e1n saliendo las primeras frutillas y esta es una zona que acrecienta su tr\u00e1fico y genera oportunidades para la gente\u201d, afirm\u00f3 Manzur.<\/p><\/blockquote>\n<p>Por su parte Jaldo destac\u00f3 que las obras que se est\u00e1n realizando \u201clas hacen desde administraci\u00f3n, con empleados municipales, con recursos propios m\u00e1s all\u00e1 de los aportes que le realiza la Provincia\u201d. Adem\u00e1s resalt\u00f3 la obra de iluminaci\u00f3n sobre la ruta \u201cesto es una soluci\u00f3n para la seguridad de todos los que transitan la ruta y de todos los que viven cerca\u201d.<\/p>\n<p>En tanto el ministro del Interior, <strong>Miguel Acevedo<\/strong>, destac\u00f3 la recorrida \u201cporque se camin\u00f3 y se comparti\u00f3 con la gente, lo que demuestra la sensibilidad que tiene este Gobierno para ayudar a la gente sin mirar de donde son y de donde vienen\u201d.<\/p>\n<p>\u00a0<\/p>\n<\/div>\n<\/div>\n<p>Fuente: http:\/\/comunicaciontucuman.gob.ar\/2018\/07\/la-ruta-321-se-ilumina-para-seguridad-de-los-lulenos\/<\/p>\n","protected":false},"excerpt":{"rendered":"<p>El gobernador, Juan Manzur, visit\u00f3, junto con el vicegobernador, Osvaldo Jaldo, el barrio de Villa del Carmen en Lules para\u00a0supervisar las obras que se realizaron en la escuela parroquial del lugar, la apertura de una calle y ordenamiento urbano de esta, y el centro comunitario de la zona que fue recuperado y remodelado. Despu\u00e9s de [&hellip;]<\/p>\n","protected":false},"author":1,"featured_media":14732,"comment_status":"open","ping_status":"closed","sticky":false,"template":"","format":"standard","meta":{"footnotes":""},"categories":[3],"tags":[],"class_list":{"0":"post-14731","1":"post","2":"type-post","3":"status-publish","4":"format-standard","5":"has-post-thumbnail","7":"category-politica"},"yoast_head":"<!-- This site is optimized with the Yoast SEO plugin v27.4 - https:\/\/yoast.com\/product\/yoast-seo-wordpress\/ -->\n<title>La ruta 321 se ilumina para seguridad de los lule\u00f1os - El Diario de Tucuman<\/title>\n<meta name=\"robots\" content=\"index, follow, max-snippet:-1, max-image-preview:large, max-video-preview:-1\" \/>\n<link rel=\"canonical\" href=\"https:\/\/www.eldiariodetucuman.com\/web\/la-ruta-321-se-ilumina-para-seguridad-de-los-lulenos-2\/\" \/>\n<meta property=\"og:locale\" content=\"es_ES\" \/>\n<meta property=\"og:type\" content=\"article\" \/>\n<meta property=\"og:title\" content=\"La ruta 321 se ilumina para seguridad de los lule\u00f1os - El Diario de Tucuman\" \/>\n<meta property=\"og:description\" content=\"El gobernador, Juan Manzur, visit\u00f3, junto con el vicegobernador, Osvaldo Jaldo, el barrio de Villa del Carmen en Lules para\u00a0supervisar las obras que se realizaron en la escuela parroquial del lugar, la apertura de una calle y ordenamiento urbano de esta, y el centro comunitario de la zona que fue recuperado y remodelado. Despu\u00e9s de [&hellip;]\" \/>\n<meta property=\"og:url\" content=\"https:\/\/www.eldiariodetucuman.com\/web\/la-ruta-321-se-ilumina-para-seguridad-de-los-lulenos-2\/\" \/>\n<meta property=\"og:site_name\" content=\"El Diario de Tucuman\" \/>\n<meta property=\"article:published_time\" content=\"2018-07-31T15:07:46+00:00\" \/>\n<meta property=\"article:modified_time\" content=\"2018-07-31T15:07:47+00:00\" \/>\n<meta property=\"og:image\" content=\"https:\/\/www.eldiariodetucuman.com\/web\/wp-content\/uploads\/2018\/07\/d3bee0913f4c210a96cae9e83503a50c.jpeg\" \/>\n\t<meta property=\"og:image:width\" content=\"300\" \/>\n\t<meta property=\"og:image:height\" content=\"166\" \/>\n\t<meta property=\"og:image:type\" content=\"image\/jpeg\" \/>\n<meta name=\"author\" content=\"admin\" \/>\n<meta name=\"twitter:card\" content=\"summary_large_image\" \/>\n<meta name=\"twitter:label1\" content=\"Escrito por\" \/>\n\t<meta name=\"twitter:data1\" content=\"admin\" \/>\n\t<meta name=\"twitter:label2\" content=\"Tiempo de lectura\" \/>\n\t<meta name=\"twitter:data2\" content=\"2 minutos\" \/>\n<script type=\"application\/ld+json\" class=\"yoast-schema-graph\">{\"@context\":\"https:\\\/\\\/schema.org\",\"@graph\":[{\"@type\":\"Article\",\"@id\":\"https:\\\/\\\/www.eldiariodetucuman.com\\\/web\\\/la-ruta-321-se-ilumina-para-seguridad-de-los-lulenos-2\\\/#article\",\"isPartOf\":{\"@id\":\"https:\\\/\\\/www.eldiariodetucuman.com\\\/web\\\/la-ruta-321-se-ilumina-para-seguridad-de-los-lulenos-2\\\/\"},\"author\":{\"name\":\"admin\",\"@id\":\"https:\\\/\\\/www.eldiariodetucuman.com\\\/web\\\/#\\\/schema\\\/person\\\/9250197d75ab5483412e19678b121caa\"},\"headline\":\"La ruta 321 se ilumina para seguridad de los lule\u00f1os\",\"datePublished\":\"2018-07-31T15:07:46+00:00\",\"dateModified\":\"2018-07-31T15:07:47+00:00\",\"mainEntityOfPage\":{\"@id\":\"https:\\\/\\\/www.eldiariodetucuman.com\\\/web\\\/la-ruta-321-se-ilumina-para-seguridad-de-los-lulenos-2\\\/\"},\"wordCount\":493,\"commentCount\":0,\"publisher\":{\"@id\":\"https:\\\/\\\/www.eldiariodetucuman.com\\\/web\\\/#organization\"},\"image\":{\"@id\":\"https:\\\/\\\/www.eldiariodetucuman.com\\\/web\\\/la-ruta-321-se-ilumina-para-seguridad-de-los-lulenos-2\\\/#primaryimage\"},\"thumbnailUrl\":\"https:\\\/\\\/www.eldiariodetucuman.com\\\/web\\\/wp-content\\\/uploads\\\/2018\\\/07\\\/d3bee0913f4c210a96cae9e83503a50c.jpeg\",\"articleSection\":[\"Politica\"],\"inLanguage\":\"es\",\"potentialAction\":[{\"@type\":\"CommentAction\",\"name\":\"Comment\",\"target\":[\"https:\\\/\\\/www.eldiariodetucuman.com\\\/web\\\/la-ruta-321-se-ilumina-para-seguridad-de-los-lulenos-2\\\/#respond\"]}]},{\"@type\":\"WebPage\",\"@id\":\"https:\\\/\\\/www.eldiariodetucuman.com\\\/web\\\/la-ruta-321-se-ilumina-para-seguridad-de-los-lulenos-2\\\/\",\"url\":\"https:\\\/\\\/www.eldiariodetucuman.com\\\/web\\\/la-ruta-321-se-ilumina-para-seguridad-de-los-lulenos-2\\\/\",\"name\":\"La ruta 321 se ilumina para seguridad de los lule\u00f1os - El Diario de Tucuman\",\"isPartOf\":{\"@id\":\"https:\\\/\\\/www.eldiariodetucuman.com\\\/web\\\/#website\"},\"primaryImageOfPage\":{\"@id\":\"https:\\\/\\\/www.eldiariodetucuman.com\\\/web\\\/la-ruta-321-se-ilumina-para-seguridad-de-los-lulenos-2\\\/#primaryimage\"},\"image\":{\"@id\":\"https:\\\/\\\/www.eldiariodetucuman.com\\\/web\\\/la-ruta-321-se-ilumina-para-seguridad-de-los-lulenos-2\\\/#primaryimage\"},\"thumbnailUrl\":\"https:\\\/\\\/www.eldiariodetucuman.com\\\/web\\\/wp-content\\\/uploads\\\/2018\\\/07\\\/d3bee0913f4c210a96cae9e83503a50c.jpeg\",\"datePublished\":\"2018-07-31T15:07:46+00:00\",\"dateModified\":\"2018-07-31T15:07:47+00:00\",\"breadcrumb\":{\"@id\":\"https:\\\/\\\/www.eldiariodetucuman.com\\\/web\\\/la-ruta-321-se-ilumina-para-seguridad-de-los-lulenos-2\\\/#breadcrumb\"},\"inLanguage\":\"es\",\"potentialAction\":[{\"@type\":\"ReadAction\",\"target\":[\"https:\\\/\\\/www.eldiariodetucuman.com\\\/web\\\/la-ruta-321-se-ilumina-para-seguridad-de-los-lulenos-2\\\/\"]}]},{\"@type\":\"ImageObject\",\"inLanguage\":\"es\",\"@id\":\"https:\\\/\\\/www.eldiariodetucuman.com\\\/web\\\/la-ruta-321-se-ilumina-para-seguridad-de-los-lulenos-2\\\/#primaryimage\",\"url\":\"https:\\\/\\\/www.eldiariodetucuman.com\\\/web\\\/wp-content\\\/uploads\\\/2018\\\/07\\\/d3bee0913f4c210a96cae9e83503a50c.jpeg\",\"contentUrl\":\"https:\\\/\\\/www.eldiariodetucuman.com\\\/web\\\/wp-content\\\/uploads\\\/2018\\\/07\\\/d3bee0913f4c210a96cae9e83503a50c.jpeg\",\"width\":300,\"height\":166},{\"@type\":\"BreadcrumbList\",\"@id\":\"https:\\\/\\\/www.eldiariodetucuman.com\\\/web\\\/la-ruta-321-se-ilumina-para-seguridad-de-los-lulenos-2\\\/#breadcrumb\",\"itemListElement\":[{\"@type\":\"ListItem\",\"position\":1,\"name\":\"Portada\",\"item\":\"https:\\\/\\\/www.eldiariodetucuman.com\\\/web\\\/\"},{\"@type\":\"ListItem\",\"position\":2,\"name\":\"La ruta 321 se ilumina para seguridad de los lule\u00f1os\"}]},{\"@type\":\"WebSite\",\"@id\":\"https:\\\/\\\/www.eldiariodetucuman.com\\\/web\\\/#website\",\"url\":\"https:\\\/\\\/www.eldiariodetucuman.com\\\/web\\\/\",\"name\":\"El Diario de Tucuman\",\"description\":\"Diario Tucuman - Informaci\u00f3n y noticias\",\"publisher\":{\"@id\":\"https:\\\/\\\/www.eldiariodetucuman.com\\\/web\\\/#organization\"},\"potentialAction\":[{\"@type\":\"SearchAction\",\"target\":{\"@type\":\"EntryPoint\",\"urlTemplate\":\"https:\\\/\\\/www.eldiariodetucuman.com\\\/web\\\/?s={search_term_string}\"},\"query-input\":{\"@type\":\"PropertyValueSpecification\",\"valueRequired\":true,\"valueName\":\"search_term_string\"}}],\"inLanguage\":\"es\"},{\"@type\":\"Organization\",\"@id\":\"https:\\\/\\\/www.eldiariodetucuman.com\\\/web\\\/#organization\",\"name\":\"El Diario de Tucuman\",\"url\":\"https:\\\/\\\/www.eldiariodetucuman.com\\\/web\\\/\",\"logo\":{\"@type\":\"ImageObject\",\"inLanguage\":\"es\",\"@id\":\"https:\\\/\\\/www.eldiariodetucuman.com\\\/web\\\/#\\\/schema\\\/logo\\\/image\\\/\",\"url\":\"http:\\\/\\\/www.eldiariodetucuman.com\\\/web\\\/wp-content\\\/uploads\\\/2017\\\/12\\\/el-diario-de-tucuman.jpg\",\"contentUrl\":\"http:\\\/\\\/www.eldiariodetucuman.com\\\/web\\\/wp-content\\\/uploads\\\/2017\\\/12\\\/el-diario-de-tucuman.jpg\",\"width\":272,\"height\":92,\"caption\":\"El Diario de Tucuman\"},\"image\":{\"@id\":\"https:\\\/\\\/www.eldiariodetucuman.com\\\/web\\\/#\\\/schema\\\/logo\\\/image\\\/\"}},{\"@type\":\"Person\",\"@id\":\"https:\\\/\\\/www.eldiariodetucuman.com\\\/web\\\/#\\\/schema\\\/person\\\/9250197d75ab5483412e19678b121caa\",\"name\":\"admin\",\"image\":{\"@type\":\"ImageObject\",\"inLanguage\":\"es\",\"@id\":\"https:\\\/\\\/secure.gravatar.com\\\/avatar\\\/c44d117c2be811212c22cb481f6b8384b6873de103fbc49e7a03cc58d7dea4ac?s=96&d=mm&r=g\",\"url\":\"https:\\\/\\\/secure.gravatar.com\\\/avatar\\\/c44d117c2be811212c22cb481f6b8384b6873de103fbc49e7a03cc58d7dea4ac?s=96&d=mm&r=g\",\"contentUrl\":\"https:\\\/\\\/secure.gravatar.com\\\/avatar\\\/c44d117c2be811212c22cb481f6b8384b6873de103fbc49e7a03cc58d7dea4ac?s=96&d=mm&r=g\",\"caption\":\"admin\"},\"url\":\"https:\\\/\\\/www.eldiariodetucuman.com\\\/web\\\/author\\\/admin\\\/\"}]}<\/script>\n<!-- \/ Yoast SEO plugin. -->","yoast_head_json":{"title":"La ruta 321 se ilumina para seguridad de los lule\u00f1os - El Diario de Tucuman","robots":{"index":"index","follow":"follow","max-snippet":"max-snippet:-1","max-image-preview":"max-image-preview:large","max-video-preview":"max-video-preview:-1"},"canonical":"https:\/\/www.eldiariodetucuman.com\/web\/la-ruta-321-se-ilumina-para-seguridad-de-los-lulenos-2\/","og_locale":"es_ES","og_type":"article","og_title":"La ruta 321 se ilumina para seguridad de los lule\u00f1os - El Diario de Tucuman","og_description":"El gobernador, Juan Manzur, visit\u00f3, junto con el vicegobernador, Osvaldo Jaldo, el barrio de Villa del Carmen en Lules para\u00a0supervisar las obras que se realizaron en la escuela parroquial del lugar, la apertura de una calle y ordenamiento urbano de esta, y el centro comunitario de la zona que fue recuperado y remodelado. Despu\u00e9s de [&hellip;]","og_url":"https:\/\/www.eldiariodetucuman.com\/web\/la-ruta-321-se-ilumina-para-seguridad-de-los-lulenos-2\/","og_site_name":"El Diario de Tucuman","article_published_time":"2018-07-31T15:07:46+00:00","article_modified_time":"2018-07-31T15:07:47+00:00","og_image":[{"width":300,"height":166,"url":"https:\/\/www.eldiariodetucuman.com\/web\/wp-content\/uploads\/2018\/07\/d3bee0913f4c210a96cae9e83503a50c.jpeg","type":"image\/jpeg"}],"author":"admin","twitter_card":"summary_large_image","twitter_misc":{"Escrito por":"admin","Tiempo de lectura":"2 minutos"},"schema":{"@context":"https:\/\/schema.org","@graph":[{"@type":"Article","@id":"https:\/\/www.eldiariodetucuman.com\/web\/la-ruta-321-se-ilumina-para-seguridad-de-los-lulenos-2\/#article","isPartOf":{"@id":"https:\/\/www.eldiariodetucuman.com\/web\/la-ruta-321-se-ilumina-para-seguridad-de-los-lulenos-2\/"},"author":{"name":"admin","@id":"https:\/\/www.eldiariodetucuman.com\/web\/#\/schema\/person\/9250197d75ab5483412e19678b121caa"},"headline":"La ruta 321 se ilumina para seguridad de los lule\u00f1os","datePublished":"2018-07-31T15:07:46+00:00","dateModified":"2018-07-31T15:07:47+00:00","mainEntityOfPage":{"@id":"https:\/\/www.eldiariodetucuman.com\/web\/la-ruta-321-se-ilumina-para-seguridad-de-los-lulenos-2\/"},"wordCount":493,"commentCount":0,"publisher":{"@id":"https:\/\/www.eldiariodetucuman.com\/web\/#organization"},"image":{"@id":"https:\/\/www.eldiariodetucuman.com\/web\/la-ruta-321-se-ilumina-para-seguridad-de-los-lulenos-2\/#primaryimage"},"thumbnailUrl":"https:\/\/www.eldiariodetucuman.com\/web\/wp-content\/uploads\/2018\/07\/d3bee0913f4c210a96cae9e83503a50c.jpeg","articleSection":["Politica"],"inLanguage":"es","potentialAction":[{"@type":"CommentAction","name":"Comment","target":["https:\/\/www.eldiariodetucuman.com\/web\/la-ruta-321-se-ilumina-para-seguridad-de-los-lulenos-2\/#respond"]}]},{"@type":"WebPage","@id":"https:\/\/www.eldiariodetucuman.com\/web\/la-ruta-321-se-ilumina-para-seguridad-de-los-lulenos-2\/","url":"https:\/\/www.eldiariodetucuman.com\/web\/la-ruta-321-se-ilumina-para-seguridad-de-los-lulenos-2\/","name":"La ruta 321 se ilumina para seguridad de los lule\u00f1os - El Diario de Tucuman","isPartOf":{"@id":"https:\/\/www.eldiariodetucuman.com\/web\/#website"},"primaryImageOfPage":{"@id":"https:\/\/www.eldiariodetucuman.com\/web\/la-ruta-321-se-ilumina-para-seguridad-de-los-lulenos-2\/#primaryimage"},"image":{"@id":"https:\/\/www.eldiariodetucuman.com\/web\/la-ruta-321-se-ilumina-para-seguridad-de-los-lulenos-2\/#primaryimage"},"thumbnailUrl":"https:\/\/www.eldiariodetucuman.com\/web\/wp-content\/uploads\/2018\/07\/d3bee0913f4c210a96cae9e83503a50c.jpeg","datePublished":"2018-07-31T15:07:46+00:00","dateModified":"2018-07-31T15:07:47+00:00","breadcrumb":{"@id":"https:\/\/www.eldiariodetucuman.com\/web\/la-ruta-321-se-ilumina-para-seguridad-de-los-lulenos-2\/#breadcrumb"},"inLanguage":"es","potentialAction":[{"@type":"ReadAction","target":["https:\/\/www.eldiariodetucuman.com\/web\/la-ruta-321-se-ilumina-para-seguridad-de-los-lulenos-2\/"]}]},{"@type":"ImageObject","inLanguage":"es","@id":"https:\/\/www.eldiariodetucuman.com\/web\/la-ruta-321-se-ilumina-para-seguridad-de-los-lulenos-2\/#primaryimage","url":"https:\/\/www.eldiariodetucuman.com\/web\/wp-content\/uploads\/2018\/07\/d3bee0913f4c210a96cae9e83503a50c.jpeg","contentUrl":"https:\/\/www.eldiariodetucuman.com\/web\/wp-content\/uploads\/2018\/07\/d3bee0913f4c210a96cae9e83503a50c.jpeg","width":300,"height":166},{"@type":"BreadcrumbList","@id":"https:\/\/www.eldiariodetucuman.com\/web\/la-ruta-321-se-ilumina-para-seguridad-de-los-lulenos-2\/#breadcrumb","itemListElement":[{"@type":"ListItem","position":1,"name":"Portada","item":"https:\/\/www.eldiariodetucuman.com\/web\/"},{"@type":"ListItem","position":2,"name":"La ruta 321 se ilumina para seguridad de los lule\u00f1os"}]},{"@type":"WebSite","@id":"https:\/\/www.eldiariodetucuman.com\/web\/#website","url":"https:\/\/www.eldiariodetucuman.com\/web\/","name":"El Diario de Tucuman","description":"Diario Tucuman - Informaci\u00f3n y noticias","publisher":{"@id":"https:\/\/www.eldiariodetucuman.com\/web\/#organization"},"potentialAction":[{"@type":"SearchAction","target":{"@type":"EntryPoint","urlTemplate":"https:\/\/www.eldiariodetucuman.com\/web\/?s={search_term_string}"},"query-input":{"@type":"PropertyValueSpecification","valueRequired":true,"valueName":"search_term_string"}}],"inLanguage":"es"},{"@type":"Organization","@id":"https:\/\/www.eldiariodetucuman.com\/web\/#organization","name":"El Diario de Tucuman","url":"https:\/\/www.eldiariodetucuman.com\/web\/","logo":{"@type":"ImageObject","inLanguage":"es","@id":"https:\/\/www.eldiariodetucuman.com\/web\/#\/schema\/logo\/image\/","url":"http:\/\/www.eldiariodetucuman.com\/web\/wp-content\/uploads\/2017\/12\/el-diario-de-tucuman.jpg","contentUrl":"http:\/\/www.eldiariodetucuman.com\/web\/wp-content\/uploads\/2017\/12\/el-diario-de-tucuman.jpg","width":272,"height":92,"caption":"El Diario de Tucuman"},"image":{"@id":"https:\/\/www.eldiariodetucuman.com\/web\/#\/schema\/logo\/image\/"}},{"@type":"Person","@id":"https:\/\/www.eldiariodetucuman.com\/web\/#\/schema\/person\/9250197d75ab5483412e19678b121caa","name":"admin","image":{"@type":"ImageObject","inLanguage":"es","@id":"https:\/\/secure.gravatar.com\/avatar\/c44d117c2be811212c22cb481f6b8384b6873de103fbc49e7a03cc58d7dea4ac?s=96&d=mm&r=g","url":"https:\/\/secure.gravatar.com\/avatar\/c44d117c2be811212c22cb481f6b8384b6873de103fbc49e7a03cc58d7dea4ac?s=96&d=mm&r=g","contentUrl":"https:\/\/secure.gravatar.com\/avatar\/c44d117c2be811212c22cb481f6b8384b6873de103fbc49e7a03cc58d7dea4ac?s=96&d=mm&r=g","caption":"admin"},"url":"https:\/\/www.eldiariodetucuman.com\/web\/author\/admin\/"}]}},"_links":{"self":[{"href":"https:\/\/www.eldiariodetucuman.com\/web\/wp-json\/wp\/v2\/posts\/14731","targetHints":{"allow":["GET"]}}],"collection":[{"href":"https:\/\/www.eldiariodetucuman.com\/web\/wp-json\/wp\/v2\/posts"}],"about":[{"href":"https:\/\/www.eldiariodetucuman.com\/web\/wp-json\/wp\/v2\/types\/post"}],"author":[{"embeddable":true,"href":"https:\/\/www.eldiariodetucuman.com\/web\/wp-json\/wp\/v2\/users\/1"}],"replies":[{"embeddable":true,"href":"https:\/\/www.eldiariodetucuman.com\/web\/wp-json\/wp\/v2\/comments?post=14731"}],"version-history":[{"count":1,"href":"https:\/\/www.eldiariodetucuman.com\/web\/wp-json\/wp\/v2\/posts\/14731\/revisions"}],"predecessor-version":[{"id":14733,"href":"https:\/\/www.eldiariodetucuman.com\/web\/wp-json\/wp\/v2\/posts\/14731\/revisions\/14733"}],"wp:featuredmedia":[{"embeddable":true,"href":"https:\/\/www.eldiariodetucuman.com\/web\/wp-json\/wp\/v2\/media\/14732"}],"wp:attachment":[{"href":"https:\/\/www.eldiariodetucuman.com\/web\/wp-json\/wp\/v2\/media?parent=14731"}],"wp:term":[{"taxonomy":"category","embeddable":true,"href":"https:\/\/www.eldiariodetucuman.com\/web\/wp-json\/wp\/v2\/categories?post=14731"},{"taxonomy":"post_tag","embeddable":true,"href":"https:\/\/www.eldiariodetucuman.com\/web\/wp-json\/wp\/v2\/tags?post=14731"}],"curies":[{"name":"wp","href":"https:\/\/api.w.org\/{rel}","templated":true}]}}