{"id":14728,"date":"2018-07-31T11:42:00","date_gmt":"2018-07-31T14:42:00","guid":{"rendered":"http:\/\/www.eldiariodetucuman.com\/web\/el-intendente-de-santa-fe-reclamo-%c2%93transparencia%c2%94-a-la-empresa-provincial-de-energia\/"},"modified":"2018-07-31T11:42:02","modified_gmt":"2018-07-31T14:42:02","slug":"el-intendente-de-santa-fe-reclamo-%c2%93transparencia%c2%94-a-la-empresa-provincial-de-energia","status":"publish","type":"post","link":"https:\/\/www.eldiariodetucuman.com\/web\/el-intendente-de-santa-fe-reclamo-%c2%93transparencia%c2%94-a-la-empresa-provincial-de-energia\/","title":{"rendered":"El intendente de Santa Fe reclam\u00f3 \u0093transparencia\u0094 a la Empresa Provincial de Energ\u00eda"},"content":{"rendered":"<div>\n<div readability=\"51.633677991137\">\n<p>El intendente de Santa Fe y dirigente de Cambiemos, <a href=\"https:\/\/www.elintransigente.com\/noticias\/buscar\/?buscar=Jos%E9+Corral\">Jos\u00e9 Corral<\/a>, inst\u00f3 a que la <strong>&#8220;transparencia tienen que darla los organismos p\u00fablicos<\/strong>&#8221;, en relaci\u00f3n al esc\u00e1ndalo de supuestos sobresueldos del directorio de la Empresa Provincial de Energ\u00eda (EPE). &#8220;Hubo una investigaci\u00f3n period\u00edstica del diario La Capital que expuso este fin de semana esos sueldos\u00bb, indic\u00f3, en di\u00e1logo con el programa radial de Marcelo Longobardi.\u00a0<\/p>\n<p>&#8220;<strong>Es una l\u00e1stima que tenga que investigarse para lograr saber la verdad de sueldos<\/strong> que tendr\u00edan que estar publicados en una p\u00e1gina web. Aparente esos 400 y pico mil corresponden al mes de mayo, luego hubo una correcci\u00f3n porque hay un debate p\u00fablico en la provincia instalado sobre el tema porque nos ha llegado a todos una factura muy cara. No se ve como contrapartida un plan de austeridad de la empresa provincial&#8221;, dijo.<\/p>\n<aside class=\"htmlinline \"><ins class=\"adsbygoogle\" data-ad-layout=\"in-article\" data-ad-format=\"fluid\" data-ad-client=\"ca-pub-7781556717282971\" data-ad-slot=\"9383133609\"><\/ins><br \/>\n<\/aside>\n<p>Y agreg\u00f3: &#8220;<strong>Santa Fe y C\u00f3rdoba est\u00e1n en el pelot\u00f3n de las provincias que cobran m\u00e1s cara la energ\u00eda<\/strong>. La empresa provincial no ha tenido un solo plan de recambio a led de las luminarias de la ciudad, eso nos llev\u00f3 a eliminar la cuota de alumbrado. Eso ya no le llega m\u00e1s al vecino, el que paga las ineficiencias, los atrasos tecnol\u00f3gicos y esos privilegios es el vecino cuando paga la factura\u00bb.\u00a0<\/p>\n<p>En ese sentido, advirti\u00f3 que &#8220;<strong>la gente cuando ve publicado estos sueldos, siente mucha bronca<\/strong>&#8221;. \u00abTodos sabemos que importamos energ\u00eda, que la energ\u00eda hay que pagarla, pero no estamos dispuestos a pagar esta ineficiencia. El paso que sigue es que presenten un plan de austeridad, d\u00f3nde est\u00e1n los ahorros, qu\u00e9 cosas van a cambiar. Contin\u00faan entrando a estas empresas los hijos de los empleados, que es inconstitucional\u00bb, manifest\u00f3.\u00a0<\/p>\n<p>En medio de este esc\u00e1ndalo local, a l\u00edder del GEN, Margarita<a href=\"https:\/\/www.elintransigente.com\/politica\/2018\/7\/28\/stolbizer-lifschitz-buscan-socios-para-armar-una-oferta-progresista-502429.html\"> Stolbizer, y el gobernador de Santa Fe, Miguel Lifschitz, se mostraron juntos <\/a>en una reuni\u00f3n pol\u00edtica para analizar la situaci\u00f3n del pa\u00eds, a la que tambi\u00e9n invitaron a potenciales socios en un armado electoral de tinte socialdem\u00f3crata de cara al 2019.<br \/>\n\u00a0<\/p>\n<\/div>\n<\/div>\n<p>Fuente: https:\/\/www.elintransigente.com\/politica\/2018\/7\/31\/el-intendente-de-santa-fe-reclamo-transparencia-la-empresa-provincial-de-energia-502843.html<\/p>\n","protected":false},"excerpt":{"rendered":"<p>El intendente de Santa Fe y dirigente de Cambiemos, Jos\u00e9 Corral, inst\u00f3 a que la &#8220;transparencia tienen que darla los organismos p\u00fablicos&#8221;, en relaci\u00f3n al esc\u00e1ndalo de supuestos sobresueldos del directorio de la Empresa Provincial de Energ\u00eda (EPE). &#8220;Hubo una investigaci\u00f3n period\u00edstica del diario La Capital que expuso este fin de semana esos sueldos\u00bb, indic\u00f3, [&hellip;]<\/p>\n","protected":false},"author":1,"featured_media":14729,"comment_status":"open","ping_status":"closed","sticky":false,"template":"","format":"standard","meta":{"footnotes":""},"categories":[1],"tags":[],"class_list":{"0":"post-14728","1":"post","2":"type-post","3":"status-publish","4":"format-standard","5":"has-post-thumbnail","7":"category-portada"},"yoast_head":"<!-- This site is optimized with the Yoast SEO plugin v27.4 - https:\/\/yoast.com\/product\/yoast-seo-wordpress\/ -->\n<title>El intendente de Santa Fe reclam\u00f3 \u0093transparencia\u0094 a la Empresa Provincial de Energ\u00eda - El Diario de Tucuman<\/title>\n<meta name=\"robots\" content=\"index, follow, max-snippet:-1, max-image-preview:large, max-video-preview:-1\" \/>\n<link rel=\"canonical\" href=\"https:\/\/www.eldiariodetucuman.com\/web\/el-intendente-de-santa-fe-reclamo-\u0093transparencia\u0094-a-la-empresa-provincial-de-energia\/\" \/>\n<meta property=\"og:locale\" content=\"es_ES\" \/>\n<meta property=\"og:type\" content=\"article\" \/>\n<meta property=\"og:title\" content=\"El intendente de Santa Fe reclam\u00f3 \u0093transparencia\u0094 a la Empresa Provincial de Energ\u00eda - El Diario de Tucuman\" \/>\n<meta property=\"og:description\" content=\"El intendente de Santa Fe y dirigente de Cambiemos, Jos\u00e9 Corral, inst\u00f3 a que la &#8220;transparencia tienen que darla los organismos p\u00fablicos&#8221;, en relaci\u00f3n al esc\u00e1ndalo de supuestos sobresueldos del directorio de la Empresa Provincial de Energ\u00eda (EPE). &#8220;Hubo una investigaci\u00f3n period\u00edstica del diario La Capital que expuso este fin de semana esos sueldos\u00bb, indic\u00f3, [&hellip;]\" \/>\n<meta property=\"og:url\" content=\"https:\/\/www.eldiariodetucuman.com\/web\/el-intendente-de-santa-fe-reclamo-\u0093transparencia\u0094-a-la-empresa-provincial-de-energia\/\" \/>\n<meta property=\"og:site_name\" content=\"El Diario de Tucuman\" \/>\n<meta property=\"article:published_time\" content=\"2018-07-31T14:42:00+00:00\" \/>\n<meta property=\"article:modified_time\" content=\"2018-07-31T14:42:02+00:00\" \/>\n<meta property=\"og:image\" content=\"https:\/\/www.eldiariodetucuman.com\/web\/wp-content\/uploads\/2018\/07\/a6a89f2bb239093561f3df8b3683b9c5.jpeg\" \/>\n\t<meta property=\"og:image:width\" content=\"960\" \/>\n\t<meta property=\"og:image:height\" content=\"539\" \/>\n\t<meta property=\"og:image:type\" content=\"image\/jpeg\" \/>\n<meta name=\"author\" content=\"admin\" \/>\n<meta name=\"twitter:card\" content=\"summary_large_image\" \/>\n<meta name=\"twitter:label1\" content=\"Escrito por\" \/>\n\t<meta name=\"twitter:data1\" content=\"admin\" \/>\n\t<meta name=\"twitter:label2\" content=\"Tiempo de lectura\" \/>\n\t<meta name=\"twitter:data2\" content=\"2 minutos\" \/>\n<script type=\"application\/ld+json\" class=\"yoast-schema-graph\">{\"@context\":\"https:\\\/\\\/schema.org\",\"@graph\":[{\"@type\":\"Article\",\"@id\":\"https:\\\/\\\/www.eldiariodetucuman.com\\\/web\\\/el-intendente-de-santa-fe-reclamo-%c2%93transparencia%c2%94-a-la-empresa-provincial-de-energia\\\/#article\",\"isPartOf\":{\"@id\":\"https:\\\/\\\/www.eldiariodetucuman.com\\\/web\\\/el-intendente-de-santa-fe-reclamo-%c2%93transparencia%c2%94-a-la-empresa-provincial-de-energia\\\/\"},\"author\":{\"name\":\"admin\",\"@id\":\"https:\\\/\\\/www.eldiariodetucuman.com\\\/web\\\/#\\\/schema\\\/person\\\/9250197d75ab5483412e19678b121caa\"},\"headline\":\"El intendente de Santa Fe reclam\u00f3 \u0093transparencia\u0094 a la Empresa Provincial de Energ\u00eda\",\"datePublished\":\"2018-07-31T14:42:00+00:00\",\"dateModified\":\"2018-07-31T14:42:02+00:00\",\"mainEntityOfPage\":{\"@id\":\"https:\\\/\\\/www.eldiariodetucuman.com\\\/web\\\/el-intendente-de-santa-fe-reclamo-%c2%93transparencia%c2%94-a-la-empresa-provincial-de-energia\\\/\"},\"wordCount\":383,\"commentCount\":0,\"publisher\":{\"@id\":\"https:\\\/\\\/www.eldiariodetucuman.com\\\/web\\\/#organization\"},\"image\":{\"@id\":\"https:\\\/\\\/www.eldiariodetucuman.com\\\/web\\\/el-intendente-de-santa-fe-reclamo-%c2%93transparencia%c2%94-a-la-empresa-provincial-de-energia\\\/#primaryimage\"},\"thumbnailUrl\":\"https:\\\/\\\/www.eldiariodetucuman.com\\\/web\\\/wp-content\\\/uploads\\\/2018\\\/07\\\/a6a89f2bb239093561f3df8b3683b9c5.jpeg\",\"articleSection\":[\"Portada\"],\"inLanguage\":\"es\",\"potentialAction\":[{\"@type\":\"CommentAction\",\"name\":\"Comment\",\"target\":[\"https:\\\/\\\/www.eldiariodetucuman.com\\\/web\\\/el-intendente-de-santa-fe-reclamo-%c2%93transparencia%c2%94-a-la-empresa-provincial-de-energia\\\/#respond\"]}]},{\"@type\":\"WebPage\",\"@id\":\"https:\\\/\\\/www.eldiariodetucuman.com\\\/web\\\/el-intendente-de-santa-fe-reclamo-%c2%93transparencia%c2%94-a-la-empresa-provincial-de-energia\\\/\",\"url\":\"https:\\\/\\\/www.eldiariodetucuman.com\\\/web\\\/el-intendente-de-santa-fe-reclamo-%c2%93transparencia%c2%94-a-la-empresa-provincial-de-energia\\\/\",\"name\":\"El intendente de Santa Fe reclam\u00f3 \u0093transparencia\u0094 a la Empresa Provincial de Energ\u00eda - El Diario de Tucuman\",\"isPartOf\":{\"@id\":\"https:\\\/\\\/www.eldiariodetucuman.com\\\/web\\\/#website\"},\"primaryImageOfPage\":{\"@id\":\"https:\\\/\\\/www.eldiariodetucuman.com\\\/web\\\/el-intendente-de-santa-fe-reclamo-%c2%93transparencia%c2%94-a-la-empresa-provincial-de-energia\\\/#primaryimage\"},\"image\":{\"@id\":\"https:\\\/\\\/www.eldiariodetucuman.com\\\/web\\\/el-intendente-de-santa-fe-reclamo-%c2%93transparencia%c2%94-a-la-empresa-provincial-de-energia\\\/#primaryimage\"},\"thumbnailUrl\":\"https:\\\/\\\/www.eldiariodetucuman.com\\\/web\\\/wp-content\\\/uploads\\\/2018\\\/07\\\/a6a89f2bb239093561f3df8b3683b9c5.jpeg\",\"datePublished\":\"2018-07-31T14:42:00+00:00\",\"dateModified\":\"2018-07-31T14:42:02+00:00\",\"breadcrumb\":{\"@id\":\"https:\\\/\\\/www.eldiariodetucuman.com\\\/web\\\/el-intendente-de-santa-fe-reclamo-%c2%93transparencia%c2%94-a-la-empresa-provincial-de-energia\\\/#breadcrumb\"},\"inLanguage\":\"es\",\"potentialAction\":[{\"@type\":\"ReadAction\",\"target\":[\"https:\\\/\\\/www.eldiariodetucuman.com\\\/web\\\/el-intendente-de-santa-fe-reclamo-%c2%93transparencia%c2%94-a-la-empresa-provincial-de-energia\\\/\"]}]},{\"@type\":\"ImageObject\",\"inLanguage\":\"es\",\"@id\":\"https:\\\/\\\/www.eldiariodetucuman.com\\\/web\\\/el-intendente-de-santa-fe-reclamo-%c2%93transparencia%c2%94-a-la-empresa-provincial-de-energia\\\/#primaryimage\",\"url\":\"https:\\\/\\\/www.eldiariodetucuman.com\\\/web\\\/wp-content\\\/uploads\\\/2018\\\/07\\\/a6a89f2bb239093561f3df8b3683b9c5.jpeg\",\"contentUrl\":\"https:\\\/\\\/www.eldiariodetucuman.com\\\/web\\\/wp-content\\\/uploads\\\/2018\\\/07\\\/a6a89f2bb239093561f3df8b3683b9c5.jpeg\",\"width\":960,\"height\":539},{\"@type\":\"BreadcrumbList\",\"@id\":\"https:\\\/\\\/www.eldiariodetucuman.com\\\/web\\\/el-intendente-de-santa-fe-reclamo-%c2%93transparencia%c2%94-a-la-empresa-provincial-de-energia\\\/#breadcrumb\",\"itemListElement\":[{\"@type\":\"ListItem\",\"position\":1,\"name\":\"Portada\",\"item\":\"https:\\\/\\\/www.eldiariodetucuman.com\\\/web\\\/\"},{\"@type\":\"ListItem\",\"position\":2,\"name\":\"El intendente de Santa Fe reclam\u00f3 \u0093transparencia\u0094 a la Empresa Provincial de Energ\u00eda\"}]},{\"@type\":\"WebSite\",\"@id\":\"https:\\\/\\\/www.eldiariodetucuman.com\\\/web\\\/#website\",\"url\":\"https:\\\/\\\/www.eldiariodetucuman.com\\\/web\\\/\",\"name\":\"El Diario de Tucuman\",\"description\":\"Diario Tucuman - Informaci\u00f3n y noticias\",\"publisher\":{\"@id\":\"https:\\\/\\\/www.eldiariodetucuman.com\\\/web\\\/#organization\"},\"potentialAction\":[{\"@type\":\"SearchAction\",\"target\":{\"@type\":\"EntryPoint\",\"urlTemplate\":\"https:\\\/\\\/www.eldiariodetucuman.com\\\/web\\\/?s={search_term_string}\"},\"query-input\":{\"@type\":\"PropertyValueSpecification\",\"valueRequired\":true,\"valueName\":\"search_term_string\"}}],\"inLanguage\":\"es\"},{\"@type\":\"Organization\",\"@id\":\"https:\\\/\\\/www.eldiariodetucuman.com\\\/web\\\/#organization\",\"name\":\"El Diario de Tucuman\",\"url\":\"https:\\\/\\\/www.eldiariodetucuman.com\\\/web\\\/\",\"logo\":{\"@type\":\"ImageObject\",\"inLanguage\":\"es\",\"@id\":\"https:\\\/\\\/www.eldiariodetucuman.com\\\/web\\\/#\\\/schema\\\/logo\\\/image\\\/\",\"url\":\"http:\\\/\\\/www.eldiariodetucuman.com\\\/web\\\/wp-content\\\/uploads\\\/2017\\\/12\\\/el-diario-de-tucuman.jpg\",\"contentUrl\":\"http:\\\/\\\/www.eldiariodetucuman.com\\\/web\\\/wp-content\\\/uploads\\\/2017\\\/12\\\/el-diario-de-tucuman.jpg\",\"width\":272,\"height\":92,\"caption\":\"El Diario de Tucuman\"},\"image\":{\"@id\":\"https:\\\/\\\/www.eldiariodetucuman.com\\\/web\\\/#\\\/schema\\\/logo\\\/image\\\/\"}},{\"@type\":\"Person\",\"@id\":\"https:\\\/\\\/www.eldiariodetucuman.com\\\/web\\\/#\\\/schema\\\/person\\\/9250197d75ab5483412e19678b121caa\",\"name\":\"admin\",\"image\":{\"@type\":\"ImageObject\",\"inLanguage\":\"es\",\"@id\":\"https:\\\/\\\/secure.gravatar.com\\\/avatar\\\/c44d117c2be811212c22cb481f6b8384b6873de103fbc49e7a03cc58d7dea4ac?s=96&d=mm&r=g\",\"url\":\"https:\\\/\\\/secure.gravatar.com\\\/avatar\\\/c44d117c2be811212c22cb481f6b8384b6873de103fbc49e7a03cc58d7dea4ac?s=96&d=mm&r=g\",\"contentUrl\":\"https:\\\/\\\/secure.gravatar.com\\\/avatar\\\/c44d117c2be811212c22cb481f6b8384b6873de103fbc49e7a03cc58d7dea4ac?s=96&d=mm&r=g\",\"caption\":\"admin\"},\"url\":\"https:\\\/\\\/www.eldiariodetucuman.com\\\/web\\\/author\\\/admin\\\/\"}]}<\/script>\n<!-- \/ Yoast SEO plugin. -->","yoast_head_json":{"title":"El intendente de Santa Fe reclam\u00f3 \u0093transparencia\u0094 a la Empresa Provincial de Energ\u00eda - El Diario de Tucuman","robots":{"index":"index","follow":"follow","max-snippet":"max-snippet:-1","max-image-preview":"max-image-preview:large","max-video-preview":"max-video-preview:-1"},"canonical":"https:\/\/www.eldiariodetucuman.com\/web\/el-intendente-de-santa-fe-reclamo-\u0093transparencia\u0094-a-la-empresa-provincial-de-energia\/","og_locale":"es_ES","og_type":"article","og_title":"El intendente de Santa Fe reclam\u00f3 \u0093transparencia\u0094 a la Empresa Provincial de Energ\u00eda - El Diario de Tucuman","og_description":"El intendente de Santa Fe y dirigente de Cambiemos, Jos\u00e9 Corral, inst\u00f3 a que la &#8220;transparencia tienen que darla los organismos p\u00fablicos&#8221;, en relaci\u00f3n al esc\u00e1ndalo de supuestos sobresueldos del directorio de la Empresa Provincial de Energ\u00eda (EPE). &#8220;Hubo una investigaci\u00f3n period\u00edstica del diario La Capital que expuso este fin de semana esos sueldos\u00bb, indic\u00f3, [&hellip;]","og_url":"https:\/\/www.eldiariodetucuman.com\/web\/el-intendente-de-santa-fe-reclamo-\u0093transparencia\u0094-a-la-empresa-provincial-de-energia\/","og_site_name":"El Diario de Tucuman","article_published_time":"2018-07-31T14:42:00+00:00","article_modified_time":"2018-07-31T14:42:02+00:00","og_image":[{"width":960,"height":539,"url":"https:\/\/www.eldiariodetucuman.com\/web\/wp-content\/uploads\/2018\/07\/a6a89f2bb239093561f3df8b3683b9c5.jpeg","type":"image\/jpeg"}],"author":"admin","twitter_card":"summary_large_image","twitter_misc":{"Escrito por":"admin","Tiempo de lectura":"2 minutos"},"schema":{"@context":"https:\/\/schema.org","@graph":[{"@type":"Article","@id":"https:\/\/www.eldiariodetucuman.com\/web\/el-intendente-de-santa-fe-reclamo-%c2%93transparencia%c2%94-a-la-empresa-provincial-de-energia\/#article","isPartOf":{"@id":"https:\/\/www.eldiariodetucuman.com\/web\/el-intendente-de-santa-fe-reclamo-%c2%93transparencia%c2%94-a-la-empresa-provincial-de-energia\/"},"author":{"name":"admin","@id":"https:\/\/www.eldiariodetucuman.com\/web\/#\/schema\/person\/9250197d75ab5483412e19678b121caa"},"headline":"El intendente de Santa Fe reclam\u00f3 \u0093transparencia\u0094 a la Empresa Provincial de Energ\u00eda","datePublished":"2018-07-31T14:42:00+00:00","dateModified":"2018-07-31T14:42:02+00:00","mainEntityOfPage":{"@id":"https:\/\/www.eldiariodetucuman.com\/web\/el-intendente-de-santa-fe-reclamo-%c2%93transparencia%c2%94-a-la-empresa-provincial-de-energia\/"},"wordCount":383,"commentCount":0,"publisher":{"@id":"https:\/\/www.eldiariodetucuman.com\/web\/#organization"},"image":{"@id":"https:\/\/www.eldiariodetucuman.com\/web\/el-intendente-de-santa-fe-reclamo-%c2%93transparencia%c2%94-a-la-empresa-provincial-de-energia\/#primaryimage"},"thumbnailUrl":"https:\/\/www.eldiariodetucuman.com\/web\/wp-content\/uploads\/2018\/07\/a6a89f2bb239093561f3df8b3683b9c5.jpeg","articleSection":["Portada"],"inLanguage":"es","potentialAction":[{"@type":"CommentAction","name":"Comment","target":["https:\/\/www.eldiariodetucuman.com\/web\/el-intendente-de-santa-fe-reclamo-%c2%93transparencia%c2%94-a-la-empresa-provincial-de-energia\/#respond"]}]},{"@type":"WebPage","@id":"https:\/\/www.eldiariodetucuman.com\/web\/el-intendente-de-santa-fe-reclamo-%c2%93transparencia%c2%94-a-la-empresa-provincial-de-energia\/","url":"https:\/\/www.eldiariodetucuman.com\/web\/el-intendente-de-santa-fe-reclamo-%c2%93transparencia%c2%94-a-la-empresa-provincial-de-energia\/","name":"El intendente de Santa Fe reclam\u00f3 \u0093transparencia\u0094 a la Empresa Provincial de Energ\u00eda - El Diario de Tucuman","isPartOf":{"@id":"https:\/\/www.eldiariodetucuman.com\/web\/#website"},"primaryImageOfPage":{"@id":"https:\/\/www.eldiariodetucuman.com\/web\/el-intendente-de-santa-fe-reclamo-%c2%93transparencia%c2%94-a-la-empresa-provincial-de-energia\/#primaryimage"},"image":{"@id":"https:\/\/www.eldiariodetucuman.com\/web\/el-intendente-de-santa-fe-reclamo-%c2%93transparencia%c2%94-a-la-empresa-provincial-de-energia\/#primaryimage"},"thumbnailUrl":"https:\/\/www.eldiariodetucuman.com\/web\/wp-content\/uploads\/2018\/07\/a6a89f2bb239093561f3df8b3683b9c5.jpeg","datePublished":"2018-07-31T14:42:00+00:00","dateModified":"2018-07-31T14:42:02+00:00","breadcrumb":{"@id":"https:\/\/www.eldiariodetucuman.com\/web\/el-intendente-de-santa-fe-reclamo-%c2%93transparencia%c2%94-a-la-empresa-provincial-de-energia\/#breadcrumb"},"inLanguage":"es","potentialAction":[{"@type":"ReadAction","target":["https:\/\/www.eldiariodetucuman.com\/web\/el-intendente-de-santa-fe-reclamo-%c2%93transparencia%c2%94-a-la-empresa-provincial-de-energia\/"]}]},{"@type":"ImageObject","inLanguage":"es","@id":"https:\/\/www.eldiariodetucuman.com\/web\/el-intendente-de-santa-fe-reclamo-%c2%93transparencia%c2%94-a-la-empresa-provincial-de-energia\/#primaryimage","url":"https:\/\/www.eldiariodetucuman.com\/web\/wp-content\/uploads\/2018\/07\/a6a89f2bb239093561f3df8b3683b9c5.jpeg","contentUrl":"https:\/\/www.eldiariodetucuman.com\/web\/wp-content\/uploads\/2018\/07\/a6a89f2bb239093561f3df8b3683b9c5.jpeg","width":960,"height":539},{"@type":"BreadcrumbList","@id":"https:\/\/www.eldiariodetucuman.com\/web\/el-intendente-de-santa-fe-reclamo-%c2%93transparencia%c2%94-a-la-empresa-provincial-de-energia\/#breadcrumb","itemListElement":[{"@type":"ListItem","position":1,"name":"Portada","item":"https:\/\/www.eldiariodetucuman.com\/web\/"},{"@type":"ListItem","position":2,"name":"El intendente de Santa Fe reclam\u00f3 \u0093transparencia\u0094 a la Empresa Provincial de Energ\u00eda"}]},{"@type":"WebSite","@id":"https:\/\/www.eldiariodetucuman.com\/web\/#website","url":"https:\/\/www.eldiariodetucuman.com\/web\/","name":"El Diario de Tucuman","description":"Diario Tucuman - Informaci\u00f3n y noticias","publisher":{"@id":"https:\/\/www.eldiariodetucuman.com\/web\/#organization"},"potentialAction":[{"@type":"SearchAction","target":{"@type":"EntryPoint","urlTemplate":"https:\/\/www.eldiariodetucuman.com\/web\/?s={search_term_string}"},"query-input":{"@type":"PropertyValueSpecification","valueRequired":true,"valueName":"search_term_string"}}],"inLanguage":"es"},{"@type":"Organization","@id":"https:\/\/www.eldiariodetucuman.com\/web\/#organization","name":"El Diario de Tucuman","url":"https:\/\/www.eldiariodetucuman.com\/web\/","logo":{"@type":"ImageObject","inLanguage":"es","@id":"https:\/\/www.eldiariodetucuman.com\/web\/#\/schema\/logo\/image\/","url":"http:\/\/www.eldiariodetucuman.com\/web\/wp-content\/uploads\/2017\/12\/el-diario-de-tucuman.jpg","contentUrl":"http:\/\/www.eldiariodetucuman.com\/web\/wp-content\/uploads\/2017\/12\/el-diario-de-tucuman.jpg","width":272,"height":92,"caption":"El Diario de Tucuman"},"image":{"@id":"https:\/\/www.eldiariodetucuman.com\/web\/#\/schema\/logo\/image\/"}},{"@type":"Person","@id":"https:\/\/www.eldiariodetucuman.com\/web\/#\/schema\/person\/9250197d75ab5483412e19678b121caa","name":"admin","image":{"@type":"ImageObject","inLanguage":"es","@id":"https:\/\/secure.gravatar.com\/avatar\/c44d117c2be811212c22cb481f6b8384b6873de103fbc49e7a03cc58d7dea4ac?s=96&d=mm&r=g","url":"https:\/\/secure.gravatar.com\/avatar\/c44d117c2be811212c22cb481f6b8384b6873de103fbc49e7a03cc58d7dea4ac?s=96&d=mm&r=g","contentUrl":"https:\/\/secure.gravatar.com\/avatar\/c44d117c2be811212c22cb481f6b8384b6873de103fbc49e7a03cc58d7dea4ac?s=96&d=mm&r=g","caption":"admin"},"url":"https:\/\/www.eldiariodetucuman.com\/web\/author\/admin\/"}]}},"_links":{"self":[{"href":"https:\/\/www.eldiariodetucuman.com\/web\/wp-json\/wp\/v2\/posts\/14728","targetHints":{"allow":["GET"]}}],"collection":[{"href":"https:\/\/www.eldiariodetucuman.com\/web\/wp-json\/wp\/v2\/posts"}],"about":[{"href":"https:\/\/www.eldiariodetucuman.com\/web\/wp-json\/wp\/v2\/types\/post"}],"author":[{"embeddable":true,"href":"https:\/\/www.eldiariodetucuman.com\/web\/wp-json\/wp\/v2\/users\/1"}],"replies":[{"embeddable":true,"href":"https:\/\/www.eldiariodetucuman.com\/web\/wp-json\/wp\/v2\/comments?post=14728"}],"version-history":[{"count":1,"href":"https:\/\/www.eldiariodetucuman.com\/web\/wp-json\/wp\/v2\/posts\/14728\/revisions"}],"predecessor-version":[{"id":14730,"href":"https:\/\/www.eldiariodetucuman.com\/web\/wp-json\/wp\/v2\/posts\/14728\/revisions\/14730"}],"wp:featuredmedia":[{"embeddable":true,"href":"https:\/\/www.eldiariodetucuman.com\/web\/wp-json\/wp\/v2\/media\/14729"}],"wp:attachment":[{"href":"https:\/\/www.eldiariodetucuman.com\/web\/wp-json\/wp\/v2\/media?parent=14728"}],"wp:term":[{"taxonomy":"category","embeddable":true,"href":"https:\/\/www.eldiariodetucuman.com\/web\/wp-json\/wp\/v2\/categories?post=14728"},{"taxonomy":"post_tag","embeddable":true,"href":"https:\/\/www.eldiariodetucuman.com\/web\/wp-json\/wp\/v2\/tags?post=14728"}],"curies":[{"name":"wp","href":"https:\/\/api.w.org\/{rel}","templated":true}]}}