{"id":14725,"date":"2018-07-31T11:41:53","date_gmt":"2018-07-31T14:41:53","guid":{"rendered":"http:\/\/www.eldiariodetucuman.com\/web\/reforma-de-las-fuerzas-armadas-no-puede-resolverse-por-decreto%c2%94\/"},"modified":"2018-07-31T11:41:55","modified_gmt":"2018-07-31T14:41:55","slug":"reforma-de-las-fuerzas-armadas-no-puede-resolverse-por-decreto%c2%94","status":"publish","type":"post","link":"https:\/\/www.eldiariodetucuman.com\/web\/reforma-de-las-fuerzas-armadas-no-puede-resolverse-por-decreto%c2%94\/","title":{"rendered":"Reforma de las Fuerzas Armadas: \u00abNo puede resolverse por decreto\u0094"},"content":{"rendered":"<div>\n<div readability=\"47.31968503937\">\n<p>El presidente de la Convenci\u00f3n Nacional de la Uni\u00f3n C\u00edvica Radical, <a href=\"https:\/\/www.elintransigente.com\/noticias\/buscar\/?buscar=Jorge+Sappia\">Jorge Sappia<\/a>, opin\u00f3 sobre la medida dispuesta por el presidente Mauricio Macri, en relaci\u00f3n a las <a href=\"https:\/\/www.elintransigente.com\/noticias\/buscar\/?buscar=Fuerzas+Armadas\">Fuerzas Armadas<\/a>. \u00abEl rol de las FFAA es un tema que sensibiliza a los argentinos&#8221;, indic\u00f3 el referente radical, durante una entrevista realizada esta ma\u00f1ana en el programa radial de Gustavo Sylvestre.\u00a0<\/p>\n<p>&#8220;<strong>No estoy de acuerdo con el procedimiento <\/strong>utilizado por el poder ejecutivo, no puede resolverse por decreto y salido de un d\u00eda para otro de la Casa Rosada. Hay cicatrices que no han terminado de cerrar producto del accionar de la conducci\u00f3n de las Fuerzas Armadas.<strong>Hay que tener mucho cuidado cuando se trata de esta tem\u00e1tica<\/strong>, nos ponemos todos en guardia\u00bb, indic\u00f3 Sappia.<\/p>\n<aside class=\"htmlinline \"><ins class=\"adsbygoogle\" data-ad-layout=\"in-article\" data-ad-format=\"fluid\" data-ad-client=\"ca-pub-7781556717282971\" data-ad-slot=\"9383133609\"><\/ins><br \/>\n<\/aside>\n<p>Y afirm\u00f3: &#8220;Tiene que ser motivo de un debate largo, profundo y sereno donde participen todos los partidos del pa\u00eds. El debate se debe dar en el parlamento, es un error garrafal del gobierno. No est\u00e1 claro si se van a disponer 4000 efectivos en el norte del pa\u00eds. En el a\u00f1o 2013 se mandaron 1400, si mal no recuerdo se llamaba Escudo del norte. <strong>No queda claro que va a pasar si detienen narcotraficantes cruzando la frontera <\/strong>tampoco\u00bb.<\/p>\n<p>En esa misma l\u00ednea, el referente se pregunt\u00f3: &#8220;\u00bfQu\u00e9 intervenci\u00f3n va a tener la Direcci\u00f3n Nacional de Migraciones? \u00bfQue tiene que hacer la Administraci\u00f3n de Aduanas? \u00bfLa AFIP?\u00bb. En tanto, al ser consultado sobre el silencio que mantuvieron otros compa\u00f1eros de la agrupaci\u00f3n, sobre todo Mario Negri, se limit\u00f3 a decir. &#8220;Qu\u00e9 hacen otros correligionarios entra en un terreno subjetivo en el que no puedo opinar\u00bb.<\/p>\n<p>\u00abNo han cuestionado la adhesi\u00f3n al Fondo Monetario Internacional, no han cuestionado el decreto de asignaciones. Me parece que hay un error esencial.<strong> Las autoridades de mi partido, deber\u00edan pronunciarse<\/strong> en este sentido\u00bb, concluy\u00f3 Sappia, durante la entrevista otorgada esta ma\u00f1ana.\u00a0<\/p>\n<\/div>\n<\/div>\n<p>Fuente: https:\/\/www.elintransigente.com\/politica\/2018\/7\/31\/reforma-de-las-fuerzas-armadas-no-puede-resolverse-por-decreto-502845.html<\/p>\n","protected":false},"excerpt":{"rendered":"<p>El presidente de la Convenci\u00f3n Nacional de la Uni\u00f3n C\u00edvica Radical, Jorge Sappia, opin\u00f3 sobre la medida dispuesta por el presidente Mauricio Macri, en relaci\u00f3n a las Fuerzas Armadas. \u00abEl rol de las FFAA es un tema que sensibiliza a los argentinos&#8221;, indic\u00f3 el referente radical, durante una entrevista realizada esta ma\u00f1ana en el programa [&hellip;]<\/p>\n","protected":false},"author":1,"featured_media":14726,"comment_status":"open","ping_status":"closed","sticky":false,"template":"","format":"standard","meta":{"footnotes":""},"categories":[1],"tags":[],"class_list":{"0":"post-14725","1":"post","2":"type-post","3":"status-publish","4":"format-standard","5":"has-post-thumbnail","7":"category-portada"},"yoast_head":"<!-- This site is optimized with the Yoast SEO plugin v27.4 - https:\/\/yoast.com\/product\/yoast-seo-wordpress\/ -->\n<title>Reforma de las Fuerzas Armadas: &quot;No puede resolverse por decreto\u0094 - El Diario de Tucuman<\/title>\n<meta name=\"robots\" content=\"index, follow, max-snippet:-1, max-image-preview:large, max-video-preview:-1\" \/>\n<link rel=\"canonical\" href=\"https:\/\/www.eldiariodetucuman.com\/web\/reforma-de-las-fuerzas-armadas-no-puede-resolverse-por-decreto\u0094\/\" \/>\n<meta property=\"og:locale\" content=\"es_ES\" \/>\n<meta property=\"og:type\" content=\"article\" \/>\n<meta property=\"og:title\" content=\"Reforma de las Fuerzas Armadas: &quot;No puede resolverse por decreto\u0094 - El Diario de Tucuman\" \/>\n<meta property=\"og:description\" content=\"El presidente de la Convenci\u00f3n Nacional de la Uni\u00f3n C\u00edvica Radical, Jorge Sappia, opin\u00f3 sobre la medida dispuesta por el presidente Mauricio Macri, en relaci\u00f3n a las Fuerzas Armadas. \u00abEl rol de las FFAA es un tema que sensibiliza a los argentinos&#8221;, indic\u00f3 el referente radical, durante una entrevista realizada esta ma\u00f1ana en el programa [&hellip;]\" \/>\n<meta property=\"og:url\" content=\"https:\/\/www.eldiariodetucuman.com\/web\/reforma-de-las-fuerzas-armadas-no-puede-resolverse-por-decreto\u0094\/\" \/>\n<meta property=\"og:site_name\" content=\"El Diario de Tucuman\" \/>\n<meta property=\"article:published_time\" content=\"2018-07-31T14:41:53+00:00\" \/>\n<meta property=\"article:modified_time\" content=\"2018-07-31T14:41:55+00:00\" \/>\n<meta property=\"og:image\" content=\"https:\/\/www.eldiariodetucuman.com\/web\/wp-content\/uploads\/2018\/07\/f6a6f5f1165dc7d5c6b11bcd9a3fb672.jpeg\" \/>\n\t<meta property=\"og:image:width\" content=\"960\" \/>\n\t<meta property=\"og:image:height\" content=\"620\" \/>\n\t<meta property=\"og:image:type\" content=\"image\/jpeg\" \/>\n<meta name=\"author\" content=\"admin\" \/>\n<meta name=\"twitter:card\" content=\"summary_large_image\" \/>\n<meta name=\"twitter:label1\" content=\"Escrito por\" \/>\n\t<meta name=\"twitter:data1\" content=\"admin\" \/>\n\t<meta name=\"twitter:label2\" content=\"Tiempo de lectura\" \/>\n\t<meta name=\"twitter:data2\" content=\"2 minutos\" \/>\n<script type=\"application\/ld+json\" class=\"yoast-schema-graph\">{\"@context\":\"https:\\\/\\\/schema.org\",\"@graph\":[{\"@type\":\"Article\",\"@id\":\"https:\\\/\\\/www.eldiariodetucuman.com\\\/web\\\/reforma-de-las-fuerzas-armadas-no-puede-resolverse-por-decreto%c2%94\\\/#article\",\"isPartOf\":{\"@id\":\"https:\\\/\\\/www.eldiariodetucuman.com\\\/web\\\/reforma-de-las-fuerzas-armadas-no-puede-resolverse-por-decreto%c2%94\\\/\"},\"author\":{\"name\":\"admin\",\"@id\":\"https:\\\/\\\/www.eldiariodetucuman.com\\\/web\\\/#\\\/schema\\\/person\\\/9250197d75ab5483412e19678b121caa\"},\"headline\":\"Reforma de las Fuerzas Armadas: \u00abNo puede resolverse por decreto\u0094\",\"datePublished\":\"2018-07-31T14:41:53+00:00\",\"dateModified\":\"2018-07-31T14:41:55+00:00\",\"mainEntityOfPage\":{\"@id\":\"https:\\\/\\\/www.eldiariodetucuman.com\\\/web\\\/reforma-de-las-fuerzas-armadas-no-puede-resolverse-por-decreto%c2%94\\\/\"},\"wordCount\":344,\"commentCount\":0,\"publisher\":{\"@id\":\"https:\\\/\\\/www.eldiariodetucuman.com\\\/web\\\/#organization\"},\"image\":{\"@id\":\"https:\\\/\\\/www.eldiariodetucuman.com\\\/web\\\/reforma-de-las-fuerzas-armadas-no-puede-resolverse-por-decreto%c2%94\\\/#primaryimage\"},\"thumbnailUrl\":\"https:\\\/\\\/www.eldiariodetucuman.com\\\/web\\\/wp-content\\\/uploads\\\/2018\\\/07\\\/f6a6f5f1165dc7d5c6b11bcd9a3fb672.jpeg\",\"articleSection\":[\"Portada\"],\"inLanguage\":\"es\",\"potentialAction\":[{\"@type\":\"CommentAction\",\"name\":\"Comment\",\"target\":[\"https:\\\/\\\/www.eldiariodetucuman.com\\\/web\\\/reforma-de-las-fuerzas-armadas-no-puede-resolverse-por-decreto%c2%94\\\/#respond\"]}]},{\"@type\":\"WebPage\",\"@id\":\"https:\\\/\\\/www.eldiariodetucuman.com\\\/web\\\/reforma-de-las-fuerzas-armadas-no-puede-resolverse-por-decreto%c2%94\\\/\",\"url\":\"https:\\\/\\\/www.eldiariodetucuman.com\\\/web\\\/reforma-de-las-fuerzas-armadas-no-puede-resolverse-por-decreto%c2%94\\\/\",\"name\":\"Reforma de las Fuerzas Armadas: \\\"No puede resolverse por decreto\u0094 - El Diario de Tucuman\",\"isPartOf\":{\"@id\":\"https:\\\/\\\/www.eldiariodetucuman.com\\\/web\\\/#website\"},\"primaryImageOfPage\":{\"@id\":\"https:\\\/\\\/www.eldiariodetucuman.com\\\/web\\\/reforma-de-las-fuerzas-armadas-no-puede-resolverse-por-decreto%c2%94\\\/#primaryimage\"},\"image\":{\"@id\":\"https:\\\/\\\/www.eldiariodetucuman.com\\\/web\\\/reforma-de-las-fuerzas-armadas-no-puede-resolverse-por-decreto%c2%94\\\/#primaryimage\"},\"thumbnailUrl\":\"https:\\\/\\\/www.eldiariodetucuman.com\\\/web\\\/wp-content\\\/uploads\\\/2018\\\/07\\\/f6a6f5f1165dc7d5c6b11bcd9a3fb672.jpeg\",\"datePublished\":\"2018-07-31T14:41:53+00:00\",\"dateModified\":\"2018-07-31T14:41:55+00:00\",\"breadcrumb\":{\"@id\":\"https:\\\/\\\/www.eldiariodetucuman.com\\\/web\\\/reforma-de-las-fuerzas-armadas-no-puede-resolverse-por-decreto%c2%94\\\/#breadcrumb\"},\"inLanguage\":\"es\",\"potentialAction\":[{\"@type\":\"ReadAction\",\"target\":[\"https:\\\/\\\/www.eldiariodetucuman.com\\\/web\\\/reforma-de-las-fuerzas-armadas-no-puede-resolverse-por-decreto%c2%94\\\/\"]}]},{\"@type\":\"ImageObject\",\"inLanguage\":\"es\",\"@id\":\"https:\\\/\\\/www.eldiariodetucuman.com\\\/web\\\/reforma-de-las-fuerzas-armadas-no-puede-resolverse-por-decreto%c2%94\\\/#primaryimage\",\"url\":\"https:\\\/\\\/www.eldiariodetucuman.com\\\/web\\\/wp-content\\\/uploads\\\/2018\\\/07\\\/f6a6f5f1165dc7d5c6b11bcd9a3fb672.jpeg\",\"contentUrl\":\"https:\\\/\\\/www.eldiariodetucuman.com\\\/web\\\/wp-content\\\/uploads\\\/2018\\\/07\\\/f6a6f5f1165dc7d5c6b11bcd9a3fb672.jpeg\",\"width\":960,\"height\":620},{\"@type\":\"BreadcrumbList\",\"@id\":\"https:\\\/\\\/www.eldiariodetucuman.com\\\/web\\\/reforma-de-las-fuerzas-armadas-no-puede-resolverse-por-decreto%c2%94\\\/#breadcrumb\",\"itemListElement\":[{\"@type\":\"ListItem\",\"position\":1,\"name\":\"Portada\",\"item\":\"https:\\\/\\\/www.eldiariodetucuman.com\\\/web\\\/\"},{\"@type\":\"ListItem\",\"position\":2,\"name\":\"Reforma de las Fuerzas Armadas: \u00abNo puede resolverse por decreto\u0094\"}]},{\"@type\":\"WebSite\",\"@id\":\"https:\\\/\\\/www.eldiariodetucuman.com\\\/web\\\/#website\",\"url\":\"https:\\\/\\\/www.eldiariodetucuman.com\\\/web\\\/\",\"name\":\"El Diario de Tucuman\",\"description\":\"Diario Tucuman - Informaci\u00f3n y noticias\",\"publisher\":{\"@id\":\"https:\\\/\\\/www.eldiariodetucuman.com\\\/web\\\/#organization\"},\"potentialAction\":[{\"@type\":\"SearchAction\",\"target\":{\"@type\":\"EntryPoint\",\"urlTemplate\":\"https:\\\/\\\/www.eldiariodetucuman.com\\\/web\\\/?s={search_term_string}\"},\"query-input\":{\"@type\":\"PropertyValueSpecification\",\"valueRequired\":true,\"valueName\":\"search_term_string\"}}],\"inLanguage\":\"es\"},{\"@type\":\"Organization\",\"@id\":\"https:\\\/\\\/www.eldiariodetucuman.com\\\/web\\\/#organization\",\"name\":\"El Diario de Tucuman\",\"url\":\"https:\\\/\\\/www.eldiariodetucuman.com\\\/web\\\/\",\"logo\":{\"@type\":\"ImageObject\",\"inLanguage\":\"es\",\"@id\":\"https:\\\/\\\/www.eldiariodetucuman.com\\\/web\\\/#\\\/schema\\\/logo\\\/image\\\/\",\"url\":\"http:\\\/\\\/www.eldiariodetucuman.com\\\/web\\\/wp-content\\\/uploads\\\/2017\\\/12\\\/el-diario-de-tucuman.jpg\",\"contentUrl\":\"http:\\\/\\\/www.eldiariodetucuman.com\\\/web\\\/wp-content\\\/uploads\\\/2017\\\/12\\\/el-diario-de-tucuman.jpg\",\"width\":272,\"height\":92,\"caption\":\"El Diario de Tucuman\"},\"image\":{\"@id\":\"https:\\\/\\\/www.eldiariodetucuman.com\\\/web\\\/#\\\/schema\\\/logo\\\/image\\\/\"}},{\"@type\":\"Person\",\"@id\":\"https:\\\/\\\/www.eldiariodetucuman.com\\\/web\\\/#\\\/schema\\\/person\\\/9250197d75ab5483412e19678b121caa\",\"name\":\"admin\",\"image\":{\"@type\":\"ImageObject\",\"inLanguage\":\"es\",\"@id\":\"https:\\\/\\\/secure.gravatar.com\\\/avatar\\\/c44d117c2be811212c22cb481f6b8384b6873de103fbc49e7a03cc58d7dea4ac?s=96&d=mm&r=g\",\"url\":\"https:\\\/\\\/secure.gravatar.com\\\/avatar\\\/c44d117c2be811212c22cb481f6b8384b6873de103fbc49e7a03cc58d7dea4ac?s=96&d=mm&r=g\",\"contentUrl\":\"https:\\\/\\\/secure.gravatar.com\\\/avatar\\\/c44d117c2be811212c22cb481f6b8384b6873de103fbc49e7a03cc58d7dea4ac?s=96&d=mm&r=g\",\"caption\":\"admin\"},\"url\":\"https:\\\/\\\/www.eldiariodetucuman.com\\\/web\\\/author\\\/admin\\\/\"}]}<\/script>\n<!-- \/ Yoast SEO plugin. -->","yoast_head_json":{"title":"Reforma de las Fuerzas Armadas: \"No puede resolverse por decreto\u0094 - El Diario de Tucuman","robots":{"index":"index","follow":"follow","max-snippet":"max-snippet:-1","max-image-preview":"max-image-preview:large","max-video-preview":"max-video-preview:-1"},"canonical":"https:\/\/www.eldiariodetucuman.com\/web\/reforma-de-las-fuerzas-armadas-no-puede-resolverse-por-decreto\u0094\/","og_locale":"es_ES","og_type":"article","og_title":"Reforma de las Fuerzas Armadas: \"No puede resolverse por decreto\u0094 - El Diario de Tucuman","og_description":"El presidente de la Convenci\u00f3n Nacional de la Uni\u00f3n C\u00edvica Radical, Jorge Sappia, opin\u00f3 sobre la medida dispuesta por el presidente Mauricio Macri, en relaci\u00f3n a las Fuerzas Armadas. \u00abEl rol de las FFAA es un tema que sensibiliza a los argentinos&#8221;, indic\u00f3 el referente radical, durante una entrevista realizada esta ma\u00f1ana en el programa [&hellip;]","og_url":"https:\/\/www.eldiariodetucuman.com\/web\/reforma-de-las-fuerzas-armadas-no-puede-resolverse-por-decreto\u0094\/","og_site_name":"El Diario de Tucuman","article_published_time":"2018-07-31T14:41:53+00:00","article_modified_time":"2018-07-31T14:41:55+00:00","og_image":[{"width":960,"height":620,"url":"https:\/\/www.eldiariodetucuman.com\/web\/wp-content\/uploads\/2018\/07\/f6a6f5f1165dc7d5c6b11bcd9a3fb672.jpeg","type":"image\/jpeg"}],"author":"admin","twitter_card":"summary_large_image","twitter_misc":{"Escrito por":"admin","Tiempo de lectura":"2 minutos"},"schema":{"@context":"https:\/\/schema.org","@graph":[{"@type":"Article","@id":"https:\/\/www.eldiariodetucuman.com\/web\/reforma-de-las-fuerzas-armadas-no-puede-resolverse-por-decreto%c2%94\/#article","isPartOf":{"@id":"https:\/\/www.eldiariodetucuman.com\/web\/reforma-de-las-fuerzas-armadas-no-puede-resolverse-por-decreto%c2%94\/"},"author":{"name":"admin","@id":"https:\/\/www.eldiariodetucuman.com\/web\/#\/schema\/person\/9250197d75ab5483412e19678b121caa"},"headline":"Reforma de las Fuerzas Armadas: \u00abNo puede resolverse por decreto\u0094","datePublished":"2018-07-31T14:41:53+00:00","dateModified":"2018-07-31T14:41:55+00:00","mainEntityOfPage":{"@id":"https:\/\/www.eldiariodetucuman.com\/web\/reforma-de-las-fuerzas-armadas-no-puede-resolverse-por-decreto%c2%94\/"},"wordCount":344,"commentCount":0,"publisher":{"@id":"https:\/\/www.eldiariodetucuman.com\/web\/#organization"},"image":{"@id":"https:\/\/www.eldiariodetucuman.com\/web\/reforma-de-las-fuerzas-armadas-no-puede-resolverse-por-decreto%c2%94\/#primaryimage"},"thumbnailUrl":"https:\/\/www.eldiariodetucuman.com\/web\/wp-content\/uploads\/2018\/07\/f6a6f5f1165dc7d5c6b11bcd9a3fb672.jpeg","articleSection":["Portada"],"inLanguage":"es","potentialAction":[{"@type":"CommentAction","name":"Comment","target":["https:\/\/www.eldiariodetucuman.com\/web\/reforma-de-las-fuerzas-armadas-no-puede-resolverse-por-decreto%c2%94\/#respond"]}]},{"@type":"WebPage","@id":"https:\/\/www.eldiariodetucuman.com\/web\/reforma-de-las-fuerzas-armadas-no-puede-resolverse-por-decreto%c2%94\/","url":"https:\/\/www.eldiariodetucuman.com\/web\/reforma-de-las-fuerzas-armadas-no-puede-resolverse-por-decreto%c2%94\/","name":"Reforma de las Fuerzas Armadas: \"No puede resolverse por decreto\u0094 - El Diario de Tucuman","isPartOf":{"@id":"https:\/\/www.eldiariodetucuman.com\/web\/#website"},"primaryImageOfPage":{"@id":"https:\/\/www.eldiariodetucuman.com\/web\/reforma-de-las-fuerzas-armadas-no-puede-resolverse-por-decreto%c2%94\/#primaryimage"},"image":{"@id":"https:\/\/www.eldiariodetucuman.com\/web\/reforma-de-las-fuerzas-armadas-no-puede-resolverse-por-decreto%c2%94\/#primaryimage"},"thumbnailUrl":"https:\/\/www.eldiariodetucuman.com\/web\/wp-content\/uploads\/2018\/07\/f6a6f5f1165dc7d5c6b11bcd9a3fb672.jpeg","datePublished":"2018-07-31T14:41:53+00:00","dateModified":"2018-07-31T14:41:55+00:00","breadcrumb":{"@id":"https:\/\/www.eldiariodetucuman.com\/web\/reforma-de-las-fuerzas-armadas-no-puede-resolverse-por-decreto%c2%94\/#breadcrumb"},"inLanguage":"es","potentialAction":[{"@type":"ReadAction","target":["https:\/\/www.eldiariodetucuman.com\/web\/reforma-de-las-fuerzas-armadas-no-puede-resolverse-por-decreto%c2%94\/"]}]},{"@type":"ImageObject","inLanguage":"es","@id":"https:\/\/www.eldiariodetucuman.com\/web\/reforma-de-las-fuerzas-armadas-no-puede-resolverse-por-decreto%c2%94\/#primaryimage","url":"https:\/\/www.eldiariodetucuman.com\/web\/wp-content\/uploads\/2018\/07\/f6a6f5f1165dc7d5c6b11bcd9a3fb672.jpeg","contentUrl":"https:\/\/www.eldiariodetucuman.com\/web\/wp-content\/uploads\/2018\/07\/f6a6f5f1165dc7d5c6b11bcd9a3fb672.jpeg","width":960,"height":620},{"@type":"BreadcrumbList","@id":"https:\/\/www.eldiariodetucuman.com\/web\/reforma-de-las-fuerzas-armadas-no-puede-resolverse-por-decreto%c2%94\/#breadcrumb","itemListElement":[{"@type":"ListItem","position":1,"name":"Portada","item":"https:\/\/www.eldiariodetucuman.com\/web\/"},{"@type":"ListItem","position":2,"name":"Reforma de las Fuerzas Armadas: \u00abNo puede resolverse por decreto\u0094"}]},{"@type":"WebSite","@id":"https:\/\/www.eldiariodetucuman.com\/web\/#website","url":"https:\/\/www.eldiariodetucuman.com\/web\/","name":"El Diario de Tucuman","description":"Diario Tucuman - Informaci\u00f3n y noticias","publisher":{"@id":"https:\/\/www.eldiariodetucuman.com\/web\/#organization"},"potentialAction":[{"@type":"SearchAction","target":{"@type":"EntryPoint","urlTemplate":"https:\/\/www.eldiariodetucuman.com\/web\/?s={search_term_string}"},"query-input":{"@type":"PropertyValueSpecification","valueRequired":true,"valueName":"search_term_string"}}],"inLanguage":"es"},{"@type":"Organization","@id":"https:\/\/www.eldiariodetucuman.com\/web\/#organization","name":"El Diario de Tucuman","url":"https:\/\/www.eldiariodetucuman.com\/web\/","logo":{"@type":"ImageObject","inLanguage":"es","@id":"https:\/\/www.eldiariodetucuman.com\/web\/#\/schema\/logo\/image\/","url":"http:\/\/www.eldiariodetucuman.com\/web\/wp-content\/uploads\/2017\/12\/el-diario-de-tucuman.jpg","contentUrl":"http:\/\/www.eldiariodetucuman.com\/web\/wp-content\/uploads\/2017\/12\/el-diario-de-tucuman.jpg","width":272,"height":92,"caption":"El Diario de Tucuman"},"image":{"@id":"https:\/\/www.eldiariodetucuman.com\/web\/#\/schema\/logo\/image\/"}},{"@type":"Person","@id":"https:\/\/www.eldiariodetucuman.com\/web\/#\/schema\/person\/9250197d75ab5483412e19678b121caa","name":"admin","image":{"@type":"ImageObject","inLanguage":"es","@id":"https:\/\/secure.gravatar.com\/avatar\/c44d117c2be811212c22cb481f6b8384b6873de103fbc49e7a03cc58d7dea4ac?s=96&d=mm&r=g","url":"https:\/\/secure.gravatar.com\/avatar\/c44d117c2be811212c22cb481f6b8384b6873de103fbc49e7a03cc58d7dea4ac?s=96&d=mm&r=g","contentUrl":"https:\/\/secure.gravatar.com\/avatar\/c44d117c2be811212c22cb481f6b8384b6873de103fbc49e7a03cc58d7dea4ac?s=96&d=mm&r=g","caption":"admin"},"url":"https:\/\/www.eldiariodetucuman.com\/web\/author\/admin\/"}]}},"_links":{"self":[{"href":"https:\/\/www.eldiariodetucuman.com\/web\/wp-json\/wp\/v2\/posts\/14725","targetHints":{"allow":["GET"]}}],"collection":[{"href":"https:\/\/www.eldiariodetucuman.com\/web\/wp-json\/wp\/v2\/posts"}],"about":[{"href":"https:\/\/www.eldiariodetucuman.com\/web\/wp-json\/wp\/v2\/types\/post"}],"author":[{"embeddable":true,"href":"https:\/\/www.eldiariodetucuman.com\/web\/wp-json\/wp\/v2\/users\/1"}],"replies":[{"embeddable":true,"href":"https:\/\/www.eldiariodetucuman.com\/web\/wp-json\/wp\/v2\/comments?post=14725"}],"version-history":[{"count":1,"href":"https:\/\/www.eldiariodetucuman.com\/web\/wp-json\/wp\/v2\/posts\/14725\/revisions"}],"predecessor-version":[{"id":14727,"href":"https:\/\/www.eldiariodetucuman.com\/web\/wp-json\/wp\/v2\/posts\/14725\/revisions\/14727"}],"wp:featuredmedia":[{"embeddable":true,"href":"https:\/\/www.eldiariodetucuman.com\/web\/wp-json\/wp\/v2\/media\/14726"}],"wp:attachment":[{"href":"https:\/\/www.eldiariodetucuman.com\/web\/wp-json\/wp\/v2\/media?parent=14725"}],"wp:term":[{"taxonomy":"category","embeddable":true,"href":"https:\/\/www.eldiariodetucuman.com\/web\/wp-json\/wp\/v2\/categories?post=14725"},{"taxonomy":"post_tag","embeddable":true,"href":"https:\/\/www.eldiariodetucuman.com\/web\/wp-json\/wp\/v2\/tags?post=14725"}],"curies":[{"name":"wp","href":"https:\/\/api.w.org\/{rel}","templated":true}]}}