{"id":14722,"date":"2018-07-31T11:41:44","date_gmt":"2018-07-31T14:41:44","guid":{"rendered":"http:\/\/www.eldiariodetucuman.com\/web\/trasladan-500-militares-y-ponen-en-marcha-la-reforma\/"},"modified":"2018-07-31T11:41:46","modified_gmt":"2018-07-31T14:41:46","slug":"trasladan-500-militares-y-ponen-en-marcha-la-reforma","status":"publish","type":"post","link":"https:\/\/www.eldiariodetucuman.com\/web\/trasladan-500-militares-y-ponen-en-marcha-la-reforma\/","title":{"rendered":"Trasladan 500 militares y ponen en marcha la reforma"},"content":{"rendered":"<div>\n<div readability=\"38.437837837838\">\n<p>El 1\u00ba de agosto se pondr\u00e1 en marcha la<strong> <a href=\"https:\/\/www.elintransigente.com\/politica\/2018\/7\/31\/el-gobierno-oficializo-el-plan-de-reforma-de-las-fuerzas-armadas-502821.html\">reforma militar<\/a><\/strong> con el traslado de <strong>500 efectivos <\/strong>a la <strong>frontera norte <\/strong>para apoyar a Gendarmer\u00eda y Prefectura en su lucha contra el <strong>narcotr\u00e1fico<\/strong>. Los efectivos <a href=\"https:\/\/www.elintransigente.com\/politica\/2018\/7\/31\/reforma-de-las-fuerzas-armadas-no-puede-resolverse-por-decreto-502845.html\">militares <\/a>s\u00f3lo podr\u00e1n involucrarse en tareas log\u00edsticas y su presencia ser\u00e1 con fines de disuasi\u00f3n, es decir que no podr\u00e1n intervenir en los conflictos directos con los delincuentes.<\/p>\n<p>La decisi\u00f3n la tom\u00f3 el Presidente Mauricio Macri junto a su ministro de Defensa, Oscar Aguad, sin embargo el plan de traslado est\u00e1 dirigido por la ministra de Seguridad, Patricia Bullrich. Se espera que antes de fin de a\u00f1o sean <strong>4.000<\/strong> los efectivos militares en la frontera con Paraguay, Bolivia y Brasil. En esta primera tanda se trasladar\u00e1n 450 efectivos del<strong> Ej\u00e9rcito<\/strong>, 40 pilotos y mec\u00e1nicos de las <strong>Fuerzas A\u00e9reas<\/strong>, 8 helic\u00f3pteros y 2 aviones A4AR.<\/p>\n<aside class=\"htmlinline \"><ins class=\"adsbygoogle\" data-ad-layout=\"in-article\" data-ad-format=\"fluid\" data-ad-client=\"ca-pub-7781556717282971\" data-ad-slot=\"9383133609\"><\/ins><br \/>\n<\/aside>\n<p>Los efectivos trasladados ir\u00e1n acompa\u00f1ados de sensores, drones, radares terrestres y equipos de comunicaci\u00f3n. El equipo de la Fuerza A\u00e9rea instalaran un sistema de control de radares y tendr\u00e1 a 200 personas trabajando de forma operativo durante las 24 horas.<\/p>\n<p>En un futuro se espera que el ministro Aguad traslade desde la frontera a 660 efectivos hacia el conurbano bonaerense. Adem\u00e1s se planea crear un fuerza de despliegue r\u00e1pido con 10.000 uniformados que puedan trasladarse a diferentes puntos del pa\u00eds en menos de 24 horas para dar apoyo a las dem\u00e1s fuerzas de seguridad.<\/p>\n<p>Hasta el momento no se prev\u00e9 participaci\u00f3n de la Armada Argentina en los operativos.<\/p>\n<p>El objetivo de estos traslados es controlar el narcotr\u00e1fico de cocina y marihuana que transita por la frontera norte, principal corredor narco.<\/p>\n<\/div>\n<\/div>\n<p>Fuente: https:\/\/www.elintransigente.com\/politica\/2018\/7\/31\/trasladan-500-militares-ponen-en-marcha-la-reforma-502850.html<\/p>\n","protected":false},"excerpt":{"rendered":"<p>El 1\u00ba de agosto se pondr\u00e1 en marcha la reforma militar con el traslado de 500 efectivos a la frontera norte para apoyar a Gendarmer\u00eda y Prefectura en su lucha contra el narcotr\u00e1fico. Los efectivos militares s\u00f3lo podr\u00e1n involucrarse en tareas log\u00edsticas y su presencia ser\u00e1 con fines de disuasi\u00f3n, es decir que no podr\u00e1n [&hellip;]<\/p>\n","protected":false},"author":1,"featured_media":14723,"comment_status":"open","ping_status":"closed","sticky":false,"template":"","format":"standard","meta":{"footnotes":""},"categories":[1],"tags":[],"class_list":{"0":"post-14722","1":"post","2":"type-post","3":"status-publish","4":"format-standard","5":"has-post-thumbnail","7":"category-portada"},"yoast_head":"<!-- This site is optimized with the Yoast SEO plugin v27.4 - https:\/\/yoast.com\/product\/yoast-seo-wordpress\/ -->\n<title>Trasladan 500 militares y ponen en marcha la reforma - El Diario de Tucuman<\/title>\n<meta name=\"robots\" content=\"index, follow, max-snippet:-1, max-image-preview:large, max-video-preview:-1\" \/>\n<link rel=\"canonical\" href=\"https:\/\/www.eldiariodetucuman.com\/web\/trasladan-500-militares-y-ponen-en-marcha-la-reforma\/\" \/>\n<meta property=\"og:locale\" content=\"es_ES\" \/>\n<meta property=\"og:type\" content=\"article\" \/>\n<meta property=\"og:title\" content=\"Trasladan 500 militares y ponen en marcha la reforma - El Diario de Tucuman\" \/>\n<meta property=\"og:description\" content=\"El 1\u00ba de agosto se pondr\u00e1 en marcha la reforma militar con el traslado de 500 efectivos a la frontera norte para apoyar a Gendarmer\u00eda y Prefectura en su lucha contra el narcotr\u00e1fico. Los efectivos militares s\u00f3lo podr\u00e1n involucrarse en tareas log\u00edsticas y su presencia ser\u00e1 con fines de disuasi\u00f3n, es decir que no podr\u00e1n [&hellip;]\" \/>\n<meta property=\"og:url\" content=\"https:\/\/www.eldiariodetucuman.com\/web\/trasladan-500-militares-y-ponen-en-marcha-la-reforma\/\" \/>\n<meta property=\"og:site_name\" content=\"El Diario de Tucuman\" \/>\n<meta property=\"article:published_time\" content=\"2018-07-31T14:41:44+00:00\" \/>\n<meta property=\"article:modified_time\" content=\"2018-07-31T14:41:46+00:00\" \/>\n<meta property=\"og:image\" content=\"https:\/\/www.eldiariodetucuman.com\/web\/wp-content\/uploads\/2018\/07\/f206573f4f46a168fd0d06f24c107ae1.jpeg\" \/>\n\t<meta property=\"og:image:width\" content=\"960\" \/>\n\t<meta property=\"og:image:height\" content=\"539\" \/>\n\t<meta property=\"og:image:type\" content=\"image\/jpeg\" \/>\n<meta name=\"author\" content=\"admin\" \/>\n<meta name=\"twitter:card\" content=\"summary_large_image\" \/>\n<meta name=\"twitter:label1\" content=\"Escrito por\" \/>\n\t<meta name=\"twitter:data1\" content=\"admin\" \/>\n\t<meta name=\"twitter:label2\" content=\"Tiempo de lectura\" \/>\n\t<meta name=\"twitter:data2\" content=\"1 minuto\" \/>\n<script type=\"application\/ld+json\" class=\"yoast-schema-graph\">{\"@context\":\"https:\\\/\\\/schema.org\",\"@graph\":[{\"@type\":\"Article\",\"@id\":\"https:\\\/\\\/www.eldiariodetucuman.com\\\/web\\\/trasladan-500-militares-y-ponen-en-marcha-la-reforma\\\/#article\",\"isPartOf\":{\"@id\":\"https:\\\/\\\/www.eldiariodetucuman.com\\\/web\\\/trasladan-500-militares-y-ponen-en-marcha-la-reforma\\\/\"},\"author\":{\"name\":\"admin\",\"@id\":\"https:\\\/\\\/www.eldiariodetucuman.com\\\/web\\\/#\\\/schema\\\/person\\\/9250197d75ab5483412e19678b121caa\"},\"headline\":\"Trasladan 500 militares y ponen en marcha la reforma\",\"datePublished\":\"2018-07-31T14:41:44+00:00\",\"dateModified\":\"2018-07-31T14:41:46+00:00\",\"mainEntityOfPage\":{\"@id\":\"https:\\\/\\\/www.eldiariodetucuman.com\\\/web\\\/trasladan-500-militares-y-ponen-en-marcha-la-reforma\\\/\"},\"wordCount\":299,\"commentCount\":0,\"publisher\":{\"@id\":\"https:\\\/\\\/www.eldiariodetucuman.com\\\/web\\\/#organization\"},\"image\":{\"@id\":\"https:\\\/\\\/www.eldiariodetucuman.com\\\/web\\\/trasladan-500-militares-y-ponen-en-marcha-la-reforma\\\/#primaryimage\"},\"thumbnailUrl\":\"https:\\\/\\\/www.eldiariodetucuman.com\\\/web\\\/wp-content\\\/uploads\\\/2018\\\/07\\\/f206573f4f46a168fd0d06f24c107ae1.jpeg\",\"articleSection\":[\"Portada\"],\"inLanguage\":\"es\",\"potentialAction\":[{\"@type\":\"CommentAction\",\"name\":\"Comment\",\"target\":[\"https:\\\/\\\/www.eldiariodetucuman.com\\\/web\\\/trasladan-500-militares-y-ponen-en-marcha-la-reforma\\\/#respond\"]}]},{\"@type\":\"WebPage\",\"@id\":\"https:\\\/\\\/www.eldiariodetucuman.com\\\/web\\\/trasladan-500-militares-y-ponen-en-marcha-la-reforma\\\/\",\"url\":\"https:\\\/\\\/www.eldiariodetucuman.com\\\/web\\\/trasladan-500-militares-y-ponen-en-marcha-la-reforma\\\/\",\"name\":\"Trasladan 500 militares y ponen en marcha la reforma - El Diario de Tucuman\",\"isPartOf\":{\"@id\":\"https:\\\/\\\/www.eldiariodetucuman.com\\\/web\\\/#website\"},\"primaryImageOfPage\":{\"@id\":\"https:\\\/\\\/www.eldiariodetucuman.com\\\/web\\\/trasladan-500-militares-y-ponen-en-marcha-la-reforma\\\/#primaryimage\"},\"image\":{\"@id\":\"https:\\\/\\\/www.eldiariodetucuman.com\\\/web\\\/trasladan-500-militares-y-ponen-en-marcha-la-reforma\\\/#primaryimage\"},\"thumbnailUrl\":\"https:\\\/\\\/www.eldiariodetucuman.com\\\/web\\\/wp-content\\\/uploads\\\/2018\\\/07\\\/f206573f4f46a168fd0d06f24c107ae1.jpeg\",\"datePublished\":\"2018-07-31T14:41:44+00:00\",\"dateModified\":\"2018-07-31T14:41:46+00:00\",\"breadcrumb\":{\"@id\":\"https:\\\/\\\/www.eldiariodetucuman.com\\\/web\\\/trasladan-500-militares-y-ponen-en-marcha-la-reforma\\\/#breadcrumb\"},\"inLanguage\":\"es\",\"potentialAction\":[{\"@type\":\"ReadAction\",\"target\":[\"https:\\\/\\\/www.eldiariodetucuman.com\\\/web\\\/trasladan-500-militares-y-ponen-en-marcha-la-reforma\\\/\"]}]},{\"@type\":\"ImageObject\",\"inLanguage\":\"es\",\"@id\":\"https:\\\/\\\/www.eldiariodetucuman.com\\\/web\\\/trasladan-500-militares-y-ponen-en-marcha-la-reforma\\\/#primaryimage\",\"url\":\"https:\\\/\\\/www.eldiariodetucuman.com\\\/web\\\/wp-content\\\/uploads\\\/2018\\\/07\\\/f206573f4f46a168fd0d06f24c107ae1.jpeg\",\"contentUrl\":\"https:\\\/\\\/www.eldiariodetucuman.com\\\/web\\\/wp-content\\\/uploads\\\/2018\\\/07\\\/f206573f4f46a168fd0d06f24c107ae1.jpeg\",\"width\":960,\"height\":539},{\"@type\":\"BreadcrumbList\",\"@id\":\"https:\\\/\\\/www.eldiariodetucuman.com\\\/web\\\/trasladan-500-militares-y-ponen-en-marcha-la-reforma\\\/#breadcrumb\",\"itemListElement\":[{\"@type\":\"ListItem\",\"position\":1,\"name\":\"Portada\",\"item\":\"https:\\\/\\\/www.eldiariodetucuman.com\\\/web\\\/\"},{\"@type\":\"ListItem\",\"position\":2,\"name\":\"Trasladan 500 militares y ponen en marcha la reforma\"}]},{\"@type\":\"WebSite\",\"@id\":\"https:\\\/\\\/www.eldiariodetucuman.com\\\/web\\\/#website\",\"url\":\"https:\\\/\\\/www.eldiariodetucuman.com\\\/web\\\/\",\"name\":\"El Diario de Tucuman\",\"description\":\"Diario Tucuman - Informaci\u00f3n y noticias\",\"publisher\":{\"@id\":\"https:\\\/\\\/www.eldiariodetucuman.com\\\/web\\\/#organization\"},\"potentialAction\":[{\"@type\":\"SearchAction\",\"target\":{\"@type\":\"EntryPoint\",\"urlTemplate\":\"https:\\\/\\\/www.eldiariodetucuman.com\\\/web\\\/?s={search_term_string}\"},\"query-input\":{\"@type\":\"PropertyValueSpecification\",\"valueRequired\":true,\"valueName\":\"search_term_string\"}}],\"inLanguage\":\"es\"},{\"@type\":\"Organization\",\"@id\":\"https:\\\/\\\/www.eldiariodetucuman.com\\\/web\\\/#organization\",\"name\":\"El Diario de Tucuman\",\"url\":\"https:\\\/\\\/www.eldiariodetucuman.com\\\/web\\\/\",\"logo\":{\"@type\":\"ImageObject\",\"inLanguage\":\"es\",\"@id\":\"https:\\\/\\\/www.eldiariodetucuman.com\\\/web\\\/#\\\/schema\\\/logo\\\/image\\\/\",\"url\":\"http:\\\/\\\/www.eldiariodetucuman.com\\\/web\\\/wp-content\\\/uploads\\\/2017\\\/12\\\/el-diario-de-tucuman.jpg\",\"contentUrl\":\"http:\\\/\\\/www.eldiariodetucuman.com\\\/web\\\/wp-content\\\/uploads\\\/2017\\\/12\\\/el-diario-de-tucuman.jpg\",\"width\":272,\"height\":92,\"caption\":\"El Diario de Tucuman\"},\"image\":{\"@id\":\"https:\\\/\\\/www.eldiariodetucuman.com\\\/web\\\/#\\\/schema\\\/logo\\\/image\\\/\"}},{\"@type\":\"Person\",\"@id\":\"https:\\\/\\\/www.eldiariodetucuman.com\\\/web\\\/#\\\/schema\\\/person\\\/9250197d75ab5483412e19678b121caa\",\"name\":\"admin\",\"image\":{\"@type\":\"ImageObject\",\"inLanguage\":\"es\",\"@id\":\"https:\\\/\\\/secure.gravatar.com\\\/avatar\\\/c44d117c2be811212c22cb481f6b8384b6873de103fbc49e7a03cc58d7dea4ac?s=96&d=mm&r=g\",\"url\":\"https:\\\/\\\/secure.gravatar.com\\\/avatar\\\/c44d117c2be811212c22cb481f6b8384b6873de103fbc49e7a03cc58d7dea4ac?s=96&d=mm&r=g\",\"contentUrl\":\"https:\\\/\\\/secure.gravatar.com\\\/avatar\\\/c44d117c2be811212c22cb481f6b8384b6873de103fbc49e7a03cc58d7dea4ac?s=96&d=mm&r=g\",\"caption\":\"admin\"},\"url\":\"https:\\\/\\\/www.eldiariodetucuman.com\\\/web\\\/author\\\/admin\\\/\"}]}<\/script>\n<!-- \/ Yoast SEO plugin. -->","yoast_head_json":{"title":"Trasladan 500 militares y ponen en marcha la reforma - El Diario de Tucuman","robots":{"index":"index","follow":"follow","max-snippet":"max-snippet:-1","max-image-preview":"max-image-preview:large","max-video-preview":"max-video-preview:-1"},"canonical":"https:\/\/www.eldiariodetucuman.com\/web\/trasladan-500-militares-y-ponen-en-marcha-la-reforma\/","og_locale":"es_ES","og_type":"article","og_title":"Trasladan 500 militares y ponen en marcha la reforma - El Diario de Tucuman","og_description":"El 1\u00ba de agosto se pondr\u00e1 en marcha la reforma militar con el traslado de 500 efectivos a la frontera norte para apoyar a Gendarmer\u00eda y Prefectura en su lucha contra el narcotr\u00e1fico. Los efectivos militares s\u00f3lo podr\u00e1n involucrarse en tareas log\u00edsticas y su presencia ser\u00e1 con fines de disuasi\u00f3n, es decir que no podr\u00e1n [&hellip;]","og_url":"https:\/\/www.eldiariodetucuman.com\/web\/trasladan-500-militares-y-ponen-en-marcha-la-reforma\/","og_site_name":"El Diario de Tucuman","article_published_time":"2018-07-31T14:41:44+00:00","article_modified_time":"2018-07-31T14:41:46+00:00","og_image":[{"width":960,"height":539,"url":"https:\/\/www.eldiariodetucuman.com\/web\/wp-content\/uploads\/2018\/07\/f206573f4f46a168fd0d06f24c107ae1.jpeg","type":"image\/jpeg"}],"author":"admin","twitter_card":"summary_large_image","twitter_misc":{"Escrito por":"admin","Tiempo de lectura":"1 minuto"},"schema":{"@context":"https:\/\/schema.org","@graph":[{"@type":"Article","@id":"https:\/\/www.eldiariodetucuman.com\/web\/trasladan-500-militares-y-ponen-en-marcha-la-reforma\/#article","isPartOf":{"@id":"https:\/\/www.eldiariodetucuman.com\/web\/trasladan-500-militares-y-ponen-en-marcha-la-reforma\/"},"author":{"name":"admin","@id":"https:\/\/www.eldiariodetucuman.com\/web\/#\/schema\/person\/9250197d75ab5483412e19678b121caa"},"headline":"Trasladan 500 militares y ponen en marcha la reforma","datePublished":"2018-07-31T14:41:44+00:00","dateModified":"2018-07-31T14:41:46+00:00","mainEntityOfPage":{"@id":"https:\/\/www.eldiariodetucuman.com\/web\/trasladan-500-militares-y-ponen-en-marcha-la-reforma\/"},"wordCount":299,"commentCount":0,"publisher":{"@id":"https:\/\/www.eldiariodetucuman.com\/web\/#organization"},"image":{"@id":"https:\/\/www.eldiariodetucuman.com\/web\/trasladan-500-militares-y-ponen-en-marcha-la-reforma\/#primaryimage"},"thumbnailUrl":"https:\/\/www.eldiariodetucuman.com\/web\/wp-content\/uploads\/2018\/07\/f206573f4f46a168fd0d06f24c107ae1.jpeg","articleSection":["Portada"],"inLanguage":"es","potentialAction":[{"@type":"CommentAction","name":"Comment","target":["https:\/\/www.eldiariodetucuman.com\/web\/trasladan-500-militares-y-ponen-en-marcha-la-reforma\/#respond"]}]},{"@type":"WebPage","@id":"https:\/\/www.eldiariodetucuman.com\/web\/trasladan-500-militares-y-ponen-en-marcha-la-reforma\/","url":"https:\/\/www.eldiariodetucuman.com\/web\/trasladan-500-militares-y-ponen-en-marcha-la-reforma\/","name":"Trasladan 500 militares y ponen en marcha la reforma - El Diario de Tucuman","isPartOf":{"@id":"https:\/\/www.eldiariodetucuman.com\/web\/#website"},"primaryImageOfPage":{"@id":"https:\/\/www.eldiariodetucuman.com\/web\/trasladan-500-militares-y-ponen-en-marcha-la-reforma\/#primaryimage"},"image":{"@id":"https:\/\/www.eldiariodetucuman.com\/web\/trasladan-500-militares-y-ponen-en-marcha-la-reforma\/#primaryimage"},"thumbnailUrl":"https:\/\/www.eldiariodetucuman.com\/web\/wp-content\/uploads\/2018\/07\/f206573f4f46a168fd0d06f24c107ae1.jpeg","datePublished":"2018-07-31T14:41:44+00:00","dateModified":"2018-07-31T14:41:46+00:00","breadcrumb":{"@id":"https:\/\/www.eldiariodetucuman.com\/web\/trasladan-500-militares-y-ponen-en-marcha-la-reforma\/#breadcrumb"},"inLanguage":"es","potentialAction":[{"@type":"ReadAction","target":["https:\/\/www.eldiariodetucuman.com\/web\/trasladan-500-militares-y-ponen-en-marcha-la-reforma\/"]}]},{"@type":"ImageObject","inLanguage":"es","@id":"https:\/\/www.eldiariodetucuman.com\/web\/trasladan-500-militares-y-ponen-en-marcha-la-reforma\/#primaryimage","url":"https:\/\/www.eldiariodetucuman.com\/web\/wp-content\/uploads\/2018\/07\/f206573f4f46a168fd0d06f24c107ae1.jpeg","contentUrl":"https:\/\/www.eldiariodetucuman.com\/web\/wp-content\/uploads\/2018\/07\/f206573f4f46a168fd0d06f24c107ae1.jpeg","width":960,"height":539},{"@type":"BreadcrumbList","@id":"https:\/\/www.eldiariodetucuman.com\/web\/trasladan-500-militares-y-ponen-en-marcha-la-reforma\/#breadcrumb","itemListElement":[{"@type":"ListItem","position":1,"name":"Portada","item":"https:\/\/www.eldiariodetucuman.com\/web\/"},{"@type":"ListItem","position":2,"name":"Trasladan 500 militares y ponen en marcha la reforma"}]},{"@type":"WebSite","@id":"https:\/\/www.eldiariodetucuman.com\/web\/#website","url":"https:\/\/www.eldiariodetucuman.com\/web\/","name":"El Diario de Tucuman","description":"Diario Tucuman - Informaci\u00f3n y noticias","publisher":{"@id":"https:\/\/www.eldiariodetucuman.com\/web\/#organization"},"potentialAction":[{"@type":"SearchAction","target":{"@type":"EntryPoint","urlTemplate":"https:\/\/www.eldiariodetucuman.com\/web\/?s={search_term_string}"},"query-input":{"@type":"PropertyValueSpecification","valueRequired":true,"valueName":"search_term_string"}}],"inLanguage":"es"},{"@type":"Organization","@id":"https:\/\/www.eldiariodetucuman.com\/web\/#organization","name":"El Diario de Tucuman","url":"https:\/\/www.eldiariodetucuman.com\/web\/","logo":{"@type":"ImageObject","inLanguage":"es","@id":"https:\/\/www.eldiariodetucuman.com\/web\/#\/schema\/logo\/image\/","url":"http:\/\/www.eldiariodetucuman.com\/web\/wp-content\/uploads\/2017\/12\/el-diario-de-tucuman.jpg","contentUrl":"http:\/\/www.eldiariodetucuman.com\/web\/wp-content\/uploads\/2017\/12\/el-diario-de-tucuman.jpg","width":272,"height":92,"caption":"El Diario de Tucuman"},"image":{"@id":"https:\/\/www.eldiariodetucuman.com\/web\/#\/schema\/logo\/image\/"}},{"@type":"Person","@id":"https:\/\/www.eldiariodetucuman.com\/web\/#\/schema\/person\/9250197d75ab5483412e19678b121caa","name":"admin","image":{"@type":"ImageObject","inLanguage":"es","@id":"https:\/\/secure.gravatar.com\/avatar\/c44d117c2be811212c22cb481f6b8384b6873de103fbc49e7a03cc58d7dea4ac?s=96&d=mm&r=g","url":"https:\/\/secure.gravatar.com\/avatar\/c44d117c2be811212c22cb481f6b8384b6873de103fbc49e7a03cc58d7dea4ac?s=96&d=mm&r=g","contentUrl":"https:\/\/secure.gravatar.com\/avatar\/c44d117c2be811212c22cb481f6b8384b6873de103fbc49e7a03cc58d7dea4ac?s=96&d=mm&r=g","caption":"admin"},"url":"https:\/\/www.eldiariodetucuman.com\/web\/author\/admin\/"}]}},"_links":{"self":[{"href":"https:\/\/www.eldiariodetucuman.com\/web\/wp-json\/wp\/v2\/posts\/14722","targetHints":{"allow":["GET"]}}],"collection":[{"href":"https:\/\/www.eldiariodetucuman.com\/web\/wp-json\/wp\/v2\/posts"}],"about":[{"href":"https:\/\/www.eldiariodetucuman.com\/web\/wp-json\/wp\/v2\/types\/post"}],"author":[{"embeddable":true,"href":"https:\/\/www.eldiariodetucuman.com\/web\/wp-json\/wp\/v2\/users\/1"}],"replies":[{"embeddable":true,"href":"https:\/\/www.eldiariodetucuman.com\/web\/wp-json\/wp\/v2\/comments?post=14722"}],"version-history":[{"count":1,"href":"https:\/\/www.eldiariodetucuman.com\/web\/wp-json\/wp\/v2\/posts\/14722\/revisions"}],"predecessor-version":[{"id":14724,"href":"https:\/\/www.eldiariodetucuman.com\/web\/wp-json\/wp\/v2\/posts\/14722\/revisions\/14724"}],"wp:featuredmedia":[{"embeddable":true,"href":"https:\/\/www.eldiariodetucuman.com\/web\/wp-json\/wp\/v2\/media\/14723"}],"wp:attachment":[{"href":"https:\/\/www.eldiariodetucuman.com\/web\/wp-json\/wp\/v2\/media?parent=14722"}],"wp:term":[{"taxonomy":"category","embeddable":true,"href":"https:\/\/www.eldiariodetucuman.com\/web\/wp-json\/wp\/v2\/categories?post=14722"},{"taxonomy":"post_tag","embeddable":true,"href":"https:\/\/www.eldiariodetucuman.com\/web\/wp-json\/wp\/v2\/tags?post=14722"}],"curies":[{"name":"wp","href":"https:\/\/api.w.org\/{rel}","templated":true}]}}