{"id":14718,"date":"2018-07-31T11:37:21","date_gmt":"2018-07-31T14:37:21","guid":{"rendered":"http:\/\/www.eldiariodetucuman.com\/web\/?p=14718"},"modified":"2018-07-31T11:41:08","modified_gmt":"2018-07-31T14:41:08","slug":"por-la-crisis-cierra-el-arbol-de-galeano","status":"publish","type":"post","link":"https:\/\/www.eldiariodetucuman.com\/web\/por-la-crisis-cierra-el-arbol-de-galeano\/","title":{"rendered":"Por la crisis, cierra \u00abEl \u00c1rbol de Galeano\u00bb"},"content":{"rendered":"<div class=\"col-lg-12 col-md-12 col-sm-12\">\n<p>Esta ser\u00e1 la \u00faltima noche. Una factura de luz, de $60.000, fue lo que impuls\u00f3 a su due\u00f1o al cierre definitivo; arrastra tambi\u00e9n a la sala de teatro.<\/p>\n<\/div>\n<p><!--more--><\/p>\n<div id=\"parent_1\" class=\"col-lg-8 col-md-12 col-sm-12\">\n<div class=\"image\">\n<div class=\"icons\">La noticia fue publicada por La Gaceta y r\u00e1pidamente alcanz\u00f3 a miles de tucumanos conmovidos por el anuncio.<\/div>\n<div class=\"imgFoot\">\n<p>No va m\u00e1s. Los n\u00fameros no cierran y las perspectivas a futuro son todav\u00edas m\u00e1s sombr\u00edas que el presente. Por eso,\u00a0<strong>esta ser\u00e1 la \u00faltima noche de El \u00c1rbol de Galeano<\/strong>, un bar y espacio cultural que logr\u00f3 instalarse y convertirse en uno de los protagonistas de la noche y de las movidas art\u00edsticas en Tucum\u00e1n.<\/p>\n<p>Lo confirm\u00f3 el propio due\u00f1o,\u00a0<strong>Fernando R\u00edos Kissner<\/strong>. \u00abHoy es el \u00faltimo d\u00eda. Cierra el ejercicio y cerramos nosotros tambi\u00e9n. El \u00c1rbol se ha vuelto inviable y trabajamos a p\u00e9rdida.<\/p>\n<p>\u00abLa crisis de los espacios culturales nos atraviesa a todos y lo aguantamos hasta donde pudimos, pero no da para m\u00e1s\u00bb, adelant\u00f3 el fundador del bar ubicado en Virgen de la Merced 435 y que este a\u00f1o celebraba su d\u00e9cimo aniversario.<\/p>\n<p>El aumento de los costos de funcionamiento, sumado a la retracci\u00f3n general de los bolsillos de los clientes, fueron los ingredientes de una bomba que explot\u00f3 detr\u00e1s del mostrador.<\/p>\n<p>El tiro de gracia para el ya tambaleante bar tem\u00e1tico fue la \u00faltima factura de luz, que ascendi\u00f3 a los $60.000, seg\u00fan R\u00edos Kissner.<\/p>\n<p>El cierre arrastra tambi\u00e9n a la sala de teatro, donde siempre se ofreci\u00f3 una nutrida agenda de espect\u00e1culos locales y de afuera, de toda envergadura.<\/p>\n<p>\u00abSeguimos cobrando la misma entrada desde hace cuatro a\u00f1os, pero los costos se han disparado. Para peor, no vemos que haya una soluci\u00f3n futura: uno lee el diario y todos los d\u00edas hay nuevas medidas de ajuste econ\u00f3mico, m\u00e1s aumentos en las tarifas y en los servicios&#8230; no hay una buena perspectiva de futuro, todo lo contrario\u00bb, lament\u00f3.<\/p>\n<p><strong>Fuente:\u00a0<\/strong><a href=\"https:\/\/www.lagaceta.com.ar\/nota\/778990\/actualidad\/ultima-noche-crisis-derribo-rbol-galeano.html\">https:\/\/www.lagaceta.com.ar\/nota\/778990\/actualidad\/ultima-noche-crisis-derribo-rbol-galeano.html<\/a><\/p>\n<\/div>\n<\/div>\n<\/div>\n","protected":false},"excerpt":{"rendered":"<p>Esta ser\u00e1 la \u00faltima noche. Una factura de luz, de $60.000, fue lo que impuls\u00f3 a su due\u00f1o al cierre definitivo; arrastra tambi\u00e9n a la sala de teatro.<\/p>\n","protected":false},"author":5,"featured_media":14719,"comment_status":"closed","ping_status":"open","sticky":false,"template":"","format":"standard","meta":{"footnotes":""},"categories":[2],"tags":[134,1172,61],"class_list":{"0":"post-14718","1":"post","2":"type-post","3":"status-publish","4":"format-standard","5":"has-post-thumbnail","7":"category-actualidad","8":"tag-argentina","9":"tag-el-arbol-de-galeano","10":"tag-tucuman"},"yoast_head":"<!-- This site is optimized with the Yoast SEO plugin v27.4 - https:\/\/yoast.com\/product\/yoast-seo-wordpress\/ -->\n<title>Por la crisis, cierra &quot;El \u00c1rbol de Galeano&quot; - El Diario de Tucuman<\/title>\n<meta name=\"robots\" content=\"index, follow, max-snippet:-1, max-image-preview:large, max-video-preview:-1\" \/>\n<link rel=\"canonical\" href=\"https:\/\/www.eldiariodetucuman.com\/web\/por-la-crisis-cierra-el-arbol-de-galeano\/\" \/>\n<meta property=\"og:locale\" content=\"es_ES\" \/>\n<meta property=\"og:type\" content=\"article\" \/>\n<meta property=\"og:title\" content=\"Por la crisis, cierra &quot;El \u00c1rbol de Galeano&quot; - El Diario de Tucuman\" \/>\n<meta property=\"og:description\" content=\"Esta ser\u00e1 la \u00faltima noche. Una factura de luz, de $60.000, fue lo que impuls\u00f3 a su due\u00f1o al cierre definitivo; arrastra tambi\u00e9n a la sala de teatro.\" \/>\n<meta property=\"og:url\" content=\"https:\/\/www.eldiariodetucuman.com\/web\/por-la-crisis-cierra-el-arbol-de-galeano\/\" \/>\n<meta property=\"og:site_name\" content=\"El Diario de Tucuman\" \/>\n<meta property=\"article:published_time\" content=\"2018-07-31T14:37:21+00:00\" \/>\n<meta property=\"article:modified_time\" content=\"2018-07-31T14:41:08+00:00\" \/>\n<meta property=\"og:image\" content=\"https:\/\/www.eldiariodetucuman.com\/web\/wp-content\/uploads\/2018\/07\/elarboldegaleano.jpg\" \/>\n\t<meta property=\"og:image:width\" content=\"970\" \/>\n\t<meta property=\"og:image:height\" content=\"546\" \/>\n\t<meta property=\"og:image:type\" content=\"image\/jpeg\" \/>\n<meta name=\"author\" content=\"Redactor Uno\" \/>\n<meta name=\"twitter:card\" content=\"summary_large_image\" \/>\n<meta name=\"twitter:label1\" content=\"Escrito por\" \/>\n\t<meta name=\"twitter:data1\" content=\"Redactor Uno\" \/>\n\t<meta name=\"twitter:label2\" content=\"Tiempo de lectura\" \/>\n\t<meta name=\"twitter:data2\" content=\"2 minutos\" \/>\n<script type=\"application\/ld+json\" class=\"yoast-schema-graph\">{\"@context\":\"https:\\\/\\\/schema.org\",\"@graph\":[{\"@type\":\"Article\",\"@id\":\"https:\\\/\\\/www.eldiariodetucuman.com\\\/web\\\/por-la-crisis-cierra-el-arbol-de-galeano\\\/#article\",\"isPartOf\":{\"@id\":\"https:\\\/\\\/www.eldiariodetucuman.com\\\/web\\\/por-la-crisis-cierra-el-arbol-de-galeano\\\/\"},\"author\":{\"name\":\"Redactor Uno\",\"@id\":\"https:\\\/\\\/www.eldiariodetucuman.com\\\/web\\\/#\\\/schema\\\/person\\\/7e6644a46e60888f6b868594407e08dd\"},\"headline\":\"Por la crisis, cierra \u00abEl \u00c1rbol de Galeano\u00bb\",\"datePublished\":\"2018-07-31T14:37:21+00:00\",\"dateModified\":\"2018-07-31T14:41:08+00:00\",\"mainEntityOfPage\":{\"@id\":\"https:\\\/\\\/www.eldiariodetucuman.com\\\/web\\\/por-la-crisis-cierra-el-arbol-de-galeano\\\/\"},\"wordCount\":354,\"publisher\":{\"@id\":\"https:\\\/\\\/www.eldiariodetucuman.com\\\/web\\\/#organization\"},\"image\":{\"@id\":\"https:\\\/\\\/www.eldiariodetucuman.com\\\/web\\\/por-la-crisis-cierra-el-arbol-de-galeano\\\/#primaryimage\"},\"thumbnailUrl\":\"https:\\\/\\\/www.eldiariodetucuman.com\\\/web\\\/wp-content\\\/uploads\\\/2018\\\/07\\\/elarboldegaleano.jpg\",\"keywords\":[\"Argentina\",\"El \u00c1rbol de Galeano\",\"Tucuman\"],\"articleSection\":[\"Actualidad\"],\"inLanguage\":\"es\"},{\"@type\":\"WebPage\",\"@id\":\"https:\\\/\\\/www.eldiariodetucuman.com\\\/web\\\/por-la-crisis-cierra-el-arbol-de-galeano\\\/\",\"url\":\"https:\\\/\\\/www.eldiariodetucuman.com\\\/web\\\/por-la-crisis-cierra-el-arbol-de-galeano\\\/\",\"name\":\"Por la crisis, cierra \\\"El \u00c1rbol de Galeano\\\" - El Diario de Tucuman\",\"isPartOf\":{\"@id\":\"https:\\\/\\\/www.eldiariodetucuman.com\\\/web\\\/#website\"},\"primaryImageOfPage\":{\"@id\":\"https:\\\/\\\/www.eldiariodetucuman.com\\\/web\\\/por-la-crisis-cierra-el-arbol-de-galeano\\\/#primaryimage\"},\"image\":{\"@id\":\"https:\\\/\\\/www.eldiariodetucuman.com\\\/web\\\/por-la-crisis-cierra-el-arbol-de-galeano\\\/#primaryimage\"},\"thumbnailUrl\":\"https:\\\/\\\/www.eldiariodetucuman.com\\\/web\\\/wp-content\\\/uploads\\\/2018\\\/07\\\/elarboldegaleano.jpg\",\"datePublished\":\"2018-07-31T14:37:21+00:00\",\"dateModified\":\"2018-07-31T14:41:08+00:00\",\"breadcrumb\":{\"@id\":\"https:\\\/\\\/www.eldiariodetucuman.com\\\/web\\\/por-la-crisis-cierra-el-arbol-de-galeano\\\/#breadcrumb\"},\"inLanguage\":\"es\",\"potentialAction\":[{\"@type\":\"ReadAction\",\"target\":[\"https:\\\/\\\/www.eldiariodetucuman.com\\\/web\\\/por-la-crisis-cierra-el-arbol-de-galeano\\\/\"]}]},{\"@type\":\"ImageObject\",\"inLanguage\":\"es\",\"@id\":\"https:\\\/\\\/www.eldiariodetucuman.com\\\/web\\\/por-la-crisis-cierra-el-arbol-de-galeano\\\/#primaryimage\",\"url\":\"https:\\\/\\\/www.eldiariodetucuman.com\\\/web\\\/wp-content\\\/uploads\\\/2018\\\/07\\\/elarboldegaleano.jpg\",\"contentUrl\":\"https:\\\/\\\/www.eldiariodetucuman.com\\\/web\\\/wp-content\\\/uploads\\\/2018\\\/07\\\/elarboldegaleano.jpg\",\"width\":970,\"height\":546},{\"@type\":\"BreadcrumbList\",\"@id\":\"https:\\\/\\\/www.eldiariodetucuman.com\\\/web\\\/por-la-crisis-cierra-el-arbol-de-galeano\\\/#breadcrumb\",\"itemListElement\":[{\"@type\":\"ListItem\",\"position\":1,\"name\":\"Portada\",\"item\":\"https:\\\/\\\/www.eldiariodetucuman.com\\\/web\\\/\"},{\"@type\":\"ListItem\",\"position\":2,\"name\":\"Por la crisis, cierra \u00abEl \u00c1rbol de Galeano\u00bb\"}]},{\"@type\":\"WebSite\",\"@id\":\"https:\\\/\\\/www.eldiariodetucuman.com\\\/web\\\/#website\",\"url\":\"https:\\\/\\\/www.eldiariodetucuman.com\\\/web\\\/\",\"name\":\"El Diario de Tucuman\",\"description\":\"Diario Tucuman - Informaci\u00f3n y noticias\",\"publisher\":{\"@id\":\"https:\\\/\\\/www.eldiariodetucuman.com\\\/web\\\/#organization\"},\"potentialAction\":[{\"@type\":\"SearchAction\",\"target\":{\"@type\":\"EntryPoint\",\"urlTemplate\":\"https:\\\/\\\/www.eldiariodetucuman.com\\\/web\\\/?s={search_term_string}\"},\"query-input\":{\"@type\":\"PropertyValueSpecification\",\"valueRequired\":true,\"valueName\":\"search_term_string\"}}],\"inLanguage\":\"es\"},{\"@type\":\"Organization\",\"@id\":\"https:\\\/\\\/www.eldiariodetucuman.com\\\/web\\\/#organization\",\"name\":\"El Diario de Tucuman\",\"url\":\"https:\\\/\\\/www.eldiariodetucuman.com\\\/web\\\/\",\"logo\":{\"@type\":\"ImageObject\",\"inLanguage\":\"es\",\"@id\":\"https:\\\/\\\/www.eldiariodetucuman.com\\\/web\\\/#\\\/schema\\\/logo\\\/image\\\/\",\"url\":\"http:\\\/\\\/www.eldiariodetucuman.com\\\/web\\\/wp-content\\\/uploads\\\/2017\\\/12\\\/el-diario-de-tucuman.jpg\",\"contentUrl\":\"http:\\\/\\\/www.eldiariodetucuman.com\\\/web\\\/wp-content\\\/uploads\\\/2017\\\/12\\\/el-diario-de-tucuman.jpg\",\"width\":272,\"height\":92,\"caption\":\"El Diario de Tucuman\"},\"image\":{\"@id\":\"https:\\\/\\\/www.eldiariodetucuman.com\\\/web\\\/#\\\/schema\\\/logo\\\/image\\\/\"}},{\"@type\":\"Person\",\"@id\":\"https:\\\/\\\/www.eldiariodetucuman.com\\\/web\\\/#\\\/schema\\\/person\\\/7e6644a46e60888f6b868594407e08dd\",\"name\":\"Redactor Uno\",\"image\":{\"@type\":\"ImageObject\",\"inLanguage\":\"es\",\"@id\":\"https:\\\/\\\/secure.gravatar.com\\\/avatar\\\/0049b1bdf1bd548385c9ea6b9356431717930913089febd2ba904f0187d7d074?s=96&d=mm&r=g\",\"url\":\"https:\\\/\\\/secure.gravatar.com\\\/avatar\\\/0049b1bdf1bd548385c9ea6b9356431717930913089febd2ba904f0187d7d074?s=96&d=mm&r=g\",\"contentUrl\":\"https:\\\/\\\/secure.gravatar.com\\\/avatar\\\/0049b1bdf1bd548385c9ea6b9356431717930913089febd2ba904f0187d7d074?s=96&d=mm&r=g\",\"caption\":\"Redactor Uno\"},\"url\":\"https:\\\/\\\/www.eldiariodetucuman.com\\\/web\\\/author\\\/mramasco\\\/\"}]}<\/script>\n<!-- \/ Yoast SEO plugin. -->","yoast_head_json":{"title":"Por la crisis, cierra \"El \u00c1rbol de Galeano\" - El Diario de Tucuman","robots":{"index":"index","follow":"follow","max-snippet":"max-snippet:-1","max-image-preview":"max-image-preview:large","max-video-preview":"max-video-preview:-1"},"canonical":"https:\/\/www.eldiariodetucuman.com\/web\/por-la-crisis-cierra-el-arbol-de-galeano\/","og_locale":"es_ES","og_type":"article","og_title":"Por la crisis, cierra \"El \u00c1rbol de Galeano\" - El Diario de Tucuman","og_description":"Esta ser\u00e1 la \u00faltima noche. Una factura de luz, de $60.000, fue lo que impuls\u00f3 a su due\u00f1o al cierre definitivo; arrastra tambi\u00e9n a la sala de teatro.","og_url":"https:\/\/www.eldiariodetucuman.com\/web\/por-la-crisis-cierra-el-arbol-de-galeano\/","og_site_name":"El Diario de Tucuman","article_published_time":"2018-07-31T14:37:21+00:00","article_modified_time":"2018-07-31T14:41:08+00:00","og_image":[{"width":970,"height":546,"url":"https:\/\/www.eldiariodetucuman.com\/web\/wp-content\/uploads\/2018\/07\/elarboldegaleano.jpg","type":"image\/jpeg"}],"author":"Redactor Uno","twitter_card":"summary_large_image","twitter_misc":{"Escrito por":"Redactor Uno","Tiempo de lectura":"2 minutos"},"schema":{"@context":"https:\/\/schema.org","@graph":[{"@type":"Article","@id":"https:\/\/www.eldiariodetucuman.com\/web\/por-la-crisis-cierra-el-arbol-de-galeano\/#article","isPartOf":{"@id":"https:\/\/www.eldiariodetucuman.com\/web\/por-la-crisis-cierra-el-arbol-de-galeano\/"},"author":{"name":"Redactor Uno","@id":"https:\/\/www.eldiariodetucuman.com\/web\/#\/schema\/person\/7e6644a46e60888f6b868594407e08dd"},"headline":"Por la crisis, cierra \u00abEl \u00c1rbol de Galeano\u00bb","datePublished":"2018-07-31T14:37:21+00:00","dateModified":"2018-07-31T14:41:08+00:00","mainEntityOfPage":{"@id":"https:\/\/www.eldiariodetucuman.com\/web\/por-la-crisis-cierra-el-arbol-de-galeano\/"},"wordCount":354,"publisher":{"@id":"https:\/\/www.eldiariodetucuman.com\/web\/#organization"},"image":{"@id":"https:\/\/www.eldiariodetucuman.com\/web\/por-la-crisis-cierra-el-arbol-de-galeano\/#primaryimage"},"thumbnailUrl":"https:\/\/www.eldiariodetucuman.com\/web\/wp-content\/uploads\/2018\/07\/elarboldegaleano.jpg","keywords":["Argentina","El \u00c1rbol de Galeano","Tucuman"],"articleSection":["Actualidad"],"inLanguage":"es"},{"@type":"WebPage","@id":"https:\/\/www.eldiariodetucuman.com\/web\/por-la-crisis-cierra-el-arbol-de-galeano\/","url":"https:\/\/www.eldiariodetucuman.com\/web\/por-la-crisis-cierra-el-arbol-de-galeano\/","name":"Por la crisis, cierra \"El \u00c1rbol de Galeano\" - El Diario de Tucuman","isPartOf":{"@id":"https:\/\/www.eldiariodetucuman.com\/web\/#website"},"primaryImageOfPage":{"@id":"https:\/\/www.eldiariodetucuman.com\/web\/por-la-crisis-cierra-el-arbol-de-galeano\/#primaryimage"},"image":{"@id":"https:\/\/www.eldiariodetucuman.com\/web\/por-la-crisis-cierra-el-arbol-de-galeano\/#primaryimage"},"thumbnailUrl":"https:\/\/www.eldiariodetucuman.com\/web\/wp-content\/uploads\/2018\/07\/elarboldegaleano.jpg","datePublished":"2018-07-31T14:37:21+00:00","dateModified":"2018-07-31T14:41:08+00:00","breadcrumb":{"@id":"https:\/\/www.eldiariodetucuman.com\/web\/por-la-crisis-cierra-el-arbol-de-galeano\/#breadcrumb"},"inLanguage":"es","potentialAction":[{"@type":"ReadAction","target":["https:\/\/www.eldiariodetucuman.com\/web\/por-la-crisis-cierra-el-arbol-de-galeano\/"]}]},{"@type":"ImageObject","inLanguage":"es","@id":"https:\/\/www.eldiariodetucuman.com\/web\/por-la-crisis-cierra-el-arbol-de-galeano\/#primaryimage","url":"https:\/\/www.eldiariodetucuman.com\/web\/wp-content\/uploads\/2018\/07\/elarboldegaleano.jpg","contentUrl":"https:\/\/www.eldiariodetucuman.com\/web\/wp-content\/uploads\/2018\/07\/elarboldegaleano.jpg","width":970,"height":546},{"@type":"BreadcrumbList","@id":"https:\/\/www.eldiariodetucuman.com\/web\/por-la-crisis-cierra-el-arbol-de-galeano\/#breadcrumb","itemListElement":[{"@type":"ListItem","position":1,"name":"Portada","item":"https:\/\/www.eldiariodetucuman.com\/web\/"},{"@type":"ListItem","position":2,"name":"Por la crisis, cierra \u00abEl \u00c1rbol de Galeano\u00bb"}]},{"@type":"WebSite","@id":"https:\/\/www.eldiariodetucuman.com\/web\/#website","url":"https:\/\/www.eldiariodetucuman.com\/web\/","name":"El Diario de Tucuman","description":"Diario Tucuman - Informaci\u00f3n y noticias","publisher":{"@id":"https:\/\/www.eldiariodetucuman.com\/web\/#organization"},"potentialAction":[{"@type":"SearchAction","target":{"@type":"EntryPoint","urlTemplate":"https:\/\/www.eldiariodetucuman.com\/web\/?s={search_term_string}"},"query-input":{"@type":"PropertyValueSpecification","valueRequired":true,"valueName":"search_term_string"}}],"inLanguage":"es"},{"@type":"Organization","@id":"https:\/\/www.eldiariodetucuman.com\/web\/#organization","name":"El Diario de Tucuman","url":"https:\/\/www.eldiariodetucuman.com\/web\/","logo":{"@type":"ImageObject","inLanguage":"es","@id":"https:\/\/www.eldiariodetucuman.com\/web\/#\/schema\/logo\/image\/","url":"http:\/\/www.eldiariodetucuman.com\/web\/wp-content\/uploads\/2017\/12\/el-diario-de-tucuman.jpg","contentUrl":"http:\/\/www.eldiariodetucuman.com\/web\/wp-content\/uploads\/2017\/12\/el-diario-de-tucuman.jpg","width":272,"height":92,"caption":"El Diario de Tucuman"},"image":{"@id":"https:\/\/www.eldiariodetucuman.com\/web\/#\/schema\/logo\/image\/"}},{"@type":"Person","@id":"https:\/\/www.eldiariodetucuman.com\/web\/#\/schema\/person\/7e6644a46e60888f6b868594407e08dd","name":"Redactor Uno","image":{"@type":"ImageObject","inLanguage":"es","@id":"https:\/\/secure.gravatar.com\/avatar\/0049b1bdf1bd548385c9ea6b9356431717930913089febd2ba904f0187d7d074?s=96&d=mm&r=g","url":"https:\/\/secure.gravatar.com\/avatar\/0049b1bdf1bd548385c9ea6b9356431717930913089febd2ba904f0187d7d074?s=96&d=mm&r=g","contentUrl":"https:\/\/secure.gravatar.com\/avatar\/0049b1bdf1bd548385c9ea6b9356431717930913089febd2ba904f0187d7d074?s=96&d=mm&r=g","caption":"Redactor Uno"},"url":"https:\/\/www.eldiariodetucuman.com\/web\/author\/mramasco\/"}]}},"_links":{"self":[{"href":"https:\/\/www.eldiariodetucuman.com\/web\/wp-json\/wp\/v2\/posts\/14718","targetHints":{"allow":["GET"]}}],"collection":[{"href":"https:\/\/www.eldiariodetucuman.com\/web\/wp-json\/wp\/v2\/posts"}],"about":[{"href":"https:\/\/www.eldiariodetucuman.com\/web\/wp-json\/wp\/v2\/types\/post"}],"author":[{"embeddable":true,"href":"https:\/\/www.eldiariodetucuman.com\/web\/wp-json\/wp\/v2\/users\/5"}],"replies":[{"embeddable":true,"href":"https:\/\/www.eldiariodetucuman.com\/web\/wp-json\/wp\/v2\/comments?post=14718"}],"version-history":[{"count":2,"href":"https:\/\/www.eldiariodetucuman.com\/web\/wp-json\/wp\/v2\/posts\/14718\/revisions"}],"predecessor-version":[{"id":14721,"href":"https:\/\/www.eldiariodetucuman.com\/web\/wp-json\/wp\/v2\/posts\/14718\/revisions\/14721"}],"wp:featuredmedia":[{"embeddable":true,"href":"https:\/\/www.eldiariodetucuman.com\/web\/wp-json\/wp\/v2\/media\/14719"}],"wp:attachment":[{"href":"https:\/\/www.eldiariodetucuman.com\/web\/wp-json\/wp\/v2\/media?parent=14718"}],"wp:term":[{"taxonomy":"category","embeddable":true,"href":"https:\/\/www.eldiariodetucuman.com\/web\/wp-json\/wp\/v2\/categories?post=14718"},{"taxonomy":"post_tag","embeddable":true,"href":"https:\/\/www.eldiariodetucuman.com\/web\/wp-json\/wp\/v2\/tags?post=14718"}],"curies":[{"name":"wp","href":"https:\/\/api.w.org\/{rel}","templated":true}]}}