{"id":14715,"date":"2018-07-31T10:04:38","date_gmt":"2018-07-31T13:04:38","guid":{"rendered":"http:\/\/www.eldiariodetucuman.com\/web\/?p=14715"},"modified":"2018-07-31T10:04:38","modified_gmt":"2018-07-31T13:04:38","slug":"como-impactaran-los-cambios-en-el-regimen-de-asignaciones-familiares","status":"publish","type":"post","link":"https:\/\/www.eldiariodetucuman.com\/web\/como-impactaran-los-cambios-en-el-regimen-de-asignaciones-familiares\/","title":{"rendered":"C\u00f3mo impactar\u00e1n los cambios en el r\u00e9gimen de asignaciones familiares"},"content":{"rendered":"<div class=\"col-xs-12 col-sm-12 col-md-12 col-lg-12 widget-head\">\n<div class=\"col-lg-12 col-xs-12\">\n<p>Ra\u00fal Ferrazzano, subsecretario de Gesti\u00f3n Previsional, indic\u00f3 que las modificaciones perjudicar\u00edan a beneficiarios de la Patagonia, del Norte argentinoa, y a los trabajadores temporales. Conoc\u00e9 los nuevos montos para las asignaciones familiares.<\/p>\n<\/div>\n<\/div>\n<p><!--more--><\/p>\n<div class=\"col-xs-12 col-sm-12 col-md-12 col-lg-9\" role=\"main\">\n<div id=\"grid\" class=\"col-xs-12 col-sm-12 col-md-12 col-lg-12\">\n<p class=\"col-lg-12 col-xs-12\">El gobierno de Mauricio Macri modific\u00f3 por decreto el r\u00e9gimen de asignaciones familiares para \u00abordenarlo, darle mayor equidad y aumentar la cobertura\u00bb. Elev\u00f3 el ingreso m\u00ednimo desde el cual el trabajador o grupo familiar percibir\u00e1 asignaciones, de $200 a $2816, y redujo los topes de $94.786 a $83.917. Adem\u00e1s, ajust\u00f3 el sistema de pago de aportes patronales y unific\u00f3 el valor de las asignaciones en todo el pa\u00eds con m\u00e1ximos de $1500, con lo cual reducir\u00e1 desde septiembre pr\u00f3ximo el beneficio para \u00abzonas diferenciales\u00bb, como la Patagonia, donde se cobraba el doble.<\/p>\n<div class=\"col-lg-12 col-xs-12\">\n<div id=\"fb-root\" class=\" fb_reset\">\n<p>\u00abLa verdad que preocupa el impacto econ\u00f3mico y social de este ajuste que anuncia el gobierno nacional en cuanto a las Asignaciones Familiares\u00bb, comend\u00f3 diciendo Ra\u00fal Ferrazzano, subsecretario de Gesti\u00f3n Previsional, en cuanto al impacto del nuevo r\u00e9gimen de asignaciones familiares.<\/p>\n<p>Indic\u00f3 que \u00aben Tucum\u00e1n se pagan alrededor de 120 mil a 130 mil asignaciones familiares a los hijos de los trabajadores registrados en la provincia, que es dinero que va directamente a fomentar el consumo interno, es decir que esta medida impacta de lleno en el consumo interno\u00bb, advirti\u00f3.<\/p>\n<p>En cuanto a los alcances del decreto, explic\u00f3 que \u00abajusta en dos \u00e1mbitos: por un lado, elimina las asignaciones diferenciales para algunas zonas desfavorables en la Patagona argentina y en algunas zonas lim\u00edtrofes del Norte argentino. Si bien esto no se aplica en la provincia de Tucum\u00e1n porque no hay zonas desfavorables para las Asignaciones Familiares, pero es preocupante porque esta medida afecta a m\u00e1s de 400 mil chicos en distintos pueblos, donde este dinero sirve para dinamizar la econom\u00eda de esas ciudades\u00bb, precis\u00f3.<\/p>\n<p>Por otro lado, indic\u00f3 que \u00abse modifica el rango de los ingresos para recibir la transferencia, es decir se eleva el piso de ingresos de $200 a $2800 y se baja el techo a $84000, con lo cual se estrecha el universo de beneficiarios\u00bb.<\/p>\n<p>La medida afectar\u00e1 s\u00ed a los trabajadores tucumanos temporales. \u00abUn detalle que me preocupa para la provincia tiene que ver con los trabajadores de temporada, es decir los cosecheros, algunos trabajadores del turismo, donde es habitual que el empleador en las declaraciones juradas, sobretodo cuando no est\u00e1n en temporada, declare una cifra exigua para que puedan cobrar la asignaci\u00f3n familiar. Pero con esta medida, estar\u00e1n por debajo del piso de los $2800, y al tener declarados ingresos tambi\u00e9n quedan fuera de la Asignaci\u00f3n Universal, entocnes quiz\u00e1s la Anses tenga que dictar una normativa reglamentaria para que este tipo de cuestiones sean zanjadas\u00bb, concluy\u00f3.<\/p>\n<\/div>\n<div class=\"col-lg-12 col-xs-12\">\n<p>Los nuevos montos para las asignaciones familiares ser\u00e1n as\u00ed:<\/p>\n<p>Para el r\u00e9gimen general unificado, hasta ingresos de $2816 por grupo familiar, los trabajadores percibir\u00e1n la Asignaci\u00f3n Universal Por Hijo y no las Asignaciones Familiares (AF). Para sueldos de entre $2816 y $24.492, la AF ser\u00e1 de $1578 por cada hijo. Hasta ingresos de $35.922, ser\u00e1 de $1063 por hijo. Hasta $41.473, de $640 por hijo. Y hasta $ 83.917, se fijar\u00e1 en $328 por hijo.<\/p>\n<p>En cuanto al r\u00e9gimen de \u00abzonas diferenciales\u00bb, hasta hoy existen beneficios notorios para los ni\u00f1os de esas regiones.<\/p>\n<p>Se dividen en zonas 1, 2, 3 y 4. La zona 1 comprende a las AF para algunos departamentos en La Pampa, Rio Negro, Neuqu\u00e9n, Formosa y Mendoza. La AF m\u00e1xima es $1578 por hijo para los de menos ingresos (de $200 a 24.492), $1405 para los que ganan hasta 35.922 pesos; $1265 para los que ganan hasta $41.473, y $646 para los que ganan hasta $94.786.<\/p>\n<p>La zona 2, en Chubut, las escalas respectivas de AF son de $3407, $2107, $1902 y $970. En la zona 3, en Catamarca, Jujuy y Salta, son de $3155, $2802, $2532 y $1286. Y en la zona 4, en Santa Cruz, Tierra del Fuego e Islas del Atl\u00e1ntico Sur, las escalas son de $3402, $2802, $2532, y $1286, respectivamente.<\/p>\n<p>Seg\u00fan el decreto n\u00famero 702\/2018, publicado hoy en el Bolet\u00edn Oficial, el nuevo r\u00e9gimen comenzar\u00e1 a regir para las asignaciones familiares que se pagar\u00e1n a partir de septiembre.<\/p>\n<p>Los nuevos cambios, que no implicar\u00edan necesariamente un recorte de partidas en el sistema previsional sino un \u00abordenamiento\u00bb, seg\u00fan la Anses, actualiz\u00f3 los ingresos m\u00ednimos y m\u00e1ximos para Asignaciones Familiares. La Anses detect\u00f3 que muchos empleadores registraban a los trabajadores por un ingreso menor al real, para evadir aportes patronales.<\/p>\n<p>El ingreso m\u00ednimo a partir del cual se percibir\u00e1 asignaci\u00f3n por hijo para el grupo familiar se elevar\u00e1 de $200, valor actual, a $2816 para evitar esas maniobras. En la actualidad siguen existiendo empleadores que tienen registrados trabajadores con $200 y la Anses har\u00e1 un cruce de datos con la AFIP para buscar identificar esos casos.<\/p>\n<p>\u00abSe apunta as\u00ed a la formalizaci\u00f3n de los trabajadores para que cuenten con todos los beneficios de la seguridad social\u00bb, seg\u00fan dijo Basavilbaso.<\/p>\n<p>Por otra parte se actualizaron los topes para percibir asignaciones familiares. Se reducir\u00e1 el m\u00e1ximo por grupo familiar para recibir la asignaci\u00f3n de $94.786 a \u00ab83.917. Si hay un solo trabajador en la familia, el tope por ese ingreso individual no deber\u00e1 superar los $41.900.<\/p>\n<p>A partir de esos topes los trabajadores no cobran las asignaciones, pero pueden deducir a los hijos del Impuesto a las Ganancias. Los montos m\u00e1ximos hoy superan el m\u00ednimo no imponible del Impuesto a las Ganancias, por lo que algunas familias recibieran Asignaciones Familiares y, al mismo tiempo, una deducci\u00f3n del Impuesto a las Ganancias.<\/p>\n<p>\u00abA partir de esto, aquellos trabajadores que est\u00e9n en condiciones de deducir sus hijos del impuesto a las ganancias podr\u00e1n hacerlo y quienes no, estar\u00e1n cubiertos por la asignaci\u00f3n\u00bb, dijo el ministro de Trabajo, Jorge Triaca .<\/p>\n<p>El decreto hace m\u00e1s estricto el pago de los aportes patronales por parte de los empleadores. Algunos empleadores registraban a sus trabajadores con posterioridad a su incorporaci\u00f3n real para evitar el pago de aportes patronales, seg\u00fan observ\u00f3 la Anses. A partir de ahora Anses s\u00f3lo pagar\u00e1 retroactivamente Asignaciones Familiares si los empleadores hicieron los correspondientes aportes.<\/p>\n<p>La tercera medida del decreto consisti\u00f3 en la unificaci\u00f3n del valor de las Asignaciones Familiares en todo el pa\u00eds para que todos los hijos cobren lo mismo. Hace m\u00e1s de 20 a\u00f1os se hab\u00edan fijado \u00abzonas diferenciales\u00bb (Patagonia y otras \u00e1reas de frontera en el norte del pa\u00eds) para fomentar la poblaci\u00f3n y compensar gastos.<\/p>\n<p>Esto elevaba al doble el pago de asignaciones familiares. De ese modo, los ni\u00f1os que pertenecen hoy a familias del conurbano, aunque sean de condici\u00f3n social m\u00e1s humilde, perciben 1500 pesos, mientras que uno de zonas diferenciales ronda los 3400 pesos.<\/p>\n<p>\u00abYa no hay diferencias importantes entre los ingresos y el costo de vida de las distintas zonas. Esto genera inequidades entre chicos que por ejemplo viven en La Matanza y cobran la mitad que chicos de la Zona Austral\u00bb, explicaron en el Ministerio de Trabajo.<\/p>\n<p>Tambi\u00e9n la Anses detect\u00f3 que muchos empleadores abusaban del esquema y registraban a sus trabajadores en esas zonas para pagar menos a los trabajadores. \u00abPor eso unificamos el cobro de asignaciones familiares en todo el pa\u00eds\u00bb, se\u00f1alan en la obra social de los jubilados.<\/p>\n<p><strong>Fuente:\u00a0<\/strong><a href=\"http:\/\/lv12.com.ar\/nota\/44707\/explican-el-impacto-que-causaran-los-cambios-en-el-regimen-de-asignaciones-familiares\">http:\/\/lv12.com.ar\/nota\/44707\/explican-el-impacto-que-causaran-los-cambios-en-el-regimen-de-asignaciones-familiares<\/a><\/p>\n<\/div>\n<\/div>\n<\/div>\n<\/div>\n","protected":false},"excerpt":{"rendered":"<p>Ra\u00fal Ferrazzano, subsecretario de Gesti\u00f3n Previsional, indic\u00f3 que las modificaciones perjudicar\u00edan a beneficiarios de la Patagonia, del Norte argentinoa, y a los trabajadores temporales. Conoc\u00e9 los nuevos montos para las asignaciones familiares.<\/p>\n","protected":false},"author":5,"featured_media":14716,"comment_status":"closed","ping_status":"open","sticky":false,"template":"","format":"standard","meta":{"footnotes":""},"categories":[2],"tags":[1916,61,1917],"class_list":{"0":"post-14715","1":"post","2":"type-post","3":"status-publish","4":"format-standard","5":"has-post-thumbnail","7":"category-actualidad","8":"tag-asignacion","9":"tag-tucuman","10":"tag-universal"},"yoast_head":"<!-- This site is optimized with the Yoast SEO plugin v27.4 - https:\/\/yoast.com\/product\/yoast-seo-wordpress\/ -->\n<title>C\u00f3mo impactar\u00e1n los cambios en el r\u00e9gimen de asignaciones familiares - El Diario de Tucuman<\/title>\n<meta name=\"robots\" content=\"index, follow, max-snippet:-1, max-image-preview:large, max-video-preview:-1\" \/>\n<link rel=\"canonical\" href=\"https:\/\/www.eldiariodetucuman.com\/web\/como-impactaran-los-cambios-en-el-regimen-de-asignaciones-familiares\/\" \/>\n<meta property=\"og:locale\" content=\"es_ES\" \/>\n<meta property=\"og:type\" content=\"article\" \/>\n<meta property=\"og:title\" content=\"C\u00f3mo impactar\u00e1n los cambios en el r\u00e9gimen de asignaciones familiares - El Diario de Tucuman\" \/>\n<meta property=\"og:description\" content=\"Ra\u00fal Ferrazzano, subsecretario de Gesti\u00f3n Previsional, indic\u00f3 que las modificaciones perjudicar\u00edan a beneficiarios de la Patagonia, del Norte argentinoa, y a los trabajadores temporales. Conoc\u00e9 los nuevos montos para las asignaciones familiares.\" \/>\n<meta property=\"og:url\" content=\"https:\/\/www.eldiariodetucuman.com\/web\/como-impactaran-los-cambios-en-el-regimen-de-asignaciones-familiares\/\" \/>\n<meta property=\"og:site_name\" content=\"El Diario de Tucuman\" \/>\n<meta property=\"article:published_time\" content=\"2018-07-31T13:04:38+00:00\" \/>\n<meta property=\"og:image\" content=\"https:\/\/www.eldiariodetucuman.com\/web\/wp-content\/uploads\/2018\/07\/asignacionuniversal.jpg\" \/>\n\t<meta property=\"og:image:width\" content=\"629\" \/>\n\t<meta property=\"og:image:height\" content=\"356\" \/>\n\t<meta property=\"og:image:type\" content=\"image\/jpeg\" \/>\n<meta name=\"author\" content=\"Redactor Uno\" \/>\n<meta name=\"twitter:card\" content=\"summary_large_image\" \/>\n<meta name=\"twitter:label1\" content=\"Escrito por\" \/>\n\t<meta name=\"twitter:data1\" content=\"Redactor Uno\" \/>\n\t<meta name=\"twitter:label2\" content=\"Tiempo de lectura\" \/>\n\t<meta name=\"twitter:data2\" content=\"6 minutos\" \/>\n<script type=\"application\/ld+json\" class=\"yoast-schema-graph\">{\"@context\":\"https:\\\/\\\/schema.org\",\"@graph\":[{\"@type\":\"Article\",\"@id\":\"https:\\\/\\\/www.eldiariodetucuman.com\\\/web\\\/como-impactaran-los-cambios-en-el-regimen-de-asignaciones-familiares\\\/#article\",\"isPartOf\":{\"@id\":\"https:\\\/\\\/www.eldiariodetucuman.com\\\/web\\\/como-impactaran-los-cambios-en-el-regimen-de-asignaciones-familiares\\\/\"},\"author\":{\"name\":\"Redactor Uno\",\"@id\":\"https:\\\/\\\/www.eldiariodetucuman.com\\\/web\\\/#\\\/schema\\\/person\\\/7e6644a46e60888f6b868594407e08dd\"},\"headline\":\"C\u00f3mo impactar\u00e1n los cambios en el r\u00e9gimen de asignaciones familiares\",\"datePublished\":\"2018-07-31T13:04:38+00:00\",\"mainEntityOfPage\":{\"@id\":\"https:\\\/\\\/www.eldiariodetucuman.com\\\/web\\\/como-impactaran-los-cambios-en-el-regimen-de-asignaciones-familiares\\\/\"},\"wordCount\":1228,\"publisher\":{\"@id\":\"https:\\\/\\\/www.eldiariodetucuman.com\\\/web\\\/#organization\"},\"image\":{\"@id\":\"https:\\\/\\\/www.eldiariodetucuman.com\\\/web\\\/como-impactaran-los-cambios-en-el-regimen-de-asignaciones-familiares\\\/#primaryimage\"},\"thumbnailUrl\":\"https:\\\/\\\/www.eldiariodetucuman.com\\\/web\\\/wp-content\\\/uploads\\\/2018\\\/07\\\/asignacionuniversal.jpg\",\"keywords\":[\"Asignaci\u00f3n\",\"Tucuman\",\"Universal\"],\"articleSection\":[\"Actualidad\"],\"inLanguage\":\"es\"},{\"@type\":\"WebPage\",\"@id\":\"https:\\\/\\\/www.eldiariodetucuman.com\\\/web\\\/como-impactaran-los-cambios-en-el-regimen-de-asignaciones-familiares\\\/\",\"url\":\"https:\\\/\\\/www.eldiariodetucuman.com\\\/web\\\/como-impactaran-los-cambios-en-el-regimen-de-asignaciones-familiares\\\/\",\"name\":\"C\u00f3mo impactar\u00e1n los cambios en el r\u00e9gimen de asignaciones familiares - El Diario de Tucuman\",\"isPartOf\":{\"@id\":\"https:\\\/\\\/www.eldiariodetucuman.com\\\/web\\\/#website\"},\"primaryImageOfPage\":{\"@id\":\"https:\\\/\\\/www.eldiariodetucuman.com\\\/web\\\/como-impactaran-los-cambios-en-el-regimen-de-asignaciones-familiares\\\/#primaryimage\"},\"image\":{\"@id\":\"https:\\\/\\\/www.eldiariodetucuman.com\\\/web\\\/como-impactaran-los-cambios-en-el-regimen-de-asignaciones-familiares\\\/#primaryimage\"},\"thumbnailUrl\":\"https:\\\/\\\/www.eldiariodetucuman.com\\\/web\\\/wp-content\\\/uploads\\\/2018\\\/07\\\/asignacionuniversal.jpg\",\"datePublished\":\"2018-07-31T13:04:38+00:00\",\"breadcrumb\":{\"@id\":\"https:\\\/\\\/www.eldiariodetucuman.com\\\/web\\\/como-impactaran-los-cambios-en-el-regimen-de-asignaciones-familiares\\\/#breadcrumb\"},\"inLanguage\":\"es\",\"potentialAction\":[{\"@type\":\"ReadAction\",\"target\":[\"https:\\\/\\\/www.eldiariodetucuman.com\\\/web\\\/como-impactaran-los-cambios-en-el-regimen-de-asignaciones-familiares\\\/\"]}]},{\"@type\":\"ImageObject\",\"inLanguage\":\"es\",\"@id\":\"https:\\\/\\\/www.eldiariodetucuman.com\\\/web\\\/como-impactaran-los-cambios-en-el-regimen-de-asignaciones-familiares\\\/#primaryimage\",\"url\":\"https:\\\/\\\/www.eldiariodetucuman.com\\\/web\\\/wp-content\\\/uploads\\\/2018\\\/07\\\/asignacionuniversal.jpg\",\"contentUrl\":\"https:\\\/\\\/www.eldiariodetucuman.com\\\/web\\\/wp-content\\\/uploads\\\/2018\\\/07\\\/asignacionuniversal.jpg\",\"width\":629,\"height\":356},{\"@type\":\"BreadcrumbList\",\"@id\":\"https:\\\/\\\/www.eldiariodetucuman.com\\\/web\\\/como-impactaran-los-cambios-en-el-regimen-de-asignaciones-familiares\\\/#breadcrumb\",\"itemListElement\":[{\"@type\":\"ListItem\",\"position\":1,\"name\":\"Portada\",\"item\":\"https:\\\/\\\/www.eldiariodetucuman.com\\\/web\\\/\"},{\"@type\":\"ListItem\",\"position\":2,\"name\":\"C\u00f3mo impactar\u00e1n los cambios en el r\u00e9gimen de asignaciones familiares\"}]},{\"@type\":\"WebSite\",\"@id\":\"https:\\\/\\\/www.eldiariodetucuman.com\\\/web\\\/#website\",\"url\":\"https:\\\/\\\/www.eldiariodetucuman.com\\\/web\\\/\",\"name\":\"El Diario de Tucuman\",\"description\":\"Diario Tucuman - Informaci\u00f3n y noticias\",\"publisher\":{\"@id\":\"https:\\\/\\\/www.eldiariodetucuman.com\\\/web\\\/#organization\"},\"potentialAction\":[{\"@type\":\"SearchAction\",\"target\":{\"@type\":\"EntryPoint\",\"urlTemplate\":\"https:\\\/\\\/www.eldiariodetucuman.com\\\/web\\\/?s={search_term_string}\"},\"query-input\":{\"@type\":\"PropertyValueSpecification\",\"valueRequired\":true,\"valueName\":\"search_term_string\"}}],\"inLanguage\":\"es\"},{\"@type\":\"Organization\",\"@id\":\"https:\\\/\\\/www.eldiariodetucuman.com\\\/web\\\/#organization\",\"name\":\"El Diario de Tucuman\",\"url\":\"https:\\\/\\\/www.eldiariodetucuman.com\\\/web\\\/\",\"logo\":{\"@type\":\"ImageObject\",\"inLanguage\":\"es\",\"@id\":\"https:\\\/\\\/www.eldiariodetucuman.com\\\/web\\\/#\\\/schema\\\/logo\\\/image\\\/\",\"url\":\"http:\\\/\\\/www.eldiariodetucuman.com\\\/web\\\/wp-content\\\/uploads\\\/2017\\\/12\\\/el-diario-de-tucuman.jpg\",\"contentUrl\":\"http:\\\/\\\/www.eldiariodetucuman.com\\\/web\\\/wp-content\\\/uploads\\\/2017\\\/12\\\/el-diario-de-tucuman.jpg\",\"width\":272,\"height\":92,\"caption\":\"El Diario de Tucuman\"},\"image\":{\"@id\":\"https:\\\/\\\/www.eldiariodetucuman.com\\\/web\\\/#\\\/schema\\\/logo\\\/image\\\/\"}},{\"@type\":\"Person\",\"@id\":\"https:\\\/\\\/www.eldiariodetucuman.com\\\/web\\\/#\\\/schema\\\/person\\\/7e6644a46e60888f6b868594407e08dd\",\"name\":\"Redactor Uno\",\"image\":{\"@type\":\"ImageObject\",\"inLanguage\":\"es\",\"@id\":\"https:\\\/\\\/secure.gravatar.com\\\/avatar\\\/0049b1bdf1bd548385c9ea6b9356431717930913089febd2ba904f0187d7d074?s=96&d=mm&r=g\",\"url\":\"https:\\\/\\\/secure.gravatar.com\\\/avatar\\\/0049b1bdf1bd548385c9ea6b9356431717930913089febd2ba904f0187d7d074?s=96&d=mm&r=g\",\"contentUrl\":\"https:\\\/\\\/secure.gravatar.com\\\/avatar\\\/0049b1bdf1bd548385c9ea6b9356431717930913089febd2ba904f0187d7d074?s=96&d=mm&r=g\",\"caption\":\"Redactor Uno\"},\"url\":\"https:\\\/\\\/www.eldiariodetucuman.com\\\/web\\\/author\\\/mramasco\\\/\"}]}<\/script>\n<!-- \/ Yoast SEO plugin. -->","yoast_head_json":{"title":"C\u00f3mo impactar\u00e1n los cambios en el r\u00e9gimen de asignaciones familiares - El Diario de Tucuman","robots":{"index":"index","follow":"follow","max-snippet":"max-snippet:-1","max-image-preview":"max-image-preview:large","max-video-preview":"max-video-preview:-1"},"canonical":"https:\/\/www.eldiariodetucuman.com\/web\/como-impactaran-los-cambios-en-el-regimen-de-asignaciones-familiares\/","og_locale":"es_ES","og_type":"article","og_title":"C\u00f3mo impactar\u00e1n los cambios en el r\u00e9gimen de asignaciones familiares - El Diario de Tucuman","og_description":"Ra\u00fal Ferrazzano, subsecretario de Gesti\u00f3n Previsional, indic\u00f3 que las modificaciones perjudicar\u00edan a beneficiarios de la Patagonia, del Norte argentinoa, y a los trabajadores temporales. Conoc\u00e9 los nuevos montos para las asignaciones familiares.","og_url":"https:\/\/www.eldiariodetucuman.com\/web\/como-impactaran-los-cambios-en-el-regimen-de-asignaciones-familiares\/","og_site_name":"El Diario de Tucuman","article_published_time":"2018-07-31T13:04:38+00:00","og_image":[{"width":629,"height":356,"url":"https:\/\/www.eldiariodetucuman.com\/web\/wp-content\/uploads\/2018\/07\/asignacionuniversal.jpg","type":"image\/jpeg"}],"author":"Redactor Uno","twitter_card":"summary_large_image","twitter_misc":{"Escrito por":"Redactor Uno","Tiempo de lectura":"6 minutos"},"schema":{"@context":"https:\/\/schema.org","@graph":[{"@type":"Article","@id":"https:\/\/www.eldiariodetucuman.com\/web\/como-impactaran-los-cambios-en-el-regimen-de-asignaciones-familiares\/#article","isPartOf":{"@id":"https:\/\/www.eldiariodetucuman.com\/web\/como-impactaran-los-cambios-en-el-regimen-de-asignaciones-familiares\/"},"author":{"name":"Redactor Uno","@id":"https:\/\/www.eldiariodetucuman.com\/web\/#\/schema\/person\/7e6644a46e60888f6b868594407e08dd"},"headline":"C\u00f3mo impactar\u00e1n los cambios en el r\u00e9gimen de asignaciones familiares","datePublished":"2018-07-31T13:04:38+00:00","mainEntityOfPage":{"@id":"https:\/\/www.eldiariodetucuman.com\/web\/como-impactaran-los-cambios-en-el-regimen-de-asignaciones-familiares\/"},"wordCount":1228,"publisher":{"@id":"https:\/\/www.eldiariodetucuman.com\/web\/#organization"},"image":{"@id":"https:\/\/www.eldiariodetucuman.com\/web\/como-impactaran-los-cambios-en-el-regimen-de-asignaciones-familiares\/#primaryimage"},"thumbnailUrl":"https:\/\/www.eldiariodetucuman.com\/web\/wp-content\/uploads\/2018\/07\/asignacionuniversal.jpg","keywords":["Asignaci\u00f3n","Tucuman","Universal"],"articleSection":["Actualidad"],"inLanguage":"es"},{"@type":"WebPage","@id":"https:\/\/www.eldiariodetucuman.com\/web\/como-impactaran-los-cambios-en-el-regimen-de-asignaciones-familiares\/","url":"https:\/\/www.eldiariodetucuman.com\/web\/como-impactaran-los-cambios-en-el-regimen-de-asignaciones-familiares\/","name":"C\u00f3mo impactar\u00e1n los cambios en el r\u00e9gimen de asignaciones familiares - El Diario de Tucuman","isPartOf":{"@id":"https:\/\/www.eldiariodetucuman.com\/web\/#website"},"primaryImageOfPage":{"@id":"https:\/\/www.eldiariodetucuman.com\/web\/como-impactaran-los-cambios-en-el-regimen-de-asignaciones-familiares\/#primaryimage"},"image":{"@id":"https:\/\/www.eldiariodetucuman.com\/web\/como-impactaran-los-cambios-en-el-regimen-de-asignaciones-familiares\/#primaryimage"},"thumbnailUrl":"https:\/\/www.eldiariodetucuman.com\/web\/wp-content\/uploads\/2018\/07\/asignacionuniversal.jpg","datePublished":"2018-07-31T13:04:38+00:00","breadcrumb":{"@id":"https:\/\/www.eldiariodetucuman.com\/web\/como-impactaran-los-cambios-en-el-regimen-de-asignaciones-familiares\/#breadcrumb"},"inLanguage":"es","potentialAction":[{"@type":"ReadAction","target":["https:\/\/www.eldiariodetucuman.com\/web\/como-impactaran-los-cambios-en-el-regimen-de-asignaciones-familiares\/"]}]},{"@type":"ImageObject","inLanguage":"es","@id":"https:\/\/www.eldiariodetucuman.com\/web\/como-impactaran-los-cambios-en-el-regimen-de-asignaciones-familiares\/#primaryimage","url":"https:\/\/www.eldiariodetucuman.com\/web\/wp-content\/uploads\/2018\/07\/asignacionuniversal.jpg","contentUrl":"https:\/\/www.eldiariodetucuman.com\/web\/wp-content\/uploads\/2018\/07\/asignacionuniversal.jpg","width":629,"height":356},{"@type":"BreadcrumbList","@id":"https:\/\/www.eldiariodetucuman.com\/web\/como-impactaran-los-cambios-en-el-regimen-de-asignaciones-familiares\/#breadcrumb","itemListElement":[{"@type":"ListItem","position":1,"name":"Portada","item":"https:\/\/www.eldiariodetucuman.com\/web\/"},{"@type":"ListItem","position":2,"name":"C\u00f3mo impactar\u00e1n los cambios en el r\u00e9gimen de asignaciones familiares"}]},{"@type":"WebSite","@id":"https:\/\/www.eldiariodetucuman.com\/web\/#website","url":"https:\/\/www.eldiariodetucuman.com\/web\/","name":"El Diario de Tucuman","description":"Diario Tucuman - Informaci\u00f3n y noticias","publisher":{"@id":"https:\/\/www.eldiariodetucuman.com\/web\/#organization"},"potentialAction":[{"@type":"SearchAction","target":{"@type":"EntryPoint","urlTemplate":"https:\/\/www.eldiariodetucuman.com\/web\/?s={search_term_string}"},"query-input":{"@type":"PropertyValueSpecification","valueRequired":true,"valueName":"search_term_string"}}],"inLanguage":"es"},{"@type":"Organization","@id":"https:\/\/www.eldiariodetucuman.com\/web\/#organization","name":"El Diario de Tucuman","url":"https:\/\/www.eldiariodetucuman.com\/web\/","logo":{"@type":"ImageObject","inLanguage":"es","@id":"https:\/\/www.eldiariodetucuman.com\/web\/#\/schema\/logo\/image\/","url":"http:\/\/www.eldiariodetucuman.com\/web\/wp-content\/uploads\/2017\/12\/el-diario-de-tucuman.jpg","contentUrl":"http:\/\/www.eldiariodetucuman.com\/web\/wp-content\/uploads\/2017\/12\/el-diario-de-tucuman.jpg","width":272,"height":92,"caption":"El Diario de Tucuman"},"image":{"@id":"https:\/\/www.eldiariodetucuman.com\/web\/#\/schema\/logo\/image\/"}},{"@type":"Person","@id":"https:\/\/www.eldiariodetucuman.com\/web\/#\/schema\/person\/7e6644a46e60888f6b868594407e08dd","name":"Redactor Uno","image":{"@type":"ImageObject","inLanguage":"es","@id":"https:\/\/secure.gravatar.com\/avatar\/0049b1bdf1bd548385c9ea6b9356431717930913089febd2ba904f0187d7d074?s=96&d=mm&r=g","url":"https:\/\/secure.gravatar.com\/avatar\/0049b1bdf1bd548385c9ea6b9356431717930913089febd2ba904f0187d7d074?s=96&d=mm&r=g","contentUrl":"https:\/\/secure.gravatar.com\/avatar\/0049b1bdf1bd548385c9ea6b9356431717930913089febd2ba904f0187d7d074?s=96&d=mm&r=g","caption":"Redactor Uno"},"url":"https:\/\/www.eldiariodetucuman.com\/web\/author\/mramasco\/"}]}},"_links":{"self":[{"href":"https:\/\/www.eldiariodetucuman.com\/web\/wp-json\/wp\/v2\/posts\/14715","targetHints":{"allow":["GET"]}}],"collection":[{"href":"https:\/\/www.eldiariodetucuman.com\/web\/wp-json\/wp\/v2\/posts"}],"about":[{"href":"https:\/\/www.eldiariodetucuman.com\/web\/wp-json\/wp\/v2\/types\/post"}],"author":[{"embeddable":true,"href":"https:\/\/www.eldiariodetucuman.com\/web\/wp-json\/wp\/v2\/users\/5"}],"replies":[{"embeddable":true,"href":"https:\/\/www.eldiariodetucuman.com\/web\/wp-json\/wp\/v2\/comments?post=14715"}],"version-history":[{"count":1,"href":"https:\/\/www.eldiariodetucuman.com\/web\/wp-json\/wp\/v2\/posts\/14715\/revisions"}],"predecessor-version":[{"id":14717,"href":"https:\/\/www.eldiariodetucuman.com\/web\/wp-json\/wp\/v2\/posts\/14715\/revisions\/14717"}],"wp:featuredmedia":[{"embeddable":true,"href":"https:\/\/www.eldiariodetucuman.com\/web\/wp-json\/wp\/v2\/media\/14716"}],"wp:attachment":[{"href":"https:\/\/www.eldiariodetucuman.com\/web\/wp-json\/wp\/v2\/media?parent=14715"}],"wp:term":[{"taxonomy":"category","embeddable":true,"href":"https:\/\/www.eldiariodetucuman.com\/web\/wp-json\/wp\/v2\/categories?post=14715"},{"taxonomy":"post_tag","embeddable":true,"href":"https:\/\/www.eldiariodetucuman.com\/web\/wp-json\/wp\/v2\/tags?post=14715"}],"curies":[{"name":"wp","href":"https:\/\/api.w.org\/{rel}","templated":true}]}}