{"id":14711,"date":"2018-07-31T09:17:05","date_gmt":"2018-07-31T12:17:05","guid":{"rendered":"http:\/\/www.eldiariodetucuman.com\/web\/?p=14711"},"modified":"2018-07-31T09:17:05","modified_gmt":"2018-07-31T12:17:05","slug":"el-turismo-invernal-dejo-270-millones-a-la-provincia","status":"publish","type":"post","link":"https:\/\/www.eldiariodetucuman.com\/web\/el-turismo-invernal-dejo-270-millones-a-la-provincia\/","title":{"rendered":"El turismo invernal dej\u00f3 $270 millones a la provincia"},"content":{"rendered":"<p>M\u00e1s de 180.000 turistas visitaron Tucum\u00e1n en julio y cerca de 12.000 pasaron por la oficina de Informaci\u00f3n Tur\u00edstica del Ente de Turismo.<\/p>\n<p><!--more--><\/p>\n<p>Culmin\u00f3 la temporada invernal en la provincia de\u00a0Tucum\u00e1n\u00a0y, esta ma\u00f1ana, el primer mandatario\u00a0Juan Manzur\u00a0&#8211; junto al vicegobernador\u00a0Osvaldo Jaldo- y el titular del\u00a0Ente Tucum\u00e1n Turismo,\u00a0Sebastian Giobellina, presentaron el balance en la Casa de Gobierno.<\/p>\n<p>Entre las cifras m\u00e1s contundentes que dej\u00f3 la temporada, su impacto econ\u00f3mico en la provincia fue de $272.546.622, la principal oficina de Informes Tur\u00edsticos recibi\u00f3 a 11.840 turistas, y se elev\u00f3 a 188.306 la cantidad de turistas que visitaron Tucum\u00e1n, un incremento del 15% con respecto al mismo per\u00edodo en 2017.<\/p>\n<p>La ocupaci\u00f3n hotelera y parahotelera fue del 66% en promedio y, durante los fines de semana, la provincia registr\u00f3 picos del 90% en sus principales destinos tur\u00edsticos, con un total de 289.348 pernoctaciones. La estad\u00eda promedio en Tucum\u00e1n fue de 3.1 noches en la\u00a0Ciudad Hist\u00f3rica, 2.0 en\u00a0Taf\u00ed del Valle\u00a0y 2.5 en\u00a0San Javier\u00a0en un viaje de 8 d\u00edas.<\/p>\n<p>Por otro lado, el gasto diario promedio por turista en la provincia fue de $1565, de los cuales un 43% se destin\u00f3 al alojamiento, un 22% a la gastronom\u00eda y un 16% a las compras.<\/p>\n<p>El titular del Poder Ejecutivo local celebr\u00f3 los indicadores y anticip\u00f3 que continuar\u00e1 con el mismo rumbo, marcando una clara Pol\u00edtica de Estado que, asegur\u00f3, mantendr\u00e1 durante el pr\u00f3ximo a\u00f1o: \u201cVamos a seguir priorizando la gesti\u00f3n tur\u00edstica\u201d, enfatiz\u00f3.<\/p>\n<p>Giobellina, por su parte, destac\u00f3 los logros de la gesti\u00f3n en una nueva temporada exitosa. \u201cFue una temporada muy positiva. Por tercer a\u00f1o consecutivo tuvimos un crecimiento del 3% en comparativa con a\u00f1os anteriores. Obtuvimos muchas cifras que nos alientan a seguir en esta l\u00ednea de trabajo. Vino a Tucum\u00e1n un 15% m\u00e1s de turistas gracias a los nuevos vuelos\u201d, consider\u00f3 el titular del Ente de Turismo provincial.<\/p>\n<p>Cabe destacar que en el \u00faltimo a\u00f1o se incorporaron tres rutas internacionales a\u00a0Lima,\u00a0Santiago de Chile\u00a0y\u00a0San Pablo, fruto de las gestiones que desde la provincia se realizaron directamente con la compa\u00f1\u00eda\u00a0LATAM. Asimismo, a\u00fan se encuentran pendientes rutas que otras compa\u00f1\u00edas y destinos tramitaron a trav\u00e9s de la\u00a0Audiencia P\u00fablica 219\u00a0del\u00a0Ministerio de Transporte de la Naci\u00f3n, en septiembre del a\u00f1o 2017.<\/p>\n<p>El funcionario hizo hincapi\u00e9 en la excelente temporada del\u00a0Centro de Interpretaci\u00f3n de Quilmes\u00a0inaugurado este a\u00f1o que recibi\u00f3 un promedio de 1300 turistas diarios. \u201cLa\u00a0Casa Hist\u00f3rica de la Independencia\u00a0tambi\u00e9n tuvo un nuevo r\u00e9cord con m\u00e1s de 44.200 visitas. El espect\u00e1culo Tina manejado por la provincia trabaj\u00f3 toda la temporada con funciones agotadas. A esto hay que sumarle la propuesta cultural de la provincia, el\u00a0Turismo Religioso\u00a0y el\u00a0Turismo Activo\u00bb.<\/p>\n<p>\u201cLlegamos a $272.000.000 recaudados en materia tur\u00edstica para la provincia y superamos los 188.000 turistas alojados en hoteles del 6 al 28 de julio. Fue una excelente temporada invernal y esperamos seguir creciendo. Trabajamos para que el turismo se siga desarrollando dado que esta industria da trabajo a mucha gente y activa la econom\u00eda regional\u201d, augur\u00f3 Giobellina.<\/p>\n<p>Desde el sector privado, el titular de la filial tucumana de la\u00a0Asociaci\u00f3n de Hoteles de Turismo de la Rep\u00fablica Argentina,\u00a0Osvaldo Castillo, tambi\u00e9n resalt\u00f3 la buena temporada. \u201cEl empresariado local est\u00e1 viendo los resultados y est\u00e1 agradecido por las acciones que se vienen realizando, como lo son las gestiones por la conectividad a\u00e9rea que se vio reflejada en un crecimiento del 70% del turismo internacional que nos visita\u201d, enfatiz\u00f3 el empresario.<\/p>\n<p><strong>\u00bfDe d\u00f3nde vienen los turistas?<\/strong><\/p>\n<p>En esta temporada, Tucum\u00e1n recibi\u00f3 un 5% de turistas extranjeros procedentes de\u00a0Brasil,\u00a0Chile,\u00a0Per\u00fa,\u00a0Uruguay\u00a0y\u00a0Europa. Entre los turistas nacionales, un 41% es de\u00a0Buenos Aires, un 12% de\u00a0C\u00f3rdoba, un\u00a010% de\u00a0Santa Fe, y el resto se distribuye entre\u00a0Chaco,\u00a0Entre R\u00edos,\u00a0San Juan\u00a0y\u00a0La Pampa.<\/p>\n<p><strong>\u00bfQu\u00e9 visitaron nuestros turistas?<\/strong><\/p>\n<p>Las vacaciones de invierno tambi\u00e9n dejaron cientos y miles de visitas a los principales museos y espect\u00e1culos de la provincia.<\/p>\n<p>Un total de 44.220 turistas visitaron el Museo Casa Hist\u00f3rica de la Independencia. Por su parte, el Centro de Interpretaci\u00f3n de Quilmes recibi\u00f3 picos de 1300 turistas durante los fines de semana. Mientras, el musical\u00a0\u201cTina, el Rumor de una Naci\u00f3n\u201d\u00a0tuvo 5.122 espectadores en julio, colmando las tres funciones diarias durante los seis d\u00edas a la semana.<\/p>\n<p><strong>Fuente:<\/strong><a href=\"https:\/\/www.tucumanturismo.gob.ar\/\">\u00a0https:\/\/www.tucumanturismo.gob.ar\/<\/a><\/p>\n","protected":false},"excerpt":{"rendered":"<p>M\u00e1s de 180.000 turistas visitaron Tucum\u00e1n en julio y cerca de 12.000 pasaron por la oficina de Informaci\u00f3n Tur\u00edstica del Ente de Turismo.<\/p>\n","protected":false},"author":5,"featured_media":14712,"comment_status":"closed","ping_status":"open","sticky":false,"template":"","format":"standard","meta":{"footnotes":""},"categories":[2],"tags":[970,61,117],"class_list":{"0":"post-14711","1":"post","2":"type-post","3":"status-publish","4":"format-standard","5":"has-post-thumbnail","7":"category-actualidad","8":"tag-provincia","9":"tag-tucuman","10":"tag-turismo"},"yoast_head":"<!-- This site is optimized with the Yoast SEO plugin v27.4 - https:\/\/yoast.com\/product\/yoast-seo-wordpress\/ -->\n<title>El turismo invernal dej\u00f3 $270 millones a la provincia - El Diario de Tucuman<\/title>\n<meta name=\"robots\" content=\"index, follow, max-snippet:-1, max-image-preview:large, max-video-preview:-1\" \/>\n<link rel=\"canonical\" href=\"https:\/\/www.eldiariodetucuman.com\/web\/el-turismo-invernal-dejo-270-millones-a-la-provincia\/\" \/>\n<meta property=\"og:locale\" content=\"es_ES\" \/>\n<meta property=\"og:type\" content=\"article\" \/>\n<meta property=\"og:title\" content=\"El turismo invernal dej\u00f3 $270 millones a la provincia - El Diario de Tucuman\" \/>\n<meta property=\"og:description\" content=\"M\u00e1s de 180.000 turistas visitaron Tucum\u00e1n en julio y cerca de 12.000 pasaron por la oficina de Informaci\u00f3n Tur\u00edstica del Ente de Turismo.\" \/>\n<meta property=\"og:url\" content=\"https:\/\/www.eldiariodetucuman.com\/web\/el-turismo-invernal-dejo-270-millones-a-la-provincia\/\" \/>\n<meta property=\"og:site_name\" content=\"El Diario de Tucuman\" \/>\n<meta property=\"article:published_time\" content=\"2018-07-31T12:17:05+00:00\" \/>\n<meta property=\"og:image\" content=\"https:\/\/www.eldiariodetucuman.com\/web\/wp-content\/uploads\/2018\/07\/unnamed.jpg\" \/>\n\t<meta property=\"og:image:width\" content=\"888\" \/>\n\t<meta property=\"og:image:height\" content=\"500\" \/>\n\t<meta property=\"og:image:type\" content=\"image\/jpeg\" \/>\n<meta name=\"author\" content=\"Redactor Uno\" \/>\n<meta name=\"twitter:card\" content=\"summary_large_image\" \/>\n<meta name=\"twitter:label1\" content=\"Escrito por\" \/>\n\t<meta name=\"twitter:data1\" content=\"Redactor Uno\" \/>\n\t<meta name=\"twitter:label2\" content=\"Tiempo de lectura\" \/>\n\t<meta name=\"twitter:data2\" content=\"4 minutos\" \/>\n<script type=\"application\/ld+json\" class=\"yoast-schema-graph\">{\"@context\":\"https:\\\/\\\/schema.org\",\"@graph\":[{\"@type\":\"Article\",\"@id\":\"https:\\\/\\\/www.eldiariodetucuman.com\\\/web\\\/el-turismo-invernal-dejo-270-millones-a-la-provincia\\\/#article\",\"isPartOf\":{\"@id\":\"https:\\\/\\\/www.eldiariodetucuman.com\\\/web\\\/el-turismo-invernal-dejo-270-millones-a-la-provincia\\\/\"},\"author\":{\"name\":\"Redactor Uno\",\"@id\":\"https:\\\/\\\/www.eldiariodetucuman.com\\\/web\\\/#\\\/schema\\\/person\\\/7e6644a46e60888f6b868594407e08dd\"},\"headline\":\"El turismo invernal dej\u00f3 $270 millones a la provincia\",\"datePublished\":\"2018-07-31T12:17:05+00:00\",\"mainEntityOfPage\":{\"@id\":\"https:\\\/\\\/www.eldiariodetucuman.com\\\/web\\\/el-turismo-invernal-dejo-270-millones-a-la-provincia\\\/\"},\"wordCount\":762,\"publisher\":{\"@id\":\"https:\\\/\\\/www.eldiariodetucuman.com\\\/web\\\/#organization\"},\"image\":{\"@id\":\"https:\\\/\\\/www.eldiariodetucuman.com\\\/web\\\/el-turismo-invernal-dejo-270-millones-a-la-provincia\\\/#primaryimage\"},\"thumbnailUrl\":\"https:\\\/\\\/www.eldiariodetucuman.com\\\/web\\\/wp-content\\\/uploads\\\/2018\\\/07\\\/unnamed.jpg\",\"keywords\":[\"provincia\",\"Tucuman\",\"Turismo\"],\"articleSection\":[\"Actualidad\"],\"inLanguage\":\"es\"},{\"@type\":\"WebPage\",\"@id\":\"https:\\\/\\\/www.eldiariodetucuman.com\\\/web\\\/el-turismo-invernal-dejo-270-millones-a-la-provincia\\\/\",\"url\":\"https:\\\/\\\/www.eldiariodetucuman.com\\\/web\\\/el-turismo-invernal-dejo-270-millones-a-la-provincia\\\/\",\"name\":\"El turismo invernal dej\u00f3 $270 millones a la provincia - El Diario de Tucuman\",\"isPartOf\":{\"@id\":\"https:\\\/\\\/www.eldiariodetucuman.com\\\/web\\\/#website\"},\"primaryImageOfPage\":{\"@id\":\"https:\\\/\\\/www.eldiariodetucuman.com\\\/web\\\/el-turismo-invernal-dejo-270-millones-a-la-provincia\\\/#primaryimage\"},\"image\":{\"@id\":\"https:\\\/\\\/www.eldiariodetucuman.com\\\/web\\\/el-turismo-invernal-dejo-270-millones-a-la-provincia\\\/#primaryimage\"},\"thumbnailUrl\":\"https:\\\/\\\/www.eldiariodetucuman.com\\\/web\\\/wp-content\\\/uploads\\\/2018\\\/07\\\/unnamed.jpg\",\"datePublished\":\"2018-07-31T12:17:05+00:00\",\"breadcrumb\":{\"@id\":\"https:\\\/\\\/www.eldiariodetucuman.com\\\/web\\\/el-turismo-invernal-dejo-270-millones-a-la-provincia\\\/#breadcrumb\"},\"inLanguage\":\"es\",\"potentialAction\":[{\"@type\":\"ReadAction\",\"target\":[\"https:\\\/\\\/www.eldiariodetucuman.com\\\/web\\\/el-turismo-invernal-dejo-270-millones-a-la-provincia\\\/\"]}]},{\"@type\":\"ImageObject\",\"inLanguage\":\"es\",\"@id\":\"https:\\\/\\\/www.eldiariodetucuman.com\\\/web\\\/el-turismo-invernal-dejo-270-millones-a-la-provincia\\\/#primaryimage\",\"url\":\"https:\\\/\\\/www.eldiariodetucuman.com\\\/web\\\/wp-content\\\/uploads\\\/2018\\\/07\\\/unnamed.jpg\",\"contentUrl\":\"https:\\\/\\\/www.eldiariodetucuman.com\\\/web\\\/wp-content\\\/uploads\\\/2018\\\/07\\\/unnamed.jpg\",\"width\":888,\"height\":500},{\"@type\":\"BreadcrumbList\",\"@id\":\"https:\\\/\\\/www.eldiariodetucuman.com\\\/web\\\/el-turismo-invernal-dejo-270-millones-a-la-provincia\\\/#breadcrumb\",\"itemListElement\":[{\"@type\":\"ListItem\",\"position\":1,\"name\":\"Portada\",\"item\":\"https:\\\/\\\/www.eldiariodetucuman.com\\\/web\\\/\"},{\"@type\":\"ListItem\",\"position\":2,\"name\":\"El turismo invernal dej\u00f3 $270 millones a la provincia\"}]},{\"@type\":\"WebSite\",\"@id\":\"https:\\\/\\\/www.eldiariodetucuman.com\\\/web\\\/#website\",\"url\":\"https:\\\/\\\/www.eldiariodetucuman.com\\\/web\\\/\",\"name\":\"El Diario de Tucuman\",\"description\":\"Diario Tucuman - Informaci\u00f3n y noticias\",\"publisher\":{\"@id\":\"https:\\\/\\\/www.eldiariodetucuman.com\\\/web\\\/#organization\"},\"potentialAction\":[{\"@type\":\"SearchAction\",\"target\":{\"@type\":\"EntryPoint\",\"urlTemplate\":\"https:\\\/\\\/www.eldiariodetucuman.com\\\/web\\\/?s={search_term_string}\"},\"query-input\":{\"@type\":\"PropertyValueSpecification\",\"valueRequired\":true,\"valueName\":\"search_term_string\"}}],\"inLanguage\":\"es\"},{\"@type\":\"Organization\",\"@id\":\"https:\\\/\\\/www.eldiariodetucuman.com\\\/web\\\/#organization\",\"name\":\"El Diario de Tucuman\",\"url\":\"https:\\\/\\\/www.eldiariodetucuman.com\\\/web\\\/\",\"logo\":{\"@type\":\"ImageObject\",\"inLanguage\":\"es\",\"@id\":\"https:\\\/\\\/www.eldiariodetucuman.com\\\/web\\\/#\\\/schema\\\/logo\\\/image\\\/\",\"url\":\"http:\\\/\\\/www.eldiariodetucuman.com\\\/web\\\/wp-content\\\/uploads\\\/2017\\\/12\\\/el-diario-de-tucuman.jpg\",\"contentUrl\":\"http:\\\/\\\/www.eldiariodetucuman.com\\\/web\\\/wp-content\\\/uploads\\\/2017\\\/12\\\/el-diario-de-tucuman.jpg\",\"width\":272,\"height\":92,\"caption\":\"El Diario de Tucuman\"},\"image\":{\"@id\":\"https:\\\/\\\/www.eldiariodetucuman.com\\\/web\\\/#\\\/schema\\\/logo\\\/image\\\/\"}},{\"@type\":\"Person\",\"@id\":\"https:\\\/\\\/www.eldiariodetucuman.com\\\/web\\\/#\\\/schema\\\/person\\\/7e6644a46e60888f6b868594407e08dd\",\"name\":\"Redactor Uno\",\"image\":{\"@type\":\"ImageObject\",\"inLanguage\":\"es\",\"@id\":\"https:\\\/\\\/secure.gravatar.com\\\/avatar\\\/0049b1bdf1bd548385c9ea6b9356431717930913089febd2ba904f0187d7d074?s=96&d=mm&r=g\",\"url\":\"https:\\\/\\\/secure.gravatar.com\\\/avatar\\\/0049b1bdf1bd548385c9ea6b9356431717930913089febd2ba904f0187d7d074?s=96&d=mm&r=g\",\"contentUrl\":\"https:\\\/\\\/secure.gravatar.com\\\/avatar\\\/0049b1bdf1bd548385c9ea6b9356431717930913089febd2ba904f0187d7d074?s=96&d=mm&r=g\",\"caption\":\"Redactor Uno\"},\"url\":\"https:\\\/\\\/www.eldiariodetucuman.com\\\/web\\\/author\\\/mramasco\\\/\"}]}<\/script>\n<!-- \/ Yoast SEO plugin. -->","yoast_head_json":{"title":"El turismo invernal dej\u00f3 $270 millones a la provincia - El Diario de Tucuman","robots":{"index":"index","follow":"follow","max-snippet":"max-snippet:-1","max-image-preview":"max-image-preview:large","max-video-preview":"max-video-preview:-1"},"canonical":"https:\/\/www.eldiariodetucuman.com\/web\/el-turismo-invernal-dejo-270-millones-a-la-provincia\/","og_locale":"es_ES","og_type":"article","og_title":"El turismo invernal dej\u00f3 $270 millones a la provincia - El Diario de Tucuman","og_description":"M\u00e1s de 180.000 turistas visitaron Tucum\u00e1n en julio y cerca de 12.000 pasaron por la oficina de Informaci\u00f3n Tur\u00edstica del Ente de Turismo.","og_url":"https:\/\/www.eldiariodetucuman.com\/web\/el-turismo-invernal-dejo-270-millones-a-la-provincia\/","og_site_name":"El Diario de Tucuman","article_published_time":"2018-07-31T12:17:05+00:00","og_image":[{"width":888,"height":500,"url":"https:\/\/www.eldiariodetucuman.com\/web\/wp-content\/uploads\/2018\/07\/unnamed.jpg","type":"image\/jpeg"}],"author":"Redactor Uno","twitter_card":"summary_large_image","twitter_misc":{"Escrito por":"Redactor Uno","Tiempo de lectura":"4 minutos"},"schema":{"@context":"https:\/\/schema.org","@graph":[{"@type":"Article","@id":"https:\/\/www.eldiariodetucuman.com\/web\/el-turismo-invernal-dejo-270-millones-a-la-provincia\/#article","isPartOf":{"@id":"https:\/\/www.eldiariodetucuman.com\/web\/el-turismo-invernal-dejo-270-millones-a-la-provincia\/"},"author":{"name":"Redactor Uno","@id":"https:\/\/www.eldiariodetucuman.com\/web\/#\/schema\/person\/7e6644a46e60888f6b868594407e08dd"},"headline":"El turismo invernal dej\u00f3 $270 millones a la provincia","datePublished":"2018-07-31T12:17:05+00:00","mainEntityOfPage":{"@id":"https:\/\/www.eldiariodetucuman.com\/web\/el-turismo-invernal-dejo-270-millones-a-la-provincia\/"},"wordCount":762,"publisher":{"@id":"https:\/\/www.eldiariodetucuman.com\/web\/#organization"},"image":{"@id":"https:\/\/www.eldiariodetucuman.com\/web\/el-turismo-invernal-dejo-270-millones-a-la-provincia\/#primaryimage"},"thumbnailUrl":"https:\/\/www.eldiariodetucuman.com\/web\/wp-content\/uploads\/2018\/07\/unnamed.jpg","keywords":["provincia","Tucuman","Turismo"],"articleSection":["Actualidad"],"inLanguage":"es"},{"@type":"WebPage","@id":"https:\/\/www.eldiariodetucuman.com\/web\/el-turismo-invernal-dejo-270-millones-a-la-provincia\/","url":"https:\/\/www.eldiariodetucuman.com\/web\/el-turismo-invernal-dejo-270-millones-a-la-provincia\/","name":"El turismo invernal dej\u00f3 $270 millones a la provincia - El Diario de Tucuman","isPartOf":{"@id":"https:\/\/www.eldiariodetucuman.com\/web\/#website"},"primaryImageOfPage":{"@id":"https:\/\/www.eldiariodetucuman.com\/web\/el-turismo-invernal-dejo-270-millones-a-la-provincia\/#primaryimage"},"image":{"@id":"https:\/\/www.eldiariodetucuman.com\/web\/el-turismo-invernal-dejo-270-millones-a-la-provincia\/#primaryimage"},"thumbnailUrl":"https:\/\/www.eldiariodetucuman.com\/web\/wp-content\/uploads\/2018\/07\/unnamed.jpg","datePublished":"2018-07-31T12:17:05+00:00","breadcrumb":{"@id":"https:\/\/www.eldiariodetucuman.com\/web\/el-turismo-invernal-dejo-270-millones-a-la-provincia\/#breadcrumb"},"inLanguage":"es","potentialAction":[{"@type":"ReadAction","target":["https:\/\/www.eldiariodetucuman.com\/web\/el-turismo-invernal-dejo-270-millones-a-la-provincia\/"]}]},{"@type":"ImageObject","inLanguage":"es","@id":"https:\/\/www.eldiariodetucuman.com\/web\/el-turismo-invernal-dejo-270-millones-a-la-provincia\/#primaryimage","url":"https:\/\/www.eldiariodetucuman.com\/web\/wp-content\/uploads\/2018\/07\/unnamed.jpg","contentUrl":"https:\/\/www.eldiariodetucuman.com\/web\/wp-content\/uploads\/2018\/07\/unnamed.jpg","width":888,"height":500},{"@type":"BreadcrumbList","@id":"https:\/\/www.eldiariodetucuman.com\/web\/el-turismo-invernal-dejo-270-millones-a-la-provincia\/#breadcrumb","itemListElement":[{"@type":"ListItem","position":1,"name":"Portada","item":"https:\/\/www.eldiariodetucuman.com\/web\/"},{"@type":"ListItem","position":2,"name":"El turismo invernal dej\u00f3 $270 millones a la provincia"}]},{"@type":"WebSite","@id":"https:\/\/www.eldiariodetucuman.com\/web\/#website","url":"https:\/\/www.eldiariodetucuman.com\/web\/","name":"El Diario de Tucuman","description":"Diario Tucuman - Informaci\u00f3n y noticias","publisher":{"@id":"https:\/\/www.eldiariodetucuman.com\/web\/#organization"},"potentialAction":[{"@type":"SearchAction","target":{"@type":"EntryPoint","urlTemplate":"https:\/\/www.eldiariodetucuman.com\/web\/?s={search_term_string}"},"query-input":{"@type":"PropertyValueSpecification","valueRequired":true,"valueName":"search_term_string"}}],"inLanguage":"es"},{"@type":"Organization","@id":"https:\/\/www.eldiariodetucuman.com\/web\/#organization","name":"El Diario de Tucuman","url":"https:\/\/www.eldiariodetucuman.com\/web\/","logo":{"@type":"ImageObject","inLanguage":"es","@id":"https:\/\/www.eldiariodetucuman.com\/web\/#\/schema\/logo\/image\/","url":"http:\/\/www.eldiariodetucuman.com\/web\/wp-content\/uploads\/2017\/12\/el-diario-de-tucuman.jpg","contentUrl":"http:\/\/www.eldiariodetucuman.com\/web\/wp-content\/uploads\/2017\/12\/el-diario-de-tucuman.jpg","width":272,"height":92,"caption":"El Diario de Tucuman"},"image":{"@id":"https:\/\/www.eldiariodetucuman.com\/web\/#\/schema\/logo\/image\/"}},{"@type":"Person","@id":"https:\/\/www.eldiariodetucuman.com\/web\/#\/schema\/person\/7e6644a46e60888f6b868594407e08dd","name":"Redactor Uno","image":{"@type":"ImageObject","inLanguage":"es","@id":"https:\/\/secure.gravatar.com\/avatar\/0049b1bdf1bd548385c9ea6b9356431717930913089febd2ba904f0187d7d074?s=96&d=mm&r=g","url":"https:\/\/secure.gravatar.com\/avatar\/0049b1bdf1bd548385c9ea6b9356431717930913089febd2ba904f0187d7d074?s=96&d=mm&r=g","contentUrl":"https:\/\/secure.gravatar.com\/avatar\/0049b1bdf1bd548385c9ea6b9356431717930913089febd2ba904f0187d7d074?s=96&d=mm&r=g","caption":"Redactor Uno"},"url":"https:\/\/www.eldiariodetucuman.com\/web\/author\/mramasco\/"}]}},"_links":{"self":[{"href":"https:\/\/www.eldiariodetucuman.com\/web\/wp-json\/wp\/v2\/posts\/14711","targetHints":{"allow":["GET"]}}],"collection":[{"href":"https:\/\/www.eldiariodetucuman.com\/web\/wp-json\/wp\/v2\/posts"}],"about":[{"href":"https:\/\/www.eldiariodetucuman.com\/web\/wp-json\/wp\/v2\/types\/post"}],"author":[{"embeddable":true,"href":"https:\/\/www.eldiariodetucuman.com\/web\/wp-json\/wp\/v2\/users\/5"}],"replies":[{"embeddable":true,"href":"https:\/\/www.eldiariodetucuman.com\/web\/wp-json\/wp\/v2\/comments?post=14711"}],"version-history":[{"count":1,"href":"https:\/\/www.eldiariodetucuman.com\/web\/wp-json\/wp\/v2\/posts\/14711\/revisions"}],"predecessor-version":[{"id":14713,"href":"https:\/\/www.eldiariodetucuman.com\/web\/wp-json\/wp\/v2\/posts\/14711\/revisions\/14713"}],"wp:featuredmedia":[{"embeddable":true,"href":"https:\/\/www.eldiariodetucuman.com\/web\/wp-json\/wp\/v2\/media\/14712"}],"wp:attachment":[{"href":"https:\/\/www.eldiariodetucuman.com\/web\/wp-json\/wp\/v2\/media?parent=14711"}],"wp:term":[{"taxonomy":"category","embeddable":true,"href":"https:\/\/www.eldiariodetucuman.com\/web\/wp-json\/wp\/v2\/categories?post=14711"},{"taxonomy":"post_tag","embeddable":true,"href":"https:\/\/www.eldiariodetucuman.com\/web\/wp-json\/wp\/v2\/tags?post=14711"}],"curies":[{"name":"wp","href":"https:\/\/api.w.org\/{rel}","templated":true}]}}