{"id":14708,"date":"2018-07-31T00:08:32","date_gmt":"2018-07-31T03:08:32","guid":{"rendered":"http:\/\/www.eldiariodetucuman.com\/web\/el-cadillal-despierta-el-interes-de-inversores-turisticos\/"},"modified":"2018-07-31T00:08:33","modified_gmt":"2018-07-31T03:08:33","slug":"el-cadillal-despierta-el-interes-de-inversores-turisticos","status":"publish","type":"post","link":"https:\/\/www.eldiariodetucuman.com\/web\/el-cadillal-despierta-el-interes-de-inversores-turisticos\/","title":{"rendered":"El Cadillal despierta el inter\u00e9s de inversores tur\u00edsticos"},"content":{"rendered":"<div>\n<div readability=\"88.5\">\n<p>El Cadillal a\u00fan es un diamante en bruto que necesita desarrollo de infraestructura para atraer al turismo, afirman empresarios, que vieron en este espejo de agua posibilidades de crecimiento en esa materia. Hoy inversores de la empresa Club de Barcos se reunieron con el gobernador, <strong>Juan Manzur<\/strong>, para presentarle un proyecto de instalaciones na\u00faticas.<\/p>\n<blockquote readability=\"10\">\n<p>Es un proyecto atractivo para hacer un desarrollo en El Cadillal. Escuchamos la propuesta y veremos c\u00f3mo sigue. Mientras tanto el Gobierno va a avanzar en obras de infraestructura en esa zona, porque consideramos que en un futuro cercano ser\u00e1 un gran polo urban\u00edstico\u201d, explic\u00f3 el Primer Mandatario tucumano.<\/p>\n<\/blockquote>\n<p>Los inversores <strong>Hugo Schwartz<\/strong> y <strong>Victor Resti<\/strong>, estuvieron acompa\u00f1ados por el presidente del Ente Tucum\u00e1n Turismo, <strong>Sebasti\u00e1n Giobellina<\/strong>, que remarc\u00f3 que \u201cEl Cadillal es una zona estrat\u00e9gica para el turismo y queremos crezca, pero en paralelo buscamos brindar mejores servicios que tienen que ver con la gastronom\u00eda, con los deportes acu\u00e1ticos, con los balnearios, estacionamiento, ba\u00f1os p\u00fablicos y los prestadores de turismo\u201d.<\/p>\n<p>En ese sentido, Giobellina explic\u00f3 que \u201ccon la infraestuctura que la empresa propone estar\u00edamos mejorando lo que se est\u00e1 planificando para El Cadillal\u201d. En los pr\u00f3ximos d\u00edas, la Provincia comenzar\u00e1 la primera etapa, de tres partes, de obras en el dique, en la zona de puerto Argentino.<\/p>\n<p>La propuesta de Club de Barcos podr\u00eda complementar el masterplan propuesto para El Cadillal por el Ente Tucum\u00e1n Turismo, que consiste en\u00a0repensar el sitio tur\u00edstico sectorizando sus distintos espacios a raz\u00f3n de los diversos p\u00fablicos que lo visitan y de las actividades que realizan. El proyecto del Ente plantea un sector balneario, un paseo p\u00fablico de costanera con bicisendas,\u00a0otro lugar\u00a0pensado para aquellos que quieran realizar deportes n\u00e1uticos y espacios culturales a trav\u00e9s del museo y el anfiteatro que deben ser dotados de mayor infraestructura.<\/p>\n<p><a href=\"http:\/\/comunicaciontucuman.gob.ar\/wp-content\/uploads\/2018\/07\/Schwartz-conferencia-LS.jpg\"><img loading=\"lazy\" decoding=\"async\" class=\"size-medium wp-image-172148 alignleft\" src=\"http:\/\/comunicaciontucuman.gob.ar\/wp-content\/uploads\/2018\/07\/Schwartz-conferencia-LS-300x166.jpg\" alt=\"Schwartz-conferencia-LS\" width=\"300\" height=\"166\"><\/a><\/p>\n<p>Schwartz explic\u00f3, por otro lado, que su idea consiste en \u201cgenerar guarder\u00edas e infraestructura n\u00e1utica en el interior de la Argentina. Vimos la oportunidad de generar esto y acompa\u00f1ar el desarrollo con un complejo habitacional de fin de semana para disfrutar la flora y la fauna de la zona de El Cadillal. Este lugar es un diamante en bruto\u201d.<\/p>\n<p>\u201cVemos un compromiso con el Gobernador y nos vamos esperanzados. Hicimos un plan de trabajo sencillo, as\u00ed que el a\u00f1o que viene esperamos tener obras en marcha. Ser\u00e1 un efecto multiplicador este tipo de emprendimiento por la mano de obra, construcci\u00f3n, mantenimiento y el desarrollo zonal\u201d,\u00a0concluy\u00f3 el empresario.<\/p>\n<p>\u00a0<\/p>\n<\/div>\n<\/div>\n<p>Fuente: http:\/\/comunicaciontucuman.gob.ar\/2018\/07\/el-cadillal-despierta-el-interes-de-inversores-turisticos\/<\/p>\n","protected":false},"excerpt":{"rendered":"<p>El Cadillal a\u00fan es un diamante en bruto que necesita desarrollo de infraestructura para atraer al turismo, afirman empresarios, que vieron en este espejo de agua posibilidades de crecimiento en esa materia. Hoy inversores de la empresa Club de Barcos se reunieron con el gobernador, Juan Manzur, para presentarle un proyecto de instalaciones na\u00faticas. Es [&hellip;]<\/p>\n","protected":false},"author":1,"featured_media":14709,"comment_status":"open","ping_status":"closed","sticky":false,"template":"","format":"standard","meta":{"footnotes":""},"categories":[3],"tags":[],"class_list":{"0":"post-14708","1":"post","2":"type-post","3":"status-publish","4":"format-standard","5":"has-post-thumbnail","7":"category-politica"},"yoast_head":"<!-- This site is optimized with the Yoast SEO plugin v27.4 - https:\/\/yoast.com\/product\/yoast-seo-wordpress\/ -->\n<title>El Cadillal despierta el inter\u00e9s de inversores tur\u00edsticos - El Diario de Tucuman<\/title>\n<meta name=\"robots\" content=\"index, follow, max-snippet:-1, max-image-preview:large, max-video-preview:-1\" \/>\n<link rel=\"canonical\" href=\"https:\/\/www.eldiariodetucuman.com\/web\/el-cadillal-despierta-el-interes-de-inversores-turisticos\/\" \/>\n<meta property=\"og:locale\" content=\"es_ES\" \/>\n<meta property=\"og:type\" content=\"article\" \/>\n<meta property=\"og:title\" content=\"El Cadillal despierta el inter\u00e9s de inversores tur\u00edsticos - El Diario de Tucuman\" \/>\n<meta property=\"og:description\" content=\"El Cadillal a\u00fan es un diamante en bruto que necesita desarrollo de infraestructura para atraer al turismo, afirman empresarios, que vieron en este espejo de agua posibilidades de crecimiento en esa materia. Hoy inversores de la empresa Club de Barcos se reunieron con el gobernador, Juan Manzur, para presentarle un proyecto de instalaciones na\u00faticas. Es [&hellip;]\" \/>\n<meta property=\"og:url\" content=\"https:\/\/www.eldiariodetucuman.com\/web\/el-cadillal-despierta-el-interes-de-inversores-turisticos\/\" \/>\n<meta property=\"og:site_name\" content=\"El Diario de Tucuman\" \/>\n<meta property=\"article:published_time\" content=\"2018-07-31T03:08:32+00:00\" \/>\n<meta property=\"article:modified_time\" content=\"2018-07-31T03:08:33+00:00\" \/>\n<meta property=\"og:image\" content=\"https:\/\/www.eldiariodetucuman.com\/web\/wp-content\/uploads\/2018\/07\/d2fc7520e8d0d0d4b5c3941d3863bd3c.jpeg\" \/>\n\t<meta property=\"og:image:width\" content=\"300\" \/>\n\t<meta property=\"og:image:height\" content=\"166\" \/>\n\t<meta property=\"og:image:type\" content=\"image\/jpeg\" \/>\n<meta name=\"author\" content=\"admin\" \/>\n<meta name=\"twitter:card\" content=\"summary_large_image\" \/>\n<meta name=\"twitter:label1\" content=\"Escrito por\" \/>\n\t<meta name=\"twitter:data1\" content=\"admin\" \/>\n\t<meta name=\"twitter:label2\" content=\"Tiempo de lectura\" \/>\n\t<meta name=\"twitter:data2\" content=\"2 minutos\" \/>\n<script type=\"application\/ld+json\" class=\"yoast-schema-graph\">{\"@context\":\"https:\\\/\\\/schema.org\",\"@graph\":[{\"@type\":\"Article\",\"@id\":\"https:\\\/\\\/www.eldiariodetucuman.com\\\/web\\\/el-cadillal-despierta-el-interes-de-inversores-turisticos\\\/#article\",\"isPartOf\":{\"@id\":\"https:\\\/\\\/www.eldiariodetucuman.com\\\/web\\\/el-cadillal-despierta-el-interes-de-inversores-turisticos\\\/\"},\"author\":{\"name\":\"admin\",\"@id\":\"https:\\\/\\\/www.eldiariodetucuman.com\\\/web\\\/#\\\/schema\\\/person\\\/9250197d75ab5483412e19678b121caa\"},\"headline\":\"El Cadillal despierta el inter\u00e9s de inversores tur\u00edsticos\",\"datePublished\":\"2018-07-31T03:08:32+00:00\",\"dateModified\":\"2018-07-31T03:08:33+00:00\",\"mainEntityOfPage\":{\"@id\":\"https:\\\/\\\/www.eldiariodetucuman.com\\\/web\\\/el-cadillal-despierta-el-interes-de-inversores-turisticos\\\/\"},\"wordCount\":451,\"commentCount\":0,\"publisher\":{\"@id\":\"https:\\\/\\\/www.eldiariodetucuman.com\\\/web\\\/#organization\"},\"image\":{\"@id\":\"https:\\\/\\\/www.eldiariodetucuman.com\\\/web\\\/el-cadillal-despierta-el-interes-de-inversores-turisticos\\\/#primaryimage\"},\"thumbnailUrl\":\"https:\\\/\\\/www.eldiariodetucuman.com\\\/web\\\/wp-content\\\/uploads\\\/2018\\\/07\\\/d2fc7520e8d0d0d4b5c3941d3863bd3c.jpeg\",\"articleSection\":[\"Politica\"],\"inLanguage\":\"es\",\"potentialAction\":[{\"@type\":\"CommentAction\",\"name\":\"Comment\",\"target\":[\"https:\\\/\\\/www.eldiariodetucuman.com\\\/web\\\/el-cadillal-despierta-el-interes-de-inversores-turisticos\\\/#respond\"]}]},{\"@type\":\"WebPage\",\"@id\":\"https:\\\/\\\/www.eldiariodetucuman.com\\\/web\\\/el-cadillal-despierta-el-interes-de-inversores-turisticos\\\/\",\"url\":\"https:\\\/\\\/www.eldiariodetucuman.com\\\/web\\\/el-cadillal-despierta-el-interes-de-inversores-turisticos\\\/\",\"name\":\"El Cadillal despierta el inter\u00e9s de inversores tur\u00edsticos - El Diario de Tucuman\",\"isPartOf\":{\"@id\":\"https:\\\/\\\/www.eldiariodetucuman.com\\\/web\\\/#website\"},\"primaryImageOfPage\":{\"@id\":\"https:\\\/\\\/www.eldiariodetucuman.com\\\/web\\\/el-cadillal-despierta-el-interes-de-inversores-turisticos\\\/#primaryimage\"},\"image\":{\"@id\":\"https:\\\/\\\/www.eldiariodetucuman.com\\\/web\\\/el-cadillal-despierta-el-interes-de-inversores-turisticos\\\/#primaryimage\"},\"thumbnailUrl\":\"https:\\\/\\\/www.eldiariodetucuman.com\\\/web\\\/wp-content\\\/uploads\\\/2018\\\/07\\\/d2fc7520e8d0d0d4b5c3941d3863bd3c.jpeg\",\"datePublished\":\"2018-07-31T03:08:32+00:00\",\"dateModified\":\"2018-07-31T03:08:33+00:00\",\"breadcrumb\":{\"@id\":\"https:\\\/\\\/www.eldiariodetucuman.com\\\/web\\\/el-cadillal-despierta-el-interes-de-inversores-turisticos\\\/#breadcrumb\"},\"inLanguage\":\"es\",\"potentialAction\":[{\"@type\":\"ReadAction\",\"target\":[\"https:\\\/\\\/www.eldiariodetucuman.com\\\/web\\\/el-cadillal-despierta-el-interes-de-inversores-turisticos\\\/\"]}]},{\"@type\":\"ImageObject\",\"inLanguage\":\"es\",\"@id\":\"https:\\\/\\\/www.eldiariodetucuman.com\\\/web\\\/el-cadillal-despierta-el-interes-de-inversores-turisticos\\\/#primaryimage\",\"url\":\"https:\\\/\\\/www.eldiariodetucuman.com\\\/web\\\/wp-content\\\/uploads\\\/2018\\\/07\\\/d2fc7520e8d0d0d4b5c3941d3863bd3c.jpeg\",\"contentUrl\":\"https:\\\/\\\/www.eldiariodetucuman.com\\\/web\\\/wp-content\\\/uploads\\\/2018\\\/07\\\/d2fc7520e8d0d0d4b5c3941d3863bd3c.jpeg\",\"width\":300,\"height\":166},{\"@type\":\"BreadcrumbList\",\"@id\":\"https:\\\/\\\/www.eldiariodetucuman.com\\\/web\\\/el-cadillal-despierta-el-interes-de-inversores-turisticos\\\/#breadcrumb\",\"itemListElement\":[{\"@type\":\"ListItem\",\"position\":1,\"name\":\"Portada\",\"item\":\"https:\\\/\\\/www.eldiariodetucuman.com\\\/web\\\/\"},{\"@type\":\"ListItem\",\"position\":2,\"name\":\"El Cadillal despierta el inter\u00e9s de inversores tur\u00edsticos\"}]},{\"@type\":\"WebSite\",\"@id\":\"https:\\\/\\\/www.eldiariodetucuman.com\\\/web\\\/#website\",\"url\":\"https:\\\/\\\/www.eldiariodetucuman.com\\\/web\\\/\",\"name\":\"El Diario de Tucuman\",\"description\":\"Diario Tucuman - Informaci\u00f3n y noticias\",\"publisher\":{\"@id\":\"https:\\\/\\\/www.eldiariodetucuman.com\\\/web\\\/#organization\"},\"potentialAction\":[{\"@type\":\"SearchAction\",\"target\":{\"@type\":\"EntryPoint\",\"urlTemplate\":\"https:\\\/\\\/www.eldiariodetucuman.com\\\/web\\\/?s={search_term_string}\"},\"query-input\":{\"@type\":\"PropertyValueSpecification\",\"valueRequired\":true,\"valueName\":\"search_term_string\"}}],\"inLanguage\":\"es\"},{\"@type\":\"Organization\",\"@id\":\"https:\\\/\\\/www.eldiariodetucuman.com\\\/web\\\/#organization\",\"name\":\"El Diario de Tucuman\",\"url\":\"https:\\\/\\\/www.eldiariodetucuman.com\\\/web\\\/\",\"logo\":{\"@type\":\"ImageObject\",\"inLanguage\":\"es\",\"@id\":\"https:\\\/\\\/www.eldiariodetucuman.com\\\/web\\\/#\\\/schema\\\/logo\\\/image\\\/\",\"url\":\"http:\\\/\\\/www.eldiariodetucuman.com\\\/web\\\/wp-content\\\/uploads\\\/2017\\\/12\\\/el-diario-de-tucuman.jpg\",\"contentUrl\":\"http:\\\/\\\/www.eldiariodetucuman.com\\\/web\\\/wp-content\\\/uploads\\\/2017\\\/12\\\/el-diario-de-tucuman.jpg\",\"width\":272,\"height\":92,\"caption\":\"El Diario de Tucuman\"},\"image\":{\"@id\":\"https:\\\/\\\/www.eldiariodetucuman.com\\\/web\\\/#\\\/schema\\\/logo\\\/image\\\/\"}},{\"@type\":\"Person\",\"@id\":\"https:\\\/\\\/www.eldiariodetucuman.com\\\/web\\\/#\\\/schema\\\/person\\\/9250197d75ab5483412e19678b121caa\",\"name\":\"admin\",\"image\":{\"@type\":\"ImageObject\",\"inLanguage\":\"es\",\"@id\":\"https:\\\/\\\/secure.gravatar.com\\\/avatar\\\/c44d117c2be811212c22cb481f6b8384b6873de103fbc49e7a03cc58d7dea4ac?s=96&d=mm&r=g\",\"url\":\"https:\\\/\\\/secure.gravatar.com\\\/avatar\\\/c44d117c2be811212c22cb481f6b8384b6873de103fbc49e7a03cc58d7dea4ac?s=96&d=mm&r=g\",\"contentUrl\":\"https:\\\/\\\/secure.gravatar.com\\\/avatar\\\/c44d117c2be811212c22cb481f6b8384b6873de103fbc49e7a03cc58d7dea4ac?s=96&d=mm&r=g\",\"caption\":\"admin\"},\"url\":\"https:\\\/\\\/www.eldiariodetucuman.com\\\/web\\\/author\\\/admin\\\/\"}]}<\/script>\n<!-- \/ Yoast SEO plugin. -->","yoast_head_json":{"title":"El Cadillal despierta el inter\u00e9s de inversores tur\u00edsticos - El Diario de Tucuman","robots":{"index":"index","follow":"follow","max-snippet":"max-snippet:-1","max-image-preview":"max-image-preview:large","max-video-preview":"max-video-preview:-1"},"canonical":"https:\/\/www.eldiariodetucuman.com\/web\/el-cadillal-despierta-el-interes-de-inversores-turisticos\/","og_locale":"es_ES","og_type":"article","og_title":"El Cadillal despierta el inter\u00e9s de inversores tur\u00edsticos - El Diario de Tucuman","og_description":"El Cadillal a\u00fan es un diamante en bruto que necesita desarrollo de infraestructura para atraer al turismo, afirman empresarios, que vieron en este espejo de agua posibilidades de crecimiento en esa materia. Hoy inversores de la empresa Club de Barcos se reunieron con el gobernador, Juan Manzur, para presentarle un proyecto de instalaciones na\u00faticas. Es [&hellip;]","og_url":"https:\/\/www.eldiariodetucuman.com\/web\/el-cadillal-despierta-el-interes-de-inversores-turisticos\/","og_site_name":"El Diario de Tucuman","article_published_time":"2018-07-31T03:08:32+00:00","article_modified_time":"2018-07-31T03:08:33+00:00","og_image":[{"width":300,"height":166,"url":"https:\/\/www.eldiariodetucuman.com\/web\/wp-content\/uploads\/2018\/07\/d2fc7520e8d0d0d4b5c3941d3863bd3c.jpeg","type":"image\/jpeg"}],"author":"admin","twitter_card":"summary_large_image","twitter_misc":{"Escrito por":"admin","Tiempo de lectura":"2 minutos"},"schema":{"@context":"https:\/\/schema.org","@graph":[{"@type":"Article","@id":"https:\/\/www.eldiariodetucuman.com\/web\/el-cadillal-despierta-el-interes-de-inversores-turisticos\/#article","isPartOf":{"@id":"https:\/\/www.eldiariodetucuman.com\/web\/el-cadillal-despierta-el-interes-de-inversores-turisticos\/"},"author":{"name":"admin","@id":"https:\/\/www.eldiariodetucuman.com\/web\/#\/schema\/person\/9250197d75ab5483412e19678b121caa"},"headline":"El Cadillal despierta el inter\u00e9s de inversores tur\u00edsticos","datePublished":"2018-07-31T03:08:32+00:00","dateModified":"2018-07-31T03:08:33+00:00","mainEntityOfPage":{"@id":"https:\/\/www.eldiariodetucuman.com\/web\/el-cadillal-despierta-el-interes-de-inversores-turisticos\/"},"wordCount":451,"commentCount":0,"publisher":{"@id":"https:\/\/www.eldiariodetucuman.com\/web\/#organization"},"image":{"@id":"https:\/\/www.eldiariodetucuman.com\/web\/el-cadillal-despierta-el-interes-de-inversores-turisticos\/#primaryimage"},"thumbnailUrl":"https:\/\/www.eldiariodetucuman.com\/web\/wp-content\/uploads\/2018\/07\/d2fc7520e8d0d0d4b5c3941d3863bd3c.jpeg","articleSection":["Politica"],"inLanguage":"es","potentialAction":[{"@type":"CommentAction","name":"Comment","target":["https:\/\/www.eldiariodetucuman.com\/web\/el-cadillal-despierta-el-interes-de-inversores-turisticos\/#respond"]}]},{"@type":"WebPage","@id":"https:\/\/www.eldiariodetucuman.com\/web\/el-cadillal-despierta-el-interes-de-inversores-turisticos\/","url":"https:\/\/www.eldiariodetucuman.com\/web\/el-cadillal-despierta-el-interes-de-inversores-turisticos\/","name":"El Cadillal despierta el inter\u00e9s de inversores tur\u00edsticos - El Diario de Tucuman","isPartOf":{"@id":"https:\/\/www.eldiariodetucuman.com\/web\/#website"},"primaryImageOfPage":{"@id":"https:\/\/www.eldiariodetucuman.com\/web\/el-cadillal-despierta-el-interes-de-inversores-turisticos\/#primaryimage"},"image":{"@id":"https:\/\/www.eldiariodetucuman.com\/web\/el-cadillal-despierta-el-interes-de-inversores-turisticos\/#primaryimage"},"thumbnailUrl":"https:\/\/www.eldiariodetucuman.com\/web\/wp-content\/uploads\/2018\/07\/d2fc7520e8d0d0d4b5c3941d3863bd3c.jpeg","datePublished":"2018-07-31T03:08:32+00:00","dateModified":"2018-07-31T03:08:33+00:00","breadcrumb":{"@id":"https:\/\/www.eldiariodetucuman.com\/web\/el-cadillal-despierta-el-interes-de-inversores-turisticos\/#breadcrumb"},"inLanguage":"es","potentialAction":[{"@type":"ReadAction","target":["https:\/\/www.eldiariodetucuman.com\/web\/el-cadillal-despierta-el-interes-de-inversores-turisticos\/"]}]},{"@type":"ImageObject","inLanguage":"es","@id":"https:\/\/www.eldiariodetucuman.com\/web\/el-cadillal-despierta-el-interes-de-inversores-turisticos\/#primaryimage","url":"https:\/\/www.eldiariodetucuman.com\/web\/wp-content\/uploads\/2018\/07\/d2fc7520e8d0d0d4b5c3941d3863bd3c.jpeg","contentUrl":"https:\/\/www.eldiariodetucuman.com\/web\/wp-content\/uploads\/2018\/07\/d2fc7520e8d0d0d4b5c3941d3863bd3c.jpeg","width":300,"height":166},{"@type":"BreadcrumbList","@id":"https:\/\/www.eldiariodetucuman.com\/web\/el-cadillal-despierta-el-interes-de-inversores-turisticos\/#breadcrumb","itemListElement":[{"@type":"ListItem","position":1,"name":"Portada","item":"https:\/\/www.eldiariodetucuman.com\/web\/"},{"@type":"ListItem","position":2,"name":"El Cadillal despierta el inter\u00e9s de inversores tur\u00edsticos"}]},{"@type":"WebSite","@id":"https:\/\/www.eldiariodetucuman.com\/web\/#website","url":"https:\/\/www.eldiariodetucuman.com\/web\/","name":"El Diario de Tucuman","description":"Diario Tucuman - Informaci\u00f3n y noticias","publisher":{"@id":"https:\/\/www.eldiariodetucuman.com\/web\/#organization"},"potentialAction":[{"@type":"SearchAction","target":{"@type":"EntryPoint","urlTemplate":"https:\/\/www.eldiariodetucuman.com\/web\/?s={search_term_string}"},"query-input":{"@type":"PropertyValueSpecification","valueRequired":true,"valueName":"search_term_string"}}],"inLanguage":"es"},{"@type":"Organization","@id":"https:\/\/www.eldiariodetucuman.com\/web\/#organization","name":"El Diario de Tucuman","url":"https:\/\/www.eldiariodetucuman.com\/web\/","logo":{"@type":"ImageObject","inLanguage":"es","@id":"https:\/\/www.eldiariodetucuman.com\/web\/#\/schema\/logo\/image\/","url":"http:\/\/www.eldiariodetucuman.com\/web\/wp-content\/uploads\/2017\/12\/el-diario-de-tucuman.jpg","contentUrl":"http:\/\/www.eldiariodetucuman.com\/web\/wp-content\/uploads\/2017\/12\/el-diario-de-tucuman.jpg","width":272,"height":92,"caption":"El Diario de Tucuman"},"image":{"@id":"https:\/\/www.eldiariodetucuman.com\/web\/#\/schema\/logo\/image\/"}},{"@type":"Person","@id":"https:\/\/www.eldiariodetucuman.com\/web\/#\/schema\/person\/9250197d75ab5483412e19678b121caa","name":"admin","image":{"@type":"ImageObject","inLanguage":"es","@id":"https:\/\/secure.gravatar.com\/avatar\/c44d117c2be811212c22cb481f6b8384b6873de103fbc49e7a03cc58d7dea4ac?s=96&d=mm&r=g","url":"https:\/\/secure.gravatar.com\/avatar\/c44d117c2be811212c22cb481f6b8384b6873de103fbc49e7a03cc58d7dea4ac?s=96&d=mm&r=g","contentUrl":"https:\/\/secure.gravatar.com\/avatar\/c44d117c2be811212c22cb481f6b8384b6873de103fbc49e7a03cc58d7dea4ac?s=96&d=mm&r=g","caption":"admin"},"url":"https:\/\/www.eldiariodetucuman.com\/web\/author\/admin\/"}]}},"_links":{"self":[{"href":"https:\/\/www.eldiariodetucuman.com\/web\/wp-json\/wp\/v2\/posts\/14708","targetHints":{"allow":["GET"]}}],"collection":[{"href":"https:\/\/www.eldiariodetucuman.com\/web\/wp-json\/wp\/v2\/posts"}],"about":[{"href":"https:\/\/www.eldiariodetucuman.com\/web\/wp-json\/wp\/v2\/types\/post"}],"author":[{"embeddable":true,"href":"https:\/\/www.eldiariodetucuman.com\/web\/wp-json\/wp\/v2\/users\/1"}],"replies":[{"embeddable":true,"href":"https:\/\/www.eldiariodetucuman.com\/web\/wp-json\/wp\/v2\/comments?post=14708"}],"version-history":[{"count":1,"href":"https:\/\/www.eldiariodetucuman.com\/web\/wp-json\/wp\/v2\/posts\/14708\/revisions"}],"predecessor-version":[{"id":14710,"href":"https:\/\/www.eldiariodetucuman.com\/web\/wp-json\/wp\/v2\/posts\/14708\/revisions\/14710"}],"wp:featuredmedia":[{"embeddable":true,"href":"https:\/\/www.eldiariodetucuman.com\/web\/wp-json\/wp\/v2\/media\/14709"}],"wp:attachment":[{"href":"https:\/\/www.eldiariodetucuman.com\/web\/wp-json\/wp\/v2\/media?parent=14708"}],"wp:term":[{"taxonomy":"category","embeddable":true,"href":"https:\/\/www.eldiariodetucuman.com\/web\/wp-json\/wp\/v2\/categories?post=14708"},{"taxonomy":"post_tag","embeddable":true,"href":"https:\/\/www.eldiariodetucuman.com\/web\/wp-json\/wp\/v2\/tags?post=14708"}],"curies":[{"name":"wp","href":"https:\/\/api.w.org\/{rel}","templated":true}]}}