{"id":14511,"date":"2018-07-25T12:49:58","date_gmt":"2018-07-25T15:49:58","guid":{"rendered":"http:\/\/www.eldiariodetucuman.com\/web\/contagiaba-hiv-a-proposito-porque-no-queria-morir-solo\/"},"modified":"2018-07-25T12:49:58","modified_gmt":"2018-07-25T15:49:58","slug":"contagiaba-hiv-a-proposito-porque-no-queria-morir-solo","status":"publish","type":"post","link":"https:\/\/www.eldiariodetucuman.com\/web\/contagiaba-hiv-a-proposito-porque-no-queria-morir-solo\/","title":{"rendered":"Contagiaba HIV a prop\u00f3sito porque no quer\u00eda morir solo"},"content":{"rendered":"<div>\n<div itemprop=\"articleBody\" readability=\"50\">\n<p>Un habitante\u00a0de Johannesburgo, Sud\u00e1frica,\u00a0admiti\u00f3\u00a0haber difundido deliberadamente el virus del VIH porque no quiere <em>\u00abmorir solo\u00bb<\/em>. El sudafricano fue entrevistado por <strong>Golden<\/strong><strong> Mtika<\/strong> para un documental de BBC \u00c1frica Eye, titulado <em>\u00abMy Neighbour The Rapist\u00bb\u00a0<\/em>(&#8216;Mi vecino, el violador&#8217;).<\/p>\n<p>Seg\u00fan se desprende de este filme, David reconoci\u00f3 ser un violador y admiti\u00f3 que el n\u00famero de sus v\u00edctimas ronda entre 21 y 24 mujeres. <em>\u00abNo us\u00e9 ninguna protecci\u00f3n.\u00a0<\/em><em>S\u00e9 que soy VIH positivo, as\u00ed que quiero propagar ese VIH. Me siento bien, porque no puedo morir solo\u00bb<\/em>, dijo en el pol\u00e9mico documental.<\/p>\n<p>David admiti\u00f3 asimismo<em> \u00absentirse bien\u00bb<\/em> por el hecho de haber contagiado a su ex novia de quien abus\u00f3\u00a0sexualmente cuando ella era una adolescente de 14 o 15 a\u00f1os.<\/p>\n<div>\n<p><iframe loading=\"lazy\" allow=\"autoplay; encrypted-media\" allowfullscreen=\"\" frameborder=\"0\" height=\"315\" src=\"https:\/\/www.youtube.com\/embed\/1vq4wkkZtXk\" width=\"560\"><\/iframe><span class=\"item first\"><\/span><span class=\"item second\"><\/span><span class=\"item third\"><\/span><\/p>\n<\/div>\n<\/div>\n<\/div>\n","protected":false},"excerpt":{"rendered":"<p>Un habitante\u00a0de Johannesburgo, Sud\u00e1frica,\u00a0admiti\u00f3\u00a0haber difundido deliberadamente el virus del VIH porque no quiere \u00abmorir solo\u00bb. El sudafricano fue entrevistado por Golden Mtika para un documental de BBC \u00c1frica Eye, titulado \u00abMy Neighbour The Rapist\u00bb\u00a0(&#8216;Mi vecino, el violador&#8217;). Seg\u00fan se desprende de este filme, David reconoci\u00f3 ser un violador y admiti\u00f3 que el n\u00famero de sus [&hellip;]<\/p>\n","protected":false},"author":4,"featured_media":0,"comment_status":"open","ping_status":"closed","sticky":false,"template":"","format":"standard","meta":{"footnotes":""},"categories":[194],"tags":[],"class_list":{"0":"post-14511","1":"post","2":"type-post","3":"status-publish","4":"format-standard","6":"category-internacionales"},"yoast_head":"<!-- This site is optimized with the Yoast SEO plugin v27.4 - https:\/\/yoast.com\/product\/yoast-seo-wordpress\/ -->\n<title>Contagiaba HIV a prop\u00f3sito porque no quer\u00eda morir solo - El Diario de Tucuman<\/title>\n<meta name=\"robots\" content=\"index, follow, max-snippet:-1, max-image-preview:large, max-video-preview:-1\" \/>\n<link rel=\"canonical\" href=\"https:\/\/www.eldiariodetucuman.com\/web\/contagiaba-hiv-a-proposito-porque-no-queria-morir-solo\/\" \/>\n<meta property=\"og:locale\" content=\"es_ES\" \/>\n<meta property=\"og:type\" content=\"article\" \/>\n<meta property=\"og:title\" content=\"Contagiaba HIV a prop\u00f3sito porque no quer\u00eda morir solo - El Diario de Tucuman\" \/>\n<meta property=\"og:description\" content=\"Un habitante\u00a0de Johannesburgo, Sud\u00e1frica,\u00a0admiti\u00f3\u00a0haber difundido deliberadamente el virus del VIH porque no quiere \u00abmorir solo\u00bb. El sudafricano fue entrevistado por Golden Mtika para un documental de BBC \u00c1frica Eye, titulado \u00abMy Neighbour The Rapist\u00bb\u00a0(&#8216;Mi vecino, el violador&#8217;). Seg\u00fan se desprende de este filme, David reconoci\u00f3 ser un violador y admiti\u00f3 que el n\u00famero de sus [&hellip;]\" \/>\n<meta property=\"og:url\" content=\"https:\/\/www.eldiariodetucuman.com\/web\/contagiaba-hiv-a-proposito-porque-no-queria-morir-solo\/\" \/>\n<meta property=\"og:site_name\" content=\"El Diario de Tucuman\" \/>\n<meta property=\"article:published_time\" content=\"2018-07-25T15:49:58+00:00\" \/>\n<meta name=\"author\" content=\"eldiario detucuman\" \/>\n<meta name=\"twitter:card\" content=\"summary_large_image\" \/>\n<meta name=\"twitter:label1\" content=\"Escrito por\" \/>\n\t<meta name=\"twitter:data1\" content=\"eldiario detucuman\" \/>\n\t<meta name=\"twitter:label2\" content=\"Tiempo de lectura\" \/>\n\t<meta name=\"twitter:data2\" content=\"1 minuto\" \/>\n<script type=\"application\/ld+json\" class=\"yoast-schema-graph\">{\"@context\":\"https:\\\/\\\/schema.org\",\"@graph\":[{\"@type\":\"Article\",\"@id\":\"https:\\\/\\\/www.eldiariodetucuman.com\\\/web\\\/contagiaba-hiv-a-proposito-porque-no-queria-morir-solo\\\/#article\",\"isPartOf\":{\"@id\":\"https:\\\/\\\/www.eldiariodetucuman.com\\\/web\\\/contagiaba-hiv-a-proposito-porque-no-queria-morir-solo\\\/\"},\"author\":{\"name\":\"eldiario detucuman\",\"@id\":\"https:\\\/\\\/www.eldiariodetucuman.com\\\/web\\\/#\\\/schema\\\/person\\\/6f95946e54fde848b878ffa4928071d5\"},\"headline\":\"Contagiaba HIV a prop\u00f3sito porque no quer\u00eda morir solo\",\"datePublished\":\"2018-07-25T15:49:58+00:00\",\"mainEntityOfPage\":{\"@id\":\"https:\\\/\\\/www.eldiariodetucuman.com\\\/web\\\/contagiaba-hiv-a-proposito-porque-no-queria-morir-solo\\\/\"},\"wordCount\":137,\"commentCount\":0,\"publisher\":{\"@id\":\"https:\\\/\\\/www.eldiariodetucuman.com\\\/web\\\/#organization\"},\"articleSection\":[\"Internacionales\"],\"inLanguage\":\"es\",\"potentialAction\":[{\"@type\":\"CommentAction\",\"name\":\"Comment\",\"target\":[\"https:\\\/\\\/www.eldiariodetucuman.com\\\/web\\\/contagiaba-hiv-a-proposito-porque-no-queria-morir-solo\\\/#respond\"]}]},{\"@type\":\"WebPage\",\"@id\":\"https:\\\/\\\/www.eldiariodetucuman.com\\\/web\\\/contagiaba-hiv-a-proposito-porque-no-queria-morir-solo\\\/\",\"url\":\"https:\\\/\\\/www.eldiariodetucuman.com\\\/web\\\/contagiaba-hiv-a-proposito-porque-no-queria-morir-solo\\\/\",\"name\":\"Contagiaba HIV a prop\u00f3sito porque no quer\u00eda morir solo - El Diario de Tucuman\",\"isPartOf\":{\"@id\":\"https:\\\/\\\/www.eldiariodetucuman.com\\\/web\\\/#website\"},\"datePublished\":\"2018-07-25T15:49:58+00:00\",\"breadcrumb\":{\"@id\":\"https:\\\/\\\/www.eldiariodetucuman.com\\\/web\\\/contagiaba-hiv-a-proposito-porque-no-queria-morir-solo\\\/#breadcrumb\"},\"inLanguage\":\"es\",\"potentialAction\":[{\"@type\":\"ReadAction\",\"target\":[\"https:\\\/\\\/www.eldiariodetucuman.com\\\/web\\\/contagiaba-hiv-a-proposito-porque-no-queria-morir-solo\\\/\"]}]},{\"@type\":\"BreadcrumbList\",\"@id\":\"https:\\\/\\\/www.eldiariodetucuman.com\\\/web\\\/contagiaba-hiv-a-proposito-porque-no-queria-morir-solo\\\/#breadcrumb\",\"itemListElement\":[{\"@type\":\"ListItem\",\"position\":1,\"name\":\"Portada\",\"item\":\"https:\\\/\\\/www.eldiariodetucuman.com\\\/web\\\/\"},{\"@type\":\"ListItem\",\"position\":2,\"name\":\"Contagiaba HIV a prop\u00f3sito porque no quer\u00eda morir solo\"}]},{\"@type\":\"WebSite\",\"@id\":\"https:\\\/\\\/www.eldiariodetucuman.com\\\/web\\\/#website\",\"url\":\"https:\\\/\\\/www.eldiariodetucuman.com\\\/web\\\/\",\"name\":\"El Diario de Tucuman\",\"description\":\"Diario Tucuman - Informaci\u00f3n y noticias\",\"publisher\":{\"@id\":\"https:\\\/\\\/www.eldiariodetucuman.com\\\/web\\\/#organization\"},\"potentialAction\":[{\"@type\":\"SearchAction\",\"target\":{\"@type\":\"EntryPoint\",\"urlTemplate\":\"https:\\\/\\\/www.eldiariodetucuman.com\\\/web\\\/?s={search_term_string}\"},\"query-input\":{\"@type\":\"PropertyValueSpecification\",\"valueRequired\":true,\"valueName\":\"search_term_string\"}}],\"inLanguage\":\"es\"},{\"@type\":\"Organization\",\"@id\":\"https:\\\/\\\/www.eldiariodetucuman.com\\\/web\\\/#organization\",\"name\":\"El Diario de Tucuman\",\"url\":\"https:\\\/\\\/www.eldiariodetucuman.com\\\/web\\\/\",\"logo\":{\"@type\":\"ImageObject\",\"inLanguage\":\"es\",\"@id\":\"https:\\\/\\\/www.eldiariodetucuman.com\\\/web\\\/#\\\/schema\\\/logo\\\/image\\\/\",\"url\":\"http:\\\/\\\/www.eldiariodetucuman.com\\\/web\\\/wp-content\\\/uploads\\\/2017\\\/12\\\/el-diario-de-tucuman.jpg\",\"contentUrl\":\"http:\\\/\\\/www.eldiariodetucuman.com\\\/web\\\/wp-content\\\/uploads\\\/2017\\\/12\\\/el-diario-de-tucuman.jpg\",\"width\":272,\"height\":92,\"caption\":\"El Diario de Tucuman\"},\"image\":{\"@id\":\"https:\\\/\\\/www.eldiariodetucuman.com\\\/web\\\/#\\\/schema\\\/logo\\\/image\\\/\"}},{\"@type\":\"Person\",\"@id\":\"https:\\\/\\\/www.eldiariodetucuman.com\\\/web\\\/#\\\/schema\\\/person\\\/6f95946e54fde848b878ffa4928071d5\",\"name\":\"eldiario detucuman\",\"image\":{\"@type\":\"ImageObject\",\"inLanguage\":\"es\",\"@id\":\"https:\\\/\\\/secure.gravatar.com\\\/avatar\\\/b6e1f89c5c4044c4962c8e6c20b1ca2cc99f549c965908afd4ec5308b3f51bfe?s=96&d=mm&r=g\",\"url\":\"https:\\\/\\\/secure.gravatar.com\\\/avatar\\\/b6e1f89c5c4044c4962c8e6c20b1ca2cc99f549c965908afd4ec5308b3f51bfe?s=96&d=mm&r=g\",\"contentUrl\":\"https:\\\/\\\/secure.gravatar.com\\\/avatar\\\/b6e1f89c5c4044c4962c8e6c20b1ca2cc99f549c965908afd4ec5308b3f51bfe?s=96&d=mm&r=g\",\"caption\":\"eldiario detucuman\"},\"url\":\"https:\\\/\\\/www.eldiariodetucuman.com\\\/web\\\/author\\\/eldiariodetucuman\\\/\"}]}<\/script>\n<!-- \/ Yoast SEO plugin. -->","yoast_head_json":{"title":"Contagiaba HIV a prop\u00f3sito porque no quer\u00eda morir solo - El Diario de Tucuman","robots":{"index":"index","follow":"follow","max-snippet":"max-snippet:-1","max-image-preview":"max-image-preview:large","max-video-preview":"max-video-preview:-1"},"canonical":"https:\/\/www.eldiariodetucuman.com\/web\/contagiaba-hiv-a-proposito-porque-no-queria-morir-solo\/","og_locale":"es_ES","og_type":"article","og_title":"Contagiaba HIV a prop\u00f3sito porque no quer\u00eda morir solo - El Diario de Tucuman","og_description":"Un habitante\u00a0de Johannesburgo, Sud\u00e1frica,\u00a0admiti\u00f3\u00a0haber difundido deliberadamente el virus del VIH porque no quiere \u00abmorir solo\u00bb. El sudafricano fue entrevistado por Golden Mtika para un documental de BBC \u00c1frica Eye, titulado \u00abMy Neighbour The Rapist\u00bb\u00a0(&#8216;Mi vecino, el violador&#8217;). Seg\u00fan se desprende de este filme, David reconoci\u00f3 ser un violador y admiti\u00f3 que el n\u00famero de sus [&hellip;]","og_url":"https:\/\/www.eldiariodetucuman.com\/web\/contagiaba-hiv-a-proposito-porque-no-queria-morir-solo\/","og_site_name":"El Diario de Tucuman","article_published_time":"2018-07-25T15:49:58+00:00","author":"eldiario detucuman","twitter_card":"summary_large_image","twitter_misc":{"Escrito por":"eldiario detucuman","Tiempo de lectura":"1 minuto"},"schema":{"@context":"https:\/\/schema.org","@graph":[{"@type":"Article","@id":"https:\/\/www.eldiariodetucuman.com\/web\/contagiaba-hiv-a-proposito-porque-no-queria-morir-solo\/#article","isPartOf":{"@id":"https:\/\/www.eldiariodetucuman.com\/web\/contagiaba-hiv-a-proposito-porque-no-queria-morir-solo\/"},"author":{"name":"eldiario detucuman","@id":"https:\/\/www.eldiariodetucuman.com\/web\/#\/schema\/person\/6f95946e54fde848b878ffa4928071d5"},"headline":"Contagiaba HIV a prop\u00f3sito porque no quer\u00eda morir solo","datePublished":"2018-07-25T15:49:58+00:00","mainEntityOfPage":{"@id":"https:\/\/www.eldiariodetucuman.com\/web\/contagiaba-hiv-a-proposito-porque-no-queria-morir-solo\/"},"wordCount":137,"commentCount":0,"publisher":{"@id":"https:\/\/www.eldiariodetucuman.com\/web\/#organization"},"articleSection":["Internacionales"],"inLanguage":"es","potentialAction":[{"@type":"CommentAction","name":"Comment","target":["https:\/\/www.eldiariodetucuman.com\/web\/contagiaba-hiv-a-proposito-porque-no-queria-morir-solo\/#respond"]}]},{"@type":"WebPage","@id":"https:\/\/www.eldiariodetucuman.com\/web\/contagiaba-hiv-a-proposito-porque-no-queria-morir-solo\/","url":"https:\/\/www.eldiariodetucuman.com\/web\/contagiaba-hiv-a-proposito-porque-no-queria-morir-solo\/","name":"Contagiaba HIV a prop\u00f3sito porque no quer\u00eda morir solo - El Diario de Tucuman","isPartOf":{"@id":"https:\/\/www.eldiariodetucuman.com\/web\/#website"},"datePublished":"2018-07-25T15:49:58+00:00","breadcrumb":{"@id":"https:\/\/www.eldiariodetucuman.com\/web\/contagiaba-hiv-a-proposito-porque-no-queria-morir-solo\/#breadcrumb"},"inLanguage":"es","potentialAction":[{"@type":"ReadAction","target":["https:\/\/www.eldiariodetucuman.com\/web\/contagiaba-hiv-a-proposito-porque-no-queria-morir-solo\/"]}]},{"@type":"BreadcrumbList","@id":"https:\/\/www.eldiariodetucuman.com\/web\/contagiaba-hiv-a-proposito-porque-no-queria-morir-solo\/#breadcrumb","itemListElement":[{"@type":"ListItem","position":1,"name":"Portada","item":"https:\/\/www.eldiariodetucuman.com\/web\/"},{"@type":"ListItem","position":2,"name":"Contagiaba HIV a prop\u00f3sito porque no quer\u00eda morir solo"}]},{"@type":"WebSite","@id":"https:\/\/www.eldiariodetucuman.com\/web\/#website","url":"https:\/\/www.eldiariodetucuman.com\/web\/","name":"El Diario de Tucuman","description":"Diario Tucuman - Informaci\u00f3n y noticias","publisher":{"@id":"https:\/\/www.eldiariodetucuman.com\/web\/#organization"},"potentialAction":[{"@type":"SearchAction","target":{"@type":"EntryPoint","urlTemplate":"https:\/\/www.eldiariodetucuman.com\/web\/?s={search_term_string}"},"query-input":{"@type":"PropertyValueSpecification","valueRequired":true,"valueName":"search_term_string"}}],"inLanguage":"es"},{"@type":"Organization","@id":"https:\/\/www.eldiariodetucuman.com\/web\/#organization","name":"El Diario de Tucuman","url":"https:\/\/www.eldiariodetucuman.com\/web\/","logo":{"@type":"ImageObject","inLanguage":"es","@id":"https:\/\/www.eldiariodetucuman.com\/web\/#\/schema\/logo\/image\/","url":"http:\/\/www.eldiariodetucuman.com\/web\/wp-content\/uploads\/2017\/12\/el-diario-de-tucuman.jpg","contentUrl":"http:\/\/www.eldiariodetucuman.com\/web\/wp-content\/uploads\/2017\/12\/el-diario-de-tucuman.jpg","width":272,"height":92,"caption":"El Diario de Tucuman"},"image":{"@id":"https:\/\/www.eldiariodetucuman.com\/web\/#\/schema\/logo\/image\/"}},{"@type":"Person","@id":"https:\/\/www.eldiariodetucuman.com\/web\/#\/schema\/person\/6f95946e54fde848b878ffa4928071d5","name":"eldiario detucuman","image":{"@type":"ImageObject","inLanguage":"es","@id":"https:\/\/secure.gravatar.com\/avatar\/b6e1f89c5c4044c4962c8e6c20b1ca2cc99f549c965908afd4ec5308b3f51bfe?s=96&d=mm&r=g","url":"https:\/\/secure.gravatar.com\/avatar\/b6e1f89c5c4044c4962c8e6c20b1ca2cc99f549c965908afd4ec5308b3f51bfe?s=96&d=mm&r=g","contentUrl":"https:\/\/secure.gravatar.com\/avatar\/b6e1f89c5c4044c4962c8e6c20b1ca2cc99f549c965908afd4ec5308b3f51bfe?s=96&d=mm&r=g","caption":"eldiario detucuman"},"url":"https:\/\/www.eldiariodetucuman.com\/web\/author\/eldiariodetucuman\/"}]}},"_links":{"self":[{"href":"https:\/\/www.eldiariodetucuman.com\/web\/wp-json\/wp\/v2\/posts\/14511","targetHints":{"allow":["GET"]}}],"collection":[{"href":"https:\/\/www.eldiariodetucuman.com\/web\/wp-json\/wp\/v2\/posts"}],"about":[{"href":"https:\/\/www.eldiariodetucuman.com\/web\/wp-json\/wp\/v2\/types\/post"}],"author":[{"embeddable":true,"href":"https:\/\/www.eldiariodetucuman.com\/web\/wp-json\/wp\/v2\/users\/4"}],"replies":[{"embeddable":true,"href":"https:\/\/www.eldiariodetucuman.com\/web\/wp-json\/wp\/v2\/comments?post=14511"}],"version-history":[{"count":0,"href":"https:\/\/www.eldiariodetucuman.com\/web\/wp-json\/wp\/v2\/posts\/14511\/revisions"}],"wp:attachment":[{"href":"https:\/\/www.eldiariodetucuman.com\/web\/wp-json\/wp\/v2\/media?parent=14511"}],"wp:term":[{"taxonomy":"category","embeddable":true,"href":"https:\/\/www.eldiariodetucuman.com\/web\/wp-json\/wp\/v2\/categories?post=14511"},{"taxonomy":"post_tag","embeddable":true,"href":"https:\/\/www.eldiariodetucuman.com\/web\/wp-json\/wp\/v2\/tags?post=14511"}],"curies":[{"name":"wp","href":"https:\/\/api.w.org\/{rel}","templated":true}]}}