{"id":14293,"date":"2018-07-20T12:37:30","date_gmt":"2018-07-20T15:37:30","guid":{"rendered":"http:\/\/www.eldiariodetucuman.com\/web\/se-firman-los-primeros-contratos-ppp-para-la-construccion-de-nuevas-rutas\/"},"modified":"2018-07-20T12:37:32","modified_gmt":"2018-07-20T15:37:32","slug":"se-firman-los-primeros-contratos-ppp-para-la-construccion-de-nuevas-rutas","status":"publish","type":"post","link":"https:\/\/www.eldiariodetucuman.com\/web\/se-firman-los-primeros-contratos-ppp-para-la-construccion-de-nuevas-rutas\/","title":{"rendered":"Se firman los primeros contratos PPP para la construcci\u00f3n de nuevas rutas"},"content":{"rendered":"<div>\n<div readability=\"52.519722814499\">\n<p>El ministro de Transporte, Guillermo Dietrich, encabeza la firma de los primeros contratos del Sistema de Participaci\u00f3n P\u00fablico Privada (PPP) esta ma\u00f1ana en la Quinta de Olivos, que ser\u00e1 para la primera etapa de obras de la Red de Autopistas y Rutas Seguras que se realizar\u00e1 a trav\u00e9s de Vialidad Nacional.<\/p>\n<p><strong>&#8220;Se trata del primer contrato que el Gobierno nacional realiza a trav\u00e9s del sistema PPP y que comprende una nueva forma de construir infraestructura fundamental para el crecimiento del pa\u00eds&#8221;, <\/strong>sostuvieron a trav\u00e9s de un comunicado desde la cartera nacional.<\/p>\n<aside class=\"htmlinline \"><ins class=\"adsbygoogle\" data-ad-layout=\"in-article\" data-ad-format=\"fluid\" data-ad-client=\"ca-pub-7781556717282971\" data-ad-slot=\"9383133609\"><\/ins><br \/>\n<\/aside>\n<p>Mauricio Macri hab\u00eda adelant\u00f3 ayer la firma de hoy, por la cual se contempla una inversi\u00f3n de 12.500 millones de d\u00f3lares y la intervenci\u00f3n en 7.200 kil\u00f3metros de rutas nacional.<\/p>\n<p>Hoy se realizar\u00e1 la firma del corredor A, <a href=\"https:\/\/www.elintransigente.com\/politica\/2018\/7\/17\/politicas-de-ajuste-campana-de-desprestigio-que-pasa-con-las-aerolineas-500655.html\">adjudicado<\/a> al consorcio \u00a0<a href=\"https:\/\/www.elintransigente.com\/politica\/2018\/7\/15\/argentina-se-encuentra-ante-la-oportunidad-historica-de-convertirse-en-un-pais-pujante-500361.html\">formado<\/a> por Paolini, Vial Agro y la empresa italiana INC para las rutas de la provincia de Buenos Aires, mientras que el C, al grupo Cartellone, para las de Mendoza, C\u00f3rdoba y Buenos Aires.<\/p>\n<p>La particularidad de los PPP es que el sector privado realiza la obra y recibe el monto del Estado a posteriori, a trav\u00e9s del contrato del fideicomiso el financiamiento, que ser\u00e1 a trav\u00e9s del impuesto a los combustibles, se comenzar\u00e1 a pagar en el 2021.<\/p>\n<p><strong>\u00abPPP genera una din\u00e1mica distinta. El constructor cobra cuando entrega la obra, y tiene que mantenerla porque sino le sale m\u00e1s.<\/strong> Se genera creatividad y velocidad. Es una estructura jur\u00eddica para avanzar. Ma\u00f1ana (por hoy) se firman los dos primeros contratos\u00bb, hab\u00eda indicado ayer Macri en la Bolsa de Comercio.<\/p>\n<p>Sin la presencia de Macri, participan tambi\u00e9n del encuentro la administradora General de Vialidad Nacional, Patricia Guti\u00e9rrez y el secretario de Participaci\u00f3n P\u00fablico Privada del Ministerio de Hacienda, Jos\u00e9 Luis Morea.\u00a0En conferencia brindar\u00e1n m\u00e1s detalles de los convenios.<\/p>\n<\/div>\n<\/div>\n<p>Fuente: https:\/\/www.elintransigente.com\/politica\/2018\/7\/20\/se-firman-los-primeros-contratos-ppp-para-la-construccion-de-nuevas-rutas-501210.html<\/p>\n","protected":false},"excerpt":{"rendered":"<p>El ministro de Transporte, Guillermo Dietrich, encabeza la firma de los primeros contratos del Sistema de Participaci\u00f3n P\u00fablico Privada (PPP) esta ma\u00f1ana en la Quinta de Olivos, que ser\u00e1 para la primera etapa de obras de la Red de Autopistas y Rutas Seguras que se realizar\u00e1 a trav\u00e9s de Vialidad Nacional. &#8220;Se trata del primer [&hellip;]<\/p>\n","protected":false},"author":1,"featured_media":14294,"comment_status":"open","ping_status":"closed","sticky":false,"template":"","format":"standard","meta":{"footnotes":""},"categories":[1],"tags":[],"class_list":{"0":"post-14293","1":"post","2":"type-post","3":"status-publish","4":"format-standard","5":"has-post-thumbnail","7":"category-portada"},"yoast_head":"<!-- This site is optimized with the Yoast SEO plugin v27.4 - https:\/\/yoast.com\/product\/yoast-seo-wordpress\/ -->\n<title>Se firman los primeros contratos PPP para la construcci\u00f3n de nuevas rutas - El Diario de Tucuman<\/title>\n<meta name=\"robots\" content=\"index, follow, max-snippet:-1, max-image-preview:large, max-video-preview:-1\" \/>\n<link rel=\"canonical\" href=\"https:\/\/www.eldiariodetucuman.com\/web\/se-firman-los-primeros-contratos-ppp-para-la-construccion-de-nuevas-rutas\/\" \/>\n<meta property=\"og:locale\" content=\"es_ES\" \/>\n<meta property=\"og:type\" content=\"article\" \/>\n<meta property=\"og:title\" content=\"Se firman los primeros contratos PPP para la construcci\u00f3n de nuevas rutas - El Diario de Tucuman\" \/>\n<meta property=\"og:description\" content=\"El ministro de Transporte, Guillermo Dietrich, encabeza la firma de los primeros contratos del Sistema de Participaci\u00f3n P\u00fablico Privada (PPP) esta ma\u00f1ana en la Quinta de Olivos, que ser\u00e1 para la primera etapa de obras de la Red de Autopistas y Rutas Seguras que se realizar\u00e1 a trav\u00e9s de Vialidad Nacional. &#8220;Se trata del primer [&hellip;]\" \/>\n<meta property=\"og:url\" content=\"https:\/\/www.eldiariodetucuman.com\/web\/se-firman-los-primeros-contratos-ppp-para-la-construccion-de-nuevas-rutas\/\" \/>\n<meta property=\"og:site_name\" content=\"El Diario de Tucuman\" \/>\n<meta property=\"article:published_time\" content=\"2018-07-20T15:37:30+00:00\" \/>\n<meta property=\"article:modified_time\" content=\"2018-07-20T15:37:32+00:00\" \/>\n<meta property=\"og:image\" content=\"https:\/\/www.eldiariodetucuman.com\/web\/wp-content\/uploads\/2018\/07\/bd9745b67058a7be035b1b07a869149c.jpeg\" \/>\n\t<meta property=\"og:image:width\" content=\"960\" \/>\n\t<meta property=\"og:image:height\" content=\"576\" \/>\n\t<meta property=\"og:image:type\" content=\"image\/jpeg\" \/>\n<meta name=\"author\" content=\"admin\" \/>\n<meta name=\"twitter:card\" content=\"summary_large_image\" \/>\n<meta name=\"twitter:label1\" content=\"Escrito por\" \/>\n\t<meta name=\"twitter:data1\" content=\"admin\" \/>\n\t<meta name=\"twitter:label2\" content=\"Tiempo de lectura\" \/>\n\t<meta name=\"twitter:data2\" content=\"2 minutos\" \/>\n<script type=\"application\/ld+json\" class=\"yoast-schema-graph\">{\"@context\":\"https:\\\/\\\/schema.org\",\"@graph\":[{\"@type\":\"Article\",\"@id\":\"https:\\\/\\\/www.eldiariodetucuman.com\\\/web\\\/se-firman-los-primeros-contratos-ppp-para-la-construccion-de-nuevas-rutas\\\/#article\",\"isPartOf\":{\"@id\":\"https:\\\/\\\/www.eldiariodetucuman.com\\\/web\\\/se-firman-los-primeros-contratos-ppp-para-la-construccion-de-nuevas-rutas\\\/\"},\"author\":{\"name\":\"admin\",\"@id\":\"https:\\\/\\\/www.eldiariodetucuman.com\\\/web\\\/#\\\/schema\\\/person\\\/9250197d75ab5483412e19678b121caa\"},\"headline\":\"Se firman los primeros contratos PPP para la construcci\u00f3n de nuevas rutas\",\"datePublished\":\"2018-07-20T15:37:30+00:00\",\"dateModified\":\"2018-07-20T15:37:32+00:00\",\"mainEntityOfPage\":{\"@id\":\"https:\\\/\\\/www.eldiariodetucuman.com\\\/web\\\/se-firman-los-primeros-contratos-ppp-para-la-construccion-de-nuevas-rutas\\\/\"},\"wordCount\":344,\"commentCount\":0,\"publisher\":{\"@id\":\"https:\\\/\\\/www.eldiariodetucuman.com\\\/web\\\/#organization\"},\"image\":{\"@id\":\"https:\\\/\\\/www.eldiariodetucuman.com\\\/web\\\/se-firman-los-primeros-contratos-ppp-para-la-construccion-de-nuevas-rutas\\\/#primaryimage\"},\"thumbnailUrl\":\"https:\\\/\\\/www.eldiariodetucuman.com\\\/web\\\/wp-content\\\/uploads\\\/2018\\\/07\\\/bd9745b67058a7be035b1b07a869149c.jpeg\",\"articleSection\":[\"Portada\"],\"inLanguage\":\"es\",\"potentialAction\":[{\"@type\":\"CommentAction\",\"name\":\"Comment\",\"target\":[\"https:\\\/\\\/www.eldiariodetucuman.com\\\/web\\\/se-firman-los-primeros-contratos-ppp-para-la-construccion-de-nuevas-rutas\\\/#respond\"]}]},{\"@type\":\"WebPage\",\"@id\":\"https:\\\/\\\/www.eldiariodetucuman.com\\\/web\\\/se-firman-los-primeros-contratos-ppp-para-la-construccion-de-nuevas-rutas\\\/\",\"url\":\"https:\\\/\\\/www.eldiariodetucuman.com\\\/web\\\/se-firman-los-primeros-contratos-ppp-para-la-construccion-de-nuevas-rutas\\\/\",\"name\":\"Se firman los primeros contratos PPP para la construcci\u00f3n de nuevas rutas - El Diario de Tucuman\",\"isPartOf\":{\"@id\":\"https:\\\/\\\/www.eldiariodetucuman.com\\\/web\\\/#website\"},\"primaryImageOfPage\":{\"@id\":\"https:\\\/\\\/www.eldiariodetucuman.com\\\/web\\\/se-firman-los-primeros-contratos-ppp-para-la-construccion-de-nuevas-rutas\\\/#primaryimage\"},\"image\":{\"@id\":\"https:\\\/\\\/www.eldiariodetucuman.com\\\/web\\\/se-firman-los-primeros-contratos-ppp-para-la-construccion-de-nuevas-rutas\\\/#primaryimage\"},\"thumbnailUrl\":\"https:\\\/\\\/www.eldiariodetucuman.com\\\/web\\\/wp-content\\\/uploads\\\/2018\\\/07\\\/bd9745b67058a7be035b1b07a869149c.jpeg\",\"datePublished\":\"2018-07-20T15:37:30+00:00\",\"dateModified\":\"2018-07-20T15:37:32+00:00\",\"breadcrumb\":{\"@id\":\"https:\\\/\\\/www.eldiariodetucuman.com\\\/web\\\/se-firman-los-primeros-contratos-ppp-para-la-construccion-de-nuevas-rutas\\\/#breadcrumb\"},\"inLanguage\":\"es\",\"potentialAction\":[{\"@type\":\"ReadAction\",\"target\":[\"https:\\\/\\\/www.eldiariodetucuman.com\\\/web\\\/se-firman-los-primeros-contratos-ppp-para-la-construccion-de-nuevas-rutas\\\/\"]}]},{\"@type\":\"ImageObject\",\"inLanguage\":\"es\",\"@id\":\"https:\\\/\\\/www.eldiariodetucuman.com\\\/web\\\/se-firman-los-primeros-contratos-ppp-para-la-construccion-de-nuevas-rutas\\\/#primaryimage\",\"url\":\"https:\\\/\\\/www.eldiariodetucuman.com\\\/web\\\/wp-content\\\/uploads\\\/2018\\\/07\\\/bd9745b67058a7be035b1b07a869149c.jpeg\",\"contentUrl\":\"https:\\\/\\\/www.eldiariodetucuman.com\\\/web\\\/wp-content\\\/uploads\\\/2018\\\/07\\\/bd9745b67058a7be035b1b07a869149c.jpeg\",\"width\":960,\"height\":576},{\"@type\":\"BreadcrumbList\",\"@id\":\"https:\\\/\\\/www.eldiariodetucuman.com\\\/web\\\/se-firman-los-primeros-contratos-ppp-para-la-construccion-de-nuevas-rutas\\\/#breadcrumb\",\"itemListElement\":[{\"@type\":\"ListItem\",\"position\":1,\"name\":\"Portada\",\"item\":\"https:\\\/\\\/www.eldiariodetucuman.com\\\/web\\\/\"},{\"@type\":\"ListItem\",\"position\":2,\"name\":\"Se firman los primeros contratos PPP para la construcci\u00f3n de nuevas rutas\"}]},{\"@type\":\"WebSite\",\"@id\":\"https:\\\/\\\/www.eldiariodetucuman.com\\\/web\\\/#website\",\"url\":\"https:\\\/\\\/www.eldiariodetucuman.com\\\/web\\\/\",\"name\":\"El Diario de Tucuman\",\"description\":\"Diario Tucuman - Informaci\u00f3n y noticias\",\"publisher\":{\"@id\":\"https:\\\/\\\/www.eldiariodetucuman.com\\\/web\\\/#organization\"},\"potentialAction\":[{\"@type\":\"SearchAction\",\"target\":{\"@type\":\"EntryPoint\",\"urlTemplate\":\"https:\\\/\\\/www.eldiariodetucuman.com\\\/web\\\/?s={search_term_string}\"},\"query-input\":{\"@type\":\"PropertyValueSpecification\",\"valueRequired\":true,\"valueName\":\"search_term_string\"}}],\"inLanguage\":\"es\"},{\"@type\":\"Organization\",\"@id\":\"https:\\\/\\\/www.eldiariodetucuman.com\\\/web\\\/#organization\",\"name\":\"El Diario de Tucuman\",\"url\":\"https:\\\/\\\/www.eldiariodetucuman.com\\\/web\\\/\",\"logo\":{\"@type\":\"ImageObject\",\"inLanguage\":\"es\",\"@id\":\"https:\\\/\\\/www.eldiariodetucuman.com\\\/web\\\/#\\\/schema\\\/logo\\\/image\\\/\",\"url\":\"http:\\\/\\\/www.eldiariodetucuman.com\\\/web\\\/wp-content\\\/uploads\\\/2017\\\/12\\\/el-diario-de-tucuman.jpg\",\"contentUrl\":\"http:\\\/\\\/www.eldiariodetucuman.com\\\/web\\\/wp-content\\\/uploads\\\/2017\\\/12\\\/el-diario-de-tucuman.jpg\",\"width\":272,\"height\":92,\"caption\":\"El Diario de Tucuman\"},\"image\":{\"@id\":\"https:\\\/\\\/www.eldiariodetucuman.com\\\/web\\\/#\\\/schema\\\/logo\\\/image\\\/\"}},{\"@type\":\"Person\",\"@id\":\"https:\\\/\\\/www.eldiariodetucuman.com\\\/web\\\/#\\\/schema\\\/person\\\/9250197d75ab5483412e19678b121caa\",\"name\":\"admin\",\"image\":{\"@type\":\"ImageObject\",\"inLanguage\":\"es\",\"@id\":\"https:\\\/\\\/secure.gravatar.com\\\/avatar\\\/c44d117c2be811212c22cb481f6b8384b6873de103fbc49e7a03cc58d7dea4ac?s=96&d=mm&r=g\",\"url\":\"https:\\\/\\\/secure.gravatar.com\\\/avatar\\\/c44d117c2be811212c22cb481f6b8384b6873de103fbc49e7a03cc58d7dea4ac?s=96&d=mm&r=g\",\"contentUrl\":\"https:\\\/\\\/secure.gravatar.com\\\/avatar\\\/c44d117c2be811212c22cb481f6b8384b6873de103fbc49e7a03cc58d7dea4ac?s=96&d=mm&r=g\",\"caption\":\"admin\"},\"url\":\"https:\\\/\\\/www.eldiariodetucuman.com\\\/web\\\/author\\\/admin\\\/\"}]}<\/script>\n<!-- \/ Yoast SEO plugin. -->","yoast_head_json":{"title":"Se firman los primeros contratos PPP para la construcci\u00f3n de nuevas rutas - El Diario de Tucuman","robots":{"index":"index","follow":"follow","max-snippet":"max-snippet:-1","max-image-preview":"max-image-preview:large","max-video-preview":"max-video-preview:-1"},"canonical":"https:\/\/www.eldiariodetucuman.com\/web\/se-firman-los-primeros-contratos-ppp-para-la-construccion-de-nuevas-rutas\/","og_locale":"es_ES","og_type":"article","og_title":"Se firman los primeros contratos PPP para la construcci\u00f3n de nuevas rutas - El Diario de Tucuman","og_description":"El ministro de Transporte, Guillermo Dietrich, encabeza la firma de los primeros contratos del Sistema de Participaci\u00f3n P\u00fablico Privada (PPP) esta ma\u00f1ana en la Quinta de Olivos, que ser\u00e1 para la primera etapa de obras de la Red de Autopistas y Rutas Seguras que se realizar\u00e1 a trav\u00e9s de Vialidad Nacional. &#8220;Se trata del primer [&hellip;]","og_url":"https:\/\/www.eldiariodetucuman.com\/web\/se-firman-los-primeros-contratos-ppp-para-la-construccion-de-nuevas-rutas\/","og_site_name":"El Diario de Tucuman","article_published_time":"2018-07-20T15:37:30+00:00","article_modified_time":"2018-07-20T15:37:32+00:00","og_image":[{"width":960,"height":576,"url":"https:\/\/www.eldiariodetucuman.com\/web\/wp-content\/uploads\/2018\/07\/bd9745b67058a7be035b1b07a869149c.jpeg","type":"image\/jpeg"}],"author":"admin","twitter_card":"summary_large_image","twitter_misc":{"Escrito por":"admin","Tiempo de lectura":"2 minutos"},"schema":{"@context":"https:\/\/schema.org","@graph":[{"@type":"Article","@id":"https:\/\/www.eldiariodetucuman.com\/web\/se-firman-los-primeros-contratos-ppp-para-la-construccion-de-nuevas-rutas\/#article","isPartOf":{"@id":"https:\/\/www.eldiariodetucuman.com\/web\/se-firman-los-primeros-contratos-ppp-para-la-construccion-de-nuevas-rutas\/"},"author":{"name":"admin","@id":"https:\/\/www.eldiariodetucuman.com\/web\/#\/schema\/person\/9250197d75ab5483412e19678b121caa"},"headline":"Se firman los primeros contratos PPP para la construcci\u00f3n de nuevas rutas","datePublished":"2018-07-20T15:37:30+00:00","dateModified":"2018-07-20T15:37:32+00:00","mainEntityOfPage":{"@id":"https:\/\/www.eldiariodetucuman.com\/web\/se-firman-los-primeros-contratos-ppp-para-la-construccion-de-nuevas-rutas\/"},"wordCount":344,"commentCount":0,"publisher":{"@id":"https:\/\/www.eldiariodetucuman.com\/web\/#organization"},"image":{"@id":"https:\/\/www.eldiariodetucuman.com\/web\/se-firman-los-primeros-contratos-ppp-para-la-construccion-de-nuevas-rutas\/#primaryimage"},"thumbnailUrl":"https:\/\/www.eldiariodetucuman.com\/web\/wp-content\/uploads\/2018\/07\/bd9745b67058a7be035b1b07a869149c.jpeg","articleSection":["Portada"],"inLanguage":"es","potentialAction":[{"@type":"CommentAction","name":"Comment","target":["https:\/\/www.eldiariodetucuman.com\/web\/se-firman-los-primeros-contratos-ppp-para-la-construccion-de-nuevas-rutas\/#respond"]}]},{"@type":"WebPage","@id":"https:\/\/www.eldiariodetucuman.com\/web\/se-firman-los-primeros-contratos-ppp-para-la-construccion-de-nuevas-rutas\/","url":"https:\/\/www.eldiariodetucuman.com\/web\/se-firman-los-primeros-contratos-ppp-para-la-construccion-de-nuevas-rutas\/","name":"Se firman los primeros contratos PPP para la construcci\u00f3n de nuevas rutas - El Diario de Tucuman","isPartOf":{"@id":"https:\/\/www.eldiariodetucuman.com\/web\/#website"},"primaryImageOfPage":{"@id":"https:\/\/www.eldiariodetucuman.com\/web\/se-firman-los-primeros-contratos-ppp-para-la-construccion-de-nuevas-rutas\/#primaryimage"},"image":{"@id":"https:\/\/www.eldiariodetucuman.com\/web\/se-firman-los-primeros-contratos-ppp-para-la-construccion-de-nuevas-rutas\/#primaryimage"},"thumbnailUrl":"https:\/\/www.eldiariodetucuman.com\/web\/wp-content\/uploads\/2018\/07\/bd9745b67058a7be035b1b07a869149c.jpeg","datePublished":"2018-07-20T15:37:30+00:00","dateModified":"2018-07-20T15:37:32+00:00","breadcrumb":{"@id":"https:\/\/www.eldiariodetucuman.com\/web\/se-firman-los-primeros-contratos-ppp-para-la-construccion-de-nuevas-rutas\/#breadcrumb"},"inLanguage":"es","potentialAction":[{"@type":"ReadAction","target":["https:\/\/www.eldiariodetucuman.com\/web\/se-firman-los-primeros-contratos-ppp-para-la-construccion-de-nuevas-rutas\/"]}]},{"@type":"ImageObject","inLanguage":"es","@id":"https:\/\/www.eldiariodetucuman.com\/web\/se-firman-los-primeros-contratos-ppp-para-la-construccion-de-nuevas-rutas\/#primaryimage","url":"https:\/\/www.eldiariodetucuman.com\/web\/wp-content\/uploads\/2018\/07\/bd9745b67058a7be035b1b07a869149c.jpeg","contentUrl":"https:\/\/www.eldiariodetucuman.com\/web\/wp-content\/uploads\/2018\/07\/bd9745b67058a7be035b1b07a869149c.jpeg","width":960,"height":576},{"@type":"BreadcrumbList","@id":"https:\/\/www.eldiariodetucuman.com\/web\/se-firman-los-primeros-contratos-ppp-para-la-construccion-de-nuevas-rutas\/#breadcrumb","itemListElement":[{"@type":"ListItem","position":1,"name":"Portada","item":"https:\/\/www.eldiariodetucuman.com\/web\/"},{"@type":"ListItem","position":2,"name":"Se firman los primeros contratos PPP para la construcci\u00f3n de nuevas rutas"}]},{"@type":"WebSite","@id":"https:\/\/www.eldiariodetucuman.com\/web\/#website","url":"https:\/\/www.eldiariodetucuman.com\/web\/","name":"El Diario de Tucuman","description":"Diario Tucuman - Informaci\u00f3n y noticias","publisher":{"@id":"https:\/\/www.eldiariodetucuman.com\/web\/#organization"},"potentialAction":[{"@type":"SearchAction","target":{"@type":"EntryPoint","urlTemplate":"https:\/\/www.eldiariodetucuman.com\/web\/?s={search_term_string}"},"query-input":{"@type":"PropertyValueSpecification","valueRequired":true,"valueName":"search_term_string"}}],"inLanguage":"es"},{"@type":"Organization","@id":"https:\/\/www.eldiariodetucuman.com\/web\/#organization","name":"El Diario de Tucuman","url":"https:\/\/www.eldiariodetucuman.com\/web\/","logo":{"@type":"ImageObject","inLanguage":"es","@id":"https:\/\/www.eldiariodetucuman.com\/web\/#\/schema\/logo\/image\/","url":"http:\/\/www.eldiariodetucuman.com\/web\/wp-content\/uploads\/2017\/12\/el-diario-de-tucuman.jpg","contentUrl":"http:\/\/www.eldiariodetucuman.com\/web\/wp-content\/uploads\/2017\/12\/el-diario-de-tucuman.jpg","width":272,"height":92,"caption":"El Diario de Tucuman"},"image":{"@id":"https:\/\/www.eldiariodetucuman.com\/web\/#\/schema\/logo\/image\/"}},{"@type":"Person","@id":"https:\/\/www.eldiariodetucuman.com\/web\/#\/schema\/person\/9250197d75ab5483412e19678b121caa","name":"admin","image":{"@type":"ImageObject","inLanguage":"es","@id":"https:\/\/secure.gravatar.com\/avatar\/c44d117c2be811212c22cb481f6b8384b6873de103fbc49e7a03cc58d7dea4ac?s=96&d=mm&r=g","url":"https:\/\/secure.gravatar.com\/avatar\/c44d117c2be811212c22cb481f6b8384b6873de103fbc49e7a03cc58d7dea4ac?s=96&d=mm&r=g","contentUrl":"https:\/\/secure.gravatar.com\/avatar\/c44d117c2be811212c22cb481f6b8384b6873de103fbc49e7a03cc58d7dea4ac?s=96&d=mm&r=g","caption":"admin"},"url":"https:\/\/www.eldiariodetucuman.com\/web\/author\/admin\/"}]}},"_links":{"self":[{"href":"https:\/\/www.eldiariodetucuman.com\/web\/wp-json\/wp\/v2\/posts\/14293","targetHints":{"allow":["GET"]}}],"collection":[{"href":"https:\/\/www.eldiariodetucuman.com\/web\/wp-json\/wp\/v2\/posts"}],"about":[{"href":"https:\/\/www.eldiariodetucuman.com\/web\/wp-json\/wp\/v2\/types\/post"}],"author":[{"embeddable":true,"href":"https:\/\/www.eldiariodetucuman.com\/web\/wp-json\/wp\/v2\/users\/1"}],"replies":[{"embeddable":true,"href":"https:\/\/www.eldiariodetucuman.com\/web\/wp-json\/wp\/v2\/comments?post=14293"}],"version-history":[{"count":1,"href":"https:\/\/www.eldiariodetucuman.com\/web\/wp-json\/wp\/v2\/posts\/14293\/revisions"}],"predecessor-version":[{"id":14295,"href":"https:\/\/www.eldiariodetucuman.com\/web\/wp-json\/wp\/v2\/posts\/14293\/revisions\/14295"}],"wp:featuredmedia":[{"embeddable":true,"href":"https:\/\/www.eldiariodetucuman.com\/web\/wp-json\/wp\/v2\/media\/14294"}],"wp:attachment":[{"href":"https:\/\/www.eldiariodetucuman.com\/web\/wp-json\/wp\/v2\/media?parent=14293"}],"wp:term":[{"taxonomy":"category","embeddable":true,"href":"https:\/\/www.eldiariodetucuman.com\/web\/wp-json\/wp\/v2\/categories?post=14293"},{"taxonomy":"post_tag","embeddable":true,"href":"https:\/\/www.eldiariodetucuman.com\/web\/wp-json\/wp\/v2\/tags?post=14293"}],"curies":[{"name":"wp","href":"https:\/\/api.w.org\/{rel}","templated":true}]}}