{"id":1418,"date":"2016-05-19T15:51:59","date_gmt":"2016-05-19T15:51:59","guid":{"rendered":"http:\/\/www.eldiariodetucuman.com\/web\/?p=1418"},"modified":"2016-05-19T15:51:59","modified_gmt":"2016-05-19T15:51:59","slug":"mujica-maduro-esta-loco-como-una-cabra","status":"publish","type":"post","link":"https:\/\/www.eldiariodetucuman.com\/web\/mujica-maduro-esta-loco-como-una-cabra\/","title":{"rendered":"Mujica: Maduro est\u00e1 loco como una cabra"},"content":{"rendered":"<div class=\"PlayerMultimedia sinSolapa\">\n<div id=\"quicktabs-notas_tabs_multimedia\" class=\"quicktabs-wrapper quicktabs-style-nostyle jquery-once-1-processed\">\n<div id=\"quicktabs-container-notas_tabs_multimedia\" class=\"quicktabs_main quicktabs-style-nostyle\">\n<p>El expresidente uruguayo Jos\u00e9 Mujica asegur\u00f3 que el mandatario venezolano Nicol\u00e1s Maduro \u00abest\u00e1 loco como una cabra\u00bb, al referirse a la intensa pol\u00e9mica p\u00fablica que el bolivariano mantuvo ayer con el secretario general de la OEA, Luis Almagro.<\/p>\n<div id=\"quicktabs-tabpage-notas_tabs_multimedia-1\" class=\"quicktabs-tabpage \">\n<div id=\"container-carousel\">\n<div id=\"carrusel-kaltura\">\n<div class=\"mask\">\n<p><img decoding=\"async\" class=\"playerPoster fill-height\" src=\"https:\/\/streaming.vodgc.com\/p\/116\/sp\/11600\/thumbnail\/entry_id\/0_q9oulq6h\/version\/100000\/acv\/142\/width\/650\/height\/366\" alt=\"Video thumbnail for Pepe Mujica: Maduro est\u00e1 loco como una cabra\" \/><\/p>\n<\/div>\n<\/div>\n<\/div>\n<\/div>\n<\/div>\n<\/div>\n<\/div>\n<p><!--more--><\/p>\n<p>&nbsp;<\/p>\n<div class=\"row\">\n<div class=\"col gu7 contenedorArticulo\">\n<div class=\"TextoNota\">\n<div class=\"field field-name-body field-type-text-with-summary field-label-hidden\">\n<div class=\"field-items\">\n<div class=\"field-item even\">\n<p>\u00abSe dicen de todo y as\u00ed no van a arreglar nada\u00bb, expres\u00f3 el actual senador del gobernante Frente Amplio (FA) en referencia a los cruces p\u00fablicos de estos d\u00edas entre Maduro y su compatriota Almagro, quien fue su ministro de Relaciones Exteriores entre 2010 y 2015.<\/p>\n<p>En declaraciones divulgadas por la prensa uruguaya, &#8216;Pepe&#8217; Mujica precis\u00f3 que le tiene un gran respeto al presidente venezolano, aunque aclar\u00f3 que \u00abeso no equivale a que no le diga que est\u00e1 loco\u00bb.<\/p>\n<p>\u00abEst\u00e1s loco como una cabra\u00bb, repiti\u00f3, dirigiendo sus palabras directamente hacia el venezolano.<\/p>\n<p>Preguntado sobre las acusaciones de Maduro de que Almagro es un agente de la CIA, respondi\u00f3: \u00abNo, no tiene nada que ver. Se pasan de rosca. Pero en Venezuela est\u00e1n bien pasados de rosca en todo\u00bb.<\/p>\n<p>Tambi\u00e9n rechaz\u00f3 las acusaciones de Maduro en cuanto a que Almagro es un traidor. \u00abAlmagro no es un traidor; es un abogado, esclavo del derecho. Yo discrepo con Almagro en algunas cosas, pero tambi\u00e9n con Maduro en eso\u00bb, remarc\u00f3.<\/p>\n<p>Para el legislador uruguayo, \u00abel problema no es Almagro sino Venezuela, que debe tratar de arreglar la crisis econ\u00f3mica\u00bb.<\/p>\n<p><img loading=\"lazy\" decoding=\"async\" class=\"image-landscape_565_318\" src=\"http:\/\/staticf5b.lavozdelinterior.com.ar\/sites\/default\/files\/styles\/landscape_565_318\/public\/nota_periodistica\/12-maduro-mujica.jpg\" alt=\"\" width=\"565\" height=\"318\" \/><\/p>\n<p>\u00abNo se puede vivir a los roscazos (pu\u00f1etazos) en un pa\u00eds. De alguna manera los venezolanos tienen que arreglar las cosas entre ellos\u00bb, sugiri\u00f3.<\/p>\n<p>Almagro y Maduro protagonizaron esta semana otro duro cruce verbal con acusaciones, reproches y advertencias. El secretario general de la OEA estudia si activar la Carta Democr\u00e1tica Interamericana (CDI) ante la grave situaci\u00f3n en Venezuela, a lo que se opone tajantemente el gobierno de Maduro, al considerar que la medida supondr\u00eda una injerencia en los asuntos internos del pa\u00eds.<\/p>\n<p>Almagro acus\u00f3 a Maduro de traicionar a su pueblo en un mensaje p\u00fablico en el que afirm\u00f3 que si impide que se celebre un referendo que podr\u00eda revocar su mandato ser\u00e1 \u00abun dictatorzuelo m\u00e1s\u00bb.<\/p>\n<p>Almagro podr\u00eda invocar la Carta recurriendo al art\u00edculo 20 de la misma, que lo autoriza a convocar a un Consejo Permanente cuando en un Estado miembro se d\u00e9 \u00abuna alteraci\u00f3n del orden constitucional que afecte gravemente su orden democr\u00e1tico\u00bb, refiri\u00f3 DPA.<\/p>\n<p>El Consejo deber\u00e1 decidir por mayor\u00eda de los miembros de la OEA (18 votos) si as\u00ed es el caso o no y las medidas a tomar.<\/p>\n<p class=\"SubTitulo\">Otras frases<\/p>\n<p>Mujica suele tener frases pol\u00e9micas. En 2013, al hablar sobre Cristina Fern\u00e1ndez, dijo: \u00abEsta viejo es peor que el tuerto\u00bb. <a href=\"http:\/\/www.lavoz.com.ar\/noticias\/politica\/mujica-sobre-cristina-esta-vieja-es-peor-que-tuerto\">http:\/\/www.lavoz.com.ar\/noticias\/politica\/mujica-sobre-cristina-esta-vie&#8230;<\/a><\/p>\n<\/div>\n<\/div>\n<p>Por <strong>Agencia T\u00e9lam y Redacci\u00f3n La Voz<\/strong><\/p>\n<p>Fuente:\u00a0http:\/\/www.lavoz.com.ar\/mundo\/mujica-maduro-esta-loco-como-una-cabra?cx_level=flujo_1<\/p>\n<\/div>\n<\/div>\n<\/div>\n<\/div>\n","protected":false},"excerpt":{"rendered":"<p>El expresidente uruguayo Jos\u00e9 Mujica asegur\u00f3 que el mandatario venezolano Nicol\u00e1s Maduro \u00abest\u00e1 loco como una cabra\u00bb, al referirse a la intensa pol\u00e9mica p\u00fablica que el bolivariano mantuvo ayer con el secretario general de la OEA, Luis Almagro.<\/p>\n","protected":false},"author":3,"featured_media":1419,"comment_status":"closed","ping_status":"open","sticky":false,"template":"","format":"standard","meta":{"footnotes":""},"categories":[3],"tags":[],"class_list":{"0":"post-1418","1":"post","2":"type-post","3":"status-publish","4":"format-standard","5":"has-post-thumbnail","7":"category-politica"},"yoast_head":"<!-- This site is optimized with the Yoast SEO plugin v27.4 - https:\/\/yoast.com\/product\/yoast-seo-wordpress\/ -->\n<title>Mujica: Maduro est\u00e1 loco como una cabra - El Diario de Tucuman<\/title>\n<meta name=\"robots\" content=\"index, follow, max-snippet:-1, max-image-preview:large, max-video-preview:-1\" \/>\n<link rel=\"canonical\" href=\"https:\/\/www.eldiariodetucuman.com\/web\/mujica-maduro-esta-loco-como-una-cabra\/\" \/>\n<meta property=\"og:locale\" content=\"es_ES\" \/>\n<meta property=\"og:type\" content=\"article\" \/>\n<meta property=\"og:title\" content=\"Mujica: Maduro est\u00e1 loco como una cabra - El Diario de Tucuman\" \/>\n<meta property=\"og:description\" content=\"El expresidente uruguayo Jos\u00e9 Mujica asegur\u00f3 que el mandatario venezolano Nicol\u00e1s Maduro \u00abest\u00e1 loco como una cabra\u00bb, al referirse a la intensa pol\u00e9mica p\u00fablica que el bolivariano mantuvo ayer con el secretario general de la OEA, Luis Almagro.\" \/>\n<meta property=\"og:url\" content=\"https:\/\/www.eldiariodetucuman.com\/web\/mujica-maduro-esta-loco-como-una-cabra\/\" \/>\n<meta property=\"og:site_name\" content=\"El Diario de Tucuman\" \/>\n<meta property=\"article:published_time\" content=\"2016-05-19T15:51:59+00:00\" \/>\n<meta property=\"og:image\" content=\"https:\/\/www.eldiariodetucuman.com\/web\/wp-content\/uploads\/2016\/05\/12-maduro-mujica.jpg\" \/>\n\t<meta property=\"og:image:width\" content=\"565\" \/>\n\t<meta property=\"og:image:height\" content=\"318\" \/>\n\t<meta property=\"og:image:type\" content=\"image\/jpeg\" \/>\n<meta name=\"author\" content=\"El diario de Tucuman\" \/>\n<meta name=\"twitter:card\" content=\"summary_large_image\" \/>\n<meta name=\"twitter:label1\" content=\"Escrito por\" \/>\n\t<meta name=\"twitter:data1\" content=\"El diario de Tucuman\" \/>\n\t<meta name=\"twitter:label2\" content=\"Tiempo de lectura\" \/>\n\t<meta name=\"twitter:data2\" content=\"2 minutos\" \/>\n<script type=\"application\/ld+json\" class=\"yoast-schema-graph\">{\"@context\":\"https:\\\/\\\/schema.org\",\"@graph\":[{\"@type\":\"Article\",\"@id\":\"https:\\\/\\\/www.eldiariodetucuman.com\\\/web\\\/mujica-maduro-esta-loco-como-una-cabra\\\/#article\",\"isPartOf\":{\"@id\":\"https:\\\/\\\/www.eldiariodetucuman.com\\\/web\\\/mujica-maduro-esta-loco-como-una-cabra\\\/\"},\"author\":{\"name\":\"El diario de Tucuman\",\"@id\":\"https:\\\/\\\/www.eldiariodetucuman.com\\\/web\\\/#\\\/schema\\\/person\\\/3adbe300ecd6242af93c97dab1dc3ba1\"},\"headline\":\"Mujica: Maduro est\u00e1 loco como una cabra\",\"datePublished\":\"2016-05-19T15:51:59+00:00\",\"mainEntityOfPage\":{\"@id\":\"https:\\\/\\\/www.eldiariodetucuman.com\\\/web\\\/mujica-maduro-esta-loco-como-una-cabra\\\/\"},\"wordCount\":487,\"publisher\":{\"@id\":\"https:\\\/\\\/www.eldiariodetucuman.com\\\/web\\\/#organization\"},\"image\":{\"@id\":\"https:\\\/\\\/www.eldiariodetucuman.com\\\/web\\\/mujica-maduro-esta-loco-como-una-cabra\\\/#primaryimage\"},\"thumbnailUrl\":\"https:\\\/\\\/www.eldiariodetucuman.com\\\/web\\\/wp-content\\\/uploads\\\/2016\\\/05\\\/12-maduro-mujica.jpg\",\"articleSection\":[\"Politica\"],\"inLanguage\":\"es\"},{\"@type\":\"WebPage\",\"@id\":\"https:\\\/\\\/www.eldiariodetucuman.com\\\/web\\\/mujica-maduro-esta-loco-como-una-cabra\\\/\",\"url\":\"https:\\\/\\\/www.eldiariodetucuman.com\\\/web\\\/mujica-maduro-esta-loco-como-una-cabra\\\/\",\"name\":\"Mujica: Maduro est\u00e1 loco como una cabra - El Diario de Tucuman\",\"isPartOf\":{\"@id\":\"https:\\\/\\\/www.eldiariodetucuman.com\\\/web\\\/#website\"},\"primaryImageOfPage\":{\"@id\":\"https:\\\/\\\/www.eldiariodetucuman.com\\\/web\\\/mujica-maduro-esta-loco-como-una-cabra\\\/#primaryimage\"},\"image\":{\"@id\":\"https:\\\/\\\/www.eldiariodetucuman.com\\\/web\\\/mujica-maduro-esta-loco-como-una-cabra\\\/#primaryimage\"},\"thumbnailUrl\":\"https:\\\/\\\/www.eldiariodetucuman.com\\\/web\\\/wp-content\\\/uploads\\\/2016\\\/05\\\/12-maduro-mujica.jpg\",\"datePublished\":\"2016-05-19T15:51:59+00:00\",\"breadcrumb\":{\"@id\":\"https:\\\/\\\/www.eldiariodetucuman.com\\\/web\\\/mujica-maduro-esta-loco-como-una-cabra\\\/#breadcrumb\"},\"inLanguage\":\"es\",\"potentialAction\":[{\"@type\":\"ReadAction\",\"target\":[\"https:\\\/\\\/www.eldiariodetucuman.com\\\/web\\\/mujica-maduro-esta-loco-como-una-cabra\\\/\"]}]},{\"@type\":\"ImageObject\",\"inLanguage\":\"es\",\"@id\":\"https:\\\/\\\/www.eldiariodetucuman.com\\\/web\\\/mujica-maduro-esta-loco-como-una-cabra\\\/#primaryimage\",\"url\":\"https:\\\/\\\/www.eldiariodetucuman.com\\\/web\\\/wp-content\\\/uploads\\\/2016\\\/05\\\/12-maduro-mujica.jpg\",\"contentUrl\":\"https:\\\/\\\/www.eldiariodetucuman.com\\\/web\\\/wp-content\\\/uploads\\\/2016\\\/05\\\/12-maduro-mujica.jpg\",\"width\":565,\"height\":318},{\"@type\":\"BreadcrumbList\",\"@id\":\"https:\\\/\\\/www.eldiariodetucuman.com\\\/web\\\/mujica-maduro-esta-loco-como-una-cabra\\\/#breadcrumb\",\"itemListElement\":[{\"@type\":\"ListItem\",\"position\":1,\"name\":\"Portada\",\"item\":\"https:\\\/\\\/www.eldiariodetucuman.com\\\/web\\\/\"},{\"@type\":\"ListItem\",\"position\":2,\"name\":\"Mujica: Maduro est\u00e1 loco como una cabra\"}]},{\"@type\":\"WebSite\",\"@id\":\"https:\\\/\\\/www.eldiariodetucuman.com\\\/web\\\/#website\",\"url\":\"https:\\\/\\\/www.eldiariodetucuman.com\\\/web\\\/\",\"name\":\"El Diario de Tucuman\",\"description\":\"Diario Tucuman - Informaci\u00f3n y noticias\",\"publisher\":{\"@id\":\"https:\\\/\\\/www.eldiariodetucuman.com\\\/web\\\/#organization\"},\"potentialAction\":[{\"@type\":\"SearchAction\",\"target\":{\"@type\":\"EntryPoint\",\"urlTemplate\":\"https:\\\/\\\/www.eldiariodetucuman.com\\\/web\\\/?s={search_term_string}\"},\"query-input\":{\"@type\":\"PropertyValueSpecification\",\"valueRequired\":true,\"valueName\":\"search_term_string\"}}],\"inLanguage\":\"es\"},{\"@type\":\"Organization\",\"@id\":\"https:\\\/\\\/www.eldiariodetucuman.com\\\/web\\\/#organization\",\"name\":\"El Diario de Tucuman\",\"url\":\"https:\\\/\\\/www.eldiariodetucuman.com\\\/web\\\/\",\"logo\":{\"@type\":\"ImageObject\",\"inLanguage\":\"es\",\"@id\":\"https:\\\/\\\/www.eldiariodetucuman.com\\\/web\\\/#\\\/schema\\\/logo\\\/image\\\/\",\"url\":\"http:\\\/\\\/www.eldiariodetucuman.com\\\/web\\\/wp-content\\\/uploads\\\/2017\\\/12\\\/el-diario-de-tucuman.jpg\",\"contentUrl\":\"http:\\\/\\\/www.eldiariodetucuman.com\\\/web\\\/wp-content\\\/uploads\\\/2017\\\/12\\\/el-diario-de-tucuman.jpg\",\"width\":272,\"height\":92,\"caption\":\"El Diario de Tucuman\"},\"image\":{\"@id\":\"https:\\\/\\\/www.eldiariodetucuman.com\\\/web\\\/#\\\/schema\\\/logo\\\/image\\\/\"}},{\"@type\":\"Person\",\"@id\":\"https:\\\/\\\/www.eldiariodetucuman.com\\\/web\\\/#\\\/schema\\\/person\\\/3adbe300ecd6242af93c97dab1dc3ba1\",\"name\":\"El diario de Tucuman\",\"image\":{\"@type\":\"ImageObject\",\"inLanguage\":\"es\",\"@id\":\"https:\\\/\\\/secure.gravatar.com\\\/avatar\\\/b7214de193b24d0bd708ac5516aa13d0f20c6560795bfbee06857d5c8ac2f0b2?s=96&d=mm&r=g\",\"url\":\"https:\\\/\\\/secure.gravatar.com\\\/avatar\\\/b7214de193b24d0bd708ac5516aa13d0f20c6560795bfbee06857d5c8ac2f0b2?s=96&d=mm&r=g\",\"contentUrl\":\"https:\\\/\\\/secure.gravatar.com\\\/avatar\\\/b7214de193b24d0bd708ac5516aa13d0f20c6560795bfbee06857d5c8ac2f0b2?s=96&d=mm&r=g\",\"caption\":\"El diario de Tucuman\"},\"url\":\"https:\\\/\\\/www.eldiariodetucuman.com\\\/web\\\/author\\\/mgiobellina\\\/\"}]}<\/script>\n<!-- \/ Yoast SEO plugin. -->","yoast_head_json":{"title":"Mujica: Maduro est\u00e1 loco como una cabra - El Diario de Tucuman","robots":{"index":"index","follow":"follow","max-snippet":"max-snippet:-1","max-image-preview":"max-image-preview:large","max-video-preview":"max-video-preview:-1"},"canonical":"https:\/\/www.eldiariodetucuman.com\/web\/mujica-maduro-esta-loco-como-una-cabra\/","og_locale":"es_ES","og_type":"article","og_title":"Mujica: Maduro est\u00e1 loco como una cabra - El Diario de Tucuman","og_description":"El expresidente uruguayo Jos\u00e9 Mujica asegur\u00f3 que el mandatario venezolano Nicol\u00e1s Maduro \u00abest\u00e1 loco como una cabra\u00bb, al referirse a la intensa pol\u00e9mica p\u00fablica que el bolivariano mantuvo ayer con el secretario general de la OEA, Luis Almagro.","og_url":"https:\/\/www.eldiariodetucuman.com\/web\/mujica-maduro-esta-loco-como-una-cabra\/","og_site_name":"El Diario de Tucuman","article_published_time":"2016-05-19T15:51:59+00:00","og_image":[{"width":565,"height":318,"url":"https:\/\/www.eldiariodetucuman.com\/web\/wp-content\/uploads\/2016\/05\/12-maduro-mujica.jpg","type":"image\/jpeg"}],"author":"El diario de Tucuman","twitter_card":"summary_large_image","twitter_misc":{"Escrito por":"El diario de Tucuman","Tiempo de lectura":"2 minutos"},"schema":{"@context":"https:\/\/schema.org","@graph":[{"@type":"Article","@id":"https:\/\/www.eldiariodetucuman.com\/web\/mujica-maduro-esta-loco-como-una-cabra\/#article","isPartOf":{"@id":"https:\/\/www.eldiariodetucuman.com\/web\/mujica-maduro-esta-loco-como-una-cabra\/"},"author":{"name":"El diario de Tucuman","@id":"https:\/\/www.eldiariodetucuman.com\/web\/#\/schema\/person\/3adbe300ecd6242af93c97dab1dc3ba1"},"headline":"Mujica: Maduro est\u00e1 loco como una cabra","datePublished":"2016-05-19T15:51:59+00:00","mainEntityOfPage":{"@id":"https:\/\/www.eldiariodetucuman.com\/web\/mujica-maduro-esta-loco-como-una-cabra\/"},"wordCount":487,"publisher":{"@id":"https:\/\/www.eldiariodetucuman.com\/web\/#organization"},"image":{"@id":"https:\/\/www.eldiariodetucuman.com\/web\/mujica-maduro-esta-loco-como-una-cabra\/#primaryimage"},"thumbnailUrl":"https:\/\/www.eldiariodetucuman.com\/web\/wp-content\/uploads\/2016\/05\/12-maduro-mujica.jpg","articleSection":["Politica"],"inLanguage":"es"},{"@type":"WebPage","@id":"https:\/\/www.eldiariodetucuman.com\/web\/mujica-maduro-esta-loco-como-una-cabra\/","url":"https:\/\/www.eldiariodetucuman.com\/web\/mujica-maduro-esta-loco-como-una-cabra\/","name":"Mujica: Maduro est\u00e1 loco como una cabra - El Diario de Tucuman","isPartOf":{"@id":"https:\/\/www.eldiariodetucuman.com\/web\/#website"},"primaryImageOfPage":{"@id":"https:\/\/www.eldiariodetucuman.com\/web\/mujica-maduro-esta-loco-como-una-cabra\/#primaryimage"},"image":{"@id":"https:\/\/www.eldiariodetucuman.com\/web\/mujica-maduro-esta-loco-como-una-cabra\/#primaryimage"},"thumbnailUrl":"https:\/\/www.eldiariodetucuman.com\/web\/wp-content\/uploads\/2016\/05\/12-maduro-mujica.jpg","datePublished":"2016-05-19T15:51:59+00:00","breadcrumb":{"@id":"https:\/\/www.eldiariodetucuman.com\/web\/mujica-maduro-esta-loco-como-una-cabra\/#breadcrumb"},"inLanguage":"es","potentialAction":[{"@type":"ReadAction","target":["https:\/\/www.eldiariodetucuman.com\/web\/mujica-maduro-esta-loco-como-una-cabra\/"]}]},{"@type":"ImageObject","inLanguage":"es","@id":"https:\/\/www.eldiariodetucuman.com\/web\/mujica-maduro-esta-loco-como-una-cabra\/#primaryimage","url":"https:\/\/www.eldiariodetucuman.com\/web\/wp-content\/uploads\/2016\/05\/12-maduro-mujica.jpg","contentUrl":"https:\/\/www.eldiariodetucuman.com\/web\/wp-content\/uploads\/2016\/05\/12-maduro-mujica.jpg","width":565,"height":318},{"@type":"BreadcrumbList","@id":"https:\/\/www.eldiariodetucuman.com\/web\/mujica-maduro-esta-loco-como-una-cabra\/#breadcrumb","itemListElement":[{"@type":"ListItem","position":1,"name":"Portada","item":"https:\/\/www.eldiariodetucuman.com\/web\/"},{"@type":"ListItem","position":2,"name":"Mujica: Maduro est\u00e1 loco como una cabra"}]},{"@type":"WebSite","@id":"https:\/\/www.eldiariodetucuman.com\/web\/#website","url":"https:\/\/www.eldiariodetucuman.com\/web\/","name":"El Diario de Tucuman","description":"Diario Tucuman - Informaci\u00f3n y noticias","publisher":{"@id":"https:\/\/www.eldiariodetucuman.com\/web\/#organization"},"potentialAction":[{"@type":"SearchAction","target":{"@type":"EntryPoint","urlTemplate":"https:\/\/www.eldiariodetucuman.com\/web\/?s={search_term_string}"},"query-input":{"@type":"PropertyValueSpecification","valueRequired":true,"valueName":"search_term_string"}}],"inLanguage":"es"},{"@type":"Organization","@id":"https:\/\/www.eldiariodetucuman.com\/web\/#organization","name":"El Diario de Tucuman","url":"https:\/\/www.eldiariodetucuman.com\/web\/","logo":{"@type":"ImageObject","inLanguage":"es","@id":"https:\/\/www.eldiariodetucuman.com\/web\/#\/schema\/logo\/image\/","url":"http:\/\/www.eldiariodetucuman.com\/web\/wp-content\/uploads\/2017\/12\/el-diario-de-tucuman.jpg","contentUrl":"http:\/\/www.eldiariodetucuman.com\/web\/wp-content\/uploads\/2017\/12\/el-diario-de-tucuman.jpg","width":272,"height":92,"caption":"El Diario de Tucuman"},"image":{"@id":"https:\/\/www.eldiariodetucuman.com\/web\/#\/schema\/logo\/image\/"}},{"@type":"Person","@id":"https:\/\/www.eldiariodetucuman.com\/web\/#\/schema\/person\/3adbe300ecd6242af93c97dab1dc3ba1","name":"El diario de Tucuman","image":{"@type":"ImageObject","inLanguage":"es","@id":"https:\/\/secure.gravatar.com\/avatar\/b7214de193b24d0bd708ac5516aa13d0f20c6560795bfbee06857d5c8ac2f0b2?s=96&d=mm&r=g","url":"https:\/\/secure.gravatar.com\/avatar\/b7214de193b24d0bd708ac5516aa13d0f20c6560795bfbee06857d5c8ac2f0b2?s=96&d=mm&r=g","contentUrl":"https:\/\/secure.gravatar.com\/avatar\/b7214de193b24d0bd708ac5516aa13d0f20c6560795bfbee06857d5c8ac2f0b2?s=96&d=mm&r=g","caption":"El diario de Tucuman"},"url":"https:\/\/www.eldiariodetucuman.com\/web\/author\/mgiobellina\/"}]}},"_links":{"self":[{"href":"https:\/\/www.eldiariodetucuman.com\/web\/wp-json\/wp\/v2\/posts\/1418","targetHints":{"allow":["GET"]}}],"collection":[{"href":"https:\/\/www.eldiariodetucuman.com\/web\/wp-json\/wp\/v2\/posts"}],"about":[{"href":"https:\/\/www.eldiariodetucuman.com\/web\/wp-json\/wp\/v2\/types\/post"}],"author":[{"embeddable":true,"href":"https:\/\/www.eldiariodetucuman.com\/web\/wp-json\/wp\/v2\/users\/3"}],"replies":[{"embeddable":true,"href":"https:\/\/www.eldiariodetucuman.com\/web\/wp-json\/wp\/v2\/comments?post=1418"}],"version-history":[{"count":1,"href":"https:\/\/www.eldiariodetucuman.com\/web\/wp-json\/wp\/v2\/posts\/1418\/revisions"}],"predecessor-version":[{"id":1420,"href":"https:\/\/www.eldiariodetucuman.com\/web\/wp-json\/wp\/v2\/posts\/1418\/revisions\/1420"}],"wp:featuredmedia":[{"embeddable":true,"href":"https:\/\/www.eldiariodetucuman.com\/web\/wp-json\/wp\/v2\/media\/1419"}],"wp:attachment":[{"href":"https:\/\/www.eldiariodetucuman.com\/web\/wp-json\/wp\/v2\/media?parent=1418"}],"wp:term":[{"taxonomy":"category","embeddable":true,"href":"https:\/\/www.eldiariodetucuman.com\/web\/wp-json\/wp\/v2\/categories?post=1418"},{"taxonomy":"post_tag","embeddable":true,"href":"https:\/\/www.eldiariodetucuman.com\/web\/wp-json\/wp\/v2\/tags?post=1418"}],"curies":[{"name":"wp","href":"https:\/\/api.w.org\/{rel}","templated":true}]}}