{"id":1411,"date":"2016-05-19T15:06:42","date_gmt":"2016-05-19T15:06:42","guid":{"rendered":"http:\/\/www.eldiariodetucuman.com\/web\/?p=1411"},"modified":"2016-05-19T15:06:42","modified_gmt":"2016-05-19T15:06:42","slug":"coparticipacion-manzur-participo-del-acuerdo-entre-nacion-y-19-provincias","status":"publish","type":"post","link":"https:\/\/www.eldiariodetucuman.com\/web\/coparticipacion-manzur-participo-del-acuerdo-entre-nacion-y-19-provincias\/","title":{"rendered":"Coparticipaci\u00f3n: Manzur particip\u00f3 del acuerdo entre Naci\u00f3n y 19 provincias"},"content":{"rendered":"<p>El gobernador Juan Manzur particip\u00f3 esta ma\u00f1ana en C\u00f3rdoba de una reuni\u00f3n que encabez\u00f3 el ministro del Interior de la Naci\u00f3n, Rogelio Frigerio, y otros 19 mandatarios provinciales, donde se arrib\u00f3 a un entendimiento donde la Naci\u00f3n se comprometi\u00f3 a devolver gradualmente el 15% de la coparticipaci\u00f3n federal. El encuentro se desarroll\u00f3 en el centro c\u00edvico de la ciudad mediterr\u00e1nea.<!--more--><\/p>\n<p>Recordemos que este hecho Tucum\u00e1n lo hizo efectivo el lunes pasado, cuando en la sede del Ministerio del Interior, el mandatario local acord\u00f3 esta modalidad de reembolso financiero de la masa coparticipable nacional con el titular de esa cartera.<br \/>\nDel encuentro participaban tambi\u00e9n el anfitri\u00f3n, Juan Schiaretti, Mar\u00eda Eugenia Vidal (Buenos Aires), Juan Manuel Urtubey (Salta), Luc\u00eda Corpacci (Catamarca), Gustavo Bordet (Entre R\u00edos), Alfredo Cornejo (Mendoza), Alberto Rodr\u00edguez Sa\u00e1 (San Luis), Alberto Weretilneck (R\u00edo Negro), Mario Das Neves (Chubut), Ricardo Colombi (Corrientes), Gildo Insfr\u00e1n (Formosa) y Alicia Kirchner (Santa Cruz).<\/p>\n<p>El acuerdo con Tucum\u00e1n<\/p>\n<p>La firma que rubric\u00f3 el lunes pasado Manzur con Frigerio detalla en su art\u00edculo 1\u00b0: \u201clas partes acuerdan reducir la detracci\u00f3n de los 15 puntos porcentuales de la masa de recursos coparticipables, con destino a la Administraci\u00f3n Nacional de la Seguridad Social (ANSES), establecida en el acuerdo Federal del 12 de agosto de 1992, suscripto entre el Estado Nacional y las provincias, rafiticado por la Ley 24.130, que fuera prorrogado en \u00faltimo t\u00e9rmino por el art\u00edculo 76 de la Ley 26.078, a raz\u00f3n de tres puntos porcentuales por a\u00f1o calendario, lo que resulta la restituci\u00f3n (a las provincias) de lo siguiente:<\/p>\n<p>A\u00f1o 2016: 12 puntos porcentuales<\/p>\n<p>A\u00f1o 2017: 9 puntos porcentuales<\/p>\n<p>A\u00f1o 2018: 6 puntos porcentuales<\/p>\n<p>A\u00f1o 2019: 3 puntos porcentuales<\/p>\n<p>A\u00f1o 2020 y sucesivos: cero puntos porcentuales.<br \/>\nEn su art\u00edculo 2\u00b0 el acuerdo establece que el \u201cEstado Nacional podr\u00e1 compensar, hasta alcanzar un 50% de las sumas adicionales que anualmente le corresponde a las provincias, en virtud de lo acordado en el art\u00edculo anterior, los cr\u00e9ditos que respecto de cada una de las provincias ostente a su favor, dejando aclarado que deber\u00e1 tratarse de cr\u00e9ditos exigibles\u201d.<\/p>\n<p>acuerdo manzur frigerioAdem\u00e1s indica que \u201csi en el a\u00f1o 2020, las provincias tuvieran deudas remanentes con la Naci\u00f3n que pudieran ser objeto de compensaci\u00f3n con los cr\u00e9ditos que tengan disponibles las provincias en concepto de coparticipaci\u00f3n federal de impuestos, inclu\u00eddas asignaciones espec\u00edficas y reg\u00edmenes especiales, la compensaci\u00f3n no podr\u00e1 afectar m\u00e1s de un tercio de los ingresos que se generen a favor de la Provincia que se trate, por el cese de la detracci\u00f3n de los 15% del acuerdo federal\u201d.<\/p>\n<p>El art\u00edculo 3\u00b0 establece que la Naci\u00f3n generar\u00e1 los instrumentos necesarios o instruir\u00e1, de ser necesario, al Fondo de Garant\u00eda de Sustentabilidad, para que otorgue a las Provincias un pr\u00e9stamo con desembolsos y cancelaciones parciales y sucesivas (pr\u00e9stamo) de la siguiente forma:<\/p>\n<p>El monto ser\u00e1 equivalente a 6% este a\u00f1o, de los 15% de la masa de recursos coparticipables que le hubierea correspondido a cada una de las provincias. En el caso de Tucum\u00e1n la cifra rondar\u00e1 los 2.000 millones de pesos. En tanto que para cada uno de los per\u00edodos 2017,2018 y 2019, fondos equivalente a 3%. A su vez, el monto de cada desembolso se cancelar\u00e1 a los cuatro a\u00f1os.<\/p>\n<p>En cuanto a los intereses, no se capitalizar\u00e1n y se devengar\u00e1n a partir del d\u00eda de cada desembolso, se pagar\u00e1n semestralmente y se calcular\u00e1n con una tasa del 15% anual vencida para el a\u00f1o 2016 y 2017, y del 12% anual vencida para el 2018 y 2019.<\/p>\n<p>Fotos, gentileza de la Secretaria de Informaci\u00f3n P\u00fablica del Gobierno de C\u00f3rdoba y Fotograf\u00eda del Ministerio del Interior, Obras P\u00fablicas y Vivienda de la Naci\u00f3n.<\/p>\n","protected":false},"excerpt":{"rendered":"<p>El gobernador Juan Manzur particip\u00f3 esta ma\u00f1ana en C\u00f3rdoba de una reuni\u00f3n que encabez\u00f3 el ministro del Interior de la Naci\u00f3n, Rogelio Frigerio, y otros 19 mandatarios provinciales, donde se arrib\u00f3 a un entendimiento donde la Naci\u00f3n se comprometi\u00f3 a devolver gradualmente el 15% de la coparticipaci\u00f3n federal. El encuentro se desarroll\u00f3 en el centro [&hellip;]<\/p>\n","protected":false},"author":3,"featured_media":1412,"comment_status":"closed","ping_status":"open","sticky":false,"template":"","format":"standard","meta":{"footnotes":""},"categories":[1],"tags":[7,61],"class_list":{"0":"post-1411","1":"post","2":"type-post","3":"status-publish","4":"format-standard","5":"has-post-thumbnail","7":"category-portada","8":"tag-el-diario-de-tucuman","9":"tag-tucuman"},"yoast_head":"<!-- This site is optimized with the Yoast SEO plugin v27.4 - https:\/\/yoast.com\/product\/yoast-seo-wordpress\/ -->\n<title>Coparticipaci\u00f3n: Manzur particip\u00f3 del acuerdo entre Naci\u00f3n y 19 provincias - El Diario de Tucuman<\/title>\n<meta name=\"robots\" content=\"index, follow, max-snippet:-1, max-image-preview:large, max-video-preview:-1\" \/>\n<link rel=\"canonical\" href=\"https:\/\/www.eldiariodetucuman.com\/web\/coparticipacion-manzur-participo-del-acuerdo-entre-nacion-y-19-provincias\/\" \/>\n<meta property=\"og:locale\" content=\"es_ES\" \/>\n<meta property=\"og:type\" content=\"article\" \/>\n<meta property=\"og:title\" content=\"Coparticipaci\u00f3n: Manzur particip\u00f3 del acuerdo entre Naci\u00f3n y 19 provincias - El Diario de Tucuman\" \/>\n<meta property=\"og:description\" content=\"El gobernador Juan Manzur particip\u00f3 esta ma\u00f1ana en C\u00f3rdoba de una reuni\u00f3n que encabez\u00f3 el ministro del Interior de la Naci\u00f3n, Rogelio Frigerio, y otros 19 mandatarios provinciales, donde se arrib\u00f3 a un entendimiento donde la Naci\u00f3n se comprometi\u00f3 a devolver gradualmente el 15% de la coparticipaci\u00f3n federal. El encuentro se desarroll\u00f3 en el centro [&hellip;]\" \/>\n<meta property=\"og:url\" content=\"https:\/\/www.eldiariodetucuman.com\/web\/coparticipacion-manzur-participo-del-acuerdo-entre-nacion-y-19-provincias\/\" \/>\n<meta property=\"og:site_name\" content=\"El Diario de Tucuman\" \/>\n<meta property=\"article:published_time\" content=\"2016-05-19T15:06:42+00:00\" \/>\n<meta property=\"og:image\" content=\"https:\/\/www.eldiariodetucuman.com\/web\/wp-content\/uploads\/2016\/05\/manzur-cordoba-6.jpg\" \/>\n\t<meta property=\"og:image:width\" content=\"750\" \/>\n\t<meta property=\"og:image:height\" content=\"416\" \/>\n\t<meta property=\"og:image:type\" content=\"image\/jpeg\" \/>\n<meta name=\"author\" content=\"El diario de Tucuman\" \/>\n<meta name=\"twitter:card\" content=\"summary_large_image\" \/>\n<meta name=\"twitter:label1\" content=\"Escrito por\" \/>\n\t<meta name=\"twitter:data1\" content=\"El diario de Tucuman\" \/>\n\t<meta name=\"twitter:label2\" content=\"Tiempo de lectura\" \/>\n\t<meta name=\"twitter:data2\" content=\"3 minutos\" \/>\n<script type=\"application\/ld+json\" class=\"yoast-schema-graph\">{\"@context\":\"https:\\\/\\\/schema.org\",\"@graph\":[{\"@type\":\"Article\",\"@id\":\"https:\\\/\\\/www.eldiariodetucuman.com\\\/web\\\/coparticipacion-manzur-participo-del-acuerdo-entre-nacion-y-19-provincias\\\/#article\",\"isPartOf\":{\"@id\":\"https:\\\/\\\/www.eldiariodetucuman.com\\\/web\\\/coparticipacion-manzur-participo-del-acuerdo-entre-nacion-y-19-provincias\\\/\"},\"author\":{\"name\":\"El diario de Tucuman\",\"@id\":\"https:\\\/\\\/www.eldiariodetucuman.com\\\/web\\\/#\\\/schema\\\/person\\\/3adbe300ecd6242af93c97dab1dc3ba1\"},\"headline\":\"Coparticipaci\u00f3n: Manzur particip\u00f3 del acuerdo entre Naci\u00f3n y 19 provincias\",\"datePublished\":\"2016-05-19T15:06:42+00:00\",\"mainEntityOfPage\":{\"@id\":\"https:\\\/\\\/www.eldiariodetucuman.com\\\/web\\\/coparticipacion-manzur-participo-del-acuerdo-entre-nacion-y-19-provincias\\\/\"},\"wordCount\":649,\"publisher\":{\"@id\":\"https:\\\/\\\/www.eldiariodetucuman.com\\\/web\\\/#organization\"},\"image\":{\"@id\":\"https:\\\/\\\/www.eldiariodetucuman.com\\\/web\\\/coparticipacion-manzur-participo-del-acuerdo-entre-nacion-y-19-provincias\\\/#primaryimage\"},\"thumbnailUrl\":\"https:\\\/\\\/www.eldiariodetucuman.com\\\/web\\\/wp-content\\\/uploads\\\/2016\\\/05\\\/manzur-cordoba-6.jpg\",\"keywords\":[\"El Diario de Tucuman\",\"Tucuman\"],\"articleSection\":[\"Portada\"],\"inLanguage\":\"es\"},{\"@type\":\"WebPage\",\"@id\":\"https:\\\/\\\/www.eldiariodetucuman.com\\\/web\\\/coparticipacion-manzur-participo-del-acuerdo-entre-nacion-y-19-provincias\\\/\",\"url\":\"https:\\\/\\\/www.eldiariodetucuman.com\\\/web\\\/coparticipacion-manzur-participo-del-acuerdo-entre-nacion-y-19-provincias\\\/\",\"name\":\"Coparticipaci\u00f3n: Manzur particip\u00f3 del acuerdo entre Naci\u00f3n y 19 provincias - El Diario de Tucuman\",\"isPartOf\":{\"@id\":\"https:\\\/\\\/www.eldiariodetucuman.com\\\/web\\\/#website\"},\"primaryImageOfPage\":{\"@id\":\"https:\\\/\\\/www.eldiariodetucuman.com\\\/web\\\/coparticipacion-manzur-participo-del-acuerdo-entre-nacion-y-19-provincias\\\/#primaryimage\"},\"image\":{\"@id\":\"https:\\\/\\\/www.eldiariodetucuman.com\\\/web\\\/coparticipacion-manzur-participo-del-acuerdo-entre-nacion-y-19-provincias\\\/#primaryimage\"},\"thumbnailUrl\":\"https:\\\/\\\/www.eldiariodetucuman.com\\\/web\\\/wp-content\\\/uploads\\\/2016\\\/05\\\/manzur-cordoba-6.jpg\",\"datePublished\":\"2016-05-19T15:06:42+00:00\",\"breadcrumb\":{\"@id\":\"https:\\\/\\\/www.eldiariodetucuman.com\\\/web\\\/coparticipacion-manzur-participo-del-acuerdo-entre-nacion-y-19-provincias\\\/#breadcrumb\"},\"inLanguage\":\"es\",\"potentialAction\":[{\"@type\":\"ReadAction\",\"target\":[\"https:\\\/\\\/www.eldiariodetucuman.com\\\/web\\\/coparticipacion-manzur-participo-del-acuerdo-entre-nacion-y-19-provincias\\\/\"]}]},{\"@type\":\"ImageObject\",\"inLanguage\":\"es\",\"@id\":\"https:\\\/\\\/www.eldiariodetucuman.com\\\/web\\\/coparticipacion-manzur-participo-del-acuerdo-entre-nacion-y-19-provincias\\\/#primaryimage\",\"url\":\"https:\\\/\\\/www.eldiariodetucuman.com\\\/web\\\/wp-content\\\/uploads\\\/2016\\\/05\\\/manzur-cordoba-6.jpg\",\"contentUrl\":\"https:\\\/\\\/www.eldiariodetucuman.com\\\/web\\\/wp-content\\\/uploads\\\/2016\\\/05\\\/manzur-cordoba-6.jpg\",\"width\":750,\"height\":416},{\"@type\":\"BreadcrumbList\",\"@id\":\"https:\\\/\\\/www.eldiariodetucuman.com\\\/web\\\/coparticipacion-manzur-participo-del-acuerdo-entre-nacion-y-19-provincias\\\/#breadcrumb\",\"itemListElement\":[{\"@type\":\"ListItem\",\"position\":1,\"name\":\"Portada\",\"item\":\"https:\\\/\\\/www.eldiariodetucuman.com\\\/web\\\/\"},{\"@type\":\"ListItem\",\"position\":2,\"name\":\"Coparticipaci\u00f3n: Manzur particip\u00f3 del acuerdo entre Naci\u00f3n y 19 provincias\"}]},{\"@type\":\"WebSite\",\"@id\":\"https:\\\/\\\/www.eldiariodetucuman.com\\\/web\\\/#website\",\"url\":\"https:\\\/\\\/www.eldiariodetucuman.com\\\/web\\\/\",\"name\":\"El Diario de Tucuman\",\"description\":\"Diario Tucuman - Informaci\u00f3n y noticias\",\"publisher\":{\"@id\":\"https:\\\/\\\/www.eldiariodetucuman.com\\\/web\\\/#organization\"},\"potentialAction\":[{\"@type\":\"SearchAction\",\"target\":{\"@type\":\"EntryPoint\",\"urlTemplate\":\"https:\\\/\\\/www.eldiariodetucuman.com\\\/web\\\/?s={search_term_string}\"},\"query-input\":{\"@type\":\"PropertyValueSpecification\",\"valueRequired\":true,\"valueName\":\"search_term_string\"}}],\"inLanguage\":\"es\"},{\"@type\":\"Organization\",\"@id\":\"https:\\\/\\\/www.eldiariodetucuman.com\\\/web\\\/#organization\",\"name\":\"El Diario de Tucuman\",\"url\":\"https:\\\/\\\/www.eldiariodetucuman.com\\\/web\\\/\",\"logo\":{\"@type\":\"ImageObject\",\"inLanguage\":\"es\",\"@id\":\"https:\\\/\\\/www.eldiariodetucuman.com\\\/web\\\/#\\\/schema\\\/logo\\\/image\\\/\",\"url\":\"http:\\\/\\\/www.eldiariodetucuman.com\\\/web\\\/wp-content\\\/uploads\\\/2017\\\/12\\\/el-diario-de-tucuman.jpg\",\"contentUrl\":\"http:\\\/\\\/www.eldiariodetucuman.com\\\/web\\\/wp-content\\\/uploads\\\/2017\\\/12\\\/el-diario-de-tucuman.jpg\",\"width\":272,\"height\":92,\"caption\":\"El Diario de Tucuman\"},\"image\":{\"@id\":\"https:\\\/\\\/www.eldiariodetucuman.com\\\/web\\\/#\\\/schema\\\/logo\\\/image\\\/\"}},{\"@type\":\"Person\",\"@id\":\"https:\\\/\\\/www.eldiariodetucuman.com\\\/web\\\/#\\\/schema\\\/person\\\/3adbe300ecd6242af93c97dab1dc3ba1\",\"name\":\"El diario de Tucuman\",\"image\":{\"@type\":\"ImageObject\",\"inLanguage\":\"es\",\"@id\":\"https:\\\/\\\/secure.gravatar.com\\\/avatar\\\/b7214de193b24d0bd708ac5516aa13d0f20c6560795bfbee06857d5c8ac2f0b2?s=96&d=mm&r=g\",\"url\":\"https:\\\/\\\/secure.gravatar.com\\\/avatar\\\/b7214de193b24d0bd708ac5516aa13d0f20c6560795bfbee06857d5c8ac2f0b2?s=96&d=mm&r=g\",\"contentUrl\":\"https:\\\/\\\/secure.gravatar.com\\\/avatar\\\/b7214de193b24d0bd708ac5516aa13d0f20c6560795bfbee06857d5c8ac2f0b2?s=96&d=mm&r=g\",\"caption\":\"El diario de Tucuman\"},\"url\":\"https:\\\/\\\/www.eldiariodetucuman.com\\\/web\\\/author\\\/mgiobellina\\\/\"}]}<\/script>\n<!-- \/ Yoast SEO plugin. -->","yoast_head_json":{"title":"Coparticipaci\u00f3n: Manzur particip\u00f3 del acuerdo entre Naci\u00f3n y 19 provincias - El Diario de Tucuman","robots":{"index":"index","follow":"follow","max-snippet":"max-snippet:-1","max-image-preview":"max-image-preview:large","max-video-preview":"max-video-preview:-1"},"canonical":"https:\/\/www.eldiariodetucuman.com\/web\/coparticipacion-manzur-participo-del-acuerdo-entre-nacion-y-19-provincias\/","og_locale":"es_ES","og_type":"article","og_title":"Coparticipaci\u00f3n: Manzur particip\u00f3 del acuerdo entre Naci\u00f3n y 19 provincias - El Diario de Tucuman","og_description":"El gobernador Juan Manzur particip\u00f3 esta ma\u00f1ana en C\u00f3rdoba de una reuni\u00f3n que encabez\u00f3 el ministro del Interior de la Naci\u00f3n, Rogelio Frigerio, y otros 19 mandatarios provinciales, donde se arrib\u00f3 a un entendimiento donde la Naci\u00f3n se comprometi\u00f3 a devolver gradualmente el 15% de la coparticipaci\u00f3n federal. El encuentro se desarroll\u00f3 en el centro [&hellip;]","og_url":"https:\/\/www.eldiariodetucuman.com\/web\/coparticipacion-manzur-participo-del-acuerdo-entre-nacion-y-19-provincias\/","og_site_name":"El Diario de Tucuman","article_published_time":"2016-05-19T15:06:42+00:00","og_image":[{"width":750,"height":416,"url":"https:\/\/www.eldiariodetucuman.com\/web\/wp-content\/uploads\/2016\/05\/manzur-cordoba-6.jpg","type":"image\/jpeg"}],"author":"El diario de Tucuman","twitter_card":"summary_large_image","twitter_misc":{"Escrito por":"El diario de Tucuman","Tiempo de lectura":"3 minutos"},"schema":{"@context":"https:\/\/schema.org","@graph":[{"@type":"Article","@id":"https:\/\/www.eldiariodetucuman.com\/web\/coparticipacion-manzur-participo-del-acuerdo-entre-nacion-y-19-provincias\/#article","isPartOf":{"@id":"https:\/\/www.eldiariodetucuman.com\/web\/coparticipacion-manzur-participo-del-acuerdo-entre-nacion-y-19-provincias\/"},"author":{"name":"El diario de Tucuman","@id":"https:\/\/www.eldiariodetucuman.com\/web\/#\/schema\/person\/3adbe300ecd6242af93c97dab1dc3ba1"},"headline":"Coparticipaci\u00f3n: Manzur particip\u00f3 del acuerdo entre Naci\u00f3n y 19 provincias","datePublished":"2016-05-19T15:06:42+00:00","mainEntityOfPage":{"@id":"https:\/\/www.eldiariodetucuman.com\/web\/coparticipacion-manzur-participo-del-acuerdo-entre-nacion-y-19-provincias\/"},"wordCount":649,"publisher":{"@id":"https:\/\/www.eldiariodetucuman.com\/web\/#organization"},"image":{"@id":"https:\/\/www.eldiariodetucuman.com\/web\/coparticipacion-manzur-participo-del-acuerdo-entre-nacion-y-19-provincias\/#primaryimage"},"thumbnailUrl":"https:\/\/www.eldiariodetucuman.com\/web\/wp-content\/uploads\/2016\/05\/manzur-cordoba-6.jpg","keywords":["El Diario de Tucuman","Tucuman"],"articleSection":["Portada"],"inLanguage":"es"},{"@type":"WebPage","@id":"https:\/\/www.eldiariodetucuman.com\/web\/coparticipacion-manzur-participo-del-acuerdo-entre-nacion-y-19-provincias\/","url":"https:\/\/www.eldiariodetucuman.com\/web\/coparticipacion-manzur-participo-del-acuerdo-entre-nacion-y-19-provincias\/","name":"Coparticipaci\u00f3n: Manzur particip\u00f3 del acuerdo entre Naci\u00f3n y 19 provincias - El Diario de Tucuman","isPartOf":{"@id":"https:\/\/www.eldiariodetucuman.com\/web\/#website"},"primaryImageOfPage":{"@id":"https:\/\/www.eldiariodetucuman.com\/web\/coparticipacion-manzur-participo-del-acuerdo-entre-nacion-y-19-provincias\/#primaryimage"},"image":{"@id":"https:\/\/www.eldiariodetucuman.com\/web\/coparticipacion-manzur-participo-del-acuerdo-entre-nacion-y-19-provincias\/#primaryimage"},"thumbnailUrl":"https:\/\/www.eldiariodetucuman.com\/web\/wp-content\/uploads\/2016\/05\/manzur-cordoba-6.jpg","datePublished":"2016-05-19T15:06:42+00:00","breadcrumb":{"@id":"https:\/\/www.eldiariodetucuman.com\/web\/coparticipacion-manzur-participo-del-acuerdo-entre-nacion-y-19-provincias\/#breadcrumb"},"inLanguage":"es","potentialAction":[{"@type":"ReadAction","target":["https:\/\/www.eldiariodetucuman.com\/web\/coparticipacion-manzur-participo-del-acuerdo-entre-nacion-y-19-provincias\/"]}]},{"@type":"ImageObject","inLanguage":"es","@id":"https:\/\/www.eldiariodetucuman.com\/web\/coparticipacion-manzur-participo-del-acuerdo-entre-nacion-y-19-provincias\/#primaryimage","url":"https:\/\/www.eldiariodetucuman.com\/web\/wp-content\/uploads\/2016\/05\/manzur-cordoba-6.jpg","contentUrl":"https:\/\/www.eldiariodetucuman.com\/web\/wp-content\/uploads\/2016\/05\/manzur-cordoba-6.jpg","width":750,"height":416},{"@type":"BreadcrumbList","@id":"https:\/\/www.eldiariodetucuman.com\/web\/coparticipacion-manzur-participo-del-acuerdo-entre-nacion-y-19-provincias\/#breadcrumb","itemListElement":[{"@type":"ListItem","position":1,"name":"Portada","item":"https:\/\/www.eldiariodetucuman.com\/web\/"},{"@type":"ListItem","position":2,"name":"Coparticipaci\u00f3n: Manzur particip\u00f3 del acuerdo entre Naci\u00f3n y 19 provincias"}]},{"@type":"WebSite","@id":"https:\/\/www.eldiariodetucuman.com\/web\/#website","url":"https:\/\/www.eldiariodetucuman.com\/web\/","name":"El Diario de Tucuman","description":"Diario Tucuman - Informaci\u00f3n y noticias","publisher":{"@id":"https:\/\/www.eldiariodetucuman.com\/web\/#organization"},"potentialAction":[{"@type":"SearchAction","target":{"@type":"EntryPoint","urlTemplate":"https:\/\/www.eldiariodetucuman.com\/web\/?s={search_term_string}"},"query-input":{"@type":"PropertyValueSpecification","valueRequired":true,"valueName":"search_term_string"}}],"inLanguage":"es"},{"@type":"Organization","@id":"https:\/\/www.eldiariodetucuman.com\/web\/#organization","name":"El Diario de Tucuman","url":"https:\/\/www.eldiariodetucuman.com\/web\/","logo":{"@type":"ImageObject","inLanguage":"es","@id":"https:\/\/www.eldiariodetucuman.com\/web\/#\/schema\/logo\/image\/","url":"http:\/\/www.eldiariodetucuman.com\/web\/wp-content\/uploads\/2017\/12\/el-diario-de-tucuman.jpg","contentUrl":"http:\/\/www.eldiariodetucuman.com\/web\/wp-content\/uploads\/2017\/12\/el-diario-de-tucuman.jpg","width":272,"height":92,"caption":"El Diario de Tucuman"},"image":{"@id":"https:\/\/www.eldiariodetucuman.com\/web\/#\/schema\/logo\/image\/"}},{"@type":"Person","@id":"https:\/\/www.eldiariodetucuman.com\/web\/#\/schema\/person\/3adbe300ecd6242af93c97dab1dc3ba1","name":"El diario de Tucuman","image":{"@type":"ImageObject","inLanguage":"es","@id":"https:\/\/secure.gravatar.com\/avatar\/b7214de193b24d0bd708ac5516aa13d0f20c6560795bfbee06857d5c8ac2f0b2?s=96&d=mm&r=g","url":"https:\/\/secure.gravatar.com\/avatar\/b7214de193b24d0bd708ac5516aa13d0f20c6560795bfbee06857d5c8ac2f0b2?s=96&d=mm&r=g","contentUrl":"https:\/\/secure.gravatar.com\/avatar\/b7214de193b24d0bd708ac5516aa13d0f20c6560795bfbee06857d5c8ac2f0b2?s=96&d=mm&r=g","caption":"El diario de Tucuman"},"url":"https:\/\/www.eldiariodetucuman.com\/web\/author\/mgiobellina\/"}]}},"_links":{"self":[{"href":"https:\/\/www.eldiariodetucuman.com\/web\/wp-json\/wp\/v2\/posts\/1411","targetHints":{"allow":["GET"]}}],"collection":[{"href":"https:\/\/www.eldiariodetucuman.com\/web\/wp-json\/wp\/v2\/posts"}],"about":[{"href":"https:\/\/www.eldiariodetucuman.com\/web\/wp-json\/wp\/v2\/types\/post"}],"author":[{"embeddable":true,"href":"https:\/\/www.eldiariodetucuman.com\/web\/wp-json\/wp\/v2\/users\/3"}],"replies":[{"embeddable":true,"href":"https:\/\/www.eldiariodetucuman.com\/web\/wp-json\/wp\/v2\/comments?post=1411"}],"version-history":[{"count":1,"href":"https:\/\/www.eldiariodetucuman.com\/web\/wp-json\/wp\/v2\/posts\/1411\/revisions"}],"predecessor-version":[{"id":1413,"href":"https:\/\/www.eldiariodetucuman.com\/web\/wp-json\/wp\/v2\/posts\/1411\/revisions\/1413"}],"wp:featuredmedia":[{"embeddable":true,"href":"https:\/\/www.eldiariodetucuman.com\/web\/wp-json\/wp\/v2\/media\/1412"}],"wp:attachment":[{"href":"https:\/\/www.eldiariodetucuman.com\/web\/wp-json\/wp\/v2\/media?parent=1411"}],"wp:term":[{"taxonomy":"category","embeddable":true,"href":"https:\/\/www.eldiariodetucuman.com\/web\/wp-json\/wp\/v2\/categories?post=1411"},{"taxonomy":"post_tag","embeddable":true,"href":"https:\/\/www.eldiariodetucuman.com\/web\/wp-json\/wp\/v2\/tags?post=1411"}],"curies":[{"name":"wp","href":"https:\/\/api.w.org\/{rel}","templated":true}]}}