{"id":1407,"date":"2016-05-18T13:31:22","date_gmt":"2016-05-18T13:31:22","guid":{"rendered":"http:\/\/www.eldiariodetucuman.com\/web\/?p=1407"},"modified":"2016-05-18T13:31:22","modified_gmt":"2016-05-18T13:31:22","slug":"la-polemica-campana-de-calvin-klein-que-desato-la-furia-en-la-web","status":"publish","type":"post","link":"https:\/\/www.eldiariodetucuman.com\/web\/la-polemica-campana-de-calvin-klein-que-desato-la-furia-en-la-web\/","title":{"rendered":"La pol\u00e9mica campa\u00f1a de Calvin Klein que desat\u00f3 la furia en la Web"},"content":{"rendered":"<div class=\"field field-name-field-op-gallery-image-image field-type-image field-label-hidden\">\n<div class=\"field-items\">\n<div class=\"field-item even\"><a class=\"colorbox init-colorbox-processed cboxElement\" title=\"\" href=\"http:\/\/www.rumbosdigital.com\/sites\/default\/files\/styles\/900\/public\/kendall-jenner.jpg?itok=RddynbEb\" rel=\"gallery-field_collection_item-9696-field_op_gallery_image_image\"><img loading=\"lazy\" decoding=\"async\" title=\"\" src=\"http:\/\/www.rumbosdigital.com\/sites\/default\/files\/styles\/590x360\/public\/kendall-jenner.jpg?itok=11L7WlXo\" alt=\"\" width=\"540\" height=\"330\" \/><\/a><\/div>\n<\/div>\n<\/div>\n<div class=\"field field-name-field-gallery-image-body field-type-text-long field-label-hidden\">\n<div class=\"field-items\">\n<div class=\"field-item even\">\n<p>Las redes sociales se llenaron de celebridades en ropa interior luego de que la reconocida firma <a href=\"https:\/\/www.instagram.com\/calvinklein\/\" target=\"_blank\"><strong>Calvin Klein<\/strong><\/a> lanzara una campa\u00f1a que incitaba a los compradores a mostrar sus prendas.<\/p>\n<p>Justin Bieber y Kendall Jenner fueron los primeros en compartir sus fotos en Instagram.<\/p>\n<p>&nbsp;<\/p>\n<p><img decoding=\"async\" src=\"http:\/\/www.rumbosdigital.com\/sites\/default\/files\/main\/articles\/justin-bieber.jpg\" alt=\"\" \/><\/p>\n<p>Pero la imagen que m\u00e1s cr\u00edticas recibi\u00f3 fue la de la actriz Klara Kristin, de 23 a\u00f1os, que <strong>deja ver su bombacha a lunares debajo de su vestido blanco<\/strong>. Muchos usuarios creyeron que ella era menor de edad.<\/p>\n<p>&nbsp;<\/p>\n<p><iframe loading=\"lazy\" id=\"instagram-embed-0\" class=\"instagram-media instagram-media-rendered\" src=\"https:\/\/www.instagram.com\/p\/BFNCgKdRC4K\/embed\/captioned\/?v=7\" width=\"300\" height=\"789\" frameborder=\"0\" scrolling=\"no\" data-instgrm-payload-id=\"instagram-media-payload-0\"><\/iframe>&nbsp;<\/p>\n<p>El peri\u00f3dico <a href=\"http:\/\/nypost.com\/2016\/05\/12\/calvin-klein-is-marketing-to-perverts\/\" target=\"_blank\"><strong>The New York Post<\/strong><\/a> titul\u00f3 una nota sobre el tema: <strong>\u00abCalvin Klein hace ropa para pervertidos\u00bb<\/strong>. Haciendo referencia espec\u00edficamente a la foto de Kristin.<\/p>\n<p>&nbsp;<\/p>\n<p>La indignaci\u00f3n en las redes sociales lleg\u00f3 a tal punto que la imagen recibi\u00f3 cr\u00edticas por \u00ab<strong>sexista\u00bb, \u00abpornogr\u00e1fica<\/strong>\u00bb y hasta un usuario lleg\u00f3 a decir que<strong>\u00abincitaba el acoso sexual\u00bb<\/strong>. Fuertes comentarios que desataron una pol\u00e9mica y abrieron una grieta que va m\u00e1s all\u00e1 de un par de fotograf\u00edas.<\/p>\n<p>&nbsp;<\/p>\n<div class=\"SandboxRoot env-bp-350\" data-twitter-event-id=\"0\">\n<div id=\"twitter-widget-0\" class=\"EmbeddedTweet js-clickToOpenTarget\" lang=\"es\" data-click-to-open-target=\"https:\/\/twitter.com\/lexistential\/status\/730441512622956544\" data-iframe-title=\"Tweet de Twitter\" data-dt-full=\"%{hours24}:%{minutes} - %{day} %{month} %{year}\" data-dt-months=\"ene|feb|mar|abr|Mayo|jun|jul|ago|sep|oct|nov|dic\" data-dt-am=\"AM\" data-dt-pm=\"PM\" data-dt-now=\"ahora\" data-dt-s=\"s\" data-dt-m=\"m\" data-dt-h=\"h\" data-dt-second=\"segundo\" data-dt-seconds=\"segundos\" data-dt-minute=\"minuto\" data-dt-minutes=\"minutos\" data-dt-hour=\"hora\" data-dt-hours=\"horas\" data-dt-abbr=\"%{number}%{symbol}\" data-dt-short=\"%{day} %{month}\" data-dt-long=\"%{day} %{month} %{year}\" data-scribe=\"page:tweet\" data-twitter-event-id=\"7\"><\/div>\n<div class=\"resize-sensor\"><\/div>\n<\/div>\n<p>\u00abHorrible publicidad, su concepto es asqueroso. <strong>Esta foto por debajo de la falda, invita a los hombres a hacerle eso a las mujeres<\/strong>. Muy irrespetuosos\u00bb, coment\u00f3 un usuario en Twitter.<br \/>\n\u00abUna verg\u00fcenza, <strong>cualquier ped\u00f3filo puede hacerle esto a una chica de 12 a\u00f1os<\/strong>\u00ab, argument\u00f3 XAS, otro cibernauta.<\/p>\n<p>&nbsp;<\/p>\n<div class=\"SandboxRoot env-bp-350\" data-twitter-event-id=\"2\">\n<div id=\"twitter-widget-2\" class=\"EmbeddedTweet js-clickToOpenTarget\" lang=\"es\" data-click-to-open-target=\"https:\/\/twitter.com\/WBCSaysRepent\/status\/730835786787110912\" data-iframe-title=\"Tweet de Twitter\" data-dt-full=\"%{hours24}:%{minutes} - %{day} %{month} %{year}\" data-dt-months=\"ene|feb|mar|abr|Mayo|jun|jul|ago|sep|oct|nov|dic\" data-dt-am=\"AM\" data-dt-pm=\"PM\" data-dt-now=\"ahora\" data-dt-s=\"s\" data-dt-m=\"m\" data-dt-h=\"h\" data-dt-second=\"segundo\" data-dt-seconds=\"segundos\" data-dt-minute=\"minuto\" data-dt-minutes=\"minutos\" data-dt-hour=\"hora\" data-dt-hours=\"horas\" data-dt-abbr=\"%{number}%{symbol}\" data-dt-short=\"%{day} %{month}\" data-dt-long=\"%{day} %{month} %{year}\" data-scribe=\"page:tweet\" data-twitter-event-id=\"6\">\n<div class=\"EmbeddedTweet-tweet\">\n<blockquote class=\"Tweet h-entry js-tweetIdInfo subject expanded \n<p>                    is-deciderHtmlWhitespace\" cite=\"https:\/\/twitter.com\/WBCSaysRepent\/status\/730835786787110912\" data-tweet-id=\"730835786787110912\" data-scribe=\"section:subject\"><\/p>\n<div class=\"Tweet-header u-cf\">\n<div class=\"TweetAuthor\" data-scribe=\"component:author\"><a class=\"TweetAuthor-link Identity u-linkBlend\" href=\"https:\/\/twitter.com\/WBCSaysRepent\" data-scribe=\"element:user_link\"><span class=\"TweetAuthor-avatar Identity-avatar\"><img decoding=\"async\" class=\"Avatar\" src=\"https:\/\/pbs.twimg.com\/profile_images\/508687608839680001\/DJCihoAE_normal.jpeg\" alt=\"\" data-scribe=\"element:avatar\" data-src-2x=\"https:\/\/pbs.twimg.com\/profile_images\/508687608839680001\/DJCihoAE_bigger.jpeg\" data-src-1x=\"https:\/\/pbs.twimg.com\/profile_images\/508687608839680001\/DJCihoAE_normal.jpeg\" \/><\/span><span class=\"TweetAuthor-name Identity-name customisable-highlight\" title=\"Westboro Baptist\" data-scribe=\"element:name\">Westboro Baptist<\/span> <span class=\"TweetAuthor-screenName Identity-screenName\" title=\"\u200e@WBCSaysRepent\" data-scribe=\"element:screen_name\">\u200e@WBCSaysRepent<\/span><\/a><\/div>\n<\/div>\n<div class=\"Tweet-body e-entry-content\" data-scribe=\"component:tweet\">\n<p class=\"Tweet-text e-entry-title\" dir=\"ltr\" lang=\"en\">How bout you use your influence to NOT encourage perverts,<a class=\"PrettyLink profile customisable h-card\" dir=\"ltr\" href=\"https:\/\/twitter.com\/CalvinKlein\" data-mentioned-user-id=\"18647765\" data-scribe=\"element:mention\"><span class=\"PrettyLink-prefix\">@<\/span><span class=\"PrettyLink-value\">CalvinKlein<\/span><\/a>? And where are Klara Kristin\u2019s parents??<a class=\"PrettyLink link media customisable\" dir=\"ltr\" href=\"https:\/\/t.co\/9E1LToMFXw\" data-pre-embedded=\"true\" data-scribe=\"\">pic.twitter.com\/9E1LToMFXw<\/a><\/p>\n<div class=\"Tweet-metadata dateline\"><a class=\"u-linkBlend u-url customisable-highlight long-permalink\" href=\"https:\/\/twitter.com\/WBCSaysRepent\/status\/730835786787110912\" data-datetime=\"2016-05-12T19:03:24+0000\" data-scribe=\"element:full_timestamp\"><time class=\"dt-updated\" title=\"Publicado a las: 12 Mayo 2016, 19:03:24 (UTC)\" datetime=\"2016-05-12T19:03:24+0000\">16:03 &#8211; 12 Mayo 2016<\/time><\/a><\/div>\n<div class=\"Tweet-card\">\n<article class=\"MediaCard\n\n           customisable-border\" dir=\"ltr\" data-scribe=\"component:card\"><\/p>\n<div class=\"MediaCard-media\">\n<div class=\"MediaCard-widthConstraint js-cspForcedStyle\" data-style=\"max-width: 532px\">\n<div class=\"MediaCard-mediaContainer js-cspForcedStyle\" data-style=\"padding-bottom: 150.1667%\"><a class=\"MediaCard-mediaAsset\n                    NaturalImage\nNaturalImage--roundedTop\n                    NaturalImage--roundedBottom\" href=\"http:\/\/twitter.com\/WBCSaysRepent\/status\/730835786787110912\/photo\/1\" data-scribe=\"element:photo\"><img loading=\"lazy\" decoding=\"async\" class=\"NaturalImage-image\" title=\"Ver imagen en Twitter\" src=\"https:\/\/pbs.twimg.com\/media\/CiRzRY8WUAAyukJ.jpg\" alt=\"Ver imagen en Twitter\" width=\"600\" height=\"901\" data-srcset=\"https%3A%2F%2Fpbs.twimg.com%2Fmedia%2FCiRzRY8WUAAyukJ.jpg%3Alarge 682w,https%3A%2F%2Fpbs.twimg.com%2Fmedia%2FCiRzRY8WUAAyukJ.jpg 600w,https%3A%2F%2Fpbs.twimg.com%2Fmedia%2FCiRzRY8WUAAyukJ.jpg%3Asmall 340w\" \/><\/a><\/div>\n<\/div>\n<\/div>\n<\/article>\n<\/div>\n<ul class=\"Tweet-actions\" data-scribe=\"component:actions\">\n<li class=\"Tweet-action\">\n<div class=\"Icon Icon--reply TweetAction-icon\" title=\"Responder\"><\/div>\n<\/li>\n<li class=\"Tweet-action\">\n<div class=\"Icon Icon--retweet TweetAction-icon\" title=\"Retwittear\"><\/div>\n<p><a class=\"TweetAction TweetAction--retweet web-intent\" href=\"https:\/\/twitter.com\/intent\/retweet?tweet_id=730835786787110912\" data-scribe=\"element:retweet\"><span class=\"TweetAction-stat\" data-scribe=\"element:retweet_count\">6<\/span><span class=\"u-hiddenVisually\">6 Retweets<\/span><\/a><\/li>\n<li class=\"Tweet-action\">\n<div class=\"Icon Icon--heart TweetAction-icon\" title=\"Me gusta\"><\/div>\n<p><a class=\"TweetAction TweetAction--heart web-intent\" href=\"https:\/\/twitter.com\/intent\/like?tweet_id=730835786787110912\" data-scribe=\"element:heart\"><span class=\"TweetAction-stat\" data-scribe=\"element:heart_count\">4<\/span><span class=\"u-hiddenVisually\">4 me gusta<\/span><\/a><\/li>\n<\/ul>\n<\/div>\n<\/blockquote>\n<\/div>\n<\/div>\n<div class=\"resize-sensor\"><\/div>\n<\/div>\n<p>\u00ab<strong>\u00bfQu\u00e9 les parece usar su influencia para NO incitar a los pervertidos?<\/strong>y \u00bfd\u00f3nde est\u00e1n los pap\u00e1s de Klara Kristin (la modelo)?\u00bb, se indignaba otra usuaria de las redes sociales.<\/p>\n<p>Lo cierto es que la campa\u00f1a busc\u00f3 generar pol\u00e9mica para viralizarse r\u00e1pidamente y lo consigui\u00f3. Esto fue lo que entendieron los usuarios que se mostraron a favor de la firma.<\/p>\n<p>&nbsp;<\/p>\n<div class=\"SandboxRoot env-bp-350\" data-twitter-event-id=\"3\">\n<div id=\"twitter-widget-3\" class=\"EmbeddedTweet EmbeddedTweet--mediaForward media-forward js-clickToOpenTarget js-tweetIdInfo\" lang=\"es\" data-click-to-open-target=\"https:\/\/twitter.com\/SoyGerardCortez\/status\/730101556503158785\" data-iframe-title=\"Tweet de Twitter\" data-dt-full=\"%{hours24}:%{minutes} - %{day} %{month} %{year}\" data-dt-months=\"ene|feb|mar|abr|Mayo|jun|jul|ago|sep|oct|nov|dic\" data-dt-am=\"AM\" data-dt-pm=\"PM\" data-dt-now=\"ahora\" data-dt-s=\"s\" data-dt-m=\"m\" data-dt-h=\"h\" data-dt-second=\"segundo\" data-dt-seconds=\"segundos\" data-dt-minute=\"minuto\" data-dt-minutes=\"minutos\" data-dt-hour=\"hora\" data-dt-hours=\"horas\" data-dt-abbr=\"%{number}%{symbol}\" data-dt-short=\"%{day} %{month}\" data-dt-long=\"%{day} %{month} %{year}\" data-scribe=\"page:tweet\" data-tweet-id=\"730101556503158785\" data-twitter-event-id=\"9\">\n<article class=\"MediaCard\n           MediaCard--mediaForward\n\n           customisable-border\" dir=\"ltr\" data-scribe=\"component:card\"><\/p>\n<div class=\"MediaCard-mediaContainer js-cspForcedStyle\" data-style=\"padding-bottom: 50%\">\n<div class=\"MediaCard-mediaAsset\n                ImageGrid\n                ImageGrid--4\n                ImageGrid--roundedTop\n                \"><a class=\"ImageGrid-image\n                  ImageGrid-image-0\n                  CroppedImage\n                  CroppedImage--fillWidth\n                  \" href=\"http:\/\/twitter.com\/SoyGerardCortez\/status\/730101556503158785\/photo\/1\"><img loading=\"lazy\" decoding=\"async\" class=\"CroppedImage-image js-cspForcedStyle\" title=\"Ver imagen en Twitter\" src=\"https:\/\/pbs.twimg.com\/media\/CiHXfddUgAAVVBJ.jpg:small\" alt=\"Ver imagen en Twitter\" width=\"600\" height=\"816\" data-srcset=\"https%3A%2F%2Fpbs.twimg.com%2Fmedia%2FCiHXfddUgAAVVBJ.jpg%3Alarge 800w,https%3A%2F%2Fpbs.twimg.com%2Fmedia%2FCiHXfddUgAAVVBJ.jpg 600w,https%3A%2F%2Fpbs.twimg.com%2Fmedia%2FCiHXfddUgAAVVBJ.jpg%3Asmall 340w\" data-style=\";\n                    top:-85%;\" \/><\/a><a class=\"ImageGrid-image\n                  ImageGrid-image-1\n                  CroppedImage\n                  CroppedImage--fillWidth\n                  \" href=\"http:\/\/twitter.com\/SoyGerardCortez\/status\/730101556503158785\/photo\/1\"><img loading=\"lazy\" decoding=\"async\" class=\"CroppedImage-image js-cspForcedStyle\" title=\"Ver imagen en Twitter\" src=\"https:\/\/pbs.twimg.com\/media\/CiHXfddUgAE8l7D.jpg:small\" alt=\"Ver imagen en Twitter\" width=\"600\" height=\"816\" data-srcset=\"https%3A%2F%2Fpbs.twimg.com%2Fmedia%2FCiHXfddUgAE8l7D.jpg%3Alarge 960w,https%3A%2F%2Fpbs.twimg.com%2Fmedia%2FCiHXfddUgAE8l7D.jpg 600w,https%3A%2F%2Fpbs.twimg.com%2Fmedia%2FCiHXfddUgAE8l7D.jpg%3Asmall 340w\" data-style=\";\n                    top:-85%;\" \/><\/a><a class=\"ImageGrid-image\n                  ImageGrid-image-2\n                  CroppedImage\n                  CroppedImage--fillWidth\n                  \" href=\"http:\/\/twitter.com\/SoyGerardCortez\/status\/730101556503158785\/photo\/1\"><img loading=\"lazy\" decoding=\"async\" class=\"CroppedImage-image js-cspForcedStyle\" title=\"Ver imagen en Twitter\" src=\"https:\/\/pbs.twimg.com\/media\/CiHXfdgUgAAf11n.jpg:small\" alt=\"Ver imagen en Twitter\" width=\"600\" height=\"408\" data-srcset=\"https%3A%2F%2Fpbs.twimg.com%2Fmedia%2FCiHXfdgUgAAf11n.jpg%3Alarge 959w,https%3A%2F%2Fpbs.twimg.com%2Fmedia%2FCiHXfdgUgAAf11n.jpg 600w,https%3A%2F%2Fpbs.twimg.com%2Fmedia%2FCiHXfdgUgAAf11n.jpg%3Asmall 340w\" data-style=\";\n                    top:-7%;\" \/><\/a><a class=\"ImageGrid-image\n                  ImageGrid-image-3\n                  CroppedImage\n                  CroppedImage--fillWidth\n                  \" href=\"http:\/\/twitter.com\/SoyGerardCortez\/status\/730101556503158785\/photo\/1\"><img loading=\"lazy\" decoding=\"async\" class=\"CroppedImage-image js-cspForcedStyle\" title=\"Ver imagen en Twitter\" src=\"https:\/\/pbs.twimg.com\/media\/CiHXfeoU4AAEryg.jpg:small\" alt=\"Ver imagen en Twitter\" width=\"600\" height=\"408\" data-srcset=\"https%3A%2F%2Fpbs.twimg.com%2Fmedia%2FCiHXfeoU4AAEryg.jpg%3Alarge 800w,https%3A%2F%2Fpbs.twimg.com%2Fmedia%2FCiHXfeoU4AAEryg.jpg 600w,https%3A%2F%2Fpbs.twimg.com%2Fmedia%2FCiHXfeoU4AAEryg.jpg%3Asmall 340w\" data-style=\";\n                    top:-17%;\" \/><\/a><\/div>\n<\/div>\n<\/article>\n<div class=\"EmbeddedTweet-tweet\">\n<blockquote class=\"Tweet h-entry js-tweetIdInfo subject expanded \n<p>                    is-deciderHtmlWhitespace\" cite=\"https:\/\/twitter.com\/SoyGerardCortez\/status\/730101556503158785\" data-tweet-id=\"730101556503158785\" data-scribe=\"section:subject\"><\/p>\n<div class=\"Tweet-header u-cf\">\n<div class=\"Tweet-brand u-floatRight\">\n<div class=\"Icon Icon--twitter \" title=\"\"><\/div>\n<\/div>\n<\/div>\n<\/blockquote>\n<\/div>\n<\/div>\n<\/div>\n<p>\u201cLas nuevas im\u00e1genes de la campa\u00f1a de @CalvinKlein buscando crear controversia. <strong>Las fotos me encantan la verdad<\/strong>\u201d, tom\u00f3 posici\u00f3n un usuario.\u00a0Por su parte, otra\u00a0 cibernauta calific\u00f3 las im\u00e1genes como <strong>\u201ccontenido er\u00f3tico con clase\u201d<\/strong>.<\/p>\n<p>&nbsp;<\/p>\n<p>\u00bfSe les fue de las manos? Bajo el hashtag <a href=\"https:\/\/www.instagram.com\/explore\/tags\/mycalvins\/\" target=\"_blank\"><strong>#MyCalvins<\/strong><\/a> los usuarios de Instagram comenzaron a publicar sus sugerentes fotos y videos. Y <strong>la foto que gener\u00f3 pol\u00e9mica al principio parece inocente al lado de otras im\u00e1genes que compartieron<\/strong> los que se sumaron a la campa\u00f1a.<\/p>\n<\/div>\n<\/div>\n<\/div>\n","protected":false},"excerpt":{"rendered":"<p>Las redes sociales se llenaron de celebridades en ropa interior luego de que la reconocida firma Calvin Klein lanzara una campa\u00f1a que incitaba a los compradores a mostrar sus prendas. Justin Bieber y Kendall Jenner fueron los primeros en compartir sus fotos en Instagram. &nbsp; Pero la imagen que m\u00e1s cr\u00edticas recibi\u00f3 fue la de [&hellip;]<\/p>\n","protected":false},"author":3,"featured_media":1408,"comment_status":"closed","ping_status":"open","sticky":false,"template":"","format":"standard","meta":{"footnotes":""},"categories":[194],"tags":[],"class_list":{"0":"post-1407","1":"post","2":"type-post","3":"status-publish","4":"format-standard","5":"has-post-thumbnail","7":"category-internacionales"},"yoast_head":"<!-- This site is optimized with the Yoast SEO plugin v27.4 - https:\/\/yoast.com\/product\/yoast-seo-wordpress\/ -->\n<title>La pol\u00e9mica campa\u00f1a de Calvin Klein que desat\u00f3 la furia en la Web - El Diario de Tucuman<\/title>\n<meta name=\"robots\" content=\"index, follow, max-snippet:-1, max-image-preview:large, max-video-preview:-1\" \/>\n<link rel=\"canonical\" href=\"https:\/\/www.eldiariodetucuman.com\/web\/la-polemica-campana-de-calvin-klein-que-desato-la-furia-en-la-web\/\" \/>\n<meta property=\"og:locale\" content=\"es_ES\" \/>\n<meta property=\"og:type\" content=\"article\" \/>\n<meta property=\"og:title\" content=\"La pol\u00e9mica campa\u00f1a de Calvin Klein que desat\u00f3 la furia en la Web - El Diario de Tucuman\" \/>\n<meta property=\"og:description\" content=\"Las redes sociales se llenaron de celebridades en ropa interior luego de que la reconocida firma Calvin Klein lanzara una campa\u00f1a que incitaba a los compradores a mostrar sus prendas. Justin Bieber y Kendall Jenner fueron los primeros en compartir sus fotos en Instagram. &nbsp; Pero la imagen que m\u00e1s cr\u00edticas recibi\u00f3 fue la de [&hellip;]\" \/>\n<meta property=\"og:url\" content=\"https:\/\/www.eldiariodetucuman.com\/web\/la-polemica-campana-de-calvin-klein-que-desato-la-furia-en-la-web\/\" \/>\n<meta property=\"og:site_name\" content=\"El Diario de Tucuman\" \/>\n<meta property=\"article:published_time\" content=\"2016-05-18T13:31:22+00:00\" \/>\n<meta property=\"og:image\" content=\"https:\/\/www.eldiariodetucuman.com\/web\/wp-content\/uploads\/2016\/05\/justin-bieber.jpg\" \/>\n\t<meta property=\"og:image:width\" content=\"300\" \/>\n\t<meta property=\"og:image:height\" content=\"200\" \/>\n\t<meta property=\"og:image:type\" content=\"image\/jpeg\" \/>\n<meta name=\"author\" content=\"El diario de Tucuman\" \/>\n<meta name=\"twitter:card\" content=\"summary_large_image\" \/>\n<meta name=\"twitter:label1\" content=\"Escrito por\" \/>\n\t<meta name=\"twitter:data1\" content=\"El diario de Tucuman\" \/>\n\t<meta name=\"twitter:label2\" content=\"Tiempo de lectura\" \/>\n\t<meta name=\"twitter:data2\" content=\"2 minutos\" \/>\n<script type=\"application\/ld+json\" class=\"yoast-schema-graph\">{\"@context\":\"https:\\\/\\\/schema.org\",\"@graph\":[{\"@type\":\"Article\",\"@id\":\"https:\\\/\\\/www.eldiariodetucuman.com\\\/web\\\/la-polemica-campana-de-calvin-klein-que-desato-la-furia-en-la-web\\\/#article\",\"isPartOf\":{\"@id\":\"https:\\\/\\\/www.eldiariodetucuman.com\\\/web\\\/la-polemica-campana-de-calvin-klein-que-desato-la-furia-en-la-web\\\/\"},\"author\":{\"name\":\"El diario de Tucuman\",\"@id\":\"https:\\\/\\\/www.eldiariodetucuman.com\\\/web\\\/#\\\/schema\\\/person\\\/3adbe300ecd6242af93c97dab1dc3ba1\"},\"headline\":\"La pol\u00e9mica campa\u00f1a de Calvin Klein que desat\u00f3 la furia en la Web\",\"datePublished\":\"2016-05-18T13:31:22+00:00\",\"mainEntityOfPage\":{\"@id\":\"https:\\\/\\\/www.eldiariodetucuman.com\\\/web\\\/la-polemica-campana-de-calvin-klein-que-desato-la-furia-en-la-web\\\/\"},\"wordCount\":425,\"publisher\":{\"@id\":\"https:\\\/\\\/www.eldiariodetucuman.com\\\/web\\\/#organization\"},\"image\":{\"@id\":\"https:\\\/\\\/www.eldiariodetucuman.com\\\/web\\\/la-polemica-campana-de-calvin-klein-que-desato-la-furia-en-la-web\\\/#primaryimage\"},\"thumbnailUrl\":\"https:\\\/\\\/www.eldiariodetucuman.com\\\/web\\\/wp-content\\\/uploads\\\/2016\\\/05\\\/justin-bieber.jpg\",\"articleSection\":[\"Internacionales\"],\"inLanguage\":\"es\"},{\"@type\":\"WebPage\",\"@id\":\"https:\\\/\\\/www.eldiariodetucuman.com\\\/web\\\/la-polemica-campana-de-calvin-klein-que-desato-la-furia-en-la-web\\\/\",\"url\":\"https:\\\/\\\/www.eldiariodetucuman.com\\\/web\\\/la-polemica-campana-de-calvin-klein-que-desato-la-furia-en-la-web\\\/\",\"name\":\"La pol\u00e9mica campa\u00f1a de Calvin Klein que desat\u00f3 la furia en la Web - El Diario de Tucuman\",\"isPartOf\":{\"@id\":\"https:\\\/\\\/www.eldiariodetucuman.com\\\/web\\\/#website\"},\"primaryImageOfPage\":{\"@id\":\"https:\\\/\\\/www.eldiariodetucuman.com\\\/web\\\/la-polemica-campana-de-calvin-klein-que-desato-la-furia-en-la-web\\\/#primaryimage\"},\"image\":{\"@id\":\"https:\\\/\\\/www.eldiariodetucuman.com\\\/web\\\/la-polemica-campana-de-calvin-klein-que-desato-la-furia-en-la-web\\\/#primaryimage\"},\"thumbnailUrl\":\"https:\\\/\\\/www.eldiariodetucuman.com\\\/web\\\/wp-content\\\/uploads\\\/2016\\\/05\\\/justin-bieber.jpg\",\"datePublished\":\"2016-05-18T13:31:22+00:00\",\"breadcrumb\":{\"@id\":\"https:\\\/\\\/www.eldiariodetucuman.com\\\/web\\\/la-polemica-campana-de-calvin-klein-que-desato-la-furia-en-la-web\\\/#breadcrumb\"},\"inLanguage\":\"es\",\"potentialAction\":[{\"@type\":\"ReadAction\",\"target\":[\"https:\\\/\\\/www.eldiariodetucuman.com\\\/web\\\/la-polemica-campana-de-calvin-klein-que-desato-la-furia-en-la-web\\\/\"]}]},{\"@type\":\"ImageObject\",\"inLanguage\":\"es\",\"@id\":\"https:\\\/\\\/www.eldiariodetucuman.com\\\/web\\\/la-polemica-campana-de-calvin-klein-que-desato-la-furia-en-la-web\\\/#primaryimage\",\"url\":\"https:\\\/\\\/www.eldiariodetucuman.com\\\/web\\\/wp-content\\\/uploads\\\/2016\\\/05\\\/justin-bieber.jpg\",\"contentUrl\":\"https:\\\/\\\/www.eldiariodetucuman.com\\\/web\\\/wp-content\\\/uploads\\\/2016\\\/05\\\/justin-bieber.jpg\",\"width\":300,\"height\":200},{\"@type\":\"BreadcrumbList\",\"@id\":\"https:\\\/\\\/www.eldiariodetucuman.com\\\/web\\\/la-polemica-campana-de-calvin-klein-que-desato-la-furia-en-la-web\\\/#breadcrumb\",\"itemListElement\":[{\"@type\":\"ListItem\",\"position\":1,\"name\":\"Portada\",\"item\":\"https:\\\/\\\/www.eldiariodetucuman.com\\\/web\\\/\"},{\"@type\":\"ListItem\",\"position\":2,\"name\":\"La pol\u00e9mica campa\u00f1a de Calvin Klein que desat\u00f3 la furia en la Web\"}]},{\"@type\":\"WebSite\",\"@id\":\"https:\\\/\\\/www.eldiariodetucuman.com\\\/web\\\/#website\",\"url\":\"https:\\\/\\\/www.eldiariodetucuman.com\\\/web\\\/\",\"name\":\"El Diario de Tucuman\",\"description\":\"Diario Tucuman - Informaci\u00f3n y noticias\",\"publisher\":{\"@id\":\"https:\\\/\\\/www.eldiariodetucuman.com\\\/web\\\/#organization\"},\"potentialAction\":[{\"@type\":\"SearchAction\",\"target\":{\"@type\":\"EntryPoint\",\"urlTemplate\":\"https:\\\/\\\/www.eldiariodetucuman.com\\\/web\\\/?s={search_term_string}\"},\"query-input\":{\"@type\":\"PropertyValueSpecification\",\"valueRequired\":true,\"valueName\":\"search_term_string\"}}],\"inLanguage\":\"es\"},{\"@type\":\"Organization\",\"@id\":\"https:\\\/\\\/www.eldiariodetucuman.com\\\/web\\\/#organization\",\"name\":\"El Diario de Tucuman\",\"url\":\"https:\\\/\\\/www.eldiariodetucuman.com\\\/web\\\/\",\"logo\":{\"@type\":\"ImageObject\",\"inLanguage\":\"es\",\"@id\":\"https:\\\/\\\/www.eldiariodetucuman.com\\\/web\\\/#\\\/schema\\\/logo\\\/image\\\/\",\"url\":\"http:\\\/\\\/www.eldiariodetucuman.com\\\/web\\\/wp-content\\\/uploads\\\/2017\\\/12\\\/el-diario-de-tucuman.jpg\",\"contentUrl\":\"http:\\\/\\\/www.eldiariodetucuman.com\\\/web\\\/wp-content\\\/uploads\\\/2017\\\/12\\\/el-diario-de-tucuman.jpg\",\"width\":272,\"height\":92,\"caption\":\"El Diario de Tucuman\"},\"image\":{\"@id\":\"https:\\\/\\\/www.eldiariodetucuman.com\\\/web\\\/#\\\/schema\\\/logo\\\/image\\\/\"}},{\"@type\":\"Person\",\"@id\":\"https:\\\/\\\/www.eldiariodetucuman.com\\\/web\\\/#\\\/schema\\\/person\\\/3adbe300ecd6242af93c97dab1dc3ba1\",\"name\":\"El diario de Tucuman\",\"image\":{\"@type\":\"ImageObject\",\"inLanguage\":\"es\",\"@id\":\"https:\\\/\\\/secure.gravatar.com\\\/avatar\\\/b7214de193b24d0bd708ac5516aa13d0f20c6560795bfbee06857d5c8ac2f0b2?s=96&d=mm&r=g\",\"url\":\"https:\\\/\\\/secure.gravatar.com\\\/avatar\\\/b7214de193b24d0bd708ac5516aa13d0f20c6560795bfbee06857d5c8ac2f0b2?s=96&d=mm&r=g\",\"contentUrl\":\"https:\\\/\\\/secure.gravatar.com\\\/avatar\\\/b7214de193b24d0bd708ac5516aa13d0f20c6560795bfbee06857d5c8ac2f0b2?s=96&d=mm&r=g\",\"caption\":\"El diario de Tucuman\"},\"url\":\"https:\\\/\\\/www.eldiariodetucuman.com\\\/web\\\/author\\\/mgiobellina\\\/\"}]}<\/script>\n<!-- \/ Yoast SEO plugin. -->","yoast_head_json":{"title":"La pol\u00e9mica campa\u00f1a de Calvin Klein que desat\u00f3 la furia en la Web - El Diario de Tucuman","robots":{"index":"index","follow":"follow","max-snippet":"max-snippet:-1","max-image-preview":"max-image-preview:large","max-video-preview":"max-video-preview:-1"},"canonical":"https:\/\/www.eldiariodetucuman.com\/web\/la-polemica-campana-de-calvin-klein-que-desato-la-furia-en-la-web\/","og_locale":"es_ES","og_type":"article","og_title":"La pol\u00e9mica campa\u00f1a de Calvin Klein que desat\u00f3 la furia en la Web - El Diario de Tucuman","og_description":"Las redes sociales se llenaron de celebridades en ropa interior luego de que la reconocida firma Calvin Klein lanzara una campa\u00f1a que incitaba a los compradores a mostrar sus prendas. Justin Bieber y Kendall Jenner fueron los primeros en compartir sus fotos en Instagram. &nbsp; Pero la imagen que m\u00e1s cr\u00edticas recibi\u00f3 fue la de [&hellip;]","og_url":"https:\/\/www.eldiariodetucuman.com\/web\/la-polemica-campana-de-calvin-klein-que-desato-la-furia-en-la-web\/","og_site_name":"El Diario de Tucuman","article_published_time":"2016-05-18T13:31:22+00:00","og_image":[{"width":300,"height":200,"url":"https:\/\/www.eldiariodetucuman.com\/web\/wp-content\/uploads\/2016\/05\/justin-bieber.jpg","type":"image\/jpeg"}],"author":"El diario de Tucuman","twitter_card":"summary_large_image","twitter_misc":{"Escrito por":"El diario de Tucuman","Tiempo de lectura":"2 minutos"},"schema":{"@context":"https:\/\/schema.org","@graph":[{"@type":"Article","@id":"https:\/\/www.eldiariodetucuman.com\/web\/la-polemica-campana-de-calvin-klein-que-desato-la-furia-en-la-web\/#article","isPartOf":{"@id":"https:\/\/www.eldiariodetucuman.com\/web\/la-polemica-campana-de-calvin-klein-que-desato-la-furia-en-la-web\/"},"author":{"name":"El diario de Tucuman","@id":"https:\/\/www.eldiariodetucuman.com\/web\/#\/schema\/person\/3adbe300ecd6242af93c97dab1dc3ba1"},"headline":"La pol\u00e9mica campa\u00f1a de Calvin Klein que desat\u00f3 la furia en la Web","datePublished":"2016-05-18T13:31:22+00:00","mainEntityOfPage":{"@id":"https:\/\/www.eldiariodetucuman.com\/web\/la-polemica-campana-de-calvin-klein-que-desato-la-furia-en-la-web\/"},"wordCount":425,"publisher":{"@id":"https:\/\/www.eldiariodetucuman.com\/web\/#organization"},"image":{"@id":"https:\/\/www.eldiariodetucuman.com\/web\/la-polemica-campana-de-calvin-klein-que-desato-la-furia-en-la-web\/#primaryimage"},"thumbnailUrl":"https:\/\/www.eldiariodetucuman.com\/web\/wp-content\/uploads\/2016\/05\/justin-bieber.jpg","articleSection":["Internacionales"],"inLanguage":"es"},{"@type":"WebPage","@id":"https:\/\/www.eldiariodetucuman.com\/web\/la-polemica-campana-de-calvin-klein-que-desato-la-furia-en-la-web\/","url":"https:\/\/www.eldiariodetucuman.com\/web\/la-polemica-campana-de-calvin-klein-que-desato-la-furia-en-la-web\/","name":"La pol\u00e9mica campa\u00f1a de Calvin Klein que desat\u00f3 la furia en la Web - El Diario de Tucuman","isPartOf":{"@id":"https:\/\/www.eldiariodetucuman.com\/web\/#website"},"primaryImageOfPage":{"@id":"https:\/\/www.eldiariodetucuman.com\/web\/la-polemica-campana-de-calvin-klein-que-desato-la-furia-en-la-web\/#primaryimage"},"image":{"@id":"https:\/\/www.eldiariodetucuman.com\/web\/la-polemica-campana-de-calvin-klein-que-desato-la-furia-en-la-web\/#primaryimage"},"thumbnailUrl":"https:\/\/www.eldiariodetucuman.com\/web\/wp-content\/uploads\/2016\/05\/justin-bieber.jpg","datePublished":"2016-05-18T13:31:22+00:00","breadcrumb":{"@id":"https:\/\/www.eldiariodetucuman.com\/web\/la-polemica-campana-de-calvin-klein-que-desato-la-furia-en-la-web\/#breadcrumb"},"inLanguage":"es","potentialAction":[{"@type":"ReadAction","target":["https:\/\/www.eldiariodetucuman.com\/web\/la-polemica-campana-de-calvin-klein-que-desato-la-furia-en-la-web\/"]}]},{"@type":"ImageObject","inLanguage":"es","@id":"https:\/\/www.eldiariodetucuman.com\/web\/la-polemica-campana-de-calvin-klein-que-desato-la-furia-en-la-web\/#primaryimage","url":"https:\/\/www.eldiariodetucuman.com\/web\/wp-content\/uploads\/2016\/05\/justin-bieber.jpg","contentUrl":"https:\/\/www.eldiariodetucuman.com\/web\/wp-content\/uploads\/2016\/05\/justin-bieber.jpg","width":300,"height":200},{"@type":"BreadcrumbList","@id":"https:\/\/www.eldiariodetucuman.com\/web\/la-polemica-campana-de-calvin-klein-que-desato-la-furia-en-la-web\/#breadcrumb","itemListElement":[{"@type":"ListItem","position":1,"name":"Portada","item":"https:\/\/www.eldiariodetucuman.com\/web\/"},{"@type":"ListItem","position":2,"name":"La pol\u00e9mica campa\u00f1a de Calvin Klein que desat\u00f3 la furia en la Web"}]},{"@type":"WebSite","@id":"https:\/\/www.eldiariodetucuman.com\/web\/#website","url":"https:\/\/www.eldiariodetucuman.com\/web\/","name":"El Diario de Tucuman","description":"Diario Tucuman - Informaci\u00f3n y noticias","publisher":{"@id":"https:\/\/www.eldiariodetucuman.com\/web\/#organization"},"potentialAction":[{"@type":"SearchAction","target":{"@type":"EntryPoint","urlTemplate":"https:\/\/www.eldiariodetucuman.com\/web\/?s={search_term_string}"},"query-input":{"@type":"PropertyValueSpecification","valueRequired":true,"valueName":"search_term_string"}}],"inLanguage":"es"},{"@type":"Organization","@id":"https:\/\/www.eldiariodetucuman.com\/web\/#organization","name":"El Diario de Tucuman","url":"https:\/\/www.eldiariodetucuman.com\/web\/","logo":{"@type":"ImageObject","inLanguage":"es","@id":"https:\/\/www.eldiariodetucuman.com\/web\/#\/schema\/logo\/image\/","url":"http:\/\/www.eldiariodetucuman.com\/web\/wp-content\/uploads\/2017\/12\/el-diario-de-tucuman.jpg","contentUrl":"http:\/\/www.eldiariodetucuman.com\/web\/wp-content\/uploads\/2017\/12\/el-diario-de-tucuman.jpg","width":272,"height":92,"caption":"El Diario de Tucuman"},"image":{"@id":"https:\/\/www.eldiariodetucuman.com\/web\/#\/schema\/logo\/image\/"}},{"@type":"Person","@id":"https:\/\/www.eldiariodetucuman.com\/web\/#\/schema\/person\/3adbe300ecd6242af93c97dab1dc3ba1","name":"El diario de Tucuman","image":{"@type":"ImageObject","inLanguage":"es","@id":"https:\/\/secure.gravatar.com\/avatar\/b7214de193b24d0bd708ac5516aa13d0f20c6560795bfbee06857d5c8ac2f0b2?s=96&d=mm&r=g","url":"https:\/\/secure.gravatar.com\/avatar\/b7214de193b24d0bd708ac5516aa13d0f20c6560795bfbee06857d5c8ac2f0b2?s=96&d=mm&r=g","contentUrl":"https:\/\/secure.gravatar.com\/avatar\/b7214de193b24d0bd708ac5516aa13d0f20c6560795bfbee06857d5c8ac2f0b2?s=96&d=mm&r=g","caption":"El diario de Tucuman"},"url":"https:\/\/www.eldiariodetucuman.com\/web\/author\/mgiobellina\/"}]}},"_links":{"self":[{"href":"https:\/\/www.eldiariodetucuman.com\/web\/wp-json\/wp\/v2\/posts\/1407","targetHints":{"allow":["GET"]}}],"collection":[{"href":"https:\/\/www.eldiariodetucuman.com\/web\/wp-json\/wp\/v2\/posts"}],"about":[{"href":"https:\/\/www.eldiariodetucuman.com\/web\/wp-json\/wp\/v2\/types\/post"}],"author":[{"embeddable":true,"href":"https:\/\/www.eldiariodetucuman.com\/web\/wp-json\/wp\/v2\/users\/3"}],"replies":[{"embeddable":true,"href":"https:\/\/www.eldiariodetucuman.com\/web\/wp-json\/wp\/v2\/comments?post=1407"}],"version-history":[{"count":1,"href":"https:\/\/www.eldiariodetucuman.com\/web\/wp-json\/wp\/v2\/posts\/1407\/revisions"}],"predecessor-version":[{"id":1409,"href":"https:\/\/www.eldiariodetucuman.com\/web\/wp-json\/wp\/v2\/posts\/1407\/revisions\/1409"}],"wp:featuredmedia":[{"embeddable":true,"href":"https:\/\/www.eldiariodetucuman.com\/web\/wp-json\/wp\/v2\/media\/1408"}],"wp:attachment":[{"href":"https:\/\/www.eldiariodetucuman.com\/web\/wp-json\/wp\/v2\/media?parent=1407"}],"wp:term":[{"taxonomy":"category","embeddable":true,"href":"https:\/\/www.eldiariodetucuman.com\/web\/wp-json\/wp\/v2\/categories?post=1407"},{"taxonomy":"post_tag","embeddable":true,"href":"https:\/\/www.eldiariodetucuman.com\/web\/wp-json\/wp\/v2\/tags?post=1407"}],"curies":[{"name":"wp","href":"https:\/\/api.w.org\/{rel}","templated":true}]}}