{"id":1404,"date":"2016-05-18T13:25:18","date_gmt":"2016-05-18T13:25:18","guid":{"rendered":"http:\/\/www.eldiariodetucuman.com\/web\/?p=1404"},"modified":"2016-05-18T13:25:18","modified_gmt":"2016-05-18T13:25:18","slug":"dybala-le-dice-que-no-al-real-madrid","status":"publish","type":"post","link":"https:\/\/www.eldiariodetucuman.com\/web\/dybala-le-dice-que-no-al-real-madrid\/","title":{"rendered":"Dybala le dice que \u00abno\u00bb al Real Madrid"},"content":{"rendered":"<p>Seg\u00fan publica el diario \u00abTuttosport\u00bb, Paulo le dijo al directo de la Juventus que quiere seguir en Italia. El Madrid estar\u00eda dispuesto a pagar 70 millones de euros.<!--more--><\/p>\n<p class=\"capital\">delantero cordob\u00e9s <strong>Paulo Dybala<\/strong>, figura del campe\u00f3n italiano Juventus, asegur\u00f3 que desea permanecer en el club de Tur\u00edn pese a la propuesta de Real Madrid, que estar\u00eda dispuesto a pagar por su pase unos 70 millones de euros.<\/p>\n<p>El diario italiano \u00abTuttosport\u00bb pone en su tapa una foto del ex jugador de Instituto de C\u00f3rdoba y un t\u00edtulo que indica \u00abSolo Juve\u00bb.<\/p>\n<blockquote class=\"fraseContainer\">\n<div class=\"CompartirFrase\">\n<p>\u00abGiuseppe Moratta (director general de Juventus) me dijo que no quieren venderme y yo quiero quedarme en Juventus\u00bb, declar\u00f3 Dybala, de 22 a\u00f1os y nacido en Laguna Larga.<\/p>\n<\/div>\n<\/blockquote>\n<p>Dybala lleg\u00f3 a la \u00abJuve\u00bb procedente de Palermo y en un a\u00f1o ha conseguido ser campe\u00f3n de la Serie A italiana con 19 goles, siendo uno de los argentinos m\u00e1s cotizados en el mercado europeo.<\/p>\n<p><img loading=\"lazy\" decoding=\"async\" src=\"http:\/\/staticmd1.lavozdelinterior.com.ar\/sites\/default\/files\/attachments\/dybala_1.jpg\" width=\"475\" height=\"491\" \/><\/p>\n<p>Seg\u00fan la publicaci\u00f3n, Real Madrid estar\u00eda dispuesto a ofrecer 70 millones de euros por el cordob\u00e9s, casi el doble de lo pagado por Juventus hace un a\u00f1o a Palermo.<\/p>\n<p>Tambi\u00e9n interesa al Barcelona, aunque el club catal\u00e1n no ha dicho nada al respecto (a nivel oficial).<\/p>\n<p><strong class=\"SubTitulo\">Crack<\/strong><br \/>\nDybala viene de ser campe\u00f3n con la Juventus, como figura y goleador del equipo de Tur\u00edn. Jug\u00f3 todas las competiciones con el equipo (se perdi\u00f3 parte de los octavos de final, en el cruce con el Bayern Munich) y es considerado uno de los mejores de Europa.<\/p>\n<p>&nbsp;<\/p>\n<p>Fuente:\u00a0http:\/\/mundod.lavoz.com.ar\/futbol\/dybala-le-dice-que-no-al-real-madrid?cx_level=player_home_lvi_extendido<\/p>\n","protected":false},"excerpt":{"rendered":"<p>Seg\u00fan publica el diario \u00abTuttosport\u00bb, Paulo le dijo al directo de la Juventus que quiere seguir en Italia. El Madrid estar\u00eda dispuesto a pagar 70 millones de euros.<\/p>\n","protected":false},"author":3,"featured_media":1405,"comment_status":"closed","ping_status":"open","sticky":false,"template":"","format":"standard","meta":{"footnotes":""},"categories":[6],"tags":[],"class_list":{"0":"post-1404","1":"post","2":"type-post","3":"status-publish","4":"format-standard","5":"has-post-thumbnail","7":"category-deporte"},"yoast_head":"<!-- This site is optimized with the Yoast SEO plugin v27.4 - https:\/\/yoast.com\/product\/yoast-seo-wordpress\/ -->\n<title>Dybala le dice que &quot;no&quot; al Real Madrid - El Diario de Tucuman<\/title>\n<meta name=\"robots\" content=\"index, follow, max-snippet:-1, max-image-preview:large, max-video-preview:-1\" \/>\n<link rel=\"canonical\" href=\"https:\/\/www.eldiariodetucuman.com\/web\/dybala-le-dice-que-no-al-real-madrid\/\" \/>\n<meta property=\"og:locale\" content=\"es_ES\" \/>\n<meta property=\"og:type\" content=\"article\" \/>\n<meta property=\"og:title\" content=\"Dybala le dice que &quot;no&quot; al Real Madrid - El Diario de Tucuman\" \/>\n<meta property=\"og:description\" content=\"Seg\u00fan publica el diario \u00abTuttosport\u00bb, Paulo le dijo al directo de la Juventus que quiere seguir en Italia. El Madrid estar\u00eda dispuesto a pagar 70 millones de euros.\" \/>\n<meta property=\"og:url\" content=\"https:\/\/www.eldiariodetucuman.com\/web\/dybala-le-dice-que-no-al-real-madrid\/\" \/>\n<meta property=\"og:site_name\" content=\"El Diario de Tucuman\" \/>\n<meta property=\"article:published_time\" content=\"2016-05-18T13:25:18+00:00\" \/>\n<meta property=\"og:image\" content=\"https:\/\/www.eldiariodetucuman.com\/web\/wp-content\/uploads\/2016\/05\/dybala_2_2.jpg\" \/>\n\t<meta property=\"og:image:width\" content=\"642\" \/>\n\t<meta property=\"og:image:height\" content=\"366\" \/>\n\t<meta property=\"og:image:type\" content=\"image\/jpeg\" \/>\n<meta name=\"author\" content=\"El diario de Tucuman\" \/>\n<meta name=\"twitter:card\" content=\"summary_large_image\" \/>\n<meta name=\"twitter:label1\" content=\"Escrito por\" \/>\n\t<meta name=\"twitter:data1\" content=\"El diario de Tucuman\" \/>\n\t<meta name=\"twitter:label2\" content=\"Tiempo de lectura\" \/>\n\t<meta name=\"twitter:data2\" content=\"1 minuto\" \/>\n<script type=\"application\/ld+json\" class=\"yoast-schema-graph\">{\"@context\":\"https:\\\/\\\/schema.org\",\"@graph\":[{\"@type\":\"Article\",\"@id\":\"https:\\\/\\\/www.eldiariodetucuman.com\\\/web\\\/dybala-le-dice-que-no-al-real-madrid\\\/#article\",\"isPartOf\":{\"@id\":\"https:\\\/\\\/www.eldiariodetucuman.com\\\/web\\\/dybala-le-dice-que-no-al-real-madrid\\\/\"},\"author\":{\"name\":\"El diario de Tucuman\",\"@id\":\"https:\\\/\\\/www.eldiariodetucuman.com\\\/web\\\/#\\\/schema\\\/person\\\/3adbe300ecd6242af93c97dab1dc3ba1\"},\"headline\":\"Dybala le dice que \u00abno\u00bb al Real Madrid\",\"datePublished\":\"2016-05-18T13:25:18+00:00\",\"mainEntityOfPage\":{\"@id\":\"https:\\\/\\\/www.eldiariodetucuman.com\\\/web\\\/dybala-le-dice-que-no-al-real-madrid\\\/\"},\"wordCount\":286,\"publisher\":{\"@id\":\"https:\\\/\\\/www.eldiariodetucuman.com\\\/web\\\/#organization\"},\"image\":{\"@id\":\"https:\\\/\\\/www.eldiariodetucuman.com\\\/web\\\/dybala-le-dice-que-no-al-real-madrid\\\/#primaryimage\"},\"thumbnailUrl\":\"https:\\\/\\\/www.eldiariodetucuman.com\\\/web\\\/wp-content\\\/uploads\\\/2016\\\/05\\\/dybala_2_2.jpg\",\"articleSection\":[\"Deporte\"],\"inLanguage\":\"es\"},{\"@type\":\"WebPage\",\"@id\":\"https:\\\/\\\/www.eldiariodetucuman.com\\\/web\\\/dybala-le-dice-que-no-al-real-madrid\\\/\",\"url\":\"https:\\\/\\\/www.eldiariodetucuman.com\\\/web\\\/dybala-le-dice-que-no-al-real-madrid\\\/\",\"name\":\"Dybala le dice que \\\"no\\\" al Real Madrid - El Diario de Tucuman\",\"isPartOf\":{\"@id\":\"https:\\\/\\\/www.eldiariodetucuman.com\\\/web\\\/#website\"},\"primaryImageOfPage\":{\"@id\":\"https:\\\/\\\/www.eldiariodetucuman.com\\\/web\\\/dybala-le-dice-que-no-al-real-madrid\\\/#primaryimage\"},\"image\":{\"@id\":\"https:\\\/\\\/www.eldiariodetucuman.com\\\/web\\\/dybala-le-dice-que-no-al-real-madrid\\\/#primaryimage\"},\"thumbnailUrl\":\"https:\\\/\\\/www.eldiariodetucuman.com\\\/web\\\/wp-content\\\/uploads\\\/2016\\\/05\\\/dybala_2_2.jpg\",\"datePublished\":\"2016-05-18T13:25:18+00:00\",\"breadcrumb\":{\"@id\":\"https:\\\/\\\/www.eldiariodetucuman.com\\\/web\\\/dybala-le-dice-que-no-al-real-madrid\\\/#breadcrumb\"},\"inLanguage\":\"es\",\"potentialAction\":[{\"@type\":\"ReadAction\",\"target\":[\"https:\\\/\\\/www.eldiariodetucuman.com\\\/web\\\/dybala-le-dice-que-no-al-real-madrid\\\/\"]}]},{\"@type\":\"ImageObject\",\"inLanguage\":\"es\",\"@id\":\"https:\\\/\\\/www.eldiariodetucuman.com\\\/web\\\/dybala-le-dice-que-no-al-real-madrid\\\/#primaryimage\",\"url\":\"https:\\\/\\\/www.eldiariodetucuman.com\\\/web\\\/wp-content\\\/uploads\\\/2016\\\/05\\\/dybala_2_2.jpg\",\"contentUrl\":\"https:\\\/\\\/www.eldiariodetucuman.com\\\/web\\\/wp-content\\\/uploads\\\/2016\\\/05\\\/dybala_2_2.jpg\",\"width\":642,\"height\":366},{\"@type\":\"BreadcrumbList\",\"@id\":\"https:\\\/\\\/www.eldiariodetucuman.com\\\/web\\\/dybala-le-dice-que-no-al-real-madrid\\\/#breadcrumb\",\"itemListElement\":[{\"@type\":\"ListItem\",\"position\":1,\"name\":\"Portada\",\"item\":\"https:\\\/\\\/www.eldiariodetucuman.com\\\/web\\\/\"},{\"@type\":\"ListItem\",\"position\":2,\"name\":\"Dybala le dice que \u00abno\u00bb al Real Madrid\"}]},{\"@type\":\"WebSite\",\"@id\":\"https:\\\/\\\/www.eldiariodetucuman.com\\\/web\\\/#website\",\"url\":\"https:\\\/\\\/www.eldiariodetucuman.com\\\/web\\\/\",\"name\":\"El Diario de Tucuman\",\"description\":\"Diario Tucuman - Informaci\u00f3n y noticias\",\"publisher\":{\"@id\":\"https:\\\/\\\/www.eldiariodetucuman.com\\\/web\\\/#organization\"},\"potentialAction\":[{\"@type\":\"SearchAction\",\"target\":{\"@type\":\"EntryPoint\",\"urlTemplate\":\"https:\\\/\\\/www.eldiariodetucuman.com\\\/web\\\/?s={search_term_string}\"},\"query-input\":{\"@type\":\"PropertyValueSpecification\",\"valueRequired\":true,\"valueName\":\"search_term_string\"}}],\"inLanguage\":\"es\"},{\"@type\":\"Organization\",\"@id\":\"https:\\\/\\\/www.eldiariodetucuman.com\\\/web\\\/#organization\",\"name\":\"El Diario de Tucuman\",\"url\":\"https:\\\/\\\/www.eldiariodetucuman.com\\\/web\\\/\",\"logo\":{\"@type\":\"ImageObject\",\"inLanguage\":\"es\",\"@id\":\"https:\\\/\\\/www.eldiariodetucuman.com\\\/web\\\/#\\\/schema\\\/logo\\\/image\\\/\",\"url\":\"http:\\\/\\\/www.eldiariodetucuman.com\\\/web\\\/wp-content\\\/uploads\\\/2017\\\/12\\\/el-diario-de-tucuman.jpg\",\"contentUrl\":\"http:\\\/\\\/www.eldiariodetucuman.com\\\/web\\\/wp-content\\\/uploads\\\/2017\\\/12\\\/el-diario-de-tucuman.jpg\",\"width\":272,\"height\":92,\"caption\":\"El Diario de Tucuman\"},\"image\":{\"@id\":\"https:\\\/\\\/www.eldiariodetucuman.com\\\/web\\\/#\\\/schema\\\/logo\\\/image\\\/\"}},{\"@type\":\"Person\",\"@id\":\"https:\\\/\\\/www.eldiariodetucuman.com\\\/web\\\/#\\\/schema\\\/person\\\/3adbe300ecd6242af93c97dab1dc3ba1\",\"name\":\"El diario de Tucuman\",\"image\":{\"@type\":\"ImageObject\",\"inLanguage\":\"es\",\"@id\":\"https:\\\/\\\/secure.gravatar.com\\\/avatar\\\/b7214de193b24d0bd708ac5516aa13d0f20c6560795bfbee06857d5c8ac2f0b2?s=96&d=mm&r=g\",\"url\":\"https:\\\/\\\/secure.gravatar.com\\\/avatar\\\/b7214de193b24d0bd708ac5516aa13d0f20c6560795bfbee06857d5c8ac2f0b2?s=96&d=mm&r=g\",\"contentUrl\":\"https:\\\/\\\/secure.gravatar.com\\\/avatar\\\/b7214de193b24d0bd708ac5516aa13d0f20c6560795bfbee06857d5c8ac2f0b2?s=96&d=mm&r=g\",\"caption\":\"El diario de Tucuman\"},\"url\":\"https:\\\/\\\/www.eldiariodetucuman.com\\\/web\\\/author\\\/mgiobellina\\\/\"}]}<\/script>\n<!-- \/ Yoast SEO plugin. -->","yoast_head_json":{"title":"Dybala le dice que \"no\" al Real Madrid - El Diario de Tucuman","robots":{"index":"index","follow":"follow","max-snippet":"max-snippet:-1","max-image-preview":"max-image-preview:large","max-video-preview":"max-video-preview:-1"},"canonical":"https:\/\/www.eldiariodetucuman.com\/web\/dybala-le-dice-que-no-al-real-madrid\/","og_locale":"es_ES","og_type":"article","og_title":"Dybala le dice que \"no\" al Real Madrid - El Diario de Tucuman","og_description":"Seg\u00fan publica el diario \u00abTuttosport\u00bb, Paulo le dijo al directo de la Juventus que quiere seguir en Italia. El Madrid estar\u00eda dispuesto a pagar 70 millones de euros.","og_url":"https:\/\/www.eldiariodetucuman.com\/web\/dybala-le-dice-que-no-al-real-madrid\/","og_site_name":"El Diario de Tucuman","article_published_time":"2016-05-18T13:25:18+00:00","og_image":[{"width":642,"height":366,"url":"https:\/\/www.eldiariodetucuman.com\/web\/wp-content\/uploads\/2016\/05\/dybala_2_2.jpg","type":"image\/jpeg"}],"author":"El diario de Tucuman","twitter_card":"summary_large_image","twitter_misc":{"Escrito por":"El diario de Tucuman","Tiempo de lectura":"1 minuto"},"schema":{"@context":"https:\/\/schema.org","@graph":[{"@type":"Article","@id":"https:\/\/www.eldiariodetucuman.com\/web\/dybala-le-dice-que-no-al-real-madrid\/#article","isPartOf":{"@id":"https:\/\/www.eldiariodetucuman.com\/web\/dybala-le-dice-que-no-al-real-madrid\/"},"author":{"name":"El diario de Tucuman","@id":"https:\/\/www.eldiariodetucuman.com\/web\/#\/schema\/person\/3adbe300ecd6242af93c97dab1dc3ba1"},"headline":"Dybala le dice que \u00abno\u00bb al Real Madrid","datePublished":"2016-05-18T13:25:18+00:00","mainEntityOfPage":{"@id":"https:\/\/www.eldiariodetucuman.com\/web\/dybala-le-dice-que-no-al-real-madrid\/"},"wordCount":286,"publisher":{"@id":"https:\/\/www.eldiariodetucuman.com\/web\/#organization"},"image":{"@id":"https:\/\/www.eldiariodetucuman.com\/web\/dybala-le-dice-que-no-al-real-madrid\/#primaryimage"},"thumbnailUrl":"https:\/\/www.eldiariodetucuman.com\/web\/wp-content\/uploads\/2016\/05\/dybala_2_2.jpg","articleSection":["Deporte"],"inLanguage":"es"},{"@type":"WebPage","@id":"https:\/\/www.eldiariodetucuman.com\/web\/dybala-le-dice-que-no-al-real-madrid\/","url":"https:\/\/www.eldiariodetucuman.com\/web\/dybala-le-dice-que-no-al-real-madrid\/","name":"Dybala le dice que \"no\" al Real Madrid - El Diario de Tucuman","isPartOf":{"@id":"https:\/\/www.eldiariodetucuman.com\/web\/#website"},"primaryImageOfPage":{"@id":"https:\/\/www.eldiariodetucuman.com\/web\/dybala-le-dice-que-no-al-real-madrid\/#primaryimage"},"image":{"@id":"https:\/\/www.eldiariodetucuman.com\/web\/dybala-le-dice-que-no-al-real-madrid\/#primaryimage"},"thumbnailUrl":"https:\/\/www.eldiariodetucuman.com\/web\/wp-content\/uploads\/2016\/05\/dybala_2_2.jpg","datePublished":"2016-05-18T13:25:18+00:00","breadcrumb":{"@id":"https:\/\/www.eldiariodetucuman.com\/web\/dybala-le-dice-que-no-al-real-madrid\/#breadcrumb"},"inLanguage":"es","potentialAction":[{"@type":"ReadAction","target":["https:\/\/www.eldiariodetucuman.com\/web\/dybala-le-dice-que-no-al-real-madrid\/"]}]},{"@type":"ImageObject","inLanguage":"es","@id":"https:\/\/www.eldiariodetucuman.com\/web\/dybala-le-dice-que-no-al-real-madrid\/#primaryimage","url":"https:\/\/www.eldiariodetucuman.com\/web\/wp-content\/uploads\/2016\/05\/dybala_2_2.jpg","contentUrl":"https:\/\/www.eldiariodetucuman.com\/web\/wp-content\/uploads\/2016\/05\/dybala_2_2.jpg","width":642,"height":366},{"@type":"BreadcrumbList","@id":"https:\/\/www.eldiariodetucuman.com\/web\/dybala-le-dice-que-no-al-real-madrid\/#breadcrumb","itemListElement":[{"@type":"ListItem","position":1,"name":"Portada","item":"https:\/\/www.eldiariodetucuman.com\/web\/"},{"@type":"ListItem","position":2,"name":"Dybala le dice que \u00abno\u00bb al Real Madrid"}]},{"@type":"WebSite","@id":"https:\/\/www.eldiariodetucuman.com\/web\/#website","url":"https:\/\/www.eldiariodetucuman.com\/web\/","name":"El Diario de Tucuman","description":"Diario Tucuman - Informaci\u00f3n y noticias","publisher":{"@id":"https:\/\/www.eldiariodetucuman.com\/web\/#organization"},"potentialAction":[{"@type":"SearchAction","target":{"@type":"EntryPoint","urlTemplate":"https:\/\/www.eldiariodetucuman.com\/web\/?s={search_term_string}"},"query-input":{"@type":"PropertyValueSpecification","valueRequired":true,"valueName":"search_term_string"}}],"inLanguage":"es"},{"@type":"Organization","@id":"https:\/\/www.eldiariodetucuman.com\/web\/#organization","name":"El Diario de Tucuman","url":"https:\/\/www.eldiariodetucuman.com\/web\/","logo":{"@type":"ImageObject","inLanguage":"es","@id":"https:\/\/www.eldiariodetucuman.com\/web\/#\/schema\/logo\/image\/","url":"http:\/\/www.eldiariodetucuman.com\/web\/wp-content\/uploads\/2017\/12\/el-diario-de-tucuman.jpg","contentUrl":"http:\/\/www.eldiariodetucuman.com\/web\/wp-content\/uploads\/2017\/12\/el-diario-de-tucuman.jpg","width":272,"height":92,"caption":"El Diario de Tucuman"},"image":{"@id":"https:\/\/www.eldiariodetucuman.com\/web\/#\/schema\/logo\/image\/"}},{"@type":"Person","@id":"https:\/\/www.eldiariodetucuman.com\/web\/#\/schema\/person\/3adbe300ecd6242af93c97dab1dc3ba1","name":"El diario de Tucuman","image":{"@type":"ImageObject","inLanguage":"es","@id":"https:\/\/secure.gravatar.com\/avatar\/b7214de193b24d0bd708ac5516aa13d0f20c6560795bfbee06857d5c8ac2f0b2?s=96&d=mm&r=g","url":"https:\/\/secure.gravatar.com\/avatar\/b7214de193b24d0bd708ac5516aa13d0f20c6560795bfbee06857d5c8ac2f0b2?s=96&d=mm&r=g","contentUrl":"https:\/\/secure.gravatar.com\/avatar\/b7214de193b24d0bd708ac5516aa13d0f20c6560795bfbee06857d5c8ac2f0b2?s=96&d=mm&r=g","caption":"El diario de Tucuman"},"url":"https:\/\/www.eldiariodetucuman.com\/web\/author\/mgiobellina\/"}]}},"_links":{"self":[{"href":"https:\/\/www.eldiariodetucuman.com\/web\/wp-json\/wp\/v2\/posts\/1404","targetHints":{"allow":["GET"]}}],"collection":[{"href":"https:\/\/www.eldiariodetucuman.com\/web\/wp-json\/wp\/v2\/posts"}],"about":[{"href":"https:\/\/www.eldiariodetucuman.com\/web\/wp-json\/wp\/v2\/types\/post"}],"author":[{"embeddable":true,"href":"https:\/\/www.eldiariodetucuman.com\/web\/wp-json\/wp\/v2\/users\/3"}],"replies":[{"embeddable":true,"href":"https:\/\/www.eldiariodetucuman.com\/web\/wp-json\/wp\/v2\/comments?post=1404"}],"version-history":[{"count":1,"href":"https:\/\/www.eldiariodetucuman.com\/web\/wp-json\/wp\/v2\/posts\/1404\/revisions"}],"predecessor-version":[{"id":1406,"href":"https:\/\/www.eldiariodetucuman.com\/web\/wp-json\/wp\/v2\/posts\/1404\/revisions\/1406"}],"wp:featuredmedia":[{"embeddable":true,"href":"https:\/\/www.eldiariodetucuman.com\/web\/wp-json\/wp\/v2\/media\/1405"}],"wp:attachment":[{"href":"https:\/\/www.eldiariodetucuman.com\/web\/wp-json\/wp\/v2\/media?parent=1404"}],"wp:term":[{"taxonomy":"category","embeddable":true,"href":"https:\/\/www.eldiariodetucuman.com\/web\/wp-json\/wp\/v2\/categories?post=1404"},{"taxonomy":"post_tag","embeddable":true,"href":"https:\/\/www.eldiariodetucuman.com\/web\/wp-json\/wp\/v2\/tags?post=1404"}],"curies":[{"name":"wp","href":"https:\/\/api.w.org\/{rel}","templated":true}]}}