{"id":13920,"date":"2018-07-11T13:43:29","date_gmt":"2018-07-11T16:43:29","guid":{"rendered":"http:\/\/www.eldiariodetucuman.com\/web\/?p=13920"},"modified":"2018-07-11T13:47:54","modified_gmt":"2018-07-11T16:47:54","slug":"perpetua-para-jorge-mangeri-por-el-crimen-de-angeles-rawson","status":"publish","type":"post","link":"https:\/\/www.eldiariodetucuman.com\/web\/perpetua-para-jorge-mangeri-por-el-crimen-de-angeles-rawson\/","title":{"rendered":"Perpetua para Jorge Mangeri por el crimen de \u00c1ngeles Rawson"},"content":{"rendered":"<div class=\"col-xs-12 col-sm-12 col-md-12 col-lg-12 widget-head\">\n<div class=\"col-lg-12 col-xs-12\">\n<p>La Corte Suprema de Justicia consider\u00f3 que el recurso presentado por la defensa del acusado era \u00abinadmisible\u00bb.<\/p>\n<\/div>\n<\/div>\n<p><!--more--><\/p>\n<div class=\"col-xs-12 col-sm-12 col-md-12 col-lg-9\" role=\"main\">\n<div id=\"grid\" class=\"col-xs-12 col-sm-12 col-md-12 col-lg-12\">\n<div class=\"col-lg-12 col-xs-12\">\n<div id=\"fb-root\" class=\" fb_reset\">\n<div>\n<p>Ya no tiene m\u00e1s recursos judiciales <strong>Jorge N\u00e9stor Mangeri<\/strong> acusado de asesinar a Angeles Rawson.\u00a0 La Corte Suprema de Justicia de la Naci\u00f3n desestim\u00f3, por unanimidad, el recurso de queja interpuesto por la defensa contra la sentencia de la C\u00e1mara de Casaci\u00f3n, que hab\u00eda confirmado la condena a prisi\u00f3n perpetua.<\/p>\n<\/div>\n<\/div>\n<div class=\"col-lg-12 col-xs-12\">\n<p>Los ministros Ricardo Lorenzetti, Elena Highton de Nolasco, Juan Carlos Maqueda, Horacio Rosatti y Carlos Fernando Rosenkrantz consideraron que el recurso presentado por los abogados de Mangeri resultaba \u00abinadmisible\u00bb.<\/p>\n<p>La C\u00e1mara de Casaci\u00f3n en lo Criminal y Correccional hab\u00eda ratificado en junio de 2017 la condena a cadena perpetua para el portero femicida, quien mat\u00f3 a la adolescente \u00c1ngeles el 10 de junio de 2013, en el barrio porte\u00f1o de Palermo.\u00a0 \u00abVuelvo a declarar mi inocencia. Soy inocente. No tuve ni tengo nada que ver con la muerte de &#8216;Mumi&#8217;. Nada m\u00e1s. Que se haga justicia. Nada m\u00e1s\u00bb, fueron las \u00faltimas palabras del acusado.<\/p>\n<p><strong>Fuente:<\/strong>\u00a0<a href=\"http:\/\/lv12.com.ar\/nota\/43625\/confirmaron-la-condena-a-prision-perpetua-para-jorge-mangeri-por-el-crimen-de-angeles-rawson\">http:\/\/lv12.com.ar\/nota\/43625\/confirmaron-la-condena-a-prision-perpetua-para-jorge-mangeri-por-el-crimen-de-angeles-rawson<\/a><\/p>\n<\/div>\n<\/div>\n<\/div>\n<\/div>\n","protected":false},"excerpt":{"rendered":"<p>La Corte Suprema de Justicia consider\u00f3 que el recurso presentado por la defensa del acusado era \u00abinadmisible\u00bb.<\/p>\n","protected":false},"author":5,"featured_media":13921,"comment_status":"closed","ping_status":"open","sticky":false,"template":"","format":"standard","meta":{"footnotes":""},"categories":[152],"tags":[],"class_list":{"0":"post-13920","1":"post","2":"type-post","3":"status-publish","4":"format-standard","5":"has-post-thumbnail","7":"category-argentina"},"yoast_head":"<!-- This site is optimized with the Yoast SEO plugin v27.4 - https:\/\/yoast.com\/product\/yoast-seo-wordpress\/ -->\n<title>Perpetua para Jorge Mangeri por el crimen de \u00c1ngeles Rawson - El Diario de Tucuman<\/title>\n<meta name=\"robots\" content=\"index, follow, max-snippet:-1, max-image-preview:large, max-video-preview:-1\" \/>\n<link rel=\"canonical\" href=\"https:\/\/www.eldiariodetucuman.com\/web\/perpetua-para-jorge-mangeri-por-el-crimen-de-angeles-rawson\/\" \/>\n<meta property=\"og:locale\" content=\"es_ES\" \/>\n<meta property=\"og:type\" content=\"article\" \/>\n<meta property=\"og:title\" content=\"Perpetua para Jorge Mangeri por el crimen de \u00c1ngeles Rawson - El Diario de Tucuman\" \/>\n<meta property=\"og:description\" content=\"La Corte Suprema de Justicia consider\u00f3 que el recurso presentado por la defensa del acusado era \u00abinadmisible\u00bb.\" \/>\n<meta property=\"og:url\" content=\"https:\/\/www.eldiariodetucuman.com\/web\/perpetua-para-jorge-mangeri-por-el-crimen-de-angeles-rawson\/\" \/>\n<meta property=\"og:site_name\" content=\"El Diario de Tucuman\" \/>\n<meta property=\"article:published_time\" content=\"2018-07-11T16:43:29+00:00\" \/>\n<meta property=\"article:modified_time\" content=\"2018-07-11T16:47:54+00:00\" \/>\n<meta property=\"og:image\" content=\"https:\/\/www.eldiariodetucuman.com\/web\/wp-content\/uploads\/2018\/07\/jorgemangeri.jpg\" \/>\n\t<meta property=\"og:image:width\" content=\"1024\" \/>\n\t<meta property=\"og:image:height\" content=\"768\" \/>\n\t<meta property=\"og:image:type\" content=\"image\/jpeg\" \/>\n<meta name=\"author\" content=\"Redactor Uno\" \/>\n<meta name=\"twitter:card\" content=\"summary_large_image\" \/>\n<meta name=\"twitter:label1\" content=\"Escrito por\" \/>\n\t<meta name=\"twitter:data1\" content=\"Redactor Uno\" \/>\n\t<meta name=\"twitter:label2\" content=\"Tiempo de lectura\" \/>\n\t<meta name=\"twitter:data2\" content=\"1 minuto\" \/>\n<script type=\"application\/ld+json\" class=\"yoast-schema-graph\">{\"@context\":\"https:\\\/\\\/schema.org\",\"@graph\":[{\"@type\":\"Article\",\"@id\":\"https:\\\/\\\/www.eldiariodetucuman.com\\\/web\\\/perpetua-para-jorge-mangeri-por-el-crimen-de-angeles-rawson\\\/#article\",\"isPartOf\":{\"@id\":\"https:\\\/\\\/www.eldiariodetucuman.com\\\/web\\\/perpetua-para-jorge-mangeri-por-el-crimen-de-angeles-rawson\\\/\"},\"author\":{\"name\":\"Redactor Uno\",\"@id\":\"https:\\\/\\\/www.eldiariodetucuman.com\\\/web\\\/#\\\/schema\\\/person\\\/7e6644a46e60888f6b868594407e08dd\"},\"headline\":\"Perpetua para Jorge Mangeri por el crimen de \u00c1ngeles Rawson\",\"datePublished\":\"2018-07-11T16:43:29+00:00\",\"dateModified\":\"2018-07-11T16:47:54+00:00\",\"mainEntityOfPage\":{\"@id\":\"https:\\\/\\\/www.eldiariodetucuman.com\\\/web\\\/perpetua-para-jorge-mangeri-por-el-crimen-de-angeles-rawson\\\/\"},\"wordCount\":198,\"publisher\":{\"@id\":\"https:\\\/\\\/www.eldiariodetucuman.com\\\/web\\\/#organization\"},\"image\":{\"@id\":\"https:\\\/\\\/www.eldiariodetucuman.com\\\/web\\\/perpetua-para-jorge-mangeri-por-el-crimen-de-angeles-rawson\\\/#primaryimage\"},\"thumbnailUrl\":\"https:\\\/\\\/www.eldiariodetucuman.com\\\/web\\\/wp-content\\\/uploads\\\/2018\\\/07\\\/jorgemangeri.jpg\",\"articleSection\":[\"Argentina\"],\"inLanguage\":\"es\"},{\"@type\":\"WebPage\",\"@id\":\"https:\\\/\\\/www.eldiariodetucuman.com\\\/web\\\/perpetua-para-jorge-mangeri-por-el-crimen-de-angeles-rawson\\\/\",\"url\":\"https:\\\/\\\/www.eldiariodetucuman.com\\\/web\\\/perpetua-para-jorge-mangeri-por-el-crimen-de-angeles-rawson\\\/\",\"name\":\"Perpetua para Jorge Mangeri por el crimen de \u00c1ngeles Rawson - El Diario de Tucuman\",\"isPartOf\":{\"@id\":\"https:\\\/\\\/www.eldiariodetucuman.com\\\/web\\\/#website\"},\"primaryImageOfPage\":{\"@id\":\"https:\\\/\\\/www.eldiariodetucuman.com\\\/web\\\/perpetua-para-jorge-mangeri-por-el-crimen-de-angeles-rawson\\\/#primaryimage\"},\"image\":{\"@id\":\"https:\\\/\\\/www.eldiariodetucuman.com\\\/web\\\/perpetua-para-jorge-mangeri-por-el-crimen-de-angeles-rawson\\\/#primaryimage\"},\"thumbnailUrl\":\"https:\\\/\\\/www.eldiariodetucuman.com\\\/web\\\/wp-content\\\/uploads\\\/2018\\\/07\\\/jorgemangeri.jpg\",\"datePublished\":\"2018-07-11T16:43:29+00:00\",\"dateModified\":\"2018-07-11T16:47:54+00:00\",\"breadcrumb\":{\"@id\":\"https:\\\/\\\/www.eldiariodetucuman.com\\\/web\\\/perpetua-para-jorge-mangeri-por-el-crimen-de-angeles-rawson\\\/#breadcrumb\"},\"inLanguage\":\"es\",\"potentialAction\":[{\"@type\":\"ReadAction\",\"target\":[\"https:\\\/\\\/www.eldiariodetucuman.com\\\/web\\\/perpetua-para-jorge-mangeri-por-el-crimen-de-angeles-rawson\\\/\"]}]},{\"@type\":\"ImageObject\",\"inLanguage\":\"es\",\"@id\":\"https:\\\/\\\/www.eldiariodetucuman.com\\\/web\\\/perpetua-para-jorge-mangeri-por-el-crimen-de-angeles-rawson\\\/#primaryimage\",\"url\":\"https:\\\/\\\/www.eldiariodetucuman.com\\\/web\\\/wp-content\\\/uploads\\\/2018\\\/07\\\/jorgemangeri.jpg\",\"contentUrl\":\"https:\\\/\\\/www.eldiariodetucuman.com\\\/web\\\/wp-content\\\/uploads\\\/2018\\\/07\\\/jorgemangeri.jpg\",\"width\":1024,\"height\":768},{\"@type\":\"BreadcrumbList\",\"@id\":\"https:\\\/\\\/www.eldiariodetucuman.com\\\/web\\\/perpetua-para-jorge-mangeri-por-el-crimen-de-angeles-rawson\\\/#breadcrumb\",\"itemListElement\":[{\"@type\":\"ListItem\",\"position\":1,\"name\":\"Portada\",\"item\":\"https:\\\/\\\/www.eldiariodetucuman.com\\\/web\\\/\"},{\"@type\":\"ListItem\",\"position\":2,\"name\":\"Perpetua para Jorge Mangeri por el crimen de \u00c1ngeles Rawson\"}]},{\"@type\":\"WebSite\",\"@id\":\"https:\\\/\\\/www.eldiariodetucuman.com\\\/web\\\/#website\",\"url\":\"https:\\\/\\\/www.eldiariodetucuman.com\\\/web\\\/\",\"name\":\"El Diario de Tucuman\",\"description\":\"Diario Tucuman - Informaci\u00f3n y noticias\",\"publisher\":{\"@id\":\"https:\\\/\\\/www.eldiariodetucuman.com\\\/web\\\/#organization\"},\"potentialAction\":[{\"@type\":\"SearchAction\",\"target\":{\"@type\":\"EntryPoint\",\"urlTemplate\":\"https:\\\/\\\/www.eldiariodetucuman.com\\\/web\\\/?s={search_term_string}\"},\"query-input\":{\"@type\":\"PropertyValueSpecification\",\"valueRequired\":true,\"valueName\":\"search_term_string\"}}],\"inLanguage\":\"es\"},{\"@type\":\"Organization\",\"@id\":\"https:\\\/\\\/www.eldiariodetucuman.com\\\/web\\\/#organization\",\"name\":\"El Diario de Tucuman\",\"url\":\"https:\\\/\\\/www.eldiariodetucuman.com\\\/web\\\/\",\"logo\":{\"@type\":\"ImageObject\",\"inLanguage\":\"es\",\"@id\":\"https:\\\/\\\/www.eldiariodetucuman.com\\\/web\\\/#\\\/schema\\\/logo\\\/image\\\/\",\"url\":\"http:\\\/\\\/www.eldiariodetucuman.com\\\/web\\\/wp-content\\\/uploads\\\/2017\\\/12\\\/el-diario-de-tucuman.jpg\",\"contentUrl\":\"http:\\\/\\\/www.eldiariodetucuman.com\\\/web\\\/wp-content\\\/uploads\\\/2017\\\/12\\\/el-diario-de-tucuman.jpg\",\"width\":272,\"height\":92,\"caption\":\"El Diario de Tucuman\"},\"image\":{\"@id\":\"https:\\\/\\\/www.eldiariodetucuman.com\\\/web\\\/#\\\/schema\\\/logo\\\/image\\\/\"}},{\"@type\":\"Person\",\"@id\":\"https:\\\/\\\/www.eldiariodetucuman.com\\\/web\\\/#\\\/schema\\\/person\\\/7e6644a46e60888f6b868594407e08dd\",\"name\":\"Redactor Uno\",\"image\":{\"@type\":\"ImageObject\",\"inLanguage\":\"es\",\"@id\":\"https:\\\/\\\/secure.gravatar.com\\\/avatar\\\/0049b1bdf1bd548385c9ea6b9356431717930913089febd2ba904f0187d7d074?s=96&d=mm&r=g\",\"url\":\"https:\\\/\\\/secure.gravatar.com\\\/avatar\\\/0049b1bdf1bd548385c9ea6b9356431717930913089febd2ba904f0187d7d074?s=96&d=mm&r=g\",\"contentUrl\":\"https:\\\/\\\/secure.gravatar.com\\\/avatar\\\/0049b1bdf1bd548385c9ea6b9356431717930913089febd2ba904f0187d7d074?s=96&d=mm&r=g\",\"caption\":\"Redactor Uno\"},\"url\":\"https:\\\/\\\/www.eldiariodetucuman.com\\\/web\\\/author\\\/mramasco\\\/\"}]}<\/script>\n<!-- \/ Yoast SEO plugin. -->","yoast_head_json":{"title":"Perpetua para Jorge Mangeri por el crimen de \u00c1ngeles Rawson - El Diario de Tucuman","robots":{"index":"index","follow":"follow","max-snippet":"max-snippet:-1","max-image-preview":"max-image-preview:large","max-video-preview":"max-video-preview:-1"},"canonical":"https:\/\/www.eldiariodetucuman.com\/web\/perpetua-para-jorge-mangeri-por-el-crimen-de-angeles-rawson\/","og_locale":"es_ES","og_type":"article","og_title":"Perpetua para Jorge Mangeri por el crimen de \u00c1ngeles Rawson - El Diario de Tucuman","og_description":"La Corte Suprema de Justicia consider\u00f3 que el recurso presentado por la defensa del acusado era \u00abinadmisible\u00bb.","og_url":"https:\/\/www.eldiariodetucuman.com\/web\/perpetua-para-jorge-mangeri-por-el-crimen-de-angeles-rawson\/","og_site_name":"El Diario de Tucuman","article_published_time":"2018-07-11T16:43:29+00:00","article_modified_time":"2018-07-11T16:47:54+00:00","og_image":[{"width":1024,"height":768,"url":"https:\/\/www.eldiariodetucuman.com\/web\/wp-content\/uploads\/2018\/07\/jorgemangeri.jpg","type":"image\/jpeg"}],"author":"Redactor Uno","twitter_card":"summary_large_image","twitter_misc":{"Escrito por":"Redactor Uno","Tiempo de lectura":"1 minuto"},"schema":{"@context":"https:\/\/schema.org","@graph":[{"@type":"Article","@id":"https:\/\/www.eldiariodetucuman.com\/web\/perpetua-para-jorge-mangeri-por-el-crimen-de-angeles-rawson\/#article","isPartOf":{"@id":"https:\/\/www.eldiariodetucuman.com\/web\/perpetua-para-jorge-mangeri-por-el-crimen-de-angeles-rawson\/"},"author":{"name":"Redactor Uno","@id":"https:\/\/www.eldiariodetucuman.com\/web\/#\/schema\/person\/7e6644a46e60888f6b868594407e08dd"},"headline":"Perpetua para Jorge Mangeri por el crimen de \u00c1ngeles Rawson","datePublished":"2018-07-11T16:43:29+00:00","dateModified":"2018-07-11T16:47:54+00:00","mainEntityOfPage":{"@id":"https:\/\/www.eldiariodetucuman.com\/web\/perpetua-para-jorge-mangeri-por-el-crimen-de-angeles-rawson\/"},"wordCount":198,"publisher":{"@id":"https:\/\/www.eldiariodetucuman.com\/web\/#organization"},"image":{"@id":"https:\/\/www.eldiariodetucuman.com\/web\/perpetua-para-jorge-mangeri-por-el-crimen-de-angeles-rawson\/#primaryimage"},"thumbnailUrl":"https:\/\/www.eldiariodetucuman.com\/web\/wp-content\/uploads\/2018\/07\/jorgemangeri.jpg","articleSection":["Argentina"],"inLanguage":"es"},{"@type":"WebPage","@id":"https:\/\/www.eldiariodetucuman.com\/web\/perpetua-para-jorge-mangeri-por-el-crimen-de-angeles-rawson\/","url":"https:\/\/www.eldiariodetucuman.com\/web\/perpetua-para-jorge-mangeri-por-el-crimen-de-angeles-rawson\/","name":"Perpetua para Jorge Mangeri por el crimen de \u00c1ngeles Rawson - El Diario de Tucuman","isPartOf":{"@id":"https:\/\/www.eldiariodetucuman.com\/web\/#website"},"primaryImageOfPage":{"@id":"https:\/\/www.eldiariodetucuman.com\/web\/perpetua-para-jorge-mangeri-por-el-crimen-de-angeles-rawson\/#primaryimage"},"image":{"@id":"https:\/\/www.eldiariodetucuman.com\/web\/perpetua-para-jorge-mangeri-por-el-crimen-de-angeles-rawson\/#primaryimage"},"thumbnailUrl":"https:\/\/www.eldiariodetucuman.com\/web\/wp-content\/uploads\/2018\/07\/jorgemangeri.jpg","datePublished":"2018-07-11T16:43:29+00:00","dateModified":"2018-07-11T16:47:54+00:00","breadcrumb":{"@id":"https:\/\/www.eldiariodetucuman.com\/web\/perpetua-para-jorge-mangeri-por-el-crimen-de-angeles-rawson\/#breadcrumb"},"inLanguage":"es","potentialAction":[{"@type":"ReadAction","target":["https:\/\/www.eldiariodetucuman.com\/web\/perpetua-para-jorge-mangeri-por-el-crimen-de-angeles-rawson\/"]}]},{"@type":"ImageObject","inLanguage":"es","@id":"https:\/\/www.eldiariodetucuman.com\/web\/perpetua-para-jorge-mangeri-por-el-crimen-de-angeles-rawson\/#primaryimage","url":"https:\/\/www.eldiariodetucuman.com\/web\/wp-content\/uploads\/2018\/07\/jorgemangeri.jpg","contentUrl":"https:\/\/www.eldiariodetucuman.com\/web\/wp-content\/uploads\/2018\/07\/jorgemangeri.jpg","width":1024,"height":768},{"@type":"BreadcrumbList","@id":"https:\/\/www.eldiariodetucuman.com\/web\/perpetua-para-jorge-mangeri-por-el-crimen-de-angeles-rawson\/#breadcrumb","itemListElement":[{"@type":"ListItem","position":1,"name":"Portada","item":"https:\/\/www.eldiariodetucuman.com\/web\/"},{"@type":"ListItem","position":2,"name":"Perpetua para Jorge Mangeri por el crimen de \u00c1ngeles Rawson"}]},{"@type":"WebSite","@id":"https:\/\/www.eldiariodetucuman.com\/web\/#website","url":"https:\/\/www.eldiariodetucuman.com\/web\/","name":"El Diario de Tucuman","description":"Diario Tucuman - Informaci\u00f3n y noticias","publisher":{"@id":"https:\/\/www.eldiariodetucuman.com\/web\/#organization"},"potentialAction":[{"@type":"SearchAction","target":{"@type":"EntryPoint","urlTemplate":"https:\/\/www.eldiariodetucuman.com\/web\/?s={search_term_string}"},"query-input":{"@type":"PropertyValueSpecification","valueRequired":true,"valueName":"search_term_string"}}],"inLanguage":"es"},{"@type":"Organization","@id":"https:\/\/www.eldiariodetucuman.com\/web\/#organization","name":"El Diario de Tucuman","url":"https:\/\/www.eldiariodetucuman.com\/web\/","logo":{"@type":"ImageObject","inLanguage":"es","@id":"https:\/\/www.eldiariodetucuman.com\/web\/#\/schema\/logo\/image\/","url":"http:\/\/www.eldiariodetucuman.com\/web\/wp-content\/uploads\/2017\/12\/el-diario-de-tucuman.jpg","contentUrl":"http:\/\/www.eldiariodetucuman.com\/web\/wp-content\/uploads\/2017\/12\/el-diario-de-tucuman.jpg","width":272,"height":92,"caption":"El Diario de Tucuman"},"image":{"@id":"https:\/\/www.eldiariodetucuman.com\/web\/#\/schema\/logo\/image\/"}},{"@type":"Person","@id":"https:\/\/www.eldiariodetucuman.com\/web\/#\/schema\/person\/7e6644a46e60888f6b868594407e08dd","name":"Redactor Uno","image":{"@type":"ImageObject","inLanguage":"es","@id":"https:\/\/secure.gravatar.com\/avatar\/0049b1bdf1bd548385c9ea6b9356431717930913089febd2ba904f0187d7d074?s=96&d=mm&r=g","url":"https:\/\/secure.gravatar.com\/avatar\/0049b1bdf1bd548385c9ea6b9356431717930913089febd2ba904f0187d7d074?s=96&d=mm&r=g","contentUrl":"https:\/\/secure.gravatar.com\/avatar\/0049b1bdf1bd548385c9ea6b9356431717930913089febd2ba904f0187d7d074?s=96&d=mm&r=g","caption":"Redactor Uno"},"url":"https:\/\/www.eldiariodetucuman.com\/web\/author\/mramasco\/"}]}},"_links":{"self":[{"href":"https:\/\/www.eldiariodetucuman.com\/web\/wp-json\/wp\/v2\/posts\/13920","targetHints":{"allow":["GET"]}}],"collection":[{"href":"https:\/\/www.eldiariodetucuman.com\/web\/wp-json\/wp\/v2\/posts"}],"about":[{"href":"https:\/\/www.eldiariodetucuman.com\/web\/wp-json\/wp\/v2\/types\/post"}],"author":[{"embeddable":true,"href":"https:\/\/www.eldiariodetucuman.com\/web\/wp-json\/wp\/v2\/users\/5"}],"replies":[{"embeddable":true,"href":"https:\/\/www.eldiariodetucuman.com\/web\/wp-json\/wp\/v2\/comments?post=13920"}],"version-history":[{"count":3,"href":"https:\/\/www.eldiariodetucuman.com\/web\/wp-json\/wp\/v2\/posts\/13920\/revisions"}],"predecessor-version":[{"id":13924,"href":"https:\/\/www.eldiariodetucuman.com\/web\/wp-json\/wp\/v2\/posts\/13920\/revisions\/13924"}],"wp:featuredmedia":[{"embeddable":true,"href":"https:\/\/www.eldiariodetucuman.com\/web\/wp-json\/wp\/v2\/media\/13921"}],"wp:attachment":[{"href":"https:\/\/www.eldiariodetucuman.com\/web\/wp-json\/wp\/v2\/media?parent=13920"}],"wp:term":[{"taxonomy":"category","embeddable":true,"href":"https:\/\/www.eldiariodetucuman.com\/web\/wp-json\/wp\/v2\/categories?post=13920"},{"taxonomy":"post_tag","embeddable":true,"href":"https:\/\/www.eldiariodetucuman.com\/web\/wp-json\/wp\/v2\/tags?post=13920"}],"curies":[{"name":"wp","href":"https:\/\/api.w.org\/{rel}","templated":true}]}}