{"id":13913,"date":"2018-07-11T13:17:27","date_gmt":"2018-07-11T16:17:27","guid":{"rendered":"http:\/\/www.eldiariodetucuman.com\/web\/?p=13913"},"modified":"2018-07-11T13:17:27","modified_gmt":"2018-07-11T16:17:27","slug":"cesar-banana-puyerredon-se-presenta-manana","status":"publish","type":"post","link":"https:\/\/www.eldiariodetucuman.com\/web\/cesar-banana-puyerredon-se-presenta-manana\/","title":{"rendered":"C\u00e9sar \u00abBanana\u00bb Puyerred\u00f3n se presenta ma\u00f1ana"},"content":{"rendered":"<p>\u201cNo quiero ser tu amigo\u201d, \u201cCuando amas a alguien\u201d, \u201cToda una noche contigo\u201d, \u201cConoci\u00e9ndote\u201d y \u201cPerd\u00f3name\u201d son algunas de las \u201ccanciones para toda la vida\u201d, tal como se llama el espect\u00e1culo que presentar\u00e1 ma\u00f1ana en el Teatro Alberdi.<\/p>\n<p><!--more--><\/p>\n<p><b>C\u00e9sar \u201cBanana\u201d Pueyrred\u00f3n<\/b>\u00a0admite que ya est\u00e1 instalado como un cl\u00e1sico, y que no tiene que dar examen todos los d\u00edas. \u201cSoy un rom\u00e1ntico empedernido y siempre le cant\u00e9 a la mujer\u201d, afirma durante una entrevista con el diario LA GACETA. Y no deja de recordar sus grandes shows en Floresta y en un colegio de Barrio Norte.<\/p>\n<p>La cita es en el Teatro Alberdi. Entradas en venta en la boleter\u00eda del teatro, por la ma\u00f1ana de 10 a 13 hs y por la tarde de 18 a 21 hs.<\/p>\n<p><b>&#8211; \u00bfCu\u00e1ntos hits acumul\u00e1s en tu carrera?<\/b><\/p>\n<p>&#8211; Bueno, a trav\u00e9s de distintas generaciones y los a\u00f1os deben ser 40 o 50. O sea, son estos temas que la gente conoce, los que me siguen. En mis shows canto 15 o 16, y a veces hago como un popurr\u00ed para quedar conforme con la gente y conmigo mismo, porque me encantan. Disfruto mucho con recrear esas canciones.<\/p>\n<p><b>&#8211; Pero debe haber dos o tres que son tus favoritos&#8230;<\/b><\/p>\n<p>&#8211; S\u00ed, tengo tres que son como ic\u00f3nicas&#8230;.mis favoritas, aunque tal vez por otras razones a las que tiene la gente. \u201cConoci\u00e9ndote\u201d es muy importante, es el prototipo de tema que sali\u00f3 como espont\u00e1neo, casi de inmediato cuando conoc\u00ed a una personas. \u201cA\u00fan es tiempo de so\u00f1ar\u201d, que trata sobre la vida, no es rom\u00e1ntico, aunque yo sea un rom\u00e1ntico empedernido&#8230; Tard\u00e9 meses en hacer las letras. Es una canci\u00f3n elaborada, con mucha met\u00e1fora y b\u00fasqueda de im\u00e1genes. Y \u201cCuando amas a alguien\u201d, que es rom\u00e1ntica pero tambi\u00e9n elaborada, es una canci\u00f3n de s\u00edntesis.<\/p>\n<p><b>&#8211; Sos un cl\u00e1sico<\/b>&#8230;<\/p>\n<p>&#8211; Me llev\u00f3 tiempo, pero las cosas se dan de a poco; uno trabaja para gustarle a la gente, a uno mismo, aportar a la m\u00fasica popular, que quede&#8230; Y bueno, con el tiempo se logra, pero es un privilegio en el pa\u00eds, una situaci\u00f3n extraordinaria. Ten\u00e9s la sensaci\u00f3n de que no hay que probar nada, no rendir examen. Por supuesto, antes del show conservo los nervios pero son esos positivos, los nervios buenos como se dice. Porque en el escenario me ha pasado de todo&#8230;<\/p>\n","protected":false},"excerpt":{"rendered":"<p>\u201cNo quiero ser tu amigo\u201d, \u201cCuando amas a alguien\u201d, \u201cToda una noche contigo\u201d, \u201cConoci\u00e9ndote\u201d y \u201cPerd\u00f3name\u201d son algunas de las \u201ccanciones para toda la vida\u201d, tal como se llama el espect\u00e1culo que presentar\u00e1 ma\u00f1ana en el Teatro Alberdi.<\/p>\n","protected":false},"author":5,"featured_media":13914,"comment_status":"closed","ping_status":"open","sticky":false,"template":"","format":"standard","meta":{"footnotes":""},"categories":[191],"tags":[1849,1848,138,1850,61],"class_list":{"0":"post-13913","1":"post","2":"type-post","3":"status-publish","4":"format-standard","5":"has-post-thumbnail","7":"category-cartelera-de-espectaculos","8":"tag-banana","9":"tag-cesar","10":"tag-musica","11":"tag-pueyrredon","12":"tag-tucuman"},"yoast_head":"<!-- This site is optimized with the Yoast SEO plugin v27.4 - https:\/\/yoast.com\/product\/yoast-seo-wordpress\/ -->\n<title>C\u00e9sar &quot;Banana&quot; Puyerred\u00f3n se presenta ma\u00f1ana - El Diario de Tucuman<\/title>\n<meta name=\"robots\" content=\"index, follow, max-snippet:-1, max-image-preview:large, max-video-preview:-1\" \/>\n<link rel=\"canonical\" href=\"https:\/\/www.eldiariodetucuman.com\/web\/cesar-banana-puyerredon-se-presenta-manana\/\" \/>\n<meta property=\"og:locale\" content=\"es_ES\" \/>\n<meta property=\"og:type\" content=\"article\" \/>\n<meta property=\"og:title\" content=\"C\u00e9sar &quot;Banana&quot; Puyerred\u00f3n se presenta ma\u00f1ana - El Diario de Tucuman\" \/>\n<meta property=\"og:description\" content=\"\u201cNo quiero ser tu amigo\u201d, \u201cCuando amas a alguien\u201d, \u201cToda una noche contigo\u201d, \u201cConoci\u00e9ndote\u201d y \u201cPerd\u00f3name\u201d son algunas de las \u201ccanciones para toda la vida\u201d, tal como se llama el espect\u00e1culo que presentar\u00e1 ma\u00f1ana en el Teatro Alberdi.\" \/>\n<meta property=\"og:url\" content=\"https:\/\/www.eldiariodetucuman.com\/web\/cesar-banana-puyerredon-se-presenta-manana\/\" \/>\n<meta property=\"og:site_name\" content=\"El Diario de Tucuman\" \/>\n<meta property=\"article:published_time\" content=\"2018-07-11T16:17:27+00:00\" \/>\n<meta property=\"og:image\" content=\"https:\/\/www.eldiariodetucuman.com\/web\/wp-content\/uploads\/2018\/07\/cesarbanana.jpg\" \/>\n\t<meta property=\"og:image:width\" content=\"720\" \/>\n\t<meta property=\"og:image:height\" content=\"560\" \/>\n\t<meta property=\"og:image:type\" content=\"image\/jpeg\" \/>\n<meta name=\"author\" content=\"Redactor Uno\" \/>\n<meta name=\"twitter:card\" content=\"summary_large_image\" \/>\n<meta name=\"twitter:label1\" content=\"Escrito por\" \/>\n\t<meta name=\"twitter:data1\" content=\"Redactor Uno\" \/>\n\t<meta name=\"twitter:label2\" content=\"Tiempo de lectura\" \/>\n\t<meta name=\"twitter:data2\" content=\"2 minutos\" \/>\n<script type=\"application\/ld+json\" class=\"yoast-schema-graph\">{\"@context\":\"https:\\\/\\\/schema.org\",\"@graph\":[{\"@type\":\"Article\",\"@id\":\"https:\\\/\\\/www.eldiariodetucuman.com\\\/web\\\/cesar-banana-puyerredon-se-presenta-manana\\\/#article\",\"isPartOf\":{\"@id\":\"https:\\\/\\\/www.eldiariodetucuman.com\\\/web\\\/cesar-banana-puyerredon-se-presenta-manana\\\/\"},\"author\":{\"name\":\"Redactor Uno\",\"@id\":\"https:\\\/\\\/www.eldiariodetucuman.com\\\/web\\\/#\\\/schema\\\/person\\\/7e6644a46e60888f6b868594407e08dd\"},\"headline\":\"C\u00e9sar \u00abBanana\u00bb Puyerred\u00f3n se presenta ma\u00f1ana\",\"datePublished\":\"2018-07-11T16:17:27+00:00\",\"mainEntityOfPage\":{\"@id\":\"https:\\\/\\\/www.eldiariodetucuman.com\\\/web\\\/cesar-banana-puyerredon-se-presenta-manana\\\/\"},\"wordCount\":428,\"publisher\":{\"@id\":\"https:\\\/\\\/www.eldiariodetucuman.com\\\/web\\\/#organization\"},\"image\":{\"@id\":\"https:\\\/\\\/www.eldiariodetucuman.com\\\/web\\\/cesar-banana-puyerredon-se-presenta-manana\\\/#primaryimage\"},\"thumbnailUrl\":\"https:\\\/\\\/www.eldiariodetucuman.com\\\/web\\\/wp-content\\\/uploads\\\/2018\\\/07\\\/cesarbanana.jpg\",\"keywords\":[\"Banana\",\"C\u00e9sar\",\"musica\",\"Pueyrred\u00f3n\",\"Tucuman\"],\"articleSection\":[\"Cartelera de espect\u00e1culos\"],\"inLanguage\":\"es\"},{\"@type\":\"WebPage\",\"@id\":\"https:\\\/\\\/www.eldiariodetucuman.com\\\/web\\\/cesar-banana-puyerredon-se-presenta-manana\\\/\",\"url\":\"https:\\\/\\\/www.eldiariodetucuman.com\\\/web\\\/cesar-banana-puyerredon-se-presenta-manana\\\/\",\"name\":\"C\u00e9sar \\\"Banana\\\" Puyerred\u00f3n se presenta ma\u00f1ana - El Diario de Tucuman\",\"isPartOf\":{\"@id\":\"https:\\\/\\\/www.eldiariodetucuman.com\\\/web\\\/#website\"},\"primaryImageOfPage\":{\"@id\":\"https:\\\/\\\/www.eldiariodetucuman.com\\\/web\\\/cesar-banana-puyerredon-se-presenta-manana\\\/#primaryimage\"},\"image\":{\"@id\":\"https:\\\/\\\/www.eldiariodetucuman.com\\\/web\\\/cesar-banana-puyerredon-se-presenta-manana\\\/#primaryimage\"},\"thumbnailUrl\":\"https:\\\/\\\/www.eldiariodetucuman.com\\\/web\\\/wp-content\\\/uploads\\\/2018\\\/07\\\/cesarbanana.jpg\",\"datePublished\":\"2018-07-11T16:17:27+00:00\",\"breadcrumb\":{\"@id\":\"https:\\\/\\\/www.eldiariodetucuman.com\\\/web\\\/cesar-banana-puyerredon-se-presenta-manana\\\/#breadcrumb\"},\"inLanguage\":\"es\",\"potentialAction\":[{\"@type\":\"ReadAction\",\"target\":[\"https:\\\/\\\/www.eldiariodetucuman.com\\\/web\\\/cesar-banana-puyerredon-se-presenta-manana\\\/\"]}]},{\"@type\":\"ImageObject\",\"inLanguage\":\"es\",\"@id\":\"https:\\\/\\\/www.eldiariodetucuman.com\\\/web\\\/cesar-banana-puyerredon-se-presenta-manana\\\/#primaryimage\",\"url\":\"https:\\\/\\\/www.eldiariodetucuman.com\\\/web\\\/wp-content\\\/uploads\\\/2018\\\/07\\\/cesarbanana.jpg\",\"contentUrl\":\"https:\\\/\\\/www.eldiariodetucuman.com\\\/web\\\/wp-content\\\/uploads\\\/2018\\\/07\\\/cesarbanana.jpg\",\"width\":720,\"height\":560},{\"@type\":\"BreadcrumbList\",\"@id\":\"https:\\\/\\\/www.eldiariodetucuman.com\\\/web\\\/cesar-banana-puyerredon-se-presenta-manana\\\/#breadcrumb\",\"itemListElement\":[{\"@type\":\"ListItem\",\"position\":1,\"name\":\"Portada\",\"item\":\"https:\\\/\\\/www.eldiariodetucuman.com\\\/web\\\/\"},{\"@type\":\"ListItem\",\"position\":2,\"name\":\"C\u00e9sar \u00abBanana\u00bb Puyerred\u00f3n se presenta ma\u00f1ana\"}]},{\"@type\":\"WebSite\",\"@id\":\"https:\\\/\\\/www.eldiariodetucuman.com\\\/web\\\/#website\",\"url\":\"https:\\\/\\\/www.eldiariodetucuman.com\\\/web\\\/\",\"name\":\"El Diario de Tucuman\",\"description\":\"Diario Tucuman - Informaci\u00f3n y noticias\",\"publisher\":{\"@id\":\"https:\\\/\\\/www.eldiariodetucuman.com\\\/web\\\/#organization\"},\"potentialAction\":[{\"@type\":\"SearchAction\",\"target\":{\"@type\":\"EntryPoint\",\"urlTemplate\":\"https:\\\/\\\/www.eldiariodetucuman.com\\\/web\\\/?s={search_term_string}\"},\"query-input\":{\"@type\":\"PropertyValueSpecification\",\"valueRequired\":true,\"valueName\":\"search_term_string\"}}],\"inLanguage\":\"es\"},{\"@type\":\"Organization\",\"@id\":\"https:\\\/\\\/www.eldiariodetucuman.com\\\/web\\\/#organization\",\"name\":\"El Diario de Tucuman\",\"url\":\"https:\\\/\\\/www.eldiariodetucuman.com\\\/web\\\/\",\"logo\":{\"@type\":\"ImageObject\",\"inLanguage\":\"es\",\"@id\":\"https:\\\/\\\/www.eldiariodetucuman.com\\\/web\\\/#\\\/schema\\\/logo\\\/image\\\/\",\"url\":\"http:\\\/\\\/www.eldiariodetucuman.com\\\/web\\\/wp-content\\\/uploads\\\/2017\\\/12\\\/el-diario-de-tucuman.jpg\",\"contentUrl\":\"http:\\\/\\\/www.eldiariodetucuman.com\\\/web\\\/wp-content\\\/uploads\\\/2017\\\/12\\\/el-diario-de-tucuman.jpg\",\"width\":272,\"height\":92,\"caption\":\"El Diario de Tucuman\"},\"image\":{\"@id\":\"https:\\\/\\\/www.eldiariodetucuman.com\\\/web\\\/#\\\/schema\\\/logo\\\/image\\\/\"}},{\"@type\":\"Person\",\"@id\":\"https:\\\/\\\/www.eldiariodetucuman.com\\\/web\\\/#\\\/schema\\\/person\\\/7e6644a46e60888f6b868594407e08dd\",\"name\":\"Redactor Uno\",\"image\":{\"@type\":\"ImageObject\",\"inLanguage\":\"es\",\"@id\":\"https:\\\/\\\/secure.gravatar.com\\\/avatar\\\/0049b1bdf1bd548385c9ea6b9356431717930913089febd2ba904f0187d7d074?s=96&d=mm&r=g\",\"url\":\"https:\\\/\\\/secure.gravatar.com\\\/avatar\\\/0049b1bdf1bd548385c9ea6b9356431717930913089febd2ba904f0187d7d074?s=96&d=mm&r=g\",\"contentUrl\":\"https:\\\/\\\/secure.gravatar.com\\\/avatar\\\/0049b1bdf1bd548385c9ea6b9356431717930913089febd2ba904f0187d7d074?s=96&d=mm&r=g\",\"caption\":\"Redactor Uno\"},\"url\":\"https:\\\/\\\/www.eldiariodetucuman.com\\\/web\\\/author\\\/mramasco\\\/\"}]}<\/script>\n<!-- \/ Yoast SEO plugin. -->","yoast_head_json":{"title":"C\u00e9sar \"Banana\" Puyerred\u00f3n se presenta ma\u00f1ana - El Diario de Tucuman","robots":{"index":"index","follow":"follow","max-snippet":"max-snippet:-1","max-image-preview":"max-image-preview:large","max-video-preview":"max-video-preview:-1"},"canonical":"https:\/\/www.eldiariodetucuman.com\/web\/cesar-banana-puyerredon-se-presenta-manana\/","og_locale":"es_ES","og_type":"article","og_title":"C\u00e9sar \"Banana\" Puyerred\u00f3n se presenta ma\u00f1ana - El Diario de Tucuman","og_description":"\u201cNo quiero ser tu amigo\u201d, \u201cCuando amas a alguien\u201d, \u201cToda una noche contigo\u201d, \u201cConoci\u00e9ndote\u201d y \u201cPerd\u00f3name\u201d son algunas de las \u201ccanciones para toda la vida\u201d, tal como se llama el espect\u00e1culo que presentar\u00e1 ma\u00f1ana en el Teatro Alberdi.","og_url":"https:\/\/www.eldiariodetucuman.com\/web\/cesar-banana-puyerredon-se-presenta-manana\/","og_site_name":"El Diario de Tucuman","article_published_time":"2018-07-11T16:17:27+00:00","og_image":[{"width":720,"height":560,"url":"https:\/\/www.eldiariodetucuman.com\/web\/wp-content\/uploads\/2018\/07\/cesarbanana.jpg","type":"image\/jpeg"}],"author":"Redactor Uno","twitter_card":"summary_large_image","twitter_misc":{"Escrito por":"Redactor Uno","Tiempo de lectura":"2 minutos"},"schema":{"@context":"https:\/\/schema.org","@graph":[{"@type":"Article","@id":"https:\/\/www.eldiariodetucuman.com\/web\/cesar-banana-puyerredon-se-presenta-manana\/#article","isPartOf":{"@id":"https:\/\/www.eldiariodetucuman.com\/web\/cesar-banana-puyerredon-se-presenta-manana\/"},"author":{"name":"Redactor Uno","@id":"https:\/\/www.eldiariodetucuman.com\/web\/#\/schema\/person\/7e6644a46e60888f6b868594407e08dd"},"headline":"C\u00e9sar \u00abBanana\u00bb Puyerred\u00f3n se presenta ma\u00f1ana","datePublished":"2018-07-11T16:17:27+00:00","mainEntityOfPage":{"@id":"https:\/\/www.eldiariodetucuman.com\/web\/cesar-banana-puyerredon-se-presenta-manana\/"},"wordCount":428,"publisher":{"@id":"https:\/\/www.eldiariodetucuman.com\/web\/#organization"},"image":{"@id":"https:\/\/www.eldiariodetucuman.com\/web\/cesar-banana-puyerredon-se-presenta-manana\/#primaryimage"},"thumbnailUrl":"https:\/\/www.eldiariodetucuman.com\/web\/wp-content\/uploads\/2018\/07\/cesarbanana.jpg","keywords":["Banana","C\u00e9sar","musica","Pueyrred\u00f3n","Tucuman"],"articleSection":["Cartelera de espect\u00e1culos"],"inLanguage":"es"},{"@type":"WebPage","@id":"https:\/\/www.eldiariodetucuman.com\/web\/cesar-banana-puyerredon-se-presenta-manana\/","url":"https:\/\/www.eldiariodetucuman.com\/web\/cesar-banana-puyerredon-se-presenta-manana\/","name":"C\u00e9sar \"Banana\" Puyerred\u00f3n se presenta ma\u00f1ana - El Diario de Tucuman","isPartOf":{"@id":"https:\/\/www.eldiariodetucuman.com\/web\/#website"},"primaryImageOfPage":{"@id":"https:\/\/www.eldiariodetucuman.com\/web\/cesar-banana-puyerredon-se-presenta-manana\/#primaryimage"},"image":{"@id":"https:\/\/www.eldiariodetucuman.com\/web\/cesar-banana-puyerredon-se-presenta-manana\/#primaryimage"},"thumbnailUrl":"https:\/\/www.eldiariodetucuman.com\/web\/wp-content\/uploads\/2018\/07\/cesarbanana.jpg","datePublished":"2018-07-11T16:17:27+00:00","breadcrumb":{"@id":"https:\/\/www.eldiariodetucuman.com\/web\/cesar-banana-puyerredon-se-presenta-manana\/#breadcrumb"},"inLanguage":"es","potentialAction":[{"@type":"ReadAction","target":["https:\/\/www.eldiariodetucuman.com\/web\/cesar-banana-puyerredon-se-presenta-manana\/"]}]},{"@type":"ImageObject","inLanguage":"es","@id":"https:\/\/www.eldiariodetucuman.com\/web\/cesar-banana-puyerredon-se-presenta-manana\/#primaryimage","url":"https:\/\/www.eldiariodetucuman.com\/web\/wp-content\/uploads\/2018\/07\/cesarbanana.jpg","contentUrl":"https:\/\/www.eldiariodetucuman.com\/web\/wp-content\/uploads\/2018\/07\/cesarbanana.jpg","width":720,"height":560},{"@type":"BreadcrumbList","@id":"https:\/\/www.eldiariodetucuman.com\/web\/cesar-banana-puyerredon-se-presenta-manana\/#breadcrumb","itemListElement":[{"@type":"ListItem","position":1,"name":"Portada","item":"https:\/\/www.eldiariodetucuman.com\/web\/"},{"@type":"ListItem","position":2,"name":"C\u00e9sar \u00abBanana\u00bb Puyerred\u00f3n se presenta ma\u00f1ana"}]},{"@type":"WebSite","@id":"https:\/\/www.eldiariodetucuman.com\/web\/#website","url":"https:\/\/www.eldiariodetucuman.com\/web\/","name":"El Diario de Tucuman","description":"Diario Tucuman - Informaci\u00f3n y noticias","publisher":{"@id":"https:\/\/www.eldiariodetucuman.com\/web\/#organization"},"potentialAction":[{"@type":"SearchAction","target":{"@type":"EntryPoint","urlTemplate":"https:\/\/www.eldiariodetucuman.com\/web\/?s={search_term_string}"},"query-input":{"@type":"PropertyValueSpecification","valueRequired":true,"valueName":"search_term_string"}}],"inLanguage":"es"},{"@type":"Organization","@id":"https:\/\/www.eldiariodetucuman.com\/web\/#organization","name":"El Diario de Tucuman","url":"https:\/\/www.eldiariodetucuman.com\/web\/","logo":{"@type":"ImageObject","inLanguage":"es","@id":"https:\/\/www.eldiariodetucuman.com\/web\/#\/schema\/logo\/image\/","url":"http:\/\/www.eldiariodetucuman.com\/web\/wp-content\/uploads\/2017\/12\/el-diario-de-tucuman.jpg","contentUrl":"http:\/\/www.eldiariodetucuman.com\/web\/wp-content\/uploads\/2017\/12\/el-diario-de-tucuman.jpg","width":272,"height":92,"caption":"El Diario de Tucuman"},"image":{"@id":"https:\/\/www.eldiariodetucuman.com\/web\/#\/schema\/logo\/image\/"}},{"@type":"Person","@id":"https:\/\/www.eldiariodetucuman.com\/web\/#\/schema\/person\/7e6644a46e60888f6b868594407e08dd","name":"Redactor Uno","image":{"@type":"ImageObject","inLanguage":"es","@id":"https:\/\/secure.gravatar.com\/avatar\/0049b1bdf1bd548385c9ea6b9356431717930913089febd2ba904f0187d7d074?s=96&d=mm&r=g","url":"https:\/\/secure.gravatar.com\/avatar\/0049b1bdf1bd548385c9ea6b9356431717930913089febd2ba904f0187d7d074?s=96&d=mm&r=g","contentUrl":"https:\/\/secure.gravatar.com\/avatar\/0049b1bdf1bd548385c9ea6b9356431717930913089febd2ba904f0187d7d074?s=96&d=mm&r=g","caption":"Redactor Uno"},"url":"https:\/\/www.eldiariodetucuman.com\/web\/author\/mramasco\/"}]}},"_links":{"self":[{"href":"https:\/\/www.eldiariodetucuman.com\/web\/wp-json\/wp\/v2\/posts\/13913","targetHints":{"allow":["GET"]}}],"collection":[{"href":"https:\/\/www.eldiariodetucuman.com\/web\/wp-json\/wp\/v2\/posts"}],"about":[{"href":"https:\/\/www.eldiariodetucuman.com\/web\/wp-json\/wp\/v2\/types\/post"}],"author":[{"embeddable":true,"href":"https:\/\/www.eldiariodetucuman.com\/web\/wp-json\/wp\/v2\/users\/5"}],"replies":[{"embeddable":true,"href":"https:\/\/www.eldiariodetucuman.com\/web\/wp-json\/wp\/v2\/comments?post=13913"}],"version-history":[{"count":1,"href":"https:\/\/www.eldiariodetucuman.com\/web\/wp-json\/wp\/v2\/posts\/13913\/revisions"}],"predecessor-version":[{"id":13915,"href":"https:\/\/www.eldiariodetucuman.com\/web\/wp-json\/wp\/v2\/posts\/13913\/revisions\/13915"}],"wp:featuredmedia":[{"embeddable":true,"href":"https:\/\/www.eldiariodetucuman.com\/web\/wp-json\/wp\/v2\/media\/13914"}],"wp:attachment":[{"href":"https:\/\/www.eldiariodetucuman.com\/web\/wp-json\/wp\/v2\/media?parent=13913"}],"wp:term":[{"taxonomy":"category","embeddable":true,"href":"https:\/\/www.eldiariodetucuman.com\/web\/wp-json\/wp\/v2\/categories?post=13913"},{"taxonomy":"post_tag","embeddable":true,"href":"https:\/\/www.eldiariodetucuman.com\/web\/wp-json\/wp\/v2\/tags?post=13913"}],"curies":[{"name":"wp","href":"https:\/\/api.w.org\/{rel}","templated":true}]}}