{"id":13910,"date":"2018-07-11T12:59:11","date_gmt":"2018-07-11T15:59:11","guid":{"rendered":"http:\/\/www.eldiariodetucuman.com\/web\/musica-de-camara-con-chelista-invitado-y-con-fines-beneficos\/"},"modified":"2018-07-11T12:59:14","modified_gmt":"2018-07-11T15:59:14","slug":"musica-de-camara-con-chelista-invitado-y-con-fines-beneficos","status":"publish","type":"post","link":"https:\/\/www.eldiariodetucuman.com\/web\/musica-de-camara-con-chelista-invitado-y-con-fines-beneficos\/","title":{"rendered":"M\u00fasica de c\u00e1mara con chelista invitado y con fines ben\u00e9ficos"},"content":{"rendered":"<div>\n<div readability=\"134\">\n<p><b>HOY<\/b><\/p>\n<p><b>\u2022 A las 21.30, en el teatro San Mart\u00edn<\/b> (Av. Sarmiento 601).<\/p>\n<p>\u203a eugene lifschitz<\/p>\n<p>Actu\u00f3 en recitales y como solista con orquestas de todo el mundo desde los 10 a\u00f1os. Desde 2014 es violoncello solista de la Staatsorchester Kassel (Alemania). Obtuvo varios premios y fue violonchelo principal de varias orquestas juveniles, como en la de San Francisco, Juilliard y Mosc\u00fa, entre otras,<\/p>\n<p><b><br \/>\n\u203a Eugene Lifschitz<\/b><br \/>Actu\u00f3 en recitales y como solista con orquestas de todo el mundo desde los 10 a\u00f1os. Desde 2014 es violoncello solista de la Staatsorchester Kassel (Alemania). Obtuvo varios premios y fue violonchelo principal de varias orquestas juveniles, como en la de San Francisco, Juilliard y Mosc\u00fa, entre otras,<\/p>\n<p>La Fundaci\u00f3n Cristian Zarb, que promueve la m\u00fasica de c\u00e1mara y ayuda a la formaci\u00f3n de j\u00f3venes m\u00fasicos, est\u00e1 muy activa. Esta vez une esfuerzos con la Fundaci\u00f3n Reina Madre, que ayuda a personas y a familias humildes, y ofrece lo que mejor sabe hacer: m\u00fasica. <\/p>\n<p>Ambas entidades, con los auspicios del Gobierno de la Provincia y del Ente Cultural, han organizado un concierto esta noche, en el Teatro San Mart\u00edn.  <\/p>\n<p><b>Orquesta de c\u00e1mara<\/b><\/p>\n<p>Participar\u00e1 la Orquesta de C\u00e1mara de la Fundaci\u00f3n, dirigida por <b>Alejandro Jassan<\/b>, con la actuaci\u00f3n como solista en chelo el m\u00fasico ruso-estadounidense <b>Eugene Lifschitz. <\/b><\/p>\n<p>\u201cPara este concierto hemos elegido cuatro obras. La primera es el Andante festivo, de <b>Jean Sibelius<\/b>, una obra ideal para la orquesta de cuerdas integrada por mucha gente joven. Es interesante porque se pueden trabajar muchos aspectos, de la cuerda, de la manera de tocar, de la afinaci\u00f3n; se puede decir que es una obra formativa\u201d, explica el maestro Jassan, que es director de la Orquesta Estable de la Provincia. <\/p>\n<p>El Concierto para dos chelos, cuerdas y continuo en Sol menor RV 531 de <b>Antonio Vivaldi<\/b>, estar\u00e1 a cargo de Lifschitz junto a la chelista tucumana <b>Carla Aguilera<\/b>. <\/p>\n<p>\u201cEs una m\u00fasica muy en\u00e9rgica y potente, con un adagio bastante conocido, y muy bonito\u201d, describe Jassan. La tercera obra del programa ser\u00e1 el bello Intermezzo de Cavalleria rusticana, \u201cen la misma tesitura de la primera obra, como para sacar los colores de la cuerda\u201d, propone el director, y agrega que el final llegar\u00e1 con el  Concierto para chelo en Re mayor op. 101 de <b>Joseph Haydn,<\/b>  en adaptaci\u00f3n para orquesta de cuerdas, con Lifschitz como solista. <\/p>\n<p>Otros m\u00fasicos invitados ser\u00e1n <b>Natalia Vies,<\/b> obo\u00edsta de la Orquesta Estable, y la pianista <b>Hadda Ibarra<\/b>, que tocar\u00e1 el continuo en Vivaldi, y <b>Roberto Buffo<\/b> en cembalo y arpa.  <\/p>\n<p><b>Solista de lujo<\/b><\/p>\n<p>Lifschitz es el chelo solista de la Staatsorchester Kassel, una de las grandes sinf\u00f3nicas de Alemania. Act\u00faa como invitado en Bolivia, Alemania, Italia, M\u00e9xico, Nueva Zelanda, Per\u00fa, Rumania, Rusia, Espa\u00f1a, Ucrania, Austria y los Estados Unidos. Integra grupos de c\u00e1mara y da masterclasses, como las que dio en el teatro San Mart\u00edn en abril, en su primera visita, cuando toc\u00f3 como solista con la Orquesta Estable.<\/p>\n<p>El concierto de Haydn es una de las pocas obras escritas por un compositor cl\u00e1sico para el violonchelo, y seg\u00fan los music\u00f3logos es uno de los cuatro grandes del repertorio de chelo, junto con los de Boccherini, Schumann y Dvorak.<\/p>\n<\/p><\/div>\n<\/div>\n<p>Fuente: http:\/\/www.lagaceta.com.ar\/nota\/777042\/espectaculos\/musica-camara-chelista-invitado-fines-beneficos.html<\/p>\n","protected":false},"excerpt":{"rendered":"<p>HOY \u2022 A las 21.30, en el teatro San Mart\u00edn (Av. Sarmiento 601). \u203a eugene lifschitz Actu\u00f3 en recitales y como solista con orquestas de todo el mundo desde los 10 a\u00f1os. Desde 2014 es violoncello solista de la Staatsorchester Kassel (Alemania). Obtuvo varios premios y fue violonchelo principal de varias orquestas juveniles, como en [&hellip;]<\/p>\n","protected":false},"author":1,"featured_media":13911,"comment_status":"open","ping_status":"closed","sticky":false,"template":"","format":"standard","meta":{"footnotes":""},"categories":[152],"tags":[],"class_list":{"0":"post-13910","1":"post","2":"type-post","3":"status-publish","4":"format-standard","5":"has-post-thumbnail","7":"category-argentina"},"yoast_head":"<!-- This site is optimized with the Yoast SEO plugin v27.4 - https:\/\/yoast.com\/product\/yoast-seo-wordpress\/ -->\n<title>M\u00fasica de c\u00e1mara con chelista invitado y con fines ben\u00e9ficos - El Diario de Tucuman<\/title>\n<meta name=\"robots\" content=\"index, follow, max-snippet:-1, max-image-preview:large, max-video-preview:-1\" \/>\n<link rel=\"canonical\" href=\"https:\/\/www.eldiariodetucuman.com\/web\/musica-de-camara-con-chelista-invitado-y-con-fines-beneficos\/\" \/>\n<meta property=\"og:locale\" content=\"es_ES\" \/>\n<meta property=\"og:type\" content=\"article\" \/>\n<meta property=\"og:title\" content=\"M\u00fasica de c\u00e1mara con chelista invitado y con fines ben\u00e9ficos - El Diario de Tucuman\" \/>\n<meta property=\"og:description\" content=\"HOY \u2022 A las 21.30, en el teatro San Mart\u00edn (Av. Sarmiento 601). \u203a eugene lifschitz Actu\u00f3 en recitales y como solista con orquestas de todo el mundo desde los 10 a\u00f1os. Desde 2014 es violoncello solista de la Staatsorchester Kassel (Alemania). Obtuvo varios premios y fue violonchelo principal de varias orquestas juveniles, como en [&hellip;]\" \/>\n<meta property=\"og:url\" content=\"https:\/\/www.eldiariodetucuman.com\/web\/musica-de-camara-con-chelista-invitado-y-con-fines-beneficos\/\" \/>\n<meta property=\"og:site_name\" content=\"El Diario de Tucuman\" \/>\n<meta property=\"article:published_time\" content=\"2018-07-11T15:59:11+00:00\" \/>\n<meta property=\"article:modified_time\" content=\"2018-07-11T15:59:14+00:00\" \/>\n<meta property=\"og:image\" content=\"https:\/\/www.eldiariodetucuman.com\/web\/wp-content\/uploads\/2018\/07\/1a7cecdc42ca5628649532c541ffb1b3.jpeg\" \/>\n\t<meta property=\"og:image:width\" content=\"970\" \/>\n\t<meta property=\"og:image:height\" content=\"646\" \/>\n\t<meta property=\"og:image:type\" content=\"image\/jpeg\" \/>\n<meta name=\"author\" content=\"admin\" \/>\n<meta name=\"twitter:card\" content=\"summary_large_image\" \/>\n<meta name=\"twitter:label1\" content=\"Escrito por\" \/>\n\t<meta name=\"twitter:data1\" content=\"admin\" \/>\n\t<meta name=\"twitter:label2\" content=\"Tiempo de lectura\" \/>\n\t<meta name=\"twitter:data2\" content=\"3 minutos\" \/>\n<script type=\"application\/ld+json\" class=\"yoast-schema-graph\">{\"@context\":\"https:\\\/\\\/schema.org\",\"@graph\":[{\"@type\":\"Article\",\"@id\":\"https:\\\/\\\/www.eldiariodetucuman.com\\\/web\\\/musica-de-camara-con-chelista-invitado-y-con-fines-beneficos\\\/#article\",\"isPartOf\":{\"@id\":\"https:\\\/\\\/www.eldiariodetucuman.com\\\/web\\\/musica-de-camara-con-chelista-invitado-y-con-fines-beneficos\\\/\"},\"author\":{\"name\":\"admin\",\"@id\":\"https:\\\/\\\/www.eldiariodetucuman.com\\\/web\\\/#\\\/schema\\\/person\\\/9250197d75ab5483412e19678b121caa\"},\"headline\":\"M\u00fasica de c\u00e1mara con chelista invitado y con fines ben\u00e9ficos\",\"datePublished\":\"2018-07-11T15:59:11+00:00\",\"dateModified\":\"2018-07-11T15:59:14+00:00\",\"mainEntityOfPage\":{\"@id\":\"https:\\\/\\\/www.eldiariodetucuman.com\\\/web\\\/musica-de-camara-con-chelista-invitado-y-con-fines-beneficos\\\/\"},\"wordCount\":571,\"commentCount\":0,\"publisher\":{\"@id\":\"https:\\\/\\\/www.eldiariodetucuman.com\\\/web\\\/#organization\"},\"image\":{\"@id\":\"https:\\\/\\\/www.eldiariodetucuman.com\\\/web\\\/musica-de-camara-con-chelista-invitado-y-con-fines-beneficos\\\/#primaryimage\"},\"thumbnailUrl\":\"https:\\\/\\\/www.eldiariodetucuman.com\\\/web\\\/wp-content\\\/uploads\\\/2018\\\/07\\\/1a7cecdc42ca5628649532c541ffb1b3.jpeg\",\"articleSection\":[\"Argentina\"],\"inLanguage\":\"es\",\"potentialAction\":[{\"@type\":\"CommentAction\",\"name\":\"Comment\",\"target\":[\"https:\\\/\\\/www.eldiariodetucuman.com\\\/web\\\/musica-de-camara-con-chelista-invitado-y-con-fines-beneficos\\\/#respond\"]}]},{\"@type\":\"WebPage\",\"@id\":\"https:\\\/\\\/www.eldiariodetucuman.com\\\/web\\\/musica-de-camara-con-chelista-invitado-y-con-fines-beneficos\\\/\",\"url\":\"https:\\\/\\\/www.eldiariodetucuman.com\\\/web\\\/musica-de-camara-con-chelista-invitado-y-con-fines-beneficos\\\/\",\"name\":\"M\u00fasica de c\u00e1mara con chelista invitado y con fines ben\u00e9ficos - El Diario de Tucuman\",\"isPartOf\":{\"@id\":\"https:\\\/\\\/www.eldiariodetucuman.com\\\/web\\\/#website\"},\"primaryImageOfPage\":{\"@id\":\"https:\\\/\\\/www.eldiariodetucuman.com\\\/web\\\/musica-de-camara-con-chelista-invitado-y-con-fines-beneficos\\\/#primaryimage\"},\"image\":{\"@id\":\"https:\\\/\\\/www.eldiariodetucuman.com\\\/web\\\/musica-de-camara-con-chelista-invitado-y-con-fines-beneficos\\\/#primaryimage\"},\"thumbnailUrl\":\"https:\\\/\\\/www.eldiariodetucuman.com\\\/web\\\/wp-content\\\/uploads\\\/2018\\\/07\\\/1a7cecdc42ca5628649532c541ffb1b3.jpeg\",\"datePublished\":\"2018-07-11T15:59:11+00:00\",\"dateModified\":\"2018-07-11T15:59:14+00:00\",\"breadcrumb\":{\"@id\":\"https:\\\/\\\/www.eldiariodetucuman.com\\\/web\\\/musica-de-camara-con-chelista-invitado-y-con-fines-beneficos\\\/#breadcrumb\"},\"inLanguage\":\"es\",\"potentialAction\":[{\"@type\":\"ReadAction\",\"target\":[\"https:\\\/\\\/www.eldiariodetucuman.com\\\/web\\\/musica-de-camara-con-chelista-invitado-y-con-fines-beneficos\\\/\"]}]},{\"@type\":\"ImageObject\",\"inLanguage\":\"es\",\"@id\":\"https:\\\/\\\/www.eldiariodetucuman.com\\\/web\\\/musica-de-camara-con-chelista-invitado-y-con-fines-beneficos\\\/#primaryimage\",\"url\":\"https:\\\/\\\/www.eldiariodetucuman.com\\\/web\\\/wp-content\\\/uploads\\\/2018\\\/07\\\/1a7cecdc42ca5628649532c541ffb1b3.jpeg\",\"contentUrl\":\"https:\\\/\\\/www.eldiariodetucuman.com\\\/web\\\/wp-content\\\/uploads\\\/2018\\\/07\\\/1a7cecdc42ca5628649532c541ffb1b3.jpeg\",\"width\":970,\"height\":646},{\"@type\":\"BreadcrumbList\",\"@id\":\"https:\\\/\\\/www.eldiariodetucuman.com\\\/web\\\/musica-de-camara-con-chelista-invitado-y-con-fines-beneficos\\\/#breadcrumb\",\"itemListElement\":[{\"@type\":\"ListItem\",\"position\":1,\"name\":\"Portada\",\"item\":\"https:\\\/\\\/www.eldiariodetucuman.com\\\/web\\\/\"},{\"@type\":\"ListItem\",\"position\":2,\"name\":\"M\u00fasica de c\u00e1mara con chelista invitado y con fines ben\u00e9ficos\"}]},{\"@type\":\"WebSite\",\"@id\":\"https:\\\/\\\/www.eldiariodetucuman.com\\\/web\\\/#website\",\"url\":\"https:\\\/\\\/www.eldiariodetucuman.com\\\/web\\\/\",\"name\":\"El Diario de Tucuman\",\"description\":\"Diario Tucuman - Informaci\u00f3n y noticias\",\"publisher\":{\"@id\":\"https:\\\/\\\/www.eldiariodetucuman.com\\\/web\\\/#organization\"},\"potentialAction\":[{\"@type\":\"SearchAction\",\"target\":{\"@type\":\"EntryPoint\",\"urlTemplate\":\"https:\\\/\\\/www.eldiariodetucuman.com\\\/web\\\/?s={search_term_string}\"},\"query-input\":{\"@type\":\"PropertyValueSpecification\",\"valueRequired\":true,\"valueName\":\"search_term_string\"}}],\"inLanguage\":\"es\"},{\"@type\":\"Organization\",\"@id\":\"https:\\\/\\\/www.eldiariodetucuman.com\\\/web\\\/#organization\",\"name\":\"El Diario de Tucuman\",\"url\":\"https:\\\/\\\/www.eldiariodetucuman.com\\\/web\\\/\",\"logo\":{\"@type\":\"ImageObject\",\"inLanguage\":\"es\",\"@id\":\"https:\\\/\\\/www.eldiariodetucuman.com\\\/web\\\/#\\\/schema\\\/logo\\\/image\\\/\",\"url\":\"http:\\\/\\\/www.eldiariodetucuman.com\\\/web\\\/wp-content\\\/uploads\\\/2017\\\/12\\\/el-diario-de-tucuman.jpg\",\"contentUrl\":\"http:\\\/\\\/www.eldiariodetucuman.com\\\/web\\\/wp-content\\\/uploads\\\/2017\\\/12\\\/el-diario-de-tucuman.jpg\",\"width\":272,\"height\":92,\"caption\":\"El Diario de Tucuman\"},\"image\":{\"@id\":\"https:\\\/\\\/www.eldiariodetucuman.com\\\/web\\\/#\\\/schema\\\/logo\\\/image\\\/\"}},{\"@type\":\"Person\",\"@id\":\"https:\\\/\\\/www.eldiariodetucuman.com\\\/web\\\/#\\\/schema\\\/person\\\/9250197d75ab5483412e19678b121caa\",\"name\":\"admin\",\"image\":{\"@type\":\"ImageObject\",\"inLanguage\":\"es\",\"@id\":\"https:\\\/\\\/secure.gravatar.com\\\/avatar\\\/c44d117c2be811212c22cb481f6b8384b6873de103fbc49e7a03cc58d7dea4ac?s=96&d=mm&r=g\",\"url\":\"https:\\\/\\\/secure.gravatar.com\\\/avatar\\\/c44d117c2be811212c22cb481f6b8384b6873de103fbc49e7a03cc58d7dea4ac?s=96&d=mm&r=g\",\"contentUrl\":\"https:\\\/\\\/secure.gravatar.com\\\/avatar\\\/c44d117c2be811212c22cb481f6b8384b6873de103fbc49e7a03cc58d7dea4ac?s=96&d=mm&r=g\",\"caption\":\"admin\"},\"url\":\"https:\\\/\\\/www.eldiariodetucuman.com\\\/web\\\/author\\\/admin\\\/\"}]}<\/script>\n<!-- \/ Yoast SEO plugin. -->","yoast_head_json":{"title":"M\u00fasica de c\u00e1mara con chelista invitado y con fines ben\u00e9ficos - El Diario de Tucuman","robots":{"index":"index","follow":"follow","max-snippet":"max-snippet:-1","max-image-preview":"max-image-preview:large","max-video-preview":"max-video-preview:-1"},"canonical":"https:\/\/www.eldiariodetucuman.com\/web\/musica-de-camara-con-chelista-invitado-y-con-fines-beneficos\/","og_locale":"es_ES","og_type":"article","og_title":"M\u00fasica de c\u00e1mara con chelista invitado y con fines ben\u00e9ficos - El Diario de Tucuman","og_description":"HOY \u2022 A las 21.30, en el teatro San Mart\u00edn (Av. Sarmiento 601). \u203a eugene lifschitz Actu\u00f3 en recitales y como solista con orquestas de todo el mundo desde los 10 a\u00f1os. Desde 2014 es violoncello solista de la Staatsorchester Kassel (Alemania). Obtuvo varios premios y fue violonchelo principal de varias orquestas juveniles, como en [&hellip;]","og_url":"https:\/\/www.eldiariodetucuman.com\/web\/musica-de-camara-con-chelista-invitado-y-con-fines-beneficos\/","og_site_name":"El Diario de Tucuman","article_published_time":"2018-07-11T15:59:11+00:00","article_modified_time":"2018-07-11T15:59:14+00:00","og_image":[{"width":970,"height":646,"url":"https:\/\/www.eldiariodetucuman.com\/web\/wp-content\/uploads\/2018\/07\/1a7cecdc42ca5628649532c541ffb1b3.jpeg","type":"image\/jpeg"}],"author":"admin","twitter_card":"summary_large_image","twitter_misc":{"Escrito por":"admin","Tiempo de lectura":"3 minutos"},"schema":{"@context":"https:\/\/schema.org","@graph":[{"@type":"Article","@id":"https:\/\/www.eldiariodetucuman.com\/web\/musica-de-camara-con-chelista-invitado-y-con-fines-beneficos\/#article","isPartOf":{"@id":"https:\/\/www.eldiariodetucuman.com\/web\/musica-de-camara-con-chelista-invitado-y-con-fines-beneficos\/"},"author":{"name":"admin","@id":"https:\/\/www.eldiariodetucuman.com\/web\/#\/schema\/person\/9250197d75ab5483412e19678b121caa"},"headline":"M\u00fasica de c\u00e1mara con chelista invitado y con fines ben\u00e9ficos","datePublished":"2018-07-11T15:59:11+00:00","dateModified":"2018-07-11T15:59:14+00:00","mainEntityOfPage":{"@id":"https:\/\/www.eldiariodetucuman.com\/web\/musica-de-camara-con-chelista-invitado-y-con-fines-beneficos\/"},"wordCount":571,"commentCount":0,"publisher":{"@id":"https:\/\/www.eldiariodetucuman.com\/web\/#organization"},"image":{"@id":"https:\/\/www.eldiariodetucuman.com\/web\/musica-de-camara-con-chelista-invitado-y-con-fines-beneficos\/#primaryimage"},"thumbnailUrl":"https:\/\/www.eldiariodetucuman.com\/web\/wp-content\/uploads\/2018\/07\/1a7cecdc42ca5628649532c541ffb1b3.jpeg","articleSection":["Argentina"],"inLanguage":"es","potentialAction":[{"@type":"CommentAction","name":"Comment","target":["https:\/\/www.eldiariodetucuman.com\/web\/musica-de-camara-con-chelista-invitado-y-con-fines-beneficos\/#respond"]}]},{"@type":"WebPage","@id":"https:\/\/www.eldiariodetucuman.com\/web\/musica-de-camara-con-chelista-invitado-y-con-fines-beneficos\/","url":"https:\/\/www.eldiariodetucuman.com\/web\/musica-de-camara-con-chelista-invitado-y-con-fines-beneficos\/","name":"M\u00fasica de c\u00e1mara con chelista invitado y con fines ben\u00e9ficos - El Diario de Tucuman","isPartOf":{"@id":"https:\/\/www.eldiariodetucuman.com\/web\/#website"},"primaryImageOfPage":{"@id":"https:\/\/www.eldiariodetucuman.com\/web\/musica-de-camara-con-chelista-invitado-y-con-fines-beneficos\/#primaryimage"},"image":{"@id":"https:\/\/www.eldiariodetucuman.com\/web\/musica-de-camara-con-chelista-invitado-y-con-fines-beneficos\/#primaryimage"},"thumbnailUrl":"https:\/\/www.eldiariodetucuman.com\/web\/wp-content\/uploads\/2018\/07\/1a7cecdc42ca5628649532c541ffb1b3.jpeg","datePublished":"2018-07-11T15:59:11+00:00","dateModified":"2018-07-11T15:59:14+00:00","breadcrumb":{"@id":"https:\/\/www.eldiariodetucuman.com\/web\/musica-de-camara-con-chelista-invitado-y-con-fines-beneficos\/#breadcrumb"},"inLanguage":"es","potentialAction":[{"@type":"ReadAction","target":["https:\/\/www.eldiariodetucuman.com\/web\/musica-de-camara-con-chelista-invitado-y-con-fines-beneficos\/"]}]},{"@type":"ImageObject","inLanguage":"es","@id":"https:\/\/www.eldiariodetucuman.com\/web\/musica-de-camara-con-chelista-invitado-y-con-fines-beneficos\/#primaryimage","url":"https:\/\/www.eldiariodetucuman.com\/web\/wp-content\/uploads\/2018\/07\/1a7cecdc42ca5628649532c541ffb1b3.jpeg","contentUrl":"https:\/\/www.eldiariodetucuman.com\/web\/wp-content\/uploads\/2018\/07\/1a7cecdc42ca5628649532c541ffb1b3.jpeg","width":970,"height":646},{"@type":"BreadcrumbList","@id":"https:\/\/www.eldiariodetucuman.com\/web\/musica-de-camara-con-chelista-invitado-y-con-fines-beneficos\/#breadcrumb","itemListElement":[{"@type":"ListItem","position":1,"name":"Portada","item":"https:\/\/www.eldiariodetucuman.com\/web\/"},{"@type":"ListItem","position":2,"name":"M\u00fasica de c\u00e1mara con chelista invitado y con fines ben\u00e9ficos"}]},{"@type":"WebSite","@id":"https:\/\/www.eldiariodetucuman.com\/web\/#website","url":"https:\/\/www.eldiariodetucuman.com\/web\/","name":"El Diario de Tucuman","description":"Diario Tucuman - Informaci\u00f3n y noticias","publisher":{"@id":"https:\/\/www.eldiariodetucuman.com\/web\/#organization"},"potentialAction":[{"@type":"SearchAction","target":{"@type":"EntryPoint","urlTemplate":"https:\/\/www.eldiariodetucuman.com\/web\/?s={search_term_string}"},"query-input":{"@type":"PropertyValueSpecification","valueRequired":true,"valueName":"search_term_string"}}],"inLanguage":"es"},{"@type":"Organization","@id":"https:\/\/www.eldiariodetucuman.com\/web\/#organization","name":"El Diario de Tucuman","url":"https:\/\/www.eldiariodetucuman.com\/web\/","logo":{"@type":"ImageObject","inLanguage":"es","@id":"https:\/\/www.eldiariodetucuman.com\/web\/#\/schema\/logo\/image\/","url":"http:\/\/www.eldiariodetucuman.com\/web\/wp-content\/uploads\/2017\/12\/el-diario-de-tucuman.jpg","contentUrl":"http:\/\/www.eldiariodetucuman.com\/web\/wp-content\/uploads\/2017\/12\/el-diario-de-tucuman.jpg","width":272,"height":92,"caption":"El Diario de Tucuman"},"image":{"@id":"https:\/\/www.eldiariodetucuman.com\/web\/#\/schema\/logo\/image\/"}},{"@type":"Person","@id":"https:\/\/www.eldiariodetucuman.com\/web\/#\/schema\/person\/9250197d75ab5483412e19678b121caa","name":"admin","image":{"@type":"ImageObject","inLanguage":"es","@id":"https:\/\/secure.gravatar.com\/avatar\/c44d117c2be811212c22cb481f6b8384b6873de103fbc49e7a03cc58d7dea4ac?s=96&d=mm&r=g","url":"https:\/\/secure.gravatar.com\/avatar\/c44d117c2be811212c22cb481f6b8384b6873de103fbc49e7a03cc58d7dea4ac?s=96&d=mm&r=g","contentUrl":"https:\/\/secure.gravatar.com\/avatar\/c44d117c2be811212c22cb481f6b8384b6873de103fbc49e7a03cc58d7dea4ac?s=96&d=mm&r=g","caption":"admin"},"url":"https:\/\/www.eldiariodetucuman.com\/web\/author\/admin\/"}]}},"_links":{"self":[{"href":"https:\/\/www.eldiariodetucuman.com\/web\/wp-json\/wp\/v2\/posts\/13910","targetHints":{"allow":["GET"]}}],"collection":[{"href":"https:\/\/www.eldiariodetucuman.com\/web\/wp-json\/wp\/v2\/posts"}],"about":[{"href":"https:\/\/www.eldiariodetucuman.com\/web\/wp-json\/wp\/v2\/types\/post"}],"author":[{"embeddable":true,"href":"https:\/\/www.eldiariodetucuman.com\/web\/wp-json\/wp\/v2\/users\/1"}],"replies":[{"embeddable":true,"href":"https:\/\/www.eldiariodetucuman.com\/web\/wp-json\/wp\/v2\/comments?post=13910"}],"version-history":[{"count":1,"href":"https:\/\/www.eldiariodetucuman.com\/web\/wp-json\/wp\/v2\/posts\/13910\/revisions"}],"predecessor-version":[{"id":13912,"href":"https:\/\/www.eldiariodetucuman.com\/web\/wp-json\/wp\/v2\/posts\/13910\/revisions\/13912"}],"wp:featuredmedia":[{"embeddable":true,"href":"https:\/\/www.eldiariodetucuman.com\/web\/wp-json\/wp\/v2\/media\/13911"}],"wp:attachment":[{"href":"https:\/\/www.eldiariodetucuman.com\/web\/wp-json\/wp\/v2\/media?parent=13910"}],"wp:term":[{"taxonomy":"category","embeddable":true,"href":"https:\/\/www.eldiariodetucuman.com\/web\/wp-json\/wp\/v2\/categories?post=13910"},{"taxonomy":"post_tag","embeddable":true,"href":"https:\/\/www.eldiariodetucuman.com\/web\/wp-json\/wp\/v2\/tags?post=13910"}],"curies":[{"name":"wp","href":"https:\/\/api.w.org\/{rel}","templated":true}]}}