{"id":12443,"date":"2018-06-15T12:36:49","date_gmt":"2018-06-15T15:36:49","guid":{"rendered":"http:\/\/www.eldiariodetucuman.com\/web\/la-jefatura-de-gabinete-se-queda-con-el-sistema-nacional-de-inversiones-publicas\/"},"modified":"2018-06-15T12:36:51","modified_gmt":"2018-06-15T15:36:51","slug":"la-jefatura-de-gabinete-se-queda-con-el-sistema-nacional-de-inversiones-publicas","status":"publish","type":"post","link":"https:\/\/www.eldiariodetucuman.com\/web\/la-jefatura-de-gabinete-se-queda-con-el-sistema-nacional-de-inversiones-publicas\/","title":{"rendered":"La Jefatura de Gabinete se queda con el Sistema Nacional de Inversiones P\u00fablicas"},"content":{"rendered":"<div>\n<div readability=\"88.336903376019\">\n<p>La Autoridad de Aplicaci\u00f3n del <strong>Sistema Nacional de Inversiones P\u00fablicas<\/strong>\u00a0(SNIP) ser\u00e1 la Subsecretar\u00eda de Evaluaci\u00f3n Presupuestaria e Inversi\u00f3n P\u00fablica de la <a href=\"https:\/\/www.elintransigente.com\/noticias\/buscar\/?buscar=jefatura+de+gabinete\"><strong>Jefatura de Gabinete<\/strong><\/a> de Ministros, a cargo de <a href=\"https:\/\/www.elintransigente.com\/noticias\/buscar\/?buscar=marcos+pe%C3%B1a\">Marcos Pe\u00f1a<\/a>.<\/p>\n<p>Cuando se trate de proyectos de inversi\u00f3n p\u00fablica ejecutados a trav\u00e9s de contratos de participaci\u00f3n p\u00fablico-privada en los t\u00e9rminos de la Ley N\u00b0 27.328, las competencias y funciones que la Ley N\u00b0 24.354 atribuye a la Autoridad de Aplicaci\u00f3n del SNIP\u00a0ser\u00e1n ejercidas por la Subsecretar\u00eda de Participaci\u00f3n P\u00fablico Privada del Ministerio de Finanzas.<\/p>\n<aside class=\"htmlinline \"><ins class=\"adsbygoogle\" data-ad-layout=\"in-article\" data-ad-format=\"fluid\" data-ad-client=\"ca-pub-7781556717282971\" data-ad-slot=\"9383133609\"><\/ins><br \/>\n<\/aside>\n<p>El a\u00f1o pasado se readecu\u00f3 la estructura gubernamental en funci\u00f3n de atender los objetivos prioritarios definidos para cada \u00e1rea de gesti\u00f3n, reorganizando funciones con el prop\u00f3sito de tornar m\u00e1s eficiente la gesti\u00f3n p\u00fablica y, como consecuencia de ello, incentivar la inversi\u00f3n, la productividad, el empleo y la inclusi\u00f3n social.<\/p>\n<p>Que por el Decreto N\u00b0 434\/16 se aprob\u00f3 el Plan de Modernizaci\u00f3n del Estado como el instrumento mediante el cual se definen los ejes centrales, las prioridades y los fundamentos para promover las acciones necesarias orientadas a convertir al Estado en el principal garante de la transparencia y del bien com\u00fan, teniendo dicho Plan de Modernizaci\u00f3n, entre sus objetivos, el de constituir una Administraci\u00f3n P\u00fablica al servicio del ciudadano en un marco de eficiencia, eficacia y calidad en la prestaci\u00f3n de servicios, a partir del dise\u00f1o de organizaciones flexibles orientadas a la gesti\u00f3n por resultados.<\/p>\n<p>En este sentido, deviene necesario iniciar un proceso de eliminaci\u00f3n y simplificaci\u00f3n de normas en diversos reg\u00edmenes para brindar una respuesta r\u00e1pida y transparente a los requerimientos para el ejercicio del comercio y el desarrollo de la industria, que se refleje en t\u00e9rminos de menores costos y plazos y, en consecuencia, en una mejora en la productividad de las empresas y de la econom\u00eda.<\/p>\n<p>En ese marco, es menester implementar pol\u00edticas de gobierno y regulaciones de cumplimiento simple que alivianen la carga burocr\u00e1tica para la realizaci\u00f3n de las respectivas actividades en el \u00e1mbito de la Administraci\u00f3n P\u00fablica, evitando que la normativa se transforme en un obst\u00e1culo para el logro de los objetivos perseguidos por la propia regulaci\u00f3n.<\/p>\n<p>De acuerdo con los lineamientos de la Organizaci\u00f3n para la Cooperaci\u00f3n y el Desarrollo Econ\u00f3mico (OCDE), una adecuada pol\u00edtica regulatoria exige que se implementen pr\u00e1cticas de buena gobernanza entre organismos y departamentos de gobierno, tendientes a la simplificaci\u00f3n de tr\u00e1mites y formalidades y a la eliminaci\u00f3n de normas que entorpezcan y demoren el accionar del Estado y del sector privado que afecten su productividad o que puedan dar lugar a pr\u00e1cticas no transparentes.<\/p>\n<p>Que, en tal sentido, cabe mencionar que por el dictado del Decreto N\u00b0 891\/17, se propuso el establecimiento de normas y procedimientos claros, sencillos y directos, simplificando los requisitos que deben cumplirse para el cabal desarrollo de las distintas actividades.<\/p>\n<p>Que el art\u00edculo 5\u00ba inciso b) de la Ley N\u00ba 24.354 dispone que ser\u00e1 funci\u00f3n del \u00f3rgano responsable del Sistema Nacional de Inversiones P\u00fablicas (SNIP), controlar la formulaci\u00f3n y evaluaci\u00f3n de los proyectos de inversi\u00f3n realizadas en las jurisdicciones, en cuanto al cumplimiento de las metodolog\u00edas, pautas y procedimientos establecidos.<\/p>\n<p>El objetivo del Gobierno Nacional es\u00a0readecuar la estructura gubernamental, reorganizando funciones con el prop\u00f3sito de tornar m\u00e1s eficiente la gesti\u00f3n p\u00fablica y eliminar y simplificar normas y tr\u00e1mites como forma de reducir costos y plazos, alivianando la carga burocr\u00e1tica para que esto redunde en una mejora en la productividad de las empresas y de la econom\u00eda. Por eso resulta conveniente disponer que, en lo que hace a los proyectos de inversi\u00f3n p\u00fablica que se ejecuten a trav\u00e9s de contratos de participaci\u00f3n p\u00fablico-privada, el control de la formulaci\u00f3n y evaluaci\u00f3n de los proyectos ser\u00e1 llevado a cabo por la Subsecretar\u00eda de Participaci\u00f3n P\u00fablico Privada del Ministerio de Finanzas,\u00a0quien tambi\u00e9n tendr\u00e1 a su cargo, en lo que respecta a estos proyectos, las competencias y funciones que la Ley N\u00b0\u00a024.354 atribuye a la Autoridad de Aplicaci\u00f3n del SNIP.<\/p>\n<p>\u00a0<\/p>\n<\/div>\n<\/div>\n<p>Fuente: https:\/\/www.elintransigente.com\/politica\/2018\/6\/15\/la-jefatura-de-gabinete-se-queda-con-el-sistema-nacional-de-inversiones-publicas-495983.html<\/p>\n","protected":false},"excerpt":{"rendered":"<p>La Autoridad de Aplicaci\u00f3n del Sistema Nacional de Inversiones P\u00fablicas\u00a0(SNIP) ser\u00e1 la Subsecretar\u00eda de Evaluaci\u00f3n Presupuestaria e Inversi\u00f3n P\u00fablica de la Jefatura de Gabinete de Ministros, a cargo de Marcos Pe\u00f1a. Cuando se trate de proyectos de inversi\u00f3n p\u00fablica ejecutados a trav\u00e9s de contratos de participaci\u00f3n p\u00fablico-privada en los t\u00e9rminos de la Ley N\u00b0 27.328, [&hellip;]<\/p>\n","protected":false},"author":1,"featured_media":12444,"comment_status":"open","ping_status":"closed","sticky":false,"template":"","format":"standard","meta":{"footnotes":""},"categories":[1],"tags":[],"class_list":{"0":"post-12443","1":"post","2":"type-post","3":"status-publish","4":"format-standard","5":"has-post-thumbnail","7":"category-portada"},"yoast_head":"<!-- This site is optimized with the Yoast SEO plugin v27.4 - https:\/\/yoast.com\/product\/yoast-seo-wordpress\/ -->\n<title>La Jefatura de Gabinete se queda con el Sistema Nacional de Inversiones P\u00fablicas - El Diario de Tucuman<\/title>\n<meta name=\"robots\" content=\"index, follow, max-snippet:-1, max-image-preview:large, max-video-preview:-1\" \/>\n<link rel=\"canonical\" href=\"https:\/\/www.eldiariodetucuman.com\/web\/la-jefatura-de-gabinete-se-queda-con-el-sistema-nacional-de-inversiones-publicas\/\" \/>\n<meta property=\"og:locale\" content=\"es_ES\" \/>\n<meta property=\"og:type\" content=\"article\" \/>\n<meta property=\"og:title\" content=\"La Jefatura de Gabinete se queda con el Sistema Nacional de Inversiones P\u00fablicas - El Diario de Tucuman\" \/>\n<meta property=\"og:description\" content=\"La Autoridad de Aplicaci\u00f3n del Sistema Nacional de Inversiones P\u00fablicas\u00a0(SNIP) ser\u00e1 la Subsecretar\u00eda de Evaluaci\u00f3n Presupuestaria e Inversi\u00f3n P\u00fablica de la Jefatura de Gabinete de Ministros, a cargo de Marcos Pe\u00f1a. Cuando se trate de proyectos de inversi\u00f3n p\u00fablica ejecutados a trav\u00e9s de contratos de participaci\u00f3n p\u00fablico-privada en los t\u00e9rminos de la Ley N\u00b0 27.328, [&hellip;]\" \/>\n<meta property=\"og:url\" content=\"https:\/\/www.eldiariodetucuman.com\/web\/la-jefatura-de-gabinete-se-queda-con-el-sistema-nacional-de-inversiones-publicas\/\" \/>\n<meta property=\"og:site_name\" content=\"El Diario de Tucuman\" \/>\n<meta property=\"article:published_time\" content=\"2018-06-15T15:36:49+00:00\" \/>\n<meta property=\"article:modified_time\" content=\"2018-06-15T15:36:51+00:00\" \/>\n<meta property=\"og:image\" content=\"https:\/\/www.eldiariodetucuman.com\/web\/wp-content\/uploads\/2018\/06\/4cd79dd28ab3702e2f0bf8aa922b23e3.jpeg\" \/>\n\t<meta property=\"og:image:width\" content=\"960\" \/>\n\t<meta property=\"og:image:height\" content=\"508\" \/>\n\t<meta property=\"og:image:type\" content=\"image\/jpeg\" \/>\n<meta name=\"author\" content=\"admin\" \/>\n<meta name=\"twitter:card\" content=\"summary_large_image\" \/>\n<meta name=\"twitter:label1\" content=\"Escrito por\" \/>\n\t<meta name=\"twitter:data1\" content=\"admin\" \/>\n\t<meta name=\"twitter:label2\" content=\"Tiempo de lectura\" \/>\n\t<meta name=\"twitter:data2\" content=\"4 minutos\" \/>\n<script type=\"application\/ld+json\" class=\"yoast-schema-graph\">{\"@context\":\"https:\\\/\\\/schema.org\",\"@graph\":[{\"@type\":\"Article\",\"@id\":\"https:\\\/\\\/www.eldiariodetucuman.com\\\/web\\\/la-jefatura-de-gabinete-se-queda-con-el-sistema-nacional-de-inversiones-publicas\\\/#article\",\"isPartOf\":{\"@id\":\"https:\\\/\\\/www.eldiariodetucuman.com\\\/web\\\/la-jefatura-de-gabinete-se-queda-con-el-sistema-nacional-de-inversiones-publicas\\\/\"},\"author\":{\"name\":\"admin\",\"@id\":\"https:\\\/\\\/www.eldiariodetucuman.com\\\/web\\\/#\\\/schema\\\/person\\\/9250197d75ab5483412e19678b121caa\"},\"headline\":\"La Jefatura de Gabinete se queda con el Sistema Nacional de Inversiones P\u00fablicas\",\"datePublished\":\"2018-06-15T15:36:49+00:00\",\"dateModified\":\"2018-06-15T15:36:51+00:00\",\"mainEntityOfPage\":{\"@id\":\"https:\\\/\\\/www.eldiariodetucuman.com\\\/web\\\/la-jefatura-de-gabinete-se-queda-con-el-sistema-nacional-de-inversiones-publicas\\\/\"},\"wordCount\":746,\"commentCount\":0,\"publisher\":{\"@id\":\"https:\\\/\\\/www.eldiariodetucuman.com\\\/web\\\/#organization\"},\"image\":{\"@id\":\"https:\\\/\\\/www.eldiariodetucuman.com\\\/web\\\/la-jefatura-de-gabinete-se-queda-con-el-sistema-nacional-de-inversiones-publicas\\\/#primaryimage\"},\"thumbnailUrl\":\"https:\\\/\\\/www.eldiariodetucuman.com\\\/web\\\/wp-content\\\/uploads\\\/2018\\\/06\\\/4cd79dd28ab3702e2f0bf8aa922b23e3.jpeg\",\"articleSection\":[\"Portada\"],\"inLanguage\":\"es\",\"potentialAction\":[{\"@type\":\"CommentAction\",\"name\":\"Comment\",\"target\":[\"https:\\\/\\\/www.eldiariodetucuman.com\\\/web\\\/la-jefatura-de-gabinete-se-queda-con-el-sistema-nacional-de-inversiones-publicas\\\/#respond\"]}]},{\"@type\":\"WebPage\",\"@id\":\"https:\\\/\\\/www.eldiariodetucuman.com\\\/web\\\/la-jefatura-de-gabinete-se-queda-con-el-sistema-nacional-de-inversiones-publicas\\\/\",\"url\":\"https:\\\/\\\/www.eldiariodetucuman.com\\\/web\\\/la-jefatura-de-gabinete-se-queda-con-el-sistema-nacional-de-inversiones-publicas\\\/\",\"name\":\"La Jefatura de Gabinete se queda con el Sistema Nacional de Inversiones P\u00fablicas - El Diario de Tucuman\",\"isPartOf\":{\"@id\":\"https:\\\/\\\/www.eldiariodetucuman.com\\\/web\\\/#website\"},\"primaryImageOfPage\":{\"@id\":\"https:\\\/\\\/www.eldiariodetucuman.com\\\/web\\\/la-jefatura-de-gabinete-se-queda-con-el-sistema-nacional-de-inversiones-publicas\\\/#primaryimage\"},\"image\":{\"@id\":\"https:\\\/\\\/www.eldiariodetucuman.com\\\/web\\\/la-jefatura-de-gabinete-se-queda-con-el-sistema-nacional-de-inversiones-publicas\\\/#primaryimage\"},\"thumbnailUrl\":\"https:\\\/\\\/www.eldiariodetucuman.com\\\/web\\\/wp-content\\\/uploads\\\/2018\\\/06\\\/4cd79dd28ab3702e2f0bf8aa922b23e3.jpeg\",\"datePublished\":\"2018-06-15T15:36:49+00:00\",\"dateModified\":\"2018-06-15T15:36:51+00:00\",\"breadcrumb\":{\"@id\":\"https:\\\/\\\/www.eldiariodetucuman.com\\\/web\\\/la-jefatura-de-gabinete-se-queda-con-el-sistema-nacional-de-inversiones-publicas\\\/#breadcrumb\"},\"inLanguage\":\"es\",\"potentialAction\":[{\"@type\":\"ReadAction\",\"target\":[\"https:\\\/\\\/www.eldiariodetucuman.com\\\/web\\\/la-jefatura-de-gabinete-se-queda-con-el-sistema-nacional-de-inversiones-publicas\\\/\"]}]},{\"@type\":\"ImageObject\",\"inLanguage\":\"es\",\"@id\":\"https:\\\/\\\/www.eldiariodetucuman.com\\\/web\\\/la-jefatura-de-gabinete-se-queda-con-el-sistema-nacional-de-inversiones-publicas\\\/#primaryimage\",\"url\":\"https:\\\/\\\/www.eldiariodetucuman.com\\\/web\\\/wp-content\\\/uploads\\\/2018\\\/06\\\/4cd79dd28ab3702e2f0bf8aa922b23e3.jpeg\",\"contentUrl\":\"https:\\\/\\\/www.eldiariodetucuman.com\\\/web\\\/wp-content\\\/uploads\\\/2018\\\/06\\\/4cd79dd28ab3702e2f0bf8aa922b23e3.jpeg\",\"width\":960,\"height\":508},{\"@type\":\"BreadcrumbList\",\"@id\":\"https:\\\/\\\/www.eldiariodetucuman.com\\\/web\\\/la-jefatura-de-gabinete-se-queda-con-el-sistema-nacional-de-inversiones-publicas\\\/#breadcrumb\",\"itemListElement\":[{\"@type\":\"ListItem\",\"position\":1,\"name\":\"Portada\",\"item\":\"https:\\\/\\\/www.eldiariodetucuman.com\\\/web\\\/\"},{\"@type\":\"ListItem\",\"position\":2,\"name\":\"La Jefatura de Gabinete se queda con el Sistema Nacional de Inversiones P\u00fablicas\"}]},{\"@type\":\"WebSite\",\"@id\":\"https:\\\/\\\/www.eldiariodetucuman.com\\\/web\\\/#website\",\"url\":\"https:\\\/\\\/www.eldiariodetucuman.com\\\/web\\\/\",\"name\":\"El Diario de Tucuman\",\"description\":\"Diario Tucuman - Informaci\u00f3n y noticias\",\"publisher\":{\"@id\":\"https:\\\/\\\/www.eldiariodetucuman.com\\\/web\\\/#organization\"},\"potentialAction\":[{\"@type\":\"SearchAction\",\"target\":{\"@type\":\"EntryPoint\",\"urlTemplate\":\"https:\\\/\\\/www.eldiariodetucuman.com\\\/web\\\/?s={search_term_string}\"},\"query-input\":{\"@type\":\"PropertyValueSpecification\",\"valueRequired\":true,\"valueName\":\"search_term_string\"}}],\"inLanguage\":\"es\"},{\"@type\":\"Organization\",\"@id\":\"https:\\\/\\\/www.eldiariodetucuman.com\\\/web\\\/#organization\",\"name\":\"El Diario de Tucuman\",\"url\":\"https:\\\/\\\/www.eldiariodetucuman.com\\\/web\\\/\",\"logo\":{\"@type\":\"ImageObject\",\"inLanguage\":\"es\",\"@id\":\"https:\\\/\\\/www.eldiariodetucuman.com\\\/web\\\/#\\\/schema\\\/logo\\\/image\\\/\",\"url\":\"http:\\\/\\\/www.eldiariodetucuman.com\\\/web\\\/wp-content\\\/uploads\\\/2017\\\/12\\\/el-diario-de-tucuman.jpg\",\"contentUrl\":\"http:\\\/\\\/www.eldiariodetucuman.com\\\/web\\\/wp-content\\\/uploads\\\/2017\\\/12\\\/el-diario-de-tucuman.jpg\",\"width\":272,\"height\":92,\"caption\":\"El Diario de Tucuman\"},\"image\":{\"@id\":\"https:\\\/\\\/www.eldiariodetucuman.com\\\/web\\\/#\\\/schema\\\/logo\\\/image\\\/\"}},{\"@type\":\"Person\",\"@id\":\"https:\\\/\\\/www.eldiariodetucuman.com\\\/web\\\/#\\\/schema\\\/person\\\/9250197d75ab5483412e19678b121caa\",\"name\":\"admin\",\"image\":{\"@type\":\"ImageObject\",\"inLanguage\":\"es\",\"@id\":\"https:\\\/\\\/secure.gravatar.com\\\/avatar\\\/c44d117c2be811212c22cb481f6b8384b6873de103fbc49e7a03cc58d7dea4ac?s=96&d=mm&r=g\",\"url\":\"https:\\\/\\\/secure.gravatar.com\\\/avatar\\\/c44d117c2be811212c22cb481f6b8384b6873de103fbc49e7a03cc58d7dea4ac?s=96&d=mm&r=g\",\"contentUrl\":\"https:\\\/\\\/secure.gravatar.com\\\/avatar\\\/c44d117c2be811212c22cb481f6b8384b6873de103fbc49e7a03cc58d7dea4ac?s=96&d=mm&r=g\",\"caption\":\"admin\"},\"url\":\"https:\\\/\\\/www.eldiariodetucuman.com\\\/web\\\/author\\\/admin\\\/\"}]}<\/script>\n<!-- \/ Yoast SEO plugin. -->","yoast_head_json":{"title":"La Jefatura de Gabinete se queda con el Sistema Nacional de Inversiones P\u00fablicas - El Diario de Tucuman","robots":{"index":"index","follow":"follow","max-snippet":"max-snippet:-1","max-image-preview":"max-image-preview:large","max-video-preview":"max-video-preview:-1"},"canonical":"https:\/\/www.eldiariodetucuman.com\/web\/la-jefatura-de-gabinete-se-queda-con-el-sistema-nacional-de-inversiones-publicas\/","og_locale":"es_ES","og_type":"article","og_title":"La Jefatura de Gabinete se queda con el Sistema Nacional de Inversiones P\u00fablicas - El Diario de Tucuman","og_description":"La Autoridad de Aplicaci\u00f3n del Sistema Nacional de Inversiones P\u00fablicas\u00a0(SNIP) ser\u00e1 la Subsecretar\u00eda de Evaluaci\u00f3n Presupuestaria e Inversi\u00f3n P\u00fablica de la Jefatura de Gabinete de Ministros, a cargo de Marcos Pe\u00f1a. Cuando se trate de proyectos de inversi\u00f3n p\u00fablica ejecutados a trav\u00e9s de contratos de participaci\u00f3n p\u00fablico-privada en los t\u00e9rminos de la Ley N\u00b0 27.328, [&hellip;]","og_url":"https:\/\/www.eldiariodetucuman.com\/web\/la-jefatura-de-gabinete-se-queda-con-el-sistema-nacional-de-inversiones-publicas\/","og_site_name":"El Diario de Tucuman","article_published_time":"2018-06-15T15:36:49+00:00","article_modified_time":"2018-06-15T15:36:51+00:00","og_image":[{"width":960,"height":508,"url":"https:\/\/www.eldiariodetucuman.com\/web\/wp-content\/uploads\/2018\/06\/4cd79dd28ab3702e2f0bf8aa922b23e3.jpeg","type":"image\/jpeg"}],"author":"admin","twitter_card":"summary_large_image","twitter_misc":{"Escrito por":"admin","Tiempo de lectura":"4 minutos"},"schema":{"@context":"https:\/\/schema.org","@graph":[{"@type":"Article","@id":"https:\/\/www.eldiariodetucuman.com\/web\/la-jefatura-de-gabinete-se-queda-con-el-sistema-nacional-de-inversiones-publicas\/#article","isPartOf":{"@id":"https:\/\/www.eldiariodetucuman.com\/web\/la-jefatura-de-gabinete-se-queda-con-el-sistema-nacional-de-inversiones-publicas\/"},"author":{"name":"admin","@id":"https:\/\/www.eldiariodetucuman.com\/web\/#\/schema\/person\/9250197d75ab5483412e19678b121caa"},"headline":"La Jefatura de Gabinete se queda con el Sistema Nacional de Inversiones P\u00fablicas","datePublished":"2018-06-15T15:36:49+00:00","dateModified":"2018-06-15T15:36:51+00:00","mainEntityOfPage":{"@id":"https:\/\/www.eldiariodetucuman.com\/web\/la-jefatura-de-gabinete-se-queda-con-el-sistema-nacional-de-inversiones-publicas\/"},"wordCount":746,"commentCount":0,"publisher":{"@id":"https:\/\/www.eldiariodetucuman.com\/web\/#organization"},"image":{"@id":"https:\/\/www.eldiariodetucuman.com\/web\/la-jefatura-de-gabinete-se-queda-con-el-sistema-nacional-de-inversiones-publicas\/#primaryimage"},"thumbnailUrl":"https:\/\/www.eldiariodetucuman.com\/web\/wp-content\/uploads\/2018\/06\/4cd79dd28ab3702e2f0bf8aa922b23e3.jpeg","articleSection":["Portada"],"inLanguage":"es","potentialAction":[{"@type":"CommentAction","name":"Comment","target":["https:\/\/www.eldiariodetucuman.com\/web\/la-jefatura-de-gabinete-se-queda-con-el-sistema-nacional-de-inversiones-publicas\/#respond"]}]},{"@type":"WebPage","@id":"https:\/\/www.eldiariodetucuman.com\/web\/la-jefatura-de-gabinete-se-queda-con-el-sistema-nacional-de-inversiones-publicas\/","url":"https:\/\/www.eldiariodetucuman.com\/web\/la-jefatura-de-gabinete-se-queda-con-el-sistema-nacional-de-inversiones-publicas\/","name":"La Jefatura de Gabinete se queda con el Sistema Nacional de Inversiones P\u00fablicas - El Diario de Tucuman","isPartOf":{"@id":"https:\/\/www.eldiariodetucuman.com\/web\/#website"},"primaryImageOfPage":{"@id":"https:\/\/www.eldiariodetucuman.com\/web\/la-jefatura-de-gabinete-se-queda-con-el-sistema-nacional-de-inversiones-publicas\/#primaryimage"},"image":{"@id":"https:\/\/www.eldiariodetucuman.com\/web\/la-jefatura-de-gabinete-se-queda-con-el-sistema-nacional-de-inversiones-publicas\/#primaryimage"},"thumbnailUrl":"https:\/\/www.eldiariodetucuman.com\/web\/wp-content\/uploads\/2018\/06\/4cd79dd28ab3702e2f0bf8aa922b23e3.jpeg","datePublished":"2018-06-15T15:36:49+00:00","dateModified":"2018-06-15T15:36:51+00:00","breadcrumb":{"@id":"https:\/\/www.eldiariodetucuman.com\/web\/la-jefatura-de-gabinete-se-queda-con-el-sistema-nacional-de-inversiones-publicas\/#breadcrumb"},"inLanguage":"es","potentialAction":[{"@type":"ReadAction","target":["https:\/\/www.eldiariodetucuman.com\/web\/la-jefatura-de-gabinete-se-queda-con-el-sistema-nacional-de-inversiones-publicas\/"]}]},{"@type":"ImageObject","inLanguage":"es","@id":"https:\/\/www.eldiariodetucuman.com\/web\/la-jefatura-de-gabinete-se-queda-con-el-sistema-nacional-de-inversiones-publicas\/#primaryimage","url":"https:\/\/www.eldiariodetucuman.com\/web\/wp-content\/uploads\/2018\/06\/4cd79dd28ab3702e2f0bf8aa922b23e3.jpeg","contentUrl":"https:\/\/www.eldiariodetucuman.com\/web\/wp-content\/uploads\/2018\/06\/4cd79dd28ab3702e2f0bf8aa922b23e3.jpeg","width":960,"height":508},{"@type":"BreadcrumbList","@id":"https:\/\/www.eldiariodetucuman.com\/web\/la-jefatura-de-gabinete-se-queda-con-el-sistema-nacional-de-inversiones-publicas\/#breadcrumb","itemListElement":[{"@type":"ListItem","position":1,"name":"Portada","item":"https:\/\/www.eldiariodetucuman.com\/web\/"},{"@type":"ListItem","position":2,"name":"La Jefatura de Gabinete se queda con el Sistema Nacional de Inversiones P\u00fablicas"}]},{"@type":"WebSite","@id":"https:\/\/www.eldiariodetucuman.com\/web\/#website","url":"https:\/\/www.eldiariodetucuman.com\/web\/","name":"El Diario de Tucuman","description":"Diario Tucuman - Informaci\u00f3n y noticias","publisher":{"@id":"https:\/\/www.eldiariodetucuman.com\/web\/#organization"},"potentialAction":[{"@type":"SearchAction","target":{"@type":"EntryPoint","urlTemplate":"https:\/\/www.eldiariodetucuman.com\/web\/?s={search_term_string}"},"query-input":{"@type":"PropertyValueSpecification","valueRequired":true,"valueName":"search_term_string"}}],"inLanguage":"es"},{"@type":"Organization","@id":"https:\/\/www.eldiariodetucuman.com\/web\/#organization","name":"El Diario de Tucuman","url":"https:\/\/www.eldiariodetucuman.com\/web\/","logo":{"@type":"ImageObject","inLanguage":"es","@id":"https:\/\/www.eldiariodetucuman.com\/web\/#\/schema\/logo\/image\/","url":"http:\/\/www.eldiariodetucuman.com\/web\/wp-content\/uploads\/2017\/12\/el-diario-de-tucuman.jpg","contentUrl":"http:\/\/www.eldiariodetucuman.com\/web\/wp-content\/uploads\/2017\/12\/el-diario-de-tucuman.jpg","width":272,"height":92,"caption":"El Diario de Tucuman"},"image":{"@id":"https:\/\/www.eldiariodetucuman.com\/web\/#\/schema\/logo\/image\/"}},{"@type":"Person","@id":"https:\/\/www.eldiariodetucuman.com\/web\/#\/schema\/person\/9250197d75ab5483412e19678b121caa","name":"admin","image":{"@type":"ImageObject","inLanguage":"es","@id":"https:\/\/secure.gravatar.com\/avatar\/c44d117c2be811212c22cb481f6b8384b6873de103fbc49e7a03cc58d7dea4ac?s=96&d=mm&r=g","url":"https:\/\/secure.gravatar.com\/avatar\/c44d117c2be811212c22cb481f6b8384b6873de103fbc49e7a03cc58d7dea4ac?s=96&d=mm&r=g","contentUrl":"https:\/\/secure.gravatar.com\/avatar\/c44d117c2be811212c22cb481f6b8384b6873de103fbc49e7a03cc58d7dea4ac?s=96&d=mm&r=g","caption":"admin"},"url":"https:\/\/www.eldiariodetucuman.com\/web\/author\/admin\/"}]}},"_links":{"self":[{"href":"https:\/\/www.eldiariodetucuman.com\/web\/wp-json\/wp\/v2\/posts\/12443","targetHints":{"allow":["GET"]}}],"collection":[{"href":"https:\/\/www.eldiariodetucuman.com\/web\/wp-json\/wp\/v2\/posts"}],"about":[{"href":"https:\/\/www.eldiariodetucuman.com\/web\/wp-json\/wp\/v2\/types\/post"}],"author":[{"embeddable":true,"href":"https:\/\/www.eldiariodetucuman.com\/web\/wp-json\/wp\/v2\/users\/1"}],"replies":[{"embeddable":true,"href":"https:\/\/www.eldiariodetucuman.com\/web\/wp-json\/wp\/v2\/comments?post=12443"}],"version-history":[{"count":1,"href":"https:\/\/www.eldiariodetucuman.com\/web\/wp-json\/wp\/v2\/posts\/12443\/revisions"}],"predecessor-version":[{"id":12445,"href":"https:\/\/www.eldiariodetucuman.com\/web\/wp-json\/wp\/v2\/posts\/12443\/revisions\/12445"}],"wp:featuredmedia":[{"embeddable":true,"href":"https:\/\/www.eldiariodetucuman.com\/web\/wp-json\/wp\/v2\/media\/12444"}],"wp:attachment":[{"href":"https:\/\/www.eldiariodetucuman.com\/web\/wp-json\/wp\/v2\/media?parent=12443"}],"wp:term":[{"taxonomy":"category","embeddable":true,"href":"https:\/\/www.eldiariodetucuman.com\/web\/wp-json\/wp\/v2\/categories?post=12443"},{"taxonomy":"post_tag","embeddable":true,"href":"https:\/\/www.eldiariodetucuman.com\/web\/wp-json\/wp\/v2\/tags?post=12443"}],"curies":[{"name":"wp","href":"https:\/\/api.w.org\/{rel}","templated":true}]}}