{"id":12347,"date":"2018-06-14T00:08:34","date_gmt":"2018-06-14T03:08:34","guid":{"rendered":"http:\/\/www.eldiariodetucuman.com\/web\/aseguran-que-la-gente-no-puede-pagar-los-servicios\/"},"modified":"2018-06-14T00:08:35","modified_gmt":"2018-06-14T03:08:35","slug":"aseguran-que-la-gente-no-puede-pagar-los-servicios","status":"publish","type":"post","link":"https:\/\/www.eldiariodetucuman.com\/web\/aseguran-que-la-gente-no-puede-pagar-los-servicios\/","title":{"rendered":"Aseguran que la gente no puede pagar los servicios"},"content":{"rendered":"<div>\n<div readability=\"60\">\n<p>Los defensores del Pueblo de Salta, Jujuy, Santiago del Estero y Tucum\u00e1n se reunieron, este mi\u00e9rcoles, con autoridades de Gasnor para ver de qu\u00e9 manera se puede evitar el corte de servicio a personas que no est\u00e1n en la tarifa social pero son vulnerables. Fueron recibidos en Casa de Gobierno por El presidente subrogante de la Legislatura a cargo del Ejecutivo,<strong> Fernando Juri.<\/strong><\/p>\n<p>\u201cEs necesario saber cu\u00e1l es la franja de personas vulnerables que no tienen tarifa social y a quienes no se les cortar\u00e1 el gas, cosa que no especifica la resoluci\u00f3n nacional\u201d, dijo Juri y a\u00f1adi\u00f3: \u201cEs una situaci\u00f3n muy dif\u00edcil que impacta en la econom\u00eda familiar\u201d.<\/p>\n<blockquote class=\"mom_quote \"><p>En este sentido, el Defensor del Pueblo de Tucum\u00e1n, <strong>Fernando Juri Debo<\/strong> coment\u00f3 que \u201cmuchas personas no pueden pagar las facturas de servicios p\u00fablicos porque en algunos casos alcanza el 50 por ciento de los sueldos y agreg\u00f3: \u201cLlamamos a la reflexi\u00f3n al gobierno nacional porque la gente no puede pagar\u201d.<\/p><\/blockquote>\n<p>A su vez, indic\u00f3 que \u201cuna de las medidas que propone Naci\u00f3n es financiar facturas, pero tiene inter\u00e9s por lo tanto no es conveniente hacerlo. Necesitamos que los gobernadores planteen esto ante el Gobierno nacional\u201d.<\/p>\n<p>La Ombudsman de Salta, <strong>Frida Fonseca<\/strong> expres\u00f3 que en su provincia \u201cla situaci\u00f3n es cr\u00edtica, tenemos altos niveles de pobreza, los salarios son bajos, a los cual se suman las bajas temperaturas\u201d.<\/p>\n<\/div>\n<\/div>\n<p>Fuente: http:\/\/comunicaciontucuman.gob.ar\/2018\/06\/aseguran-que-la-gente-no-puede-pagar-los-servicios\/<\/p>\n","protected":false},"excerpt":{"rendered":"<p>Los defensores del Pueblo de Salta, Jujuy, Santiago del Estero y Tucum\u00e1n se reunieron, este mi\u00e9rcoles, con autoridades de Gasnor para ver de qu\u00e9 manera se puede evitar el corte de servicio a personas que no est\u00e1n en la tarifa social pero son vulnerables. Fueron recibidos en Casa de Gobierno por El presidente subrogante de [&hellip;]<\/p>\n","protected":false},"author":1,"featured_media":12348,"comment_status":"open","ping_status":"closed","sticky":false,"template":"","format":"standard","meta":{"footnotes":""},"categories":[3],"tags":[],"class_list":{"0":"post-12347","1":"post","2":"type-post","3":"status-publish","4":"format-standard","5":"has-post-thumbnail","7":"category-politica"},"yoast_head":"<!-- This site is optimized with the Yoast SEO plugin v27.4 - https:\/\/yoast.com\/product\/yoast-seo-wordpress\/ -->\n<title>Aseguran que la gente no puede pagar los servicios - El Diario de Tucuman<\/title>\n<meta name=\"robots\" content=\"index, follow, max-snippet:-1, max-image-preview:large, max-video-preview:-1\" \/>\n<link rel=\"canonical\" href=\"https:\/\/www.eldiariodetucuman.com\/web\/aseguran-que-la-gente-no-puede-pagar-los-servicios\/\" \/>\n<meta property=\"og:locale\" content=\"es_ES\" \/>\n<meta property=\"og:type\" content=\"article\" \/>\n<meta property=\"og:title\" content=\"Aseguran que la gente no puede pagar los servicios - El Diario de Tucuman\" \/>\n<meta property=\"og:description\" content=\"Los defensores del Pueblo de Salta, Jujuy, Santiago del Estero y Tucum\u00e1n se reunieron, este mi\u00e9rcoles, con autoridades de Gasnor para ver de qu\u00e9 manera se puede evitar el corte de servicio a personas que no est\u00e1n en la tarifa social pero son vulnerables. Fueron recibidos en Casa de Gobierno por El presidente subrogante de [&hellip;]\" \/>\n<meta property=\"og:url\" content=\"https:\/\/www.eldiariodetucuman.com\/web\/aseguran-que-la-gente-no-puede-pagar-los-servicios\/\" \/>\n<meta property=\"og:site_name\" content=\"El Diario de Tucuman\" \/>\n<meta property=\"article:published_time\" content=\"2018-06-14T03:08:34+00:00\" \/>\n<meta property=\"article:modified_time\" content=\"2018-06-14T03:08:35+00:00\" \/>\n<meta property=\"og:image\" content=\"https:\/\/www.eldiariodetucuman.com\/web\/wp-content\/uploads\/2018\/06\/acbc29a26b8ea7ca036f324b59664a8f.jpeg\" \/>\n\t<meta property=\"og:image:width\" content=\"300\" \/>\n\t<meta property=\"og:image:height\" content=\"166\" \/>\n\t<meta property=\"og:image:type\" content=\"image\/jpeg\" \/>\n<meta name=\"author\" content=\"admin\" \/>\n<meta name=\"twitter:card\" content=\"summary_large_image\" \/>\n<meta name=\"twitter:label1\" content=\"Escrito por\" \/>\n\t<meta name=\"twitter:data1\" content=\"admin\" \/>\n\t<meta name=\"twitter:label2\" content=\"Tiempo de lectura\" \/>\n\t<meta name=\"twitter:data2\" content=\"1 minuto\" \/>\n<script type=\"application\/ld+json\" class=\"yoast-schema-graph\">{\"@context\":\"https:\\\/\\\/schema.org\",\"@graph\":[{\"@type\":\"Article\",\"@id\":\"https:\\\/\\\/www.eldiariodetucuman.com\\\/web\\\/aseguran-que-la-gente-no-puede-pagar-los-servicios\\\/#article\",\"isPartOf\":{\"@id\":\"https:\\\/\\\/www.eldiariodetucuman.com\\\/web\\\/aseguran-que-la-gente-no-puede-pagar-los-servicios\\\/\"},\"author\":{\"name\":\"admin\",\"@id\":\"https:\\\/\\\/www.eldiariodetucuman.com\\\/web\\\/#\\\/schema\\\/person\\\/9250197d75ab5483412e19678b121caa\"},\"headline\":\"Aseguran que la gente no puede pagar los servicios\",\"datePublished\":\"2018-06-14T03:08:34+00:00\",\"dateModified\":\"2018-06-14T03:08:35+00:00\",\"mainEntityOfPage\":{\"@id\":\"https:\\\/\\\/www.eldiariodetucuman.com\\\/web\\\/aseguran-que-la-gente-no-puede-pagar-los-servicios\\\/\"},\"wordCount\":257,\"commentCount\":0,\"publisher\":{\"@id\":\"https:\\\/\\\/www.eldiariodetucuman.com\\\/web\\\/#organization\"},\"image\":{\"@id\":\"https:\\\/\\\/www.eldiariodetucuman.com\\\/web\\\/aseguran-que-la-gente-no-puede-pagar-los-servicios\\\/#primaryimage\"},\"thumbnailUrl\":\"https:\\\/\\\/www.eldiariodetucuman.com\\\/web\\\/wp-content\\\/uploads\\\/2018\\\/06\\\/acbc29a26b8ea7ca036f324b59664a8f.jpeg\",\"articleSection\":[\"Politica\"],\"inLanguage\":\"es\",\"potentialAction\":[{\"@type\":\"CommentAction\",\"name\":\"Comment\",\"target\":[\"https:\\\/\\\/www.eldiariodetucuman.com\\\/web\\\/aseguran-que-la-gente-no-puede-pagar-los-servicios\\\/#respond\"]}]},{\"@type\":\"WebPage\",\"@id\":\"https:\\\/\\\/www.eldiariodetucuman.com\\\/web\\\/aseguran-que-la-gente-no-puede-pagar-los-servicios\\\/\",\"url\":\"https:\\\/\\\/www.eldiariodetucuman.com\\\/web\\\/aseguran-que-la-gente-no-puede-pagar-los-servicios\\\/\",\"name\":\"Aseguran que la gente no puede pagar los servicios - El Diario de Tucuman\",\"isPartOf\":{\"@id\":\"https:\\\/\\\/www.eldiariodetucuman.com\\\/web\\\/#website\"},\"primaryImageOfPage\":{\"@id\":\"https:\\\/\\\/www.eldiariodetucuman.com\\\/web\\\/aseguran-que-la-gente-no-puede-pagar-los-servicios\\\/#primaryimage\"},\"image\":{\"@id\":\"https:\\\/\\\/www.eldiariodetucuman.com\\\/web\\\/aseguran-que-la-gente-no-puede-pagar-los-servicios\\\/#primaryimage\"},\"thumbnailUrl\":\"https:\\\/\\\/www.eldiariodetucuman.com\\\/web\\\/wp-content\\\/uploads\\\/2018\\\/06\\\/acbc29a26b8ea7ca036f324b59664a8f.jpeg\",\"datePublished\":\"2018-06-14T03:08:34+00:00\",\"dateModified\":\"2018-06-14T03:08:35+00:00\",\"breadcrumb\":{\"@id\":\"https:\\\/\\\/www.eldiariodetucuman.com\\\/web\\\/aseguran-que-la-gente-no-puede-pagar-los-servicios\\\/#breadcrumb\"},\"inLanguage\":\"es\",\"potentialAction\":[{\"@type\":\"ReadAction\",\"target\":[\"https:\\\/\\\/www.eldiariodetucuman.com\\\/web\\\/aseguran-que-la-gente-no-puede-pagar-los-servicios\\\/\"]}]},{\"@type\":\"ImageObject\",\"inLanguage\":\"es\",\"@id\":\"https:\\\/\\\/www.eldiariodetucuman.com\\\/web\\\/aseguran-que-la-gente-no-puede-pagar-los-servicios\\\/#primaryimage\",\"url\":\"https:\\\/\\\/www.eldiariodetucuman.com\\\/web\\\/wp-content\\\/uploads\\\/2018\\\/06\\\/acbc29a26b8ea7ca036f324b59664a8f.jpeg\",\"contentUrl\":\"https:\\\/\\\/www.eldiariodetucuman.com\\\/web\\\/wp-content\\\/uploads\\\/2018\\\/06\\\/acbc29a26b8ea7ca036f324b59664a8f.jpeg\",\"width\":300,\"height\":166},{\"@type\":\"BreadcrumbList\",\"@id\":\"https:\\\/\\\/www.eldiariodetucuman.com\\\/web\\\/aseguran-que-la-gente-no-puede-pagar-los-servicios\\\/#breadcrumb\",\"itemListElement\":[{\"@type\":\"ListItem\",\"position\":1,\"name\":\"Portada\",\"item\":\"https:\\\/\\\/www.eldiariodetucuman.com\\\/web\\\/\"},{\"@type\":\"ListItem\",\"position\":2,\"name\":\"Aseguran que la gente no puede pagar los servicios\"}]},{\"@type\":\"WebSite\",\"@id\":\"https:\\\/\\\/www.eldiariodetucuman.com\\\/web\\\/#website\",\"url\":\"https:\\\/\\\/www.eldiariodetucuman.com\\\/web\\\/\",\"name\":\"El Diario de Tucuman\",\"description\":\"Diario Tucuman - Informaci\u00f3n y noticias\",\"publisher\":{\"@id\":\"https:\\\/\\\/www.eldiariodetucuman.com\\\/web\\\/#organization\"},\"potentialAction\":[{\"@type\":\"SearchAction\",\"target\":{\"@type\":\"EntryPoint\",\"urlTemplate\":\"https:\\\/\\\/www.eldiariodetucuman.com\\\/web\\\/?s={search_term_string}\"},\"query-input\":{\"@type\":\"PropertyValueSpecification\",\"valueRequired\":true,\"valueName\":\"search_term_string\"}}],\"inLanguage\":\"es\"},{\"@type\":\"Organization\",\"@id\":\"https:\\\/\\\/www.eldiariodetucuman.com\\\/web\\\/#organization\",\"name\":\"El Diario de Tucuman\",\"url\":\"https:\\\/\\\/www.eldiariodetucuman.com\\\/web\\\/\",\"logo\":{\"@type\":\"ImageObject\",\"inLanguage\":\"es\",\"@id\":\"https:\\\/\\\/www.eldiariodetucuman.com\\\/web\\\/#\\\/schema\\\/logo\\\/image\\\/\",\"url\":\"http:\\\/\\\/www.eldiariodetucuman.com\\\/web\\\/wp-content\\\/uploads\\\/2017\\\/12\\\/el-diario-de-tucuman.jpg\",\"contentUrl\":\"http:\\\/\\\/www.eldiariodetucuman.com\\\/web\\\/wp-content\\\/uploads\\\/2017\\\/12\\\/el-diario-de-tucuman.jpg\",\"width\":272,\"height\":92,\"caption\":\"El Diario de Tucuman\"},\"image\":{\"@id\":\"https:\\\/\\\/www.eldiariodetucuman.com\\\/web\\\/#\\\/schema\\\/logo\\\/image\\\/\"}},{\"@type\":\"Person\",\"@id\":\"https:\\\/\\\/www.eldiariodetucuman.com\\\/web\\\/#\\\/schema\\\/person\\\/9250197d75ab5483412e19678b121caa\",\"name\":\"admin\",\"image\":{\"@type\":\"ImageObject\",\"inLanguage\":\"es\",\"@id\":\"https:\\\/\\\/secure.gravatar.com\\\/avatar\\\/c44d117c2be811212c22cb481f6b8384b6873de103fbc49e7a03cc58d7dea4ac?s=96&d=mm&r=g\",\"url\":\"https:\\\/\\\/secure.gravatar.com\\\/avatar\\\/c44d117c2be811212c22cb481f6b8384b6873de103fbc49e7a03cc58d7dea4ac?s=96&d=mm&r=g\",\"contentUrl\":\"https:\\\/\\\/secure.gravatar.com\\\/avatar\\\/c44d117c2be811212c22cb481f6b8384b6873de103fbc49e7a03cc58d7dea4ac?s=96&d=mm&r=g\",\"caption\":\"admin\"},\"url\":\"https:\\\/\\\/www.eldiariodetucuman.com\\\/web\\\/author\\\/admin\\\/\"}]}<\/script>\n<!-- \/ Yoast SEO plugin. -->","yoast_head_json":{"title":"Aseguran que la gente no puede pagar los servicios - El Diario de Tucuman","robots":{"index":"index","follow":"follow","max-snippet":"max-snippet:-1","max-image-preview":"max-image-preview:large","max-video-preview":"max-video-preview:-1"},"canonical":"https:\/\/www.eldiariodetucuman.com\/web\/aseguran-que-la-gente-no-puede-pagar-los-servicios\/","og_locale":"es_ES","og_type":"article","og_title":"Aseguran que la gente no puede pagar los servicios - El Diario de Tucuman","og_description":"Los defensores del Pueblo de Salta, Jujuy, Santiago del Estero y Tucum\u00e1n se reunieron, este mi\u00e9rcoles, con autoridades de Gasnor para ver de qu\u00e9 manera se puede evitar el corte de servicio a personas que no est\u00e1n en la tarifa social pero son vulnerables. Fueron recibidos en Casa de Gobierno por El presidente subrogante de [&hellip;]","og_url":"https:\/\/www.eldiariodetucuman.com\/web\/aseguran-que-la-gente-no-puede-pagar-los-servicios\/","og_site_name":"El Diario de Tucuman","article_published_time":"2018-06-14T03:08:34+00:00","article_modified_time":"2018-06-14T03:08:35+00:00","og_image":[{"width":300,"height":166,"url":"https:\/\/www.eldiariodetucuman.com\/web\/wp-content\/uploads\/2018\/06\/acbc29a26b8ea7ca036f324b59664a8f.jpeg","type":"image\/jpeg"}],"author":"admin","twitter_card":"summary_large_image","twitter_misc":{"Escrito por":"admin","Tiempo de lectura":"1 minuto"},"schema":{"@context":"https:\/\/schema.org","@graph":[{"@type":"Article","@id":"https:\/\/www.eldiariodetucuman.com\/web\/aseguran-que-la-gente-no-puede-pagar-los-servicios\/#article","isPartOf":{"@id":"https:\/\/www.eldiariodetucuman.com\/web\/aseguran-que-la-gente-no-puede-pagar-los-servicios\/"},"author":{"name":"admin","@id":"https:\/\/www.eldiariodetucuman.com\/web\/#\/schema\/person\/9250197d75ab5483412e19678b121caa"},"headline":"Aseguran que la gente no puede pagar los servicios","datePublished":"2018-06-14T03:08:34+00:00","dateModified":"2018-06-14T03:08:35+00:00","mainEntityOfPage":{"@id":"https:\/\/www.eldiariodetucuman.com\/web\/aseguran-que-la-gente-no-puede-pagar-los-servicios\/"},"wordCount":257,"commentCount":0,"publisher":{"@id":"https:\/\/www.eldiariodetucuman.com\/web\/#organization"},"image":{"@id":"https:\/\/www.eldiariodetucuman.com\/web\/aseguran-que-la-gente-no-puede-pagar-los-servicios\/#primaryimage"},"thumbnailUrl":"https:\/\/www.eldiariodetucuman.com\/web\/wp-content\/uploads\/2018\/06\/acbc29a26b8ea7ca036f324b59664a8f.jpeg","articleSection":["Politica"],"inLanguage":"es","potentialAction":[{"@type":"CommentAction","name":"Comment","target":["https:\/\/www.eldiariodetucuman.com\/web\/aseguran-que-la-gente-no-puede-pagar-los-servicios\/#respond"]}]},{"@type":"WebPage","@id":"https:\/\/www.eldiariodetucuman.com\/web\/aseguran-que-la-gente-no-puede-pagar-los-servicios\/","url":"https:\/\/www.eldiariodetucuman.com\/web\/aseguran-que-la-gente-no-puede-pagar-los-servicios\/","name":"Aseguran que la gente no puede pagar los servicios - El Diario de Tucuman","isPartOf":{"@id":"https:\/\/www.eldiariodetucuman.com\/web\/#website"},"primaryImageOfPage":{"@id":"https:\/\/www.eldiariodetucuman.com\/web\/aseguran-que-la-gente-no-puede-pagar-los-servicios\/#primaryimage"},"image":{"@id":"https:\/\/www.eldiariodetucuman.com\/web\/aseguran-que-la-gente-no-puede-pagar-los-servicios\/#primaryimage"},"thumbnailUrl":"https:\/\/www.eldiariodetucuman.com\/web\/wp-content\/uploads\/2018\/06\/acbc29a26b8ea7ca036f324b59664a8f.jpeg","datePublished":"2018-06-14T03:08:34+00:00","dateModified":"2018-06-14T03:08:35+00:00","breadcrumb":{"@id":"https:\/\/www.eldiariodetucuman.com\/web\/aseguran-que-la-gente-no-puede-pagar-los-servicios\/#breadcrumb"},"inLanguage":"es","potentialAction":[{"@type":"ReadAction","target":["https:\/\/www.eldiariodetucuman.com\/web\/aseguran-que-la-gente-no-puede-pagar-los-servicios\/"]}]},{"@type":"ImageObject","inLanguage":"es","@id":"https:\/\/www.eldiariodetucuman.com\/web\/aseguran-que-la-gente-no-puede-pagar-los-servicios\/#primaryimage","url":"https:\/\/www.eldiariodetucuman.com\/web\/wp-content\/uploads\/2018\/06\/acbc29a26b8ea7ca036f324b59664a8f.jpeg","contentUrl":"https:\/\/www.eldiariodetucuman.com\/web\/wp-content\/uploads\/2018\/06\/acbc29a26b8ea7ca036f324b59664a8f.jpeg","width":300,"height":166},{"@type":"BreadcrumbList","@id":"https:\/\/www.eldiariodetucuman.com\/web\/aseguran-que-la-gente-no-puede-pagar-los-servicios\/#breadcrumb","itemListElement":[{"@type":"ListItem","position":1,"name":"Portada","item":"https:\/\/www.eldiariodetucuman.com\/web\/"},{"@type":"ListItem","position":2,"name":"Aseguran que la gente no puede pagar los servicios"}]},{"@type":"WebSite","@id":"https:\/\/www.eldiariodetucuman.com\/web\/#website","url":"https:\/\/www.eldiariodetucuman.com\/web\/","name":"El Diario de Tucuman","description":"Diario Tucuman - Informaci\u00f3n y noticias","publisher":{"@id":"https:\/\/www.eldiariodetucuman.com\/web\/#organization"},"potentialAction":[{"@type":"SearchAction","target":{"@type":"EntryPoint","urlTemplate":"https:\/\/www.eldiariodetucuman.com\/web\/?s={search_term_string}"},"query-input":{"@type":"PropertyValueSpecification","valueRequired":true,"valueName":"search_term_string"}}],"inLanguage":"es"},{"@type":"Organization","@id":"https:\/\/www.eldiariodetucuman.com\/web\/#organization","name":"El Diario de Tucuman","url":"https:\/\/www.eldiariodetucuman.com\/web\/","logo":{"@type":"ImageObject","inLanguage":"es","@id":"https:\/\/www.eldiariodetucuman.com\/web\/#\/schema\/logo\/image\/","url":"http:\/\/www.eldiariodetucuman.com\/web\/wp-content\/uploads\/2017\/12\/el-diario-de-tucuman.jpg","contentUrl":"http:\/\/www.eldiariodetucuman.com\/web\/wp-content\/uploads\/2017\/12\/el-diario-de-tucuman.jpg","width":272,"height":92,"caption":"El Diario de Tucuman"},"image":{"@id":"https:\/\/www.eldiariodetucuman.com\/web\/#\/schema\/logo\/image\/"}},{"@type":"Person","@id":"https:\/\/www.eldiariodetucuman.com\/web\/#\/schema\/person\/9250197d75ab5483412e19678b121caa","name":"admin","image":{"@type":"ImageObject","inLanguage":"es","@id":"https:\/\/secure.gravatar.com\/avatar\/c44d117c2be811212c22cb481f6b8384b6873de103fbc49e7a03cc58d7dea4ac?s=96&d=mm&r=g","url":"https:\/\/secure.gravatar.com\/avatar\/c44d117c2be811212c22cb481f6b8384b6873de103fbc49e7a03cc58d7dea4ac?s=96&d=mm&r=g","contentUrl":"https:\/\/secure.gravatar.com\/avatar\/c44d117c2be811212c22cb481f6b8384b6873de103fbc49e7a03cc58d7dea4ac?s=96&d=mm&r=g","caption":"admin"},"url":"https:\/\/www.eldiariodetucuman.com\/web\/author\/admin\/"}]}},"_links":{"self":[{"href":"https:\/\/www.eldiariodetucuman.com\/web\/wp-json\/wp\/v2\/posts\/12347","targetHints":{"allow":["GET"]}}],"collection":[{"href":"https:\/\/www.eldiariodetucuman.com\/web\/wp-json\/wp\/v2\/posts"}],"about":[{"href":"https:\/\/www.eldiariodetucuman.com\/web\/wp-json\/wp\/v2\/types\/post"}],"author":[{"embeddable":true,"href":"https:\/\/www.eldiariodetucuman.com\/web\/wp-json\/wp\/v2\/users\/1"}],"replies":[{"embeddable":true,"href":"https:\/\/www.eldiariodetucuman.com\/web\/wp-json\/wp\/v2\/comments?post=12347"}],"version-history":[{"count":1,"href":"https:\/\/www.eldiariodetucuman.com\/web\/wp-json\/wp\/v2\/posts\/12347\/revisions"}],"predecessor-version":[{"id":12349,"href":"https:\/\/www.eldiariodetucuman.com\/web\/wp-json\/wp\/v2\/posts\/12347\/revisions\/12349"}],"wp:featuredmedia":[{"embeddable":true,"href":"https:\/\/www.eldiariodetucuman.com\/web\/wp-json\/wp\/v2\/media\/12348"}],"wp:attachment":[{"href":"https:\/\/www.eldiariodetucuman.com\/web\/wp-json\/wp\/v2\/media?parent=12347"}],"wp:term":[{"taxonomy":"category","embeddable":true,"href":"https:\/\/www.eldiariodetucuman.com\/web\/wp-json\/wp\/v2\/categories?post=12347"},{"taxonomy":"post_tag","embeddable":true,"href":"https:\/\/www.eldiariodetucuman.com\/web\/wp-json\/wp\/v2\/tags?post=12347"}],"curies":[{"name":"wp","href":"https:\/\/api.w.org\/{rel}","templated":true}]}}