{"id":12344,"date":"2018-06-13T19:43:18","date_gmt":"2018-06-13T22:43:18","guid":{"rendered":"http:\/\/www.eldiariodetucuman.com\/web\/?p=12344"},"modified":"2018-06-13T19:43:18","modified_gmt":"2018-06-13T22:43:18","slug":"tucuman-regino-amado-impulsa-desde-el-interior-manzur-jaldo-2019","status":"publish","type":"post","link":"https:\/\/www.eldiariodetucuman.com\/web\/tucuman-regino-amado-impulsa-desde-el-interior-manzur-jaldo-2019\/","title":{"rendered":"Tucum\u00e1n | Regino Amado impulsa desde el interior Manzur-Jaldo 2019"},"content":{"rendered":"<p>El Ministro de Gobierno <strong>Regino Amado<\/strong>, uno de los referentes del peronismo en la provincia, toma parte de lo que est\u00e1 pasando en la provincia en vista a las pr\u00f3ximas elecciones donde promulga la continuidad de la f\u00f3rmula <strong>Manzur-Jaldo<\/strong>.<!--more--><\/p>\n<p>\u00ab\u2026Hay algunos funcionarios que han sido designados por este Gobernador y este Vicegobernador, que parece que no han entendido este mensaje y que deber\u00edan hacerse a un lado si no lo siguen entendiendo\u2026\u201d, menciono en la localidad de<em> Le\u00f3n Roug\u00e9s<\/em>, <strong>Regino Amado<\/strong>, como para echar por tierra las versiones que dec\u00edan, que la foto que horas antes se hab\u00eda tomado el Senador Nacional <strong>Jos\u00e9 Alperovich<\/strong> con el Gobernador <strong>Juan Manzur<\/strong>, en la casa del mandatario, ten\u00edan por objeto <em>bajar las tensiones internas.<\/em><\/p>\n<p>El discurso del Ministro Amado, que fue pronunciado en presencia del binomio gubernamental, y concluy\u00f3 con un expl\u00edcito \u201c<strong>Manzur \u2013 Jaldo 2019<\/strong>\u201c, se entendi\u00f3 como un disparo directo al <em>Secretario de Trabajo de la Provincia<\/em>, <strong>Roberto Palina<\/strong>.<\/p>\n<p>\u201cTodos los que estamos ac\u00e1 no somos personas aisladas, ac\u00e1 hay una conducci\u00f3n pol\u00edtica: El Gobernador y el Vice est\u00e1n siempre dando las instrucciones de lo que tenemos que hacer en cada \u00e1rea\u201d, hab\u00eda se\u00f1alado previamente el monterizo, quien adem\u00e1s hizo un reconocimiento a la administraci\u00f3n del gobierno provincial, destacando el temprano\u00a0 comienzo del ciclo lectivo, y los aumentos salariales acordados por encima del techo impuesto por el Gobierno Nacional.<\/p>\n<p><iframe loading=\"lazy\" src=\"https:\/\/w.soundcloud.com\/player\/?visual=true&amp;url=https%3A%2F%2Fapi.soundcloud.com%2Ftracks%2F457423989&amp;show_artwork=true&amp;maxwidth=640&amp;maxheight=960&amp;dnt=1\" width=\"640\" height=\"400\" frameborder=\"no\" scrolling=\"no\" data-mce-fragment=\"1\"><\/iframe><\/p>\n<p>&nbsp;<\/p>\n","protected":false},"excerpt":{"rendered":"<p>El Ministro de Gobierno Regino Amado, uno de los referentes del peronismo en la provincia, toma parte de lo que est\u00e1 pasando en la provincia en vista a las pr\u00f3ximas elecciones donde promulga la continuidad de la f\u00f3rmula Manzur-Jaldo.<\/p>\n","protected":false},"author":3,"featured_media":12345,"comment_status":"closed","ping_status":"open","sticky":false,"template":"","format":"standard","meta":{"footnotes":""},"categories":[3],"tags":[1753,216,1728,873,217,1316,61],"class_list":{"0":"post-12344","1":"post","2":"type-post","3":"status-publish","4":"format-standard","5":"has-post-thumbnail","7":"category-politica","8":"tag-1753","9":"tag-juan-manzur","10":"tag-manzur-jaldo","11":"tag-monteros","12":"tag-osvaldo-jaldo","13":"tag-regino-amado","14":"tag-tucuman"},"yoast_head":"<!-- This site is optimized with the Yoast SEO plugin v27.4 - https:\/\/yoast.com\/product\/yoast-seo-wordpress\/ -->\n<title>Tucum\u00e1n | Regino Amado impulsa desde el interior Manzur-Jaldo 2019 - El Diario de Tucuman<\/title>\n<meta name=\"robots\" content=\"index, follow, max-snippet:-1, max-image-preview:large, max-video-preview:-1\" \/>\n<link rel=\"canonical\" href=\"https:\/\/www.eldiariodetucuman.com\/web\/tucuman-regino-amado-impulsa-desde-el-interior-manzur-jaldo-2019\/\" \/>\n<meta property=\"og:locale\" content=\"es_ES\" \/>\n<meta property=\"og:type\" content=\"article\" \/>\n<meta property=\"og:title\" content=\"Tucum\u00e1n | Regino Amado impulsa desde el interior Manzur-Jaldo 2019 - El Diario de Tucuman\" \/>\n<meta property=\"og:description\" content=\"El Ministro de Gobierno Regino Amado, uno de los referentes del peronismo en la provincia, toma parte de lo que est\u00e1 pasando en la provincia en vista a las pr\u00f3ximas elecciones donde promulga la continuidad de la f\u00f3rmula Manzur-Jaldo.\" \/>\n<meta property=\"og:url\" content=\"https:\/\/www.eldiariodetucuman.com\/web\/tucuman-regino-amado-impulsa-desde-el-interior-manzur-jaldo-2019\/\" \/>\n<meta property=\"og:site_name\" content=\"El Diario de Tucuman\" \/>\n<meta property=\"article:published_time\" content=\"2018-06-13T22:43:18+00:00\" \/>\n<meta property=\"og:image\" content=\"https:\/\/www.eldiariodetucuman.com\/web\/wp-content\/uploads\/2018\/06\/IMG-20180612-WA0124.jpg\" \/>\n\t<meta property=\"og:image:width\" content=\"1280\" \/>\n\t<meta property=\"og:image:height\" content=\"679\" \/>\n\t<meta property=\"og:image:type\" content=\"image\/jpeg\" \/>\n<meta name=\"author\" content=\"El diario de Tucuman\" \/>\n<meta name=\"twitter:card\" content=\"summary_large_image\" \/>\n<meta name=\"twitter:label1\" content=\"Escrito por\" \/>\n\t<meta name=\"twitter:data1\" content=\"El diario de Tucuman\" \/>\n\t<meta name=\"twitter:label2\" content=\"Tiempo de lectura\" \/>\n\t<meta name=\"twitter:data2\" content=\"1 minuto\" \/>\n<script type=\"application\/ld+json\" class=\"yoast-schema-graph\">{\"@context\":\"https:\\\/\\\/schema.org\",\"@graph\":[{\"@type\":\"Article\",\"@id\":\"https:\\\/\\\/www.eldiariodetucuman.com\\\/web\\\/tucuman-regino-amado-impulsa-desde-el-interior-manzur-jaldo-2019\\\/#article\",\"isPartOf\":{\"@id\":\"https:\\\/\\\/www.eldiariodetucuman.com\\\/web\\\/tucuman-regino-amado-impulsa-desde-el-interior-manzur-jaldo-2019\\\/\"},\"author\":{\"name\":\"El diario de Tucuman\",\"@id\":\"https:\\\/\\\/www.eldiariodetucuman.com\\\/web\\\/#\\\/schema\\\/person\\\/3adbe300ecd6242af93c97dab1dc3ba1\"},\"headline\":\"Tucum\u00e1n | Regino Amado impulsa desde el interior Manzur-Jaldo 2019\",\"datePublished\":\"2018-06-13T22:43:18+00:00\",\"mainEntityOfPage\":{\"@id\":\"https:\\\/\\\/www.eldiariodetucuman.com\\\/web\\\/tucuman-regino-amado-impulsa-desde-el-interior-manzur-jaldo-2019\\\/\"},\"wordCount\":252,\"publisher\":{\"@id\":\"https:\\\/\\\/www.eldiariodetucuman.com\\\/web\\\/#organization\"},\"image\":{\"@id\":\"https:\\\/\\\/www.eldiariodetucuman.com\\\/web\\\/tucuman-regino-amado-impulsa-desde-el-interior-manzur-jaldo-2019\\\/#primaryimage\"},\"thumbnailUrl\":\"https:\\\/\\\/www.eldiariodetucuman.com\\\/web\\\/wp-content\\\/uploads\\\/2018\\\/06\\\/IMG-20180612-WA0124.jpg\",\"keywords\":[\"2019\",\"juan manzur\",\"Manzur-Jaldo\",\"Monteros\",\"Osvaldo Jaldo\",\"Regino Amado\",\"Tucuman\"],\"articleSection\":[\"Politica\"],\"inLanguage\":\"es\"},{\"@type\":\"WebPage\",\"@id\":\"https:\\\/\\\/www.eldiariodetucuman.com\\\/web\\\/tucuman-regino-amado-impulsa-desde-el-interior-manzur-jaldo-2019\\\/\",\"url\":\"https:\\\/\\\/www.eldiariodetucuman.com\\\/web\\\/tucuman-regino-amado-impulsa-desde-el-interior-manzur-jaldo-2019\\\/\",\"name\":\"Tucum\u00e1n | Regino Amado impulsa desde el interior Manzur-Jaldo 2019 - El Diario de Tucuman\",\"isPartOf\":{\"@id\":\"https:\\\/\\\/www.eldiariodetucuman.com\\\/web\\\/#website\"},\"primaryImageOfPage\":{\"@id\":\"https:\\\/\\\/www.eldiariodetucuman.com\\\/web\\\/tucuman-regino-amado-impulsa-desde-el-interior-manzur-jaldo-2019\\\/#primaryimage\"},\"image\":{\"@id\":\"https:\\\/\\\/www.eldiariodetucuman.com\\\/web\\\/tucuman-regino-amado-impulsa-desde-el-interior-manzur-jaldo-2019\\\/#primaryimage\"},\"thumbnailUrl\":\"https:\\\/\\\/www.eldiariodetucuman.com\\\/web\\\/wp-content\\\/uploads\\\/2018\\\/06\\\/IMG-20180612-WA0124.jpg\",\"datePublished\":\"2018-06-13T22:43:18+00:00\",\"breadcrumb\":{\"@id\":\"https:\\\/\\\/www.eldiariodetucuman.com\\\/web\\\/tucuman-regino-amado-impulsa-desde-el-interior-manzur-jaldo-2019\\\/#breadcrumb\"},\"inLanguage\":\"es\",\"potentialAction\":[{\"@type\":\"ReadAction\",\"target\":[\"https:\\\/\\\/www.eldiariodetucuman.com\\\/web\\\/tucuman-regino-amado-impulsa-desde-el-interior-manzur-jaldo-2019\\\/\"]}]},{\"@type\":\"ImageObject\",\"inLanguage\":\"es\",\"@id\":\"https:\\\/\\\/www.eldiariodetucuman.com\\\/web\\\/tucuman-regino-amado-impulsa-desde-el-interior-manzur-jaldo-2019\\\/#primaryimage\",\"url\":\"https:\\\/\\\/www.eldiariodetucuman.com\\\/web\\\/wp-content\\\/uploads\\\/2018\\\/06\\\/IMG-20180612-WA0124.jpg\",\"contentUrl\":\"https:\\\/\\\/www.eldiariodetucuman.com\\\/web\\\/wp-content\\\/uploads\\\/2018\\\/06\\\/IMG-20180612-WA0124.jpg\",\"width\":1280,\"height\":679},{\"@type\":\"BreadcrumbList\",\"@id\":\"https:\\\/\\\/www.eldiariodetucuman.com\\\/web\\\/tucuman-regino-amado-impulsa-desde-el-interior-manzur-jaldo-2019\\\/#breadcrumb\",\"itemListElement\":[{\"@type\":\"ListItem\",\"position\":1,\"name\":\"Portada\",\"item\":\"https:\\\/\\\/www.eldiariodetucuman.com\\\/web\\\/\"},{\"@type\":\"ListItem\",\"position\":2,\"name\":\"Tucum\u00e1n | Regino Amado impulsa desde el interior Manzur-Jaldo 2019\"}]},{\"@type\":\"WebSite\",\"@id\":\"https:\\\/\\\/www.eldiariodetucuman.com\\\/web\\\/#website\",\"url\":\"https:\\\/\\\/www.eldiariodetucuman.com\\\/web\\\/\",\"name\":\"El Diario de Tucuman\",\"description\":\"Diario Tucuman - Informaci\u00f3n y noticias\",\"publisher\":{\"@id\":\"https:\\\/\\\/www.eldiariodetucuman.com\\\/web\\\/#organization\"},\"potentialAction\":[{\"@type\":\"SearchAction\",\"target\":{\"@type\":\"EntryPoint\",\"urlTemplate\":\"https:\\\/\\\/www.eldiariodetucuman.com\\\/web\\\/?s={search_term_string}\"},\"query-input\":{\"@type\":\"PropertyValueSpecification\",\"valueRequired\":true,\"valueName\":\"search_term_string\"}}],\"inLanguage\":\"es\"},{\"@type\":\"Organization\",\"@id\":\"https:\\\/\\\/www.eldiariodetucuman.com\\\/web\\\/#organization\",\"name\":\"El Diario de Tucuman\",\"url\":\"https:\\\/\\\/www.eldiariodetucuman.com\\\/web\\\/\",\"logo\":{\"@type\":\"ImageObject\",\"inLanguage\":\"es\",\"@id\":\"https:\\\/\\\/www.eldiariodetucuman.com\\\/web\\\/#\\\/schema\\\/logo\\\/image\\\/\",\"url\":\"http:\\\/\\\/www.eldiariodetucuman.com\\\/web\\\/wp-content\\\/uploads\\\/2017\\\/12\\\/el-diario-de-tucuman.jpg\",\"contentUrl\":\"http:\\\/\\\/www.eldiariodetucuman.com\\\/web\\\/wp-content\\\/uploads\\\/2017\\\/12\\\/el-diario-de-tucuman.jpg\",\"width\":272,\"height\":92,\"caption\":\"El Diario de Tucuman\"},\"image\":{\"@id\":\"https:\\\/\\\/www.eldiariodetucuman.com\\\/web\\\/#\\\/schema\\\/logo\\\/image\\\/\"}},{\"@type\":\"Person\",\"@id\":\"https:\\\/\\\/www.eldiariodetucuman.com\\\/web\\\/#\\\/schema\\\/person\\\/3adbe300ecd6242af93c97dab1dc3ba1\",\"name\":\"El diario de Tucuman\",\"image\":{\"@type\":\"ImageObject\",\"inLanguage\":\"es\",\"@id\":\"https:\\\/\\\/secure.gravatar.com\\\/avatar\\\/b7214de193b24d0bd708ac5516aa13d0f20c6560795bfbee06857d5c8ac2f0b2?s=96&d=mm&r=g\",\"url\":\"https:\\\/\\\/secure.gravatar.com\\\/avatar\\\/b7214de193b24d0bd708ac5516aa13d0f20c6560795bfbee06857d5c8ac2f0b2?s=96&d=mm&r=g\",\"contentUrl\":\"https:\\\/\\\/secure.gravatar.com\\\/avatar\\\/b7214de193b24d0bd708ac5516aa13d0f20c6560795bfbee06857d5c8ac2f0b2?s=96&d=mm&r=g\",\"caption\":\"El diario de Tucuman\"},\"url\":\"https:\\\/\\\/www.eldiariodetucuman.com\\\/web\\\/author\\\/mgiobellina\\\/\"}]}<\/script>\n<!-- \/ Yoast SEO plugin. -->","yoast_head_json":{"title":"Tucum\u00e1n | Regino Amado impulsa desde el interior Manzur-Jaldo 2019 - El Diario de Tucuman","robots":{"index":"index","follow":"follow","max-snippet":"max-snippet:-1","max-image-preview":"max-image-preview:large","max-video-preview":"max-video-preview:-1"},"canonical":"https:\/\/www.eldiariodetucuman.com\/web\/tucuman-regino-amado-impulsa-desde-el-interior-manzur-jaldo-2019\/","og_locale":"es_ES","og_type":"article","og_title":"Tucum\u00e1n | Regino Amado impulsa desde el interior Manzur-Jaldo 2019 - El Diario de Tucuman","og_description":"El Ministro de Gobierno Regino Amado, uno de los referentes del peronismo en la provincia, toma parte de lo que est\u00e1 pasando en la provincia en vista a las pr\u00f3ximas elecciones donde promulga la continuidad de la f\u00f3rmula Manzur-Jaldo.","og_url":"https:\/\/www.eldiariodetucuman.com\/web\/tucuman-regino-amado-impulsa-desde-el-interior-manzur-jaldo-2019\/","og_site_name":"El Diario de Tucuman","article_published_time":"2018-06-13T22:43:18+00:00","og_image":[{"width":1280,"height":679,"url":"https:\/\/www.eldiariodetucuman.com\/web\/wp-content\/uploads\/2018\/06\/IMG-20180612-WA0124.jpg","type":"image\/jpeg"}],"author":"El diario de Tucuman","twitter_card":"summary_large_image","twitter_misc":{"Escrito por":"El diario de Tucuman","Tiempo de lectura":"1 minuto"},"schema":{"@context":"https:\/\/schema.org","@graph":[{"@type":"Article","@id":"https:\/\/www.eldiariodetucuman.com\/web\/tucuman-regino-amado-impulsa-desde-el-interior-manzur-jaldo-2019\/#article","isPartOf":{"@id":"https:\/\/www.eldiariodetucuman.com\/web\/tucuman-regino-amado-impulsa-desde-el-interior-manzur-jaldo-2019\/"},"author":{"name":"El diario de Tucuman","@id":"https:\/\/www.eldiariodetucuman.com\/web\/#\/schema\/person\/3adbe300ecd6242af93c97dab1dc3ba1"},"headline":"Tucum\u00e1n | Regino Amado impulsa desde el interior Manzur-Jaldo 2019","datePublished":"2018-06-13T22:43:18+00:00","mainEntityOfPage":{"@id":"https:\/\/www.eldiariodetucuman.com\/web\/tucuman-regino-amado-impulsa-desde-el-interior-manzur-jaldo-2019\/"},"wordCount":252,"publisher":{"@id":"https:\/\/www.eldiariodetucuman.com\/web\/#organization"},"image":{"@id":"https:\/\/www.eldiariodetucuman.com\/web\/tucuman-regino-amado-impulsa-desde-el-interior-manzur-jaldo-2019\/#primaryimage"},"thumbnailUrl":"https:\/\/www.eldiariodetucuman.com\/web\/wp-content\/uploads\/2018\/06\/IMG-20180612-WA0124.jpg","keywords":["2019","juan manzur","Manzur-Jaldo","Monteros","Osvaldo Jaldo","Regino Amado","Tucuman"],"articleSection":["Politica"],"inLanguage":"es"},{"@type":"WebPage","@id":"https:\/\/www.eldiariodetucuman.com\/web\/tucuman-regino-amado-impulsa-desde-el-interior-manzur-jaldo-2019\/","url":"https:\/\/www.eldiariodetucuman.com\/web\/tucuman-regino-amado-impulsa-desde-el-interior-manzur-jaldo-2019\/","name":"Tucum\u00e1n | Regino Amado impulsa desde el interior Manzur-Jaldo 2019 - El Diario de Tucuman","isPartOf":{"@id":"https:\/\/www.eldiariodetucuman.com\/web\/#website"},"primaryImageOfPage":{"@id":"https:\/\/www.eldiariodetucuman.com\/web\/tucuman-regino-amado-impulsa-desde-el-interior-manzur-jaldo-2019\/#primaryimage"},"image":{"@id":"https:\/\/www.eldiariodetucuman.com\/web\/tucuman-regino-amado-impulsa-desde-el-interior-manzur-jaldo-2019\/#primaryimage"},"thumbnailUrl":"https:\/\/www.eldiariodetucuman.com\/web\/wp-content\/uploads\/2018\/06\/IMG-20180612-WA0124.jpg","datePublished":"2018-06-13T22:43:18+00:00","breadcrumb":{"@id":"https:\/\/www.eldiariodetucuman.com\/web\/tucuman-regino-amado-impulsa-desde-el-interior-manzur-jaldo-2019\/#breadcrumb"},"inLanguage":"es","potentialAction":[{"@type":"ReadAction","target":["https:\/\/www.eldiariodetucuman.com\/web\/tucuman-regino-amado-impulsa-desde-el-interior-manzur-jaldo-2019\/"]}]},{"@type":"ImageObject","inLanguage":"es","@id":"https:\/\/www.eldiariodetucuman.com\/web\/tucuman-regino-amado-impulsa-desde-el-interior-manzur-jaldo-2019\/#primaryimage","url":"https:\/\/www.eldiariodetucuman.com\/web\/wp-content\/uploads\/2018\/06\/IMG-20180612-WA0124.jpg","contentUrl":"https:\/\/www.eldiariodetucuman.com\/web\/wp-content\/uploads\/2018\/06\/IMG-20180612-WA0124.jpg","width":1280,"height":679},{"@type":"BreadcrumbList","@id":"https:\/\/www.eldiariodetucuman.com\/web\/tucuman-regino-amado-impulsa-desde-el-interior-manzur-jaldo-2019\/#breadcrumb","itemListElement":[{"@type":"ListItem","position":1,"name":"Portada","item":"https:\/\/www.eldiariodetucuman.com\/web\/"},{"@type":"ListItem","position":2,"name":"Tucum\u00e1n | Regino Amado impulsa desde el interior Manzur-Jaldo 2019"}]},{"@type":"WebSite","@id":"https:\/\/www.eldiariodetucuman.com\/web\/#website","url":"https:\/\/www.eldiariodetucuman.com\/web\/","name":"El Diario de Tucuman","description":"Diario Tucuman - Informaci\u00f3n y noticias","publisher":{"@id":"https:\/\/www.eldiariodetucuman.com\/web\/#organization"},"potentialAction":[{"@type":"SearchAction","target":{"@type":"EntryPoint","urlTemplate":"https:\/\/www.eldiariodetucuman.com\/web\/?s={search_term_string}"},"query-input":{"@type":"PropertyValueSpecification","valueRequired":true,"valueName":"search_term_string"}}],"inLanguage":"es"},{"@type":"Organization","@id":"https:\/\/www.eldiariodetucuman.com\/web\/#organization","name":"El Diario de Tucuman","url":"https:\/\/www.eldiariodetucuman.com\/web\/","logo":{"@type":"ImageObject","inLanguage":"es","@id":"https:\/\/www.eldiariodetucuman.com\/web\/#\/schema\/logo\/image\/","url":"http:\/\/www.eldiariodetucuman.com\/web\/wp-content\/uploads\/2017\/12\/el-diario-de-tucuman.jpg","contentUrl":"http:\/\/www.eldiariodetucuman.com\/web\/wp-content\/uploads\/2017\/12\/el-diario-de-tucuman.jpg","width":272,"height":92,"caption":"El Diario de Tucuman"},"image":{"@id":"https:\/\/www.eldiariodetucuman.com\/web\/#\/schema\/logo\/image\/"}},{"@type":"Person","@id":"https:\/\/www.eldiariodetucuman.com\/web\/#\/schema\/person\/3adbe300ecd6242af93c97dab1dc3ba1","name":"El diario de Tucuman","image":{"@type":"ImageObject","inLanguage":"es","@id":"https:\/\/secure.gravatar.com\/avatar\/b7214de193b24d0bd708ac5516aa13d0f20c6560795bfbee06857d5c8ac2f0b2?s=96&d=mm&r=g","url":"https:\/\/secure.gravatar.com\/avatar\/b7214de193b24d0bd708ac5516aa13d0f20c6560795bfbee06857d5c8ac2f0b2?s=96&d=mm&r=g","contentUrl":"https:\/\/secure.gravatar.com\/avatar\/b7214de193b24d0bd708ac5516aa13d0f20c6560795bfbee06857d5c8ac2f0b2?s=96&d=mm&r=g","caption":"El diario de Tucuman"},"url":"https:\/\/www.eldiariodetucuman.com\/web\/author\/mgiobellina\/"}]}},"_links":{"self":[{"href":"https:\/\/www.eldiariodetucuman.com\/web\/wp-json\/wp\/v2\/posts\/12344","targetHints":{"allow":["GET"]}}],"collection":[{"href":"https:\/\/www.eldiariodetucuman.com\/web\/wp-json\/wp\/v2\/posts"}],"about":[{"href":"https:\/\/www.eldiariodetucuman.com\/web\/wp-json\/wp\/v2\/types\/post"}],"author":[{"embeddable":true,"href":"https:\/\/www.eldiariodetucuman.com\/web\/wp-json\/wp\/v2\/users\/3"}],"replies":[{"embeddable":true,"href":"https:\/\/www.eldiariodetucuman.com\/web\/wp-json\/wp\/v2\/comments?post=12344"}],"version-history":[{"count":1,"href":"https:\/\/www.eldiariodetucuman.com\/web\/wp-json\/wp\/v2\/posts\/12344\/revisions"}],"predecessor-version":[{"id":12346,"href":"https:\/\/www.eldiariodetucuman.com\/web\/wp-json\/wp\/v2\/posts\/12344\/revisions\/12346"}],"wp:featuredmedia":[{"embeddable":true,"href":"https:\/\/www.eldiariodetucuman.com\/web\/wp-json\/wp\/v2\/media\/12345"}],"wp:attachment":[{"href":"https:\/\/www.eldiariodetucuman.com\/web\/wp-json\/wp\/v2\/media?parent=12344"}],"wp:term":[{"taxonomy":"category","embeddable":true,"href":"https:\/\/www.eldiariodetucuman.com\/web\/wp-json\/wp\/v2\/categories?post=12344"},{"taxonomy":"post_tag","embeddable":true,"href":"https:\/\/www.eldiariodetucuman.com\/web\/wp-json\/wp\/v2\/tags?post=12344"}],"curies":[{"name":"wp","href":"https:\/\/api.w.org\/{rel}","templated":true}]}}